{"id":201870,"date":"2023-01-14T13:21:00","date_gmt":"2023-01-14T13:21:00","guid":{"rendered":"https:\/\/www.webdo.tn\/fr\/actualite\/blog\/les-partisans-du-front-de-salut-bravent-l-interdiction\/201870\/"},"modified":"2025-05-22T11:38:10","modified_gmt":"2025-05-22T11:38:10","slug":"les-partisans-du-front-de-salut-bravent-l-interdiction","status":"publish","type":"post","link":"https:\/\/www.webdo.tn\/fr\/actualite\/national\/les-partisans-du-front-de-salut-bravent-l-interdiction\/201870\/","title":{"rendered":"Les partisans du Front de salut bravent l&rsquo;interdiction !"},"content":{"rendered":"<p>Interdits de se rendre \u00e0 l&rsquo;avenue Habib Bourguiba pour y manifester, les partisans du Front de Salut national ont d\u00e9cid\u00e9 de braver cette interdiction du gouverneur de Tunis et de se diriger vers l&rsquo;avenue Habib Bourguiba.<\/p>\n<p> La marche du Front de salut national a \u00e9t\u00e9 lanc\u00e9e de l&rsquo;avenue de la R\u00e9publique \u00e0 Tunis vers l&rsquo;avenue Habib Bourguiba, avec la participation d&rsquo;un nombre important de ses partisans, men\u00e9s par son pr\u00e9sident, Ahmed Nejib Chebbi.<\/p>\n<p>Dans ce cadre, le minist\u00e8re de l&rsquo;Int\u00e9rieur a indiqu\u00e9, dans un communiqu\u00e9 publi\u00e9 hier, que les autorit\u00e9s r\u00e9gionales ont approuv\u00e9 un certain nombre de demandes d&rsquo;autorisation pour la tenue de manifestations pacifiques et que ces autorisations ont \u00e9t\u00e9 accord\u00e9es selon l\u2019ordre de d\u00e9p\u00f4t des demandes et sur la base d\u2019un horaire et d\u2019un itin\u00e9raire pr\u00e9cis.<\/p>\n<p>Le gouverneur de Tunis, Kamel Fekih, a ainsi rejet\u00e9 la demande du Front de salut national d&rsquo;organiser une marche et un rassemblement \u00e0 Tunis, devant le Th\u00e9\u00e2tre municipal. Il a justifi\u00e9 cette d\u00e9cision par le fait d&rsquo;avoir d\u00e9j\u00e0 accord\u00e9 une autorisation \u00e0 cinq partis politiques (Al Qotb, le Parti des Travailleurs, Al Joumhouri, Ettakatol et le Courant d\u00e9mocrate) et \u00e0 l&rsquo;Instance nationale pour la d\u00e9fense des libert\u00e9s et de la d\u00e9mocratie, de tenir une manifestation le m\u00eame jour et au m\u00eame endroit.<\/p>\n<p>Depuis ce matin du samedi 14 janvier 2023, la capitale conna\u00eet une intense activit\u00e9 du fait des nombreuses manifestations programm\u00e9es au milieu d&rsquo;un dispositif s\u00e9curitaire imposant.<\/p>\n","protected":false},"excerpt":{"rendered":"<p>Interdits de se rendre \u00e0 l&rsquo;avenue Habib Bourguiba pour y manifester, les partisans du Front de Salut national ont d\u00e9cid\u00e9 de braver cette interdiction du gouvern&#8230;<\/p>\n","protected":false},"author":3162,"featured_media":348283,"comment_status":"open","ping_status":"closed","sticky":false,"template":"","format":"standard","meta":{"footnotes":""},"categories":[44],"tags":[5999,2817,2640],"class_list":["post-201870","post","type-post","status-publish","format-standard","has-post-thumbnail","hentry","category-national","tag-front-de-salut","tag-manifestation","tag-tunis"],"yoast_head":"<!-- This site is optimized with the Yoast SEO Premium plugin v27.5 (Yoast SEO v27.5) - https:\/\/yoast.com\/product\/yoast-seo-premium-wordpress\/ -->\n<title>Les partisans du Front de salut bravent l&#039;interdiction !<\/title>\n<meta name=\"description\" content=\"Interdits de se rendre \u00e0 l&#039;avenue Habib Bourguiba pour y manifester, les partisans du Front de Salut national ont d\u00e9cid\u00e9 de braver cette interdiction du gouvern...\" \/>\n<link rel=\"canonical\" href=\"https:\/\/www.webdo.tn\/fr\/actualite\/national-45\/les-partisans-du-front-de-salut-bravent-l-interdiction\/201870\/\" \/>\n<meta property=\"og:locale\" content=\"fr_FR\" \/>\n<meta property=\"og:type\" content=\"article\" \/>\n<meta property=\"og:title\" content=\"Les partisans du Front de salut bravent l&#039;interdiction !\" \/>\n<meta property=\"og:description\" content=\"Interdits de se rendre \u00e0 l&#039;avenue Habib Bourguiba pour y manifester, les partisans du Front de Salut national ont d\u00e9cid\u00e9 de braver cette interdiction du gouvern...\" \/>\n<meta property=\"og:url\" content=\"https:\/\/www.webdo.tn\/fr\/actualite\/national-45\/les-partisans-du-front-de-salut-bravent-l-interdiction\/201870\/\" \/>\n<meta property=\"og:site_name\" content=\"webdo\" \/>\n<meta property=\"article:publisher\" content=\"https:\/\/www.facebook.com\/webdotn\" \/>\n<meta property=\"article:published_time\" content=\"2023-01-14T13:21:00+00:00\" \/>\n<meta property=\"article:modified_time\" content=\"2025-05-22T11:38:10+00:00\" \/>\n<meta property=\"og:image\" content=\"https:\/\/www.webdo.tn\/fr\/wp-content\/uploads\/2023\/01\/abd32a8b307c59b7fb151b022ede238c.jpg\" \/>\n\t<meta property=\"og:image:width\" content=\"615\" \/>\n\t<meta property=\"og:image:height\" content=\"328\" \/>\n\t<meta property=\"og:image:type\" content=\"image\/jpeg\" \/>\n<meta name=\"author\" content=\"MC\" \/>\n<meta name=\"twitter:card\" content=\"summary_large_image\" \/>\n<meta name=\"twitter:creator\" content=\"@webdo_tn\" \/>\n<meta name=\"twitter:site\" content=\"@webdo_tn\" \/>\n<meta name=\"twitter:label1\" content=\"\u00c9crit par\" \/>\n\t<meta name=\"twitter:data1\" content=\"MC\" \/>\n\t<meta name=\"twitter:label2\" content=\"Dur\u00e9e de lecture estim\u00e9e\" \/>\n\t<meta name=\"twitter:data2\" content=\"1 minute\" \/>\n<script type=\"application\/ld+json\" class=\"yoast-schema-graph\">{\"@context\":\"https:\\\/\\\/schema.org\",\"@graph\":[{\"@type\":\"NewsArticle\",\"@id\":\"https:\\\/\\\/www.webdo.tn\\\/fr\\\/actualite\\\/national-45\\\/les-partisans-du-front-de-salut-bravent-l-interdiction\\\/201870\\\/#article\",\"isPartOf\":{\"@id\":\"https:\\\/\\\/www.webdo.tn\\\/fr\\\/actualite\\\/national-45\\\/les-partisans-du-front-de-salut-bravent-l-interdiction\\\/201870\\\/\"},\"author\":{\"name\":\"MC\",\"@id\":\"https:\\\/\\\/www.webdo.tn\\\/fr\\\/#\\\/schema\\\/person\\\/2c4929cbf5a809e3bd38617c6ce150f6\"},\"headline\":\"Les partisans du Front de salut bravent l&rsquo;interdiction !\",\"datePublished\":\"2023-01-14T13:21:00+00:00\",\"dateModified\":\"2025-05-22T11:38:10+00:00\",\"mainEntityOfPage\":{\"@id\":\"https:\\\/\\\/www.webdo.tn\\\/fr\\\/actualite\\\/national-45\\\/les-partisans-du-front-de-salut-bravent-l-interdiction\\\/201870\\\/\"},\"wordCount\":278,\"commentCount\":0,\"publisher\":{\"@id\":\"https:\\\/\\\/www.webdo.tn\\\/fr\\\/#organization\"},\"image\":{\"@id\":\"https:\\\/\\\/www.webdo.tn\\\/fr\\\/actualite\\\/national-45\\\/les-partisans-du-front-de-salut-bravent-l-interdiction\\\/201870\\\/#primaryimage\"},\"thumbnailUrl\":\"https:\\\/\\\/www.webdo.tn\\\/fr\\\/wp-content\\\/uploads\\\/2023\\\/01\\\/abd32a8b307c59b7fb151b022ede238c.jpg\",\"keywords\":[\"Front de salut\",\"Manifestation\",\"Tunis\"],\"articleSection\":[\"National\"],\"inLanguage\":\"fr-FR\"},{\"@type\":\"WebPage\",\"@id\":\"https:\\\/\\\/www.webdo.tn\\\/fr\\\/actualite\\\/national-45\\\/les-partisans-du-front-de-salut-bravent-l-interdiction\\\/201870\\\/\",\"url\":\"https:\\\/\\\/www.webdo.tn\\\/fr\\\/actualite\\\/national-45\\\/les-partisans-du-front-de-salut-bravent-l-interdiction\\\/201870\\\/\",\"name\":\"Les partisans du Front de salut bravent l'interdiction !\",\"isPartOf\":{\"@id\":\"https:\\\/\\\/www.webdo.tn\\\/fr\\\/#website\"},\"primaryImageOfPage\":{\"@id\":\"https:\\\/\\\/www.webdo.tn\\\/fr\\\/actualite\\\/national-45\\\/les-partisans-du-front-de-salut-bravent-l-interdiction\\\/201870\\\/#primaryimage\"},\"image\":{\"@id\":\"https:\\\/\\\/www.webdo.tn\\\/fr\\\/actualite\\\/national-45\\\/les-partisans-du-front-de-salut-bravent-l-interdiction\\\/201870\\\/#primaryimage\"},\"thumbnailUrl\":\"https:\\\/\\\/www.webdo.tn\\\/fr\\\/wp-content\\\/uploads\\\/2023\\\/01\\\/abd32a8b307c59b7fb151b022ede238c.jpg\",\"datePublished\":\"2023-01-14T13:21:00+00:00\",\"dateModified\":\"2025-05-22T11:38:10+00:00\",\"description\":\"Interdits de se rendre \u00e0 l'avenue Habib Bourguiba pour y manifester, les partisans du Front de Salut national ont d\u00e9cid\u00e9 de braver cette interdiction du gouvern...\",\"breadcrumb\":{\"@id\":\"https:\\\/\\\/www.webdo.tn\\\/fr\\\/actualite\\\/national-45\\\/les-partisans-du-front-de-salut-bravent-l-interdiction\\\/201870\\\/#breadcrumb\"},\"inLanguage\":\"fr-FR\",\"potentialAction\":[{\"@type\":\"ReadAction\",\"target\":[\"https:\\\/\\\/www.webdo.tn\\\/fr\\\/actualite\\\/national-45\\\/les-partisans-du-front-de-salut-bravent-l-interdiction\\\/201870\\\/\"]}]},{\"@type\":\"ImageObject\",\"inLanguage\":\"fr-FR\",\"@id\":\"https:\\\/\\\/www.webdo.tn\\\/fr\\\/actualite\\\/national-45\\\/les-partisans-du-front-de-salut-bravent-l-interdiction\\\/201870\\\/#primaryimage\",\"url\":\"https:\\\/\\\/www.webdo.tn\\\/fr\\\/wp-content\\\/uploads\\\/2023\\\/01\\\/abd32a8b307c59b7fb151b022ede238c.jpg\",\"contentUrl\":\"https:\\\/\\\/www.webdo.tn\\\/fr\\\/wp-content\\\/uploads\\\/2023\\\/01\\\/abd32a8b307c59b7fb151b022ede238c.jpg\",\"width\":615,\"height\":328,\"caption\":\"Les partisans du Front de salut bravent l'interdiction !\"},{\"@type\":\"BreadcrumbList\",\"@id\":\"https:\\\/\\\/www.webdo.tn\\\/fr\\\/actualite\\\/national-45\\\/les-partisans-du-front-de-salut-bravent-l-interdiction\\\/201870\\\/#breadcrumb\",\"itemListElement\":[{\"@type\":\"ListItem\",\"position\":1,\"name\":\"Accueil\",\"item\":\"https:\\\/\\\/www.webdo.tn\\\/fr\\\/\"},{\"@type\":\"ListItem\",\"position\":2,\"name\":\"Les partisans du Front de salut bravent l&rsquo;interdiction !\"}]},{\"@type\":\"WebSite\",\"@id\":\"https:\\\/\\\/www.webdo.tn\\\/fr\\\/#website\",\"url\":\"https:\\\/\\\/www.webdo.tn\\\/fr\\\/\",\"name\":\"webdo\",\"description\":\"Tunisie - News en Tunisie et \u00e0 l&#039;international sur Webdo.tn\",\"publisher\":{\"@id\":\"https:\\\/\\\/www.webdo.tn\\\/fr\\\/#organization\"},\"potentialAction\":[{\"@type\":\"SearchAction\",\"target\":{\"@type\":\"EntryPoint\",\"urlTemplate\":\"https:\\\/\\\/www.webdo.tn\\\/fr\\\/?s={search_term_string}\"},\"query-input\":{\"@type\":\"PropertyValueSpecification\",\"valueRequired\":true,\"valueName\":\"search_term_string\"}}],\"inLanguage\":\"fr-FR\"},{\"@type\":\"Organization\",\"@id\":\"https:\\\/\\\/www.webdo.tn\\\/fr\\\/#organization\",\"name\":\"Webdo\",\"alternateName\":\"Webdo.tn\",\"url\":\"https:\\\/\\\/www.webdo.tn\\\/fr\\\/\",\"logo\":{\"@type\":\"ImageObject\",\"inLanguage\":\"fr-FR\",\"@id\":\"https:\\\/\\\/www.webdo.tn\\\/fr\\\/#\\\/schema\\\/logo\\\/image\\\/\",\"url\":\"https:\\\/\\\/www.webdo.tn\\\/fr\\\/wp-content\\\/uploads\\\/2025\\\/06\\\/Webdo-Tunisie_168377.jpg\",\"contentUrl\":\"https:\\\/\\\/www.webdo.tn\\\/fr\\\/wp-content\\\/uploads\\\/2025\\\/06\\\/Webdo-Tunisie_168377.jpg\",\"width\":301,\"height\":301,\"caption\":\"Webdo\"},\"image\":{\"@id\":\"https:\\\/\\\/www.webdo.tn\\\/fr\\\/#\\\/schema\\\/logo\\\/image\\\/\"},\"sameAs\":[\"https:\\\/\\\/www.facebook.com\\\/webdotn\",\"https:\\\/\\\/x.com\\\/webdo_tn\"],\"description\":\"Webdo est un m\u00e9dia num\u00e9rique tunisien fond\u00e9 en 2010, sp\u00e9cialis\u00e9 dans l\u2019actualit\u00e9 nationale et internationale, l\u2019\u00e9conomie, la soci\u00e9t\u00e9 et les analyses politiques. Le site s\u2019adresse \u00e0 un large public francophone et couvre l\u2019information tunisienne en temps r\u00e9el.\",\"email\":\"redac@webdo.tn\",\"legalName\":\"YNJ SARL\",\"foundingDate\":\"2010-09-06\",\"numberOfEmployees\":{\"@type\":\"QuantitativeValue\",\"minValue\":\"11\",\"maxValue\":\"50\"}},{\"@type\":\"Person\",\"@id\":\"https:\\\/\\\/www.webdo.tn\\\/fr\\\/#\\\/schema\\\/person\\\/2c4929cbf5a809e3bd38617c6ce150f6\",\"name\":\"MC\",\"image\":{\"@type\":\"ImageObject\",\"inLanguage\":\"fr-FR\",\"@id\":\"https:\\\/\\\/secure.gravatar.com\\\/avatar\\\/a545bbb6f84efdd5553dbbc2895e3ca8f1d12c5215e00a041c9670b54aa9b18a?s=96&d=mm&r=g\",\"url\":\"https:\\\/\\\/secure.gravatar.com\\\/avatar\\\/a545bbb6f84efdd5553dbbc2895e3ca8f1d12c5215e00a041c9670b54aa9b18a?s=96&d=mm&r=g\",\"contentUrl\":\"https:\\\/\\\/secure.gravatar.com\\\/avatar\\\/a545bbb6f84efdd5553dbbc2895e3ca8f1d12c5215e00a041c9670b54aa9b18a?s=96&d=mm&r=g\",\"caption\":\"MC\"},\"url\":\"https:\\\/\\\/www.webdo.tn\\\/fr\\\/actualite\\\/author\\\/mc\\\/\"}]}<\/script>\n<!-- \/ Yoast SEO Premium plugin. -->","yoast_head_json":{"title":"Les partisans du Front de salut bravent l'interdiction !","description":"Interdits de se rendre \u00e0 l'avenue Habib Bourguiba pour y manifester, les partisans du Front de Salut national ont d\u00e9cid\u00e9 de braver cette interdiction du gouvern...","canonical":"https:\/\/www.webdo.tn\/fr\/actualite\/national-45\/les-partisans-du-front-de-salut-bravent-l-interdiction\/201870\/","og_locale":"fr_FR","og_type":"article","og_title":"Les partisans du Front de salut bravent l'interdiction !","og_description":"Interdits de se rendre \u00e0 l'avenue Habib Bourguiba pour y manifester, les partisans du Front de Salut national ont d\u00e9cid\u00e9 de braver cette interdiction du gouvern...","og_url":"https:\/\/www.webdo.tn\/fr\/actualite\/national-45\/les-partisans-du-front-de-salut-bravent-l-interdiction\/201870\/","og_site_name":"webdo","article_publisher":"https:\/\/www.facebook.com\/webdotn","article_published_time":"2023-01-14T13:21:00+00:00","article_modified_time":"2025-05-22T11:38:10+00:00","og_image":[{"width":615,"height":328,"url":"https:\/\/www.webdo.tn\/fr\/wp-content\/uploads\/2023\/01\/abd32a8b307c59b7fb151b022ede238c.jpg","type":"image\/jpeg"}],"author":"MC","twitter_card":"summary_large_image","twitter_creator":"@webdo_tn","twitter_site":"@webdo_tn","twitter_misc":{"\u00c9crit par":"MC","Dur\u00e9e de lecture estim\u00e9e":"1 minute"},"schema":{"@context":"https:\/\/schema.org","@graph":[{"@type":"NewsArticle","@id":"https:\/\/www.webdo.tn\/fr\/actualite\/national-45\/les-partisans-du-front-de-salut-bravent-l-interdiction\/201870\/#article","isPartOf":{"@id":"https:\/\/www.webdo.tn\/fr\/actualite\/national-45\/les-partisans-du-front-de-salut-bravent-l-interdiction\/201870\/"},"author":{"name":"MC","@id":"https:\/\/www.webdo.tn\/fr\/#\/schema\/person\/2c4929cbf5a809e3bd38617c6ce150f6"},"headline":"Les partisans du Front de salut bravent l&rsquo;interdiction !","datePublished":"2023-01-14T13:21:00+00:00","dateModified":"2025-05-22T11:38:10+00:00","mainEntityOfPage":{"@id":"https:\/\/www.webdo.tn\/fr\/actualite\/national-45\/les-partisans-du-front-de-salut-bravent-l-interdiction\/201870\/"},"wordCount":278,"commentCount":0,"publisher":{"@id":"https:\/\/www.webdo.tn\/fr\/#organization"},"image":{"@id":"https:\/\/www.webdo.tn\/fr\/actualite\/national-45\/les-partisans-du-front-de-salut-bravent-l-interdiction\/201870\/#primaryimage"},"thumbnailUrl":"https:\/\/www.webdo.tn\/fr\/wp-content\/uploads\/2023\/01\/abd32a8b307c59b7fb151b022ede238c.jpg","keywords":["Front de salut","Manifestation","Tunis"],"articleSection":["National"],"inLanguage":"fr-FR"},{"@type":"WebPage","@id":"https:\/\/www.webdo.tn\/fr\/actualite\/national-45\/les-partisans-du-front-de-salut-bravent-l-interdiction\/201870\/","url":"https:\/\/www.webdo.tn\/fr\/actualite\/national-45\/les-partisans-du-front-de-salut-bravent-l-interdiction\/201870\/","name":"Les partisans du Front de salut bravent l'interdiction !","isPartOf":{"@id":"https:\/\/www.webdo.tn\/fr\/#website"},"primaryImageOfPage":{"@id":"https:\/\/www.webdo.tn\/fr\/actualite\/national-45\/les-partisans-du-front-de-salut-bravent-l-interdiction\/201870\/#primaryimage"},"image":{"@id":"https:\/\/www.webdo.tn\/fr\/actualite\/national-45\/les-partisans-du-front-de-salut-bravent-l-interdiction\/201870\/#primaryimage"},"thumbnailUrl":"https:\/\/www.webdo.tn\/fr\/wp-content\/uploads\/2023\/01\/abd32a8b307c59b7fb151b022ede238c.jpg","datePublished":"2023-01-14T13:21:00+00:00","dateModified":"2025-05-22T11:38:10+00:00","description":"Interdits de se rendre \u00e0 l'avenue Habib Bourguiba pour y manifester, les partisans du Front de Salut national ont d\u00e9cid\u00e9 de braver cette interdiction du gouvern...","breadcrumb":{"@id":"https:\/\/www.webdo.tn\/fr\/actualite\/national-45\/les-partisans-du-front-de-salut-bravent-l-interdiction\/201870\/#breadcrumb"},"inLanguage":"fr-FR","potentialAction":[{"@type":"ReadAction","target":["https:\/\/www.webdo.tn\/fr\/actualite\/national-45\/les-partisans-du-front-de-salut-bravent-l-interdiction\/201870\/"]}]},{"@type":"ImageObject","inLanguage":"fr-FR","@id":"https:\/\/www.webdo.tn\/fr\/actualite\/national-45\/les-partisans-du-front-de-salut-bravent-l-interdiction\/201870\/#primaryimage","url":"https:\/\/www.webdo.tn\/fr\/wp-content\/uploads\/2023\/01\/abd32a8b307c59b7fb151b022ede238c.jpg","contentUrl":"https:\/\/www.webdo.tn\/fr\/wp-content\/uploads\/2023\/01\/abd32a8b307c59b7fb151b022ede238c.jpg","width":615,"height":328,"caption":"Les partisans du Front de salut bravent l'interdiction !"},{"@type":"BreadcrumbList","@id":"https:\/\/www.webdo.tn\/fr\/actualite\/national-45\/les-partisans-du-front-de-salut-bravent-l-interdiction\/201870\/#breadcrumb","itemListElement":[{"@type":"ListItem","position":1,"name":"Accueil","item":"https:\/\/www.webdo.tn\/fr\/"},{"@type":"ListItem","position":2,"name":"Les partisans du Front de salut bravent l&rsquo;interdiction !"}]},{"@type":"WebSite","@id":"https:\/\/www.webdo.tn\/fr\/#website","url":"https:\/\/www.webdo.tn\/fr\/","name":"webdo","description":"Tunisie - News en Tunisie et \u00e0 l&#039;international sur Webdo.tn","publisher":{"@id":"https:\/\/www.webdo.tn\/fr\/#organization"},"potentialAction":[{"@type":"SearchAction","target":{"@type":"EntryPoint","urlTemplate":"https:\/\/www.webdo.tn\/fr\/?s={search_term_string}"},"query-input":{"@type":"PropertyValueSpecification","valueRequired":true,"valueName":"search_term_string"}}],"inLanguage":"fr-FR"},{"@type":"Organization","@id":"https:\/\/www.webdo.tn\/fr\/#organization","name":"Webdo","alternateName":"Webdo.tn","url":"https:\/\/www.webdo.tn\/fr\/","logo":{"@type":"ImageObject","inLanguage":"fr-FR","@id":"https:\/\/www.webdo.tn\/fr\/#\/schema\/logo\/image\/","url":"https:\/\/www.webdo.tn\/fr\/wp-content\/uploads\/2025\/06\/Webdo-Tunisie_168377.jpg","contentUrl":"https:\/\/www.webdo.tn\/fr\/wp-content\/uploads\/2025\/06\/Webdo-Tunisie_168377.jpg","width":301,"height":301,"caption":"Webdo"},"image":{"@id":"https:\/\/www.webdo.tn\/fr\/#\/schema\/logo\/image\/"},"sameAs":["https:\/\/www.facebook.com\/webdotn","https:\/\/x.com\/webdo_tn"],"description":"Webdo est un m\u00e9dia num\u00e9rique tunisien fond\u00e9 en 2010, sp\u00e9cialis\u00e9 dans l\u2019actualit\u00e9 nationale et internationale, l\u2019\u00e9conomie, la soci\u00e9t\u00e9 et les analyses politiques. Le site s\u2019adresse \u00e0 un large public francophone et couvre l\u2019information tunisienne en temps r\u00e9el.","email":"redac@webdo.tn","legalName":"YNJ SARL","foundingDate":"2010-09-06","numberOfEmployees":{"@type":"QuantitativeValue","minValue":"11","maxValue":"50"}},{"@type":"Person","@id":"https:\/\/www.webdo.tn\/fr\/#\/schema\/person\/2c4929cbf5a809e3bd38617c6ce150f6","name":"MC","image":{"@type":"ImageObject","inLanguage":"fr-FR","@id":"https:\/\/secure.gravatar.com\/avatar\/a545bbb6f84efdd5553dbbc2895e3ca8f1d12c5215e00a041c9670b54aa9b18a?s=96&d=mm&r=g","url":"https:\/\/secure.gravatar.com\/avatar\/a545bbb6f84efdd5553dbbc2895e3ca8f1d12c5215e00a041c9670b54aa9b18a?s=96&d=mm&r=g","contentUrl":"https:\/\/secure.gravatar.com\/avatar\/a545bbb6f84efdd5553dbbc2895e3ca8f1d12c5215e00a041c9670b54aa9b18a?s=96&d=mm&r=g","caption":"MC"},"url":"https:\/\/www.webdo.tn\/fr\/actualite\/author\/mc\/"}]}},"_links":{"self":[{"href":"https:\/\/www.webdo.tn\/fr\/wp-json\/wp\/v2\/posts\/201870","targetHints":{"allow":["GET"]}}],"collection":[{"href":"https:\/\/www.webdo.tn\/fr\/wp-json\/wp\/v2\/posts"}],"about":[{"href":"https:\/\/www.webdo.tn\/fr\/wp-json\/wp\/v2\/types\/post"}],"author":[{"embeddable":true,"href":"https:\/\/www.webdo.tn\/fr\/wp-json\/wp\/v2\/users\/3162"}],"replies":[{"embeddable":true,"href":"https:\/\/www.webdo.tn\/fr\/wp-json\/wp\/v2\/comments?post=201870"}],"version-history":[{"count":0,"href":"https:\/\/www.webdo.tn\/fr\/wp-json\/wp\/v2\/posts\/201870\/revisions"}],"wp:featuredmedia":[{"embeddable":true,"href":"https:\/\/www.webdo.tn\/fr\/wp-json\/wp\/v2\/media\/348283"}],"wp:attachment":[{"href":"https:\/\/www.webdo.tn\/fr\/wp-json\/wp\/v2\/media?parent=201870"}],"wp:term":[{"taxonomy":"category","embeddable":true,"href":"https:\/\/www.webdo.tn\/fr\/wp-json\/wp\/v2\/categories?post=201870"},{"taxonomy":"post_tag","embeddable":true,"href":"https:\/\/www.webdo.tn\/fr\/wp-json\/wp\/v2\/tags?post=201870"}],"curies":[{"name":"wp","href":"https:\/\/api.w.org\/{rel}","templated":true}]}}