{"id":201868,"date":"2023-01-14T13:10:00","date_gmt":"2023-01-14T13:10:00","guid":{"rendered":"https:\/\/www.webdo.tn\/fr\/actualite\/blog\/la-societe-civile-en-sit-in-devant-le-siege-du-snjt\/201868\/"},"modified":"2025-05-22T11:38:09","modified_gmt":"2025-05-22T11:38:09","slug":"la-societe-civile-en-sit-in-devant-le-siege-du-snjt","status":"publish","type":"post","link":"https:\/\/www.webdo.tn\/fr\/actualite\/national\/la-societe-civile-en-sit-in-devant-le-siege-du-snjt\/201868\/","title":{"rendered":"La soci\u00e9t\u00e9 civile en sit-in devant le si\u00e8ge du SNJT"},"content":{"rendered":"<p>Alors que l&rsquo;avenue Habib Bourguiba est le th\u00e9\u00e2tre de nombreuses manifestations des partis d&rsquo;opposition, le Syndicat des journalistes tunisiens (SNJT) organise, ce samedi 14 janvier, avec des associations et des organisations, un rassemblement de protestation \u00e0 l&rsquo;Avenue des Etats Unis.<\/p>\n<p> Ce sit-in vient en protestation contre la situation de crise que connaissent les \u00e9tablissements m\u00e9diatiques en plus des politiques de r\u00e9pression sur les libert\u00e9s et la traduction devant la justice de journalistes et militants de droits de l&rsquo;Homme en vertu du d\u00e9cret loi N\u00b054 rejet\u00e9 par plusieurs partis politiques et composantes de la soci\u00e9t\u00e9 civile \u00ab\u00a0.<\/p>\n","protected":false},"excerpt":{"rendered":"<p>Alors que l&rsquo;avenue Habib Bourguiba est le th\u00e9\u00e2tre de nombreuses manifestations des partis d&rsquo;opposition, le Syndicat des journalistes tunisiens (SNJT) organise,&#8230;<\/p>\n","protected":false},"author":3162,"featured_media":348282,"comment_status":"open","ping_status":"closed","sticky":false,"template":"","format":"standard","meta":{"footnotes":""},"categories":[44],"tags":[3190,2759,6503,2640],"class_list":["post-201868","post","type-post","status-publish","format-standard","has-post-thumbnail","hentry","category-national","tag-sit-in","tag-snjt","tag-societe-civile","tag-tunis"],"yoast_head":"<!-- This site is optimized with the Yoast SEO Premium plugin v27.4 (Yoast SEO v27.5) - https:\/\/yoast.com\/product\/yoast-seo-premium-wordpress\/ -->\n<title>La soci\u00e9t\u00e9 civile en sit-in devant le si\u00e8ge du SNJT<\/title>\n<meta name=\"description\" content=\"Alors que l&#039;avenue Habib Bourguiba est le th\u00e9\u00e2tre de nombreuses manifestations des partis d&#039;opposition, le Syndicat des journalistes tunisiens (SNJT) organise,...\" \/>\n<link rel=\"canonical\" href=\"https:\/\/www.webdo.tn\/fr\/actualite\/national-45\/la-societe-civile-en-sit-in-devant-le-siege-du-snjt\/201868\/\" \/>\n<meta property=\"og:locale\" content=\"fr_FR\" \/>\n<meta property=\"og:type\" content=\"article\" \/>\n<meta property=\"og:title\" content=\"La soci\u00e9t\u00e9 civile en sit-in devant le si\u00e8ge du SNJT\" \/>\n<meta property=\"og:description\" content=\"Alors que l&#039;avenue Habib Bourguiba est le th\u00e9\u00e2tre de nombreuses manifestations des partis d&#039;opposition, le Syndicat des journalistes tunisiens (SNJT) organise,...\" \/>\n<meta property=\"og:url\" content=\"https:\/\/www.webdo.tn\/fr\/actualite\/national-45\/la-societe-civile-en-sit-in-devant-le-siege-du-snjt\/201868\/\" \/>\n<meta property=\"og:site_name\" content=\"webdo\" \/>\n<meta property=\"article:publisher\" content=\"https:\/\/www.facebook.com\/webdotn\" \/>\n<meta property=\"article:published_time\" content=\"2023-01-14T13:10:00+00:00\" \/>\n<meta property=\"article:modified_time\" content=\"2025-05-22T11:38:09+00:00\" \/>\n<meta property=\"og:image\" content=\"https:\/\/www.webdo.tn\/fr\/wp-content\/uploads\/2023\/01\/921eb64a7feb82aa49279a4e2a3d2465.png\" \/>\n\t<meta property=\"og:image:width\" content=\"650\" \/>\n\t<meta property=\"og:image:height\" content=\"347\" \/>\n\t<meta property=\"og:image:type\" content=\"image\/png\" \/>\n<meta name=\"author\" content=\"MC\" \/>\n<meta name=\"twitter:card\" content=\"summary_large_image\" \/>\n<meta name=\"twitter:creator\" content=\"@webdo_tn\" \/>\n<meta name=\"twitter:site\" content=\"@webdo_tn\" \/>\n<meta name=\"twitter:label1\" content=\"\u00c9crit par\" \/>\n\t<meta name=\"twitter:data1\" content=\"MC\" \/>\n<script type=\"application\/ld+json\" class=\"yoast-schema-graph\">{\"@context\":\"https:\\\/\\\/schema.org\",\"@graph\":[{\"@type\":\"NewsArticle\",\"@id\":\"https:\\\/\\\/www.webdo.tn\\\/fr\\\/actualite\\\/national-45\\\/la-societe-civile-en-sit-in-devant-le-siege-du-snjt\\\/201868\\\/#article\",\"isPartOf\":{\"@id\":\"https:\\\/\\\/www.webdo.tn\\\/fr\\\/actualite\\\/national-45\\\/la-societe-civile-en-sit-in-devant-le-siege-du-snjt\\\/201868\\\/\"},\"author\":{\"name\":\"MC\",\"@id\":\"https:\\\/\\\/www.webdo.tn\\\/fr\\\/#\\\/schema\\\/person\\\/2c4929cbf5a809e3bd38617c6ce150f6\"},\"headline\":\"La soci\u00e9t\u00e9 civile en sit-in devant le si\u00e8ge du SNJT\",\"datePublished\":\"2023-01-14T13:10:00+00:00\",\"dateModified\":\"2025-05-22T11:38:09+00:00\",\"mainEntityOfPage\":{\"@id\":\"https:\\\/\\\/www.webdo.tn\\\/fr\\\/actualite\\\/national-45\\\/la-societe-civile-en-sit-in-devant-le-siege-du-snjt\\\/201868\\\/\"},\"wordCount\":115,\"commentCount\":0,\"publisher\":{\"@id\":\"https:\\\/\\\/www.webdo.tn\\\/fr\\\/#organization\"},\"image\":{\"@id\":\"https:\\\/\\\/www.webdo.tn\\\/fr\\\/actualite\\\/national-45\\\/la-societe-civile-en-sit-in-devant-le-siege-du-snjt\\\/201868\\\/#primaryimage\"},\"thumbnailUrl\":\"https:\\\/\\\/www.webdo.tn\\\/fr\\\/wp-content\\\/uploads\\\/2023\\\/01\\\/921eb64a7feb82aa49279a4e2a3d2465.png\",\"keywords\":[\"sit-in\",\"snjt\",\"soci\u00e9t\u00e9 civile\",\"Tunis\"],\"articleSection\":[\"National\"],\"inLanguage\":\"fr-FR\"},{\"@type\":\"WebPage\",\"@id\":\"https:\\\/\\\/www.webdo.tn\\\/fr\\\/actualite\\\/national-45\\\/la-societe-civile-en-sit-in-devant-le-siege-du-snjt\\\/201868\\\/\",\"url\":\"https:\\\/\\\/www.webdo.tn\\\/fr\\\/actualite\\\/national-45\\\/la-societe-civile-en-sit-in-devant-le-siege-du-snjt\\\/201868\\\/\",\"name\":\"La soci\u00e9t\u00e9 civile en sit-in devant le si\u00e8ge du SNJT\",\"isPartOf\":{\"@id\":\"https:\\\/\\\/www.webdo.tn\\\/fr\\\/#website\"},\"primaryImageOfPage\":{\"@id\":\"https:\\\/\\\/www.webdo.tn\\\/fr\\\/actualite\\\/national-45\\\/la-societe-civile-en-sit-in-devant-le-siege-du-snjt\\\/201868\\\/#primaryimage\"},\"image\":{\"@id\":\"https:\\\/\\\/www.webdo.tn\\\/fr\\\/actualite\\\/national-45\\\/la-societe-civile-en-sit-in-devant-le-siege-du-snjt\\\/201868\\\/#primaryimage\"},\"thumbnailUrl\":\"https:\\\/\\\/www.webdo.tn\\\/fr\\\/wp-content\\\/uploads\\\/2023\\\/01\\\/921eb64a7feb82aa49279a4e2a3d2465.png\",\"datePublished\":\"2023-01-14T13:10:00+00:00\",\"dateModified\":\"2025-05-22T11:38:09+00:00\",\"description\":\"Alors que l'avenue Habib Bourguiba est le th\u00e9\u00e2tre de nombreuses manifestations des partis d'opposition, le Syndicat des journalistes tunisiens (SNJT) organise,...\",\"breadcrumb\":{\"@id\":\"https:\\\/\\\/www.webdo.tn\\\/fr\\\/actualite\\\/national-45\\\/la-societe-civile-en-sit-in-devant-le-siege-du-snjt\\\/201868\\\/#breadcrumb\"},\"inLanguage\":\"fr-FR\",\"potentialAction\":[{\"@type\":\"ReadAction\",\"target\":[\"https:\\\/\\\/www.webdo.tn\\\/fr\\\/actualite\\\/national-45\\\/la-societe-civile-en-sit-in-devant-le-siege-du-snjt\\\/201868\\\/\"]}]},{\"@type\":\"ImageObject\",\"inLanguage\":\"fr-FR\",\"@id\":\"https:\\\/\\\/www.webdo.tn\\\/fr\\\/actualite\\\/national-45\\\/la-societe-civile-en-sit-in-devant-le-siege-du-snjt\\\/201868\\\/#primaryimage\",\"url\":\"https:\\\/\\\/www.webdo.tn\\\/fr\\\/wp-content\\\/uploads\\\/2023\\\/01\\\/921eb64a7feb82aa49279a4e2a3d2465.png\",\"contentUrl\":\"https:\\\/\\\/www.webdo.tn\\\/fr\\\/wp-content\\\/uploads\\\/2023\\\/01\\\/921eb64a7feb82aa49279a4e2a3d2465.png\",\"width\":650,\"height\":347,\"caption\":\"La soci\u00e9t\u00e9 civile en sit-in devant le si\u00e8ge du SNJT\"},{\"@type\":\"BreadcrumbList\",\"@id\":\"https:\\\/\\\/www.webdo.tn\\\/fr\\\/actualite\\\/national-45\\\/la-societe-civile-en-sit-in-devant-le-siege-du-snjt\\\/201868\\\/#breadcrumb\",\"itemListElement\":[{\"@type\":\"ListItem\",\"position\":1,\"name\":\"Accueil\",\"item\":\"https:\\\/\\\/www.webdo.tn\\\/fr\\\/\"},{\"@type\":\"ListItem\",\"position\":2,\"name\":\"La soci\u00e9t\u00e9 civile en sit-in devant le si\u00e8ge du SNJT\"}]},{\"@type\":\"WebSite\",\"@id\":\"https:\\\/\\\/www.webdo.tn\\\/fr\\\/#website\",\"url\":\"https:\\\/\\\/www.webdo.tn\\\/fr\\\/\",\"name\":\"webdo\",\"description\":\"Tunisie - News en Tunisie et \u00e0 l&#039;international sur Webdo.tn\",\"publisher\":{\"@id\":\"https:\\\/\\\/www.webdo.tn\\\/fr\\\/#organization\"},\"potentialAction\":[{\"@type\":\"SearchAction\",\"target\":{\"@type\":\"EntryPoint\",\"urlTemplate\":\"https:\\\/\\\/www.webdo.tn\\\/fr\\\/?s={search_term_string}\"},\"query-input\":{\"@type\":\"PropertyValueSpecification\",\"valueRequired\":true,\"valueName\":\"search_term_string\"}}],\"inLanguage\":\"fr-FR\"},{\"@type\":\"Organization\",\"@id\":\"https:\\\/\\\/www.webdo.tn\\\/fr\\\/#organization\",\"name\":\"Webdo\",\"alternateName\":\"Webdo.tn\",\"url\":\"https:\\\/\\\/www.webdo.tn\\\/fr\\\/\",\"logo\":{\"@type\":\"ImageObject\",\"inLanguage\":\"fr-FR\",\"@id\":\"https:\\\/\\\/www.webdo.tn\\\/fr\\\/#\\\/schema\\\/logo\\\/image\\\/\",\"url\":\"https:\\\/\\\/www.webdo.tn\\\/fr\\\/wp-content\\\/uploads\\\/2025\\\/06\\\/Webdo-Tunisie_168377.jpg\",\"contentUrl\":\"https:\\\/\\\/www.webdo.tn\\\/fr\\\/wp-content\\\/uploads\\\/2025\\\/06\\\/Webdo-Tunisie_168377.jpg\",\"width\":301,\"height\":301,\"caption\":\"Webdo\"},\"image\":{\"@id\":\"https:\\\/\\\/www.webdo.tn\\\/fr\\\/#\\\/schema\\\/logo\\\/image\\\/\"},\"sameAs\":[\"https:\\\/\\\/www.facebook.com\\\/webdotn\",\"https:\\\/\\\/x.com\\\/webdo_tn\"],\"description\":\"Webdo est un m\u00e9dia num\u00e9rique tunisien fond\u00e9 en 2010, sp\u00e9cialis\u00e9 dans l\u2019actualit\u00e9 nationale et internationale, l\u2019\u00e9conomie, la soci\u00e9t\u00e9 et les analyses politiques. Le site s\u2019adresse \u00e0 un large public francophone et couvre l\u2019information tunisienne en temps r\u00e9el.\",\"email\":\"redac@webdo.tn\",\"legalName\":\"YNJ SARL\",\"foundingDate\":\"2010-09-06\",\"numberOfEmployees\":{\"@type\":\"QuantitativeValue\",\"minValue\":\"11\",\"maxValue\":\"50\"}},{\"@type\":\"Person\",\"@id\":\"https:\\\/\\\/www.webdo.tn\\\/fr\\\/#\\\/schema\\\/person\\\/2c4929cbf5a809e3bd38617c6ce150f6\",\"name\":\"MC\",\"image\":{\"@type\":\"ImageObject\",\"inLanguage\":\"fr-FR\",\"@id\":\"https:\\\/\\\/secure.gravatar.com\\\/avatar\\\/a545bbb6f84efdd5553dbbc2895e3ca8f1d12c5215e00a041c9670b54aa9b18a?s=96&d=mm&r=g\",\"url\":\"https:\\\/\\\/secure.gravatar.com\\\/avatar\\\/a545bbb6f84efdd5553dbbc2895e3ca8f1d12c5215e00a041c9670b54aa9b18a?s=96&d=mm&r=g\",\"contentUrl\":\"https:\\\/\\\/secure.gravatar.com\\\/avatar\\\/a545bbb6f84efdd5553dbbc2895e3ca8f1d12c5215e00a041c9670b54aa9b18a?s=96&d=mm&r=g\",\"caption\":\"MC\"},\"url\":\"https:\\\/\\\/www.webdo.tn\\\/fr\\\/actualite\\\/author\\\/mc\\\/\"}]}<\/script>\n<!-- \/ Yoast SEO Premium plugin. -->","yoast_head_json":{"title":"La soci\u00e9t\u00e9 civile en sit-in devant le si\u00e8ge du SNJT","description":"Alors que l'avenue Habib Bourguiba est le th\u00e9\u00e2tre de nombreuses manifestations des partis d'opposition, le Syndicat des journalistes tunisiens (SNJT) organise,...","canonical":"https:\/\/www.webdo.tn\/fr\/actualite\/national-45\/la-societe-civile-en-sit-in-devant-le-siege-du-snjt\/201868\/","og_locale":"fr_FR","og_type":"article","og_title":"La soci\u00e9t\u00e9 civile en sit-in devant le si\u00e8ge du SNJT","og_description":"Alors que l'avenue Habib Bourguiba est le th\u00e9\u00e2tre de nombreuses manifestations des partis d'opposition, le Syndicat des journalistes tunisiens (SNJT) organise,...","og_url":"https:\/\/www.webdo.tn\/fr\/actualite\/national-45\/la-societe-civile-en-sit-in-devant-le-siege-du-snjt\/201868\/","og_site_name":"webdo","article_publisher":"https:\/\/www.facebook.com\/webdotn","article_published_time":"2023-01-14T13:10:00+00:00","article_modified_time":"2025-05-22T11:38:09+00:00","og_image":[{"width":650,"height":347,"url":"https:\/\/www.webdo.tn\/fr\/wp-content\/uploads\/2023\/01\/921eb64a7feb82aa49279a4e2a3d2465.png","type":"image\/png"}],"author":"MC","twitter_card":"summary_large_image","twitter_creator":"@webdo_tn","twitter_site":"@webdo_tn","twitter_misc":{"\u00c9crit par":"MC"},"schema":{"@context":"https:\/\/schema.org","@graph":[{"@type":"NewsArticle","@id":"https:\/\/www.webdo.tn\/fr\/actualite\/national-45\/la-societe-civile-en-sit-in-devant-le-siege-du-snjt\/201868\/#article","isPartOf":{"@id":"https:\/\/www.webdo.tn\/fr\/actualite\/national-45\/la-societe-civile-en-sit-in-devant-le-siege-du-snjt\/201868\/"},"author":{"name":"MC","@id":"https:\/\/www.webdo.tn\/fr\/#\/schema\/person\/2c4929cbf5a809e3bd38617c6ce150f6"},"headline":"La soci\u00e9t\u00e9 civile en sit-in devant le si\u00e8ge du SNJT","datePublished":"2023-01-14T13:10:00+00:00","dateModified":"2025-05-22T11:38:09+00:00","mainEntityOfPage":{"@id":"https:\/\/www.webdo.tn\/fr\/actualite\/national-45\/la-societe-civile-en-sit-in-devant-le-siege-du-snjt\/201868\/"},"wordCount":115,"commentCount":0,"publisher":{"@id":"https:\/\/www.webdo.tn\/fr\/#organization"},"image":{"@id":"https:\/\/www.webdo.tn\/fr\/actualite\/national-45\/la-societe-civile-en-sit-in-devant-le-siege-du-snjt\/201868\/#primaryimage"},"thumbnailUrl":"https:\/\/www.webdo.tn\/fr\/wp-content\/uploads\/2023\/01\/921eb64a7feb82aa49279a4e2a3d2465.png","keywords":["sit-in","snjt","soci\u00e9t\u00e9 civile","Tunis"],"articleSection":["National"],"inLanguage":"fr-FR"},{"@type":"WebPage","@id":"https:\/\/www.webdo.tn\/fr\/actualite\/national-45\/la-societe-civile-en-sit-in-devant-le-siege-du-snjt\/201868\/","url":"https:\/\/www.webdo.tn\/fr\/actualite\/national-45\/la-societe-civile-en-sit-in-devant-le-siege-du-snjt\/201868\/","name":"La soci\u00e9t\u00e9 civile en sit-in devant le si\u00e8ge du SNJT","isPartOf":{"@id":"https:\/\/www.webdo.tn\/fr\/#website"},"primaryImageOfPage":{"@id":"https:\/\/www.webdo.tn\/fr\/actualite\/national-45\/la-societe-civile-en-sit-in-devant-le-siege-du-snjt\/201868\/#primaryimage"},"image":{"@id":"https:\/\/www.webdo.tn\/fr\/actualite\/national-45\/la-societe-civile-en-sit-in-devant-le-siege-du-snjt\/201868\/#primaryimage"},"thumbnailUrl":"https:\/\/www.webdo.tn\/fr\/wp-content\/uploads\/2023\/01\/921eb64a7feb82aa49279a4e2a3d2465.png","datePublished":"2023-01-14T13:10:00+00:00","dateModified":"2025-05-22T11:38:09+00:00","description":"Alors que l'avenue Habib Bourguiba est le th\u00e9\u00e2tre de nombreuses manifestations des partis d'opposition, le Syndicat des journalistes tunisiens (SNJT) organise,...","breadcrumb":{"@id":"https:\/\/www.webdo.tn\/fr\/actualite\/national-45\/la-societe-civile-en-sit-in-devant-le-siege-du-snjt\/201868\/#breadcrumb"},"inLanguage":"fr-FR","potentialAction":[{"@type":"ReadAction","target":["https:\/\/www.webdo.tn\/fr\/actualite\/national-45\/la-societe-civile-en-sit-in-devant-le-siege-du-snjt\/201868\/"]}]},{"@type":"ImageObject","inLanguage":"fr-FR","@id":"https:\/\/www.webdo.tn\/fr\/actualite\/national-45\/la-societe-civile-en-sit-in-devant-le-siege-du-snjt\/201868\/#primaryimage","url":"https:\/\/www.webdo.tn\/fr\/wp-content\/uploads\/2023\/01\/921eb64a7feb82aa49279a4e2a3d2465.png","contentUrl":"https:\/\/www.webdo.tn\/fr\/wp-content\/uploads\/2023\/01\/921eb64a7feb82aa49279a4e2a3d2465.png","width":650,"height":347,"caption":"La soci\u00e9t\u00e9 civile en sit-in devant le si\u00e8ge du SNJT"},{"@type":"BreadcrumbList","@id":"https:\/\/www.webdo.tn\/fr\/actualite\/national-45\/la-societe-civile-en-sit-in-devant-le-siege-du-snjt\/201868\/#breadcrumb","itemListElement":[{"@type":"ListItem","position":1,"name":"Accueil","item":"https:\/\/www.webdo.tn\/fr\/"},{"@type":"ListItem","position":2,"name":"La soci\u00e9t\u00e9 civile en sit-in devant le si\u00e8ge du SNJT"}]},{"@type":"WebSite","@id":"https:\/\/www.webdo.tn\/fr\/#website","url":"https:\/\/www.webdo.tn\/fr\/","name":"webdo","description":"Tunisie - News en Tunisie et \u00e0 l&#039;international sur Webdo.tn","publisher":{"@id":"https:\/\/www.webdo.tn\/fr\/#organization"},"potentialAction":[{"@type":"SearchAction","target":{"@type":"EntryPoint","urlTemplate":"https:\/\/www.webdo.tn\/fr\/?s={search_term_string}"},"query-input":{"@type":"PropertyValueSpecification","valueRequired":true,"valueName":"search_term_string"}}],"inLanguage":"fr-FR"},{"@type":"Organization","@id":"https:\/\/www.webdo.tn\/fr\/#organization","name":"Webdo","alternateName":"Webdo.tn","url":"https:\/\/www.webdo.tn\/fr\/","logo":{"@type":"ImageObject","inLanguage":"fr-FR","@id":"https:\/\/www.webdo.tn\/fr\/#\/schema\/logo\/image\/","url":"https:\/\/www.webdo.tn\/fr\/wp-content\/uploads\/2025\/06\/Webdo-Tunisie_168377.jpg","contentUrl":"https:\/\/www.webdo.tn\/fr\/wp-content\/uploads\/2025\/06\/Webdo-Tunisie_168377.jpg","width":301,"height":301,"caption":"Webdo"},"image":{"@id":"https:\/\/www.webdo.tn\/fr\/#\/schema\/logo\/image\/"},"sameAs":["https:\/\/www.facebook.com\/webdotn","https:\/\/x.com\/webdo_tn"],"description":"Webdo est un m\u00e9dia num\u00e9rique tunisien fond\u00e9 en 2010, sp\u00e9cialis\u00e9 dans l\u2019actualit\u00e9 nationale et internationale, l\u2019\u00e9conomie, la soci\u00e9t\u00e9 et les analyses politiques. Le site s\u2019adresse \u00e0 un large public francophone et couvre l\u2019information tunisienne en temps r\u00e9el.","email":"redac@webdo.tn","legalName":"YNJ SARL","foundingDate":"2010-09-06","numberOfEmployees":{"@type":"QuantitativeValue","minValue":"11","maxValue":"50"}},{"@type":"Person","@id":"https:\/\/www.webdo.tn\/fr\/#\/schema\/person\/2c4929cbf5a809e3bd38617c6ce150f6","name":"MC","image":{"@type":"ImageObject","inLanguage":"fr-FR","@id":"https:\/\/secure.gravatar.com\/avatar\/a545bbb6f84efdd5553dbbc2895e3ca8f1d12c5215e00a041c9670b54aa9b18a?s=96&d=mm&r=g","url":"https:\/\/secure.gravatar.com\/avatar\/a545bbb6f84efdd5553dbbc2895e3ca8f1d12c5215e00a041c9670b54aa9b18a?s=96&d=mm&r=g","contentUrl":"https:\/\/secure.gravatar.com\/avatar\/a545bbb6f84efdd5553dbbc2895e3ca8f1d12c5215e00a041c9670b54aa9b18a?s=96&d=mm&r=g","caption":"MC"},"url":"https:\/\/www.webdo.tn\/fr\/actualite\/author\/mc\/"}]}},"_links":{"self":[{"href":"https:\/\/www.webdo.tn\/fr\/wp-json\/wp\/v2\/posts\/201868","targetHints":{"allow":["GET"]}}],"collection":[{"href":"https:\/\/www.webdo.tn\/fr\/wp-json\/wp\/v2\/posts"}],"about":[{"href":"https:\/\/www.webdo.tn\/fr\/wp-json\/wp\/v2\/types\/post"}],"author":[{"embeddable":true,"href":"https:\/\/www.webdo.tn\/fr\/wp-json\/wp\/v2\/users\/3162"}],"replies":[{"embeddable":true,"href":"https:\/\/www.webdo.tn\/fr\/wp-json\/wp\/v2\/comments?post=201868"}],"version-history":[{"count":0,"href":"https:\/\/www.webdo.tn\/fr\/wp-json\/wp\/v2\/posts\/201868\/revisions"}],"wp:featuredmedia":[{"embeddable":true,"href":"https:\/\/www.webdo.tn\/fr\/wp-json\/wp\/v2\/media\/348282"}],"wp:attachment":[{"href":"https:\/\/www.webdo.tn\/fr\/wp-json\/wp\/v2\/media?parent=201868"}],"wp:term":[{"taxonomy":"category","embeddable":true,"href":"https:\/\/www.webdo.tn\/fr\/wp-json\/wp\/v2\/categories?post=201868"},{"taxonomy":"post_tag","embeddable":true,"href":"https:\/\/www.webdo.tn\/fr\/wp-json\/wp\/v2\/tags?post=201868"}],"curies":[{"name":"wp","href":"https:\/\/api.w.org\/{rel}","templated":true}]}}