{"id":201865,"date":"2023-01-14T12:29:00","date_gmt":"2023-01-14T12:29:00","guid":{"rendered":"https:\/\/www.webdo.tn\/fr\/actualite\/blog\/la-marche-du-pdl-stoppee-a-l-avenue-kheireddine-pacha\/201865\/"},"modified":"2025-05-22T11:38:06","modified_gmt":"2025-05-22T11:38:06","slug":"la-marche-du-pdl-stoppee-a-l-avenue-kheireddine-pacha","status":"publish","type":"post","link":"https:\/\/www.webdo.tn\/fr\/actualite\/national\/la-marche-du-pdl-stoppee-a-l-avenue-kheireddine-pacha\/201865\/","title":{"rendered":"La marche du PDL stopp\u00e9e \u00e0 l&rsquo;avenue Kheireddine Pacha"},"content":{"rendered":"<p>La marche de protestation du Parti destourien libre a \u00e9t\u00e9 stopp\u00e9e au niveau de l&rsquo;avenue Kheireddine Pacha \u00e0 Montplaisir, apr\u00e8s avoir \u00e9t\u00e9 emp\u00each\u00e9e par les forces de l&rsquo;ordre, d&rsquo;avancer vers la route de la Marsa.<\/p>\n<p> Malgr\u00e9 l&rsquo;interdiction des autorit\u00e9s, le PDL s&rsquo;\u00e9tait attach\u00e9 \u00e0 organiser sa marche vers le palais pr\u00e9sidentiel de Carthage. Mais apr\u00e8s le blocage des forces de l&rsquo;ordre, il a \u00e9t\u00e9 d\u00e9cid\u00e9 de changer de cap en se dirigeant vers le quartier Montplaisir comme nouveau point de d\u00e9part de sa marche programm\u00e9e aujourd&rsquo;hu vers le palais pr\u00e9sidentiel.<\/p>\n<p>Abir Moussi et ses partisans s\u2019\u00e9taient donn\u00e9s rendez-vous \u00e0 la station TGM dans le but de rallier Carthage. La circulation du TGM a \u00e9t\u00e9 interrompue et le Chef de District de la s\u00fbret\u00e9 nationale de Tunis s&rsquo;est d\u00e9plac\u00e9 sur les lieux et les a invit\u00e9s \u00e0 \u00e9vacuer les lieux.<\/p>\n<p>Abir Moussi et ses partisans ont d\u00e9nonc\u00e9 le fait de les emp\u00eacher de rejoindre Carthage par les transports en commun, r\u00e9clamant leur droit en tant que citoyens de se d\u00e9placer.<\/p>\n<p>A Montplaisir, la marche des partisans du PDL a \u00e9t\u00e9 stopp\u00e9e par les forces de s\u00e9curit\u00e9 non sans quelques altercations entre les unit\u00e9s s\u00e9curitaires et les partisans du parti.<\/p>\n","protected":false},"excerpt":{"rendered":"<p>La marche de protestation du Parti destourien libre a \u00e9t\u00e9 stopp\u00e9e au niveau de l&rsquo;avenue Kheireddine Pacha \u00e0 Montplaisir, apr\u00e8s avoir \u00e9t\u00e9 emp\u00each\u00e9e par les forces&#8230;<\/p>\n","protected":false},"author":3162,"featured_media":348280,"comment_status":"open","ping_status":"closed","sticky":false,"template":"","format":"standard","meta":{"footnotes":""},"categories":[44],"tags":[4028,2640],"class_list":["post-201865","post","type-post","status-publish","format-standard","has-post-thumbnail","hentry","category-national","tag-pdl","tag-tunis"],"yoast_head":"<!-- This site is optimized with the Yoast SEO Premium plugin v27.4 (Yoast SEO v27.5) - https:\/\/yoast.com\/product\/yoast-seo-premium-wordpress\/ -->\n<title>La marche du PDL stopp\u00e9e \u00e0 l&#039;avenue Kheireddine Pacha<\/title>\n<meta name=\"description\" content=\"La marche de protestation du Parti destourien libre a \u00e9t\u00e9 stopp\u00e9e au niveau de l&#039;avenue Kheireddine Pacha \u00e0 Montplaisir, apr\u00e8s avoir \u00e9t\u00e9 emp\u00each\u00e9e par les forces...\" \/>\n<link rel=\"canonical\" href=\"https:\/\/www.webdo.tn\/fr\/actualite\/national-45\/la-marche-du-pdl-stoppee-a-l-avenue-kheireddine-pacha\/201865\/\" \/>\n<meta property=\"og:locale\" content=\"fr_FR\" \/>\n<meta property=\"og:type\" content=\"article\" \/>\n<meta property=\"og:title\" content=\"La marche du PDL stopp\u00e9e \u00e0 l&#039;avenue Kheireddine Pacha\" \/>\n<meta property=\"og:description\" content=\"La marche de protestation du Parti destourien libre a \u00e9t\u00e9 stopp\u00e9e au niveau de l&#039;avenue Kheireddine Pacha \u00e0 Montplaisir, apr\u00e8s avoir \u00e9t\u00e9 emp\u00each\u00e9e par les forces...\" \/>\n<meta property=\"og:url\" content=\"https:\/\/www.webdo.tn\/fr\/actualite\/national-45\/la-marche-du-pdl-stoppee-a-l-avenue-kheireddine-pacha\/201865\/\" \/>\n<meta property=\"og:site_name\" content=\"webdo\" \/>\n<meta property=\"article:publisher\" content=\"https:\/\/www.facebook.com\/webdotn\" \/>\n<meta property=\"article:published_time\" content=\"2023-01-14T12:29:00+00:00\" \/>\n<meta property=\"article:modified_time\" content=\"2025-05-22T11:38:06+00:00\" \/>\n<meta property=\"og:image\" content=\"https:\/\/www.webdo.tn\/fr\/wp-content\/uploads\/2023\/01\/04ff08637bae0cdecc9024922352960d.png\" \/>\n\t<meta property=\"og:image:width\" content=\"650\" \/>\n\t<meta property=\"og:image:height\" content=\"347\" \/>\n\t<meta property=\"og:image:type\" content=\"image\/png\" \/>\n<meta name=\"author\" content=\"MC\" \/>\n<meta name=\"twitter:card\" content=\"summary_large_image\" \/>\n<meta name=\"twitter:creator\" content=\"@webdo_tn\" \/>\n<meta name=\"twitter:site\" content=\"@webdo_tn\" \/>\n<meta name=\"twitter:label1\" content=\"\u00c9crit par\" \/>\n\t<meta name=\"twitter:data1\" content=\"MC\" \/>\n\t<meta name=\"twitter:label2\" content=\"Dur\u00e9e de lecture estim\u00e9e\" \/>\n\t<meta name=\"twitter:data2\" content=\"1 minute\" \/>\n<script type=\"application\/ld+json\" class=\"yoast-schema-graph\">{\"@context\":\"https:\\\/\\\/schema.org\",\"@graph\":[{\"@type\":\"NewsArticle\",\"@id\":\"https:\\\/\\\/www.webdo.tn\\\/fr\\\/actualite\\\/national-45\\\/la-marche-du-pdl-stoppee-a-l-avenue-kheireddine-pacha\\\/201865\\\/#article\",\"isPartOf\":{\"@id\":\"https:\\\/\\\/www.webdo.tn\\\/fr\\\/actualite\\\/national-45\\\/la-marche-du-pdl-stoppee-a-l-avenue-kheireddine-pacha\\\/201865\\\/\"},\"author\":{\"name\":\"MC\",\"@id\":\"https:\\\/\\\/www.webdo.tn\\\/fr\\\/#\\\/schema\\\/person\\\/2c4929cbf5a809e3bd38617c6ce150f6\"},\"headline\":\"La marche du PDL stopp\u00e9e \u00e0 l&rsquo;avenue Kheireddine Pacha\",\"datePublished\":\"2023-01-14T12:29:00+00:00\",\"dateModified\":\"2025-05-22T11:38:06+00:00\",\"mainEntityOfPage\":{\"@id\":\"https:\\\/\\\/www.webdo.tn\\\/fr\\\/actualite\\\/national-45\\\/la-marche-du-pdl-stoppee-a-l-avenue-kheireddine-pacha\\\/201865\\\/\"},\"wordCount\":236,\"commentCount\":0,\"publisher\":{\"@id\":\"https:\\\/\\\/www.webdo.tn\\\/fr\\\/#organization\"},\"image\":{\"@id\":\"https:\\\/\\\/www.webdo.tn\\\/fr\\\/actualite\\\/national-45\\\/la-marche-du-pdl-stoppee-a-l-avenue-kheireddine-pacha\\\/201865\\\/#primaryimage\"},\"thumbnailUrl\":\"https:\\\/\\\/www.webdo.tn\\\/fr\\\/wp-content\\\/uploads\\\/2023\\\/01\\\/04ff08637bae0cdecc9024922352960d.png\",\"keywords\":[\"PDL\",\"Tunis\"],\"articleSection\":[\"National\"],\"inLanguage\":\"fr-FR\"},{\"@type\":\"WebPage\",\"@id\":\"https:\\\/\\\/www.webdo.tn\\\/fr\\\/actualite\\\/national-45\\\/la-marche-du-pdl-stoppee-a-l-avenue-kheireddine-pacha\\\/201865\\\/\",\"url\":\"https:\\\/\\\/www.webdo.tn\\\/fr\\\/actualite\\\/national-45\\\/la-marche-du-pdl-stoppee-a-l-avenue-kheireddine-pacha\\\/201865\\\/\",\"name\":\"La marche du PDL stopp\u00e9e \u00e0 l'avenue Kheireddine Pacha\",\"isPartOf\":{\"@id\":\"https:\\\/\\\/www.webdo.tn\\\/fr\\\/#website\"},\"primaryImageOfPage\":{\"@id\":\"https:\\\/\\\/www.webdo.tn\\\/fr\\\/actualite\\\/national-45\\\/la-marche-du-pdl-stoppee-a-l-avenue-kheireddine-pacha\\\/201865\\\/#primaryimage\"},\"image\":{\"@id\":\"https:\\\/\\\/www.webdo.tn\\\/fr\\\/actualite\\\/national-45\\\/la-marche-du-pdl-stoppee-a-l-avenue-kheireddine-pacha\\\/201865\\\/#primaryimage\"},\"thumbnailUrl\":\"https:\\\/\\\/www.webdo.tn\\\/fr\\\/wp-content\\\/uploads\\\/2023\\\/01\\\/04ff08637bae0cdecc9024922352960d.png\",\"datePublished\":\"2023-01-14T12:29:00+00:00\",\"dateModified\":\"2025-05-22T11:38:06+00:00\",\"description\":\"La marche de protestation du Parti destourien libre a \u00e9t\u00e9 stopp\u00e9e au niveau de l'avenue Kheireddine Pacha \u00e0 Montplaisir, apr\u00e8s avoir \u00e9t\u00e9 emp\u00each\u00e9e par les forces...\",\"breadcrumb\":{\"@id\":\"https:\\\/\\\/www.webdo.tn\\\/fr\\\/actualite\\\/national-45\\\/la-marche-du-pdl-stoppee-a-l-avenue-kheireddine-pacha\\\/201865\\\/#breadcrumb\"},\"inLanguage\":\"fr-FR\",\"potentialAction\":[{\"@type\":\"ReadAction\",\"target\":[\"https:\\\/\\\/www.webdo.tn\\\/fr\\\/actualite\\\/national-45\\\/la-marche-du-pdl-stoppee-a-l-avenue-kheireddine-pacha\\\/201865\\\/\"]}]},{\"@type\":\"ImageObject\",\"inLanguage\":\"fr-FR\",\"@id\":\"https:\\\/\\\/www.webdo.tn\\\/fr\\\/actualite\\\/national-45\\\/la-marche-du-pdl-stoppee-a-l-avenue-kheireddine-pacha\\\/201865\\\/#primaryimage\",\"url\":\"https:\\\/\\\/www.webdo.tn\\\/fr\\\/wp-content\\\/uploads\\\/2023\\\/01\\\/04ff08637bae0cdecc9024922352960d.png\",\"contentUrl\":\"https:\\\/\\\/www.webdo.tn\\\/fr\\\/wp-content\\\/uploads\\\/2023\\\/01\\\/04ff08637bae0cdecc9024922352960d.png\",\"width\":650,\"height\":347,\"caption\":\"La marche du PDL stopp\u00e9e \u00e0 l'avenue Kheireddine Pacha\"},{\"@type\":\"BreadcrumbList\",\"@id\":\"https:\\\/\\\/www.webdo.tn\\\/fr\\\/actualite\\\/national-45\\\/la-marche-du-pdl-stoppee-a-l-avenue-kheireddine-pacha\\\/201865\\\/#breadcrumb\",\"itemListElement\":[{\"@type\":\"ListItem\",\"position\":1,\"name\":\"Accueil\",\"item\":\"https:\\\/\\\/www.webdo.tn\\\/fr\\\/\"},{\"@type\":\"ListItem\",\"position\":2,\"name\":\"La marche du PDL stopp\u00e9e \u00e0 l&rsquo;avenue Kheireddine Pacha\"}]},{\"@type\":\"WebSite\",\"@id\":\"https:\\\/\\\/www.webdo.tn\\\/fr\\\/#website\",\"url\":\"https:\\\/\\\/www.webdo.tn\\\/fr\\\/\",\"name\":\"webdo\",\"description\":\"Tunisie - News en Tunisie et \u00e0 l&#039;international sur Webdo.tn\",\"publisher\":{\"@id\":\"https:\\\/\\\/www.webdo.tn\\\/fr\\\/#organization\"},\"potentialAction\":[{\"@type\":\"SearchAction\",\"target\":{\"@type\":\"EntryPoint\",\"urlTemplate\":\"https:\\\/\\\/www.webdo.tn\\\/fr\\\/?s={search_term_string}\"},\"query-input\":{\"@type\":\"PropertyValueSpecification\",\"valueRequired\":true,\"valueName\":\"search_term_string\"}}],\"inLanguage\":\"fr-FR\"},{\"@type\":\"Organization\",\"@id\":\"https:\\\/\\\/www.webdo.tn\\\/fr\\\/#organization\",\"name\":\"Webdo\",\"alternateName\":\"Webdo.tn\",\"url\":\"https:\\\/\\\/www.webdo.tn\\\/fr\\\/\",\"logo\":{\"@type\":\"ImageObject\",\"inLanguage\":\"fr-FR\",\"@id\":\"https:\\\/\\\/www.webdo.tn\\\/fr\\\/#\\\/schema\\\/logo\\\/image\\\/\",\"url\":\"https:\\\/\\\/www.webdo.tn\\\/fr\\\/wp-content\\\/uploads\\\/2025\\\/06\\\/Webdo-Tunisie_168377.jpg\",\"contentUrl\":\"https:\\\/\\\/www.webdo.tn\\\/fr\\\/wp-content\\\/uploads\\\/2025\\\/06\\\/Webdo-Tunisie_168377.jpg\",\"width\":301,\"height\":301,\"caption\":\"Webdo\"},\"image\":{\"@id\":\"https:\\\/\\\/www.webdo.tn\\\/fr\\\/#\\\/schema\\\/logo\\\/image\\\/\"},\"sameAs\":[\"https:\\\/\\\/www.facebook.com\\\/webdotn\",\"https:\\\/\\\/x.com\\\/webdo_tn\"],\"description\":\"Webdo est un m\u00e9dia num\u00e9rique tunisien fond\u00e9 en 2010, sp\u00e9cialis\u00e9 dans l\u2019actualit\u00e9 nationale et internationale, l\u2019\u00e9conomie, la soci\u00e9t\u00e9 et les analyses politiques. Le site s\u2019adresse \u00e0 un large public francophone et couvre l\u2019information tunisienne en temps r\u00e9el.\",\"email\":\"redac@webdo.tn\",\"legalName\":\"YNJ SARL\",\"foundingDate\":\"2010-09-06\",\"numberOfEmployees\":{\"@type\":\"QuantitativeValue\",\"minValue\":\"11\",\"maxValue\":\"50\"}},{\"@type\":\"Person\",\"@id\":\"https:\\\/\\\/www.webdo.tn\\\/fr\\\/#\\\/schema\\\/person\\\/2c4929cbf5a809e3bd38617c6ce150f6\",\"name\":\"MC\",\"image\":{\"@type\":\"ImageObject\",\"inLanguage\":\"fr-FR\",\"@id\":\"https:\\\/\\\/secure.gravatar.com\\\/avatar\\\/a545bbb6f84efdd5553dbbc2895e3ca8f1d12c5215e00a041c9670b54aa9b18a?s=96&d=mm&r=g\",\"url\":\"https:\\\/\\\/secure.gravatar.com\\\/avatar\\\/a545bbb6f84efdd5553dbbc2895e3ca8f1d12c5215e00a041c9670b54aa9b18a?s=96&d=mm&r=g\",\"contentUrl\":\"https:\\\/\\\/secure.gravatar.com\\\/avatar\\\/a545bbb6f84efdd5553dbbc2895e3ca8f1d12c5215e00a041c9670b54aa9b18a?s=96&d=mm&r=g\",\"caption\":\"MC\"},\"url\":\"https:\\\/\\\/www.webdo.tn\\\/fr\\\/actualite\\\/author\\\/mc\\\/\"}]}<\/script>\n<!-- \/ Yoast SEO Premium plugin. -->","yoast_head_json":{"title":"La marche du PDL stopp\u00e9e \u00e0 l'avenue Kheireddine Pacha","description":"La marche de protestation du Parti destourien libre a \u00e9t\u00e9 stopp\u00e9e au niveau de l'avenue Kheireddine Pacha \u00e0 Montplaisir, apr\u00e8s avoir \u00e9t\u00e9 emp\u00each\u00e9e par les forces...","canonical":"https:\/\/www.webdo.tn\/fr\/actualite\/national-45\/la-marche-du-pdl-stoppee-a-l-avenue-kheireddine-pacha\/201865\/","og_locale":"fr_FR","og_type":"article","og_title":"La marche du PDL stopp\u00e9e \u00e0 l'avenue Kheireddine Pacha","og_description":"La marche de protestation du Parti destourien libre a \u00e9t\u00e9 stopp\u00e9e au niveau de l'avenue Kheireddine Pacha \u00e0 Montplaisir, apr\u00e8s avoir \u00e9t\u00e9 emp\u00each\u00e9e par les forces...","og_url":"https:\/\/www.webdo.tn\/fr\/actualite\/national-45\/la-marche-du-pdl-stoppee-a-l-avenue-kheireddine-pacha\/201865\/","og_site_name":"webdo","article_publisher":"https:\/\/www.facebook.com\/webdotn","article_published_time":"2023-01-14T12:29:00+00:00","article_modified_time":"2025-05-22T11:38:06+00:00","og_image":[{"width":650,"height":347,"url":"https:\/\/www.webdo.tn\/fr\/wp-content\/uploads\/2023\/01\/04ff08637bae0cdecc9024922352960d.png","type":"image\/png"}],"author":"MC","twitter_card":"summary_large_image","twitter_creator":"@webdo_tn","twitter_site":"@webdo_tn","twitter_misc":{"\u00c9crit par":"MC","Dur\u00e9e de lecture estim\u00e9e":"1 minute"},"schema":{"@context":"https:\/\/schema.org","@graph":[{"@type":"NewsArticle","@id":"https:\/\/www.webdo.tn\/fr\/actualite\/national-45\/la-marche-du-pdl-stoppee-a-l-avenue-kheireddine-pacha\/201865\/#article","isPartOf":{"@id":"https:\/\/www.webdo.tn\/fr\/actualite\/national-45\/la-marche-du-pdl-stoppee-a-l-avenue-kheireddine-pacha\/201865\/"},"author":{"name":"MC","@id":"https:\/\/www.webdo.tn\/fr\/#\/schema\/person\/2c4929cbf5a809e3bd38617c6ce150f6"},"headline":"La marche du PDL stopp\u00e9e \u00e0 l&rsquo;avenue Kheireddine Pacha","datePublished":"2023-01-14T12:29:00+00:00","dateModified":"2025-05-22T11:38:06+00:00","mainEntityOfPage":{"@id":"https:\/\/www.webdo.tn\/fr\/actualite\/national-45\/la-marche-du-pdl-stoppee-a-l-avenue-kheireddine-pacha\/201865\/"},"wordCount":236,"commentCount":0,"publisher":{"@id":"https:\/\/www.webdo.tn\/fr\/#organization"},"image":{"@id":"https:\/\/www.webdo.tn\/fr\/actualite\/national-45\/la-marche-du-pdl-stoppee-a-l-avenue-kheireddine-pacha\/201865\/#primaryimage"},"thumbnailUrl":"https:\/\/www.webdo.tn\/fr\/wp-content\/uploads\/2023\/01\/04ff08637bae0cdecc9024922352960d.png","keywords":["PDL","Tunis"],"articleSection":["National"],"inLanguage":"fr-FR"},{"@type":"WebPage","@id":"https:\/\/www.webdo.tn\/fr\/actualite\/national-45\/la-marche-du-pdl-stoppee-a-l-avenue-kheireddine-pacha\/201865\/","url":"https:\/\/www.webdo.tn\/fr\/actualite\/national-45\/la-marche-du-pdl-stoppee-a-l-avenue-kheireddine-pacha\/201865\/","name":"La marche du PDL stopp\u00e9e \u00e0 l'avenue Kheireddine Pacha","isPartOf":{"@id":"https:\/\/www.webdo.tn\/fr\/#website"},"primaryImageOfPage":{"@id":"https:\/\/www.webdo.tn\/fr\/actualite\/national-45\/la-marche-du-pdl-stoppee-a-l-avenue-kheireddine-pacha\/201865\/#primaryimage"},"image":{"@id":"https:\/\/www.webdo.tn\/fr\/actualite\/national-45\/la-marche-du-pdl-stoppee-a-l-avenue-kheireddine-pacha\/201865\/#primaryimage"},"thumbnailUrl":"https:\/\/www.webdo.tn\/fr\/wp-content\/uploads\/2023\/01\/04ff08637bae0cdecc9024922352960d.png","datePublished":"2023-01-14T12:29:00+00:00","dateModified":"2025-05-22T11:38:06+00:00","description":"La marche de protestation du Parti destourien libre a \u00e9t\u00e9 stopp\u00e9e au niveau de l'avenue Kheireddine Pacha \u00e0 Montplaisir, apr\u00e8s avoir \u00e9t\u00e9 emp\u00each\u00e9e par les forces...","breadcrumb":{"@id":"https:\/\/www.webdo.tn\/fr\/actualite\/national-45\/la-marche-du-pdl-stoppee-a-l-avenue-kheireddine-pacha\/201865\/#breadcrumb"},"inLanguage":"fr-FR","potentialAction":[{"@type":"ReadAction","target":["https:\/\/www.webdo.tn\/fr\/actualite\/national-45\/la-marche-du-pdl-stoppee-a-l-avenue-kheireddine-pacha\/201865\/"]}]},{"@type":"ImageObject","inLanguage":"fr-FR","@id":"https:\/\/www.webdo.tn\/fr\/actualite\/national-45\/la-marche-du-pdl-stoppee-a-l-avenue-kheireddine-pacha\/201865\/#primaryimage","url":"https:\/\/www.webdo.tn\/fr\/wp-content\/uploads\/2023\/01\/04ff08637bae0cdecc9024922352960d.png","contentUrl":"https:\/\/www.webdo.tn\/fr\/wp-content\/uploads\/2023\/01\/04ff08637bae0cdecc9024922352960d.png","width":650,"height":347,"caption":"La marche du PDL stopp\u00e9e \u00e0 l'avenue Kheireddine Pacha"},{"@type":"BreadcrumbList","@id":"https:\/\/www.webdo.tn\/fr\/actualite\/national-45\/la-marche-du-pdl-stoppee-a-l-avenue-kheireddine-pacha\/201865\/#breadcrumb","itemListElement":[{"@type":"ListItem","position":1,"name":"Accueil","item":"https:\/\/www.webdo.tn\/fr\/"},{"@type":"ListItem","position":2,"name":"La marche du PDL stopp\u00e9e \u00e0 l&rsquo;avenue Kheireddine Pacha"}]},{"@type":"WebSite","@id":"https:\/\/www.webdo.tn\/fr\/#website","url":"https:\/\/www.webdo.tn\/fr\/","name":"webdo","description":"Tunisie - News en Tunisie et \u00e0 l&#039;international sur Webdo.tn","publisher":{"@id":"https:\/\/www.webdo.tn\/fr\/#organization"},"potentialAction":[{"@type":"SearchAction","target":{"@type":"EntryPoint","urlTemplate":"https:\/\/www.webdo.tn\/fr\/?s={search_term_string}"},"query-input":{"@type":"PropertyValueSpecification","valueRequired":true,"valueName":"search_term_string"}}],"inLanguage":"fr-FR"},{"@type":"Organization","@id":"https:\/\/www.webdo.tn\/fr\/#organization","name":"Webdo","alternateName":"Webdo.tn","url":"https:\/\/www.webdo.tn\/fr\/","logo":{"@type":"ImageObject","inLanguage":"fr-FR","@id":"https:\/\/www.webdo.tn\/fr\/#\/schema\/logo\/image\/","url":"https:\/\/www.webdo.tn\/fr\/wp-content\/uploads\/2025\/06\/Webdo-Tunisie_168377.jpg","contentUrl":"https:\/\/www.webdo.tn\/fr\/wp-content\/uploads\/2025\/06\/Webdo-Tunisie_168377.jpg","width":301,"height":301,"caption":"Webdo"},"image":{"@id":"https:\/\/www.webdo.tn\/fr\/#\/schema\/logo\/image\/"},"sameAs":["https:\/\/www.facebook.com\/webdotn","https:\/\/x.com\/webdo_tn"],"description":"Webdo est un m\u00e9dia num\u00e9rique tunisien fond\u00e9 en 2010, sp\u00e9cialis\u00e9 dans l\u2019actualit\u00e9 nationale et internationale, l\u2019\u00e9conomie, la soci\u00e9t\u00e9 et les analyses politiques. Le site s\u2019adresse \u00e0 un large public francophone et couvre l\u2019information tunisienne en temps r\u00e9el.","email":"redac@webdo.tn","legalName":"YNJ SARL","foundingDate":"2010-09-06","numberOfEmployees":{"@type":"QuantitativeValue","minValue":"11","maxValue":"50"}},{"@type":"Person","@id":"https:\/\/www.webdo.tn\/fr\/#\/schema\/person\/2c4929cbf5a809e3bd38617c6ce150f6","name":"MC","image":{"@type":"ImageObject","inLanguage":"fr-FR","@id":"https:\/\/secure.gravatar.com\/avatar\/a545bbb6f84efdd5553dbbc2895e3ca8f1d12c5215e00a041c9670b54aa9b18a?s=96&d=mm&r=g","url":"https:\/\/secure.gravatar.com\/avatar\/a545bbb6f84efdd5553dbbc2895e3ca8f1d12c5215e00a041c9670b54aa9b18a?s=96&d=mm&r=g","contentUrl":"https:\/\/secure.gravatar.com\/avatar\/a545bbb6f84efdd5553dbbc2895e3ca8f1d12c5215e00a041c9670b54aa9b18a?s=96&d=mm&r=g","caption":"MC"},"url":"https:\/\/www.webdo.tn\/fr\/actualite\/author\/mc\/"}]}},"_links":{"self":[{"href":"https:\/\/www.webdo.tn\/fr\/wp-json\/wp\/v2\/posts\/201865","targetHints":{"allow":["GET"]}}],"collection":[{"href":"https:\/\/www.webdo.tn\/fr\/wp-json\/wp\/v2\/posts"}],"about":[{"href":"https:\/\/www.webdo.tn\/fr\/wp-json\/wp\/v2\/types\/post"}],"author":[{"embeddable":true,"href":"https:\/\/www.webdo.tn\/fr\/wp-json\/wp\/v2\/users\/3162"}],"replies":[{"embeddable":true,"href":"https:\/\/www.webdo.tn\/fr\/wp-json\/wp\/v2\/comments?post=201865"}],"version-history":[{"count":0,"href":"https:\/\/www.webdo.tn\/fr\/wp-json\/wp\/v2\/posts\/201865\/revisions"}],"wp:featuredmedia":[{"embeddable":true,"href":"https:\/\/www.webdo.tn\/fr\/wp-json\/wp\/v2\/media\/348280"}],"wp:attachment":[{"href":"https:\/\/www.webdo.tn\/fr\/wp-json\/wp\/v2\/media?parent=201865"}],"wp:term":[{"taxonomy":"category","embeddable":true,"href":"https:\/\/www.webdo.tn\/fr\/wp-json\/wp\/v2\/categories?post=201865"},{"taxonomy":"post_tag","embeddable":true,"href":"https:\/\/www.webdo.tn\/fr\/wp-json\/wp\/v2\/tags?post=201865"}],"curies":[{"name":"wp","href":"https:\/\/api.w.org\/{rel}","templated":true}]}}