{"id":201858,"date":"2023-01-14T11:45:00","date_gmt":"2023-01-14T11:45:00","guid":{"rendered":"https:\/\/www.webdo.tn\/fr\/actualite\/blog\/presence-securitaire-renforcee-a-l-avenue-habib-bourguiba\/201858\/"},"modified":"2025-05-22T11:38:04","modified_gmt":"2025-05-22T11:38:04","slug":"presence-securitaire-renforcee-a-l-avenue-habib-bourguiba","status":"publish","type":"post","link":"https:\/\/www.webdo.tn\/fr\/actualite\/national\/presence-securitaire-renforcee-a-l-avenue-habib-bourguiba\/201858\/","title":{"rendered":"Pr\u00e9sence s\u00e9curitaire renforc\u00e9e \u00e0 l\u2019avenue Habib Bourguiba"},"content":{"rendered":"<p>En pr\u00e9vision des manifestations qui ont lieu ce samedi 14 janvier 2023 \u00e0 Tunis, les forces de l\u2019ordre ont \u00e9t\u00e9 d\u00e9ploy\u00e9es en masse au centre-ville de Tunis.<\/p>\n<p> Une grande pr\u00e9sence s\u00e9curitaire est enregistr\u00e9e \u00e0 l&rsquo;avenue Habib Bourguiba, l\u2019avenue de Paris, l\u2019avenue Habib Thameur et les rues attenantes. Cette pr\u00e9sence renforc\u00e9e a pour objectif de s\u00e9curiser les manifestations programm\u00e9es pour c\u00e9l\u00e9brer la date du 14 janvier comme date de c\u00e9l\u00e9bration de la R\u00e9volution et rejeter le processus politique du pr\u00e9sident de la R\u00e9publique Kais Saied.<\/p>\n<p>Le minist\u00e8re de l&rsquo;Int\u00e9rieur avait appel\u00e9, vendredi, les diff\u00e9rentes parties autoris\u00e9es \u00e0 respecter les circuits et horaires fix\u00e9s et \u00e0 assumer leur responsabilit\u00e9 d&rsquo;encadrer leurs sympathisants afin d&rsquo;\u00e9viter les affrontements et l&rsquo;\u00e9change de violences entre manifestants.<\/p>\n<p>Des unit\u00e9s s\u00e9curitaires ont \u00e9t\u00e9 mobilis\u00e9s au niveau des acc\u00e8s \u00e0 l&rsquo;Avenue Habib Bourguiba et sur le long du parcours fix\u00e9 pour les manifestations autoris\u00e9es par le minist\u00e8re de l&rsquo;Int\u00e9rieur. La zone a \u00e9t\u00e9 interdite aux v\u00e9hicules.<\/p>\n<p>L&rsquo;Avenue Habib Bourguiba a \u00e9t\u00e9 r\u00e9parti sur des zones divis\u00e9es par des barri\u00e8res s\u00e9curitaires entre les diff\u00e9rentes manifestations. L&rsquo;Avenue abritera plusieurs manifestations \u00e0 des intervalles de temps tr\u00e8s proches.<\/p>\n<p>Une manifestation du Front du salut national; devrait partir de place du passage pour atteindre le th\u00e9\u00e2tre municipal o\u00f9 manifesteront \u00e9galement les partis de la \u00ab\u00a0coordination des forces d\u00e9mocratiques\u00a0\u00bb qui regroupe le parti des travailleurs, Ettakatol, le Courant d\u00e9mocrate, Al-Joumhouri, Al-Qotb et le comit\u00e9 national de d\u00e9fense des libert\u00e9s et de la d\u00e9mocratie.<\/p>\n<p>La collectif Soumoud, organisera, avec un groupe de partis politiques et de personnalit\u00e9s nationales ind\u00e9pendantes, un rassemblement de protestation pr\u00e8s du minist\u00e8re de l&rsquo;Int\u00e9rieur du c\u00f4t\u00e9 de la station de Train Tunis Marine.<\/p>\n","protected":false},"excerpt":{"rendered":"<p>En pr\u00e9vision des manifestations qui ont lieu ce samedi 14 janvier 2023 \u00e0 Tunis, les forces de l\u2019ordre ont \u00e9t\u00e9 d\u00e9ploy\u00e9es en masse au centre-ville de Tunis.<\/p>\n","protected":false},"author":3162,"featured_media":348278,"comment_status":"open","ping_status":"closed","sticky":false,"template":"","format":"standard","meta":{"footnotes":""},"categories":[44],"tags":[4384,2817,2640],"class_list":["post-201858","post","type-post","status-publish","format-standard","has-post-thumbnail","hentry","category-national","tag-14-janvier","tag-manifestation","tag-tunis"],"yoast_head":"<!-- This site is optimized with the Yoast SEO Premium plugin v27.5 (Yoast SEO v27.5) - https:\/\/yoast.com\/product\/yoast-seo-premium-wordpress\/ -->\n<title>Pr\u00e9sence s\u00e9curitaire renforc\u00e9e \u00e0 l\u2019avenue Habib Bourguiba<\/title>\n<meta name=\"description\" content=\"En pr\u00e9vision des manifestations qui ont lieu ce samedi 14 janvier 2023 \u00e0 Tunis, les forces de l\u2019ordre ont \u00e9t\u00e9 d\u00e9ploy\u00e9es en masse au centre-ville de Tunis.\" \/>\n<link rel=\"canonical\" href=\"https:\/\/www.webdo.tn\/fr\/actualite\/national-45\/presence-securitaire-renforcee-a-l-avenue-habib-bourguiba\/201858\/\" \/>\n<meta property=\"og:locale\" content=\"fr_FR\" \/>\n<meta property=\"og:type\" content=\"article\" \/>\n<meta property=\"og:title\" content=\"Pr\u00e9sence s\u00e9curitaire renforc\u00e9e \u00e0 l\u2019avenue Habib Bourguiba\" \/>\n<meta property=\"og:description\" content=\"En pr\u00e9vision des manifestations qui ont lieu ce samedi 14 janvier 2023 \u00e0 Tunis, les forces de l\u2019ordre ont \u00e9t\u00e9 d\u00e9ploy\u00e9es en masse au centre-ville de Tunis.\" \/>\n<meta property=\"og:url\" content=\"https:\/\/www.webdo.tn\/fr\/actualite\/national-45\/presence-securitaire-renforcee-a-l-avenue-habib-bourguiba\/201858\/\" \/>\n<meta property=\"og:site_name\" content=\"webdo\" \/>\n<meta property=\"article:publisher\" content=\"https:\/\/www.facebook.com\/webdotn\" \/>\n<meta property=\"article:published_time\" content=\"2023-01-14T11:45:00+00:00\" \/>\n<meta property=\"article:modified_time\" content=\"2025-05-22T11:38:04+00:00\" \/>\n<meta property=\"og:image\" content=\"https:\/\/www.webdo.tn\/fr\/wp-content\/uploads\/2023\/01\/57c004e4f4abfb5dc1ebfd0b35792989.jpg\" \/>\n\t<meta property=\"og:image:width\" content=\"750\" \/>\n\t<meta property=\"og:image:height\" content=\"400\" \/>\n\t<meta property=\"og:image:type\" content=\"image\/jpeg\" \/>\n<meta name=\"author\" content=\"MC\" \/>\n<meta name=\"twitter:card\" content=\"summary_large_image\" \/>\n<meta name=\"twitter:creator\" content=\"@webdo_tn\" \/>\n<meta name=\"twitter:site\" content=\"@webdo_tn\" \/>\n<meta name=\"twitter:label1\" content=\"\u00c9crit par\" \/>\n\t<meta name=\"twitter:data1\" content=\"MC\" \/>\n\t<meta name=\"twitter:label2\" content=\"Dur\u00e9e de lecture estim\u00e9e\" \/>\n\t<meta name=\"twitter:data2\" content=\"2 minutes\" \/>\n<script type=\"application\/ld+json\" class=\"yoast-schema-graph\">{\"@context\":\"https:\\\/\\\/schema.org\",\"@graph\":[{\"@type\":\"NewsArticle\",\"@id\":\"https:\\\/\\\/www.webdo.tn\\\/fr\\\/actualite\\\/national-45\\\/presence-securitaire-renforcee-a-l-avenue-habib-bourguiba\\\/201858\\\/#article\",\"isPartOf\":{\"@id\":\"https:\\\/\\\/www.webdo.tn\\\/fr\\\/actualite\\\/national-45\\\/presence-securitaire-renforcee-a-l-avenue-habib-bourguiba\\\/201858\\\/\"},\"author\":{\"name\":\"MC\",\"@id\":\"https:\\\/\\\/www.webdo.tn\\\/fr\\\/#\\\/schema\\\/person\\\/2c4929cbf5a809e3bd38617c6ce150f6\"},\"headline\":\"Pr\u00e9sence s\u00e9curitaire renforc\u00e9e \u00e0 l\u2019avenue Habib Bourguiba\",\"datePublished\":\"2023-01-14T11:45:00+00:00\",\"dateModified\":\"2025-05-22T11:38:04+00:00\",\"mainEntityOfPage\":{\"@id\":\"https:\\\/\\\/www.webdo.tn\\\/fr\\\/actualite\\\/national-45\\\/presence-securitaire-renforcee-a-l-avenue-habib-bourguiba\\\/201858\\\/\"},\"wordCount\":334,\"commentCount\":0,\"publisher\":{\"@id\":\"https:\\\/\\\/www.webdo.tn\\\/fr\\\/#organization\"},\"image\":{\"@id\":\"https:\\\/\\\/www.webdo.tn\\\/fr\\\/actualite\\\/national-45\\\/presence-securitaire-renforcee-a-l-avenue-habib-bourguiba\\\/201858\\\/#primaryimage\"},\"thumbnailUrl\":\"https:\\\/\\\/www.webdo.tn\\\/fr\\\/wp-content\\\/uploads\\\/2023\\\/01\\\/57c004e4f4abfb5dc1ebfd0b35792989.jpg\",\"keywords\":[\"14 janvier\",\"Manifestation\",\"Tunis\"],\"articleSection\":[\"National\"],\"inLanguage\":\"fr-FR\"},{\"@type\":\"WebPage\",\"@id\":\"https:\\\/\\\/www.webdo.tn\\\/fr\\\/actualite\\\/national-45\\\/presence-securitaire-renforcee-a-l-avenue-habib-bourguiba\\\/201858\\\/\",\"url\":\"https:\\\/\\\/www.webdo.tn\\\/fr\\\/actualite\\\/national-45\\\/presence-securitaire-renforcee-a-l-avenue-habib-bourguiba\\\/201858\\\/\",\"name\":\"Pr\u00e9sence s\u00e9curitaire renforc\u00e9e \u00e0 l\u2019avenue Habib Bourguiba\",\"isPartOf\":{\"@id\":\"https:\\\/\\\/www.webdo.tn\\\/fr\\\/#website\"},\"primaryImageOfPage\":{\"@id\":\"https:\\\/\\\/www.webdo.tn\\\/fr\\\/actualite\\\/national-45\\\/presence-securitaire-renforcee-a-l-avenue-habib-bourguiba\\\/201858\\\/#primaryimage\"},\"image\":{\"@id\":\"https:\\\/\\\/www.webdo.tn\\\/fr\\\/actualite\\\/national-45\\\/presence-securitaire-renforcee-a-l-avenue-habib-bourguiba\\\/201858\\\/#primaryimage\"},\"thumbnailUrl\":\"https:\\\/\\\/www.webdo.tn\\\/fr\\\/wp-content\\\/uploads\\\/2023\\\/01\\\/57c004e4f4abfb5dc1ebfd0b35792989.jpg\",\"datePublished\":\"2023-01-14T11:45:00+00:00\",\"dateModified\":\"2025-05-22T11:38:04+00:00\",\"description\":\"En pr\u00e9vision des manifestations qui ont lieu ce samedi 14 janvier 2023 \u00e0 Tunis, les forces de l\u2019ordre ont \u00e9t\u00e9 d\u00e9ploy\u00e9es en masse au centre-ville de Tunis.\",\"breadcrumb\":{\"@id\":\"https:\\\/\\\/www.webdo.tn\\\/fr\\\/actualite\\\/national-45\\\/presence-securitaire-renforcee-a-l-avenue-habib-bourguiba\\\/201858\\\/#breadcrumb\"},\"inLanguage\":\"fr-FR\",\"potentialAction\":[{\"@type\":\"ReadAction\",\"target\":[\"https:\\\/\\\/www.webdo.tn\\\/fr\\\/actualite\\\/national-45\\\/presence-securitaire-renforcee-a-l-avenue-habib-bourguiba\\\/201858\\\/\"]}]},{\"@type\":\"ImageObject\",\"inLanguage\":\"fr-FR\",\"@id\":\"https:\\\/\\\/www.webdo.tn\\\/fr\\\/actualite\\\/national-45\\\/presence-securitaire-renforcee-a-l-avenue-habib-bourguiba\\\/201858\\\/#primaryimage\",\"url\":\"https:\\\/\\\/www.webdo.tn\\\/fr\\\/wp-content\\\/uploads\\\/2023\\\/01\\\/57c004e4f4abfb5dc1ebfd0b35792989.jpg\",\"contentUrl\":\"https:\\\/\\\/www.webdo.tn\\\/fr\\\/wp-content\\\/uploads\\\/2023\\\/01\\\/57c004e4f4abfb5dc1ebfd0b35792989.jpg\",\"width\":750,\"height\":400,\"caption\":\"Pr\u00e9sence s\u00e9curitaire renforc\u00e9e \u00e0 l\u2019avenue Habib Bourguiba\"},{\"@type\":\"BreadcrumbList\",\"@id\":\"https:\\\/\\\/www.webdo.tn\\\/fr\\\/actualite\\\/national-45\\\/presence-securitaire-renforcee-a-l-avenue-habib-bourguiba\\\/201858\\\/#breadcrumb\",\"itemListElement\":[{\"@type\":\"ListItem\",\"position\":1,\"name\":\"Accueil\",\"item\":\"https:\\\/\\\/www.webdo.tn\\\/fr\\\/\"},{\"@type\":\"ListItem\",\"position\":2,\"name\":\"Pr\u00e9sence s\u00e9curitaire renforc\u00e9e \u00e0 l\u2019avenue Habib Bourguiba\"}]},{\"@type\":\"WebSite\",\"@id\":\"https:\\\/\\\/www.webdo.tn\\\/fr\\\/#website\",\"url\":\"https:\\\/\\\/www.webdo.tn\\\/fr\\\/\",\"name\":\"webdo\",\"description\":\"Tunisie - News en Tunisie et \u00e0 l&#039;international sur Webdo.tn\",\"publisher\":{\"@id\":\"https:\\\/\\\/www.webdo.tn\\\/fr\\\/#organization\"},\"potentialAction\":[{\"@type\":\"SearchAction\",\"target\":{\"@type\":\"EntryPoint\",\"urlTemplate\":\"https:\\\/\\\/www.webdo.tn\\\/fr\\\/?s={search_term_string}\"},\"query-input\":{\"@type\":\"PropertyValueSpecification\",\"valueRequired\":true,\"valueName\":\"search_term_string\"}}],\"inLanguage\":\"fr-FR\"},{\"@type\":\"Organization\",\"@id\":\"https:\\\/\\\/www.webdo.tn\\\/fr\\\/#organization\",\"name\":\"Webdo\",\"alternateName\":\"Webdo.tn\",\"url\":\"https:\\\/\\\/www.webdo.tn\\\/fr\\\/\",\"logo\":{\"@type\":\"ImageObject\",\"inLanguage\":\"fr-FR\",\"@id\":\"https:\\\/\\\/www.webdo.tn\\\/fr\\\/#\\\/schema\\\/logo\\\/image\\\/\",\"url\":\"https:\\\/\\\/www.webdo.tn\\\/fr\\\/wp-content\\\/uploads\\\/2025\\\/06\\\/Webdo-Tunisie_168377.jpg\",\"contentUrl\":\"https:\\\/\\\/www.webdo.tn\\\/fr\\\/wp-content\\\/uploads\\\/2025\\\/06\\\/Webdo-Tunisie_168377.jpg\",\"width\":301,\"height\":301,\"caption\":\"Webdo\"},\"image\":{\"@id\":\"https:\\\/\\\/www.webdo.tn\\\/fr\\\/#\\\/schema\\\/logo\\\/image\\\/\"},\"sameAs\":[\"https:\\\/\\\/www.facebook.com\\\/webdotn\",\"https:\\\/\\\/x.com\\\/webdo_tn\"],\"description\":\"Webdo est un m\u00e9dia num\u00e9rique tunisien fond\u00e9 en 2010, sp\u00e9cialis\u00e9 dans l\u2019actualit\u00e9 nationale et internationale, l\u2019\u00e9conomie, la soci\u00e9t\u00e9 et les analyses politiques. Le site s\u2019adresse \u00e0 un large public francophone et couvre l\u2019information tunisienne en temps r\u00e9el.\",\"email\":\"redac@webdo.tn\",\"legalName\":\"YNJ SARL\",\"foundingDate\":\"2010-09-06\",\"numberOfEmployees\":{\"@type\":\"QuantitativeValue\",\"minValue\":\"11\",\"maxValue\":\"50\"}},{\"@type\":\"Person\",\"@id\":\"https:\\\/\\\/www.webdo.tn\\\/fr\\\/#\\\/schema\\\/person\\\/2c4929cbf5a809e3bd38617c6ce150f6\",\"name\":\"MC\",\"image\":{\"@type\":\"ImageObject\",\"inLanguage\":\"fr-FR\",\"@id\":\"https:\\\/\\\/secure.gravatar.com\\\/avatar\\\/a545bbb6f84efdd5553dbbc2895e3ca8f1d12c5215e00a041c9670b54aa9b18a?s=96&d=mm&r=g\",\"url\":\"https:\\\/\\\/secure.gravatar.com\\\/avatar\\\/a545bbb6f84efdd5553dbbc2895e3ca8f1d12c5215e00a041c9670b54aa9b18a?s=96&d=mm&r=g\",\"contentUrl\":\"https:\\\/\\\/secure.gravatar.com\\\/avatar\\\/a545bbb6f84efdd5553dbbc2895e3ca8f1d12c5215e00a041c9670b54aa9b18a?s=96&d=mm&r=g\",\"caption\":\"MC\"},\"url\":\"https:\\\/\\\/www.webdo.tn\\\/fr\\\/actualite\\\/author\\\/mc\\\/\"}]}<\/script>\n<!-- \/ Yoast SEO Premium plugin. -->","yoast_head_json":{"title":"Pr\u00e9sence s\u00e9curitaire renforc\u00e9e \u00e0 l\u2019avenue Habib Bourguiba","description":"En pr\u00e9vision des manifestations qui ont lieu ce samedi 14 janvier 2023 \u00e0 Tunis, les forces de l\u2019ordre ont \u00e9t\u00e9 d\u00e9ploy\u00e9es en masse au centre-ville de Tunis.","canonical":"https:\/\/www.webdo.tn\/fr\/actualite\/national-45\/presence-securitaire-renforcee-a-l-avenue-habib-bourguiba\/201858\/","og_locale":"fr_FR","og_type":"article","og_title":"Pr\u00e9sence s\u00e9curitaire renforc\u00e9e \u00e0 l\u2019avenue Habib Bourguiba","og_description":"En pr\u00e9vision des manifestations qui ont lieu ce samedi 14 janvier 2023 \u00e0 Tunis, les forces de l\u2019ordre ont \u00e9t\u00e9 d\u00e9ploy\u00e9es en masse au centre-ville de Tunis.","og_url":"https:\/\/www.webdo.tn\/fr\/actualite\/national-45\/presence-securitaire-renforcee-a-l-avenue-habib-bourguiba\/201858\/","og_site_name":"webdo","article_publisher":"https:\/\/www.facebook.com\/webdotn","article_published_time":"2023-01-14T11:45:00+00:00","article_modified_time":"2025-05-22T11:38:04+00:00","og_image":[{"width":750,"height":400,"url":"https:\/\/www.webdo.tn\/fr\/wp-content\/uploads\/2023\/01\/57c004e4f4abfb5dc1ebfd0b35792989.jpg","type":"image\/jpeg"}],"author":"MC","twitter_card":"summary_large_image","twitter_creator":"@webdo_tn","twitter_site":"@webdo_tn","twitter_misc":{"\u00c9crit par":"MC","Dur\u00e9e de lecture estim\u00e9e":"2 minutes"},"schema":{"@context":"https:\/\/schema.org","@graph":[{"@type":"NewsArticle","@id":"https:\/\/www.webdo.tn\/fr\/actualite\/national-45\/presence-securitaire-renforcee-a-l-avenue-habib-bourguiba\/201858\/#article","isPartOf":{"@id":"https:\/\/www.webdo.tn\/fr\/actualite\/national-45\/presence-securitaire-renforcee-a-l-avenue-habib-bourguiba\/201858\/"},"author":{"name":"MC","@id":"https:\/\/www.webdo.tn\/fr\/#\/schema\/person\/2c4929cbf5a809e3bd38617c6ce150f6"},"headline":"Pr\u00e9sence s\u00e9curitaire renforc\u00e9e \u00e0 l\u2019avenue Habib Bourguiba","datePublished":"2023-01-14T11:45:00+00:00","dateModified":"2025-05-22T11:38:04+00:00","mainEntityOfPage":{"@id":"https:\/\/www.webdo.tn\/fr\/actualite\/national-45\/presence-securitaire-renforcee-a-l-avenue-habib-bourguiba\/201858\/"},"wordCount":334,"commentCount":0,"publisher":{"@id":"https:\/\/www.webdo.tn\/fr\/#organization"},"image":{"@id":"https:\/\/www.webdo.tn\/fr\/actualite\/national-45\/presence-securitaire-renforcee-a-l-avenue-habib-bourguiba\/201858\/#primaryimage"},"thumbnailUrl":"https:\/\/www.webdo.tn\/fr\/wp-content\/uploads\/2023\/01\/57c004e4f4abfb5dc1ebfd0b35792989.jpg","keywords":["14 janvier","Manifestation","Tunis"],"articleSection":["National"],"inLanguage":"fr-FR"},{"@type":"WebPage","@id":"https:\/\/www.webdo.tn\/fr\/actualite\/national-45\/presence-securitaire-renforcee-a-l-avenue-habib-bourguiba\/201858\/","url":"https:\/\/www.webdo.tn\/fr\/actualite\/national-45\/presence-securitaire-renforcee-a-l-avenue-habib-bourguiba\/201858\/","name":"Pr\u00e9sence s\u00e9curitaire renforc\u00e9e \u00e0 l\u2019avenue Habib Bourguiba","isPartOf":{"@id":"https:\/\/www.webdo.tn\/fr\/#website"},"primaryImageOfPage":{"@id":"https:\/\/www.webdo.tn\/fr\/actualite\/national-45\/presence-securitaire-renforcee-a-l-avenue-habib-bourguiba\/201858\/#primaryimage"},"image":{"@id":"https:\/\/www.webdo.tn\/fr\/actualite\/national-45\/presence-securitaire-renforcee-a-l-avenue-habib-bourguiba\/201858\/#primaryimage"},"thumbnailUrl":"https:\/\/www.webdo.tn\/fr\/wp-content\/uploads\/2023\/01\/57c004e4f4abfb5dc1ebfd0b35792989.jpg","datePublished":"2023-01-14T11:45:00+00:00","dateModified":"2025-05-22T11:38:04+00:00","description":"En pr\u00e9vision des manifestations qui ont lieu ce samedi 14 janvier 2023 \u00e0 Tunis, les forces de l\u2019ordre ont \u00e9t\u00e9 d\u00e9ploy\u00e9es en masse au centre-ville de Tunis.","breadcrumb":{"@id":"https:\/\/www.webdo.tn\/fr\/actualite\/national-45\/presence-securitaire-renforcee-a-l-avenue-habib-bourguiba\/201858\/#breadcrumb"},"inLanguage":"fr-FR","potentialAction":[{"@type":"ReadAction","target":["https:\/\/www.webdo.tn\/fr\/actualite\/national-45\/presence-securitaire-renforcee-a-l-avenue-habib-bourguiba\/201858\/"]}]},{"@type":"ImageObject","inLanguage":"fr-FR","@id":"https:\/\/www.webdo.tn\/fr\/actualite\/national-45\/presence-securitaire-renforcee-a-l-avenue-habib-bourguiba\/201858\/#primaryimage","url":"https:\/\/www.webdo.tn\/fr\/wp-content\/uploads\/2023\/01\/57c004e4f4abfb5dc1ebfd0b35792989.jpg","contentUrl":"https:\/\/www.webdo.tn\/fr\/wp-content\/uploads\/2023\/01\/57c004e4f4abfb5dc1ebfd0b35792989.jpg","width":750,"height":400,"caption":"Pr\u00e9sence s\u00e9curitaire renforc\u00e9e \u00e0 l\u2019avenue Habib Bourguiba"},{"@type":"BreadcrumbList","@id":"https:\/\/www.webdo.tn\/fr\/actualite\/national-45\/presence-securitaire-renforcee-a-l-avenue-habib-bourguiba\/201858\/#breadcrumb","itemListElement":[{"@type":"ListItem","position":1,"name":"Accueil","item":"https:\/\/www.webdo.tn\/fr\/"},{"@type":"ListItem","position":2,"name":"Pr\u00e9sence s\u00e9curitaire renforc\u00e9e \u00e0 l\u2019avenue Habib Bourguiba"}]},{"@type":"WebSite","@id":"https:\/\/www.webdo.tn\/fr\/#website","url":"https:\/\/www.webdo.tn\/fr\/","name":"webdo","description":"Tunisie - News en Tunisie et \u00e0 l&#039;international sur Webdo.tn","publisher":{"@id":"https:\/\/www.webdo.tn\/fr\/#organization"},"potentialAction":[{"@type":"SearchAction","target":{"@type":"EntryPoint","urlTemplate":"https:\/\/www.webdo.tn\/fr\/?s={search_term_string}"},"query-input":{"@type":"PropertyValueSpecification","valueRequired":true,"valueName":"search_term_string"}}],"inLanguage":"fr-FR"},{"@type":"Organization","@id":"https:\/\/www.webdo.tn\/fr\/#organization","name":"Webdo","alternateName":"Webdo.tn","url":"https:\/\/www.webdo.tn\/fr\/","logo":{"@type":"ImageObject","inLanguage":"fr-FR","@id":"https:\/\/www.webdo.tn\/fr\/#\/schema\/logo\/image\/","url":"https:\/\/www.webdo.tn\/fr\/wp-content\/uploads\/2025\/06\/Webdo-Tunisie_168377.jpg","contentUrl":"https:\/\/www.webdo.tn\/fr\/wp-content\/uploads\/2025\/06\/Webdo-Tunisie_168377.jpg","width":301,"height":301,"caption":"Webdo"},"image":{"@id":"https:\/\/www.webdo.tn\/fr\/#\/schema\/logo\/image\/"},"sameAs":["https:\/\/www.facebook.com\/webdotn","https:\/\/x.com\/webdo_tn"],"description":"Webdo est un m\u00e9dia num\u00e9rique tunisien fond\u00e9 en 2010, sp\u00e9cialis\u00e9 dans l\u2019actualit\u00e9 nationale et internationale, l\u2019\u00e9conomie, la soci\u00e9t\u00e9 et les analyses politiques. Le site s\u2019adresse \u00e0 un large public francophone et couvre l\u2019information tunisienne en temps r\u00e9el.","email":"redac@webdo.tn","legalName":"YNJ SARL","foundingDate":"2010-09-06","numberOfEmployees":{"@type":"QuantitativeValue","minValue":"11","maxValue":"50"}},{"@type":"Person","@id":"https:\/\/www.webdo.tn\/fr\/#\/schema\/person\/2c4929cbf5a809e3bd38617c6ce150f6","name":"MC","image":{"@type":"ImageObject","inLanguage":"fr-FR","@id":"https:\/\/secure.gravatar.com\/avatar\/a545bbb6f84efdd5553dbbc2895e3ca8f1d12c5215e00a041c9670b54aa9b18a?s=96&d=mm&r=g","url":"https:\/\/secure.gravatar.com\/avatar\/a545bbb6f84efdd5553dbbc2895e3ca8f1d12c5215e00a041c9670b54aa9b18a?s=96&d=mm&r=g","contentUrl":"https:\/\/secure.gravatar.com\/avatar\/a545bbb6f84efdd5553dbbc2895e3ca8f1d12c5215e00a041c9670b54aa9b18a?s=96&d=mm&r=g","caption":"MC"},"url":"https:\/\/www.webdo.tn\/fr\/actualite\/author\/mc\/"}]}},"_links":{"self":[{"href":"https:\/\/www.webdo.tn\/fr\/wp-json\/wp\/v2\/posts\/201858","targetHints":{"allow":["GET"]}}],"collection":[{"href":"https:\/\/www.webdo.tn\/fr\/wp-json\/wp\/v2\/posts"}],"about":[{"href":"https:\/\/www.webdo.tn\/fr\/wp-json\/wp\/v2\/types\/post"}],"author":[{"embeddable":true,"href":"https:\/\/www.webdo.tn\/fr\/wp-json\/wp\/v2\/users\/3162"}],"replies":[{"embeddable":true,"href":"https:\/\/www.webdo.tn\/fr\/wp-json\/wp\/v2\/comments?post=201858"}],"version-history":[{"count":0,"href":"https:\/\/www.webdo.tn\/fr\/wp-json\/wp\/v2\/posts\/201858\/revisions"}],"wp:featuredmedia":[{"embeddable":true,"href":"https:\/\/www.webdo.tn\/fr\/wp-json\/wp\/v2\/media\/348278"}],"wp:attachment":[{"href":"https:\/\/www.webdo.tn\/fr\/wp-json\/wp\/v2\/media?parent=201858"}],"wp:term":[{"taxonomy":"category","embeddable":true,"href":"https:\/\/www.webdo.tn\/fr\/wp-json\/wp\/v2\/categories?post=201858"},{"taxonomy":"post_tag","embeddable":true,"href":"https:\/\/www.webdo.tn\/fr\/wp-json\/wp\/v2\/tags?post=201858"}],"curies":[{"name":"wp","href":"https:\/\/api.w.org\/{rel}","templated":true}]}}