{"id":201855,"date":"2023-01-14T11:18:00","date_gmt":"2023-01-14T11:18:00","guid":{"rendered":"https:\/\/www.webdo.tn\/fr\/blog\/tt-security-day-4-de-tunisie-telecom-l-indispensable-cyber-securite-pour-tous\/201855\/"},"modified":"2025-05-20T23:02:17","modified_gmt":"2025-05-20T23:02:17","slug":"tt-security-day-4-de-tunisie-telecom-l-indispensable-cyber-securite-pour-tous","status":"publish","type":"post","link":"https:\/\/www.webdo.tn\/fr\/actualite\/national\/tt-security-day-4-de-tunisie-telecom-l-indispensable-cyber-securite-pour-tous\/201855\/","title":{"rendered":"\u00ab\u00a0TT Security Day 4\u00a0\u00bb de Tunisie Telecom : L\u2019indispensable cyber-s\u00e9curit\u00e9 pour tous\u2026"},"content":{"rendered":"<p>C\u2019est la quatri\u00e8me \u00e9dition de \u00ab TT Security Day \u00bb qu\u2019organise annuellement Tunisie Telecom et qui vient de se tenir jeudi 12 janvier 2023 \u00e0 l\u2019h\u00f4tel La\u00efco de Tunis, en pr\u00e9sence de diff\u00e9rents responsables d\u2019institutions et de soci\u00e9t\u00e9s concern\u00e9es par la s\u00e9curit\u00e9 informatique et de nombreux intervenants experts, ing\u00e9nieurs et autres sp\u00e9cialistes dans le domaine en question, en plus d\u2019\u00e9tudiants en s\u00e9curit\u00e9 informatique.<\/p>\n<p>\t\t\t\t\t\t\t\t\tM. Lassa\u00e2d Ben Dhiab, PDG de Tunisie Telecom, a ouvert la journ\u00e9e par un discours de bienvenue, mettant l\u2019accent sur l\u2019importance de la cyber-s\u00e9curit\u00e9 dans le monde d\u2019aujourd\u2019hui et qui touche tous les domaines d\u2019activit\u00e9 sans exception, tels que le social, le culturel, l\u2019\u00e9ducatif ou particuli\u00e8rement celui des finances.<\/p>\n<p>Insistant de m\u00eame sur l\u2019importance de la culture de la s\u00e9curit\u00e9 informatique dans tous les secteurs et o\u00f9 Tunisie Telecom se trouve totalement impliqu\u00e9e afin d\u2019aider les diff\u00e9rentes institutions, quelles qu\u2019elles soient, \u00e0 se prot\u00e9ger contre ce fl\u00e9au.<\/p>\n<p>M. Ben Dhiab a indiqu\u00e9 que cette \u00e9dition se tient sous le th\u00e8me de \u00ab Let\u2019s secure the future \u00bb (\u00ab S\u00e9curisons le futur \u00bb), rappelant la n\u00e9cessit\u00e9 de ma\u00eetriser tous les moyens pour contrer les attaques informatiques et d\u2019\u00eatre \u00e0 jour au sujet des nouveaut\u00e9s dans la cyber-s\u00e9curit\u00e9. Une veille de tous les jours face aux risques d\u2019attaques informatiques qui se d\u00e9veloppent \u00e0 un rythme effr\u00e9n\u00e9 et prenant des aspects de plus en plus complexes.\u00a0 \u00a0<\/p>\n<p>Par la suite les diff\u00e9rents intervenants ont mis l\u2019accent pour leur part sur les challenges \u00e0 relever comme la protection du Cyber Espace National pour l\u2019ANSI (l\u2019Agence nationale de la S\u00e9curit\u00e9 informatique), telle que analys\u00e9e par M. Yassine Jema\u00efel, D. G. de cette institution, et le r\u00f4le qu\u2019elle jour \u00e0 diff\u00e9rents niveaux comme la supervision, le traitement des incidents, l\u2019assistance ou la sensibilisation au sujet de tout ce qui est en rapport avec la s\u00e9curit\u00e9 informatique.<\/p>\n<p>Au niveau des chiffres, comme l\u2019a indiqu\u00e9 M. Helmi Ra\u00efs, toutes les 39 secondes une attaque est op\u00e9r\u00e9e \u00e0 travers le monde, causant au total des dommages de l\u2019ordre de 10,5 trillions de dollars et que ces attaques n\u2019\u00e9pargnent personne ni aucune entreprise.<\/p>\n<p>Pour y faire face, toutes les soci\u00e9t\u00e9s ont leur programme et service de cyber-s\u00e9curit\u00e9 \u00e0 l\u2019instar des banques, des grandes firmes industrielles (Airbus, Dassault, Volkswagen, Alsthom, Thales\u2026) et autres prestataires de services.<\/p>\n<p>C\u2019est que ces criminels de l\u2019informatique ne cherchent qu\u2019\u00e0 monnayer l\u2019information ou les informations qu\u2019ils recueillent illicitement aupr\u00e8s de ces institutions, usant de chantages \u00e0 coup de dizaines de milliers de dollars. C\u2019est pour cela qu\u2019il est utile de se pr\u00e9parer \u00e0 l\u2019attaque et \u00e0 la crise qui peut s\u2019en suivre, au lieu de chercher la solution, sachant qu\u2019aucun syst\u00e8me n\u2019est infaillible face \u00e0 ces attaques.\u00a0 \u00a0<\/p>\n<p>Il est \u00e0 rappeler qu&rsquo;\u00e0 l\u2019occasion de cette journ\u00e9e \u00ab TT Security Day 4 \u00bb et comme les \u00e9ditions pr\u00e9c\u00e9dentes de TT Security Day, Tunisie Telecom a permis \u00e0 de nombreux \u00e9tudiants en s\u00e9curit\u00e9 informatique d\u2019\u00eatre \u00e0 jour \u00e0 ce niveau-l\u00e0 en les faisant participer \u00e0 cette journ\u00e9e, cela en plus de leur avoir organis\u00e9 une comp\u00e9tition dans le domaine de la cyber-s\u00e9curit\u00e9 \u00e0 laquelle ont particip\u00e9 12 \u00e9quipes (sur 80 candidatures), provenant de plusieurs universit\u00e9s, publiques et priv\u00e9es, de diff\u00e9rentes r\u00e9gions du pays.<\/p>\n<p>Trois \u00e9quipes ont \u00e9t\u00e9 prim\u00e9es (\u00ab Task Hached \u00bb pour le 1er prix, \u00ab Saga3-ly \u00bb pour le 2\u00e8me et \u00ab Enthousiastes \u00bb pour le 3\u00e8me prix). Une mani\u00e8re pour Tunisie Telecom \u00e0 travers l\u2019implication des jeunes et leur encouragement de favoriser et de mettre en valeur les comp\u00e9tences et les m\u00e9tiers de la s\u00e9curit\u00e9 num\u00e9rique chez les jeunes \u00e9tudiants.<\/p>\n","protected":false},"excerpt":{"rendered":"<p>C\u2019est la quatri\u00e8me \u00e9dition de \u00ab TT Security Day \u00bb qu\u2019organise annuellement Tunisie Telecom et qui vient de se tenir jeudi 12 janvier 2023 \u00e0 l\u2019h\u00f4tel La\u00efco de Tun&#8230;<\/p>\n","protected":false},"author":3198,"featured_media":277577,"comment_status":"open","ping_status":"closed","sticky":false,"template":"","format":"standard","meta":{"footnotes":""},"categories":[44],"tags":[9274,2931],"class_list":["post-201855","post","type-post","status-publish","format-standard","has-post-thumbnail","hentry","category-national","tag-tt-security-day-4","tag-tunisie-telecom"],"yoast_head":"<!-- This site is optimized with the Yoast SEO Premium plugin v27.5 (Yoast SEO v27.5) - https:\/\/yoast.com\/product\/yoast-seo-premium-wordpress\/ -->\n<title>TT Security Day 4 de Tunisie Telecom : L\u2019indispensable cyber-s\u00e9curit\u00e9 pour tous\u2026<\/title>\n<meta name=\"description\" content=\"C\u2019est la quatri\u00e8me \u00e9dition de \u00ab TT Security Day \u00bb qu\u2019organise annuellement Tunisie Telecom et qui vient de se tenir jeudi 12 janvier 2023 \u00e0 l\u2019h\u00f4tel La\u00efco de Tun...\" \/>\n<link rel=\"canonical\" href=\"https:\/\/www.webdo.tn\/fr\/actualite\/national\/tt-security-day-4-de-tunisie-telecom-l-indispensable-cyber-securite-pour-tous\/201855\/\" \/>\n<meta property=\"og:locale\" content=\"fr_FR\" \/>\n<meta property=\"og:type\" content=\"article\" \/>\n<meta property=\"og:title\" content=\"&quot;TT Security Day 4&quot; de Tunisie Telecom : L\u2019indispensable cyber-s\u00e9curit\u00e9 pour tous\u2026\" \/>\n<meta property=\"og:description\" content=\"C\u2019est la quatri\u00e8me \u00e9dition de \u00ab TT Security Day \u00bb qu\u2019organise annuellement Tunisie Telecom et qui vient de se tenir jeudi 12 janvier 2023 \u00e0 l\u2019h\u00f4tel La\u00efco de Tun...\" \/>\n<meta property=\"og:url\" content=\"https:\/\/www.webdo.tn\/fr\/actualite\/national\/tt-security-day-4-de-tunisie-telecom-l-indispensable-cyber-securite-pour-tous\/201855\/\" \/>\n<meta property=\"og:site_name\" content=\"webdo\" \/>\n<meta property=\"article:publisher\" content=\"https:\/\/www.facebook.com\/webdotn\" \/>\n<meta property=\"article:published_time\" content=\"2023-01-14T11:18:00+00:00\" \/>\n<meta property=\"article:modified_time\" content=\"2025-05-20T23:02:17+00:00\" \/>\n<meta property=\"og:image\" content=\"https:\/\/www.webdo.tn\/fr\/wp-content\/uploads\/2023\/01\/bc666629d6af8a0fffd9a13514ebff41.jpg\" \/>\n\t<meta property=\"og:image:width\" content=\"680\" \/>\n\t<meta property=\"og:image:height\" content=\"363\" \/>\n\t<meta property=\"og:image:type\" content=\"image\/jpeg\" \/>\n<meta name=\"author\" content=\"Jameleddine Ben Abdessamad\" \/>\n<meta name=\"twitter:card\" content=\"summary_large_image\" \/>\n<meta name=\"twitter:creator\" content=\"@webdo_tn\" \/>\n<meta name=\"twitter:site\" content=\"@webdo_tn\" \/>\n<meta name=\"twitter:label1\" content=\"\u00c9crit par\" \/>\n\t<meta name=\"twitter:data1\" content=\"Jameleddine Ben Abdessamad\" \/>\n\t<meta name=\"twitter:label2\" content=\"Dur\u00e9e de lecture estim\u00e9e\" \/>\n\t<meta name=\"twitter:data2\" content=\"3 minutes\" \/>\n<script type=\"application\/ld+json\" class=\"yoast-schema-graph\">{\"@context\":\"https:\\\/\\\/schema.org\",\"@graph\":[{\"@type\":\"NewsArticle\",\"@id\":\"https:\\\/\\\/www.webdo.tn\\\/fr\\\/actualite\\\/national\\\/tt-security-day-4-de-tunisie-telecom-l-indispensable-cyber-securite-pour-tous\\\/201855\\\/#article\",\"isPartOf\":{\"@id\":\"https:\\\/\\\/www.webdo.tn\\\/fr\\\/actualite\\\/national\\\/tt-security-day-4-de-tunisie-telecom-l-indispensable-cyber-securite-pour-tous\\\/201855\\\/\"},\"author\":{\"name\":\"Jameleddine Ben Abdessamad\",\"@id\":\"https:\\\/\\\/www.webdo.tn\\\/fr\\\/#\\\/schema\\\/person\\\/3cd59ecdbfd3f2d825166ec61f70700f\"},\"headline\":\"\u00ab\u00a0TT Security Day 4\u00a0\u00bb de Tunisie Telecom : L\u2019indispensable cyber-s\u00e9curit\u00e9 pour tous\u2026\",\"datePublished\":\"2023-01-14T11:18:00+00:00\",\"dateModified\":\"2025-05-20T23:02:17+00:00\",\"mainEntityOfPage\":{\"@id\":\"https:\\\/\\\/www.webdo.tn\\\/fr\\\/actualite\\\/national\\\/tt-security-day-4-de-tunisie-telecom-l-indispensable-cyber-securite-pour-tous\\\/201855\\\/\"},\"wordCount\":662,\"commentCount\":0,\"publisher\":{\"@id\":\"https:\\\/\\\/www.webdo.tn\\\/fr\\\/#organization\"},\"image\":{\"@id\":\"https:\\\/\\\/www.webdo.tn\\\/fr\\\/actualite\\\/national\\\/tt-security-day-4-de-tunisie-telecom-l-indispensable-cyber-securite-pour-tous\\\/201855\\\/#primaryimage\"},\"thumbnailUrl\":\"https:\\\/\\\/www.webdo.tn\\\/fr\\\/wp-content\\\/uploads\\\/2023\\\/01\\\/bc666629d6af8a0fffd9a13514ebff41.jpg\",\"keywords\":[\"TT Security Day 4\",\"Tunisie Telecom\"],\"articleSection\":[\"National\"],\"inLanguage\":\"fr-FR\"},{\"@type\":\"WebPage\",\"@id\":\"https:\\\/\\\/www.webdo.tn\\\/fr\\\/actualite\\\/national\\\/tt-security-day-4-de-tunisie-telecom-l-indispensable-cyber-securite-pour-tous\\\/201855\\\/\",\"url\":\"https:\\\/\\\/www.webdo.tn\\\/fr\\\/actualite\\\/national\\\/tt-security-day-4-de-tunisie-telecom-l-indispensable-cyber-securite-pour-tous\\\/201855\\\/\",\"name\":\"TT Security Day 4 de Tunisie Telecom : L\u2019indispensable cyber-s\u00e9curit\u00e9 pour tous\u2026\",\"isPartOf\":{\"@id\":\"https:\\\/\\\/www.webdo.tn\\\/fr\\\/#website\"},\"primaryImageOfPage\":{\"@id\":\"https:\\\/\\\/www.webdo.tn\\\/fr\\\/actualite\\\/national\\\/tt-security-day-4-de-tunisie-telecom-l-indispensable-cyber-securite-pour-tous\\\/201855\\\/#primaryimage\"},\"image\":{\"@id\":\"https:\\\/\\\/www.webdo.tn\\\/fr\\\/actualite\\\/national\\\/tt-security-day-4-de-tunisie-telecom-l-indispensable-cyber-securite-pour-tous\\\/201855\\\/#primaryimage\"},\"thumbnailUrl\":\"https:\\\/\\\/www.webdo.tn\\\/fr\\\/wp-content\\\/uploads\\\/2023\\\/01\\\/bc666629d6af8a0fffd9a13514ebff41.jpg\",\"datePublished\":\"2023-01-14T11:18:00+00:00\",\"dateModified\":\"2025-05-20T23:02:17+00:00\",\"description\":\"C\u2019est la quatri\u00e8me \u00e9dition de \u00ab TT Security Day \u00bb qu\u2019organise annuellement Tunisie Telecom et qui vient de se tenir jeudi 12 janvier 2023 \u00e0 l\u2019h\u00f4tel La\u00efco de Tun...\",\"breadcrumb\":{\"@id\":\"https:\\\/\\\/www.webdo.tn\\\/fr\\\/actualite\\\/national\\\/tt-security-day-4-de-tunisie-telecom-l-indispensable-cyber-securite-pour-tous\\\/201855\\\/#breadcrumb\"},\"inLanguage\":\"fr-FR\",\"potentialAction\":[{\"@type\":\"ReadAction\",\"target\":[\"https:\\\/\\\/www.webdo.tn\\\/fr\\\/actualite\\\/national\\\/tt-security-day-4-de-tunisie-telecom-l-indispensable-cyber-securite-pour-tous\\\/201855\\\/\"]}]},{\"@type\":\"ImageObject\",\"inLanguage\":\"fr-FR\",\"@id\":\"https:\\\/\\\/www.webdo.tn\\\/fr\\\/actualite\\\/national\\\/tt-security-day-4-de-tunisie-telecom-l-indispensable-cyber-securite-pour-tous\\\/201855\\\/#primaryimage\",\"url\":\"https:\\\/\\\/www.webdo.tn\\\/fr\\\/wp-content\\\/uploads\\\/2023\\\/01\\\/bc666629d6af8a0fffd9a13514ebff41.jpg\",\"contentUrl\":\"https:\\\/\\\/www.webdo.tn\\\/fr\\\/wp-content\\\/uploads\\\/2023\\\/01\\\/bc666629d6af8a0fffd9a13514ebff41.jpg\",\"width\":680,\"height\":363,\"caption\":\"\\\"TT Security Day 4\\\" de Tunisie Telecom : L\u2019indispensable cyber-s\u00e9curit\u00e9 pour tous\u2026\"},{\"@type\":\"BreadcrumbList\",\"@id\":\"https:\\\/\\\/www.webdo.tn\\\/fr\\\/actualite\\\/national\\\/tt-security-day-4-de-tunisie-telecom-l-indispensable-cyber-securite-pour-tous\\\/201855\\\/#breadcrumb\",\"itemListElement\":[{\"@type\":\"ListItem\",\"position\":1,\"name\":\"Accueil\",\"item\":\"https:\\\/\\\/www.webdo.tn\\\/fr\\\/\"},{\"@type\":\"ListItem\",\"position\":2,\"name\":\"\u00ab\u00a0TT Security Day 4\u00a0\u00bb de Tunisie Telecom : L\u2019indispensable cyber-s\u00e9curit\u00e9 pour tous\u2026\"}]},{\"@type\":\"WebSite\",\"@id\":\"https:\\\/\\\/www.webdo.tn\\\/fr\\\/#website\",\"url\":\"https:\\\/\\\/www.webdo.tn\\\/fr\\\/\",\"name\":\"webdo\",\"description\":\"Tunisie - News en Tunisie et \u00e0 l&#039;international sur Webdo.tn\",\"publisher\":{\"@id\":\"https:\\\/\\\/www.webdo.tn\\\/fr\\\/#organization\"},\"potentialAction\":[{\"@type\":\"SearchAction\",\"target\":{\"@type\":\"EntryPoint\",\"urlTemplate\":\"https:\\\/\\\/www.webdo.tn\\\/fr\\\/?s={search_term_string}\"},\"query-input\":{\"@type\":\"PropertyValueSpecification\",\"valueRequired\":true,\"valueName\":\"search_term_string\"}}],\"inLanguage\":\"fr-FR\"},{\"@type\":\"Organization\",\"@id\":\"https:\\\/\\\/www.webdo.tn\\\/fr\\\/#organization\",\"name\":\"Webdo\",\"alternateName\":\"Webdo.tn\",\"url\":\"https:\\\/\\\/www.webdo.tn\\\/fr\\\/\",\"logo\":{\"@type\":\"ImageObject\",\"inLanguage\":\"fr-FR\",\"@id\":\"https:\\\/\\\/www.webdo.tn\\\/fr\\\/#\\\/schema\\\/logo\\\/image\\\/\",\"url\":\"https:\\\/\\\/www.webdo.tn\\\/fr\\\/wp-content\\\/uploads\\\/2025\\\/06\\\/Webdo-Tunisie_168377.jpg\",\"contentUrl\":\"https:\\\/\\\/www.webdo.tn\\\/fr\\\/wp-content\\\/uploads\\\/2025\\\/06\\\/Webdo-Tunisie_168377.jpg\",\"width\":301,\"height\":301,\"caption\":\"Webdo\"},\"image\":{\"@id\":\"https:\\\/\\\/www.webdo.tn\\\/fr\\\/#\\\/schema\\\/logo\\\/image\\\/\"},\"sameAs\":[\"https:\\\/\\\/www.facebook.com\\\/webdotn\",\"https:\\\/\\\/x.com\\\/webdo_tn\"],\"description\":\"Webdo est un m\u00e9dia num\u00e9rique tunisien fond\u00e9 en 2010, sp\u00e9cialis\u00e9 dans l\u2019actualit\u00e9 nationale et internationale, l\u2019\u00e9conomie, la soci\u00e9t\u00e9 et les analyses politiques. Le site s\u2019adresse \u00e0 un large public francophone et couvre l\u2019information tunisienne en temps r\u00e9el.\",\"email\":\"redac@webdo.tn\",\"legalName\":\"YNJ SARL\",\"foundingDate\":\"2010-09-06\",\"numberOfEmployees\":{\"@type\":\"QuantitativeValue\",\"minValue\":\"11\",\"maxValue\":\"50\"}},{\"@type\":\"Person\",\"@id\":\"https:\\\/\\\/www.webdo.tn\\\/fr\\\/#\\\/schema\\\/person\\\/3cd59ecdbfd3f2d825166ec61f70700f\",\"name\":\"Jameleddine Ben Abdessamad\",\"image\":{\"@type\":\"ImageObject\",\"inLanguage\":\"fr-FR\",\"@id\":\"https:\\\/\\\/secure.gravatar.com\\\/avatar\\\/8eabb53a0af340c3db0a37d7542bc401008f3dcfcbb40d8c9e06694f6b8edfae?s=96&d=mm&r=g\",\"url\":\"https:\\\/\\\/secure.gravatar.com\\\/avatar\\\/8eabb53a0af340c3db0a37d7542bc401008f3dcfcbb40d8c9e06694f6b8edfae?s=96&d=mm&r=g\",\"contentUrl\":\"https:\\\/\\\/secure.gravatar.com\\\/avatar\\\/8eabb53a0af340c3db0a37d7542bc401008f3dcfcbb40d8c9e06694f6b8edfae?s=96&d=mm&r=g\",\"caption\":\"Jameleddine Ben Abdessamad\"},\"url\":\"https:\\\/\\\/www.webdo.tn\\\/fr\\\/actualite\\\/author\\\/jameleddine-ben-abdessamad\\\/\"}]}<\/script>\n<!-- \/ Yoast SEO Premium plugin. -->","yoast_head_json":{"title":"TT Security Day 4 de Tunisie Telecom : L\u2019indispensable cyber-s\u00e9curit\u00e9 pour tous\u2026","description":"C\u2019est la quatri\u00e8me \u00e9dition de \u00ab TT Security Day \u00bb qu\u2019organise annuellement Tunisie Telecom et qui vient de se tenir jeudi 12 janvier 2023 \u00e0 l\u2019h\u00f4tel La\u00efco de Tun...","canonical":"https:\/\/www.webdo.tn\/fr\/actualite\/national\/tt-security-day-4-de-tunisie-telecom-l-indispensable-cyber-securite-pour-tous\/201855\/","og_locale":"fr_FR","og_type":"article","og_title":"\"TT Security Day 4\" de Tunisie Telecom : L\u2019indispensable cyber-s\u00e9curit\u00e9 pour tous\u2026","og_description":"C\u2019est la quatri\u00e8me \u00e9dition de \u00ab TT Security Day \u00bb qu\u2019organise annuellement Tunisie Telecom et qui vient de se tenir jeudi 12 janvier 2023 \u00e0 l\u2019h\u00f4tel La\u00efco de Tun...","og_url":"https:\/\/www.webdo.tn\/fr\/actualite\/national\/tt-security-day-4-de-tunisie-telecom-l-indispensable-cyber-securite-pour-tous\/201855\/","og_site_name":"webdo","article_publisher":"https:\/\/www.facebook.com\/webdotn","article_published_time":"2023-01-14T11:18:00+00:00","article_modified_time":"2025-05-20T23:02:17+00:00","og_image":[{"width":680,"height":363,"url":"https:\/\/www.webdo.tn\/fr\/wp-content\/uploads\/2023\/01\/bc666629d6af8a0fffd9a13514ebff41.jpg","type":"image\/jpeg"}],"author":"Jameleddine Ben Abdessamad","twitter_card":"summary_large_image","twitter_creator":"@webdo_tn","twitter_site":"@webdo_tn","twitter_misc":{"\u00c9crit par":"Jameleddine Ben Abdessamad","Dur\u00e9e de lecture estim\u00e9e":"3 minutes"},"schema":{"@context":"https:\/\/schema.org","@graph":[{"@type":"NewsArticle","@id":"https:\/\/www.webdo.tn\/fr\/actualite\/national\/tt-security-day-4-de-tunisie-telecom-l-indispensable-cyber-securite-pour-tous\/201855\/#article","isPartOf":{"@id":"https:\/\/www.webdo.tn\/fr\/actualite\/national\/tt-security-day-4-de-tunisie-telecom-l-indispensable-cyber-securite-pour-tous\/201855\/"},"author":{"name":"Jameleddine Ben Abdessamad","@id":"https:\/\/www.webdo.tn\/fr\/#\/schema\/person\/3cd59ecdbfd3f2d825166ec61f70700f"},"headline":"\u00ab\u00a0TT Security Day 4\u00a0\u00bb de Tunisie Telecom : L\u2019indispensable cyber-s\u00e9curit\u00e9 pour tous\u2026","datePublished":"2023-01-14T11:18:00+00:00","dateModified":"2025-05-20T23:02:17+00:00","mainEntityOfPage":{"@id":"https:\/\/www.webdo.tn\/fr\/actualite\/national\/tt-security-day-4-de-tunisie-telecom-l-indispensable-cyber-securite-pour-tous\/201855\/"},"wordCount":662,"commentCount":0,"publisher":{"@id":"https:\/\/www.webdo.tn\/fr\/#organization"},"image":{"@id":"https:\/\/www.webdo.tn\/fr\/actualite\/national\/tt-security-day-4-de-tunisie-telecom-l-indispensable-cyber-securite-pour-tous\/201855\/#primaryimage"},"thumbnailUrl":"https:\/\/www.webdo.tn\/fr\/wp-content\/uploads\/2023\/01\/bc666629d6af8a0fffd9a13514ebff41.jpg","keywords":["TT Security Day 4","Tunisie Telecom"],"articleSection":["National"],"inLanguage":"fr-FR"},{"@type":"WebPage","@id":"https:\/\/www.webdo.tn\/fr\/actualite\/national\/tt-security-day-4-de-tunisie-telecom-l-indispensable-cyber-securite-pour-tous\/201855\/","url":"https:\/\/www.webdo.tn\/fr\/actualite\/national\/tt-security-day-4-de-tunisie-telecom-l-indispensable-cyber-securite-pour-tous\/201855\/","name":"TT Security Day 4 de Tunisie Telecom : L\u2019indispensable cyber-s\u00e9curit\u00e9 pour tous\u2026","isPartOf":{"@id":"https:\/\/www.webdo.tn\/fr\/#website"},"primaryImageOfPage":{"@id":"https:\/\/www.webdo.tn\/fr\/actualite\/national\/tt-security-day-4-de-tunisie-telecom-l-indispensable-cyber-securite-pour-tous\/201855\/#primaryimage"},"image":{"@id":"https:\/\/www.webdo.tn\/fr\/actualite\/national\/tt-security-day-4-de-tunisie-telecom-l-indispensable-cyber-securite-pour-tous\/201855\/#primaryimage"},"thumbnailUrl":"https:\/\/www.webdo.tn\/fr\/wp-content\/uploads\/2023\/01\/bc666629d6af8a0fffd9a13514ebff41.jpg","datePublished":"2023-01-14T11:18:00+00:00","dateModified":"2025-05-20T23:02:17+00:00","description":"C\u2019est la quatri\u00e8me \u00e9dition de \u00ab TT Security Day \u00bb qu\u2019organise annuellement Tunisie Telecom et qui vient de se tenir jeudi 12 janvier 2023 \u00e0 l\u2019h\u00f4tel La\u00efco de Tun...","breadcrumb":{"@id":"https:\/\/www.webdo.tn\/fr\/actualite\/national\/tt-security-day-4-de-tunisie-telecom-l-indispensable-cyber-securite-pour-tous\/201855\/#breadcrumb"},"inLanguage":"fr-FR","potentialAction":[{"@type":"ReadAction","target":["https:\/\/www.webdo.tn\/fr\/actualite\/national\/tt-security-day-4-de-tunisie-telecom-l-indispensable-cyber-securite-pour-tous\/201855\/"]}]},{"@type":"ImageObject","inLanguage":"fr-FR","@id":"https:\/\/www.webdo.tn\/fr\/actualite\/national\/tt-security-day-4-de-tunisie-telecom-l-indispensable-cyber-securite-pour-tous\/201855\/#primaryimage","url":"https:\/\/www.webdo.tn\/fr\/wp-content\/uploads\/2023\/01\/bc666629d6af8a0fffd9a13514ebff41.jpg","contentUrl":"https:\/\/www.webdo.tn\/fr\/wp-content\/uploads\/2023\/01\/bc666629d6af8a0fffd9a13514ebff41.jpg","width":680,"height":363,"caption":"\"TT Security Day 4\" de Tunisie Telecom : L\u2019indispensable cyber-s\u00e9curit\u00e9 pour tous\u2026"},{"@type":"BreadcrumbList","@id":"https:\/\/www.webdo.tn\/fr\/actualite\/national\/tt-security-day-4-de-tunisie-telecom-l-indispensable-cyber-securite-pour-tous\/201855\/#breadcrumb","itemListElement":[{"@type":"ListItem","position":1,"name":"Accueil","item":"https:\/\/www.webdo.tn\/fr\/"},{"@type":"ListItem","position":2,"name":"\u00ab\u00a0TT Security Day 4\u00a0\u00bb de Tunisie Telecom : L\u2019indispensable cyber-s\u00e9curit\u00e9 pour tous\u2026"}]},{"@type":"WebSite","@id":"https:\/\/www.webdo.tn\/fr\/#website","url":"https:\/\/www.webdo.tn\/fr\/","name":"webdo","description":"Tunisie - News en Tunisie et \u00e0 l&#039;international sur Webdo.tn","publisher":{"@id":"https:\/\/www.webdo.tn\/fr\/#organization"},"potentialAction":[{"@type":"SearchAction","target":{"@type":"EntryPoint","urlTemplate":"https:\/\/www.webdo.tn\/fr\/?s={search_term_string}"},"query-input":{"@type":"PropertyValueSpecification","valueRequired":true,"valueName":"search_term_string"}}],"inLanguage":"fr-FR"},{"@type":"Organization","@id":"https:\/\/www.webdo.tn\/fr\/#organization","name":"Webdo","alternateName":"Webdo.tn","url":"https:\/\/www.webdo.tn\/fr\/","logo":{"@type":"ImageObject","inLanguage":"fr-FR","@id":"https:\/\/www.webdo.tn\/fr\/#\/schema\/logo\/image\/","url":"https:\/\/www.webdo.tn\/fr\/wp-content\/uploads\/2025\/06\/Webdo-Tunisie_168377.jpg","contentUrl":"https:\/\/www.webdo.tn\/fr\/wp-content\/uploads\/2025\/06\/Webdo-Tunisie_168377.jpg","width":301,"height":301,"caption":"Webdo"},"image":{"@id":"https:\/\/www.webdo.tn\/fr\/#\/schema\/logo\/image\/"},"sameAs":["https:\/\/www.facebook.com\/webdotn","https:\/\/x.com\/webdo_tn"],"description":"Webdo est un m\u00e9dia num\u00e9rique tunisien fond\u00e9 en 2010, sp\u00e9cialis\u00e9 dans l\u2019actualit\u00e9 nationale et internationale, l\u2019\u00e9conomie, la soci\u00e9t\u00e9 et les analyses politiques. Le site s\u2019adresse \u00e0 un large public francophone et couvre l\u2019information tunisienne en temps r\u00e9el.","email":"redac@webdo.tn","legalName":"YNJ SARL","foundingDate":"2010-09-06","numberOfEmployees":{"@type":"QuantitativeValue","minValue":"11","maxValue":"50"}},{"@type":"Person","@id":"https:\/\/www.webdo.tn\/fr\/#\/schema\/person\/3cd59ecdbfd3f2d825166ec61f70700f","name":"Jameleddine Ben Abdessamad","image":{"@type":"ImageObject","inLanguage":"fr-FR","@id":"https:\/\/secure.gravatar.com\/avatar\/8eabb53a0af340c3db0a37d7542bc401008f3dcfcbb40d8c9e06694f6b8edfae?s=96&d=mm&r=g","url":"https:\/\/secure.gravatar.com\/avatar\/8eabb53a0af340c3db0a37d7542bc401008f3dcfcbb40d8c9e06694f6b8edfae?s=96&d=mm&r=g","contentUrl":"https:\/\/secure.gravatar.com\/avatar\/8eabb53a0af340c3db0a37d7542bc401008f3dcfcbb40d8c9e06694f6b8edfae?s=96&d=mm&r=g","caption":"Jameleddine Ben Abdessamad"},"url":"https:\/\/www.webdo.tn\/fr\/actualite\/author\/jameleddine-ben-abdessamad\/"}]}},"_links":{"self":[{"href":"https:\/\/www.webdo.tn\/fr\/wp-json\/wp\/v2\/posts\/201855","targetHints":{"allow":["GET"]}}],"collection":[{"href":"https:\/\/www.webdo.tn\/fr\/wp-json\/wp\/v2\/posts"}],"about":[{"href":"https:\/\/www.webdo.tn\/fr\/wp-json\/wp\/v2\/types\/post"}],"author":[{"embeddable":true,"href":"https:\/\/www.webdo.tn\/fr\/wp-json\/wp\/v2\/users\/3198"}],"replies":[{"embeddable":true,"href":"https:\/\/www.webdo.tn\/fr\/wp-json\/wp\/v2\/comments?post=201855"}],"version-history":[{"count":0,"href":"https:\/\/www.webdo.tn\/fr\/wp-json\/wp\/v2\/posts\/201855\/revisions"}],"wp:featuredmedia":[{"embeddable":true,"href":"https:\/\/www.webdo.tn\/fr\/wp-json\/wp\/v2\/media\/277577"}],"wp:attachment":[{"href":"https:\/\/www.webdo.tn\/fr\/wp-json\/wp\/v2\/media?parent=201855"}],"wp:term":[{"taxonomy":"category","embeddable":true,"href":"https:\/\/www.webdo.tn\/fr\/wp-json\/wp\/v2\/categories?post=201855"},{"taxonomy":"post_tag","embeddable":true,"href":"https:\/\/www.webdo.tn\/fr\/wp-json\/wp\/v2\/tags?post=201855"}],"curies":[{"name":"wp","href":"https:\/\/api.w.org\/{rel}","templated":true}]}}