{"id":201854,"date":"2023-01-14T11:07:00","date_gmt":"2023-01-14T11:07:00","guid":{"rendered":"https:\/\/www.webdo.tn\/fr\/blog\/l-ex-gouverneur-de-sfax-confronte-a-une-peine-de-prison\/201854\/"},"modified":"2025-05-20T22:06:55","modified_gmt":"2025-05-20T22:06:55","slug":"l-ex-gouverneur-de-sfax-confronte-a-une-peine-de-prison","status":"publish","type":"post","link":"https:\/\/www.webdo.tn\/fr\/actualite\/national\/l-ex-gouverneur-de-sfax-confronte-a-une-peine-de-prison\/201854\/","title":{"rendered":"L&rsquo;ex-gouverneur de Sfax \u00ab\u00a0confront\u00e9\u00a0\u00bb \u00e0 la rumeur ?"},"content":{"rendered":"<p>L\u2019ex-gouverneur de Sfax, Fakher Fakhfekh, r\u00e9cemment limog\u00e9 par le pr\u00e9sident Kais Saied, est confront\u00e9 \u00e0 une nouvelle affaire, celle d\u2019une ancienne condamanation.<\/p>\n<p>\t\t\t\t\t\t\t\t\tFakher Fakhfekh avait \u00e9t\u00e9 condamn\u00e9 par contumace, les rumeurs \u00e9voquant une peine de deux ans de prison contre lui. Mais le porte-parole de la Cour d\u2019appel de Sfax, Mourad Turki, a d\u00e9menti ces rumeurs de condamnation.<\/p>\n<p>Il a expliqu\u00e9 que Fakhfekh a fait appel en octobre 2022 contre une condamnation par contumace et qu\u2019il s\u2019est pr\u00e9sent\u00e9 au mois de novembre dernier devant le comit\u00e9 de la Cour d\u2019appel.<\/p>\n<p>Le recours a \u00e9t\u00e9 accept\u00e9 dans la forme et l\u2019examen du dossier a \u00e9t\u00e9 report\u00e9 pour la fin du mois de janvier.<\/p>\n","protected":false},"excerpt":{"rendered":"<p>L\u2019ex-gouverneur de Sfax, Fakher Fakhfekh, r\u00e9cemment limog\u00e9 par le pr\u00e9sident Kais Saied, est confront\u00e9 \u00e0 une nouvelle affaire, celle d\u2019une ancienne condamanation&#8230;<\/p>\n","protected":false},"author":3162,"featured_media":277575,"comment_status":"open","ping_status":"closed","sticky":false,"template":"","format":"standard","meta":{"footnotes":""},"categories":[44],"tags":[4263,2835,9273,2619],"class_list":["post-201854","post","type-post","status-publish","format-standard","has-post-thumbnail","hentry","category-national","tag-appel","tag-condamnation","tag-fakher-fakhfekh","tag-justice"],"yoast_head":"<!-- This site is optimized with the Yoast SEO Premium plugin v27.5 (Yoast SEO v27.5) - https:\/\/yoast.com\/product\/yoast-seo-premium-wordpress\/ -->\n<title>L&#039;ex-gouverneur de Sfax confront\u00e9 \u00e0 la rumeur ?<\/title>\n<meta name=\"description\" content=\"L\u2019ex-gouverneur de Sfax, Fakher Fakhfekh, r\u00e9cemment limog\u00e9 par le pr\u00e9sident Kais Saied, est confront\u00e9 \u00e0 une nouvelle affaire, celle d\u2019une ancienne condamanation...\" \/>\n<link rel=\"canonical\" href=\"https:\/\/www.webdo.tn\/fr\/actualite\/national\/l-ex-gouverneur-de-sfax-confronte-a-une-peine-de-prison\/201854\/\" \/>\n<meta property=\"og:locale\" content=\"fr_FR\" \/>\n<meta property=\"og:type\" content=\"article\" \/>\n<meta property=\"og:title\" content=\"L&#039;ex-gouverneur de Sfax &quot;confront\u00e9&quot; \u00e0 la rumeur ?\" \/>\n<meta property=\"og:description\" content=\"L\u2019ex-gouverneur de Sfax, Fakher Fakhfekh, r\u00e9cemment limog\u00e9 par le pr\u00e9sident Kais Saied, est confront\u00e9 \u00e0 une nouvelle affaire, celle d\u2019une ancienne condamanation...\" \/>\n<meta property=\"og:url\" content=\"https:\/\/www.webdo.tn\/fr\/actualite\/national\/l-ex-gouverneur-de-sfax-confronte-a-une-peine-de-prison\/201854\/\" \/>\n<meta property=\"og:site_name\" content=\"webdo\" \/>\n<meta property=\"article:publisher\" content=\"https:\/\/www.facebook.com\/webdotn\" \/>\n<meta property=\"article:published_time\" content=\"2023-01-14T11:07:00+00:00\" \/>\n<meta property=\"article:modified_time\" content=\"2025-05-20T22:06:55+00:00\" \/>\n<meta property=\"og:image\" content=\"https:\/\/www.webdo.tn\/fr\/wp-content\/uploads\/2023\/01\/857974da02d42a0d89311ab120a18970.jpg\" \/>\n\t<meta property=\"og:image:width\" content=\"750\" \/>\n\t<meta property=\"og:image:height\" content=\"400\" \/>\n\t<meta property=\"og:image:type\" content=\"image\/jpeg\" \/>\n<meta name=\"author\" content=\"MC\" \/>\n<meta name=\"twitter:card\" content=\"summary_large_image\" \/>\n<meta name=\"twitter:creator\" content=\"@webdo_tn\" \/>\n<meta name=\"twitter:site\" content=\"@webdo_tn\" \/>\n<meta name=\"twitter:label1\" content=\"\u00c9crit par\" \/>\n\t<meta name=\"twitter:data1\" content=\"MC\" \/>\n\t<meta name=\"twitter:label2\" content=\"Dur\u00e9e de lecture estim\u00e9e\" \/>\n\t<meta name=\"twitter:data2\" content=\"1 minute\" \/>\n<script type=\"application\/ld+json\" class=\"yoast-schema-graph\">{\"@context\":\"https:\\\/\\\/schema.org\",\"@graph\":[{\"@type\":\"NewsArticle\",\"@id\":\"https:\\\/\\\/www.webdo.tn\\\/fr\\\/actualite\\\/national\\\/l-ex-gouverneur-de-sfax-confronte-a-une-peine-de-prison\\\/201854\\\/#article\",\"isPartOf\":{\"@id\":\"https:\\\/\\\/www.webdo.tn\\\/fr\\\/actualite\\\/national\\\/l-ex-gouverneur-de-sfax-confronte-a-une-peine-de-prison\\\/201854\\\/\"},\"author\":{\"name\":\"MC\",\"@id\":\"https:\\\/\\\/www.webdo.tn\\\/fr\\\/#\\\/schema\\\/person\\\/2c4929cbf5a809e3bd38617c6ce150f6\"},\"headline\":\"L&rsquo;ex-gouverneur de Sfax \u00ab\u00a0confront\u00e9\u00a0\u00bb \u00e0 la rumeur ?\",\"datePublished\":\"2023-01-14T11:07:00+00:00\",\"dateModified\":\"2025-05-20T22:06:55+00:00\",\"mainEntityOfPage\":{\"@id\":\"https:\\\/\\\/www.webdo.tn\\\/fr\\\/actualite\\\/national\\\/l-ex-gouverneur-de-sfax-confronte-a-une-peine-de-prison\\\/201854\\\/\"},\"wordCount\":128,\"commentCount\":0,\"publisher\":{\"@id\":\"https:\\\/\\\/www.webdo.tn\\\/fr\\\/#organization\"},\"image\":{\"@id\":\"https:\\\/\\\/www.webdo.tn\\\/fr\\\/actualite\\\/national\\\/l-ex-gouverneur-de-sfax-confronte-a-une-peine-de-prison\\\/201854\\\/#primaryimage\"},\"thumbnailUrl\":\"https:\\\/\\\/www.webdo.tn\\\/fr\\\/wp-content\\\/uploads\\\/2023\\\/01\\\/857974da02d42a0d89311ab120a18970.jpg\",\"keywords\":[\"appel\",\"condamnation\",\"Fakher Fakhfekh\",\"justice\"],\"articleSection\":[\"National\"],\"inLanguage\":\"fr-FR\"},{\"@type\":\"WebPage\",\"@id\":\"https:\\\/\\\/www.webdo.tn\\\/fr\\\/actualite\\\/national\\\/l-ex-gouverneur-de-sfax-confronte-a-une-peine-de-prison\\\/201854\\\/\",\"url\":\"https:\\\/\\\/www.webdo.tn\\\/fr\\\/actualite\\\/national\\\/l-ex-gouverneur-de-sfax-confronte-a-une-peine-de-prison\\\/201854\\\/\",\"name\":\"L'ex-gouverneur de Sfax confront\u00e9 \u00e0 la rumeur ?\",\"isPartOf\":{\"@id\":\"https:\\\/\\\/www.webdo.tn\\\/fr\\\/#website\"},\"primaryImageOfPage\":{\"@id\":\"https:\\\/\\\/www.webdo.tn\\\/fr\\\/actualite\\\/national\\\/l-ex-gouverneur-de-sfax-confronte-a-une-peine-de-prison\\\/201854\\\/#primaryimage\"},\"image\":{\"@id\":\"https:\\\/\\\/www.webdo.tn\\\/fr\\\/actualite\\\/national\\\/l-ex-gouverneur-de-sfax-confronte-a-une-peine-de-prison\\\/201854\\\/#primaryimage\"},\"thumbnailUrl\":\"https:\\\/\\\/www.webdo.tn\\\/fr\\\/wp-content\\\/uploads\\\/2023\\\/01\\\/857974da02d42a0d89311ab120a18970.jpg\",\"datePublished\":\"2023-01-14T11:07:00+00:00\",\"dateModified\":\"2025-05-20T22:06:55+00:00\",\"description\":\"L\u2019ex-gouverneur de Sfax, Fakher Fakhfekh, r\u00e9cemment limog\u00e9 par le pr\u00e9sident Kais Saied, est confront\u00e9 \u00e0 une nouvelle affaire, celle d\u2019une ancienne condamanation...\",\"breadcrumb\":{\"@id\":\"https:\\\/\\\/www.webdo.tn\\\/fr\\\/actualite\\\/national\\\/l-ex-gouverneur-de-sfax-confronte-a-une-peine-de-prison\\\/201854\\\/#breadcrumb\"},\"inLanguage\":\"fr-FR\",\"potentialAction\":[{\"@type\":\"ReadAction\",\"target\":[\"https:\\\/\\\/www.webdo.tn\\\/fr\\\/actualite\\\/national\\\/l-ex-gouverneur-de-sfax-confronte-a-une-peine-de-prison\\\/201854\\\/\"]}]},{\"@type\":\"ImageObject\",\"inLanguage\":\"fr-FR\",\"@id\":\"https:\\\/\\\/www.webdo.tn\\\/fr\\\/actualite\\\/national\\\/l-ex-gouverneur-de-sfax-confronte-a-une-peine-de-prison\\\/201854\\\/#primaryimage\",\"url\":\"https:\\\/\\\/www.webdo.tn\\\/fr\\\/wp-content\\\/uploads\\\/2023\\\/01\\\/857974da02d42a0d89311ab120a18970.jpg\",\"contentUrl\":\"https:\\\/\\\/www.webdo.tn\\\/fr\\\/wp-content\\\/uploads\\\/2023\\\/01\\\/857974da02d42a0d89311ab120a18970.jpg\",\"width\":750,\"height\":400,\"caption\":\"L'ex-gouverneur de Sfax \\\"confront\u00e9\\\" \u00e0 la rumeur ?\"},{\"@type\":\"BreadcrumbList\",\"@id\":\"https:\\\/\\\/www.webdo.tn\\\/fr\\\/actualite\\\/national\\\/l-ex-gouverneur-de-sfax-confronte-a-une-peine-de-prison\\\/201854\\\/#breadcrumb\",\"itemListElement\":[{\"@type\":\"ListItem\",\"position\":1,\"name\":\"Accueil\",\"item\":\"https:\\\/\\\/www.webdo.tn\\\/fr\\\/\"},{\"@type\":\"ListItem\",\"position\":2,\"name\":\"L&rsquo;ex-gouverneur de Sfax \u00ab\u00a0confront\u00e9\u00a0\u00bb \u00e0 la rumeur ?\"}]},{\"@type\":\"WebSite\",\"@id\":\"https:\\\/\\\/www.webdo.tn\\\/fr\\\/#website\",\"url\":\"https:\\\/\\\/www.webdo.tn\\\/fr\\\/\",\"name\":\"webdo\",\"description\":\"Tunisie - News en Tunisie et \u00e0 l&#039;international sur Webdo.tn\",\"publisher\":{\"@id\":\"https:\\\/\\\/www.webdo.tn\\\/fr\\\/#organization\"},\"potentialAction\":[{\"@type\":\"SearchAction\",\"target\":{\"@type\":\"EntryPoint\",\"urlTemplate\":\"https:\\\/\\\/www.webdo.tn\\\/fr\\\/?s={search_term_string}\"},\"query-input\":{\"@type\":\"PropertyValueSpecification\",\"valueRequired\":true,\"valueName\":\"search_term_string\"}}],\"inLanguage\":\"fr-FR\"},{\"@type\":\"Organization\",\"@id\":\"https:\\\/\\\/www.webdo.tn\\\/fr\\\/#organization\",\"name\":\"Webdo\",\"alternateName\":\"Webdo.tn\",\"url\":\"https:\\\/\\\/www.webdo.tn\\\/fr\\\/\",\"logo\":{\"@type\":\"ImageObject\",\"inLanguage\":\"fr-FR\",\"@id\":\"https:\\\/\\\/www.webdo.tn\\\/fr\\\/#\\\/schema\\\/logo\\\/image\\\/\",\"url\":\"https:\\\/\\\/www.webdo.tn\\\/fr\\\/wp-content\\\/uploads\\\/2025\\\/06\\\/Webdo-Tunisie_168377.jpg\",\"contentUrl\":\"https:\\\/\\\/www.webdo.tn\\\/fr\\\/wp-content\\\/uploads\\\/2025\\\/06\\\/Webdo-Tunisie_168377.jpg\",\"width\":301,\"height\":301,\"caption\":\"Webdo\"},\"image\":{\"@id\":\"https:\\\/\\\/www.webdo.tn\\\/fr\\\/#\\\/schema\\\/logo\\\/image\\\/\"},\"sameAs\":[\"https:\\\/\\\/www.facebook.com\\\/webdotn\",\"https:\\\/\\\/x.com\\\/webdo_tn\"],\"description\":\"Webdo est un m\u00e9dia num\u00e9rique tunisien fond\u00e9 en 2010, sp\u00e9cialis\u00e9 dans l\u2019actualit\u00e9 nationale et internationale, l\u2019\u00e9conomie, la soci\u00e9t\u00e9 et les analyses politiques. Le site s\u2019adresse \u00e0 un large public francophone et couvre l\u2019information tunisienne en temps r\u00e9el.\",\"email\":\"redac@webdo.tn\",\"legalName\":\"YNJ SARL\",\"foundingDate\":\"2010-09-06\",\"numberOfEmployees\":{\"@type\":\"QuantitativeValue\",\"minValue\":\"11\",\"maxValue\":\"50\"}},{\"@type\":\"Person\",\"@id\":\"https:\\\/\\\/www.webdo.tn\\\/fr\\\/#\\\/schema\\\/person\\\/2c4929cbf5a809e3bd38617c6ce150f6\",\"name\":\"MC\",\"image\":{\"@type\":\"ImageObject\",\"inLanguage\":\"fr-FR\",\"@id\":\"https:\\\/\\\/secure.gravatar.com\\\/avatar\\\/a545bbb6f84efdd5553dbbc2895e3ca8f1d12c5215e00a041c9670b54aa9b18a?s=96&d=mm&r=g\",\"url\":\"https:\\\/\\\/secure.gravatar.com\\\/avatar\\\/a545bbb6f84efdd5553dbbc2895e3ca8f1d12c5215e00a041c9670b54aa9b18a?s=96&d=mm&r=g\",\"contentUrl\":\"https:\\\/\\\/secure.gravatar.com\\\/avatar\\\/a545bbb6f84efdd5553dbbc2895e3ca8f1d12c5215e00a041c9670b54aa9b18a?s=96&d=mm&r=g\",\"caption\":\"MC\"},\"url\":\"https:\\\/\\\/www.webdo.tn\\\/fr\\\/actualite\\\/author\\\/mc\\\/\"}]}<\/script>\n<!-- \/ Yoast SEO Premium plugin. -->","yoast_head_json":{"title":"L'ex-gouverneur de Sfax confront\u00e9 \u00e0 la rumeur ?","description":"L\u2019ex-gouverneur de Sfax, Fakher Fakhfekh, r\u00e9cemment limog\u00e9 par le pr\u00e9sident Kais Saied, est confront\u00e9 \u00e0 une nouvelle affaire, celle d\u2019une ancienne condamanation...","canonical":"https:\/\/www.webdo.tn\/fr\/actualite\/national\/l-ex-gouverneur-de-sfax-confronte-a-une-peine-de-prison\/201854\/","og_locale":"fr_FR","og_type":"article","og_title":"L'ex-gouverneur de Sfax \"confront\u00e9\" \u00e0 la rumeur ?","og_description":"L\u2019ex-gouverneur de Sfax, Fakher Fakhfekh, r\u00e9cemment limog\u00e9 par le pr\u00e9sident Kais Saied, est confront\u00e9 \u00e0 une nouvelle affaire, celle d\u2019une ancienne condamanation...","og_url":"https:\/\/www.webdo.tn\/fr\/actualite\/national\/l-ex-gouverneur-de-sfax-confronte-a-une-peine-de-prison\/201854\/","og_site_name":"webdo","article_publisher":"https:\/\/www.facebook.com\/webdotn","article_published_time":"2023-01-14T11:07:00+00:00","article_modified_time":"2025-05-20T22:06:55+00:00","og_image":[{"width":750,"height":400,"url":"https:\/\/www.webdo.tn\/fr\/wp-content\/uploads\/2023\/01\/857974da02d42a0d89311ab120a18970.jpg","type":"image\/jpeg"}],"author":"MC","twitter_card":"summary_large_image","twitter_creator":"@webdo_tn","twitter_site":"@webdo_tn","twitter_misc":{"\u00c9crit par":"MC","Dur\u00e9e de lecture estim\u00e9e":"1 minute"},"schema":{"@context":"https:\/\/schema.org","@graph":[{"@type":"NewsArticle","@id":"https:\/\/www.webdo.tn\/fr\/actualite\/national\/l-ex-gouverneur-de-sfax-confronte-a-une-peine-de-prison\/201854\/#article","isPartOf":{"@id":"https:\/\/www.webdo.tn\/fr\/actualite\/national\/l-ex-gouverneur-de-sfax-confronte-a-une-peine-de-prison\/201854\/"},"author":{"name":"MC","@id":"https:\/\/www.webdo.tn\/fr\/#\/schema\/person\/2c4929cbf5a809e3bd38617c6ce150f6"},"headline":"L&rsquo;ex-gouverneur de Sfax \u00ab\u00a0confront\u00e9\u00a0\u00bb \u00e0 la rumeur ?","datePublished":"2023-01-14T11:07:00+00:00","dateModified":"2025-05-20T22:06:55+00:00","mainEntityOfPage":{"@id":"https:\/\/www.webdo.tn\/fr\/actualite\/national\/l-ex-gouverneur-de-sfax-confronte-a-une-peine-de-prison\/201854\/"},"wordCount":128,"commentCount":0,"publisher":{"@id":"https:\/\/www.webdo.tn\/fr\/#organization"},"image":{"@id":"https:\/\/www.webdo.tn\/fr\/actualite\/national\/l-ex-gouverneur-de-sfax-confronte-a-une-peine-de-prison\/201854\/#primaryimage"},"thumbnailUrl":"https:\/\/www.webdo.tn\/fr\/wp-content\/uploads\/2023\/01\/857974da02d42a0d89311ab120a18970.jpg","keywords":["appel","condamnation","Fakher Fakhfekh","justice"],"articleSection":["National"],"inLanguage":"fr-FR"},{"@type":"WebPage","@id":"https:\/\/www.webdo.tn\/fr\/actualite\/national\/l-ex-gouverneur-de-sfax-confronte-a-une-peine-de-prison\/201854\/","url":"https:\/\/www.webdo.tn\/fr\/actualite\/national\/l-ex-gouverneur-de-sfax-confronte-a-une-peine-de-prison\/201854\/","name":"L'ex-gouverneur de Sfax confront\u00e9 \u00e0 la rumeur ?","isPartOf":{"@id":"https:\/\/www.webdo.tn\/fr\/#website"},"primaryImageOfPage":{"@id":"https:\/\/www.webdo.tn\/fr\/actualite\/national\/l-ex-gouverneur-de-sfax-confronte-a-une-peine-de-prison\/201854\/#primaryimage"},"image":{"@id":"https:\/\/www.webdo.tn\/fr\/actualite\/national\/l-ex-gouverneur-de-sfax-confronte-a-une-peine-de-prison\/201854\/#primaryimage"},"thumbnailUrl":"https:\/\/www.webdo.tn\/fr\/wp-content\/uploads\/2023\/01\/857974da02d42a0d89311ab120a18970.jpg","datePublished":"2023-01-14T11:07:00+00:00","dateModified":"2025-05-20T22:06:55+00:00","description":"L\u2019ex-gouverneur de Sfax, Fakher Fakhfekh, r\u00e9cemment limog\u00e9 par le pr\u00e9sident Kais Saied, est confront\u00e9 \u00e0 une nouvelle affaire, celle d\u2019une ancienne condamanation...","breadcrumb":{"@id":"https:\/\/www.webdo.tn\/fr\/actualite\/national\/l-ex-gouverneur-de-sfax-confronte-a-une-peine-de-prison\/201854\/#breadcrumb"},"inLanguage":"fr-FR","potentialAction":[{"@type":"ReadAction","target":["https:\/\/www.webdo.tn\/fr\/actualite\/national\/l-ex-gouverneur-de-sfax-confronte-a-une-peine-de-prison\/201854\/"]}]},{"@type":"ImageObject","inLanguage":"fr-FR","@id":"https:\/\/www.webdo.tn\/fr\/actualite\/national\/l-ex-gouverneur-de-sfax-confronte-a-une-peine-de-prison\/201854\/#primaryimage","url":"https:\/\/www.webdo.tn\/fr\/wp-content\/uploads\/2023\/01\/857974da02d42a0d89311ab120a18970.jpg","contentUrl":"https:\/\/www.webdo.tn\/fr\/wp-content\/uploads\/2023\/01\/857974da02d42a0d89311ab120a18970.jpg","width":750,"height":400,"caption":"L'ex-gouverneur de Sfax \"confront\u00e9\" \u00e0 la rumeur ?"},{"@type":"BreadcrumbList","@id":"https:\/\/www.webdo.tn\/fr\/actualite\/national\/l-ex-gouverneur-de-sfax-confronte-a-une-peine-de-prison\/201854\/#breadcrumb","itemListElement":[{"@type":"ListItem","position":1,"name":"Accueil","item":"https:\/\/www.webdo.tn\/fr\/"},{"@type":"ListItem","position":2,"name":"L&rsquo;ex-gouverneur de Sfax \u00ab\u00a0confront\u00e9\u00a0\u00bb \u00e0 la rumeur ?"}]},{"@type":"WebSite","@id":"https:\/\/www.webdo.tn\/fr\/#website","url":"https:\/\/www.webdo.tn\/fr\/","name":"webdo","description":"Tunisie - News en Tunisie et \u00e0 l&#039;international sur Webdo.tn","publisher":{"@id":"https:\/\/www.webdo.tn\/fr\/#organization"},"potentialAction":[{"@type":"SearchAction","target":{"@type":"EntryPoint","urlTemplate":"https:\/\/www.webdo.tn\/fr\/?s={search_term_string}"},"query-input":{"@type":"PropertyValueSpecification","valueRequired":true,"valueName":"search_term_string"}}],"inLanguage":"fr-FR"},{"@type":"Organization","@id":"https:\/\/www.webdo.tn\/fr\/#organization","name":"Webdo","alternateName":"Webdo.tn","url":"https:\/\/www.webdo.tn\/fr\/","logo":{"@type":"ImageObject","inLanguage":"fr-FR","@id":"https:\/\/www.webdo.tn\/fr\/#\/schema\/logo\/image\/","url":"https:\/\/www.webdo.tn\/fr\/wp-content\/uploads\/2025\/06\/Webdo-Tunisie_168377.jpg","contentUrl":"https:\/\/www.webdo.tn\/fr\/wp-content\/uploads\/2025\/06\/Webdo-Tunisie_168377.jpg","width":301,"height":301,"caption":"Webdo"},"image":{"@id":"https:\/\/www.webdo.tn\/fr\/#\/schema\/logo\/image\/"},"sameAs":["https:\/\/www.facebook.com\/webdotn","https:\/\/x.com\/webdo_tn"],"description":"Webdo est un m\u00e9dia num\u00e9rique tunisien fond\u00e9 en 2010, sp\u00e9cialis\u00e9 dans l\u2019actualit\u00e9 nationale et internationale, l\u2019\u00e9conomie, la soci\u00e9t\u00e9 et les analyses politiques. Le site s\u2019adresse \u00e0 un large public francophone et couvre l\u2019information tunisienne en temps r\u00e9el.","email":"redac@webdo.tn","legalName":"YNJ SARL","foundingDate":"2010-09-06","numberOfEmployees":{"@type":"QuantitativeValue","minValue":"11","maxValue":"50"}},{"@type":"Person","@id":"https:\/\/www.webdo.tn\/fr\/#\/schema\/person\/2c4929cbf5a809e3bd38617c6ce150f6","name":"MC","image":{"@type":"ImageObject","inLanguage":"fr-FR","@id":"https:\/\/secure.gravatar.com\/avatar\/a545bbb6f84efdd5553dbbc2895e3ca8f1d12c5215e00a041c9670b54aa9b18a?s=96&d=mm&r=g","url":"https:\/\/secure.gravatar.com\/avatar\/a545bbb6f84efdd5553dbbc2895e3ca8f1d12c5215e00a041c9670b54aa9b18a?s=96&d=mm&r=g","contentUrl":"https:\/\/secure.gravatar.com\/avatar\/a545bbb6f84efdd5553dbbc2895e3ca8f1d12c5215e00a041c9670b54aa9b18a?s=96&d=mm&r=g","caption":"MC"},"url":"https:\/\/www.webdo.tn\/fr\/actualite\/author\/mc\/"}]}},"_links":{"self":[{"href":"https:\/\/www.webdo.tn\/fr\/wp-json\/wp\/v2\/posts\/201854","targetHints":{"allow":["GET"]}}],"collection":[{"href":"https:\/\/www.webdo.tn\/fr\/wp-json\/wp\/v2\/posts"}],"about":[{"href":"https:\/\/www.webdo.tn\/fr\/wp-json\/wp\/v2\/types\/post"}],"author":[{"embeddable":true,"href":"https:\/\/www.webdo.tn\/fr\/wp-json\/wp\/v2\/users\/3162"}],"replies":[{"embeddable":true,"href":"https:\/\/www.webdo.tn\/fr\/wp-json\/wp\/v2\/comments?post=201854"}],"version-history":[{"count":0,"href":"https:\/\/www.webdo.tn\/fr\/wp-json\/wp\/v2\/posts\/201854\/revisions"}],"wp:featuredmedia":[{"embeddable":true,"href":"https:\/\/www.webdo.tn\/fr\/wp-json\/wp\/v2\/media\/277575"}],"wp:attachment":[{"href":"https:\/\/www.webdo.tn\/fr\/wp-json\/wp\/v2\/media?parent=201854"}],"wp:term":[{"taxonomy":"category","embeddable":true,"href":"https:\/\/www.webdo.tn\/fr\/wp-json\/wp\/v2\/categories?post=201854"},{"taxonomy":"post_tag","embeddable":true,"href":"https:\/\/www.webdo.tn\/fr\/wp-json\/wp\/v2\/tags?post=201854"}],"curies":[{"name":"wp","href":"https:\/\/api.w.org\/{rel}","templated":true}]}}