{"id":201849,"date":"2023-01-14T10:14:00","date_gmt":"2023-01-14T10:14:00","guid":{"rendered":"https:\/\/www.webdo.tn\/fr\/blog\/hajj-2023-le-quota-de-la-tunisie-s-eleve-a-10-982-pelerins\/201849\/"},"modified":"2025-05-20T22:06:53","modified_gmt":"2025-05-20T22:06:53","slug":"hajj-2023-le-quota-de-la-tunisie-s-eleve-a-10-982-pelerins","status":"publish","type":"post","link":"https:\/\/www.webdo.tn\/fr\/actualite\/national\/hajj-2023-le-quota-de-la-tunisie-s-eleve-a-10-982-pelerins\/201849\/","title":{"rendered":"Hajj 2023 : Le quota de la Tunisie s\u2019\u00e9l\u00e8ve \u00e0 10.982 p\u00e8lerins"},"content":{"rendered":"<p>Le ministre des Affaires religieuses, Brahim Cha\u00efbi, a sign\u00e9 avec son homologue saoudien, Taoufik Ben Fawzan al-Rabia, un accord r\u00e9gissant les dispositions relatives \u00e0 la saison du Hajj pour la l&rsquo;ann\u00e9e 1444 de l&rsquo;H\u00e9gire\/2023.<\/p>\n<p>\t\t\t\t\t\t\t\t\tL&rsquo;accord a \u00e9t\u00e9 sign\u00e9 en marge de la visite du ministre des Affaires religieuses en Arabie saoudite dans le cadre de sa participation au congr\u00e8s et foire des services du p\u00e8lerinage organis\u00e9 par le minist\u00e8re saoudien du Hajj et de la Omra \u00e0 Djeddah, du 9 au 12 janvier.<\/p>\n<p>Dans un communiqu\u00e9 publi\u00e9 \u00e0 cet effet, le minist\u00e8re a annonc\u00e9, vendredi soir, que le quota des p\u00e8lerins tunisiens pour la saison du Hajj de l&rsquo;ann\u00e9e 2023 a \u00e9t\u00e9 fix\u00e9 \u00e0 10.982 p\u00e8lerins.<\/p>\n<p>Le d\u00e9partement rappelle que le nombre de p\u00e8lerins tunisiens lors de la saison pr\u00e9c\u00e9dente (1443-2022) a \u00e9t\u00e9 de 4972 p\u00e8lerins.<\/p>\n","protected":false},"excerpt":{"rendered":"<p>Le ministre des Affaires religieuses, Brahim Cha\u00efbi, a sign\u00e9 avec son homologue saoudien, Taoufik Ben Fawzan al-Rabia, un accord r\u00e9gissant les dispositions rela&#8230;<\/p>\n","protected":false},"author":3162,"featured_media":277572,"comment_status":"open","ping_status":"closed","sticky":false,"template":"","format":"standard","meta":{"footnotes":""},"categories":[44],"tags":[4031,3408,9272,2608],"class_list":["post-201849","post","type-post","status-publish","format-standard","has-post-thumbnail","hentry","category-national","tag-pelerinage","tag-pelerins","tag-quota","tag-tunisie"],"yoast_head":"<!-- This site is optimized with the Yoast SEO Premium plugin v27.5 (Yoast SEO v27.5) - https:\/\/yoast.com\/product\/yoast-seo-premium-wordpress\/ -->\n<title>Hajj 2023 : Le quota de la Tunisie s\u2019\u00e9l\u00e8ve \u00e0 10.982 p\u00e8lerins<\/title>\n<meta name=\"description\" content=\"Le ministre des Affaires religieuses, Brahim Cha\u00efbi, a sign\u00e9 avec son homologue saoudien, Taoufik Ben Fawzan al-Rabia, un accord r\u00e9gissant les dispositions rela...\" \/>\n<link rel=\"canonical\" href=\"https:\/\/www.webdo.tn\/fr\/actualite\/national\/hajj-2023-le-quota-de-la-tunisie-s-eleve-a-10-982-pelerins\/201849\/\" \/>\n<meta property=\"og:locale\" content=\"fr_FR\" \/>\n<meta property=\"og:type\" content=\"article\" \/>\n<meta property=\"og:title\" content=\"Hajj 2023 : Le quota de la Tunisie s\u2019\u00e9l\u00e8ve \u00e0 10.982 p\u00e8lerins\" \/>\n<meta property=\"og:description\" content=\"Le ministre des Affaires religieuses, Brahim Cha\u00efbi, a sign\u00e9 avec son homologue saoudien, Taoufik Ben Fawzan al-Rabia, un accord r\u00e9gissant les dispositions rela...\" \/>\n<meta property=\"og:url\" content=\"https:\/\/www.webdo.tn\/fr\/actualite\/national\/hajj-2023-le-quota-de-la-tunisie-s-eleve-a-10-982-pelerins\/201849\/\" \/>\n<meta property=\"og:site_name\" content=\"webdo\" \/>\n<meta property=\"article:publisher\" content=\"https:\/\/www.facebook.com\/webdotn\" \/>\n<meta property=\"article:published_time\" content=\"2023-01-14T10:14:00+00:00\" \/>\n<meta property=\"article:modified_time\" content=\"2025-05-20T22:06:53+00:00\" \/>\n<meta property=\"og:image\" content=\"https:\/\/www.webdo.tn\/fr\/wp-content\/uploads\/2023\/01\/cbfa3176fd419ebcf8c485a3bf7dd1d8.jpg\" \/>\n\t<meta property=\"og:image:width\" content=\"550\" \/>\n\t<meta property=\"og:image:height\" content=\"293\" \/>\n\t<meta property=\"og:image:type\" content=\"image\/jpeg\" \/>\n<meta name=\"author\" content=\"MC\" \/>\n<meta name=\"twitter:card\" content=\"summary_large_image\" \/>\n<meta name=\"twitter:creator\" content=\"@webdo_tn\" \/>\n<meta name=\"twitter:site\" content=\"@webdo_tn\" \/>\n<meta name=\"twitter:label1\" content=\"\u00c9crit par\" \/>\n\t<meta name=\"twitter:data1\" content=\"MC\" \/>\n\t<meta name=\"twitter:label2\" content=\"Dur\u00e9e de lecture estim\u00e9e\" \/>\n\t<meta name=\"twitter:data2\" content=\"1 minute\" \/>\n<script type=\"application\/ld+json\" class=\"yoast-schema-graph\">{\"@context\":\"https:\\\/\\\/schema.org\",\"@graph\":[{\"@type\":\"NewsArticle\",\"@id\":\"https:\\\/\\\/www.webdo.tn\\\/fr\\\/actualite\\\/national\\\/hajj-2023-le-quota-de-la-tunisie-s-eleve-a-10-982-pelerins\\\/201849\\\/#article\",\"isPartOf\":{\"@id\":\"https:\\\/\\\/www.webdo.tn\\\/fr\\\/actualite\\\/national\\\/hajj-2023-le-quota-de-la-tunisie-s-eleve-a-10-982-pelerins\\\/201849\\\/\"},\"author\":{\"name\":\"MC\",\"@id\":\"https:\\\/\\\/www.webdo.tn\\\/fr\\\/#\\\/schema\\\/person\\\/2c4929cbf5a809e3bd38617c6ce150f6\"},\"headline\":\"Hajj 2023 : Le quota de la Tunisie s\u2019\u00e9l\u00e8ve \u00e0 10.982 p\u00e8lerins\",\"datePublished\":\"2023-01-14T10:14:00+00:00\",\"dateModified\":\"2025-05-20T22:06:53+00:00\",\"mainEntityOfPage\":{\"@id\":\"https:\\\/\\\/www.webdo.tn\\\/fr\\\/actualite\\\/national\\\/hajj-2023-le-quota-de-la-tunisie-s-eleve-a-10-982-pelerins\\\/201849\\\/\"},\"wordCount\":157,\"commentCount\":0,\"publisher\":{\"@id\":\"https:\\\/\\\/www.webdo.tn\\\/fr\\\/#organization\"},\"image\":{\"@id\":\"https:\\\/\\\/www.webdo.tn\\\/fr\\\/actualite\\\/national\\\/hajj-2023-le-quota-de-la-tunisie-s-eleve-a-10-982-pelerins\\\/201849\\\/#primaryimage\"},\"thumbnailUrl\":\"https:\\\/\\\/www.webdo.tn\\\/fr\\\/wp-content\\\/uploads\\\/2023\\\/01\\\/cbfa3176fd419ebcf8c485a3bf7dd1d8.jpg\",\"keywords\":[\"p\u00e8lerinage\",\"p\u00e8lerins\",\"quota\",\"Tunisie\"],\"articleSection\":[\"National\"],\"inLanguage\":\"fr-FR\"},{\"@type\":\"WebPage\",\"@id\":\"https:\\\/\\\/www.webdo.tn\\\/fr\\\/actualite\\\/national\\\/hajj-2023-le-quota-de-la-tunisie-s-eleve-a-10-982-pelerins\\\/201849\\\/\",\"url\":\"https:\\\/\\\/www.webdo.tn\\\/fr\\\/actualite\\\/national\\\/hajj-2023-le-quota-de-la-tunisie-s-eleve-a-10-982-pelerins\\\/201849\\\/\",\"name\":\"Hajj 2023 : Le quota de la Tunisie s\u2019\u00e9l\u00e8ve \u00e0 10.982 p\u00e8lerins\",\"isPartOf\":{\"@id\":\"https:\\\/\\\/www.webdo.tn\\\/fr\\\/#website\"},\"primaryImageOfPage\":{\"@id\":\"https:\\\/\\\/www.webdo.tn\\\/fr\\\/actualite\\\/national\\\/hajj-2023-le-quota-de-la-tunisie-s-eleve-a-10-982-pelerins\\\/201849\\\/#primaryimage\"},\"image\":{\"@id\":\"https:\\\/\\\/www.webdo.tn\\\/fr\\\/actualite\\\/national\\\/hajj-2023-le-quota-de-la-tunisie-s-eleve-a-10-982-pelerins\\\/201849\\\/#primaryimage\"},\"thumbnailUrl\":\"https:\\\/\\\/www.webdo.tn\\\/fr\\\/wp-content\\\/uploads\\\/2023\\\/01\\\/cbfa3176fd419ebcf8c485a3bf7dd1d8.jpg\",\"datePublished\":\"2023-01-14T10:14:00+00:00\",\"dateModified\":\"2025-05-20T22:06:53+00:00\",\"description\":\"Le ministre des Affaires religieuses, Brahim Cha\u00efbi, a sign\u00e9 avec son homologue saoudien, Taoufik Ben Fawzan al-Rabia, un accord r\u00e9gissant les dispositions rela...\",\"breadcrumb\":{\"@id\":\"https:\\\/\\\/www.webdo.tn\\\/fr\\\/actualite\\\/national\\\/hajj-2023-le-quota-de-la-tunisie-s-eleve-a-10-982-pelerins\\\/201849\\\/#breadcrumb\"},\"inLanguage\":\"fr-FR\",\"potentialAction\":[{\"@type\":\"ReadAction\",\"target\":[\"https:\\\/\\\/www.webdo.tn\\\/fr\\\/actualite\\\/national\\\/hajj-2023-le-quota-de-la-tunisie-s-eleve-a-10-982-pelerins\\\/201849\\\/\"]}]},{\"@type\":\"ImageObject\",\"inLanguage\":\"fr-FR\",\"@id\":\"https:\\\/\\\/www.webdo.tn\\\/fr\\\/actualite\\\/national\\\/hajj-2023-le-quota-de-la-tunisie-s-eleve-a-10-982-pelerins\\\/201849\\\/#primaryimage\",\"url\":\"https:\\\/\\\/www.webdo.tn\\\/fr\\\/wp-content\\\/uploads\\\/2023\\\/01\\\/cbfa3176fd419ebcf8c485a3bf7dd1d8.jpg\",\"contentUrl\":\"https:\\\/\\\/www.webdo.tn\\\/fr\\\/wp-content\\\/uploads\\\/2023\\\/01\\\/cbfa3176fd419ebcf8c485a3bf7dd1d8.jpg\",\"width\":550,\"height\":293,\"caption\":\"Hajj 2023 : Le quota de la Tunisie s\u2019\u00e9l\u00e8ve \u00e0 10.982 p\u00e8lerins\"},{\"@type\":\"BreadcrumbList\",\"@id\":\"https:\\\/\\\/www.webdo.tn\\\/fr\\\/actualite\\\/national\\\/hajj-2023-le-quota-de-la-tunisie-s-eleve-a-10-982-pelerins\\\/201849\\\/#breadcrumb\",\"itemListElement\":[{\"@type\":\"ListItem\",\"position\":1,\"name\":\"Accueil\",\"item\":\"https:\\\/\\\/www.webdo.tn\\\/fr\\\/\"},{\"@type\":\"ListItem\",\"position\":2,\"name\":\"Hajj 2023 : Le quota de la Tunisie s\u2019\u00e9l\u00e8ve \u00e0 10.982 p\u00e8lerins\"}]},{\"@type\":\"WebSite\",\"@id\":\"https:\\\/\\\/www.webdo.tn\\\/fr\\\/#website\",\"url\":\"https:\\\/\\\/www.webdo.tn\\\/fr\\\/\",\"name\":\"webdo\",\"description\":\"Tunisie - News en Tunisie et \u00e0 l&#039;international sur Webdo.tn\",\"publisher\":{\"@id\":\"https:\\\/\\\/www.webdo.tn\\\/fr\\\/#organization\"},\"potentialAction\":[{\"@type\":\"SearchAction\",\"target\":{\"@type\":\"EntryPoint\",\"urlTemplate\":\"https:\\\/\\\/www.webdo.tn\\\/fr\\\/?s={search_term_string}\"},\"query-input\":{\"@type\":\"PropertyValueSpecification\",\"valueRequired\":true,\"valueName\":\"search_term_string\"}}],\"inLanguage\":\"fr-FR\"},{\"@type\":\"Organization\",\"@id\":\"https:\\\/\\\/www.webdo.tn\\\/fr\\\/#organization\",\"name\":\"Webdo\",\"alternateName\":\"Webdo.tn\",\"url\":\"https:\\\/\\\/www.webdo.tn\\\/fr\\\/\",\"logo\":{\"@type\":\"ImageObject\",\"inLanguage\":\"fr-FR\",\"@id\":\"https:\\\/\\\/www.webdo.tn\\\/fr\\\/#\\\/schema\\\/logo\\\/image\\\/\",\"url\":\"https:\\\/\\\/www.webdo.tn\\\/fr\\\/wp-content\\\/uploads\\\/2025\\\/06\\\/Webdo-Tunisie_168377.jpg\",\"contentUrl\":\"https:\\\/\\\/www.webdo.tn\\\/fr\\\/wp-content\\\/uploads\\\/2025\\\/06\\\/Webdo-Tunisie_168377.jpg\",\"width\":301,\"height\":301,\"caption\":\"Webdo\"},\"image\":{\"@id\":\"https:\\\/\\\/www.webdo.tn\\\/fr\\\/#\\\/schema\\\/logo\\\/image\\\/\"},\"sameAs\":[\"https:\\\/\\\/www.facebook.com\\\/webdotn\",\"https:\\\/\\\/x.com\\\/webdo_tn\"],\"description\":\"Webdo est un m\u00e9dia num\u00e9rique tunisien fond\u00e9 en 2010, sp\u00e9cialis\u00e9 dans l\u2019actualit\u00e9 nationale et internationale, l\u2019\u00e9conomie, la soci\u00e9t\u00e9 et les analyses politiques. Le site s\u2019adresse \u00e0 un large public francophone et couvre l\u2019information tunisienne en temps r\u00e9el.\",\"email\":\"redac@webdo.tn\",\"legalName\":\"YNJ SARL\",\"foundingDate\":\"2010-09-06\",\"numberOfEmployees\":{\"@type\":\"QuantitativeValue\",\"minValue\":\"11\",\"maxValue\":\"50\"}},{\"@type\":\"Person\",\"@id\":\"https:\\\/\\\/www.webdo.tn\\\/fr\\\/#\\\/schema\\\/person\\\/2c4929cbf5a809e3bd38617c6ce150f6\",\"name\":\"MC\",\"image\":{\"@type\":\"ImageObject\",\"inLanguage\":\"fr-FR\",\"@id\":\"https:\\\/\\\/secure.gravatar.com\\\/avatar\\\/a545bbb6f84efdd5553dbbc2895e3ca8f1d12c5215e00a041c9670b54aa9b18a?s=96&d=mm&r=g\",\"url\":\"https:\\\/\\\/secure.gravatar.com\\\/avatar\\\/a545bbb6f84efdd5553dbbc2895e3ca8f1d12c5215e00a041c9670b54aa9b18a?s=96&d=mm&r=g\",\"contentUrl\":\"https:\\\/\\\/secure.gravatar.com\\\/avatar\\\/a545bbb6f84efdd5553dbbc2895e3ca8f1d12c5215e00a041c9670b54aa9b18a?s=96&d=mm&r=g\",\"caption\":\"MC\"},\"url\":\"https:\\\/\\\/www.webdo.tn\\\/fr\\\/actualite\\\/author\\\/mc\\\/\"}]}<\/script>\n<!-- \/ Yoast SEO Premium plugin. -->","yoast_head_json":{"title":"Hajj 2023 : Le quota de la Tunisie s\u2019\u00e9l\u00e8ve \u00e0 10.982 p\u00e8lerins","description":"Le ministre des Affaires religieuses, Brahim Cha\u00efbi, a sign\u00e9 avec son homologue saoudien, Taoufik Ben Fawzan al-Rabia, un accord r\u00e9gissant les dispositions rela...","canonical":"https:\/\/www.webdo.tn\/fr\/actualite\/national\/hajj-2023-le-quota-de-la-tunisie-s-eleve-a-10-982-pelerins\/201849\/","og_locale":"fr_FR","og_type":"article","og_title":"Hajj 2023 : Le quota de la Tunisie s\u2019\u00e9l\u00e8ve \u00e0 10.982 p\u00e8lerins","og_description":"Le ministre des Affaires religieuses, Brahim Cha\u00efbi, a sign\u00e9 avec son homologue saoudien, Taoufik Ben Fawzan al-Rabia, un accord r\u00e9gissant les dispositions rela...","og_url":"https:\/\/www.webdo.tn\/fr\/actualite\/national\/hajj-2023-le-quota-de-la-tunisie-s-eleve-a-10-982-pelerins\/201849\/","og_site_name":"webdo","article_publisher":"https:\/\/www.facebook.com\/webdotn","article_published_time":"2023-01-14T10:14:00+00:00","article_modified_time":"2025-05-20T22:06:53+00:00","og_image":[{"width":550,"height":293,"url":"https:\/\/www.webdo.tn\/fr\/wp-content\/uploads\/2023\/01\/cbfa3176fd419ebcf8c485a3bf7dd1d8.jpg","type":"image\/jpeg"}],"author":"MC","twitter_card":"summary_large_image","twitter_creator":"@webdo_tn","twitter_site":"@webdo_tn","twitter_misc":{"\u00c9crit par":"MC","Dur\u00e9e de lecture estim\u00e9e":"1 minute"},"schema":{"@context":"https:\/\/schema.org","@graph":[{"@type":"NewsArticle","@id":"https:\/\/www.webdo.tn\/fr\/actualite\/national\/hajj-2023-le-quota-de-la-tunisie-s-eleve-a-10-982-pelerins\/201849\/#article","isPartOf":{"@id":"https:\/\/www.webdo.tn\/fr\/actualite\/national\/hajj-2023-le-quota-de-la-tunisie-s-eleve-a-10-982-pelerins\/201849\/"},"author":{"name":"MC","@id":"https:\/\/www.webdo.tn\/fr\/#\/schema\/person\/2c4929cbf5a809e3bd38617c6ce150f6"},"headline":"Hajj 2023 : Le quota de la Tunisie s\u2019\u00e9l\u00e8ve \u00e0 10.982 p\u00e8lerins","datePublished":"2023-01-14T10:14:00+00:00","dateModified":"2025-05-20T22:06:53+00:00","mainEntityOfPage":{"@id":"https:\/\/www.webdo.tn\/fr\/actualite\/national\/hajj-2023-le-quota-de-la-tunisie-s-eleve-a-10-982-pelerins\/201849\/"},"wordCount":157,"commentCount":0,"publisher":{"@id":"https:\/\/www.webdo.tn\/fr\/#organization"},"image":{"@id":"https:\/\/www.webdo.tn\/fr\/actualite\/national\/hajj-2023-le-quota-de-la-tunisie-s-eleve-a-10-982-pelerins\/201849\/#primaryimage"},"thumbnailUrl":"https:\/\/www.webdo.tn\/fr\/wp-content\/uploads\/2023\/01\/cbfa3176fd419ebcf8c485a3bf7dd1d8.jpg","keywords":["p\u00e8lerinage","p\u00e8lerins","quota","Tunisie"],"articleSection":["National"],"inLanguage":"fr-FR"},{"@type":"WebPage","@id":"https:\/\/www.webdo.tn\/fr\/actualite\/national\/hajj-2023-le-quota-de-la-tunisie-s-eleve-a-10-982-pelerins\/201849\/","url":"https:\/\/www.webdo.tn\/fr\/actualite\/national\/hajj-2023-le-quota-de-la-tunisie-s-eleve-a-10-982-pelerins\/201849\/","name":"Hajj 2023 : Le quota de la Tunisie s\u2019\u00e9l\u00e8ve \u00e0 10.982 p\u00e8lerins","isPartOf":{"@id":"https:\/\/www.webdo.tn\/fr\/#website"},"primaryImageOfPage":{"@id":"https:\/\/www.webdo.tn\/fr\/actualite\/national\/hajj-2023-le-quota-de-la-tunisie-s-eleve-a-10-982-pelerins\/201849\/#primaryimage"},"image":{"@id":"https:\/\/www.webdo.tn\/fr\/actualite\/national\/hajj-2023-le-quota-de-la-tunisie-s-eleve-a-10-982-pelerins\/201849\/#primaryimage"},"thumbnailUrl":"https:\/\/www.webdo.tn\/fr\/wp-content\/uploads\/2023\/01\/cbfa3176fd419ebcf8c485a3bf7dd1d8.jpg","datePublished":"2023-01-14T10:14:00+00:00","dateModified":"2025-05-20T22:06:53+00:00","description":"Le ministre des Affaires religieuses, Brahim Cha\u00efbi, a sign\u00e9 avec son homologue saoudien, Taoufik Ben Fawzan al-Rabia, un accord r\u00e9gissant les dispositions rela...","breadcrumb":{"@id":"https:\/\/www.webdo.tn\/fr\/actualite\/national\/hajj-2023-le-quota-de-la-tunisie-s-eleve-a-10-982-pelerins\/201849\/#breadcrumb"},"inLanguage":"fr-FR","potentialAction":[{"@type":"ReadAction","target":["https:\/\/www.webdo.tn\/fr\/actualite\/national\/hajj-2023-le-quota-de-la-tunisie-s-eleve-a-10-982-pelerins\/201849\/"]}]},{"@type":"ImageObject","inLanguage":"fr-FR","@id":"https:\/\/www.webdo.tn\/fr\/actualite\/national\/hajj-2023-le-quota-de-la-tunisie-s-eleve-a-10-982-pelerins\/201849\/#primaryimage","url":"https:\/\/www.webdo.tn\/fr\/wp-content\/uploads\/2023\/01\/cbfa3176fd419ebcf8c485a3bf7dd1d8.jpg","contentUrl":"https:\/\/www.webdo.tn\/fr\/wp-content\/uploads\/2023\/01\/cbfa3176fd419ebcf8c485a3bf7dd1d8.jpg","width":550,"height":293,"caption":"Hajj 2023 : Le quota de la Tunisie s\u2019\u00e9l\u00e8ve \u00e0 10.982 p\u00e8lerins"},{"@type":"BreadcrumbList","@id":"https:\/\/www.webdo.tn\/fr\/actualite\/national\/hajj-2023-le-quota-de-la-tunisie-s-eleve-a-10-982-pelerins\/201849\/#breadcrumb","itemListElement":[{"@type":"ListItem","position":1,"name":"Accueil","item":"https:\/\/www.webdo.tn\/fr\/"},{"@type":"ListItem","position":2,"name":"Hajj 2023 : Le quota de la Tunisie s\u2019\u00e9l\u00e8ve \u00e0 10.982 p\u00e8lerins"}]},{"@type":"WebSite","@id":"https:\/\/www.webdo.tn\/fr\/#website","url":"https:\/\/www.webdo.tn\/fr\/","name":"webdo","description":"Tunisie - News en Tunisie et \u00e0 l&#039;international sur Webdo.tn","publisher":{"@id":"https:\/\/www.webdo.tn\/fr\/#organization"},"potentialAction":[{"@type":"SearchAction","target":{"@type":"EntryPoint","urlTemplate":"https:\/\/www.webdo.tn\/fr\/?s={search_term_string}"},"query-input":{"@type":"PropertyValueSpecification","valueRequired":true,"valueName":"search_term_string"}}],"inLanguage":"fr-FR"},{"@type":"Organization","@id":"https:\/\/www.webdo.tn\/fr\/#organization","name":"Webdo","alternateName":"Webdo.tn","url":"https:\/\/www.webdo.tn\/fr\/","logo":{"@type":"ImageObject","inLanguage":"fr-FR","@id":"https:\/\/www.webdo.tn\/fr\/#\/schema\/logo\/image\/","url":"https:\/\/www.webdo.tn\/fr\/wp-content\/uploads\/2025\/06\/Webdo-Tunisie_168377.jpg","contentUrl":"https:\/\/www.webdo.tn\/fr\/wp-content\/uploads\/2025\/06\/Webdo-Tunisie_168377.jpg","width":301,"height":301,"caption":"Webdo"},"image":{"@id":"https:\/\/www.webdo.tn\/fr\/#\/schema\/logo\/image\/"},"sameAs":["https:\/\/www.facebook.com\/webdotn","https:\/\/x.com\/webdo_tn"],"description":"Webdo est un m\u00e9dia num\u00e9rique tunisien fond\u00e9 en 2010, sp\u00e9cialis\u00e9 dans l\u2019actualit\u00e9 nationale et internationale, l\u2019\u00e9conomie, la soci\u00e9t\u00e9 et les analyses politiques. Le site s\u2019adresse \u00e0 un large public francophone et couvre l\u2019information tunisienne en temps r\u00e9el.","email":"redac@webdo.tn","legalName":"YNJ SARL","foundingDate":"2010-09-06","numberOfEmployees":{"@type":"QuantitativeValue","minValue":"11","maxValue":"50"}},{"@type":"Person","@id":"https:\/\/www.webdo.tn\/fr\/#\/schema\/person\/2c4929cbf5a809e3bd38617c6ce150f6","name":"MC","image":{"@type":"ImageObject","inLanguage":"fr-FR","@id":"https:\/\/secure.gravatar.com\/avatar\/a545bbb6f84efdd5553dbbc2895e3ca8f1d12c5215e00a041c9670b54aa9b18a?s=96&d=mm&r=g","url":"https:\/\/secure.gravatar.com\/avatar\/a545bbb6f84efdd5553dbbc2895e3ca8f1d12c5215e00a041c9670b54aa9b18a?s=96&d=mm&r=g","contentUrl":"https:\/\/secure.gravatar.com\/avatar\/a545bbb6f84efdd5553dbbc2895e3ca8f1d12c5215e00a041c9670b54aa9b18a?s=96&d=mm&r=g","caption":"MC"},"url":"https:\/\/www.webdo.tn\/fr\/actualite\/author\/mc\/"}]}},"_links":{"self":[{"href":"https:\/\/www.webdo.tn\/fr\/wp-json\/wp\/v2\/posts\/201849","targetHints":{"allow":["GET"]}}],"collection":[{"href":"https:\/\/www.webdo.tn\/fr\/wp-json\/wp\/v2\/posts"}],"about":[{"href":"https:\/\/www.webdo.tn\/fr\/wp-json\/wp\/v2\/types\/post"}],"author":[{"embeddable":true,"href":"https:\/\/www.webdo.tn\/fr\/wp-json\/wp\/v2\/users\/3162"}],"replies":[{"embeddable":true,"href":"https:\/\/www.webdo.tn\/fr\/wp-json\/wp\/v2\/comments?post=201849"}],"version-history":[{"count":0,"href":"https:\/\/www.webdo.tn\/fr\/wp-json\/wp\/v2\/posts\/201849\/revisions"}],"wp:featuredmedia":[{"embeddable":true,"href":"https:\/\/www.webdo.tn\/fr\/wp-json\/wp\/v2\/media\/277572"}],"wp:attachment":[{"href":"https:\/\/www.webdo.tn\/fr\/wp-json\/wp\/v2\/media?parent=201849"}],"wp:term":[{"taxonomy":"category","embeddable":true,"href":"https:\/\/www.webdo.tn\/fr\/wp-json\/wp\/v2\/categories?post=201849"},{"taxonomy":"post_tag","embeddable":true,"href":"https:\/\/www.webdo.tn\/fr\/wp-json\/wp\/v2\/tags?post=201849"}],"curies":[{"name":"wp","href":"https:\/\/api.w.org\/{rel}","templated":true}]}}