{"id":201847,"date":"2023-01-14T09:57:00","date_gmt":"2023-01-14T09:57:00","guid":{"rendered":"https:\/\/www.webdo.tn\/fr\/actualite\/blog\/les-partisans-du-pdl-empeches-d-atteindre-carthage\/201847\/"},"modified":"2025-05-22T11:38:29","modified_gmt":"2025-05-22T11:38:29","slug":"les-partisans-du-pdl-empeches-d-atteindre-carthage","status":"publish","type":"post","link":"https:\/\/www.webdo.tn\/fr\/actualite\/national\/les-partisans-du-pdl-empeches-d-atteindre-carthage\/201847\/","title":{"rendered":"Les partisans du PDL emp\u00each\u00e9s d&rsquo;atteindre Carthage"},"content":{"rendered":"<p>La pr\u00e9sidente du Parti destourien libre (PDL, Abir Moussi a annonc\u00e9 dans un live publi\u00e9 sur sa page facebook, ce samedi  matin que les partisans de son parti ont \u00e9t\u00e9 emp\u00each\u00e9s d&rsquo;avancer pour rejoindre Carthage o\u00f9 ils doivent organiser  une marche en direction du palais pr\u00e9sidentiel.<\/p>\n<p> Abir Moussi a indiqu\u00e9 que ses partisans ont \u00e9t\u00e9 emp\u00each\u00e9s d\u2019atteindre Carthage par la police qui a bloqu\u00e9 l\u2019art\u00e8re principale au niveau du Tribunal cantonal. Et d\u2019ajouter que les forces de l\u2019ordre ont emp\u00each\u00e9 les voitures de passer par cette route.<\/p>\n<p>Le membre du Bureau politique du PDL, Majdi Boudhina, a confirm\u00e9, de son c\u00f4t\u00e9 dans une d\u00e9claration \u00e0 Mosa\u00efque fm, samedi 14 janvier 2023, que leurs partisans et membres du Bureau politique, pr\u00e9sents \u00e0 la gare maritime de Tunis, ont \u00e9t\u00e9 emp\u00each\u00e9s de se diriger vers le si\u00e8ge de la municipalit\u00e9 de Carthage pour organiser leur manifestation.<\/p>\n<p>Boudhina a confirm\u00e9 que les forces de l\u2019ordre ont arr\u00eat\u00e9 quatre partisans du parti et emmen\u00e9s au poste de police du Kram, selon sa d\u00e9claration.<\/p>\n<p>Rappelons que le gouverneur de Tunis n&rsquo;a pas donn\u00e9 son feu vert pour la manifestation programm\u00e9e par le PDL ce samedi 14 janvier 2023 \u00e0 Carthage.<\/p>\n<p>Le PDL avait annonc\u00e9 l&rsquo;organisation d&rsquo;une marche partant du Tribunal cantonal de Carthage en direction du palais pr\u00e9sidentiel mais avait mis en garde contre toute entrave \u00e0 cette marche de protestation.<\/p>\n<p>Suite \u00e0 cette interdiction, le PDL a revendiqu\u00e9 son droit \u00e0 manifester librement et pacifiquement, annon\u00e7ant qu&rsquo;il allait saisir le Haut-commissariat aux droits de l&rsquo;Homme et qu&rsquo;il se r\u00e9servait le droit de r\u00e9agir conform\u00e9ment \u00e0 la loi.<\/p>\n","protected":false},"excerpt":{"rendered":"<p>La pr\u00e9sidente du Parti destourien libre (PDL, Abir Moussi a annonc\u00e9 dans un live publi\u00e9 sur sa page facebook, ce samedi  matin que les partisans de son parti on&#8230;<\/p>\n","protected":false},"author":3162,"featured_media":348300,"comment_status":"open","ping_status":"closed","sticky":false,"template":"","format":"standard","meta":{"footnotes":""},"categories":[44],"tags":[4384,2926,3223,2817,4028],"class_list":["post-201847","post","type-post","status-publish","format-standard","has-post-thumbnail","hentry","category-national","tag-14-janvier","tag-abir-moussi","tag-carthage","tag-manifestation","tag-pdl"],"yoast_head":"<!-- This site is optimized with the Yoast SEO Premium plugin v27.5 (Yoast SEO v27.5) - https:\/\/yoast.com\/product\/yoast-seo-premium-wordpress\/ -->\n<title>Les partisans du PDL emp\u00each\u00e9s d&#039;atteindre Carthage<\/title>\n<meta name=\"description\" content=\"La pr\u00e9sidente du Parti destourien libre (PDL, Abir Moussi a annonc\u00e9 dans un live publi\u00e9 sur sa page facebook, ce samedi matin que les partisans de son parti on...\" \/>\n<link rel=\"canonical\" href=\"https:\/\/www.webdo.tn\/fr\/actualite\/national-45\/les-partisans-du-pdl-empeches-d-atteindre-carthage\/201847\/\" \/>\n<meta property=\"og:locale\" content=\"fr_FR\" \/>\n<meta property=\"og:type\" content=\"article\" \/>\n<meta property=\"og:title\" content=\"Les partisans du PDL emp\u00each\u00e9s d&#039;atteindre Carthage\" \/>\n<meta property=\"og:description\" content=\"La pr\u00e9sidente du Parti destourien libre (PDL, Abir Moussi a annonc\u00e9 dans un live publi\u00e9 sur sa page facebook, ce samedi matin que les partisans de son parti on...\" \/>\n<meta property=\"og:url\" content=\"https:\/\/www.webdo.tn\/fr\/actualite\/national-45\/les-partisans-du-pdl-empeches-d-atteindre-carthage\/201847\/\" \/>\n<meta property=\"og:site_name\" content=\"webdo\" \/>\n<meta property=\"article:publisher\" content=\"https:\/\/www.facebook.com\/webdotn\" \/>\n<meta property=\"article:published_time\" content=\"2023-01-14T09:57:00+00:00\" \/>\n<meta property=\"article:modified_time\" content=\"2025-05-22T11:38:29+00:00\" \/>\n<meta property=\"og:image\" content=\"https:\/\/www.webdo.tn\/fr\/wp-content\/uploads\/2023\/01\/aad4f74d22b618e7d3a4c932642d89b5.jpg\" \/>\n\t<meta property=\"og:image:width\" content=\"650\" \/>\n\t<meta property=\"og:image:height\" content=\"347\" \/>\n\t<meta property=\"og:image:type\" content=\"image\/jpeg\" \/>\n<meta name=\"author\" content=\"MC\" \/>\n<meta name=\"twitter:card\" content=\"summary_large_image\" \/>\n<meta name=\"twitter:creator\" content=\"@webdo_tn\" \/>\n<meta name=\"twitter:site\" content=\"@webdo_tn\" \/>\n<meta name=\"twitter:label1\" content=\"\u00c9crit par\" \/>\n\t<meta name=\"twitter:data1\" content=\"MC\" \/>\n\t<meta name=\"twitter:label2\" content=\"Dur\u00e9e de lecture estim\u00e9e\" \/>\n\t<meta name=\"twitter:data2\" content=\"1 minute\" \/>\n<script type=\"application\/ld+json\" class=\"yoast-schema-graph\">{\"@context\":\"https:\\\/\\\/schema.org\",\"@graph\":[{\"@type\":\"NewsArticle\",\"@id\":\"https:\\\/\\\/www.webdo.tn\\\/fr\\\/actualite\\\/national-45\\\/les-partisans-du-pdl-empeches-d-atteindre-carthage\\\/201847\\\/#article\",\"isPartOf\":{\"@id\":\"https:\\\/\\\/www.webdo.tn\\\/fr\\\/actualite\\\/national-45\\\/les-partisans-du-pdl-empeches-d-atteindre-carthage\\\/201847\\\/\"},\"author\":{\"name\":\"MC\",\"@id\":\"https:\\\/\\\/www.webdo.tn\\\/fr\\\/#\\\/schema\\\/person\\\/2c4929cbf5a809e3bd38617c6ce150f6\"},\"headline\":\"Les partisans du PDL emp\u00each\u00e9s d&rsquo;atteindre Carthage\",\"datePublished\":\"2023-01-14T09:57:00+00:00\",\"dateModified\":\"2025-05-22T11:38:29+00:00\",\"mainEntityOfPage\":{\"@id\":\"https:\\\/\\\/www.webdo.tn\\\/fr\\\/actualite\\\/national-45\\\/les-partisans-du-pdl-empeches-d-atteindre-carthage\\\/201847\\\/\"},\"wordCount\":298,\"commentCount\":0,\"publisher\":{\"@id\":\"https:\\\/\\\/www.webdo.tn\\\/fr\\\/#organization\"},\"image\":{\"@id\":\"https:\\\/\\\/www.webdo.tn\\\/fr\\\/actualite\\\/national-45\\\/les-partisans-du-pdl-empeches-d-atteindre-carthage\\\/201847\\\/#primaryimage\"},\"thumbnailUrl\":\"https:\\\/\\\/www.webdo.tn\\\/fr\\\/wp-content\\\/uploads\\\/2023\\\/01\\\/aad4f74d22b618e7d3a4c932642d89b5.jpg\",\"keywords\":[\"14 janvier\",\"Abir Moussi\",\"Carthage\",\"Manifestation\",\"PDL\"],\"articleSection\":[\"National\"],\"inLanguage\":\"fr-FR\"},{\"@type\":\"WebPage\",\"@id\":\"https:\\\/\\\/www.webdo.tn\\\/fr\\\/actualite\\\/national-45\\\/les-partisans-du-pdl-empeches-d-atteindre-carthage\\\/201847\\\/\",\"url\":\"https:\\\/\\\/www.webdo.tn\\\/fr\\\/actualite\\\/national-45\\\/les-partisans-du-pdl-empeches-d-atteindre-carthage\\\/201847\\\/\",\"name\":\"Les partisans du PDL emp\u00each\u00e9s d'atteindre Carthage\",\"isPartOf\":{\"@id\":\"https:\\\/\\\/www.webdo.tn\\\/fr\\\/#website\"},\"primaryImageOfPage\":{\"@id\":\"https:\\\/\\\/www.webdo.tn\\\/fr\\\/actualite\\\/national-45\\\/les-partisans-du-pdl-empeches-d-atteindre-carthage\\\/201847\\\/#primaryimage\"},\"image\":{\"@id\":\"https:\\\/\\\/www.webdo.tn\\\/fr\\\/actualite\\\/national-45\\\/les-partisans-du-pdl-empeches-d-atteindre-carthage\\\/201847\\\/#primaryimage\"},\"thumbnailUrl\":\"https:\\\/\\\/www.webdo.tn\\\/fr\\\/wp-content\\\/uploads\\\/2023\\\/01\\\/aad4f74d22b618e7d3a4c932642d89b5.jpg\",\"datePublished\":\"2023-01-14T09:57:00+00:00\",\"dateModified\":\"2025-05-22T11:38:29+00:00\",\"description\":\"La pr\u00e9sidente du Parti destourien libre (PDL, Abir Moussi a annonc\u00e9 dans un live publi\u00e9 sur sa page facebook, ce samedi matin que les partisans de son parti on...\",\"breadcrumb\":{\"@id\":\"https:\\\/\\\/www.webdo.tn\\\/fr\\\/actualite\\\/national-45\\\/les-partisans-du-pdl-empeches-d-atteindre-carthage\\\/201847\\\/#breadcrumb\"},\"inLanguage\":\"fr-FR\",\"potentialAction\":[{\"@type\":\"ReadAction\",\"target\":[\"https:\\\/\\\/www.webdo.tn\\\/fr\\\/actualite\\\/national-45\\\/les-partisans-du-pdl-empeches-d-atteindre-carthage\\\/201847\\\/\"]}]},{\"@type\":\"ImageObject\",\"inLanguage\":\"fr-FR\",\"@id\":\"https:\\\/\\\/www.webdo.tn\\\/fr\\\/actualite\\\/national-45\\\/les-partisans-du-pdl-empeches-d-atteindre-carthage\\\/201847\\\/#primaryimage\",\"url\":\"https:\\\/\\\/www.webdo.tn\\\/fr\\\/wp-content\\\/uploads\\\/2023\\\/01\\\/aad4f74d22b618e7d3a4c932642d89b5.jpg\",\"contentUrl\":\"https:\\\/\\\/www.webdo.tn\\\/fr\\\/wp-content\\\/uploads\\\/2023\\\/01\\\/aad4f74d22b618e7d3a4c932642d89b5.jpg\",\"width\":650,\"height\":347,\"caption\":\"Les partisans du PDL emp\u00each\u00e9s d'atteindre Carthage\"},{\"@type\":\"BreadcrumbList\",\"@id\":\"https:\\\/\\\/www.webdo.tn\\\/fr\\\/actualite\\\/national-45\\\/les-partisans-du-pdl-empeches-d-atteindre-carthage\\\/201847\\\/#breadcrumb\",\"itemListElement\":[{\"@type\":\"ListItem\",\"position\":1,\"name\":\"Accueil\",\"item\":\"https:\\\/\\\/www.webdo.tn\\\/fr\\\/\"},{\"@type\":\"ListItem\",\"position\":2,\"name\":\"Les partisans du PDL emp\u00each\u00e9s d&rsquo;atteindre Carthage\"}]},{\"@type\":\"WebSite\",\"@id\":\"https:\\\/\\\/www.webdo.tn\\\/fr\\\/#website\",\"url\":\"https:\\\/\\\/www.webdo.tn\\\/fr\\\/\",\"name\":\"webdo\",\"description\":\"Tunisie - News en Tunisie et \u00e0 l&#039;international sur Webdo.tn\",\"publisher\":{\"@id\":\"https:\\\/\\\/www.webdo.tn\\\/fr\\\/#organization\"},\"potentialAction\":[{\"@type\":\"SearchAction\",\"target\":{\"@type\":\"EntryPoint\",\"urlTemplate\":\"https:\\\/\\\/www.webdo.tn\\\/fr\\\/?s={search_term_string}\"},\"query-input\":{\"@type\":\"PropertyValueSpecification\",\"valueRequired\":true,\"valueName\":\"search_term_string\"}}],\"inLanguage\":\"fr-FR\"},{\"@type\":\"Organization\",\"@id\":\"https:\\\/\\\/www.webdo.tn\\\/fr\\\/#organization\",\"name\":\"Webdo\",\"alternateName\":\"Webdo.tn\",\"url\":\"https:\\\/\\\/www.webdo.tn\\\/fr\\\/\",\"logo\":{\"@type\":\"ImageObject\",\"inLanguage\":\"fr-FR\",\"@id\":\"https:\\\/\\\/www.webdo.tn\\\/fr\\\/#\\\/schema\\\/logo\\\/image\\\/\",\"url\":\"https:\\\/\\\/www.webdo.tn\\\/fr\\\/wp-content\\\/uploads\\\/2025\\\/06\\\/Webdo-Tunisie_168377.jpg\",\"contentUrl\":\"https:\\\/\\\/www.webdo.tn\\\/fr\\\/wp-content\\\/uploads\\\/2025\\\/06\\\/Webdo-Tunisie_168377.jpg\",\"width\":301,\"height\":301,\"caption\":\"Webdo\"},\"image\":{\"@id\":\"https:\\\/\\\/www.webdo.tn\\\/fr\\\/#\\\/schema\\\/logo\\\/image\\\/\"},\"sameAs\":[\"https:\\\/\\\/www.facebook.com\\\/webdotn\",\"https:\\\/\\\/x.com\\\/webdo_tn\"],\"description\":\"Webdo est un m\u00e9dia num\u00e9rique tunisien fond\u00e9 en 2010, sp\u00e9cialis\u00e9 dans l\u2019actualit\u00e9 nationale et internationale, l\u2019\u00e9conomie, la soci\u00e9t\u00e9 et les analyses politiques. Le site s\u2019adresse \u00e0 un large public francophone et couvre l\u2019information tunisienne en temps r\u00e9el.\",\"email\":\"redac@webdo.tn\",\"legalName\":\"YNJ SARL\",\"foundingDate\":\"2010-09-06\",\"numberOfEmployees\":{\"@type\":\"QuantitativeValue\",\"minValue\":\"11\",\"maxValue\":\"50\"}},{\"@type\":\"Person\",\"@id\":\"https:\\\/\\\/www.webdo.tn\\\/fr\\\/#\\\/schema\\\/person\\\/2c4929cbf5a809e3bd38617c6ce150f6\",\"name\":\"MC\",\"image\":{\"@type\":\"ImageObject\",\"inLanguage\":\"fr-FR\",\"@id\":\"https:\\\/\\\/secure.gravatar.com\\\/avatar\\\/a545bbb6f84efdd5553dbbc2895e3ca8f1d12c5215e00a041c9670b54aa9b18a?s=96&d=mm&r=g\",\"url\":\"https:\\\/\\\/secure.gravatar.com\\\/avatar\\\/a545bbb6f84efdd5553dbbc2895e3ca8f1d12c5215e00a041c9670b54aa9b18a?s=96&d=mm&r=g\",\"contentUrl\":\"https:\\\/\\\/secure.gravatar.com\\\/avatar\\\/a545bbb6f84efdd5553dbbc2895e3ca8f1d12c5215e00a041c9670b54aa9b18a?s=96&d=mm&r=g\",\"caption\":\"MC\"},\"url\":\"https:\\\/\\\/www.webdo.tn\\\/fr\\\/actualite\\\/author\\\/mc\\\/\"}]}<\/script>\n<!-- \/ Yoast SEO Premium plugin. -->","yoast_head_json":{"title":"Les partisans du PDL emp\u00each\u00e9s d'atteindre Carthage","description":"La pr\u00e9sidente du Parti destourien libre (PDL, Abir Moussi a annonc\u00e9 dans un live publi\u00e9 sur sa page facebook, ce samedi matin que les partisans de son parti on...","canonical":"https:\/\/www.webdo.tn\/fr\/actualite\/national-45\/les-partisans-du-pdl-empeches-d-atteindre-carthage\/201847\/","og_locale":"fr_FR","og_type":"article","og_title":"Les partisans du PDL emp\u00each\u00e9s d'atteindre Carthage","og_description":"La pr\u00e9sidente du Parti destourien libre (PDL, Abir Moussi a annonc\u00e9 dans un live publi\u00e9 sur sa page facebook, ce samedi matin que les partisans de son parti on...","og_url":"https:\/\/www.webdo.tn\/fr\/actualite\/national-45\/les-partisans-du-pdl-empeches-d-atteindre-carthage\/201847\/","og_site_name":"webdo","article_publisher":"https:\/\/www.facebook.com\/webdotn","article_published_time":"2023-01-14T09:57:00+00:00","article_modified_time":"2025-05-22T11:38:29+00:00","og_image":[{"width":650,"height":347,"url":"https:\/\/www.webdo.tn\/fr\/wp-content\/uploads\/2023\/01\/aad4f74d22b618e7d3a4c932642d89b5.jpg","type":"image\/jpeg"}],"author":"MC","twitter_card":"summary_large_image","twitter_creator":"@webdo_tn","twitter_site":"@webdo_tn","twitter_misc":{"\u00c9crit par":"MC","Dur\u00e9e de lecture estim\u00e9e":"1 minute"},"schema":{"@context":"https:\/\/schema.org","@graph":[{"@type":"NewsArticle","@id":"https:\/\/www.webdo.tn\/fr\/actualite\/national-45\/les-partisans-du-pdl-empeches-d-atteindre-carthage\/201847\/#article","isPartOf":{"@id":"https:\/\/www.webdo.tn\/fr\/actualite\/national-45\/les-partisans-du-pdl-empeches-d-atteindre-carthage\/201847\/"},"author":{"name":"MC","@id":"https:\/\/www.webdo.tn\/fr\/#\/schema\/person\/2c4929cbf5a809e3bd38617c6ce150f6"},"headline":"Les partisans du PDL emp\u00each\u00e9s d&rsquo;atteindre Carthage","datePublished":"2023-01-14T09:57:00+00:00","dateModified":"2025-05-22T11:38:29+00:00","mainEntityOfPage":{"@id":"https:\/\/www.webdo.tn\/fr\/actualite\/national-45\/les-partisans-du-pdl-empeches-d-atteindre-carthage\/201847\/"},"wordCount":298,"commentCount":0,"publisher":{"@id":"https:\/\/www.webdo.tn\/fr\/#organization"},"image":{"@id":"https:\/\/www.webdo.tn\/fr\/actualite\/national-45\/les-partisans-du-pdl-empeches-d-atteindre-carthage\/201847\/#primaryimage"},"thumbnailUrl":"https:\/\/www.webdo.tn\/fr\/wp-content\/uploads\/2023\/01\/aad4f74d22b618e7d3a4c932642d89b5.jpg","keywords":["14 janvier","Abir Moussi","Carthage","Manifestation","PDL"],"articleSection":["National"],"inLanguage":"fr-FR"},{"@type":"WebPage","@id":"https:\/\/www.webdo.tn\/fr\/actualite\/national-45\/les-partisans-du-pdl-empeches-d-atteindre-carthage\/201847\/","url":"https:\/\/www.webdo.tn\/fr\/actualite\/national-45\/les-partisans-du-pdl-empeches-d-atteindre-carthage\/201847\/","name":"Les partisans du PDL emp\u00each\u00e9s d'atteindre Carthage","isPartOf":{"@id":"https:\/\/www.webdo.tn\/fr\/#website"},"primaryImageOfPage":{"@id":"https:\/\/www.webdo.tn\/fr\/actualite\/national-45\/les-partisans-du-pdl-empeches-d-atteindre-carthage\/201847\/#primaryimage"},"image":{"@id":"https:\/\/www.webdo.tn\/fr\/actualite\/national-45\/les-partisans-du-pdl-empeches-d-atteindre-carthage\/201847\/#primaryimage"},"thumbnailUrl":"https:\/\/www.webdo.tn\/fr\/wp-content\/uploads\/2023\/01\/aad4f74d22b618e7d3a4c932642d89b5.jpg","datePublished":"2023-01-14T09:57:00+00:00","dateModified":"2025-05-22T11:38:29+00:00","description":"La pr\u00e9sidente du Parti destourien libre (PDL, Abir Moussi a annonc\u00e9 dans un live publi\u00e9 sur sa page facebook, ce samedi matin que les partisans de son parti on...","breadcrumb":{"@id":"https:\/\/www.webdo.tn\/fr\/actualite\/national-45\/les-partisans-du-pdl-empeches-d-atteindre-carthage\/201847\/#breadcrumb"},"inLanguage":"fr-FR","potentialAction":[{"@type":"ReadAction","target":["https:\/\/www.webdo.tn\/fr\/actualite\/national-45\/les-partisans-du-pdl-empeches-d-atteindre-carthage\/201847\/"]}]},{"@type":"ImageObject","inLanguage":"fr-FR","@id":"https:\/\/www.webdo.tn\/fr\/actualite\/national-45\/les-partisans-du-pdl-empeches-d-atteindre-carthage\/201847\/#primaryimage","url":"https:\/\/www.webdo.tn\/fr\/wp-content\/uploads\/2023\/01\/aad4f74d22b618e7d3a4c932642d89b5.jpg","contentUrl":"https:\/\/www.webdo.tn\/fr\/wp-content\/uploads\/2023\/01\/aad4f74d22b618e7d3a4c932642d89b5.jpg","width":650,"height":347,"caption":"Les partisans du PDL emp\u00each\u00e9s d'atteindre Carthage"},{"@type":"BreadcrumbList","@id":"https:\/\/www.webdo.tn\/fr\/actualite\/national-45\/les-partisans-du-pdl-empeches-d-atteindre-carthage\/201847\/#breadcrumb","itemListElement":[{"@type":"ListItem","position":1,"name":"Accueil","item":"https:\/\/www.webdo.tn\/fr\/"},{"@type":"ListItem","position":2,"name":"Les partisans du PDL emp\u00each\u00e9s d&rsquo;atteindre Carthage"}]},{"@type":"WebSite","@id":"https:\/\/www.webdo.tn\/fr\/#website","url":"https:\/\/www.webdo.tn\/fr\/","name":"webdo","description":"Tunisie - News en Tunisie et \u00e0 l&#039;international sur Webdo.tn","publisher":{"@id":"https:\/\/www.webdo.tn\/fr\/#organization"},"potentialAction":[{"@type":"SearchAction","target":{"@type":"EntryPoint","urlTemplate":"https:\/\/www.webdo.tn\/fr\/?s={search_term_string}"},"query-input":{"@type":"PropertyValueSpecification","valueRequired":true,"valueName":"search_term_string"}}],"inLanguage":"fr-FR"},{"@type":"Organization","@id":"https:\/\/www.webdo.tn\/fr\/#organization","name":"Webdo","alternateName":"Webdo.tn","url":"https:\/\/www.webdo.tn\/fr\/","logo":{"@type":"ImageObject","inLanguage":"fr-FR","@id":"https:\/\/www.webdo.tn\/fr\/#\/schema\/logo\/image\/","url":"https:\/\/www.webdo.tn\/fr\/wp-content\/uploads\/2025\/06\/Webdo-Tunisie_168377.jpg","contentUrl":"https:\/\/www.webdo.tn\/fr\/wp-content\/uploads\/2025\/06\/Webdo-Tunisie_168377.jpg","width":301,"height":301,"caption":"Webdo"},"image":{"@id":"https:\/\/www.webdo.tn\/fr\/#\/schema\/logo\/image\/"},"sameAs":["https:\/\/www.facebook.com\/webdotn","https:\/\/x.com\/webdo_tn"],"description":"Webdo est un m\u00e9dia num\u00e9rique tunisien fond\u00e9 en 2010, sp\u00e9cialis\u00e9 dans l\u2019actualit\u00e9 nationale et internationale, l\u2019\u00e9conomie, la soci\u00e9t\u00e9 et les analyses politiques. Le site s\u2019adresse \u00e0 un large public francophone et couvre l\u2019information tunisienne en temps r\u00e9el.","email":"redac@webdo.tn","legalName":"YNJ SARL","foundingDate":"2010-09-06","numberOfEmployees":{"@type":"QuantitativeValue","minValue":"11","maxValue":"50"}},{"@type":"Person","@id":"https:\/\/www.webdo.tn\/fr\/#\/schema\/person\/2c4929cbf5a809e3bd38617c6ce150f6","name":"MC","image":{"@type":"ImageObject","inLanguage":"fr-FR","@id":"https:\/\/secure.gravatar.com\/avatar\/a545bbb6f84efdd5553dbbc2895e3ca8f1d12c5215e00a041c9670b54aa9b18a?s=96&d=mm&r=g","url":"https:\/\/secure.gravatar.com\/avatar\/a545bbb6f84efdd5553dbbc2895e3ca8f1d12c5215e00a041c9670b54aa9b18a?s=96&d=mm&r=g","contentUrl":"https:\/\/secure.gravatar.com\/avatar\/a545bbb6f84efdd5553dbbc2895e3ca8f1d12c5215e00a041c9670b54aa9b18a?s=96&d=mm&r=g","caption":"MC"},"url":"https:\/\/www.webdo.tn\/fr\/actualite\/author\/mc\/"}]}},"_links":{"self":[{"href":"https:\/\/www.webdo.tn\/fr\/wp-json\/wp\/v2\/posts\/201847","targetHints":{"allow":["GET"]}}],"collection":[{"href":"https:\/\/www.webdo.tn\/fr\/wp-json\/wp\/v2\/posts"}],"about":[{"href":"https:\/\/www.webdo.tn\/fr\/wp-json\/wp\/v2\/types\/post"}],"author":[{"embeddable":true,"href":"https:\/\/www.webdo.tn\/fr\/wp-json\/wp\/v2\/users\/3162"}],"replies":[{"embeddable":true,"href":"https:\/\/www.webdo.tn\/fr\/wp-json\/wp\/v2\/comments?post=201847"}],"version-history":[{"count":0,"href":"https:\/\/www.webdo.tn\/fr\/wp-json\/wp\/v2\/posts\/201847\/revisions"}],"wp:featuredmedia":[{"embeddable":true,"href":"https:\/\/www.webdo.tn\/fr\/wp-json\/wp\/v2\/media\/348300"}],"wp:attachment":[{"href":"https:\/\/www.webdo.tn\/fr\/wp-json\/wp\/v2\/media?parent=201847"}],"wp:term":[{"taxonomy":"category","embeddable":true,"href":"https:\/\/www.webdo.tn\/fr\/wp-json\/wp\/v2\/categories?post=201847"},{"taxonomy":"post_tag","embeddable":true,"href":"https:\/\/www.webdo.tn\/fr\/wp-json\/wp\/v2\/tags?post=201847"}],"curies":[{"name":"wp","href":"https:\/\/api.w.org\/{rel}","templated":true}]}}