{"id":201844,"date":"2023-01-14T09:27:00","date_gmt":"2023-01-14T09:27:00","guid":{"rendered":"https:\/\/www.webdo.tn\/fr\/actualite\/blog\/deuxieme-medaille-d-or-pour-ayoub-hafnaoui-a-knoxville\/201844\/"},"modified":"2025-05-22T11:38:27","modified_gmt":"2025-05-22T11:38:27","slug":"deuxieme-medaille-d-or-pour-ayoub-hafnaoui-a-knoxville","status":"publish","type":"post","link":"https:\/\/www.webdo.tn\/fr\/actualite\/sport\/deuxieme-medaille-d-or-pour-ayoub-hafnaoui-a-knoxville\/201844\/","title":{"rendered":"Deuxi\u00e8me m\u00e9daille d&rsquo;or pour Ayoub Hafnaoui \u00e0 Knoxville"},"content":{"rendered":"<p>Apr\u00e8s avoir sign\u00e9 un premier succ\u00e8s lors de la course du 800m Freestyle \u00e0 Knoxville aux \u00c9tats-Unis, Ayoub Hafnaoui remet \u00e7a avec une deuxi\u00e8me m\u00e9daille d&rsquo;or d\u00e9croch\u00e9e en deux jours.<\/p>\n<p> Le jeune nageur et champion olympique tunisien continue, en effet de briller \u00e0 Knoxville o\u00f9 il a d\u00e9croch\u00e9 cette fois, la m\u00e9daille d&rsquo;or du 400 m\u00e8tres nage libre dans cette comp\u00e9tition, devan\u00e7ant le champion du monde 2022, le nageur am\u00e9ricain Kieran Smith.<\/p>\n<p>A noter qu&rsquo;Ayoub Hafnaoui a fait sensation jeudi en remportant la course du 800m Freestyle, terminant la course \u00e0 la premi\u00e8re place, devant les champions am\u00e9ricains Bobby Fink, Charlie Clark et Kieran Smith.<\/p>\n","protected":false},"excerpt":{"rendered":"<p>Apr\u00e8s avoir sign\u00e9 un premier succ\u00e8s lors de la course du 800m Freestyle \u00e0 Knoxville aux \u00c9tats-Unis, Ayoub Hafnaoui remet \u00e7a avec une deuxi\u00e8me m\u00e9daille d&rsquo;or d\u00e9cr&#8230;<\/p>\n","protected":false},"author":3162,"featured_media":348298,"comment_status":"open","ping_status":"closed","sticky":false,"template":"","format":"standard","meta":{"footnotes":""},"categories":[2593],"tags":[7350,5540,3252],"class_list":["post-201844","post","type-post","status-publish","format-standard","has-post-thumbnail","hentry","category-sport","tag-ayoub-hafnaoui","tag-medaille-dor","tag-natation"],"yoast_head":"<!-- This site is optimized with the Yoast SEO Premium plugin v27.5 (Yoast SEO v27.5) - https:\/\/yoast.com\/product\/yoast-seo-premium-wordpress\/ -->\n<title>Deuxi\u00e8me m\u00e9daille d&#039;or pour Ayoub Hafnaoui \u00e0 Knoxville<\/title>\n<meta name=\"description\" content=\"Apr\u00e8s avoir sign\u00e9 un premier succ\u00e8s lors de la course du 800m Freestyle \u00e0 Knoxville aux \u00c9tats-Unis, Ayoub Hafnaoui remet \u00e7a avec une deuxi\u00e8me m\u00e9daille d&#039;or d\u00e9cr...\" \/>\n<link rel=\"canonical\" href=\"https:\/\/www.webdo.tn\/fr\/actualite\/sport\/deuxieme-medaille-d-or-pour-ayoub-hafnaoui-a-knoxville\/201844\/\" \/>\n<meta property=\"og:locale\" content=\"fr_FR\" \/>\n<meta property=\"og:type\" content=\"article\" \/>\n<meta property=\"og:title\" content=\"Deuxi\u00e8me m\u00e9daille d&#039;or pour Ayoub Hafnaoui \u00e0 Knoxville\" \/>\n<meta property=\"og:description\" content=\"Apr\u00e8s avoir sign\u00e9 un premier succ\u00e8s lors de la course du 800m Freestyle \u00e0 Knoxville aux \u00c9tats-Unis, Ayoub Hafnaoui remet \u00e7a avec une deuxi\u00e8me m\u00e9daille d&#039;or d\u00e9cr...\" \/>\n<meta property=\"og:url\" content=\"https:\/\/www.webdo.tn\/fr\/actualite\/sport\/deuxieme-medaille-d-or-pour-ayoub-hafnaoui-a-knoxville\/201844\/\" \/>\n<meta property=\"og:site_name\" content=\"webdo\" \/>\n<meta property=\"article:publisher\" content=\"https:\/\/www.facebook.com\/webdotn\" \/>\n<meta property=\"article:published_time\" content=\"2023-01-14T09:27:00+00:00\" \/>\n<meta property=\"article:modified_time\" content=\"2025-05-22T11:38:27+00:00\" \/>\n<meta property=\"og:image\" content=\"https:\/\/www.webdo.tn\/fr\/wp-content\/uploads\/2023\/01\/a2a777eae3dc8482d30f17c5aa7383a3.jpg\" \/>\n\t<meta property=\"og:image:width\" content=\"680\" \/>\n\t<meta property=\"og:image:height\" content=\"363\" \/>\n\t<meta property=\"og:image:type\" content=\"image\/jpeg\" \/>\n<meta name=\"author\" content=\"MC\" \/>\n<meta name=\"twitter:card\" content=\"summary_large_image\" \/>\n<meta name=\"twitter:creator\" content=\"@webdo_tn\" \/>\n<meta name=\"twitter:site\" content=\"@webdo_tn\" \/>\n<meta name=\"twitter:label1\" content=\"\u00c9crit par\" \/>\n\t<meta name=\"twitter:data1\" content=\"MC\" \/>\n\t<meta name=\"twitter:label2\" content=\"Dur\u00e9e de lecture estim\u00e9e\" \/>\n\t<meta name=\"twitter:data2\" content=\"1 minute\" \/>\n<script type=\"application\/ld+json\" class=\"yoast-schema-graph\">{\"@context\":\"https:\\\/\\\/schema.org\",\"@graph\":[{\"@type\":\"NewsArticle\",\"@id\":\"https:\\\/\\\/www.webdo.tn\\\/fr\\\/actualite\\\/sport\\\/deuxieme-medaille-d-or-pour-ayoub-hafnaoui-a-knoxville\\\/201844\\\/#article\",\"isPartOf\":{\"@id\":\"https:\\\/\\\/www.webdo.tn\\\/fr\\\/actualite\\\/sport\\\/deuxieme-medaille-d-or-pour-ayoub-hafnaoui-a-knoxville\\\/201844\\\/\"},\"author\":{\"name\":\"MC\",\"@id\":\"https:\\\/\\\/www.webdo.tn\\\/fr\\\/#\\\/schema\\\/person\\\/2c4929cbf5a809e3bd38617c6ce150f6\"},\"headline\":\"Deuxi\u00e8me m\u00e9daille d&rsquo;or pour Ayoub Hafnaoui \u00e0 Knoxville\",\"datePublished\":\"2023-01-14T09:27:00+00:00\",\"dateModified\":\"2025-05-22T11:38:27+00:00\",\"mainEntityOfPage\":{\"@id\":\"https:\\\/\\\/www.webdo.tn\\\/fr\\\/actualite\\\/sport\\\/deuxieme-medaille-d-or-pour-ayoub-hafnaoui-a-knoxville\\\/201844\\\/\"},\"wordCount\":127,\"commentCount\":0,\"publisher\":{\"@id\":\"https:\\\/\\\/www.webdo.tn\\\/fr\\\/#organization\"},\"image\":{\"@id\":\"https:\\\/\\\/www.webdo.tn\\\/fr\\\/actualite\\\/sport\\\/deuxieme-medaille-d-or-pour-ayoub-hafnaoui-a-knoxville\\\/201844\\\/#primaryimage\"},\"thumbnailUrl\":\"https:\\\/\\\/www.webdo.tn\\\/fr\\\/wp-content\\\/uploads\\\/2023\\\/01\\\/a2a777eae3dc8482d30f17c5aa7383a3.jpg\",\"keywords\":[\"ayoub hafnaoui\",\"m\u00e9daille d'or\",\"natation\"],\"articleSection\":[\"Sport\"],\"inLanguage\":\"fr-FR\"},{\"@type\":\"WebPage\",\"@id\":\"https:\\\/\\\/www.webdo.tn\\\/fr\\\/actualite\\\/sport\\\/deuxieme-medaille-d-or-pour-ayoub-hafnaoui-a-knoxville\\\/201844\\\/\",\"url\":\"https:\\\/\\\/www.webdo.tn\\\/fr\\\/actualite\\\/sport\\\/deuxieme-medaille-d-or-pour-ayoub-hafnaoui-a-knoxville\\\/201844\\\/\",\"name\":\"Deuxi\u00e8me m\u00e9daille d'or pour Ayoub Hafnaoui \u00e0 Knoxville\",\"isPartOf\":{\"@id\":\"https:\\\/\\\/www.webdo.tn\\\/fr\\\/#website\"},\"primaryImageOfPage\":{\"@id\":\"https:\\\/\\\/www.webdo.tn\\\/fr\\\/actualite\\\/sport\\\/deuxieme-medaille-d-or-pour-ayoub-hafnaoui-a-knoxville\\\/201844\\\/#primaryimage\"},\"image\":{\"@id\":\"https:\\\/\\\/www.webdo.tn\\\/fr\\\/actualite\\\/sport\\\/deuxieme-medaille-d-or-pour-ayoub-hafnaoui-a-knoxville\\\/201844\\\/#primaryimage\"},\"thumbnailUrl\":\"https:\\\/\\\/www.webdo.tn\\\/fr\\\/wp-content\\\/uploads\\\/2023\\\/01\\\/a2a777eae3dc8482d30f17c5aa7383a3.jpg\",\"datePublished\":\"2023-01-14T09:27:00+00:00\",\"dateModified\":\"2025-05-22T11:38:27+00:00\",\"description\":\"Apr\u00e8s avoir sign\u00e9 un premier succ\u00e8s lors de la course du 800m Freestyle \u00e0 Knoxville aux \u00c9tats-Unis, Ayoub Hafnaoui remet \u00e7a avec une deuxi\u00e8me m\u00e9daille d'or d\u00e9cr...\",\"breadcrumb\":{\"@id\":\"https:\\\/\\\/www.webdo.tn\\\/fr\\\/actualite\\\/sport\\\/deuxieme-medaille-d-or-pour-ayoub-hafnaoui-a-knoxville\\\/201844\\\/#breadcrumb\"},\"inLanguage\":\"fr-FR\",\"potentialAction\":[{\"@type\":\"ReadAction\",\"target\":[\"https:\\\/\\\/www.webdo.tn\\\/fr\\\/actualite\\\/sport\\\/deuxieme-medaille-d-or-pour-ayoub-hafnaoui-a-knoxville\\\/201844\\\/\"]}]},{\"@type\":\"ImageObject\",\"inLanguage\":\"fr-FR\",\"@id\":\"https:\\\/\\\/www.webdo.tn\\\/fr\\\/actualite\\\/sport\\\/deuxieme-medaille-d-or-pour-ayoub-hafnaoui-a-knoxville\\\/201844\\\/#primaryimage\",\"url\":\"https:\\\/\\\/www.webdo.tn\\\/fr\\\/wp-content\\\/uploads\\\/2023\\\/01\\\/a2a777eae3dc8482d30f17c5aa7383a3.jpg\",\"contentUrl\":\"https:\\\/\\\/www.webdo.tn\\\/fr\\\/wp-content\\\/uploads\\\/2023\\\/01\\\/a2a777eae3dc8482d30f17c5aa7383a3.jpg\",\"width\":680,\"height\":363,\"caption\":\"Deuxi\u00e8me m\u00e9daille d'or pour Ayoub Hafnaoui \u00e0 Knoxville\"},{\"@type\":\"BreadcrumbList\",\"@id\":\"https:\\\/\\\/www.webdo.tn\\\/fr\\\/actualite\\\/sport\\\/deuxieme-medaille-d-or-pour-ayoub-hafnaoui-a-knoxville\\\/201844\\\/#breadcrumb\",\"itemListElement\":[{\"@type\":\"ListItem\",\"position\":1,\"name\":\"Accueil\",\"item\":\"https:\\\/\\\/www.webdo.tn\\\/fr\\\/\"},{\"@type\":\"ListItem\",\"position\":2,\"name\":\"Deuxi\u00e8me m\u00e9daille d&rsquo;or pour Ayoub Hafnaoui \u00e0 Knoxville\"}]},{\"@type\":\"WebSite\",\"@id\":\"https:\\\/\\\/www.webdo.tn\\\/fr\\\/#website\",\"url\":\"https:\\\/\\\/www.webdo.tn\\\/fr\\\/\",\"name\":\"webdo\",\"description\":\"Tunisie - News en Tunisie et \u00e0 l&#039;international sur Webdo.tn\",\"publisher\":{\"@id\":\"https:\\\/\\\/www.webdo.tn\\\/fr\\\/#organization\"},\"potentialAction\":[{\"@type\":\"SearchAction\",\"target\":{\"@type\":\"EntryPoint\",\"urlTemplate\":\"https:\\\/\\\/www.webdo.tn\\\/fr\\\/?s={search_term_string}\"},\"query-input\":{\"@type\":\"PropertyValueSpecification\",\"valueRequired\":true,\"valueName\":\"search_term_string\"}}],\"inLanguage\":\"fr-FR\"},{\"@type\":\"Organization\",\"@id\":\"https:\\\/\\\/www.webdo.tn\\\/fr\\\/#organization\",\"name\":\"Webdo\",\"alternateName\":\"Webdo.tn\",\"url\":\"https:\\\/\\\/www.webdo.tn\\\/fr\\\/\",\"logo\":{\"@type\":\"ImageObject\",\"inLanguage\":\"fr-FR\",\"@id\":\"https:\\\/\\\/www.webdo.tn\\\/fr\\\/#\\\/schema\\\/logo\\\/image\\\/\",\"url\":\"https:\\\/\\\/www.webdo.tn\\\/fr\\\/wp-content\\\/uploads\\\/2025\\\/06\\\/Webdo-Tunisie_168377.jpg\",\"contentUrl\":\"https:\\\/\\\/www.webdo.tn\\\/fr\\\/wp-content\\\/uploads\\\/2025\\\/06\\\/Webdo-Tunisie_168377.jpg\",\"width\":301,\"height\":301,\"caption\":\"Webdo\"},\"image\":{\"@id\":\"https:\\\/\\\/www.webdo.tn\\\/fr\\\/#\\\/schema\\\/logo\\\/image\\\/\"},\"sameAs\":[\"https:\\\/\\\/www.facebook.com\\\/webdotn\",\"https:\\\/\\\/x.com\\\/webdo_tn\"],\"description\":\"Webdo est un m\u00e9dia num\u00e9rique tunisien fond\u00e9 en 2010, sp\u00e9cialis\u00e9 dans l\u2019actualit\u00e9 nationale et internationale, l\u2019\u00e9conomie, la soci\u00e9t\u00e9 et les analyses politiques. Le site s\u2019adresse \u00e0 un large public francophone et couvre l\u2019information tunisienne en temps r\u00e9el.\",\"email\":\"redac@webdo.tn\",\"legalName\":\"YNJ SARL\",\"foundingDate\":\"2010-09-06\",\"numberOfEmployees\":{\"@type\":\"QuantitativeValue\",\"minValue\":\"11\",\"maxValue\":\"50\"}},{\"@type\":\"Person\",\"@id\":\"https:\\\/\\\/www.webdo.tn\\\/fr\\\/#\\\/schema\\\/person\\\/2c4929cbf5a809e3bd38617c6ce150f6\",\"name\":\"MC\",\"image\":{\"@type\":\"ImageObject\",\"inLanguage\":\"fr-FR\",\"@id\":\"https:\\\/\\\/secure.gravatar.com\\\/avatar\\\/a545bbb6f84efdd5553dbbc2895e3ca8f1d12c5215e00a041c9670b54aa9b18a?s=96&d=mm&r=g\",\"url\":\"https:\\\/\\\/secure.gravatar.com\\\/avatar\\\/a545bbb6f84efdd5553dbbc2895e3ca8f1d12c5215e00a041c9670b54aa9b18a?s=96&d=mm&r=g\",\"contentUrl\":\"https:\\\/\\\/secure.gravatar.com\\\/avatar\\\/a545bbb6f84efdd5553dbbc2895e3ca8f1d12c5215e00a041c9670b54aa9b18a?s=96&d=mm&r=g\",\"caption\":\"MC\"},\"url\":\"https:\\\/\\\/www.webdo.tn\\\/fr\\\/actualite\\\/author\\\/mc\\\/\"}]}<\/script>\n<!-- \/ Yoast SEO Premium plugin. -->","yoast_head_json":{"title":"Deuxi\u00e8me m\u00e9daille d'or pour Ayoub Hafnaoui \u00e0 Knoxville","description":"Apr\u00e8s avoir sign\u00e9 un premier succ\u00e8s lors de la course du 800m Freestyle \u00e0 Knoxville aux \u00c9tats-Unis, Ayoub Hafnaoui remet \u00e7a avec une deuxi\u00e8me m\u00e9daille d'or d\u00e9cr...","canonical":"https:\/\/www.webdo.tn\/fr\/actualite\/sport\/deuxieme-medaille-d-or-pour-ayoub-hafnaoui-a-knoxville\/201844\/","og_locale":"fr_FR","og_type":"article","og_title":"Deuxi\u00e8me m\u00e9daille d'or pour Ayoub Hafnaoui \u00e0 Knoxville","og_description":"Apr\u00e8s avoir sign\u00e9 un premier succ\u00e8s lors de la course du 800m Freestyle \u00e0 Knoxville aux \u00c9tats-Unis, Ayoub Hafnaoui remet \u00e7a avec une deuxi\u00e8me m\u00e9daille d'or d\u00e9cr...","og_url":"https:\/\/www.webdo.tn\/fr\/actualite\/sport\/deuxieme-medaille-d-or-pour-ayoub-hafnaoui-a-knoxville\/201844\/","og_site_name":"webdo","article_publisher":"https:\/\/www.facebook.com\/webdotn","article_published_time":"2023-01-14T09:27:00+00:00","article_modified_time":"2025-05-22T11:38:27+00:00","og_image":[{"width":680,"height":363,"url":"https:\/\/www.webdo.tn\/fr\/wp-content\/uploads\/2023\/01\/a2a777eae3dc8482d30f17c5aa7383a3.jpg","type":"image\/jpeg"}],"author":"MC","twitter_card":"summary_large_image","twitter_creator":"@webdo_tn","twitter_site":"@webdo_tn","twitter_misc":{"\u00c9crit par":"MC","Dur\u00e9e de lecture estim\u00e9e":"1 minute"},"schema":{"@context":"https:\/\/schema.org","@graph":[{"@type":"NewsArticle","@id":"https:\/\/www.webdo.tn\/fr\/actualite\/sport\/deuxieme-medaille-d-or-pour-ayoub-hafnaoui-a-knoxville\/201844\/#article","isPartOf":{"@id":"https:\/\/www.webdo.tn\/fr\/actualite\/sport\/deuxieme-medaille-d-or-pour-ayoub-hafnaoui-a-knoxville\/201844\/"},"author":{"name":"MC","@id":"https:\/\/www.webdo.tn\/fr\/#\/schema\/person\/2c4929cbf5a809e3bd38617c6ce150f6"},"headline":"Deuxi\u00e8me m\u00e9daille d&rsquo;or pour Ayoub Hafnaoui \u00e0 Knoxville","datePublished":"2023-01-14T09:27:00+00:00","dateModified":"2025-05-22T11:38:27+00:00","mainEntityOfPage":{"@id":"https:\/\/www.webdo.tn\/fr\/actualite\/sport\/deuxieme-medaille-d-or-pour-ayoub-hafnaoui-a-knoxville\/201844\/"},"wordCount":127,"commentCount":0,"publisher":{"@id":"https:\/\/www.webdo.tn\/fr\/#organization"},"image":{"@id":"https:\/\/www.webdo.tn\/fr\/actualite\/sport\/deuxieme-medaille-d-or-pour-ayoub-hafnaoui-a-knoxville\/201844\/#primaryimage"},"thumbnailUrl":"https:\/\/www.webdo.tn\/fr\/wp-content\/uploads\/2023\/01\/a2a777eae3dc8482d30f17c5aa7383a3.jpg","keywords":["ayoub hafnaoui","m\u00e9daille d'or","natation"],"articleSection":["Sport"],"inLanguage":"fr-FR"},{"@type":"WebPage","@id":"https:\/\/www.webdo.tn\/fr\/actualite\/sport\/deuxieme-medaille-d-or-pour-ayoub-hafnaoui-a-knoxville\/201844\/","url":"https:\/\/www.webdo.tn\/fr\/actualite\/sport\/deuxieme-medaille-d-or-pour-ayoub-hafnaoui-a-knoxville\/201844\/","name":"Deuxi\u00e8me m\u00e9daille d'or pour Ayoub Hafnaoui \u00e0 Knoxville","isPartOf":{"@id":"https:\/\/www.webdo.tn\/fr\/#website"},"primaryImageOfPage":{"@id":"https:\/\/www.webdo.tn\/fr\/actualite\/sport\/deuxieme-medaille-d-or-pour-ayoub-hafnaoui-a-knoxville\/201844\/#primaryimage"},"image":{"@id":"https:\/\/www.webdo.tn\/fr\/actualite\/sport\/deuxieme-medaille-d-or-pour-ayoub-hafnaoui-a-knoxville\/201844\/#primaryimage"},"thumbnailUrl":"https:\/\/www.webdo.tn\/fr\/wp-content\/uploads\/2023\/01\/a2a777eae3dc8482d30f17c5aa7383a3.jpg","datePublished":"2023-01-14T09:27:00+00:00","dateModified":"2025-05-22T11:38:27+00:00","description":"Apr\u00e8s avoir sign\u00e9 un premier succ\u00e8s lors de la course du 800m Freestyle \u00e0 Knoxville aux \u00c9tats-Unis, Ayoub Hafnaoui remet \u00e7a avec une deuxi\u00e8me m\u00e9daille d'or d\u00e9cr...","breadcrumb":{"@id":"https:\/\/www.webdo.tn\/fr\/actualite\/sport\/deuxieme-medaille-d-or-pour-ayoub-hafnaoui-a-knoxville\/201844\/#breadcrumb"},"inLanguage":"fr-FR","potentialAction":[{"@type":"ReadAction","target":["https:\/\/www.webdo.tn\/fr\/actualite\/sport\/deuxieme-medaille-d-or-pour-ayoub-hafnaoui-a-knoxville\/201844\/"]}]},{"@type":"ImageObject","inLanguage":"fr-FR","@id":"https:\/\/www.webdo.tn\/fr\/actualite\/sport\/deuxieme-medaille-d-or-pour-ayoub-hafnaoui-a-knoxville\/201844\/#primaryimage","url":"https:\/\/www.webdo.tn\/fr\/wp-content\/uploads\/2023\/01\/a2a777eae3dc8482d30f17c5aa7383a3.jpg","contentUrl":"https:\/\/www.webdo.tn\/fr\/wp-content\/uploads\/2023\/01\/a2a777eae3dc8482d30f17c5aa7383a3.jpg","width":680,"height":363,"caption":"Deuxi\u00e8me m\u00e9daille d'or pour Ayoub Hafnaoui \u00e0 Knoxville"},{"@type":"BreadcrumbList","@id":"https:\/\/www.webdo.tn\/fr\/actualite\/sport\/deuxieme-medaille-d-or-pour-ayoub-hafnaoui-a-knoxville\/201844\/#breadcrumb","itemListElement":[{"@type":"ListItem","position":1,"name":"Accueil","item":"https:\/\/www.webdo.tn\/fr\/"},{"@type":"ListItem","position":2,"name":"Deuxi\u00e8me m\u00e9daille d&rsquo;or pour Ayoub Hafnaoui \u00e0 Knoxville"}]},{"@type":"WebSite","@id":"https:\/\/www.webdo.tn\/fr\/#website","url":"https:\/\/www.webdo.tn\/fr\/","name":"webdo","description":"Tunisie - News en Tunisie et \u00e0 l&#039;international sur Webdo.tn","publisher":{"@id":"https:\/\/www.webdo.tn\/fr\/#organization"},"potentialAction":[{"@type":"SearchAction","target":{"@type":"EntryPoint","urlTemplate":"https:\/\/www.webdo.tn\/fr\/?s={search_term_string}"},"query-input":{"@type":"PropertyValueSpecification","valueRequired":true,"valueName":"search_term_string"}}],"inLanguage":"fr-FR"},{"@type":"Organization","@id":"https:\/\/www.webdo.tn\/fr\/#organization","name":"Webdo","alternateName":"Webdo.tn","url":"https:\/\/www.webdo.tn\/fr\/","logo":{"@type":"ImageObject","inLanguage":"fr-FR","@id":"https:\/\/www.webdo.tn\/fr\/#\/schema\/logo\/image\/","url":"https:\/\/www.webdo.tn\/fr\/wp-content\/uploads\/2025\/06\/Webdo-Tunisie_168377.jpg","contentUrl":"https:\/\/www.webdo.tn\/fr\/wp-content\/uploads\/2025\/06\/Webdo-Tunisie_168377.jpg","width":301,"height":301,"caption":"Webdo"},"image":{"@id":"https:\/\/www.webdo.tn\/fr\/#\/schema\/logo\/image\/"},"sameAs":["https:\/\/www.facebook.com\/webdotn","https:\/\/x.com\/webdo_tn"],"description":"Webdo est un m\u00e9dia num\u00e9rique tunisien fond\u00e9 en 2010, sp\u00e9cialis\u00e9 dans l\u2019actualit\u00e9 nationale et internationale, l\u2019\u00e9conomie, la soci\u00e9t\u00e9 et les analyses politiques. Le site s\u2019adresse \u00e0 un large public francophone et couvre l\u2019information tunisienne en temps r\u00e9el.","email":"redac@webdo.tn","legalName":"YNJ SARL","foundingDate":"2010-09-06","numberOfEmployees":{"@type":"QuantitativeValue","minValue":"11","maxValue":"50"}},{"@type":"Person","@id":"https:\/\/www.webdo.tn\/fr\/#\/schema\/person\/2c4929cbf5a809e3bd38617c6ce150f6","name":"MC","image":{"@type":"ImageObject","inLanguage":"fr-FR","@id":"https:\/\/secure.gravatar.com\/avatar\/a545bbb6f84efdd5553dbbc2895e3ca8f1d12c5215e00a041c9670b54aa9b18a?s=96&d=mm&r=g","url":"https:\/\/secure.gravatar.com\/avatar\/a545bbb6f84efdd5553dbbc2895e3ca8f1d12c5215e00a041c9670b54aa9b18a?s=96&d=mm&r=g","contentUrl":"https:\/\/secure.gravatar.com\/avatar\/a545bbb6f84efdd5553dbbc2895e3ca8f1d12c5215e00a041c9670b54aa9b18a?s=96&d=mm&r=g","caption":"MC"},"url":"https:\/\/www.webdo.tn\/fr\/actualite\/author\/mc\/"}]}},"_links":{"self":[{"href":"https:\/\/www.webdo.tn\/fr\/wp-json\/wp\/v2\/posts\/201844","targetHints":{"allow":["GET"]}}],"collection":[{"href":"https:\/\/www.webdo.tn\/fr\/wp-json\/wp\/v2\/posts"}],"about":[{"href":"https:\/\/www.webdo.tn\/fr\/wp-json\/wp\/v2\/types\/post"}],"author":[{"embeddable":true,"href":"https:\/\/www.webdo.tn\/fr\/wp-json\/wp\/v2\/users\/3162"}],"replies":[{"embeddable":true,"href":"https:\/\/www.webdo.tn\/fr\/wp-json\/wp\/v2\/comments?post=201844"}],"version-history":[{"count":0,"href":"https:\/\/www.webdo.tn\/fr\/wp-json\/wp\/v2\/posts\/201844\/revisions"}],"wp:featuredmedia":[{"embeddable":true,"href":"https:\/\/www.webdo.tn\/fr\/wp-json\/wp\/v2\/media\/348298"}],"wp:attachment":[{"href":"https:\/\/www.webdo.tn\/fr\/wp-json\/wp\/v2\/media?parent=201844"}],"wp:term":[{"taxonomy":"category","embeddable":true,"href":"https:\/\/www.webdo.tn\/fr\/wp-json\/wp\/v2\/categories?post=201844"},{"taxonomy":"post_tag","embeddable":true,"href":"https:\/\/www.webdo.tn\/fr\/wp-json\/wp\/v2\/tags?post=201844"}],"curies":[{"name":"wp","href":"https:\/\/api.w.org\/{rel}","templated":true}]}}