{"id":201834,"date":"2023-01-13T20:06:00","date_gmt":"2023-01-13T20:06:00","guid":{"rendered":"https:\/\/www.webdo.tn\/fr\/actualite\/blog\/kais-saied-nous-sommes-en-guerre-contre-la-corruption\/201834\/"},"modified":"2025-05-22T11:38:28","modified_gmt":"2025-05-22T11:38:28","slug":"kais-saied-nous-sommes-en-guerre-contre-la-corruption","status":"publish","type":"post","link":"https:\/\/www.webdo.tn\/fr\/actualite\/chroniques\/kais-saied-nous-sommes-en-guerre-contre-la-corruption\/201834\/","title":{"rendered":"Kais Saied : \u00ab Nous sommes en guerre contre la corruption \u00bb"},"content":{"rendered":"<p>Le chef de l\u2019Etat s\u2019est rendu ce vendredi 13 janvier 2023 au si\u00e8ge de la commission nationale de la r\u00e9conciliation p\u00e9nale.<\/p>\n<p> Appelant \u00e0 acc\u00e9l\u00e9rer les proc\u00e9dures pour appliquer les dispositions du d\u00e9cret relatif \u00e0 la r\u00e9conciliation p\u00e9nale, il a estim\u00e9 que le r\u00f4le de la commission est primordial \u00e0 cet effet.\u00a0<br \/>\nKais Saied a rappel\u00e9 que plusieurs personnes ayant commis des crimes contre le peuple sont pr\u00eates \u00e0 adh\u00e9rer \u00e0 cette initiative.\u00a0<br \/>\n\u00ab Nous sommes en guerre contre la corruption et vous \u00eates amen\u00e9s \u00e0 multiplier tous les efforts pour restituer l\u2019argent du peuple \u00bb, a-t-il dit.\u00a0<br \/>\nLe pr\u00e9sident de la R\u00e9publique Ka\u00efs Sa\u00efed a effectu\u00e9, vendredi, une visite inopin\u00e9e au centre-ville de Tunis, avant de se rendre \u00e0 la mosqu\u00e9e Zitouna \u00e0 la m\u00e9dina, o\u00f9 il a effectu\u00e9 la pri\u00e8re du vendredi.<\/p>\n<p>Le chef de l&rsquo;Etat s&rsquo;est, \u00e0 cette occasion, enquis des pr\u00e9occupations des fid\u00e8les. Il a, aussi, \u00e9cout\u00e9 les dol\u00e9ances des artisans de la m\u00e9dina qui ont \u00e9voqu\u00e9 les difficult\u00e9s auxquelles ils font face, au vu de la conjoncture \u00e9conomique difficile et la reprise, encore insuffisante, du secteur touristique, a rapport\u00e9 le correspondant de l&rsquo;agence TAP.<\/p>\n","protected":false},"excerpt":{"rendered":"<p>Le chef de l\u2019Etat s\u2019est rendu ce vendredi 13 janvier 2023 au si\u00e8ge de la commission nationale de la r\u00e9conciliation p\u00e9nale.<\/p>\n","protected":false},"author":3175,"featured_media":348299,"comment_status":"open","ping_status":"closed","sticky":false,"template":"","format":"standard","meta":{"footnotes":""},"categories":[2596],"tags":[2614,7181,2608],"class_list":["post-201834","post","type-post","status-publish","format-standard","has-post-thumbnail","hentry","category-chroniques","tag-kais-saied","tag-reconciliation-penale","tag-tunisie"],"yoast_head":"<!-- This site is optimized with the Yoast SEO Premium plugin v27.5 (Yoast SEO v27.5) - https:\/\/yoast.com\/product\/yoast-seo-premium-wordpress\/ -->\n<title>Kais Saied : \u00ab Nous sommes en guerre contre la corruption \u00bb<\/title>\n<meta name=\"description\" content=\"Le chef de l\u2019Etat s\u2019est rendu ce vendredi 13 janvier 2023 au si\u00e8ge de la commission nationale de la r\u00e9conciliation p\u00e9nale.\" \/>\n<link rel=\"canonical\" href=\"https:\/\/www.webdo.tn\/fr\/actualite\/chroniques\/kais-saied-nous-sommes-en-guerre-contre-la-corruption\/201834\/\" \/>\n<meta property=\"og:locale\" content=\"fr_FR\" \/>\n<meta property=\"og:type\" content=\"article\" \/>\n<meta property=\"og:title\" content=\"Kais Saied : \u00ab Nous sommes en guerre contre la corruption \u00bb\" \/>\n<meta property=\"og:description\" content=\"Le chef de l\u2019Etat s\u2019est rendu ce vendredi 13 janvier 2023 au si\u00e8ge de la commission nationale de la r\u00e9conciliation p\u00e9nale.\" \/>\n<meta property=\"og:url\" content=\"https:\/\/www.webdo.tn\/fr\/actualite\/chroniques\/kais-saied-nous-sommes-en-guerre-contre-la-corruption\/201834\/\" \/>\n<meta property=\"og:site_name\" content=\"webdo\" \/>\n<meta property=\"article:publisher\" content=\"https:\/\/www.facebook.com\/webdotn\" \/>\n<meta property=\"article:published_time\" content=\"2023-01-13T20:06:00+00:00\" \/>\n<meta property=\"article:modified_time\" content=\"2025-05-22T11:38:28+00:00\" \/>\n<meta property=\"og:image\" content=\"https:\/\/www.webdo.tn\/fr\/wp-content\/uploads\/2023\/01\/af34b7546eb3be3eabade51ffe80c4b8.jpg\" \/>\n\t<meta property=\"og:image:width\" content=\"645\" \/>\n\t<meta property=\"og:image:height\" content=\"344\" \/>\n\t<meta property=\"og:image:type\" content=\"image\/jpeg\" \/>\n<meta name=\"author\" content=\"CL\" \/>\n<meta name=\"twitter:card\" content=\"summary_large_image\" \/>\n<meta name=\"twitter:creator\" content=\"@webdo_tn\" \/>\n<meta name=\"twitter:site\" content=\"@webdo_tn\" \/>\n<meta name=\"twitter:label1\" content=\"\u00c9crit par\" \/>\n\t<meta name=\"twitter:data1\" content=\"CL\" \/>\n\t<meta name=\"twitter:label2\" content=\"Dur\u00e9e de lecture estim\u00e9e\" \/>\n\t<meta name=\"twitter:data2\" content=\"1 minute\" \/>\n<script type=\"application\/ld+json\" class=\"yoast-schema-graph\">{\"@context\":\"https:\\\/\\\/schema.org\",\"@graph\":[{\"@type\":\"NewsArticle\",\"@id\":\"https:\\\/\\\/www.webdo.tn\\\/fr\\\/actualite\\\/chroniques\\\/kais-saied-nous-sommes-en-guerre-contre-la-corruption\\\/201834\\\/#article\",\"isPartOf\":{\"@id\":\"https:\\\/\\\/www.webdo.tn\\\/fr\\\/actualite\\\/chroniques\\\/kais-saied-nous-sommes-en-guerre-contre-la-corruption\\\/201834\\\/\"},\"author\":{\"name\":\"CL\",\"@id\":\"https:\\\/\\\/www.webdo.tn\\\/fr\\\/#\\\/schema\\\/person\\\/f35b42a42c5e2511bbd282959d6385cc\"},\"headline\":\"Kais Saied : \u00ab Nous sommes en guerre contre la corruption \u00bb\",\"datePublished\":\"2023-01-13T20:06:00+00:00\",\"dateModified\":\"2025-05-22T11:38:28+00:00\",\"mainEntityOfPage\":{\"@id\":\"https:\\\/\\\/www.webdo.tn\\\/fr\\\/actualite\\\/chroniques\\\/kais-saied-nous-sommes-en-guerre-contre-la-corruption\\\/201834\\\/\"},\"wordCount\":216,\"commentCount\":0,\"publisher\":{\"@id\":\"https:\\\/\\\/www.webdo.tn\\\/fr\\\/#organization\"},\"image\":{\"@id\":\"https:\\\/\\\/www.webdo.tn\\\/fr\\\/actualite\\\/chroniques\\\/kais-saied-nous-sommes-en-guerre-contre-la-corruption\\\/201834\\\/#primaryimage\"},\"thumbnailUrl\":\"https:\\\/\\\/www.webdo.tn\\\/fr\\\/wp-content\\\/uploads\\\/2023\\\/01\\\/af34b7546eb3be3eabade51ffe80c4b8.jpg\",\"keywords\":[\"Kais Saied\",\"r\u00e9conciliation p\u00e9nale\",\"Tunisie\"],\"articleSection\":[\"Chroniques\"],\"inLanguage\":\"fr-FR\"},{\"@type\":\"WebPage\",\"@id\":\"https:\\\/\\\/www.webdo.tn\\\/fr\\\/actualite\\\/chroniques\\\/kais-saied-nous-sommes-en-guerre-contre-la-corruption\\\/201834\\\/\",\"url\":\"https:\\\/\\\/www.webdo.tn\\\/fr\\\/actualite\\\/chroniques\\\/kais-saied-nous-sommes-en-guerre-contre-la-corruption\\\/201834\\\/\",\"name\":\"Kais Saied : \u00ab Nous sommes en guerre contre la corruption \u00bb\",\"isPartOf\":{\"@id\":\"https:\\\/\\\/www.webdo.tn\\\/fr\\\/#website\"},\"primaryImageOfPage\":{\"@id\":\"https:\\\/\\\/www.webdo.tn\\\/fr\\\/actualite\\\/chroniques\\\/kais-saied-nous-sommes-en-guerre-contre-la-corruption\\\/201834\\\/#primaryimage\"},\"image\":{\"@id\":\"https:\\\/\\\/www.webdo.tn\\\/fr\\\/actualite\\\/chroniques\\\/kais-saied-nous-sommes-en-guerre-contre-la-corruption\\\/201834\\\/#primaryimage\"},\"thumbnailUrl\":\"https:\\\/\\\/www.webdo.tn\\\/fr\\\/wp-content\\\/uploads\\\/2023\\\/01\\\/af34b7546eb3be3eabade51ffe80c4b8.jpg\",\"datePublished\":\"2023-01-13T20:06:00+00:00\",\"dateModified\":\"2025-05-22T11:38:28+00:00\",\"description\":\"Le chef de l\u2019Etat s\u2019est rendu ce vendredi 13 janvier 2023 au si\u00e8ge de la commission nationale de la r\u00e9conciliation p\u00e9nale.\",\"breadcrumb\":{\"@id\":\"https:\\\/\\\/www.webdo.tn\\\/fr\\\/actualite\\\/chroniques\\\/kais-saied-nous-sommes-en-guerre-contre-la-corruption\\\/201834\\\/#breadcrumb\"},\"inLanguage\":\"fr-FR\",\"potentialAction\":[{\"@type\":\"ReadAction\",\"target\":[\"https:\\\/\\\/www.webdo.tn\\\/fr\\\/actualite\\\/chroniques\\\/kais-saied-nous-sommes-en-guerre-contre-la-corruption\\\/201834\\\/\"]}]},{\"@type\":\"ImageObject\",\"inLanguage\":\"fr-FR\",\"@id\":\"https:\\\/\\\/www.webdo.tn\\\/fr\\\/actualite\\\/chroniques\\\/kais-saied-nous-sommes-en-guerre-contre-la-corruption\\\/201834\\\/#primaryimage\",\"url\":\"https:\\\/\\\/www.webdo.tn\\\/fr\\\/wp-content\\\/uploads\\\/2023\\\/01\\\/af34b7546eb3be3eabade51ffe80c4b8.jpg\",\"contentUrl\":\"https:\\\/\\\/www.webdo.tn\\\/fr\\\/wp-content\\\/uploads\\\/2023\\\/01\\\/af34b7546eb3be3eabade51ffe80c4b8.jpg\",\"width\":645,\"height\":344,\"caption\":\"Kais Saied\"},{\"@type\":\"BreadcrumbList\",\"@id\":\"https:\\\/\\\/www.webdo.tn\\\/fr\\\/actualite\\\/chroniques\\\/kais-saied-nous-sommes-en-guerre-contre-la-corruption\\\/201834\\\/#breadcrumb\",\"itemListElement\":[{\"@type\":\"ListItem\",\"position\":1,\"name\":\"Accueil\",\"item\":\"https:\\\/\\\/www.webdo.tn\\\/fr\\\/\"},{\"@type\":\"ListItem\",\"position\":2,\"name\":\"Kais Saied : \u00ab Nous sommes en guerre contre la corruption \u00bb\"}]},{\"@type\":\"WebSite\",\"@id\":\"https:\\\/\\\/www.webdo.tn\\\/fr\\\/#website\",\"url\":\"https:\\\/\\\/www.webdo.tn\\\/fr\\\/\",\"name\":\"webdo\",\"description\":\"Tunisie - News en Tunisie et \u00e0 l&#039;international sur Webdo.tn\",\"publisher\":{\"@id\":\"https:\\\/\\\/www.webdo.tn\\\/fr\\\/#organization\"},\"potentialAction\":[{\"@type\":\"SearchAction\",\"target\":{\"@type\":\"EntryPoint\",\"urlTemplate\":\"https:\\\/\\\/www.webdo.tn\\\/fr\\\/?s={search_term_string}\"},\"query-input\":{\"@type\":\"PropertyValueSpecification\",\"valueRequired\":true,\"valueName\":\"search_term_string\"}}],\"inLanguage\":\"fr-FR\"},{\"@type\":\"Organization\",\"@id\":\"https:\\\/\\\/www.webdo.tn\\\/fr\\\/#organization\",\"name\":\"Webdo\",\"alternateName\":\"Webdo.tn\",\"url\":\"https:\\\/\\\/www.webdo.tn\\\/fr\\\/\",\"logo\":{\"@type\":\"ImageObject\",\"inLanguage\":\"fr-FR\",\"@id\":\"https:\\\/\\\/www.webdo.tn\\\/fr\\\/#\\\/schema\\\/logo\\\/image\\\/\",\"url\":\"https:\\\/\\\/www.webdo.tn\\\/fr\\\/wp-content\\\/uploads\\\/2025\\\/06\\\/Webdo-Tunisie_168377.jpg\",\"contentUrl\":\"https:\\\/\\\/www.webdo.tn\\\/fr\\\/wp-content\\\/uploads\\\/2025\\\/06\\\/Webdo-Tunisie_168377.jpg\",\"width\":301,\"height\":301,\"caption\":\"Webdo\"},\"image\":{\"@id\":\"https:\\\/\\\/www.webdo.tn\\\/fr\\\/#\\\/schema\\\/logo\\\/image\\\/\"},\"sameAs\":[\"https:\\\/\\\/www.facebook.com\\\/webdotn\",\"https:\\\/\\\/x.com\\\/webdo_tn\"],\"description\":\"Webdo est un m\u00e9dia num\u00e9rique tunisien fond\u00e9 en 2010, sp\u00e9cialis\u00e9 dans l\u2019actualit\u00e9 nationale et internationale, l\u2019\u00e9conomie, la soci\u00e9t\u00e9 et les analyses politiques. Le site s\u2019adresse \u00e0 un large public francophone et couvre l\u2019information tunisienne en temps r\u00e9el.\",\"email\":\"redac@webdo.tn\",\"legalName\":\"YNJ SARL\",\"foundingDate\":\"2010-09-06\",\"numberOfEmployees\":{\"@type\":\"QuantitativeValue\",\"minValue\":\"11\",\"maxValue\":\"50\"}},{\"@type\":\"Person\",\"@id\":\"https:\\\/\\\/www.webdo.tn\\\/fr\\\/#\\\/schema\\\/person\\\/f35b42a42c5e2511bbd282959d6385cc\",\"name\":\"CL\",\"image\":{\"@type\":\"ImageObject\",\"inLanguage\":\"fr-FR\",\"@id\":\"https:\\\/\\\/secure.gravatar.com\\\/avatar\\\/1447a49909b67aa657c488aec6512e1dd6143a480c1ecfee9b5b5cd74eb3b59e?s=96&d=mm&r=g\",\"url\":\"https:\\\/\\\/secure.gravatar.com\\\/avatar\\\/1447a49909b67aa657c488aec6512e1dd6143a480c1ecfee9b5b5cd74eb3b59e?s=96&d=mm&r=g\",\"contentUrl\":\"https:\\\/\\\/secure.gravatar.com\\\/avatar\\\/1447a49909b67aa657c488aec6512e1dd6143a480c1ecfee9b5b5cd74eb3b59e?s=96&d=mm&r=g\",\"caption\":\"CL\"},\"url\":\"https:\\\/\\\/www.webdo.tn\\\/fr\\\/actualite\\\/author\\\/cl\\\/\"}]}<\/script>\n<!-- \/ Yoast SEO Premium plugin. -->","yoast_head_json":{"title":"Kais Saied : \u00ab Nous sommes en guerre contre la corruption \u00bb","description":"Le chef de l\u2019Etat s\u2019est rendu ce vendredi 13 janvier 2023 au si\u00e8ge de la commission nationale de la r\u00e9conciliation p\u00e9nale.","canonical":"https:\/\/www.webdo.tn\/fr\/actualite\/chroniques\/kais-saied-nous-sommes-en-guerre-contre-la-corruption\/201834\/","og_locale":"fr_FR","og_type":"article","og_title":"Kais Saied : \u00ab Nous sommes en guerre contre la corruption \u00bb","og_description":"Le chef de l\u2019Etat s\u2019est rendu ce vendredi 13 janvier 2023 au si\u00e8ge de la commission nationale de la r\u00e9conciliation p\u00e9nale.","og_url":"https:\/\/www.webdo.tn\/fr\/actualite\/chroniques\/kais-saied-nous-sommes-en-guerre-contre-la-corruption\/201834\/","og_site_name":"webdo","article_publisher":"https:\/\/www.facebook.com\/webdotn","article_published_time":"2023-01-13T20:06:00+00:00","article_modified_time":"2025-05-22T11:38:28+00:00","og_image":[{"width":645,"height":344,"url":"https:\/\/www.webdo.tn\/fr\/wp-content\/uploads\/2023\/01\/af34b7546eb3be3eabade51ffe80c4b8.jpg","type":"image\/jpeg"}],"author":"CL","twitter_card":"summary_large_image","twitter_creator":"@webdo_tn","twitter_site":"@webdo_tn","twitter_misc":{"\u00c9crit par":"CL","Dur\u00e9e de lecture estim\u00e9e":"1 minute"},"schema":{"@context":"https:\/\/schema.org","@graph":[{"@type":"NewsArticle","@id":"https:\/\/www.webdo.tn\/fr\/actualite\/chroniques\/kais-saied-nous-sommes-en-guerre-contre-la-corruption\/201834\/#article","isPartOf":{"@id":"https:\/\/www.webdo.tn\/fr\/actualite\/chroniques\/kais-saied-nous-sommes-en-guerre-contre-la-corruption\/201834\/"},"author":{"name":"CL","@id":"https:\/\/www.webdo.tn\/fr\/#\/schema\/person\/f35b42a42c5e2511bbd282959d6385cc"},"headline":"Kais Saied : \u00ab Nous sommes en guerre contre la corruption \u00bb","datePublished":"2023-01-13T20:06:00+00:00","dateModified":"2025-05-22T11:38:28+00:00","mainEntityOfPage":{"@id":"https:\/\/www.webdo.tn\/fr\/actualite\/chroniques\/kais-saied-nous-sommes-en-guerre-contre-la-corruption\/201834\/"},"wordCount":216,"commentCount":0,"publisher":{"@id":"https:\/\/www.webdo.tn\/fr\/#organization"},"image":{"@id":"https:\/\/www.webdo.tn\/fr\/actualite\/chroniques\/kais-saied-nous-sommes-en-guerre-contre-la-corruption\/201834\/#primaryimage"},"thumbnailUrl":"https:\/\/www.webdo.tn\/fr\/wp-content\/uploads\/2023\/01\/af34b7546eb3be3eabade51ffe80c4b8.jpg","keywords":["Kais Saied","r\u00e9conciliation p\u00e9nale","Tunisie"],"articleSection":["Chroniques"],"inLanguage":"fr-FR"},{"@type":"WebPage","@id":"https:\/\/www.webdo.tn\/fr\/actualite\/chroniques\/kais-saied-nous-sommes-en-guerre-contre-la-corruption\/201834\/","url":"https:\/\/www.webdo.tn\/fr\/actualite\/chroniques\/kais-saied-nous-sommes-en-guerre-contre-la-corruption\/201834\/","name":"Kais Saied : \u00ab Nous sommes en guerre contre la corruption \u00bb","isPartOf":{"@id":"https:\/\/www.webdo.tn\/fr\/#website"},"primaryImageOfPage":{"@id":"https:\/\/www.webdo.tn\/fr\/actualite\/chroniques\/kais-saied-nous-sommes-en-guerre-contre-la-corruption\/201834\/#primaryimage"},"image":{"@id":"https:\/\/www.webdo.tn\/fr\/actualite\/chroniques\/kais-saied-nous-sommes-en-guerre-contre-la-corruption\/201834\/#primaryimage"},"thumbnailUrl":"https:\/\/www.webdo.tn\/fr\/wp-content\/uploads\/2023\/01\/af34b7546eb3be3eabade51ffe80c4b8.jpg","datePublished":"2023-01-13T20:06:00+00:00","dateModified":"2025-05-22T11:38:28+00:00","description":"Le chef de l\u2019Etat s\u2019est rendu ce vendredi 13 janvier 2023 au si\u00e8ge de la commission nationale de la r\u00e9conciliation p\u00e9nale.","breadcrumb":{"@id":"https:\/\/www.webdo.tn\/fr\/actualite\/chroniques\/kais-saied-nous-sommes-en-guerre-contre-la-corruption\/201834\/#breadcrumb"},"inLanguage":"fr-FR","potentialAction":[{"@type":"ReadAction","target":["https:\/\/www.webdo.tn\/fr\/actualite\/chroniques\/kais-saied-nous-sommes-en-guerre-contre-la-corruption\/201834\/"]}]},{"@type":"ImageObject","inLanguage":"fr-FR","@id":"https:\/\/www.webdo.tn\/fr\/actualite\/chroniques\/kais-saied-nous-sommes-en-guerre-contre-la-corruption\/201834\/#primaryimage","url":"https:\/\/www.webdo.tn\/fr\/wp-content\/uploads\/2023\/01\/af34b7546eb3be3eabade51ffe80c4b8.jpg","contentUrl":"https:\/\/www.webdo.tn\/fr\/wp-content\/uploads\/2023\/01\/af34b7546eb3be3eabade51ffe80c4b8.jpg","width":645,"height":344,"caption":"Kais Saied"},{"@type":"BreadcrumbList","@id":"https:\/\/www.webdo.tn\/fr\/actualite\/chroniques\/kais-saied-nous-sommes-en-guerre-contre-la-corruption\/201834\/#breadcrumb","itemListElement":[{"@type":"ListItem","position":1,"name":"Accueil","item":"https:\/\/www.webdo.tn\/fr\/"},{"@type":"ListItem","position":2,"name":"Kais Saied : \u00ab Nous sommes en guerre contre la corruption \u00bb"}]},{"@type":"WebSite","@id":"https:\/\/www.webdo.tn\/fr\/#website","url":"https:\/\/www.webdo.tn\/fr\/","name":"webdo","description":"Tunisie - News en Tunisie et \u00e0 l&#039;international sur Webdo.tn","publisher":{"@id":"https:\/\/www.webdo.tn\/fr\/#organization"},"potentialAction":[{"@type":"SearchAction","target":{"@type":"EntryPoint","urlTemplate":"https:\/\/www.webdo.tn\/fr\/?s={search_term_string}"},"query-input":{"@type":"PropertyValueSpecification","valueRequired":true,"valueName":"search_term_string"}}],"inLanguage":"fr-FR"},{"@type":"Organization","@id":"https:\/\/www.webdo.tn\/fr\/#organization","name":"Webdo","alternateName":"Webdo.tn","url":"https:\/\/www.webdo.tn\/fr\/","logo":{"@type":"ImageObject","inLanguage":"fr-FR","@id":"https:\/\/www.webdo.tn\/fr\/#\/schema\/logo\/image\/","url":"https:\/\/www.webdo.tn\/fr\/wp-content\/uploads\/2025\/06\/Webdo-Tunisie_168377.jpg","contentUrl":"https:\/\/www.webdo.tn\/fr\/wp-content\/uploads\/2025\/06\/Webdo-Tunisie_168377.jpg","width":301,"height":301,"caption":"Webdo"},"image":{"@id":"https:\/\/www.webdo.tn\/fr\/#\/schema\/logo\/image\/"},"sameAs":["https:\/\/www.facebook.com\/webdotn","https:\/\/x.com\/webdo_tn"],"description":"Webdo est un m\u00e9dia num\u00e9rique tunisien fond\u00e9 en 2010, sp\u00e9cialis\u00e9 dans l\u2019actualit\u00e9 nationale et internationale, l\u2019\u00e9conomie, la soci\u00e9t\u00e9 et les analyses politiques. Le site s\u2019adresse \u00e0 un large public francophone et couvre l\u2019information tunisienne en temps r\u00e9el.","email":"redac@webdo.tn","legalName":"YNJ SARL","foundingDate":"2010-09-06","numberOfEmployees":{"@type":"QuantitativeValue","minValue":"11","maxValue":"50"}},{"@type":"Person","@id":"https:\/\/www.webdo.tn\/fr\/#\/schema\/person\/f35b42a42c5e2511bbd282959d6385cc","name":"CL","image":{"@type":"ImageObject","inLanguage":"fr-FR","@id":"https:\/\/secure.gravatar.com\/avatar\/1447a49909b67aa657c488aec6512e1dd6143a480c1ecfee9b5b5cd74eb3b59e?s=96&d=mm&r=g","url":"https:\/\/secure.gravatar.com\/avatar\/1447a49909b67aa657c488aec6512e1dd6143a480c1ecfee9b5b5cd74eb3b59e?s=96&d=mm&r=g","contentUrl":"https:\/\/secure.gravatar.com\/avatar\/1447a49909b67aa657c488aec6512e1dd6143a480c1ecfee9b5b5cd74eb3b59e?s=96&d=mm&r=g","caption":"CL"},"url":"https:\/\/www.webdo.tn\/fr\/actualite\/author\/cl\/"}]}},"_links":{"self":[{"href":"https:\/\/www.webdo.tn\/fr\/wp-json\/wp\/v2\/posts\/201834","targetHints":{"allow":["GET"]}}],"collection":[{"href":"https:\/\/www.webdo.tn\/fr\/wp-json\/wp\/v2\/posts"}],"about":[{"href":"https:\/\/www.webdo.tn\/fr\/wp-json\/wp\/v2\/types\/post"}],"author":[{"embeddable":true,"href":"https:\/\/www.webdo.tn\/fr\/wp-json\/wp\/v2\/users\/3175"}],"replies":[{"embeddable":true,"href":"https:\/\/www.webdo.tn\/fr\/wp-json\/wp\/v2\/comments?post=201834"}],"version-history":[{"count":0,"href":"https:\/\/www.webdo.tn\/fr\/wp-json\/wp\/v2\/posts\/201834\/revisions"}],"wp:featuredmedia":[{"embeddable":true,"href":"https:\/\/www.webdo.tn\/fr\/wp-json\/wp\/v2\/media\/348299"}],"wp:attachment":[{"href":"https:\/\/www.webdo.tn\/fr\/wp-json\/wp\/v2\/media?parent=201834"}],"wp:term":[{"taxonomy":"category","embeddable":true,"href":"https:\/\/www.webdo.tn\/fr\/wp-json\/wp\/v2\/categories?post=201834"},{"taxonomy":"post_tag","embeddable":true,"href":"https:\/\/www.webdo.tn\/fr\/wp-json\/wp\/v2\/tags?post=201834"}],"curies":[{"name":"wp","href":"https:\/\/api.w.org\/{rel}","templated":true}]}}