{"id":201830,"date":"2023-01-13T18:22:00","date_gmt":"2023-01-13T18:22:00","guid":{"rendered":"https:\/\/www.webdo.tn\/fr\/actualite\/blog\/tunisie-la-ltdh-preoccupee-face-a-la-degradation-de-la-situation\/201830\/"},"modified":"2025-05-22T11:38:27","modified_gmt":"2025-05-22T11:38:27","slug":"tunisie-la-ltdh-preoccupee-face-a-la-degradation-de-la-situation","status":"publish","type":"post","link":"https:\/\/www.webdo.tn\/fr\/actualite\/national\/tunisie-la-ltdh-preoccupee-face-a-la-degradation-de-la-situation\/201830\/","title":{"rendered":"Tunisie : La LTDH pr\u00e9occup\u00e9e face \u00e0 la \u00ab\u00a0d\u00e9gradation de la situation\u00a0\u00bb"},"content":{"rendered":"<p>La Ligue tunisienne de d\u00e9fense des droits de l&rsquo;homme (LTDH) a exprim\u00e9 sa vive inqui\u00e9tude face \u00e0 la situation g\u00e9n\u00e9rale du pays, estimant que la Tunisie conna\u00eet actuellement une polycrise \u00ab\u00a0qui fait obstacle \u00e0 ce que les Tunisiens parviennent \u00e0 r\u00e9aliser leurs aspirations \u00e0 un Etat civil et d\u00e9mocratique o\u00f9 pr\u00e9valent droits et libert\u00e9s dans le cadre de la loi\u00a0\u00bb.<\/p>\n<p> Dans une d\u00e9claration publi\u00e9e, vendredi, \u00e0 l&rsquo;occasion de la comm\u00e9moration de la r\u00e9volution du 14 janvier, la Ligue pointe du doigt l&rsquo;Ex\u00e9cutif et le tient pour responsable \u00ab\u00a0de l&rsquo;exacerbation et l&rsquo;enlisement du pays dans la polycrise\u00a0\u00bb.<\/p>\n<p>Afin d&rsquo;\u00e9viter de perp\u00e9tuer la crise, la LTDH a appel\u00e9 \u00e0 la n\u00e9cessit\u00e9 de la transcender, dans le cadre du plein respect des droits de l&rsquo;homme et de la participation effective de la soci\u00e9t\u00e9 civile et politique.<\/p>\n<p>Pour ce faire, recommande la LTDH, il importe de d\u00e9cr\u00e9ter en urgence nombre de mesures, dont notamment, la suspension du second tour des \u00e9lections l\u00e9gislatives, le retrait des d\u00e9crets-lois et d\u00e9crets contraires aux fondements de l&rsquo;Etat civil et \u00e0 la s\u00e9paration des pouvoirs, citant \u00e0 ce titre le d\u00e9cret-loi n\u00b054 de 2022.<\/p>\n<p>Il s&rsquo;agit, \u00e9galement, de h\u00e2ter la mise en \u0153uvre des d\u00e9cisions \u00e9manant du tribunal administratif concernant les juges r\u00e9voqu\u00e9s et la publication du mouvement judiciaire, estime la LTDH.<\/p>\n","protected":false},"excerpt":{"rendered":"<p>La Ligue tunisienne de d\u00e9fense des droits de l&rsquo;homme (LTDH) a exprim\u00e9 sa vive inqui\u00e9tude face \u00e0 la situation g\u00e9n\u00e9rale du pays, estimant que la Tunisie conna\u00eet a&#8230;<\/p>\n","protected":false},"author":3175,"featured_media":348297,"comment_status":"open","ping_status":"closed","sticky":false,"template":"","format":"standard","meta":{"footnotes":""},"categories":[44],"tags":[3343,7947,2608],"class_list":["post-201830","post","type-post","status-publish","format-standard","has-post-thumbnail","hentry","category-national","tag-crise","tag-ltdh","tag-tunisie"],"yoast_head":"<!-- This site is optimized with the Yoast SEO Premium plugin v27.4 (Yoast SEO v27.5) - https:\/\/yoast.com\/product\/yoast-seo-premium-wordpress\/ -->\n<title>Tunisie : La LTDH pr\u00e9occup\u00e9e face \u00e0 la d\u00e9gradation de la situation<\/title>\n<meta name=\"description\" content=\"La Ligue tunisienne de d\u00e9fense des droits de l&#039;homme (LTDH) a exprim\u00e9 sa vive inqui\u00e9tude face \u00e0 la situation g\u00e9n\u00e9rale du pays, estimant que la Tunisie conna\u00eet a...\" \/>\n<link rel=\"canonical\" href=\"https:\/\/www.webdo.tn\/fr\/actualite\/national-45\/tunisie-la-ltdh-preoccupee-face-a-la-degradation-de-la-situation\/201830\/\" \/>\n<meta property=\"og:locale\" content=\"fr_FR\" \/>\n<meta property=\"og:type\" content=\"article\" \/>\n<meta property=\"og:title\" content=\"Tunisie : La LTDH pr\u00e9occup\u00e9e face \u00e0 la &quot;d\u00e9gradation de la situation&quot;\" \/>\n<meta property=\"og:description\" content=\"La Ligue tunisienne de d\u00e9fense des droits de l&#039;homme (LTDH) a exprim\u00e9 sa vive inqui\u00e9tude face \u00e0 la situation g\u00e9n\u00e9rale du pays, estimant que la Tunisie conna\u00eet a...\" \/>\n<meta property=\"og:url\" content=\"https:\/\/www.webdo.tn\/fr\/actualite\/national-45\/tunisie-la-ltdh-preoccupee-face-a-la-degradation-de-la-situation\/201830\/\" \/>\n<meta property=\"og:site_name\" content=\"webdo\" \/>\n<meta property=\"article:publisher\" content=\"https:\/\/www.facebook.com\/webdotn\" \/>\n<meta property=\"article:published_time\" content=\"2023-01-13T18:22:00+00:00\" \/>\n<meta property=\"article:modified_time\" content=\"2025-05-22T11:38:27+00:00\" \/>\n<meta property=\"og:image\" content=\"https:\/\/www.webdo.tn\/fr\/wp-content\/uploads\/2023\/01\/d7981d25d232102e8a337052a8d60942.png\" \/>\n\t<meta property=\"og:image:width\" content=\"750\" \/>\n\t<meta property=\"og:image:height\" content=\"400\" \/>\n\t<meta property=\"og:image:type\" content=\"image\/png\" \/>\n<meta name=\"author\" content=\"CL\" \/>\n<meta name=\"twitter:card\" content=\"summary_large_image\" \/>\n<meta name=\"twitter:creator\" content=\"@webdo_tn\" \/>\n<meta name=\"twitter:site\" content=\"@webdo_tn\" \/>\n<meta name=\"twitter:label1\" content=\"\u00c9crit par\" \/>\n\t<meta name=\"twitter:data1\" content=\"CL\" \/>\n\t<meta name=\"twitter:label2\" content=\"Dur\u00e9e de lecture estim\u00e9e\" \/>\n\t<meta name=\"twitter:data2\" content=\"1 minute\" \/>\n<script type=\"application\/ld+json\" class=\"yoast-schema-graph\">{\"@context\":\"https:\\\/\\\/schema.org\",\"@graph\":[{\"@type\":\"NewsArticle\",\"@id\":\"https:\\\/\\\/www.webdo.tn\\\/fr\\\/actualite\\\/national-45\\\/tunisie-la-ltdh-preoccupee-face-a-la-degradation-de-la-situation\\\/201830\\\/#article\",\"isPartOf\":{\"@id\":\"https:\\\/\\\/www.webdo.tn\\\/fr\\\/actualite\\\/national-45\\\/tunisie-la-ltdh-preoccupee-face-a-la-degradation-de-la-situation\\\/201830\\\/\"},\"author\":{\"name\":\"CL\",\"@id\":\"https:\\\/\\\/www.webdo.tn\\\/fr\\\/#\\\/schema\\\/person\\\/f35b42a42c5e2511bbd282959d6385cc\"},\"headline\":\"Tunisie : La LTDH pr\u00e9occup\u00e9e face \u00e0 la \u00ab\u00a0d\u00e9gradation de la situation\u00a0\u00bb\",\"datePublished\":\"2023-01-13T18:22:00+00:00\",\"dateModified\":\"2025-05-22T11:38:27+00:00\",\"mainEntityOfPage\":{\"@id\":\"https:\\\/\\\/www.webdo.tn\\\/fr\\\/actualite\\\/national-45\\\/tunisie-la-ltdh-preoccupee-face-a-la-degradation-de-la-situation\\\/201830\\\/\"},\"wordCount\":253,\"commentCount\":0,\"publisher\":{\"@id\":\"https:\\\/\\\/www.webdo.tn\\\/fr\\\/#organization\"},\"image\":{\"@id\":\"https:\\\/\\\/www.webdo.tn\\\/fr\\\/actualite\\\/national-45\\\/tunisie-la-ltdh-preoccupee-face-a-la-degradation-de-la-situation\\\/201830\\\/#primaryimage\"},\"thumbnailUrl\":\"https:\\\/\\\/www.webdo.tn\\\/fr\\\/wp-content\\\/uploads\\\/2023\\\/01\\\/d7981d25d232102e8a337052a8d60942.png\",\"keywords\":[\"crise\",\"LTDH\",\"Tunisie\"],\"articleSection\":[\"National\"],\"inLanguage\":\"fr-FR\"},{\"@type\":\"WebPage\",\"@id\":\"https:\\\/\\\/www.webdo.tn\\\/fr\\\/actualite\\\/national-45\\\/tunisie-la-ltdh-preoccupee-face-a-la-degradation-de-la-situation\\\/201830\\\/\",\"url\":\"https:\\\/\\\/www.webdo.tn\\\/fr\\\/actualite\\\/national-45\\\/tunisie-la-ltdh-preoccupee-face-a-la-degradation-de-la-situation\\\/201830\\\/\",\"name\":\"Tunisie : La LTDH pr\u00e9occup\u00e9e face \u00e0 la d\u00e9gradation de la situation\",\"isPartOf\":{\"@id\":\"https:\\\/\\\/www.webdo.tn\\\/fr\\\/#website\"},\"primaryImageOfPage\":{\"@id\":\"https:\\\/\\\/www.webdo.tn\\\/fr\\\/actualite\\\/national-45\\\/tunisie-la-ltdh-preoccupee-face-a-la-degradation-de-la-situation\\\/201830\\\/#primaryimage\"},\"image\":{\"@id\":\"https:\\\/\\\/www.webdo.tn\\\/fr\\\/actualite\\\/national-45\\\/tunisie-la-ltdh-preoccupee-face-a-la-degradation-de-la-situation\\\/201830\\\/#primaryimage\"},\"thumbnailUrl\":\"https:\\\/\\\/www.webdo.tn\\\/fr\\\/wp-content\\\/uploads\\\/2023\\\/01\\\/d7981d25d232102e8a337052a8d60942.png\",\"datePublished\":\"2023-01-13T18:22:00+00:00\",\"dateModified\":\"2025-05-22T11:38:27+00:00\",\"description\":\"La Ligue tunisienne de d\u00e9fense des droits de l'homme (LTDH) a exprim\u00e9 sa vive inqui\u00e9tude face \u00e0 la situation g\u00e9n\u00e9rale du pays, estimant que la Tunisie conna\u00eet a...\",\"breadcrumb\":{\"@id\":\"https:\\\/\\\/www.webdo.tn\\\/fr\\\/actualite\\\/national-45\\\/tunisie-la-ltdh-preoccupee-face-a-la-degradation-de-la-situation\\\/201830\\\/#breadcrumb\"},\"inLanguage\":\"fr-FR\",\"potentialAction\":[{\"@type\":\"ReadAction\",\"target\":[\"https:\\\/\\\/www.webdo.tn\\\/fr\\\/actualite\\\/national-45\\\/tunisie-la-ltdh-preoccupee-face-a-la-degradation-de-la-situation\\\/201830\\\/\"]}]},{\"@type\":\"ImageObject\",\"inLanguage\":\"fr-FR\",\"@id\":\"https:\\\/\\\/www.webdo.tn\\\/fr\\\/actualite\\\/national-45\\\/tunisie-la-ltdh-preoccupee-face-a-la-degradation-de-la-situation\\\/201830\\\/#primaryimage\",\"url\":\"https:\\\/\\\/www.webdo.tn\\\/fr\\\/wp-content\\\/uploads\\\/2023\\\/01\\\/d7981d25d232102e8a337052a8d60942.png\",\"contentUrl\":\"https:\\\/\\\/www.webdo.tn\\\/fr\\\/wp-content\\\/uploads\\\/2023\\\/01\\\/d7981d25d232102e8a337052a8d60942.png\",\"width\":750,\"height\":400,\"caption\":\"LTDH\"},{\"@type\":\"BreadcrumbList\",\"@id\":\"https:\\\/\\\/www.webdo.tn\\\/fr\\\/actualite\\\/national-45\\\/tunisie-la-ltdh-preoccupee-face-a-la-degradation-de-la-situation\\\/201830\\\/#breadcrumb\",\"itemListElement\":[{\"@type\":\"ListItem\",\"position\":1,\"name\":\"Accueil\",\"item\":\"https:\\\/\\\/www.webdo.tn\\\/fr\\\/\"},{\"@type\":\"ListItem\",\"position\":2,\"name\":\"Tunisie : La LTDH pr\u00e9occup\u00e9e face \u00e0 la \u00ab\u00a0d\u00e9gradation de la situation\u00a0\u00bb\"}]},{\"@type\":\"WebSite\",\"@id\":\"https:\\\/\\\/www.webdo.tn\\\/fr\\\/#website\",\"url\":\"https:\\\/\\\/www.webdo.tn\\\/fr\\\/\",\"name\":\"webdo\",\"description\":\"Tunisie - News en Tunisie et \u00e0 l&#039;international sur Webdo.tn\",\"publisher\":{\"@id\":\"https:\\\/\\\/www.webdo.tn\\\/fr\\\/#organization\"},\"potentialAction\":[{\"@type\":\"SearchAction\",\"target\":{\"@type\":\"EntryPoint\",\"urlTemplate\":\"https:\\\/\\\/www.webdo.tn\\\/fr\\\/?s={search_term_string}\"},\"query-input\":{\"@type\":\"PropertyValueSpecification\",\"valueRequired\":true,\"valueName\":\"search_term_string\"}}],\"inLanguage\":\"fr-FR\"},{\"@type\":\"Organization\",\"@id\":\"https:\\\/\\\/www.webdo.tn\\\/fr\\\/#organization\",\"name\":\"Webdo\",\"alternateName\":\"Webdo.tn\",\"url\":\"https:\\\/\\\/www.webdo.tn\\\/fr\\\/\",\"logo\":{\"@type\":\"ImageObject\",\"inLanguage\":\"fr-FR\",\"@id\":\"https:\\\/\\\/www.webdo.tn\\\/fr\\\/#\\\/schema\\\/logo\\\/image\\\/\",\"url\":\"https:\\\/\\\/www.webdo.tn\\\/fr\\\/wp-content\\\/uploads\\\/2025\\\/06\\\/Webdo-Tunisie_168377.jpg\",\"contentUrl\":\"https:\\\/\\\/www.webdo.tn\\\/fr\\\/wp-content\\\/uploads\\\/2025\\\/06\\\/Webdo-Tunisie_168377.jpg\",\"width\":301,\"height\":301,\"caption\":\"Webdo\"},\"image\":{\"@id\":\"https:\\\/\\\/www.webdo.tn\\\/fr\\\/#\\\/schema\\\/logo\\\/image\\\/\"},\"sameAs\":[\"https:\\\/\\\/www.facebook.com\\\/webdotn\",\"https:\\\/\\\/x.com\\\/webdo_tn\"],\"description\":\"Webdo est un m\u00e9dia num\u00e9rique tunisien fond\u00e9 en 2010, sp\u00e9cialis\u00e9 dans l\u2019actualit\u00e9 nationale et internationale, l\u2019\u00e9conomie, la soci\u00e9t\u00e9 et les analyses politiques. Le site s\u2019adresse \u00e0 un large public francophone et couvre l\u2019information tunisienne en temps r\u00e9el.\",\"email\":\"redac@webdo.tn\",\"legalName\":\"YNJ SARL\",\"foundingDate\":\"2010-09-06\",\"numberOfEmployees\":{\"@type\":\"QuantitativeValue\",\"minValue\":\"11\",\"maxValue\":\"50\"}},{\"@type\":\"Person\",\"@id\":\"https:\\\/\\\/www.webdo.tn\\\/fr\\\/#\\\/schema\\\/person\\\/f35b42a42c5e2511bbd282959d6385cc\",\"name\":\"CL\",\"image\":{\"@type\":\"ImageObject\",\"inLanguage\":\"fr-FR\",\"@id\":\"https:\\\/\\\/secure.gravatar.com\\\/avatar\\\/1447a49909b67aa657c488aec6512e1dd6143a480c1ecfee9b5b5cd74eb3b59e?s=96&d=mm&r=g\",\"url\":\"https:\\\/\\\/secure.gravatar.com\\\/avatar\\\/1447a49909b67aa657c488aec6512e1dd6143a480c1ecfee9b5b5cd74eb3b59e?s=96&d=mm&r=g\",\"contentUrl\":\"https:\\\/\\\/secure.gravatar.com\\\/avatar\\\/1447a49909b67aa657c488aec6512e1dd6143a480c1ecfee9b5b5cd74eb3b59e?s=96&d=mm&r=g\",\"caption\":\"CL\"},\"url\":\"https:\\\/\\\/www.webdo.tn\\\/fr\\\/actualite\\\/author\\\/cl\\\/\"}]}<\/script>\n<!-- \/ Yoast SEO Premium plugin. -->","yoast_head_json":{"title":"Tunisie : La LTDH pr\u00e9occup\u00e9e face \u00e0 la d\u00e9gradation de la situation","description":"La Ligue tunisienne de d\u00e9fense des droits de l'homme (LTDH) a exprim\u00e9 sa vive inqui\u00e9tude face \u00e0 la situation g\u00e9n\u00e9rale du pays, estimant que la Tunisie conna\u00eet a...","canonical":"https:\/\/www.webdo.tn\/fr\/actualite\/national-45\/tunisie-la-ltdh-preoccupee-face-a-la-degradation-de-la-situation\/201830\/","og_locale":"fr_FR","og_type":"article","og_title":"Tunisie : La LTDH pr\u00e9occup\u00e9e face \u00e0 la \"d\u00e9gradation de la situation\"","og_description":"La Ligue tunisienne de d\u00e9fense des droits de l'homme (LTDH) a exprim\u00e9 sa vive inqui\u00e9tude face \u00e0 la situation g\u00e9n\u00e9rale du pays, estimant que la Tunisie conna\u00eet a...","og_url":"https:\/\/www.webdo.tn\/fr\/actualite\/national-45\/tunisie-la-ltdh-preoccupee-face-a-la-degradation-de-la-situation\/201830\/","og_site_name":"webdo","article_publisher":"https:\/\/www.facebook.com\/webdotn","article_published_time":"2023-01-13T18:22:00+00:00","article_modified_time":"2025-05-22T11:38:27+00:00","og_image":[{"width":750,"height":400,"url":"https:\/\/www.webdo.tn\/fr\/wp-content\/uploads\/2023\/01\/d7981d25d232102e8a337052a8d60942.png","type":"image\/png"}],"author":"CL","twitter_card":"summary_large_image","twitter_creator":"@webdo_tn","twitter_site":"@webdo_tn","twitter_misc":{"\u00c9crit par":"CL","Dur\u00e9e de lecture estim\u00e9e":"1 minute"},"schema":{"@context":"https:\/\/schema.org","@graph":[{"@type":"NewsArticle","@id":"https:\/\/www.webdo.tn\/fr\/actualite\/national-45\/tunisie-la-ltdh-preoccupee-face-a-la-degradation-de-la-situation\/201830\/#article","isPartOf":{"@id":"https:\/\/www.webdo.tn\/fr\/actualite\/national-45\/tunisie-la-ltdh-preoccupee-face-a-la-degradation-de-la-situation\/201830\/"},"author":{"name":"CL","@id":"https:\/\/www.webdo.tn\/fr\/#\/schema\/person\/f35b42a42c5e2511bbd282959d6385cc"},"headline":"Tunisie : La LTDH pr\u00e9occup\u00e9e face \u00e0 la \u00ab\u00a0d\u00e9gradation de la situation\u00a0\u00bb","datePublished":"2023-01-13T18:22:00+00:00","dateModified":"2025-05-22T11:38:27+00:00","mainEntityOfPage":{"@id":"https:\/\/www.webdo.tn\/fr\/actualite\/national-45\/tunisie-la-ltdh-preoccupee-face-a-la-degradation-de-la-situation\/201830\/"},"wordCount":253,"commentCount":0,"publisher":{"@id":"https:\/\/www.webdo.tn\/fr\/#organization"},"image":{"@id":"https:\/\/www.webdo.tn\/fr\/actualite\/national-45\/tunisie-la-ltdh-preoccupee-face-a-la-degradation-de-la-situation\/201830\/#primaryimage"},"thumbnailUrl":"https:\/\/www.webdo.tn\/fr\/wp-content\/uploads\/2023\/01\/d7981d25d232102e8a337052a8d60942.png","keywords":["crise","LTDH","Tunisie"],"articleSection":["National"],"inLanguage":"fr-FR"},{"@type":"WebPage","@id":"https:\/\/www.webdo.tn\/fr\/actualite\/national-45\/tunisie-la-ltdh-preoccupee-face-a-la-degradation-de-la-situation\/201830\/","url":"https:\/\/www.webdo.tn\/fr\/actualite\/national-45\/tunisie-la-ltdh-preoccupee-face-a-la-degradation-de-la-situation\/201830\/","name":"Tunisie : La LTDH pr\u00e9occup\u00e9e face \u00e0 la d\u00e9gradation de la situation","isPartOf":{"@id":"https:\/\/www.webdo.tn\/fr\/#website"},"primaryImageOfPage":{"@id":"https:\/\/www.webdo.tn\/fr\/actualite\/national-45\/tunisie-la-ltdh-preoccupee-face-a-la-degradation-de-la-situation\/201830\/#primaryimage"},"image":{"@id":"https:\/\/www.webdo.tn\/fr\/actualite\/national-45\/tunisie-la-ltdh-preoccupee-face-a-la-degradation-de-la-situation\/201830\/#primaryimage"},"thumbnailUrl":"https:\/\/www.webdo.tn\/fr\/wp-content\/uploads\/2023\/01\/d7981d25d232102e8a337052a8d60942.png","datePublished":"2023-01-13T18:22:00+00:00","dateModified":"2025-05-22T11:38:27+00:00","description":"La Ligue tunisienne de d\u00e9fense des droits de l'homme (LTDH) a exprim\u00e9 sa vive inqui\u00e9tude face \u00e0 la situation g\u00e9n\u00e9rale du pays, estimant que la Tunisie conna\u00eet a...","breadcrumb":{"@id":"https:\/\/www.webdo.tn\/fr\/actualite\/national-45\/tunisie-la-ltdh-preoccupee-face-a-la-degradation-de-la-situation\/201830\/#breadcrumb"},"inLanguage":"fr-FR","potentialAction":[{"@type":"ReadAction","target":["https:\/\/www.webdo.tn\/fr\/actualite\/national-45\/tunisie-la-ltdh-preoccupee-face-a-la-degradation-de-la-situation\/201830\/"]}]},{"@type":"ImageObject","inLanguage":"fr-FR","@id":"https:\/\/www.webdo.tn\/fr\/actualite\/national-45\/tunisie-la-ltdh-preoccupee-face-a-la-degradation-de-la-situation\/201830\/#primaryimage","url":"https:\/\/www.webdo.tn\/fr\/wp-content\/uploads\/2023\/01\/d7981d25d232102e8a337052a8d60942.png","contentUrl":"https:\/\/www.webdo.tn\/fr\/wp-content\/uploads\/2023\/01\/d7981d25d232102e8a337052a8d60942.png","width":750,"height":400,"caption":"LTDH"},{"@type":"BreadcrumbList","@id":"https:\/\/www.webdo.tn\/fr\/actualite\/national-45\/tunisie-la-ltdh-preoccupee-face-a-la-degradation-de-la-situation\/201830\/#breadcrumb","itemListElement":[{"@type":"ListItem","position":1,"name":"Accueil","item":"https:\/\/www.webdo.tn\/fr\/"},{"@type":"ListItem","position":2,"name":"Tunisie : La LTDH pr\u00e9occup\u00e9e face \u00e0 la \u00ab\u00a0d\u00e9gradation de la situation\u00a0\u00bb"}]},{"@type":"WebSite","@id":"https:\/\/www.webdo.tn\/fr\/#website","url":"https:\/\/www.webdo.tn\/fr\/","name":"webdo","description":"Tunisie - News en Tunisie et \u00e0 l&#039;international sur Webdo.tn","publisher":{"@id":"https:\/\/www.webdo.tn\/fr\/#organization"},"potentialAction":[{"@type":"SearchAction","target":{"@type":"EntryPoint","urlTemplate":"https:\/\/www.webdo.tn\/fr\/?s={search_term_string}"},"query-input":{"@type":"PropertyValueSpecification","valueRequired":true,"valueName":"search_term_string"}}],"inLanguage":"fr-FR"},{"@type":"Organization","@id":"https:\/\/www.webdo.tn\/fr\/#organization","name":"Webdo","alternateName":"Webdo.tn","url":"https:\/\/www.webdo.tn\/fr\/","logo":{"@type":"ImageObject","inLanguage":"fr-FR","@id":"https:\/\/www.webdo.tn\/fr\/#\/schema\/logo\/image\/","url":"https:\/\/www.webdo.tn\/fr\/wp-content\/uploads\/2025\/06\/Webdo-Tunisie_168377.jpg","contentUrl":"https:\/\/www.webdo.tn\/fr\/wp-content\/uploads\/2025\/06\/Webdo-Tunisie_168377.jpg","width":301,"height":301,"caption":"Webdo"},"image":{"@id":"https:\/\/www.webdo.tn\/fr\/#\/schema\/logo\/image\/"},"sameAs":["https:\/\/www.facebook.com\/webdotn","https:\/\/x.com\/webdo_tn"],"description":"Webdo est un m\u00e9dia num\u00e9rique tunisien fond\u00e9 en 2010, sp\u00e9cialis\u00e9 dans l\u2019actualit\u00e9 nationale et internationale, l\u2019\u00e9conomie, la soci\u00e9t\u00e9 et les analyses politiques. Le site s\u2019adresse \u00e0 un large public francophone et couvre l\u2019information tunisienne en temps r\u00e9el.","email":"redac@webdo.tn","legalName":"YNJ SARL","foundingDate":"2010-09-06","numberOfEmployees":{"@type":"QuantitativeValue","minValue":"11","maxValue":"50"}},{"@type":"Person","@id":"https:\/\/www.webdo.tn\/fr\/#\/schema\/person\/f35b42a42c5e2511bbd282959d6385cc","name":"CL","image":{"@type":"ImageObject","inLanguage":"fr-FR","@id":"https:\/\/secure.gravatar.com\/avatar\/1447a49909b67aa657c488aec6512e1dd6143a480c1ecfee9b5b5cd74eb3b59e?s=96&d=mm&r=g","url":"https:\/\/secure.gravatar.com\/avatar\/1447a49909b67aa657c488aec6512e1dd6143a480c1ecfee9b5b5cd74eb3b59e?s=96&d=mm&r=g","contentUrl":"https:\/\/secure.gravatar.com\/avatar\/1447a49909b67aa657c488aec6512e1dd6143a480c1ecfee9b5b5cd74eb3b59e?s=96&d=mm&r=g","caption":"CL"},"url":"https:\/\/www.webdo.tn\/fr\/actualite\/author\/cl\/"}]}},"_links":{"self":[{"href":"https:\/\/www.webdo.tn\/fr\/wp-json\/wp\/v2\/posts\/201830","targetHints":{"allow":["GET"]}}],"collection":[{"href":"https:\/\/www.webdo.tn\/fr\/wp-json\/wp\/v2\/posts"}],"about":[{"href":"https:\/\/www.webdo.tn\/fr\/wp-json\/wp\/v2\/types\/post"}],"author":[{"embeddable":true,"href":"https:\/\/www.webdo.tn\/fr\/wp-json\/wp\/v2\/users\/3175"}],"replies":[{"embeddable":true,"href":"https:\/\/www.webdo.tn\/fr\/wp-json\/wp\/v2\/comments?post=201830"}],"version-history":[{"count":0,"href":"https:\/\/www.webdo.tn\/fr\/wp-json\/wp\/v2\/posts\/201830\/revisions"}],"wp:featuredmedia":[{"embeddable":true,"href":"https:\/\/www.webdo.tn\/fr\/wp-json\/wp\/v2\/media\/348297"}],"wp:attachment":[{"href":"https:\/\/www.webdo.tn\/fr\/wp-json\/wp\/v2\/media?parent=201830"}],"wp:term":[{"taxonomy":"category","embeddable":true,"href":"https:\/\/www.webdo.tn\/fr\/wp-json\/wp\/v2\/categories?post=201830"},{"taxonomy":"post_tag","embeddable":true,"href":"https:\/\/www.webdo.tn\/fr\/wp-json\/wp\/v2\/tags?post=201830"}],"curies":[{"name":"wp","href":"https:\/\/api.w.org\/{rel}","templated":true}]}}