{"id":201822,"date":"2023-01-13T15:13:00","date_gmt":"2023-01-13T15:13:00","guid":{"rendered":"https:\/\/www.webdo.tn\/fr\/actualite\/blog\/visite-inopinee-du-president-kais-saied-a-l-avenue-habib-bourguiba\/201822\/"},"modified":"2025-05-22T11:38:16","modified_gmt":"2025-05-22T11:38:16","slug":"visite-inopinee-du-president-kais-saied-a-l-avenue-habib-bourguiba","status":"publish","type":"post","link":"https:\/\/www.webdo.tn\/fr\/actualite\/national\/visite-inopinee-du-president-kais-saied-a-l-avenue-habib-bourguiba\/201822\/","title":{"rendered":"Visite inopin\u00e9e du pr\u00e9sident Kais Saied \u00e0 l\u2019avenue Habib Bourguiba"},"content":{"rendered":"<p>A la surprise g\u00e9n\u00e9rale, le pr\u00e9sident de la R\u00e9publique, Kais Saied a effectu\u00e9,  ce vendredi 13 janvier 2023, une visite inopin\u00e9e \u00e0 l\u2019avenue Habib Bourguiba de Tunis.<\/p>\n<p> Lors de cette visite de terrain, le Chef de l\u2019Etat, entour\u00e9 d\u2019un dispositif de s\u00e9curit\u00e9 impressionnant, a arpent\u00e9 l\u2019avenue principale du centre-ville de Tunis et s\u2019est rendu jusqu\u2019\u00e0 Bab Bhar et \u00e0 la m\u00e9dina de Tunis.<\/p>\n<p>Il a eu quelques \u00e9changes avec les passants tout en \u00e9coutant leurs pr\u00e9occupations.<\/p>\n<p>Cette visite surprise du pr\u00e9sident de la R\u00e9publique intervient \u00e0 la veille du 14 janvier, alors que les principales tendances politiques de l\u2019opposition ont lanc\u00e9 un appel \u00e0 manifester, demain \u00e0 l\u2019avenue Habib Bourguiba afin de mettre un terme \u00e0 ce qu\u2019ils consid\u00e8rent comme processus du coup d\u2019\u00c9tat.<\/p>\n<p>Lors de cette visite, le pr\u00e9sident de la R\u00e9publique \u00e9tait accompagn\u00e9 du gouverneur de Tunis, Kamel Kekih et du militant politique Ridha Mekki plus connu sous le pseudo de Ridha L\u00e9nine.<\/p>\n","protected":false},"excerpt":{"rendered":"<p>A la surprise g\u00e9n\u00e9rale, le pr\u00e9sident de la R\u00e9publique, Kais Saied a effectu\u00e9,  ce vendredi 13 janvier 2023, une visite inopin\u00e9e \u00e0 l\u2019avenue Habib Bourguiba de Tu&#8230;<\/p>\n","protected":false},"author":3162,"featured_media":348288,"comment_status":"open","ping_status":"closed","sticky":false,"template":"","format":"standard","meta":{"footnotes":""},"categories":[44],"tags":[2614,2640,4154],"class_list":["post-201822","post","type-post","status-publish","format-standard","has-post-thumbnail","hentry","category-national","tag-kais-saied","tag-tunis","tag-visite"],"yoast_head":"<!-- This site is optimized with the Yoast SEO Premium plugin v27.5 (Yoast SEO v27.5) - https:\/\/yoast.com\/product\/yoast-seo-premium-wordpress\/ -->\n<title>Visite inopin\u00e9e du pr\u00e9sident Kais Saied \u00e0 l\u2019avenue Habib Bourguiba<\/title>\n<meta name=\"description\" content=\"A la surprise g\u00e9n\u00e9rale, le pr\u00e9sident de la R\u00e9publique, Kais Saied a effectu\u00e9, ce vendredi 13 janvier 2023, une visite inopin\u00e9e \u00e0 l\u2019avenue Habib Bourguiba de Tu...\" \/>\n<link rel=\"canonical\" href=\"https:\/\/www.webdo.tn\/fr\/actualite\/national-45\/visite-inopinee-du-president-kais-saied-a-l-avenue-habib-bourguiba\/201822\/\" \/>\n<meta property=\"og:locale\" content=\"fr_FR\" \/>\n<meta property=\"og:type\" content=\"article\" \/>\n<meta property=\"og:title\" content=\"Visite inopin\u00e9e du pr\u00e9sident Kais Saied \u00e0 l\u2019avenue Habib Bourguiba\" \/>\n<meta property=\"og:description\" content=\"A la surprise g\u00e9n\u00e9rale, le pr\u00e9sident de la R\u00e9publique, Kais Saied a effectu\u00e9, ce vendredi 13 janvier 2023, une visite inopin\u00e9e \u00e0 l\u2019avenue Habib Bourguiba de Tu...\" \/>\n<meta property=\"og:url\" content=\"https:\/\/www.webdo.tn\/fr\/actualite\/national-45\/visite-inopinee-du-president-kais-saied-a-l-avenue-habib-bourguiba\/201822\/\" \/>\n<meta property=\"og:site_name\" content=\"webdo\" \/>\n<meta property=\"article:publisher\" content=\"https:\/\/www.facebook.com\/webdotn\" \/>\n<meta property=\"article:published_time\" content=\"2023-01-13T15:13:00+00:00\" \/>\n<meta property=\"article:modified_time\" content=\"2025-05-22T11:38:16+00:00\" \/>\n<meta property=\"og:image\" content=\"https:\/\/www.webdo.tn\/fr\/wp-content\/uploads\/2023\/01\/571d08c1af85ac2025cafcee99d834da.jpg\" \/>\n\t<meta property=\"og:image:width\" content=\"720\" \/>\n\t<meta property=\"og:image:height\" content=\"384\" \/>\n\t<meta property=\"og:image:type\" content=\"image\/jpeg\" \/>\n<meta name=\"author\" content=\"MC\" \/>\n<meta name=\"twitter:card\" content=\"summary_large_image\" \/>\n<meta name=\"twitter:creator\" content=\"@webdo_tn\" \/>\n<meta name=\"twitter:site\" content=\"@webdo_tn\" \/>\n<meta name=\"twitter:label1\" content=\"\u00c9crit par\" \/>\n\t<meta name=\"twitter:data1\" content=\"MC\" \/>\n\t<meta name=\"twitter:label2\" content=\"Dur\u00e9e de lecture estim\u00e9e\" \/>\n\t<meta name=\"twitter:data2\" content=\"1 minute\" \/>\n<script type=\"application\/ld+json\" class=\"yoast-schema-graph\">{\"@context\":\"https:\\\/\\\/schema.org\",\"@graph\":[{\"@type\":\"NewsArticle\",\"@id\":\"https:\\\/\\\/www.webdo.tn\\\/fr\\\/actualite\\\/national-45\\\/visite-inopinee-du-president-kais-saied-a-l-avenue-habib-bourguiba\\\/201822\\\/#article\",\"isPartOf\":{\"@id\":\"https:\\\/\\\/www.webdo.tn\\\/fr\\\/actualite\\\/national-45\\\/visite-inopinee-du-president-kais-saied-a-l-avenue-habib-bourguiba\\\/201822\\\/\"},\"author\":{\"name\":\"MC\",\"@id\":\"https:\\\/\\\/www.webdo.tn\\\/fr\\\/#\\\/schema\\\/person\\\/2c4929cbf5a809e3bd38617c6ce150f6\"},\"headline\":\"Visite inopin\u00e9e du pr\u00e9sident Kais Saied \u00e0 l\u2019avenue Habib Bourguiba\",\"datePublished\":\"2023-01-13T15:13:00+00:00\",\"dateModified\":\"2025-05-22T11:38:16+00:00\",\"mainEntityOfPage\":{\"@id\":\"https:\\\/\\\/www.webdo.tn\\\/fr\\\/actualite\\\/national-45\\\/visite-inopinee-du-president-kais-saied-a-l-avenue-habib-bourguiba\\\/201822\\\/\"},\"wordCount\":181,\"commentCount\":0,\"publisher\":{\"@id\":\"https:\\\/\\\/www.webdo.tn\\\/fr\\\/#organization\"},\"image\":{\"@id\":\"https:\\\/\\\/www.webdo.tn\\\/fr\\\/actualite\\\/national-45\\\/visite-inopinee-du-president-kais-saied-a-l-avenue-habib-bourguiba\\\/201822\\\/#primaryimage\"},\"thumbnailUrl\":\"https:\\\/\\\/www.webdo.tn\\\/fr\\\/wp-content\\\/uploads\\\/2023\\\/01\\\/571d08c1af85ac2025cafcee99d834da.jpg\",\"keywords\":[\"Kais Saied\",\"Tunis\",\"visite\"],\"articleSection\":[\"National\"],\"inLanguage\":\"fr-FR\"},{\"@type\":\"WebPage\",\"@id\":\"https:\\\/\\\/www.webdo.tn\\\/fr\\\/actualite\\\/national-45\\\/visite-inopinee-du-president-kais-saied-a-l-avenue-habib-bourguiba\\\/201822\\\/\",\"url\":\"https:\\\/\\\/www.webdo.tn\\\/fr\\\/actualite\\\/national-45\\\/visite-inopinee-du-president-kais-saied-a-l-avenue-habib-bourguiba\\\/201822\\\/\",\"name\":\"Visite inopin\u00e9e du pr\u00e9sident Kais Saied \u00e0 l\u2019avenue Habib Bourguiba\",\"isPartOf\":{\"@id\":\"https:\\\/\\\/www.webdo.tn\\\/fr\\\/#website\"},\"primaryImageOfPage\":{\"@id\":\"https:\\\/\\\/www.webdo.tn\\\/fr\\\/actualite\\\/national-45\\\/visite-inopinee-du-president-kais-saied-a-l-avenue-habib-bourguiba\\\/201822\\\/#primaryimage\"},\"image\":{\"@id\":\"https:\\\/\\\/www.webdo.tn\\\/fr\\\/actualite\\\/national-45\\\/visite-inopinee-du-president-kais-saied-a-l-avenue-habib-bourguiba\\\/201822\\\/#primaryimage\"},\"thumbnailUrl\":\"https:\\\/\\\/www.webdo.tn\\\/fr\\\/wp-content\\\/uploads\\\/2023\\\/01\\\/571d08c1af85ac2025cafcee99d834da.jpg\",\"datePublished\":\"2023-01-13T15:13:00+00:00\",\"dateModified\":\"2025-05-22T11:38:16+00:00\",\"description\":\"A la surprise g\u00e9n\u00e9rale, le pr\u00e9sident de la R\u00e9publique, Kais Saied a effectu\u00e9, ce vendredi 13 janvier 2023, une visite inopin\u00e9e \u00e0 l\u2019avenue Habib Bourguiba de Tu...\",\"breadcrumb\":{\"@id\":\"https:\\\/\\\/www.webdo.tn\\\/fr\\\/actualite\\\/national-45\\\/visite-inopinee-du-president-kais-saied-a-l-avenue-habib-bourguiba\\\/201822\\\/#breadcrumb\"},\"inLanguage\":\"fr-FR\",\"potentialAction\":[{\"@type\":\"ReadAction\",\"target\":[\"https:\\\/\\\/www.webdo.tn\\\/fr\\\/actualite\\\/national-45\\\/visite-inopinee-du-president-kais-saied-a-l-avenue-habib-bourguiba\\\/201822\\\/\"]}]},{\"@type\":\"ImageObject\",\"inLanguage\":\"fr-FR\",\"@id\":\"https:\\\/\\\/www.webdo.tn\\\/fr\\\/actualite\\\/national-45\\\/visite-inopinee-du-president-kais-saied-a-l-avenue-habib-bourguiba\\\/201822\\\/#primaryimage\",\"url\":\"https:\\\/\\\/www.webdo.tn\\\/fr\\\/wp-content\\\/uploads\\\/2023\\\/01\\\/571d08c1af85ac2025cafcee99d834da.jpg\",\"contentUrl\":\"https:\\\/\\\/www.webdo.tn\\\/fr\\\/wp-content\\\/uploads\\\/2023\\\/01\\\/571d08c1af85ac2025cafcee99d834da.jpg\",\"width\":720,\"height\":384,\"caption\":\"Visite inopin\u00e9e du pr\u00e9sident Kais Saied \u00e0 l\u2019avenue Habib Bourguiba\"},{\"@type\":\"BreadcrumbList\",\"@id\":\"https:\\\/\\\/www.webdo.tn\\\/fr\\\/actualite\\\/national-45\\\/visite-inopinee-du-president-kais-saied-a-l-avenue-habib-bourguiba\\\/201822\\\/#breadcrumb\",\"itemListElement\":[{\"@type\":\"ListItem\",\"position\":1,\"name\":\"Accueil\",\"item\":\"https:\\\/\\\/www.webdo.tn\\\/fr\\\/\"},{\"@type\":\"ListItem\",\"position\":2,\"name\":\"Visite inopin\u00e9e du pr\u00e9sident Kais Saied \u00e0 l\u2019avenue Habib Bourguiba\"}]},{\"@type\":\"WebSite\",\"@id\":\"https:\\\/\\\/www.webdo.tn\\\/fr\\\/#website\",\"url\":\"https:\\\/\\\/www.webdo.tn\\\/fr\\\/\",\"name\":\"webdo\",\"description\":\"Tunisie - News en Tunisie et \u00e0 l&#039;international sur Webdo.tn\",\"publisher\":{\"@id\":\"https:\\\/\\\/www.webdo.tn\\\/fr\\\/#organization\"},\"potentialAction\":[{\"@type\":\"SearchAction\",\"target\":{\"@type\":\"EntryPoint\",\"urlTemplate\":\"https:\\\/\\\/www.webdo.tn\\\/fr\\\/?s={search_term_string}\"},\"query-input\":{\"@type\":\"PropertyValueSpecification\",\"valueRequired\":true,\"valueName\":\"search_term_string\"}}],\"inLanguage\":\"fr-FR\"},{\"@type\":\"Organization\",\"@id\":\"https:\\\/\\\/www.webdo.tn\\\/fr\\\/#organization\",\"name\":\"Webdo\",\"alternateName\":\"Webdo.tn\",\"url\":\"https:\\\/\\\/www.webdo.tn\\\/fr\\\/\",\"logo\":{\"@type\":\"ImageObject\",\"inLanguage\":\"fr-FR\",\"@id\":\"https:\\\/\\\/www.webdo.tn\\\/fr\\\/#\\\/schema\\\/logo\\\/image\\\/\",\"url\":\"https:\\\/\\\/www.webdo.tn\\\/fr\\\/wp-content\\\/uploads\\\/2025\\\/06\\\/Webdo-Tunisie_168377.jpg\",\"contentUrl\":\"https:\\\/\\\/www.webdo.tn\\\/fr\\\/wp-content\\\/uploads\\\/2025\\\/06\\\/Webdo-Tunisie_168377.jpg\",\"width\":301,\"height\":301,\"caption\":\"Webdo\"},\"image\":{\"@id\":\"https:\\\/\\\/www.webdo.tn\\\/fr\\\/#\\\/schema\\\/logo\\\/image\\\/\"},\"sameAs\":[\"https:\\\/\\\/www.facebook.com\\\/webdotn\",\"https:\\\/\\\/x.com\\\/webdo_tn\"],\"description\":\"Webdo est un m\u00e9dia num\u00e9rique tunisien fond\u00e9 en 2010, sp\u00e9cialis\u00e9 dans l\u2019actualit\u00e9 nationale et internationale, l\u2019\u00e9conomie, la soci\u00e9t\u00e9 et les analyses politiques. Le site s\u2019adresse \u00e0 un large public francophone et couvre l\u2019information tunisienne en temps r\u00e9el.\",\"email\":\"redac@webdo.tn\",\"legalName\":\"YNJ SARL\",\"foundingDate\":\"2010-09-06\",\"numberOfEmployees\":{\"@type\":\"QuantitativeValue\",\"minValue\":\"11\",\"maxValue\":\"50\"}},{\"@type\":\"Person\",\"@id\":\"https:\\\/\\\/www.webdo.tn\\\/fr\\\/#\\\/schema\\\/person\\\/2c4929cbf5a809e3bd38617c6ce150f6\",\"name\":\"MC\",\"image\":{\"@type\":\"ImageObject\",\"inLanguage\":\"fr-FR\",\"@id\":\"https:\\\/\\\/secure.gravatar.com\\\/avatar\\\/a545bbb6f84efdd5553dbbc2895e3ca8f1d12c5215e00a041c9670b54aa9b18a?s=96&d=mm&r=g\",\"url\":\"https:\\\/\\\/secure.gravatar.com\\\/avatar\\\/a545bbb6f84efdd5553dbbc2895e3ca8f1d12c5215e00a041c9670b54aa9b18a?s=96&d=mm&r=g\",\"contentUrl\":\"https:\\\/\\\/secure.gravatar.com\\\/avatar\\\/a545bbb6f84efdd5553dbbc2895e3ca8f1d12c5215e00a041c9670b54aa9b18a?s=96&d=mm&r=g\",\"caption\":\"MC\"},\"url\":\"https:\\\/\\\/www.webdo.tn\\\/fr\\\/actualite\\\/author\\\/mc\\\/\"}]}<\/script>\n<!-- \/ Yoast SEO Premium plugin. -->","yoast_head_json":{"title":"Visite inopin\u00e9e du pr\u00e9sident Kais Saied \u00e0 l\u2019avenue Habib Bourguiba","description":"A la surprise g\u00e9n\u00e9rale, le pr\u00e9sident de la R\u00e9publique, Kais Saied a effectu\u00e9, ce vendredi 13 janvier 2023, une visite inopin\u00e9e \u00e0 l\u2019avenue Habib Bourguiba de Tu...","canonical":"https:\/\/www.webdo.tn\/fr\/actualite\/national-45\/visite-inopinee-du-president-kais-saied-a-l-avenue-habib-bourguiba\/201822\/","og_locale":"fr_FR","og_type":"article","og_title":"Visite inopin\u00e9e du pr\u00e9sident Kais Saied \u00e0 l\u2019avenue Habib Bourguiba","og_description":"A la surprise g\u00e9n\u00e9rale, le pr\u00e9sident de la R\u00e9publique, Kais Saied a effectu\u00e9, ce vendredi 13 janvier 2023, une visite inopin\u00e9e \u00e0 l\u2019avenue Habib Bourguiba de Tu...","og_url":"https:\/\/www.webdo.tn\/fr\/actualite\/national-45\/visite-inopinee-du-president-kais-saied-a-l-avenue-habib-bourguiba\/201822\/","og_site_name":"webdo","article_publisher":"https:\/\/www.facebook.com\/webdotn","article_published_time":"2023-01-13T15:13:00+00:00","article_modified_time":"2025-05-22T11:38:16+00:00","og_image":[{"width":720,"height":384,"url":"https:\/\/www.webdo.tn\/fr\/wp-content\/uploads\/2023\/01\/571d08c1af85ac2025cafcee99d834da.jpg","type":"image\/jpeg"}],"author":"MC","twitter_card":"summary_large_image","twitter_creator":"@webdo_tn","twitter_site":"@webdo_tn","twitter_misc":{"\u00c9crit par":"MC","Dur\u00e9e de lecture estim\u00e9e":"1 minute"},"schema":{"@context":"https:\/\/schema.org","@graph":[{"@type":"NewsArticle","@id":"https:\/\/www.webdo.tn\/fr\/actualite\/national-45\/visite-inopinee-du-president-kais-saied-a-l-avenue-habib-bourguiba\/201822\/#article","isPartOf":{"@id":"https:\/\/www.webdo.tn\/fr\/actualite\/national-45\/visite-inopinee-du-president-kais-saied-a-l-avenue-habib-bourguiba\/201822\/"},"author":{"name":"MC","@id":"https:\/\/www.webdo.tn\/fr\/#\/schema\/person\/2c4929cbf5a809e3bd38617c6ce150f6"},"headline":"Visite inopin\u00e9e du pr\u00e9sident Kais Saied \u00e0 l\u2019avenue Habib Bourguiba","datePublished":"2023-01-13T15:13:00+00:00","dateModified":"2025-05-22T11:38:16+00:00","mainEntityOfPage":{"@id":"https:\/\/www.webdo.tn\/fr\/actualite\/national-45\/visite-inopinee-du-president-kais-saied-a-l-avenue-habib-bourguiba\/201822\/"},"wordCount":181,"commentCount":0,"publisher":{"@id":"https:\/\/www.webdo.tn\/fr\/#organization"},"image":{"@id":"https:\/\/www.webdo.tn\/fr\/actualite\/national-45\/visite-inopinee-du-president-kais-saied-a-l-avenue-habib-bourguiba\/201822\/#primaryimage"},"thumbnailUrl":"https:\/\/www.webdo.tn\/fr\/wp-content\/uploads\/2023\/01\/571d08c1af85ac2025cafcee99d834da.jpg","keywords":["Kais Saied","Tunis","visite"],"articleSection":["National"],"inLanguage":"fr-FR"},{"@type":"WebPage","@id":"https:\/\/www.webdo.tn\/fr\/actualite\/national-45\/visite-inopinee-du-president-kais-saied-a-l-avenue-habib-bourguiba\/201822\/","url":"https:\/\/www.webdo.tn\/fr\/actualite\/national-45\/visite-inopinee-du-president-kais-saied-a-l-avenue-habib-bourguiba\/201822\/","name":"Visite inopin\u00e9e du pr\u00e9sident Kais Saied \u00e0 l\u2019avenue Habib Bourguiba","isPartOf":{"@id":"https:\/\/www.webdo.tn\/fr\/#website"},"primaryImageOfPage":{"@id":"https:\/\/www.webdo.tn\/fr\/actualite\/national-45\/visite-inopinee-du-president-kais-saied-a-l-avenue-habib-bourguiba\/201822\/#primaryimage"},"image":{"@id":"https:\/\/www.webdo.tn\/fr\/actualite\/national-45\/visite-inopinee-du-president-kais-saied-a-l-avenue-habib-bourguiba\/201822\/#primaryimage"},"thumbnailUrl":"https:\/\/www.webdo.tn\/fr\/wp-content\/uploads\/2023\/01\/571d08c1af85ac2025cafcee99d834da.jpg","datePublished":"2023-01-13T15:13:00+00:00","dateModified":"2025-05-22T11:38:16+00:00","description":"A la surprise g\u00e9n\u00e9rale, le pr\u00e9sident de la R\u00e9publique, Kais Saied a effectu\u00e9, ce vendredi 13 janvier 2023, une visite inopin\u00e9e \u00e0 l\u2019avenue Habib Bourguiba de Tu...","breadcrumb":{"@id":"https:\/\/www.webdo.tn\/fr\/actualite\/national-45\/visite-inopinee-du-president-kais-saied-a-l-avenue-habib-bourguiba\/201822\/#breadcrumb"},"inLanguage":"fr-FR","potentialAction":[{"@type":"ReadAction","target":["https:\/\/www.webdo.tn\/fr\/actualite\/national-45\/visite-inopinee-du-president-kais-saied-a-l-avenue-habib-bourguiba\/201822\/"]}]},{"@type":"ImageObject","inLanguage":"fr-FR","@id":"https:\/\/www.webdo.tn\/fr\/actualite\/national-45\/visite-inopinee-du-president-kais-saied-a-l-avenue-habib-bourguiba\/201822\/#primaryimage","url":"https:\/\/www.webdo.tn\/fr\/wp-content\/uploads\/2023\/01\/571d08c1af85ac2025cafcee99d834da.jpg","contentUrl":"https:\/\/www.webdo.tn\/fr\/wp-content\/uploads\/2023\/01\/571d08c1af85ac2025cafcee99d834da.jpg","width":720,"height":384,"caption":"Visite inopin\u00e9e du pr\u00e9sident Kais Saied \u00e0 l\u2019avenue Habib Bourguiba"},{"@type":"BreadcrumbList","@id":"https:\/\/www.webdo.tn\/fr\/actualite\/national-45\/visite-inopinee-du-president-kais-saied-a-l-avenue-habib-bourguiba\/201822\/#breadcrumb","itemListElement":[{"@type":"ListItem","position":1,"name":"Accueil","item":"https:\/\/www.webdo.tn\/fr\/"},{"@type":"ListItem","position":2,"name":"Visite inopin\u00e9e du pr\u00e9sident Kais Saied \u00e0 l\u2019avenue Habib Bourguiba"}]},{"@type":"WebSite","@id":"https:\/\/www.webdo.tn\/fr\/#website","url":"https:\/\/www.webdo.tn\/fr\/","name":"webdo","description":"Tunisie - News en Tunisie et \u00e0 l&#039;international sur Webdo.tn","publisher":{"@id":"https:\/\/www.webdo.tn\/fr\/#organization"},"potentialAction":[{"@type":"SearchAction","target":{"@type":"EntryPoint","urlTemplate":"https:\/\/www.webdo.tn\/fr\/?s={search_term_string}"},"query-input":{"@type":"PropertyValueSpecification","valueRequired":true,"valueName":"search_term_string"}}],"inLanguage":"fr-FR"},{"@type":"Organization","@id":"https:\/\/www.webdo.tn\/fr\/#organization","name":"Webdo","alternateName":"Webdo.tn","url":"https:\/\/www.webdo.tn\/fr\/","logo":{"@type":"ImageObject","inLanguage":"fr-FR","@id":"https:\/\/www.webdo.tn\/fr\/#\/schema\/logo\/image\/","url":"https:\/\/www.webdo.tn\/fr\/wp-content\/uploads\/2025\/06\/Webdo-Tunisie_168377.jpg","contentUrl":"https:\/\/www.webdo.tn\/fr\/wp-content\/uploads\/2025\/06\/Webdo-Tunisie_168377.jpg","width":301,"height":301,"caption":"Webdo"},"image":{"@id":"https:\/\/www.webdo.tn\/fr\/#\/schema\/logo\/image\/"},"sameAs":["https:\/\/www.facebook.com\/webdotn","https:\/\/x.com\/webdo_tn"],"description":"Webdo est un m\u00e9dia num\u00e9rique tunisien fond\u00e9 en 2010, sp\u00e9cialis\u00e9 dans l\u2019actualit\u00e9 nationale et internationale, l\u2019\u00e9conomie, la soci\u00e9t\u00e9 et les analyses politiques. Le site s\u2019adresse \u00e0 un large public francophone et couvre l\u2019information tunisienne en temps r\u00e9el.","email":"redac@webdo.tn","legalName":"YNJ SARL","foundingDate":"2010-09-06","numberOfEmployees":{"@type":"QuantitativeValue","minValue":"11","maxValue":"50"}},{"@type":"Person","@id":"https:\/\/www.webdo.tn\/fr\/#\/schema\/person\/2c4929cbf5a809e3bd38617c6ce150f6","name":"MC","image":{"@type":"ImageObject","inLanguage":"fr-FR","@id":"https:\/\/secure.gravatar.com\/avatar\/a545bbb6f84efdd5553dbbc2895e3ca8f1d12c5215e00a041c9670b54aa9b18a?s=96&d=mm&r=g","url":"https:\/\/secure.gravatar.com\/avatar\/a545bbb6f84efdd5553dbbc2895e3ca8f1d12c5215e00a041c9670b54aa9b18a?s=96&d=mm&r=g","contentUrl":"https:\/\/secure.gravatar.com\/avatar\/a545bbb6f84efdd5553dbbc2895e3ca8f1d12c5215e00a041c9670b54aa9b18a?s=96&d=mm&r=g","caption":"MC"},"url":"https:\/\/www.webdo.tn\/fr\/actualite\/author\/mc\/"}]}},"_links":{"self":[{"href":"https:\/\/www.webdo.tn\/fr\/wp-json\/wp\/v2\/posts\/201822","targetHints":{"allow":["GET"]}}],"collection":[{"href":"https:\/\/www.webdo.tn\/fr\/wp-json\/wp\/v2\/posts"}],"about":[{"href":"https:\/\/www.webdo.tn\/fr\/wp-json\/wp\/v2\/types\/post"}],"author":[{"embeddable":true,"href":"https:\/\/www.webdo.tn\/fr\/wp-json\/wp\/v2\/users\/3162"}],"replies":[{"embeddable":true,"href":"https:\/\/www.webdo.tn\/fr\/wp-json\/wp\/v2\/comments?post=201822"}],"version-history":[{"count":0,"href":"https:\/\/www.webdo.tn\/fr\/wp-json\/wp\/v2\/posts\/201822\/revisions"}],"wp:featuredmedia":[{"embeddable":true,"href":"https:\/\/www.webdo.tn\/fr\/wp-json\/wp\/v2\/media\/348288"}],"wp:attachment":[{"href":"https:\/\/www.webdo.tn\/fr\/wp-json\/wp\/v2\/media?parent=201822"}],"wp:term":[{"taxonomy":"category","embeddable":true,"href":"https:\/\/www.webdo.tn\/fr\/wp-json\/wp\/v2\/categories?post=201822"},{"taxonomy":"post_tag","embeddable":true,"href":"https:\/\/www.webdo.tn\/fr\/wp-json\/wp\/v2\/tags?post=201822"}],"curies":[{"name":"wp","href":"https:\/\/api.w.org\/{rel}","templated":true}]}}