{"id":201815,"date":"2023-01-13T11:55:00","date_gmt":"2023-01-13T11:55:00","guid":{"rendered":"https:\/\/www.webdo.tn\/fr\/actualite\/blog\/lancement-des-concertations-pour-une-initiative-nationale\/201815\/"},"modified":"2025-05-22T11:38:17","modified_gmt":"2025-05-22T11:38:17","slug":"lancement-des-concertations-pour-une-initiative-nationale","status":"publish","type":"post","link":"https:\/\/www.webdo.tn\/fr\/actualite\/national\/lancement-des-concertations-pour-une-initiative-nationale\/201815\/","title":{"rendered":"Lancement des concertations pour une \u00ab\u00a0initiative nationale\u00a0\u00bb"},"content":{"rendered":"<p>Quatre organisations nationales, l&rsquo;Union g\u00e9n\u00e9rale tunisienne du travail (UGTT), l\u2019Ordre des avocats (ONAT), la Ligue tunisienne des droits de l\u2019homme (LTDH) et le Forum tunisien des droits \u00e9conomiques et sociaux (FTDES) lancent l\u2019initiative du dialogue nationale.<\/p>\n<p> Elles lancent, ce vendredi 13 janvier 2023, les concertations afin de tracer les grandes lignes d\u2019une initiative qui aura pour principal objectif d\u2019\u00e9laborer une feuille de route destin\u00e9e \u00e0 r\u00e9soudre la crise actuelle qui \u00e9branle le pays, a annonc\u00e9, aujourd\u2019hui, Bassem Trifi, pr\u00e9sident de la LTDH.<\/p>\n<p>La feuille de route comprendra des solutions et des points de vue visant \u00e0 faire sortir le pays de cette crise \u00e9touffante. En d&rsquo;autres termes, il s\u2019agit d\u2019un dialogue national parrain\u00e9 par ces quatre organisations.<\/p>\n<p>A cet \u00e9gard, Bassem Trifi a expliqu\u00e9 dans une d\u00e9claration, sur \u00ab\u00a0Jawhara FM\u00a0\u00bb que des experts dans de nombreux domaines politiques, constitutionnels, \u00e9conomiques et sociaux seront s\u00e9lectionn\u00e9s et organis\u00e9s en session de travail durant environ un mois. Le r\u00e9sultat de ce travail sera ensuite pr\u00e9sent\u00e9 \u00e0 l&rsquo;autorit\u00e9 politique afin d&rsquo;interagir avec eux.<\/p>\n<p>Il a soulign\u00e9 que l&rsquo;initiative sera ouverte dans un premier temps aux organisations et associations, pour ensuite inclure la soci\u00e9t\u00e9 civile et les politiques, y compris les partis. Toutefois, le secr\u00e9taire g\u00e9n\u00e9ral adjoint de l\u2019UGTT, Hfaiedh Hfaiedh a indiqu\u00e9 hier qu\u2019aucun dialogue ne sera \u00e9tabli, dans le cadre de cette initiative, avec ceux qui consid\u00e8rent le 25 juillet comme un coup d\u2019\u00e9tat.<\/p>\n","protected":false},"excerpt":{"rendered":"<p>Quatre organisations nationales, l&rsquo;Union g\u00e9n\u00e9rale tunisienne du travail (UGTT), l\u2019Ordre des avocats, la Ligue tunisienne des droits de l\u2019homme (LTDH) et le Foru&#8230;<\/p>\n","protected":false},"author":3162,"featured_media":348290,"comment_status":"open","ping_status":"closed","sticky":false,"template":"","format":"standard","meta":{"footnotes":""},"categories":[44],"tags":[7456,3228,11429,7947,3040,2649],"class_list":["post-201815","post","type-post","status-publish","format-standard","has-post-thumbnail","hentry","category-national","tag-dialogue-national","tag-ftdes","tag-initiative-nationale","tag-ltdh","tag-ordre-des-avocats","tag-ugtt"],"yoast_head":"<!-- This site is optimized with the Yoast SEO Premium plugin v27.5 (Yoast SEO v27.5) - https:\/\/yoast.com\/product\/yoast-seo-premium-wordpress\/ -->\n<title>Lancement des concertations pour une initiative nationale<\/title>\n<meta name=\"description\" content=\"Quatre organisations nationales, l&#039;Union g\u00e9n\u00e9rale tunisienne du travail (UGTT), l\u2019Ordre des avocats, la Ligue tunisienne des droits de l\u2019homme (LTDH) et le Foru...\" \/>\n<link rel=\"canonical\" href=\"https:\/\/www.webdo.tn\/fr\/actualite\/national-45\/lancement-des-concertations-pour-une-initiative-nationale\/201815\/\" \/>\n<meta property=\"og:locale\" content=\"fr_FR\" \/>\n<meta property=\"og:type\" content=\"article\" \/>\n<meta property=\"og:title\" content=\"Lancement des concertations pour une &quot;initiative nationale&quot;\" \/>\n<meta property=\"og:description\" content=\"Quatre organisations nationales, l&#039;Union g\u00e9n\u00e9rale tunisienne du travail (UGTT), l\u2019Ordre des avocats, la Ligue tunisienne des droits de l\u2019homme (LTDH) et le Foru...\" \/>\n<meta property=\"og:url\" content=\"https:\/\/www.webdo.tn\/fr\/actualite\/national-45\/lancement-des-concertations-pour-une-initiative-nationale\/201815\/\" \/>\n<meta property=\"og:site_name\" content=\"webdo\" \/>\n<meta property=\"article:publisher\" content=\"https:\/\/www.facebook.com\/webdotn\" \/>\n<meta property=\"article:published_time\" content=\"2023-01-13T11:55:00+00:00\" \/>\n<meta property=\"article:modified_time\" content=\"2025-05-22T11:38:17+00:00\" \/>\n<meta property=\"og:image\" content=\"https:\/\/www.webdo.tn\/fr\/wp-content\/uploads\/2023\/01\/5b2e5e154240267bb2383b84c25dc730.jpg\" \/>\n\t<meta property=\"og:image:width\" content=\"750\" \/>\n\t<meta property=\"og:image:height\" content=\"400\" \/>\n\t<meta property=\"og:image:type\" content=\"image\/jpeg\" \/>\n<meta name=\"author\" content=\"MC\" \/>\n<meta name=\"twitter:card\" content=\"summary_large_image\" \/>\n<meta name=\"twitter:creator\" content=\"@webdo_tn\" \/>\n<meta name=\"twitter:site\" content=\"@webdo_tn\" \/>\n<meta name=\"twitter:label1\" content=\"\u00c9crit par\" \/>\n\t<meta name=\"twitter:data1\" content=\"MC\" \/>\n\t<meta name=\"twitter:label2\" content=\"Dur\u00e9e de lecture estim\u00e9e\" \/>\n\t<meta name=\"twitter:data2\" content=\"1 minute\" \/>\n<script type=\"application\/ld+json\" class=\"yoast-schema-graph\">{\"@context\":\"https:\\\/\\\/schema.org\",\"@graph\":[{\"@type\":\"NewsArticle\",\"@id\":\"https:\\\/\\\/www.webdo.tn\\\/fr\\\/actualite\\\/national-45\\\/lancement-des-concertations-pour-une-initiative-nationale\\\/201815\\\/#article\",\"isPartOf\":{\"@id\":\"https:\\\/\\\/www.webdo.tn\\\/fr\\\/actualite\\\/national-45\\\/lancement-des-concertations-pour-une-initiative-nationale\\\/201815\\\/\"},\"author\":{\"name\":\"MC\",\"@id\":\"https:\\\/\\\/www.webdo.tn\\\/fr\\\/#\\\/schema\\\/person\\\/2c4929cbf5a809e3bd38617c6ce150f6\"},\"headline\":\"Lancement des concertations pour une \u00ab\u00a0initiative nationale\u00a0\u00bb\",\"datePublished\":\"2023-01-13T11:55:00+00:00\",\"dateModified\":\"2025-05-22T11:38:17+00:00\",\"mainEntityOfPage\":{\"@id\":\"https:\\\/\\\/www.webdo.tn\\\/fr\\\/actualite\\\/national-45\\\/lancement-des-concertations-pour-une-initiative-nationale\\\/201815\\\/\"},\"wordCount\":264,\"commentCount\":0,\"publisher\":{\"@id\":\"https:\\\/\\\/www.webdo.tn\\\/fr\\\/#organization\"},\"image\":{\"@id\":\"https:\\\/\\\/www.webdo.tn\\\/fr\\\/actualite\\\/national-45\\\/lancement-des-concertations-pour-une-initiative-nationale\\\/201815\\\/#primaryimage\"},\"thumbnailUrl\":\"https:\\\/\\\/www.webdo.tn\\\/fr\\\/wp-content\\\/uploads\\\/2023\\\/01\\\/5b2e5e154240267bb2383b84c25dc730.jpg\",\"keywords\":[\"Dialogue national\",\"ftdes\",\"initiative nationale\",\"LTDH\",\"Ordre des avocats\",\"UGTT\"],\"articleSection\":[\"National\"],\"inLanguage\":\"fr-FR\"},{\"@type\":\"WebPage\",\"@id\":\"https:\\\/\\\/www.webdo.tn\\\/fr\\\/actualite\\\/national-45\\\/lancement-des-concertations-pour-une-initiative-nationale\\\/201815\\\/\",\"url\":\"https:\\\/\\\/www.webdo.tn\\\/fr\\\/actualite\\\/national-45\\\/lancement-des-concertations-pour-une-initiative-nationale\\\/201815\\\/\",\"name\":\"Lancement des concertations pour une initiative nationale\",\"isPartOf\":{\"@id\":\"https:\\\/\\\/www.webdo.tn\\\/fr\\\/#website\"},\"primaryImageOfPage\":{\"@id\":\"https:\\\/\\\/www.webdo.tn\\\/fr\\\/actualite\\\/national-45\\\/lancement-des-concertations-pour-une-initiative-nationale\\\/201815\\\/#primaryimage\"},\"image\":{\"@id\":\"https:\\\/\\\/www.webdo.tn\\\/fr\\\/actualite\\\/national-45\\\/lancement-des-concertations-pour-une-initiative-nationale\\\/201815\\\/#primaryimage\"},\"thumbnailUrl\":\"https:\\\/\\\/www.webdo.tn\\\/fr\\\/wp-content\\\/uploads\\\/2023\\\/01\\\/5b2e5e154240267bb2383b84c25dc730.jpg\",\"datePublished\":\"2023-01-13T11:55:00+00:00\",\"dateModified\":\"2025-05-22T11:38:17+00:00\",\"description\":\"Quatre organisations nationales, l'Union g\u00e9n\u00e9rale tunisienne du travail (UGTT), l\u2019Ordre des avocats, la Ligue tunisienne des droits de l\u2019homme (LTDH) et le Foru...\",\"breadcrumb\":{\"@id\":\"https:\\\/\\\/www.webdo.tn\\\/fr\\\/actualite\\\/national-45\\\/lancement-des-concertations-pour-une-initiative-nationale\\\/201815\\\/#breadcrumb\"},\"inLanguage\":\"fr-FR\",\"potentialAction\":[{\"@type\":\"ReadAction\",\"target\":[\"https:\\\/\\\/www.webdo.tn\\\/fr\\\/actualite\\\/national-45\\\/lancement-des-concertations-pour-une-initiative-nationale\\\/201815\\\/\"]}]},{\"@type\":\"ImageObject\",\"inLanguage\":\"fr-FR\",\"@id\":\"https:\\\/\\\/www.webdo.tn\\\/fr\\\/actualite\\\/national-45\\\/lancement-des-concertations-pour-une-initiative-nationale\\\/201815\\\/#primaryimage\",\"url\":\"https:\\\/\\\/www.webdo.tn\\\/fr\\\/wp-content\\\/uploads\\\/2023\\\/01\\\/5b2e5e154240267bb2383b84c25dc730.jpg\",\"contentUrl\":\"https:\\\/\\\/www.webdo.tn\\\/fr\\\/wp-content\\\/uploads\\\/2023\\\/01\\\/5b2e5e154240267bb2383b84c25dc730.jpg\",\"width\":750,\"height\":400,\"caption\":\"Lancement des concertations pour une \\\"initiative nationale\\\"\"},{\"@type\":\"BreadcrumbList\",\"@id\":\"https:\\\/\\\/www.webdo.tn\\\/fr\\\/actualite\\\/national-45\\\/lancement-des-concertations-pour-une-initiative-nationale\\\/201815\\\/#breadcrumb\",\"itemListElement\":[{\"@type\":\"ListItem\",\"position\":1,\"name\":\"Accueil\",\"item\":\"https:\\\/\\\/www.webdo.tn\\\/fr\\\/\"},{\"@type\":\"ListItem\",\"position\":2,\"name\":\"Lancement des concertations pour une \u00ab\u00a0initiative nationale\u00a0\u00bb\"}]},{\"@type\":\"WebSite\",\"@id\":\"https:\\\/\\\/www.webdo.tn\\\/fr\\\/#website\",\"url\":\"https:\\\/\\\/www.webdo.tn\\\/fr\\\/\",\"name\":\"webdo\",\"description\":\"Tunisie - News en Tunisie et \u00e0 l&#039;international sur Webdo.tn\",\"publisher\":{\"@id\":\"https:\\\/\\\/www.webdo.tn\\\/fr\\\/#organization\"},\"potentialAction\":[{\"@type\":\"SearchAction\",\"target\":{\"@type\":\"EntryPoint\",\"urlTemplate\":\"https:\\\/\\\/www.webdo.tn\\\/fr\\\/?s={search_term_string}\"},\"query-input\":{\"@type\":\"PropertyValueSpecification\",\"valueRequired\":true,\"valueName\":\"search_term_string\"}}],\"inLanguage\":\"fr-FR\"},{\"@type\":\"Organization\",\"@id\":\"https:\\\/\\\/www.webdo.tn\\\/fr\\\/#organization\",\"name\":\"Webdo\",\"alternateName\":\"Webdo.tn\",\"url\":\"https:\\\/\\\/www.webdo.tn\\\/fr\\\/\",\"logo\":{\"@type\":\"ImageObject\",\"inLanguage\":\"fr-FR\",\"@id\":\"https:\\\/\\\/www.webdo.tn\\\/fr\\\/#\\\/schema\\\/logo\\\/image\\\/\",\"url\":\"https:\\\/\\\/www.webdo.tn\\\/fr\\\/wp-content\\\/uploads\\\/2025\\\/06\\\/Webdo-Tunisie_168377.jpg\",\"contentUrl\":\"https:\\\/\\\/www.webdo.tn\\\/fr\\\/wp-content\\\/uploads\\\/2025\\\/06\\\/Webdo-Tunisie_168377.jpg\",\"width\":301,\"height\":301,\"caption\":\"Webdo\"},\"image\":{\"@id\":\"https:\\\/\\\/www.webdo.tn\\\/fr\\\/#\\\/schema\\\/logo\\\/image\\\/\"},\"sameAs\":[\"https:\\\/\\\/www.facebook.com\\\/webdotn\",\"https:\\\/\\\/x.com\\\/webdo_tn\"],\"description\":\"Webdo est un m\u00e9dia num\u00e9rique tunisien fond\u00e9 en 2010, sp\u00e9cialis\u00e9 dans l\u2019actualit\u00e9 nationale et internationale, l\u2019\u00e9conomie, la soci\u00e9t\u00e9 et les analyses politiques. Le site s\u2019adresse \u00e0 un large public francophone et couvre l\u2019information tunisienne en temps r\u00e9el.\",\"email\":\"redac@webdo.tn\",\"legalName\":\"YNJ SARL\",\"foundingDate\":\"2010-09-06\",\"numberOfEmployees\":{\"@type\":\"QuantitativeValue\",\"minValue\":\"11\",\"maxValue\":\"50\"}},{\"@type\":\"Person\",\"@id\":\"https:\\\/\\\/www.webdo.tn\\\/fr\\\/#\\\/schema\\\/person\\\/2c4929cbf5a809e3bd38617c6ce150f6\",\"name\":\"MC\",\"image\":{\"@type\":\"ImageObject\",\"inLanguage\":\"fr-FR\",\"@id\":\"https:\\\/\\\/secure.gravatar.com\\\/avatar\\\/a545bbb6f84efdd5553dbbc2895e3ca8f1d12c5215e00a041c9670b54aa9b18a?s=96&d=mm&r=g\",\"url\":\"https:\\\/\\\/secure.gravatar.com\\\/avatar\\\/a545bbb6f84efdd5553dbbc2895e3ca8f1d12c5215e00a041c9670b54aa9b18a?s=96&d=mm&r=g\",\"contentUrl\":\"https:\\\/\\\/secure.gravatar.com\\\/avatar\\\/a545bbb6f84efdd5553dbbc2895e3ca8f1d12c5215e00a041c9670b54aa9b18a?s=96&d=mm&r=g\",\"caption\":\"MC\"},\"url\":\"https:\\\/\\\/www.webdo.tn\\\/fr\\\/actualite\\\/author\\\/mc\\\/\"}]}<\/script>\n<!-- \/ Yoast SEO Premium plugin. -->","yoast_head_json":{"title":"Lancement des concertations pour une initiative nationale","description":"Quatre organisations nationales, l'Union g\u00e9n\u00e9rale tunisienne du travail (UGTT), l\u2019Ordre des avocats, la Ligue tunisienne des droits de l\u2019homme (LTDH) et le Foru...","canonical":"https:\/\/www.webdo.tn\/fr\/actualite\/national-45\/lancement-des-concertations-pour-une-initiative-nationale\/201815\/","og_locale":"fr_FR","og_type":"article","og_title":"Lancement des concertations pour une \"initiative nationale\"","og_description":"Quatre organisations nationales, l'Union g\u00e9n\u00e9rale tunisienne du travail (UGTT), l\u2019Ordre des avocats, la Ligue tunisienne des droits de l\u2019homme (LTDH) et le Foru...","og_url":"https:\/\/www.webdo.tn\/fr\/actualite\/national-45\/lancement-des-concertations-pour-une-initiative-nationale\/201815\/","og_site_name":"webdo","article_publisher":"https:\/\/www.facebook.com\/webdotn","article_published_time":"2023-01-13T11:55:00+00:00","article_modified_time":"2025-05-22T11:38:17+00:00","og_image":[{"width":750,"height":400,"url":"https:\/\/www.webdo.tn\/fr\/wp-content\/uploads\/2023\/01\/5b2e5e154240267bb2383b84c25dc730.jpg","type":"image\/jpeg"}],"author":"MC","twitter_card":"summary_large_image","twitter_creator":"@webdo_tn","twitter_site":"@webdo_tn","twitter_misc":{"\u00c9crit par":"MC","Dur\u00e9e de lecture estim\u00e9e":"1 minute"},"schema":{"@context":"https:\/\/schema.org","@graph":[{"@type":"NewsArticle","@id":"https:\/\/www.webdo.tn\/fr\/actualite\/national-45\/lancement-des-concertations-pour-une-initiative-nationale\/201815\/#article","isPartOf":{"@id":"https:\/\/www.webdo.tn\/fr\/actualite\/national-45\/lancement-des-concertations-pour-une-initiative-nationale\/201815\/"},"author":{"name":"MC","@id":"https:\/\/www.webdo.tn\/fr\/#\/schema\/person\/2c4929cbf5a809e3bd38617c6ce150f6"},"headline":"Lancement des concertations pour une \u00ab\u00a0initiative nationale\u00a0\u00bb","datePublished":"2023-01-13T11:55:00+00:00","dateModified":"2025-05-22T11:38:17+00:00","mainEntityOfPage":{"@id":"https:\/\/www.webdo.tn\/fr\/actualite\/national-45\/lancement-des-concertations-pour-une-initiative-nationale\/201815\/"},"wordCount":264,"commentCount":0,"publisher":{"@id":"https:\/\/www.webdo.tn\/fr\/#organization"},"image":{"@id":"https:\/\/www.webdo.tn\/fr\/actualite\/national-45\/lancement-des-concertations-pour-une-initiative-nationale\/201815\/#primaryimage"},"thumbnailUrl":"https:\/\/www.webdo.tn\/fr\/wp-content\/uploads\/2023\/01\/5b2e5e154240267bb2383b84c25dc730.jpg","keywords":["Dialogue national","ftdes","initiative nationale","LTDH","Ordre des avocats","UGTT"],"articleSection":["National"],"inLanguage":"fr-FR"},{"@type":"WebPage","@id":"https:\/\/www.webdo.tn\/fr\/actualite\/national-45\/lancement-des-concertations-pour-une-initiative-nationale\/201815\/","url":"https:\/\/www.webdo.tn\/fr\/actualite\/national-45\/lancement-des-concertations-pour-une-initiative-nationale\/201815\/","name":"Lancement des concertations pour une initiative nationale","isPartOf":{"@id":"https:\/\/www.webdo.tn\/fr\/#website"},"primaryImageOfPage":{"@id":"https:\/\/www.webdo.tn\/fr\/actualite\/national-45\/lancement-des-concertations-pour-une-initiative-nationale\/201815\/#primaryimage"},"image":{"@id":"https:\/\/www.webdo.tn\/fr\/actualite\/national-45\/lancement-des-concertations-pour-une-initiative-nationale\/201815\/#primaryimage"},"thumbnailUrl":"https:\/\/www.webdo.tn\/fr\/wp-content\/uploads\/2023\/01\/5b2e5e154240267bb2383b84c25dc730.jpg","datePublished":"2023-01-13T11:55:00+00:00","dateModified":"2025-05-22T11:38:17+00:00","description":"Quatre organisations nationales, l'Union g\u00e9n\u00e9rale tunisienne du travail (UGTT), l\u2019Ordre des avocats, la Ligue tunisienne des droits de l\u2019homme (LTDH) et le Foru...","breadcrumb":{"@id":"https:\/\/www.webdo.tn\/fr\/actualite\/national-45\/lancement-des-concertations-pour-une-initiative-nationale\/201815\/#breadcrumb"},"inLanguage":"fr-FR","potentialAction":[{"@type":"ReadAction","target":["https:\/\/www.webdo.tn\/fr\/actualite\/national-45\/lancement-des-concertations-pour-une-initiative-nationale\/201815\/"]}]},{"@type":"ImageObject","inLanguage":"fr-FR","@id":"https:\/\/www.webdo.tn\/fr\/actualite\/national-45\/lancement-des-concertations-pour-une-initiative-nationale\/201815\/#primaryimage","url":"https:\/\/www.webdo.tn\/fr\/wp-content\/uploads\/2023\/01\/5b2e5e154240267bb2383b84c25dc730.jpg","contentUrl":"https:\/\/www.webdo.tn\/fr\/wp-content\/uploads\/2023\/01\/5b2e5e154240267bb2383b84c25dc730.jpg","width":750,"height":400,"caption":"Lancement des concertations pour une \"initiative nationale\""},{"@type":"BreadcrumbList","@id":"https:\/\/www.webdo.tn\/fr\/actualite\/national-45\/lancement-des-concertations-pour-une-initiative-nationale\/201815\/#breadcrumb","itemListElement":[{"@type":"ListItem","position":1,"name":"Accueil","item":"https:\/\/www.webdo.tn\/fr\/"},{"@type":"ListItem","position":2,"name":"Lancement des concertations pour une \u00ab\u00a0initiative nationale\u00a0\u00bb"}]},{"@type":"WebSite","@id":"https:\/\/www.webdo.tn\/fr\/#website","url":"https:\/\/www.webdo.tn\/fr\/","name":"webdo","description":"Tunisie - News en Tunisie et \u00e0 l&#039;international sur Webdo.tn","publisher":{"@id":"https:\/\/www.webdo.tn\/fr\/#organization"},"potentialAction":[{"@type":"SearchAction","target":{"@type":"EntryPoint","urlTemplate":"https:\/\/www.webdo.tn\/fr\/?s={search_term_string}"},"query-input":{"@type":"PropertyValueSpecification","valueRequired":true,"valueName":"search_term_string"}}],"inLanguage":"fr-FR"},{"@type":"Organization","@id":"https:\/\/www.webdo.tn\/fr\/#organization","name":"Webdo","alternateName":"Webdo.tn","url":"https:\/\/www.webdo.tn\/fr\/","logo":{"@type":"ImageObject","inLanguage":"fr-FR","@id":"https:\/\/www.webdo.tn\/fr\/#\/schema\/logo\/image\/","url":"https:\/\/www.webdo.tn\/fr\/wp-content\/uploads\/2025\/06\/Webdo-Tunisie_168377.jpg","contentUrl":"https:\/\/www.webdo.tn\/fr\/wp-content\/uploads\/2025\/06\/Webdo-Tunisie_168377.jpg","width":301,"height":301,"caption":"Webdo"},"image":{"@id":"https:\/\/www.webdo.tn\/fr\/#\/schema\/logo\/image\/"},"sameAs":["https:\/\/www.facebook.com\/webdotn","https:\/\/x.com\/webdo_tn"],"description":"Webdo est un m\u00e9dia num\u00e9rique tunisien fond\u00e9 en 2010, sp\u00e9cialis\u00e9 dans l\u2019actualit\u00e9 nationale et internationale, l\u2019\u00e9conomie, la soci\u00e9t\u00e9 et les analyses politiques. Le site s\u2019adresse \u00e0 un large public francophone et couvre l\u2019information tunisienne en temps r\u00e9el.","email":"redac@webdo.tn","legalName":"YNJ SARL","foundingDate":"2010-09-06","numberOfEmployees":{"@type":"QuantitativeValue","minValue":"11","maxValue":"50"}},{"@type":"Person","@id":"https:\/\/www.webdo.tn\/fr\/#\/schema\/person\/2c4929cbf5a809e3bd38617c6ce150f6","name":"MC","image":{"@type":"ImageObject","inLanguage":"fr-FR","@id":"https:\/\/secure.gravatar.com\/avatar\/a545bbb6f84efdd5553dbbc2895e3ca8f1d12c5215e00a041c9670b54aa9b18a?s=96&d=mm&r=g","url":"https:\/\/secure.gravatar.com\/avatar\/a545bbb6f84efdd5553dbbc2895e3ca8f1d12c5215e00a041c9670b54aa9b18a?s=96&d=mm&r=g","contentUrl":"https:\/\/secure.gravatar.com\/avatar\/a545bbb6f84efdd5553dbbc2895e3ca8f1d12c5215e00a041c9670b54aa9b18a?s=96&d=mm&r=g","caption":"MC"},"url":"https:\/\/www.webdo.tn\/fr\/actualite\/author\/mc\/"}]}},"_links":{"self":[{"href":"https:\/\/www.webdo.tn\/fr\/wp-json\/wp\/v2\/posts\/201815","targetHints":{"allow":["GET"]}}],"collection":[{"href":"https:\/\/www.webdo.tn\/fr\/wp-json\/wp\/v2\/posts"}],"about":[{"href":"https:\/\/www.webdo.tn\/fr\/wp-json\/wp\/v2\/types\/post"}],"author":[{"embeddable":true,"href":"https:\/\/www.webdo.tn\/fr\/wp-json\/wp\/v2\/users\/3162"}],"replies":[{"embeddable":true,"href":"https:\/\/www.webdo.tn\/fr\/wp-json\/wp\/v2\/comments?post=201815"}],"version-history":[{"count":0,"href":"https:\/\/www.webdo.tn\/fr\/wp-json\/wp\/v2\/posts\/201815\/revisions"}],"wp:featuredmedia":[{"embeddable":true,"href":"https:\/\/www.webdo.tn\/fr\/wp-json\/wp\/v2\/media\/348290"}],"wp:attachment":[{"href":"https:\/\/www.webdo.tn\/fr\/wp-json\/wp\/v2\/media?parent=201815"}],"wp:term":[{"taxonomy":"category","embeddable":true,"href":"https:\/\/www.webdo.tn\/fr\/wp-json\/wp\/v2\/categories?post=201815"},{"taxonomy":"post_tag","embeddable":true,"href":"https:\/\/www.webdo.tn\/fr\/wp-json\/wp\/v2\/tags?post=201815"}],"curies":[{"name":"wp","href":"https:\/\/api.w.org\/{rel}","templated":true}]}}