{"id":201806,"date":"2023-01-13T09:02:00","date_gmt":"2023-01-13T09:02:00","guid":{"rendered":"https:\/\/www.webdo.tn\/fr\/blog\/ennahdha-appelle-les-tunisiens-a-se-rendre-a-l-avenue-habib-bourguiba-le-14-janvier\/201806\/"},"modified":"2025-05-20T22:06:52","modified_gmt":"2025-05-20T22:06:52","slug":"ennahdha-appelle-les-tunisiens-a-se-rendre-a-l-avenue-habib-bourguiba-le-14-janvier","status":"publish","type":"post","link":"https:\/\/www.webdo.tn\/fr\/actualite\/national\/ennahdha-appelle-les-tunisiens-a-se-rendre-a-l-avenue-habib-bourguiba-le-14-janvier\/201806\/","title":{"rendered":"Ennahdha appelle les Tunisiens \u00e0 se rendre \u00e0 l\u2019avenue Habib Bourguiba le 14 janvier"},"content":{"rendered":"<p>Le mouvement Ennahdha a appel\u00e9 les Tunisiens \u00e0 se rendre \u00e0 l\u2019avenue Habib Bourguiba, samedi 14 janvier dans le but de mettre un terme au processus du coup d\u2019\u00c9tat.<\/p>\n<p>\t\t\t\t\t\t\t\t\tSelon un communiqu\u00e9 publi\u00e9 jeudi 12 janvier \u00e0 20h00 sur sa page Facebook, le bureau ex\u00e9cutif du mouvement Ennahdha a en effet \u00ab\u00a0appel\u00e9 tous les Tunisiens \u00e0 rejoindre l\u2019avenue Habib Bourguiba samedi 14 janvier 2023 pour mettre un terme au processus du coup d\u2019\u00c9tat qui s\u2019est accapar\u00e9 tous les pouvoirs et qui a d\u00e9truit l\u2019\u00e9conomie et le quotidien du peuple en le transformant en une v\u00e9ritable souffrance\u00a0\u00bb.<\/p>\n<p>Un appel qui co\u00efncide avec la d\u00e9cision prise par le gouverneur de Tunis, Kamel Fekih d\u2019interdire la manifestation pr\u00e9vue par le Front de salut national dont fait partie Ennahdha, devant le Th\u00e9\u00e2tre municipal, le 14 janvier.<\/p>\n<p>Kamel Fekih a justifi\u00e9 cette d\u00e9cision par le fait d&rsquo;avoir d\u00e9j\u00e0 accord\u00e9 une autorisation \u00e0 cinq partis politiques (al-Qotb, le Parti des Travailleurs, al-Joumhouri, Ettakatol et le Courant d\u00e9mocrate) et \u00e0 l&rsquo;Instance nationale pour la d\u00e9fense des libert\u00e9s et de la d\u00e9mocratie, de tenir une manifestation le m\u00eame jour et au m\u00eame endroit.<\/p>\n<p>Ainsi, le Front de salut national pourrait organiser son rassemblement \u00e0 l&rsquo;espace \u00ab\u00a0Comar\u00a0\u00bb, et ce conform\u00e9ment aux dispositions de la loi n\u00b069-4, r\u00e9glementant les r\u00e9unions publiques, cort\u00e8ges, d\u00e9fil\u00e9s, manifestations et attroupements.<\/p>\n","protected":false},"excerpt":{"rendered":"<p>Le mouvement Ennahdha a appel\u00e9 les Tunisiens \u00e0 se rendre \u00e0 l\u2019avenue Habib Bourguiba, samedi 14 janvier dans le but de mettre un terme au processus du coup d\u2019\u00c9ta&#8230;<\/p>\n","protected":false},"author":3162,"featured_media":277566,"comment_status":"open","ping_status":"closed","sticky":false,"template":"","format":"standard","meta":{"footnotes":""},"categories":[44],"tags":[4384,3057,2817],"class_list":["post-201806","post","type-post","status-publish","format-standard","has-post-thumbnail","hentry","category-national","tag-14-janvier","tag-ennahdha","tag-manifestation"],"yoast_head":"<!-- This site is optimized with the Yoast SEO Premium plugin v27.5 (Yoast SEO v27.5) - https:\/\/yoast.com\/product\/yoast-seo-premium-wordpress\/ -->\n<title>Ennahdha appelle les Tunisiens \u00e0 se rendre \u00e0 l\u2019avenue Habib Bourguiba le 14 janvier<\/title>\n<meta name=\"description\" content=\"Le mouvement Ennahdha a appel\u00e9 les Tunisiens \u00e0 se rendre \u00e0 l\u2019avenue Habib Bourguiba, samedi 14 janvier dans le but de mettre un terme au processus du coup d\u2019\u00c9ta...\" \/>\n<link rel=\"canonical\" href=\"https:\/\/www.webdo.tn\/fr\/actualite\/national\/ennahdha-appelle-les-tunisiens-a-se-rendre-a-l-avenue-habib-bourguiba-le-14-janvier\/201806\/\" \/>\n<meta property=\"og:locale\" content=\"fr_FR\" \/>\n<meta property=\"og:type\" content=\"article\" \/>\n<meta property=\"og:title\" content=\"Ennahdha appelle les Tunisiens \u00e0 se rendre \u00e0 l\u2019avenue Habib Bourguiba le 14 janvier\" \/>\n<meta property=\"og:description\" content=\"Le mouvement Ennahdha a appel\u00e9 les Tunisiens \u00e0 se rendre \u00e0 l\u2019avenue Habib Bourguiba, samedi 14 janvier dans le but de mettre un terme au processus du coup d\u2019\u00c9ta...\" \/>\n<meta property=\"og:url\" content=\"https:\/\/www.webdo.tn\/fr\/actualite\/national\/ennahdha-appelle-les-tunisiens-a-se-rendre-a-l-avenue-habib-bourguiba-le-14-janvier\/201806\/\" \/>\n<meta property=\"og:site_name\" content=\"webdo\" \/>\n<meta property=\"article:publisher\" content=\"https:\/\/www.facebook.com\/webdotn\" \/>\n<meta property=\"article:published_time\" content=\"2023-01-13T09:02:00+00:00\" \/>\n<meta property=\"article:modified_time\" content=\"2025-05-20T22:06:52+00:00\" \/>\n<meta property=\"og:image\" content=\"https:\/\/www.webdo.tn\/fr\/wp-content\/uploads\/2023\/01\/0dee0860c73233164aee4ac95d475476.png\" \/>\n\t<meta property=\"og:image:width\" content=\"713\" \/>\n\t<meta property=\"og:image:height\" content=\"380\" \/>\n\t<meta property=\"og:image:type\" content=\"image\/png\" \/>\n<meta name=\"author\" content=\"MC\" \/>\n<meta name=\"twitter:card\" content=\"summary_large_image\" \/>\n<meta name=\"twitter:creator\" content=\"@webdo_tn\" \/>\n<meta name=\"twitter:site\" content=\"@webdo_tn\" \/>\n<meta name=\"twitter:label1\" content=\"\u00c9crit par\" \/>\n\t<meta name=\"twitter:data1\" content=\"MC\" \/>\n\t<meta name=\"twitter:label2\" content=\"Dur\u00e9e de lecture estim\u00e9e\" \/>\n\t<meta name=\"twitter:data2\" content=\"1 minute\" \/>\n<script type=\"application\/ld+json\" class=\"yoast-schema-graph\">{\"@context\":\"https:\\\/\\\/schema.org\",\"@graph\":[{\"@type\":\"NewsArticle\",\"@id\":\"https:\\\/\\\/www.webdo.tn\\\/fr\\\/actualite\\\/national\\\/ennahdha-appelle-les-tunisiens-a-se-rendre-a-l-avenue-habib-bourguiba-le-14-janvier\\\/201806\\\/#article\",\"isPartOf\":{\"@id\":\"https:\\\/\\\/www.webdo.tn\\\/fr\\\/actualite\\\/national\\\/ennahdha-appelle-les-tunisiens-a-se-rendre-a-l-avenue-habib-bourguiba-le-14-janvier\\\/201806\\\/\"},\"author\":{\"name\":\"MC\",\"@id\":\"https:\\\/\\\/www.webdo.tn\\\/fr\\\/#\\\/schema\\\/person\\\/2c4929cbf5a809e3bd38617c6ce150f6\"},\"headline\":\"Ennahdha appelle les Tunisiens \u00e0 se rendre \u00e0 l\u2019avenue Habib Bourguiba le 14 janvier\",\"datePublished\":\"2023-01-13T09:02:00+00:00\",\"dateModified\":\"2025-05-20T22:06:52+00:00\",\"mainEntityOfPage\":{\"@id\":\"https:\\\/\\\/www.webdo.tn\\\/fr\\\/actualite\\\/national\\\/ennahdha-appelle-les-tunisiens-a-se-rendre-a-l-avenue-habib-bourguiba-le-14-janvier\\\/201806\\\/\"},\"wordCount\":248,\"commentCount\":0,\"publisher\":{\"@id\":\"https:\\\/\\\/www.webdo.tn\\\/fr\\\/#organization\"},\"image\":{\"@id\":\"https:\\\/\\\/www.webdo.tn\\\/fr\\\/actualite\\\/national\\\/ennahdha-appelle-les-tunisiens-a-se-rendre-a-l-avenue-habib-bourguiba-le-14-janvier\\\/201806\\\/#primaryimage\"},\"thumbnailUrl\":\"https:\\\/\\\/www.webdo.tn\\\/fr\\\/wp-content\\\/uploads\\\/2023\\\/01\\\/0dee0860c73233164aee4ac95d475476.png\",\"keywords\":[\"14 janvier\",\"Ennahdha\",\"Manifestation\"],\"articleSection\":[\"National\"],\"inLanguage\":\"fr-FR\"},{\"@type\":\"WebPage\",\"@id\":\"https:\\\/\\\/www.webdo.tn\\\/fr\\\/actualite\\\/national\\\/ennahdha-appelle-les-tunisiens-a-se-rendre-a-l-avenue-habib-bourguiba-le-14-janvier\\\/201806\\\/\",\"url\":\"https:\\\/\\\/www.webdo.tn\\\/fr\\\/actualite\\\/national\\\/ennahdha-appelle-les-tunisiens-a-se-rendre-a-l-avenue-habib-bourguiba-le-14-janvier\\\/201806\\\/\",\"name\":\"Ennahdha appelle les Tunisiens \u00e0 se rendre \u00e0 l\u2019avenue Habib Bourguiba le 14 janvier\",\"isPartOf\":{\"@id\":\"https:\\\/\\\/www.webdo.tn\\\/fr\\\/#website\"},\"primaryImageOfPage\":{\"@id\":\"https:\\\/\\\/www.webdo.tn\\\/fr\\\/actualite\\\/national\\\/ennahdha-appelle-les-tunisiens-a-se-rendre-a-l-avenue-habib-bourguiba-le-14-janvier\\\/201806\\\/#primaryimage\"},\"image\":{\"@id\":\"https:\\\/\\\/www.webdo.tn\\\/fr\\\/actualite\\\/national\\\/ennahdha-appelle-les-tunisiens-a-se-rendre-a-l-avenue-habib-bourguiba-le-14-janvier\\\/201806\\\/#primaryimage\"},\"thumbnailUrl\":\"https:\\\/\\\/www.webdo.tn\\\/fr\\\/wp-content\\\/uploads\\\/2023\\\/01\\\/0dee0860c73233164aee4ac95d475476.png\",\"datePublished\":\"2023-01-13T09:02:00+00:00\",\"dateModified\":\"2025-05-20T22:06:52+00:00\",\"description\":\"Le mouvement Ennahdha a appel\u00e9 les Tunisiens \u00e0 se rendre \u00e0 l\u2019avenue Habib Bourguiba, samedi 14 janvier dans le but de mettre un terme au processus du coup d\u2019\u00c9ta...\",\"breadcrumb\":{\"@id\":\"https:\\\/\\\/www.webdo.tn\\\/fr\\\/actualite\\\/national\\\/ennahdha-appelle-les-tunisiens-a-se-rendre-a-l-avenue-habib-bourguiba-le-14-janvier\\\/201806\\\/#breadcrumb\"},\"inLanguage\":\"fr-FR\",\"potentialAction\":[{\"@type\":\"ReadAction\",\"target\":[\"https:\\\/\\\/www.webdo.tn\\\/fr\\\/actualite\\\/national\\\/ennahdha-appelle-les-tunisiens-a-se-rendre-a-l-avenue-habib-bourguiba-le-14-janvier\\\/201806\\\/\"]}]},{\"@type\":\"ImageObject\",\"inLanguage\":\"fr-FR\",\"@id\":\"https:\\\/\\\/www.webdo.tn\\\/fr\\\/actualite\\\/national\\\/ennahdha-appelle-les-tunisiens-a-se-rendre-a-l-avenue-habib-bourguiba-le-14-janvier\\\/201806\\\/#primaryimage\",\"url\":\"https:\\\/\\\/www.webdo.tn\\\/fr\\\/wp-content\\\/uploads\\\/2023\\\/01\\\/0dee0860c73233164aee4ac95d475476.png\",\"contentUrl\":\"https:\\\/\\\/www.webdo.tn\\\/fr\\\/wp-content\\\/uploads\\\/2023\\\/01\\\/0dee0860c73233164aee4ac95d475476.png\",\"width\":713,\"height\":380,\"caption\":\"Ennahdha appelle les Tunisiens \u00e0 se rendre \u00e0 l\u2019avenue Habib Bourguiba le 14 janvier\"},{\"@type\":\"BreadcrumbList\",\"@id\":\"https:\\\/\\\/www.webdo.tn\\\/fr\\\/actualite\\\/national\\\/ennahdha-appelle-les-tunisiens-a-se-rendre-a-l-avenue-habib-bourguiba-le-14-janvier\\\/201806\\\/#breadcrumb\",\"itemListElement\":[{\"@type\":\"ListItem\",\"position\":1,\"name\":\"Accueil\",\"item\":\"https:\\\/\\\/www.webdo.tn\\\/fr\\\/\"},{\"@type\":\"ListItem\",\"position\":2,\"name\":\"Ennahdha appelle les Tunisiens \u00e0 se rendre \u00e0 l\u2019avenue Habib Bourguiba le 14 janvier\"}]},{\"@type\":\"WebSite\",\"@id\":\"https:\\\/\\\/www.webdo.tn\\\/fr\\\/#website\",\"url\":\"https:\\\/\\\/www.webdo.tn\\\/fr\\\/\",\"name\":\"webdo\",\"description\":\"Tunisie - News en Tunisie et \u00e0 l&#039;international sur Webdo.tn\",\"publisher\":{\"@id\":\"https:\\\/\\\/www.webdo.tn\\\/fr\\\/#organization\"},\"potentialAction\":[{\"@type\":\"SearchAction\",\"target\":{\"@type\":\"EntryPoint\",\"urlTemplate\":\"https:\\\/\\\/www.webdo.tn\\\/fr\\\/?s={search_term_string}\"},\"query-input\":{\"@type\":\"PropertyValueSpecification\",\"valueRequired\":true,\"valueName\":\"search_term_string\"}}],\"inLanguage\":\"fr-FR\"},{\"@type\":\"Organization\",\"@id\":\"https:\\\/\\\/www.webdo.tn\\\/fr\\\/#organization\",\"name\":\"Webdo\",\"alternateName\":\"Webdo.tn\",\"url\":\"https:\\\/\\\/www.webdo.tn\\\/fr\\\/\",\"logo\":{\"@type\":\"ImageObject\",\"inLanguage\":\"fr-FR\",\"@id\":\"https:\\\/\\\/www.webdo.tn\\\/fr\\\/#\\\/schema\\\/logo\\\/image\\\/\",\"url\":\"https:\\\/\\\/www.webdo.tn\\\/fr\\\/wp-content\\\/uploads\\\/2025\\\/06\\\/Webdo-Tunisie_168377.jpg\",\"contentUrl\":\"https:\\\/\\\/www.webdo.tn\\\/fr\\\/wp-content\\\/uploads\\\/2025\\\/06\\\/Webdo-Tunisie_168377.jpg\",\"width\":301,\"height\":301,\"caption\":\"Webdo\"},\"image\":{\"@id\":\"https:\\\/\\\/www.webdo.tn\\\/fr\\\/#\\\/schema\\\/logo\\\/image\\\/\"},\"sameAs\":[\"https:\\\/\\\/www.facebook.com\\\/webdotn\",\"https:\\\/\\\/x.com\\\/webdo_tn\"],\"description\":\"Webdo est un m\u00e9dia num\u00e9rique tunisien fond\u00e9 en 2010, sp\u00e9cialis\u00e9 dans l\u2019actualit\u00e9 nationale et internationale, l\u2019\u00e9conomie, la soci\u00e9t\u00e9 et les analyses politiques. Le site s\u2019adresse \u00e0 un large public francophone et couvre l\u2019information tunisienne en temps r\u00e9el.\",\"email\":\"redac@webdo.tn\",\"legalName\":\"YNJ SARL\",\"foundingDate\":\"2010-09-06\",\"numberOfEmployees\":{\"@type\":\"QuantitativeValue\",\"minValue\":\"11\",\"maxValue\":\"50\"}},{\"@type\":\"Person\",\"@id\":\"https:\\\/\\\/www.webdo.tn\\\/fr\\\/#\\\/schema\\\/person\\\/2c4929cbf5a809e3bd38617c6ce150f6\",\"name\":\"MC\",\"image\":{\"@type\":\"ImageObject\",\"inLanguage\":\"fr-FR\",\"@id\":\"https:\\\/\\\/secure.gravatar.com\\\/avatar\\\/a545bbb6f84efdd5553dbbc2895e3ca8f1d12c5215e00a041c9670b54aa9b18a?s=96&d=mm&r=g\",\"url\":\"https:\\\/\\\/secure.gravatar.com\\\/avatar\\\/a545bbb6f84efdd5553dbbc2895e3ca8f1d12c5215e00a041c9670b54aa9b18a?s=96&d=mm&r=g\",\"contentUrl\":\"https:\\\/\\\/secure.gravatar.com\\\/avatar\\\/a545bbb6f84efdd5553dbbc2895e3ca8f1d12c5215e00a041c9670b54aa9b18a?s=96&d=mm&r=g\",\"caption\":\"MC\"},\"url\":\"https:\\\/\\\/www.webdo.tn\\\/fr\\\/actualite\\\/author\\\/mc\\\/\"}]}<\/script>\n<!-- \/ Yoast SEO Premium plugin. -->","yoast_head_json":{"title":"Ennahdha appelle les Tunisiens \u00e0 se rendre \u00e0 l\u2019avenue Habib Bourguiba le 14 janvier","description":"Le mouvement Ennahdha a appel\u00e9 les Tunisiens \u00e0 se rendre \u00e0 l\u2019avenue Habib Bourguiba, samedi 14 janvier dans le but de mettre un terme au processus du coup d\u2019\u00c9ta...","canonical":"https:\/\/www.webdo.tn\/fr\/actualite\/national\/ennahdha-appelle-les-tunisiens-a-se-rendre-a-l-avenue-habib-bourguiba-le-14-janvier\/201806\/","og_locale":"fr_FR","og_type":"article","og_title":"Ennahdha appelle les Tunisiens \u00e0 se rendre \u00e0 l\u2019avenue Habib Bourguiba le 14 janvier","og_description":"Le mouvement Ennahdha a appel\u00e9 les Tunisiens \u00e0 se rendre \u00e0 l\u2019avenue Habib Bourguiba, samedi 14 janvier dans le but de mettre un terme au processus du coup d\u2019\u00c9ta...","og_url":"https:\/\/www.webdo.tn\/fr\/actualite\/national\/ennahdha-appelle-les-tunisiens-a-se-rendre-a-l-avenue-habib-bourguiba-le-14-janvier\/201806\/","og_site_name":"webdo","article_publisher":"https:\/\/www.facebook.com\/webdotn","article_published_time":"2023-01-13T09:02:00+00:00","article_modified_time":"2025-05-20T22:06:52+00:00","og_image":[{"width":713,"height":380,"url":"https:\/\/www.webdo.tn\/fr\/wp-content\/uploads\/2023\/01\/0dee0860c73233164aee4ac95d475476.png","type":"image\/png"}],"author":"MC","twitter_card":"summary_large_image","twitter_creator":"@webdo_tn","twitter_site":"@webdo_tn","twitter_misc":{"\u00c9crit par":"MC","Dur\u00e9e de lecture estim\u00e9e":"1 minute"},"schema":{"@context":"https:\/\/schema.org","@graph":[{"@type":"NewsArticle","@id":"https:\/\/www.webdo.tn\/fr\/actualite\/national\/ennahdha-appelle-les-tunisiens-a-se-rendre-a-l-avenue-habib-bourguiba-le-14-janvier\/201806\/#article","isPartOf":{"@id":"https:\/\/www.webdo.tn\/fr\/actualite\/national\/ennahdha-appelle-les-tunisiens-a-se-rendre-a-l-avenue-habib-bourguiba-le-14-janvier\/201806\/"},"author":{"name":"MC","@id":"https:\/\/www.webdo.tn\/fr\/#\/schema\/person\/2c4929cbf5a809e3bd38617c6ce150f6"},"headline":"Ennahdha appelle les Tunisiens \u00e0 se rendre \u00e0 l\u2019avenue Habib Bourguiba le 14 janvier","datePublished":"2023-01-13T09:02:00+00:00","dateModified":"2025-05-20T22:06:52+00:00","mainEntityOfPage":{"@id":"https:\/\/www.webdo.tn\/fr\/actualite\/national\/ennahdha-appelle-les-tunisiens-a-se-rendre-a-l-avenue-habib-bourguiba-le-14-janvier\/201806\/"},"wordCount":248,"commentCount":0,"publisher":{"@id":"https:\/\/www.webdo.tn\/fr\/#organization"},"image":{"@id":"https:\/\/www.webdo.tn\/fr\/actualite\/national\/ennahdha-appelle-les-tunisiens-a-se-rendre-a-l-avenue-habib-bourguiba-le-14-janvier\/201806\/#primaryimage"},"thumbnailUrl":"https:\/\/www.webdo.tn\/fr\/wp-content\/uploads\/2023\/01\/0dee0860c73233164aee4ac95d475476.png","keywords":["14 janvier","Ennahdha","Manifestation"],"articleSection":["National"],"inLanguage":"fr-FR"},{"@type":"WebPage","@id":"https:\/\/www.webdo.tn\/fr\/actualite\/national\/ennahdha-appelle-les-tunisiens-a-se-rendre-a-l-avenue-habib-bourguiba-le-14-janvier\/201806\/","url":"https:\/\/www.webdo.tn\/fr\/actualite\/national\/ennahdha-appelle-les-tunisiens-a-se-rendre-a-l-avenue-habib-bourguiba-le-14-janvier\/201806\/","name":"Ennahdha appelle les Tunisiens \u00e0 se rendre \u00e0 l\u2019avenue Habib Bourguiba le 14 janvier","isPartOf":{"@id":"https:\/\/www.webdo.tn\/fr\/#website"},"primaryImageOfPage":{"@id":"https:\/\/www.webdo.tn\/fr\/actualite\/national\/ennahdha-appelle-les-tunisiens-a-se-rendre-a-l-avenue-habib-bourguiba-le-14-janvier\/201806\/#primaryimage"},"image":{"@id":"https:\/\/www.webdo.tn\/fr\/actualite\/national\/ennahdha-appelle-les-tunisiens-a-se-rendre-a-l-avenue-habib-bourguiba-le-14-janvier\/201806\/#primaryimage"},"thumbnailUrl":"https:\/\/www.webdo.tn\/fr\/wp-content\/uploads\/2023\/01\/0dee0860c73233164aee4ac95d475476.png","datePublished":"2023-01-13T09:02:00+00:00","dateModified":"2025-05-20T22:06:52+00:00","description":"Le mouvement Ennahdha a appel\u00e9 les Tunisiens \u00e0 se rendre \u00e0 l\u2019avenue Habib Bourguiba, samedi 14 janvier dans le but de mettre un terme au processus du coup d\u2019\u00c9ta...","breadcrumb":{"@id":"https:\/\/www.webdo.tn\/fr\/actualite\/national\/ennahdha-appelle-les-tunisiens-a-se-rendre-a-l-avenue-habib-bourguiba-le-14-janvier\/201806\/#breadcrumb"},"inLanguage":"fr-FR","potentialAction":[{"@type":"ReadAction","target":["https:\/\/www.webdo.tn\/fr\/actualite\/national\/ennahdha-appelle-les-tunisiens-a-se-rendre-a-l-avenue-habib-bourguiba-le-14-janvier\/201806\/"]}]},{"@type":"ImageObject","inLanguage":"fr-FR","@id":"https:\/\/www.webdo.tn\/fr\/actualite\/national\/ennahdha-appelle-les-tunisiens-a-se-rendre-a-l-avenue-habib-bourguiba-le-14-janvier\/201806\/#primaryimage","url":"https:\/\/www.webdo.tn\/fr\/wp-content\/uploads\/2023\/01\/0dee0860c73233164aee4ac95d475476.png","contentUrl":"https:\/\/www.webdo.tn\/fr\/wp-content\/uploads\/2023\/01\/0dee0860c73233164aee4ac95d475476.png","width":713,"height":380,"caption":"Ennahdha appelle les Tunisiens \u00e0 se rendre \u00e0 l\u2019avenue Habib Bourguiba le 14 janvier"},{"@type":"BreadcrumbList","@id":"https:\/\/www.webdo.tn\/fr\/actualite\/national\/ennahdha-appelle-les-tunisiens-a-se-rendre-a-l-avenue-habib-bourguiba-le-14-janvier\/201806\/#breadcrumb","itemListElement":[{"@type":"ListItem","position":1,"name":"Accueil","item":"https:\/\/www.webdo.tn\/fr\/"},{"@type":"ListItem","position":2,"name":"Ennahdha appelle les Tunisiens \u00e0 se rendre \u00e0 l\u2019avenue Habib Bourguiba le 14 janvier"}]},{"@type":"WebSite","@id":"https:\/\/www.webdo.tn\/fr\/#website","url":"https:\/\/www.webdo.tn\/fr\/","name":"webdo","description":"Tunisie - News en Tunisie et \u00e0 l&#039;international sur Webdo.tn","publisher":{"@id":"https:\/\/www.webdo.tn\/fr\/#organization"},"potentialAction":[{"@type":"SearchAction","target":{"@type":"EntryPoint","urlTemplate":"https:\/\/www.webdo.tn\/fr\/?s={search_term_string}"},"query-input":{"@type":"PropertyValueSpecification","valueRequired":true,"valueName":"search_term_string"}}],"inLanguage":"fr-FR"},{"@type":"Organization","@id":"https:\/\/www.webdo.tn\/fr\/#organization","name":"Webdo","alternateName":"Webdo.tn","url":"https:\/\/www.webdo.tn\/fr\/","logo":{"@type":"ImageObject","inLanguage":"fr-FR","@id":"https:\/\/www.webdo.tn\/fr\/#\/schema\/logo\/image\/","url":"https:\/\/www.webdo.tn\/fr\/wp-content\/uploads\/2025\/06\/Webdo-Tunisie_168377.jpg","contentUrl":"https:\/\/www.webdo.tn\/fr\/wp-content\/uploads\/2025\/06\/Webdo-Tunisie_168377.jpg","width":301,"height":301,"caption":"Webdo"},"image":{"@id":"https:\/\/www.webdo.tn\/fr\/#\/schema\/logo\/image\/"},"sameAs":["https:\/\/www.facebook.com\/webdotn","https:\/\/x.com\/webdo_tn"],"description":"Webdo est un m\u00e9dia num\u00e9rique tunisien fond\u00e9 en 2010, sp\u00e9cialis\u00e9 dans l\u2019actualit\u00e9 nationale et internationale, l\u2019\u00e9conomie, la soci\u00e9t\u00e9 et les analyses politiques. Le site s\u2019adresse \u00e0 un large public francophone et couvre l\u2019information tunisienne en temps r\u00e9el.","email":"redac@webdo.tn","legalName":"YNJ SARL","foundingDate":"2010-09-06","numberOfEmployees":{"@type":"QuantitativeValue","minValue":"11","maxValue":"50"}},{"@type":"Person","@id":"https:\/\/www.webdo.tn\/fr\/#\/schema\/person\/2c4929cbf5a809e3bd38617c6ce150f6","name":"MC","image":{"@type":"ImageObject","inLanguage":"fr-FR","@id":"https:\/\/secure.gravatar.com\/avatar\/a545bbb6f84efdd5553dbbc2895e3ca8f1d12c5215e00a041c9670b54aa9b18a?s=96&d=mm&r=g","url":"https:\/\/secure.gravatar.com\/avatar\/a545bbb6f84efdd5553dbbc2895e3ca8f1d12c5215e00a041c9670b54aa9b18a?s=96&d=mm&r=g","contentUrl":"https:\/\/secure.gravatar.com\/avatar\/a545bbb6f84efdd5553dbbc2895e3ca8f1d12c5215e00a041c9670b54aa9b18a?s=96&d=mm&r=g","caption":"MC"},"url":"https:\/\/www.webdo.tn\/fr\/actualite\/author\/mc\/"}]}},"_links":{"self":[{"href":"https:\/\/www.webdo.tn\/fr\/wp-json\/wp\/v2\/posts\/201806","targetHints":{"allow":["GET"]}}],"collection":[{"href":"https:\/\/www.webdo.tn\/fr\/wp-json\/wp\/v2\/posts"}],"about":[{"href":"https:\/\/www.webdo.tn\/fr\/wp-json\/wp\/v2\/types\/post"}],"author":[{"embeddable":true,"href":"https:\/\/www.webdo.tn\/fr\/wp-json\/wp\/v2\/users\/3162"}],"replies":[{"embeddable":true,"href":"https:\/\/www.webdo.tn\/fr\/wp-json\/wp\/v2\/comments?post=201806"}],"version-history":[{"count":0,"href":"https:\/\/www.webdo.tn\/fr\/wp-json\/wp\/v2\/posts\/201806\/revisions"}],"wp:featuredmedia":[{"embeddable":true,"href":"https:\/\/www.webdo.tn\/fr\/wp-json\/wp\/v2\/media\/277566"}],"wp:attachment":[{"href":"https:\/\/www.webdo.tn\/fr\/wp-json\/wp\/v2\/media?parent=201806"}],"wp:term":[{"taxonomy":"category","embeddable":true,"href":"https:\/\/www.webdo.tn\/fr\/wp-json\/wp\/v2\/categories?post=201806"},{"taxonomy":"post_tag","embeddable":true,"href":"https:\/\/www.webdo.tn\/fr\/wp-json\/wp\/v2\/tags?post=201806"}],"curies":[{"name":"wp","href":"https:\/\/api.w.org\/{rel}","templated":true}]}}