{"id":201804,"date":"2023-01-13T08:43:00","date_gmt":"2023-01-13T08:43:00","guid":{"rendered":"https:\/\/www.webdo.tn\/fr\/blog\/tunisie-un-dangereux-takfiriste-arrete-a-bir-ali-ben-khalifa\/201804\/"},"modified":"2025-05-20T22:06:52","modified_gmt":"2025-05-20T22:06:52","slug":"tunisie-un-dangereux-takfiriste-arrete-a-bir-ali-ben-khalifa","status":"publish","type":"post","link":"https:\/\/www.webdo.tn\/fr\/actualite\/national\/tunisie-un-dangereux-takfiriste-arrete-a-bir-ali-ben-khalifa\/201804\/","title":{"rendered":"Tunisie : Un \u00ab\u00a0dangereux takfiriste\u00a0\u00bb arr\u00eat\u00e9 \u00e0 Bir Ali Ben Khelifa"},"content":{"rendered":"<p>Un \u00e9l\u00e9ment qualifi\u00e9 de \u00ab\u00a0dangereux takfiriste\u00a0\u00bb a \u00e9t\u00e9 arr\u00eat\u00e9 \u00e0 Bir Ali Ben Khelifa, dans le gouvernorat de Sfax, a annonc\u00e9, hier soir, le minist\u00e8re de l&rsquo;Int\u00e9rieur.<\/p>\n<p>\t\t\t\t\t\t\t\t\t\u00ab\u00a0Cet individu a \u00e9t\u00e9 form\u00e9 \u00e0 la fabrication d&rsquo;explosifs et de poisons mortels dans l&rsquo;intention de commettre des attaques terroristes et de cibler des s\u00e9curitaires et militaires\u00a0\u00bb, a pr\u00e9cis\u00e9 le d\u00e9partement de l\u2019Int\u00e9rieur, ajoutant qu\u2019il a \u00e9t\u00e9 arr\u00eat\u00e9 par l&rsquo;Unit\u00e9 nationale de recherche dans les crimes terroristes, du crime organis\u00e9 touchant \u00e0 l&rsquo;int\u00e9grit\u00e9 du territoire national, relevant de la Direction g\u00e9n\u00e9rale des services sp\u00e9cialis\u00e9s (Garde nationale).<\/p>\n<p>Cet individu affili\u00e9 au groupe terroriste \u00ab\u00a0Daech\u00a0\u00bb, a \u00e9t\u00e9 interpell\u00e9 apr\u00e8s une s\u00e9rie d&rsquo;investigations techniques et d&rsquo;enqu\u00eates de terrain et a \u00e9t\u00e9 d\u00e9f\u00e9r\u00e9 devant le p\u00f4le judiciaire de lutte contre le terrorisme. Le juge charg\u00e9 de l&rsquo;affaire a \u00e9mis un mandat de d\u00e9p\u00f4t son encontre.<\/p>\n<p>Le suspect faisait notamment de la propagande de l&rsquo;organisation terroriste Daech sur les r\u00e9seaux sociaux et utilisait de faux comptes \u00e9lectroniques \u00e0 travers lesquels il tenait des discours haineux et de takfir envers les institutions s\u00e9curitaires et militaires. Il a, \u00e9galement, pirat\u00e9 le site officiel de l&rsquo;une des institutions publiques.<\/p>\n","protected":false},"excerpt":{"rendered":"<p>Un \u00e9l\u00e9ment qualifi\u00e9 de  dangereux takfiriste  a \u00e9t\u00e9 arr\u00eat\u00e9 \u00e0 Bir Ali Ben Khelifa, dans le gouvernorat de Sfax, a annonc\u00e9, hier soir, le minist\u00e8re de l&rsquo;Int\u00e9rieur&#8230;<\/p>\n","protected":false},"author":3162,"featured_media":277568,"comment_status":"open","ping_status":"closed","sticky":false,"template":"","format":"standard","meta":{"footnotes":""},"categories":[44],"tags":[2966,4603],"class_list":["post-201804","post","type-post","status-publish","format-standard","has-post-thumbnail","hentry","category-national","tag-arrestation","tag-takfiriste"],"yoast_head":"<!-- This site is optimized with the Yoast SEO Premium plugin v27.4 (Yoast SEO v27.5) - https:\/\/yoast.com\/product\/yoast-seo-premium-wordpress\/ -->\n<title>Tunisie : Un dangereux takfiriste arr\u00eat\u00e9 \u00e0 Bir Ali Ben Khelifa<\/title>\n<meta name=\"description\" content=\"Un \u00e9l\u00e9ment qualifi\u00e9 de dangereux takfiriste a \u00e9t\u00e9 arr\u00eat\u00e9 \u00e0 Bir Ali Ben Khelifa, dans le gouvernorat de Sfax, a annonc\u00e9, hier soir, le minist\u00e8re de l&#039;Int\u00e9rieur...\" \/>\n<link rel=\"canonical\" href=\"https:\/\/www.webdo.tn\/fr\/actualite\/national\/tunisie-un-dangereux-takfiriste-arrete-a-bir-ali-ben-khalifa\/201804\/\" \/>\n<meta property=\"og:locale\" content=\"fr_FR\" \/>\n<meta property=\"og:type\" content=\"article\" \/>\n<meta property=\"og:title\" content=\"Tunisie : Un &quot;dangereux takfiriste&quot; arr\u00eat\u00e9 \u00e0 Bir Ali Ben Khelifa\" \/>\n<meta property=\"og:description\" content=\"Un \u00e9l\u00e9ment qualifi\u00e9 de dangereux takfiriste a \u00e9t\u00e9 arr\u00eat\u00e9 \u00e0 Bir Ali Ben Khelifa, dans le gouvernorat de Sfax, a annonc\u00e9, hier soir, le minist\u00e8re de l&#039;Int\u00e9rieur...\" \/>\n<meta property=\"og:url\" content=\"https:\/\/www.webdo.tn\/fr\/actualite\/national\/tunisie-un-dangereux-takfiriste-arrete-a-bir-ali-ben-khalifa\/201804\/\" \/>\n<meta property=\"og:site_name\" content=\"webdo\" \/>\n<meta property=\"article:publisher\" content=\"https:\/\/www.facebook.com\/webdotn\" \/>\n<meta property=\"article:published_time\" content=\"2023-01-13T08:43:00+00:00\" \/>\n<meta property=\"article:modified_time\" content=\"2025-05-20T22:06:52+00:00\" \/>\n<meta property=\"og:image\" content=\"https:\/\/www.webdo.tn\/fr\/wp-content\/uploads\/2023\/01\/3c27e7e061ece5e92a3f35ada82f25da.jpg\" \/>\n\t<meta property=\"og:image:width\" content=\"750\" \/>\n\t<meta property=\"og:image:height\" content=\"400\" \/>\n\t<meta property=\"og:image:type\" content=\"image\/jpeg\" \/>\n<meta name=\"author\" content=\"MC\" \/>\n<meta name=\"twitter:card\" content=\"summary_large_image\" \/>\n<meta name=\"twitter:creator\" content=\"@webdo_tn\" \/>\n<meta name=\"twitter:site\" content=\"@webdo_tn\" \/>\n<meta name=\"twitter:label1\" content=\"\u00c9crit par\" \/>\n\t<meta name=\"twitter:data1\" content=\"MC\" \/>\n\t<meta name=\"twitter:label2\" content=\"Dur\u00e9e de lecture estim\u00e9e\" \/>\n\t<meta name=\"twitter:data2\" content=\"1 minute\" \/>\n<script type=\"application\/ld+json\" class=\"yoast-schema-graph\">{\"@context\":\"https:\\\/\\\/schema.org\",\"@graph\":[{\"@type\":\"NewsArticle\",\"@id\":\"https:\\\/\\\/www.webdo.tn\\\/fr\\\/actualite\\\/national\\\/tunisie-un-dangereux-takfiriste-arrete-a-bir-ali-ben-khalifa\\\/201804\\\/#article\",\"isPartOf\":{\"@id\":\"https:\\\/\\\/www.webdo.tn\\\/fr\\\/actualite\\\/national\\\/tunisie-un-dangereux-takfiriste-arrete-a-bir-ali-ben-khalifa\\\/201804\\\/\"},\"author\":{\"name\":\"MC\",\"@id\":\"https:\\\/\\\/www.webdo.tn\\\/fr\\\/#\\\/schema\\\/person\\\/2c4929cbf5a809e3bd38617c6ce150f6\"},\"headline\":\"Tunisie : Un \u00ab\u00a0dangereux takfiriste\u00a0\u00bb arr\u00eat\u00e9 \u00e0 Bir Ali Ben Khelifa\",\"datePublished\":\"2023-01-13T08:43:00+00:00\",\"dateModified\":\"2025-05-20T22:06:52+00:00\",\"mainEntityOfPage\":{\"@id\":\"https:\\\/\\\/www.webdo.tn\\\/fr\\\/actualite\\\/national\\\/tunisie-un-dangereux-takfiriste-arrete-a-bir-ali-ben-khalifa\\\/201804\\\/\"},\"wordCount\":230,\"commentCount\":0,\"publisher\":{\"@id\":\"https:\\\/\\\/www.webdo.tn\\\/fr\\\/#organization\"},\"image\":{\"@id\":\"https:\\\/\\\/www.webdo.tn\\\/fr\\\/actualite\\\/national\\\/tunisie-un-dangereux-takfiriste-arrete-a-bir-ali-ben-khalifa\\\/201804\\\/#primaryimage\"},\"thumbnailUrl\":\"https:\\\/\\\/www.webdo.tn\\\/fr\\\/wp-content\\\/uploads\\\/2023\\\/01\\\/3c27e7e061ece5e92a3f35ada82f25da.jpg\",\"keywords\":[\"arrestation\",\"takfiriste\"],\"articleSection\":[\"National\"],\"inLanguage\":\"fr-FR\"},{\"@type\":\"WebPage\",\"@id\":\"https:\\\/\\\/www.webdo.tn\\\/fr\\\/actualite\\\/national\\\/tunisie-un-dangereux-takfiriste-arrete-a-bir-ali-ben-khalifa\\\/201804\\\/\",\"url\":\"https:\\\/\\\/www.webdo.tn\\\/fr\\\/actualite\\\/national\\\/tunisie-un-dangereux-takfiriste-arrete-a-bir-ali-ben-khalifa\\\/201804\\\/\",\"name\":\"Tunisie : Un dangereux takfiriste arr\u00eat\u00e9 \u00e0 Bir Ali Ben Khelifa\",\"isPartOf\":{\"@id\":\"https:\\\/\\\/www.webdo.tn\\\/fr\\\/#website\"},\"primaryImageOfPage\":{\"@id\":\"https:\\\/\\\/www.webdo.tn\\\/fr\\\/actualite\\\/national\\\/tunisie-un-dangereux-takfiriste-arrete-a-bir-ali-ben-khalifa\\\/201804\\\/#primaryimage\"},\"image\":{\"@id\":\"https:\\\/\\\/www.webdo.tn\\\/fr\\\/actualite\\\/national\\\/tunisie-un-dangereux-takfiriste-arrete-a-bir-ali-ben-khalifa\\\/201804\\\/#primaryimage\"},\"thumbnailUrl\":\"https:\\\/\\\/www.webdo.tn\\\/fr\\\/wp-content\\\/uploads\\\/2023\\\/01\\\/3c27e7e061ece5e92a3f35ada82f25da.jpg\",\"datePublished\":\"2023-01-13T08:43:00+00:00\",\"dateModified\":\"2025-05-20T22:06:52+00:00\",\"description\":\"Un \u00e9l\u00e9ment qualifi\u00e9 de dangereux takfiriste a \u00e9t\u00e9 arr\u00eat\u00e9 \u00e0 Bir Ali Ben Khelifa, dans le gouvernorat de Sfax, a annonc\u00e9, hier soir, le minist\u00e8re de l'Int\u00e9rieur...\",\"breadcrumb\":{\"@id\":\"https:\\\/\\\/www.webdo.tn\\\/fr\\\/actualite\\\/national\\\/tunisie-un-dangereux-takfiriste-arrete-a-bir-ali-ben-khalifa\\\/201804\\\/#breadcrumb\"},\"inLanguage\":\"fr-FR\",\"potentialAction\":[{\"@type\":\"ReadAction\",\"target\":[\"https:\\\/\\\/www.webdo.tn\\\/fr\\\/actualite\\\/national\\\/tunisie-un-dangereux-takfiriste-arrete-a-bir-ali-ben-khalifa\\\/201804\\\/\"]}]},{\"@type\":\"ImageObject\",\"inLanguage\":\"fr-FR\",\"@id\":\"https:\\\/\\\/www.webdo.tn\\\/fr\\\/actualite\\\/national\\\/tunisie-un-dangereux-takfiriste-arrete-a-bir-ali-ben-khalifa\\\/201804\\\/#primaryimage\",\"url\":\"https:\\\/\\\/www.webdo.tn\\\/fr\\\/wp-content\\\/uploads\\\/2023\\\/01\\\/3c27e7e061ece5e92a3f35ada82f25da.jpg\",\"contentUrl\":\"https:\\\/\\\/www.webdo.tn\\\/fr\\\/wp-content\\\/uploads\\\/2023\\\/01\\\/3c27e7e061ece5e92a3f35ada82f25da.jpg\",\"width\":750,\"height\":400,\"caption\":\"Tunisie : Un \\\"dangereux takfiriste\\\" arr\u00eat\u00e9 \u00e0 Bir Ali Ben Khelifa\"},{\"@type\":\"BreadcrumbList\",\"@id\":\"https:\\\/\\\/www.webdo.tn\\\/fr\\\/actualite\\\/national\\\/tunisie-un-dangereux-takfiriste-arrete-a-bir-ali-ben-khalifa\\\/201804\\\/#breadcrumb\",\"itemListElement\":[{\"@type\":\"ListItem\",\"position\":1,\"name\":\"Accueil\",\"item\":\"https:\\\/\\\/www.webdo.tn\\\/fr\\\/\"},{\"@type\":\"ListItem\",\"position\":2,\"name\":\"Tunisie : Un \u00ab\u00a0dangereux takfiriste\u00a0\u00bb arr\u00eat\u00e9 \u00e0 Bir Ali Ben Khelifa\"}]},{\"@type\":\"WebSite\",\"@id\":\"https:\\\/\\\/www.webdo.tn\\\/fr\\\/#website\",\"url\":\"https:\\\/\\\/www.webdo.tn\\\/fr\\\/\",\"name\":\"webdo\",\"description\":\"Tunisie - News en Tunisie et \u00e0 l&#039;international sur Webdo.tn\",\"publisher\":{\"@id\":\"https:\\\/\\\/www.webdo.tn\\\/fr\\\/#organization\"},\"potentialAction\":[{\"@type\":\"SearchAction\",\"target\":{\"@type\":\"EntryPoint\",\"urlTemplate\":\"https:\\\/\\\/www.webdo.tn\\\/fr\\\/?s={search_term_string}\"},\"query-input\":{\"@type\":\"PropertyValueSpecification\",\"valueRequired\":true,\"valueName\":\"search_term_string\"}}],\"inLanguage\":\"fr-FR\"},{\"@type\":\"Organization\",\"@id\":\"https:\\\/\\\/www.webdo.tn\\\/fr\\\/#organization\",\"name\":\"Webdo\",\"alternateName\":\"Webdo.tn\",\"url\":\"https:\\\/\\\/www.webdo.tn\\\/fr\\\/\",\"logo\":{\"@type\":\"ImageObject\",\"inLanguage\":\"fr-FR\",\"@id\":\"https:\\\/\\\/www.webdo.tn\\\/fr\\\/#\\\/schema\\\/logo\\\/image\\\/\",\"url\":\"https:\\\/\\\/www.webdo.tn\\\/fr\\\/wp-content\\\/uploads\\\/2025\\\/06\\\/Webdo-Tunisie_168377.jpg\",\"contentUrl\":\"https:\\\/\\\/www.webdo.tn\\\/fr\\\/wp-content\\\/uploads\\\/2025\\\/06\\\/Webdo-Tunisie_168377.jpg\",\"width\":301,\"height\":301,\"caption\":\"Webdo\"},\"image\":{\"@id\":\"https:\\\/\\\/www.webdo.tn\\\/fr\\\/#\\\/schema\\\/logo\\\/image\\\/\"},\"sameAs\":[\"https:\\\/\\\/www.facebook.com\\\/webdotn\",\"https:\\\/\\\/x.com\\\/webdo_tn\"],\"description\":\"Webdo est un m\u00e9dia num\u00e9rique tunisien fond\u00e9 en 2010, sp\u00e9cialis\u00e9 dans l\u2019actualit\u00e9 nationale et internationale, l\u2019\u00e9conomie, la soci\u00e9t\u00e9 et les analyses politiques. Le site s\u2019adresse \u00e0 un large public francophone et couvre l\u2019information tunisienne en temps r\u00e9el.\",\"email\":\"redac@webdo.tn\",\"legalName\":\"YNJ SARL\",\"foundingDate\":\"2010-09-06\",\"numberOfEmployees\":{\"@type\":\"QuantitativeValue\",\"minValue\":\"11\",\"maxValue\":\"50\"}},{\"@type\":\"Person\",\"@id\":\"https:\\\/\\\/www.webdo.tn\\\/fr\\\/#\\\/schema\\\/person\\\/2c4929cbf5a809e3bd38617c6ce150f6\",\"name\":\"MC\",\"image\":{\"@type\":\"ImageObject\",\"inLanguage\":\"fr-FR\",\"@id\":\"https:\\\/\\\/secure.gravatar.com\\\/avatar\\\/a545bbb6f84efdd5553dbbc2895e3ca8f1d12c5215e00a041c9670b54aa9b18a?s=96&d=mm&r=g\",\"url\":\"https:\\\/\\\/secure.gravatar.com\\\/avatar\\\/a545bbb6f84efdd5553dbbc2895e3ca8f1d12c5215e00a041c9670b54aa9b18a?s=96&d=mm&r=g\",\"contentUrl\":\"https:\\\/\\\/secure.gravatar.com\\\/avatar\\\/a545bbb6f84efdd5553dbbc2895e3ca8f1d12c5215e00a041c9670b54aa9b18a?s=96&d=mm&r=g\",\"caption\":\"MC\"},\"url\":\"https:\\\/\\\/www.webdo.tn\\\/fr\\\/actualite\\\/author\\\/mc\\\/\"}]}<\/script>\n<!-- \/ Yoast SEO Premium plugin. -->","yoast_head_json":{"title":"Tunisie : Un dangereux takfiriste arr\u00eat\u00e9 \u00e0 Bir Ali Ben Khelifa","description":"Un \u00e9l\u00e9ment qualifi\u00e9 de dangereux takfiriste a \u00e9t\u00e9 arr\u00eat\u00e9 \u00e0 Bir Ali Ben Khelifa, dans le gouvernorat de Sfax, a annonc\u00e9, hier soir, le minist\u00e8re de l'Int\u00e9rieur...","canonical":"https:\/\/www.webdo.tn\/fr\/actualite\/national\/tunisie-un-dangereux-takfiriste-arrete-a-bir-ali-ben-khalifa\/201804\/","og_locale":"fr_FR","og_type":"article","og_title":"Tunisie : Un \"dangereux takfiriste\" arr\u00eat\u00e9 \u00e0 Bir Ali Ben Khelifa","og_description":"Un \u00e9l\u00e9ment qualifi\u00e9 de dangereux takfiriste a \u00e9t\u00e9 arr\u00eat\u00e9 \u00e0 Bir Ali Ben Khelifa, dans le gouvernorat de Sfax, a annonc\u00e9, hier soir, le minist\u00e8re de l'Int\u00e9rieur...","og_url":"https:\/\/www.webdo.tn\/fr\/actualite\/national\/tunisie-un-dangereux-takfiriste-arrete-a-bir-ali-ben-khalifa\/201804\/","og_site_name":"webdo","article_publisher":"https:\/\/www.facebook.com\/webdotn","article_published_time":"2023-01-13T08:43:00+00:00","article_modified_time":"2025-05-20T22:06:52+00:00","og_image":[{"width":750,"height":400,"url":"https:\/\/www.webdo.tn\/fr\/wp-content\/uploads\/2023\/01\/3c27e7e061ece5e92a3f35ada82f25da.jpg","type":"image\/jpeg"}],"author":"MC","twitter_card":"summary_large_image","twitter_creator":"@webdo_tn","twitter_site":"@webdo_tn","twitter_misc":{"\u00c9crit par":"MC","Dur\u00e9e de lecture estim\u00e9e":"1 minute"},"schema":{"@context":"https:\/\/schema.org","@graph":[{"@type":"NewsArticle","@id":"https:\/\/www.webdo.tn\/fr\/actualite\/national\/tunisie-un-dangereux-takfiriste-arrete-a-bir-ali-ben-khalifa\/201804\/#article","isPartOf":{"@id":"https:\/\/www.webdo.tn\/fr\/actualite\/national\/tunisie-un-dangereux-takfiriste-arrete-a-bir-ali-ben-khalifa\/201804\/"},"author":{"name":"MC","@id":"https:\/\/www.webdo.tn\/fr\/#\/schema\/person\/2c4929cbf5a809e3bd38617c6ce150f6"},"headline":"Tunisie : Un \u00ab\u00a0dangereux takfiriste\u00a0\u00bb arr\u00eat\u00e9 \u00e0 Bir Ali Ben Khelifa","datePublished":"2023-01-13T08:43:00+00:00","dateModified":"2025-05-20T22:06:52+00:00","mainEntityOfPage":{"@id":"https:\/\/www.webdo.tn\/fr\/actualite\/national\/tunisie-un-dangereux-takfiriste-arrete-a-bir-ali-ben-khalifa\/201804\/"},"wordCount":230,"commentCount":0,"publisher":{"@id":"https:\/\/www.webdo.tn\/fr\/#organization"},"image":{"@id":"https:\/\/www.webdo.tn\/fr\/actualite\/national\/tunisie-un-dangereux-takfiriste-arrete-a-bir-ali-ben-khalifa\/201804\/#primaryimage"},"thumbnailUrl":"https:\/\/www.webdo.tn\/fr\/wp-content\/uploads\/2023\/01\/3c27e7e061ece5e92a3f35ada82f25da.jpg","keywords":["arrestation","takfiriste"],"articleSection":["National"],"inLanguage":"fr-FR"},{"@type":"WebPage","@id":"https:\/\/www.webdo.tn\/fr\/actualite\/national\/tunisie-un-dangereux-takfiriste-arrete-a-bir-ali-ben-khalifa\/201804\/","url":"https:\/\/www.webdo.tn\/fr\/actualite\/national\/tunisie-un-dangereux-takfiriste-arrete-a-bir-ali-ben-khalifa\/201804\/","name":"Tunisie : Un dangereux takfiriste arr\u00eat\u00e9 \u00e0 Bir Ali Ben Khelifa","isPartOf":{"@id":"https:\/\/www.webdo.tn\/fr\/#website"},"primaryImageOfPage":{"@id":"https:\/\/www.webdo.tn\/fr\/actualite\/national\/tunisie-un-dangereux-takfiriste-arrete-a-bir-ali-ben-khalifa\/201804\/#primaryimage"},"image":{"@id":"https:\/\/www.webdo.tn\/fr\/actualite\/national\/tunisie-un-dangereux-takfiriste-arrete-a-bir-ali-ben-khalifa\/201804\/#primaryimage"},"thumbnailUrl":"https:\/\/www.webdo.tn\/fr\/wp-content\/uploads\/2023\/01\/3c27e7e061ece5e92a3f35ada82f25da.jpg","datePublished":"2023-01-13T08:43:00+00:00","dateModified":"2025-05-20T22:06:52+00:00","description":"Un \u00e9l\u00e9ment qualifi\u00e9 de dangereux takfiriste a \u00e9t\u00e9 arr\u00eat\u00e9 \u00e0 Bir Ali Ben Khelifa, dans le gouvernorat de Sfax, a annonc\u00e9, hier soir, le minist\u00e8re de l'Int\u00e9rieur...","breadcrumb":{"@id":"https:\/\/www.webdo.tn\/fr\/actualite\/national\/tunisie-un-dangereux-takfiriste-arrete-a-bir-ali-ben-khalifa\/201804\/#breadcrumb"},"inLanguage":"fr-FR","potentialAction":[{"@type":"ReadAction","target":["https:\/\/www.webdo.tn\/fr\/actualite\/national\/tunisie-un-dangereux-takfiriste-arrete-a-bir-ali-ben-khalifa\/201804\/"]}]},{"@type":"ImageObject","inLanguage":"fr-FR","@id":"https:\/\/www.webdo.tn\/fr\/actualite\/national\/tunisie-un-dangereux-takfiriste-arrete-a-bir-ali-ben-khalifa\/201804\/#primaryimage","url":"https:\/\/www.webdo.tn\/fr\/wp-content\/uploads\/2023\/01\/3c27e7e061ece5e92a3f35ada82f25da.jpg","contentUrl":"https:\/\/www.webdo.tn\/fr\/wp-content\/uploads\/2023\/01\/3c27e7e061ece5e92a3f35ada82f25da.jpg","width":750,"height":400,"caption":"Tunisie : Un \"dangereux takfiriste\" arr\u00eat\u00e9 \u00e0 Bir Ali Ben Khelifa"},{"@type":"BreadcrumbList","@id":"https:\/\/www.webdo.tn\/fr\/actualite\/national\/tunisie-un-dangereux-takfiriste-arrete-a-bir-ali-ben-khalifa\/201804\/#breadcrumb","itemListElement":[{"@type":"ListItem","position":1,"name":"Accueil","item":"https:\/\/www.webdo.tn\/fr\/"},{"@type":"ListItem","position":2,"name":"Tunisie : Un \u00ab\u00a0dangereux takfiriste\u00a0\u00bb arr\u00eat\u00e9 \u00e0 Bir Ali Ben Khelifa"}]},{"@type":"WebSite","@id":"https:\/\/www.webdo.tn\/fr\/#website","url":"https:\/\/www.webdo.tn\/fr\/","name":"webdo","description":"Tunisie - News en Tunisie et \u00e0 l&#039;international sur Webdo.tn","publisher":{"@id":"https:\/\/www.webdo.tn\/fr\/#organization"},"potentialAction":[{"@type":"SearchAction","target":{"@type":"EntryPoint","urlTemplate":"https:\/\/www.webdo.tn\/fr\/?s={search_term_string}"},"query-input":{"@type":"PropertyValueSpecification","valueRequired":true,"valueName":"search_term_string"}}],"inLanguage":"fr-FR"},{"@type":"Organization","@id":"https:\/\/www.webdo.tn\/fr\/#organization","name":"Webdo","alternateName":"Webdo.tn","url":"https:\/\/www.webdo.tn\/fr\/","logo":{"@type":"ImageObject","inLanguage":"fr-FR","@id":"https:\/\/www.webdo.tn\/fr\/#\/schema\/logo\/image\/","url":"https:\/\/www.webdo.tn\/fr\/wp-content\/uploads\/2025\/06\/Webdo-Tunisie_168377.jpg","contentUrl":"https:\/\/www.webdo.tn\/fr\/wp-content\/uploads\/2025\/06\/Webdo-Tunisie_168377.jpg","width":301,"height":301,"caption":"Webdo"},"image":{"@id":"https:\/\/www.webdo.tn\/fr\/#\/schema\/logo\/image\/"},"sameAs":["https:\/\/www.facebook.com\/webdotn","https:\/\/x.com\/webdo_tn"],"description":"Webdo est un m\u00e9dia num\u00e9rique tunisien fond\u00e9 en 2010, sp\u00e9cialis\u00e9 dans l\u2019actualit\u00e9 nationale et internationale, l\u2019\u00e9conomie, la soci\u00e9t\u00e9 et les analyses politiques. Le site s\u2019adresse \u00e0 un large public francophone et couvre l\u2019information tunisienne en temps r\u00e9el.","email":"redac@webdo.tn","legalName":"YNJ SARL","foundingDate":"2010-09-06","numberOfEmployees":{"@type":"QuantitativeValue","minValue":"11","maxValue":"50"}},{"@type":"Person","@id":"https:\/\/www.webdo.tn\/fr\/#\/schema\/person\/2c4929cbf5a809e3bd38617c6ce150f6","name":"MC","image":{"@type":"ImageObject","inLanguage":"fr-FR","@id":"https:\/\/secure.gravatar.com\/avatar\/a545bbb6f84efdd5553dbbc2895e3ca8f1d12c5215e00a041c9670b54aa9b18a?s=96&d=mm&r=g","url":"https:\/\/secure.gravatar.com\/avatar\/a545bbb6f84efdd5553dbbc2895e3ca8f1d12c5215e00a041c9670b54aa9b18a?s=96&d=mm&r=g","contentUrl":"https:\/\/secure.gravatar.com\/avatar\/a545bbb6f84efdd5553dbbc2895e3ca8f1d12c5215e00a041c9670b54aa9b18a?s=96&d=mm&r=g","caption":"MC"},"url":"https:\/\/www.webdo.tn\/fr\/actualite\/author\/mc\/"}]}},"_links":{"self":[{"href":"https:\/\/www.webdo.tn\/fr\/wp-json\/wp\/v2\/posts\/201804","targetHints":{"allow":["GET"]}}],"collection":[{"href":"https:\/\/www.webdo.tn\/fr\/wp-json\/wp\/v2\/posts"}],"about":[{"href":"https:\/\/www.webdo.tn\/fr\/wp-json\/wp\/v2\/types\/post"}],"author":[{"embeddable":true,"href":"https:\/\/www.webdo.tn\/fr\/wp-json\/wp\/v2\/users\/3162"}],"replies":[{"embeddable":true,"href":"https:\/\/www.webdo.tn\/fr\/wp-json\/wp\/v2\/comments?post=201804"}],"version-history":[{"count":0,"href":"https:\/\/www.webdo.tn\/fr\/wp-json\/wp\/v2\/posts\/201804\/revisions"}],"wp:featuredmedia":[{"embeddable":true,"href":"https:\/\/www.webdo.tn\/fr\/wp-json\/wp\/v2\/media\/277568"}],"wp:attachment":[{"href":"https:\/\/www.webdo.tn\/fr\/wp-json\/wp\/v2\/media?parent=201804"}],"wp:term":[{"taxonomy":"category","embeddable":true,"href":"https:\/\/www.webdo.tn\/fr\/wp-json\/wp\/v2\/categories?post=201804"},{"taxonomy":"post_tag","embeddable":true,"href":"https:\/\/www.webdo.tn\/fr\/wp-json\/wp\/v2\/tags?post=201804"}],"curies":[{"name":"wp","href":"https:\/\/api.w.org\/{rel}","templated":true}]}}