{"id":201749,"date":"2023-01-11T19:21:00","date_gmt":"2023-01-11T19:21:00","guid":{"rendered":"https:\/\/www.webdo.tn\/fr\/blog\/l-ansi-met-en-garde-contre-l-existence-de-vulnerabilites-critiques-dans-les-systemes-microsoft-windows\/201749\/"},"modified":"2025-05-20T22:06:49","modified_gmt":"2025-05-20T22:06:49","slug":"l-ansi-met-en-garde-contre-l-existence-de-vulnerabilites-critiques-dans-les-systemes-microsoft-windows","status":"publish","type":"post","link":"https:\/\/www.webdo.tn\/fr\/actualite\/divers\/l-ansi-met-en-garde-contre-l-existence-de-vulnerabilites-critiques-dans-les-systemes-microsoft-windows\/201749\/","title":{"rendered":"L&rsquo;ANSI met en garde contre l&rsquo;existence de vuln\u00e9rabilit\u00e9s critiques dans les syst\u00e8mes Microsoft Windows"},"content":{"rendered":"<p>L\u2019Agence Nationale de la s\u00e9curit\u00e9 Informatique (ANSI) a mis en garde, ce mercredi 11 janvier 2023, contre l\u2019existence de vuln\u00e9rabilit\u00e9s \u00ab\u00a0tr\u00e8s critiques\u00a0\u00bb d\u00e9couvertes dans les syst\u00e8mes d&rsquo;exploitation Microsoft Windows.<\/p>\n<p>\t\t\t\t\t\t\t\t\tL\u2019exploitation de ces failles pourrait permettre \u00e0 un attaquant distant d&rsquo;acc\u00e9der \u00e0 des donn\u00e9es sensibles voire de prendre le contr\u00f4le total d\u2019un syst\u00e8me d\u00e9faillant, a pr\u00e9venu l\u2019ANSI sur sa page Facebook.<\/p>\n<p>L&rsquo;ANSI appelle ainsi \u00e0 activer les mises \u00e0 jour automatiques des syst\u00e8mes Microsoft Windows afin de lutter contre ces vuln\u00e9rabilit\u00e9s.<\/p>\n","protected":false},"excerpt":{"rendered":"<p>L\u2019Agence Nationale de la s\u00e9curit\u00e9 Informatique (ANSI) a mis en garde, ce mercredi 11 janvier 2023, contre l\u2019existence de vuln\u00e9rabilit\u00e9s  tr\u00e8s critiques  d\u00e9couve&#8230;<\/p>\n","protected":false},"author":3162,"featured_media":277544,"comment_status":"open","ping_status":"closed","sticky":false,"template":"","format":"standard","meta":{"footnotes":""},"categories":[2839],"tags":[4356,9255],"class_list":["post-201749","post","type-post","status-publish","format-standard","has-post-thumbnail","hentry","category-divers","tag-microsoft","tag-windows"],"yoast_head":"<!-- This site is optimized with the Yoast SEO Premium plugin v27.4 (Yoast SEO v27.5) - https:\/\/yoast.com\/product\/yoast-seo-premium-wordpress\/ -->\n<title>L&#039;ANSI met en garde contre l&#039;existence de vuln\u00e9rabilit\u00e9s critiques dans les syst\u00e8mes Microsoft Windows<\/title>\n<meta name=\"description\" content=\"L\u2019Agence Nationale de la s\u00e9curit\u00e9 Informatique (ANSI) a mis en garde, ce mercredi 11 janvier 2023, contre l\u2019existence de vuln\u00e9rabilit\u00e9s tr\u00e8s critiques d\u00e9couve...\" \/>\n<link rel=\"canonical\" href=\"https:\/\/www.webdo.tn\/fr\/actualite\/divers\/l-ansi-met-en-garde-contre-l-existence-de-vulnerabilites-critiques-dans-les-systemes-microsoft-windows\/201749\/\" \/>\n<meta property=\"og:locale\" content=\"fr_FR\" \/>\n<meta property=\"og:type\" content=\"article\" \/>\n<meta property=\"og:title\" content=\"L&#039;ANSI met en garde contre l&#039;existence de vuln\u00e9rabilit\u00e9s critiques dans les syst\u00e8mes Microsoft Windows\" \/>\n<meta property=\"og:description\" content=\"L\u2019Agence Nationale de la s\u00e9curit\u00e9 Informatique (ANSI) a mis en garde, ce mercredi 11 janvier 2023, contre l\u2019existence de vuln\u00e9rabilit\u00e9s tr\u00e8s critiques d\u00e9couve...\" \/>\n<meta property=\"og:url\" content=\"https:\/\/www.webdo.tn\/fr\/actualite\/divers\/l-ansi-met-en-garde-contre-l-existence-de-vulnerabilites-critiques-dans-les-systemes-microsoft-windows\/201749\/\" \/>\n<meta property=\"og:site_name\" content=\"webdo\" \/>\n<meta property=\"article:publisher\" content=\"https:\/\/www.facebook.com\/webdotn\" \/>\n<meta property=\"article:published_time\" content=\"2023-01-11T19:21:00+00:00\" \/>\n<meta property=\"article:modified_time\" content=\"2025-05-20T22:06:49+00:00\" \/>\n<meta property=\"og:image\" content=\"https:\/\/www.webdo.tn\/fr\/wp-content\/uploads\/2023\/01\/a0aeb44d2ceef854d8aadc9d037db24d.png\" \/>\n\t<meta property=\"og:image:width\" content=\"640\" \/>\n\t<meta property=\"og:image:height\" content=\"341\" \/>\n\t<meta property=\"og:image:type\" content=\"image\/png\" \/>\n<meta name=\"author\" content=\"MC\" \/>\n<meta name=\"twitter:card\" content=\"summary_large_image\" \/>\n<meta name=\"twitter:creator\" content=\"@webdo_tn\" \/>\n<meta name=\"twitter:site\" content=\"@webdo_tn\" \/>\n<meta name=\"twitter:label1\" content=\"\u00c9crit par\" \/>\n\t<meta name=\"twitter:data1\" content=\"MC\" \/>\n<script type=\"application\/ld+json\" class=\"yoast-schema-graph\">{\"@context\":\"https:\\\/\\\/schema.org\",\"@graph\":[{\"@type\":\"NewsArticle\",\"@id\":\"https:\\\/\\\/www.webdo.tn\\\/fr\\\/actualite\\\/divers\\\/l-ansi-met-en-garde-contre-l-existence-de-vulnerabilites-critiques-dans-les-systemes-microsoft-windows\\\/201749\\\/#article\",\"isPartOf\":{\"@id\":\"https:\\\/\\\/www.webdo.tn\\\/fr\\\/actualite\\\/divers\\\/l-ansi-met-en-garde-contre-l-existence-de-vulnerabilites-critiques-dans-les-systemes-microsoft-windows\\\/201749\\\/\"},\"author\":{\"name\":\"MC\",\"@id\":\"https:\\\/\\\/www.webdo.tn\\\/fr\\\/#\\\/schema\\\/person\\\/2c4929cbf5a809e3bd38617c6ce150f6\"},\"headline\":\"L&rsquo;ANSI met en garde contre l&rsquo;existence de vuln\u00e9rabilit\u00e9s critiques dans les syst\u00e8mes Microsoft Windows\",\"datePublished\":\"2023-01-11T19:21:00+00:00\",\"dateModified\":\"2025-05-20T22:06:49+00:00\",\"mainEntityOfPage\":{\"@id\":\"https:\\\/\\\/www.webdo.tn\\\/fr\\\/actualite\\\/divers\\\/l-ansi-met-en-garde-contre-l-existence-de-vulnerabilites-critiques-dans-les-systemes-microsoft-windows\\\/201749\\\/\"},\"wordCount\":116,\"commentCount\":0,\"publisher\":{\"@id\":\"https:\\\/\\\/www.webdo.tn\\\/fr\\\/#organization\"},\"image\":{\"@id\":\"https:\\\/\\\/www.webdo.tn\\\/fr\\\/actualite\\\/divers\\\/l-ansi-met-en-garde-contre-l-existence-de-vulnerabilites-critiques-dans-les-systemes-microsoft-windows\\\/201749\\\/#primaryimage\"},\"thumbnailUrl\":\"https:\\\/\\\/www.webdo.tn\\\/fr\\\/wp-content\\\/uploads\\\/2023\\\/01\\\/a0aeb44d2ceef854d8aadc9d037db24d.png\",\"keywords\":[\"microsoft\",\"windows\"],\"articleSection\":[\"Divers\"],\"inLanguage\":\"fr-FR\"},{\"@type\":\"WebPage\",\"@id\":\"https:\\\/\\\/www.webdo.tn\\\/fr\\\/actualite\\\/divers\\\/l-ansi-met-en-garde-contre-l-existence-de-vulnerabilites-critiques-dans-les-systemes-microsoft-windows\\\/201749\\\/\",\"url\":\"https:\\\/\\\/www.webdo.tn\\\/fr\\\/actualite\\\/divers\\\/l-ansi-met-en-garde-contre-l-existence-de-vulnerabilites-critiques-dans-les-systemes-microsoft-windows\\\/201749\\\/\",\"name\":\"L'ANSI met en garde contre l'existence de vuln\u00e9rabilit\u00e9s critiques dans les syst\u00e8mes Microsoft Windows\",\"isPartOf\":{\"@id\":\"https:\\\/\\\/www.webdo.tn\\\/fr\\\/#website\"},\"primaryImageOfPage\":{\"@id\":\"https:\\\/\\\/www.webdo.tn\\\/fr\\\/actualite\\\/divers\\\/l-ansi-met-en-garde-contre-l-existence-de-vulnerabilites-critiques-dans-les-systemes-microsoft-windows\\\/201749\\\/#primaryimage\"},\"image\":{\"@id\":\"https:\\\/\\\/www.webdo.tn\\\/fr\\\/actualite\\\/divers\\\/l-ansi-met-en-garde-contre-l-existence-de-vulnerabilites-critiques-dans-les-systemes-microsoft-windows\\\/201749\\\/#primaryimage\"},\"thumbnailUrl\":\"https:\\\/\\\/www.webdo.tn\\\/fr\\\/wp-content\\\/uploads\\\/2023\\\/01\\\/a0aeb44d2ceef854d8aadc9d037db24d.png\",\"datePublished\":\"2023-01-11T19:21:00+00:00\",\"dateModified\":\"2025-05-20T22:06:49+00:00\",\"description\":\"L\u2019Agence Nationale de la s\u00e9curit\u00e9 Informatique (ANSI) a mis en garde, ce mercredi 11 janvier 2023, contre l\u2019existence de vuln\u00e9rabilit\u00e9s tr\u00e8s critiques d\u00e9couve...\",\"breadcrumb\":{\"@id\":\"https:\\\/\\\/www.webdo.tn\\\/fr\\\/actualite\\\/divers\\\/l-ansi-met-en-garde-contre-l-existence-de-vulnerabilites-critiques-dans-les-systemes-microsoft-windows\\\/201749\\\/#breadcrumb\"},\"inLanguage\":\"fr-FR\",\"potentialAction\":[{\"@type\":\"ReadAction\",\"target\":[\"https:\\\/\\\/www.webdo.tn\\\/fr\\\/actualite\\\/divers\\\/l-ansi-met-en-garde-contre-l-existence-de-vulnerabilites-critiques-dans-les-systemes-microsoft-windows\\\/201749\\\/\"]}]},{\"@type\":\"ImageObject\",\"inLanguage\":\"fr-FR\",\"@id\":\"https:\\\/\\\/www.webdo.tn\\\/fr\\\/actualite\\\/divers\\\/l-ansi-met-en-garde-contre-l-existence-de-vulnerabilites-critiques-dans-les-systemes-microsoft-windows\\\/201749\\\/#primaryimage\",\"url\":\"https:\\\/\\\/www.webdo.tn\\\/fr\\\/wp-content\\\/uploads\\\/2023\\\/01\\\/a0aeb44d2ceef854d8aadc9d037db24d.png\",\"contentUrl\":\"https:\\\/\\\/www.webdo.tn\\\/fr\\\/wp-content\\\/uploads\\\/2023\\\/01\\\/a0aeb44d2ceef854d8aadc9d037db24d.png\",\"width\":640,\"height\":341,\"caption\":\"L'ANSI met en garde contre l'existence de vuln\u00e9rabilit\u00e9s critiques dans les syst\u00e8mes Microsoft Windows\"},{\"@type\":\"BreadcrumbList\",\"@id\":\"https:\\\/\\\/www.webdo.tn\\\/fr\\\/actualite\\\/divers\\\/l-ansi-met-en-garde-contre-l-existence-de-vulnerabilites-critiques-dans-les-systemes-microsoft-windows\\\/201749\\\/#breadcrumb\",\"itemListElement\":[{\"@type\":\"ListItem\",\"position\":1,\"name\":\"Accueil\",\"item\":\"https:\\\/\\\/www.webdo.tn\\\/fr\\\/\"},{\"@type\":\"ListItem\",\"position\":2,\"name\":\"L&rsquo;ANSI met en garde contre l&rsquo;existence de vuln\u00e9rabilit\u00e9s critiques dans les syst\u00e8mes Microsoft Windows\"}]},{\"@type\":\"WebSite\",\"@id\":\"https:\\\/\\\/www.webdo.tn\\\/fr\\\/#website\",\"url\":\"https:\\\/\\\/www.webdo.tn\\\/fr\\\/\",\"name\":\"webdo\",\"description\":\"Tunisie - News en Tunisie et \u00e0 l&#039;international sur Webdo.tn\",\"publisher\":{\"@id\":\"https:\\\/\\\/www.webdo.tn\\\/fr\\\/#organization\"},\"potentialAction\":[{\"@type\":\"SearchAction\",\"target\":{\"@type\":\"EntryPoint\",\"urlTemplate\":\"https:\\\/\\\/www.webdo.tn\\\/fr\\\/?s={search_term_string}\"},\"query-input\":{\"@type\":\"PropertyValueSpecification\",\"valueRequired\":true,\"valueName\":\"search_term_string\"}}],\"inLanguage\":\"fr-FR\"},{\"@type\":\"Organization\",\"@id\":\"https:\\\/\\\/www.webdo.tn\\\/fr\\\/#organization\",\"name\":\"Webdo\",\"alternateName\":\"Webdo.tn\",\"url\":\"https:\\\/\\\/www.webdo.tn\\\/fr\\\/\",\"logo\":{\"@type\":\"ImageObject\",\"inLanguage\":\"fr-FR\",\"@id\":\"https:\\\/\\\/www.webdo.tn\\\/fr\\\/#\\\/schema\\\/logo\\\/image\\\/\",\"url\":\"https:\\\/\\\/www.webdo.tn\\\/fr\\\/wp-content\\\/uploads\\\/2025\\\/06\\\/Webdo-Tunisie_168377.jpg\",\"contentUrl\":\"https:\\\/\\\/www.webdo.tn\\\/fr\\\/wp-content\\\/uploads\\\/2025\\\/06\\\/Webdo-Tunisie_168377.jpg\",\"width\":301,\"height\":301,\"caption\":\"Webdo\"},\"image\":{\"@id\":\"https:\\\/\\\/www.webdo.tn\\\/fr\\\/#\\\/schema\\\/logo\\\/image\\\/\"},\"sameAs\":[\"https:\\\/\\\/www.facebook.com\\\/webdotn\",\"https:\\\/\\\/x.com\\\/webdo_tn\"],\"description\":\"Webdo est un m\u00e9dia num\u00e9rique tunisien fond\u00e9 en 2010, sp\u00e9cialis\u00e9 dans l\u2019actualit\u00e9 nationale et internationale, l\u2019\u00e9conomie, la soci\u00e9t\u00e9 et les analyses politiques. Le site s\u2019adresse \u00e0 un large public francophone et couvre l\u2019information tunisienne en temps r\u00e9el.\",\"email\":\"redac@webdo.tn\",\"legalName\":\"YNJ SARL\",\"foundingDate\":\"2010-09-06\",\"numberOfEmployees\":{\"@type\":\"QuantitativeValue\",\"minValue\":\"11\",\"maxValue\":\"50\"}},{\"@type\":\"Person\",\"@id\":\"https:\\\/\\\/www.webdo.tn\\\/fr\\\/#\\\/schema\\\/person\\\/2c4929cbf5a809e3bd38617c6ce150f6\",\"name\":\"MC\",\"image\":{\"@type\":\"ImageObject\",\"inLanguage\":\"fr-FR\",\"@id\":\"https:\\\/\\\/secure.gravatar.com\\\/avatar\\\/a545bbb6f84efdd5553dbbc2895e3ca8f1d12c5215e00a041c9670b54aa9b18a?s=96&d=mm&r=g\",\"url\":\"https:\\\/\\\/secure.gravatar.com\\\/avatar\\\/a545bbb6f84efdd5553dbbc2895e3ca8f1d12c5215e00a041c9670b54aa9b18a?s=96&d=mm&r=g\",\"contentUrl\":\"https:\\\/\\\/secure.gravatar.com\\\/avatar\\\/a545bbb6f84efdd5553dbbc2895e3ca8f1d12c5215e00a041c9670b54aa9b18a?s=96&d=mm&r=g\",\"caption\":\"MC\"},\"url\":\"https:\\\/\\\/www.webdo.tn\\\/fr\\\/actualite\\\/author\\\/mc\\\/\"}]}<\/script>\n<!-- \/ Yoast SEO Premium plugin. -->","yoast_head_json":{"title":"L'ANSI met en garde contre l'existence de vuln\u00e9rabilit\u00e9s critiques dans les syst\u00e8mes Microsoft Windows","description":"L\u2019Agence Nationale de la s\u00e9curit\u00e9 Informatique (ANSI) a mis en garde, ce mercredi 11 janvier 2023, contre l\u2019existence de vuln\u00e9rabilit\u00e9s tr\u00e8s critiques d\u00e9couve...","canonical":"https:\/\/www.webdo.tn\/fr\/actualite\/divers\/l-ansi-met-en-garde-contre-l-existence-de-vulnerabilites-critiques-dans-les-systemes-microsoft-windows\/201749\/","og_locale":"fr_FR","og_type":"article","og_title":"L'ANSI met en garde contre l'existence de vuln\u00e9rabilit\u00e9s critiques dans les syst\u00e8mes Microsoft Windows","og_description":"L\u2019Agence Nationale de la s\u00e9curit\u00e9 Informatique (ANSI) a mis en garde, ce mercredi 11 janvier 2023, contre l\u2019existence de vuln\u00e9rabilit\u00e9s tr\u00e8s critiques d\u00e9couve...","og_url":"https:\/\/www.webdo.tn\/fr\/actualite\/divers\/l-ansi-met-en-garde-contre-l-existence-de-vulnerabilites-critiques-dans-les-systemes-microsoft-windows\/201749\/","og_site_name":"webdo","article_publisher":"https:\/\/www.facebook.com\/webdotn","article_published_time":"2023-01-11T19:21:00+00:00","article_modified_time":"2025-05-20T22:06:49+00:00","og_image":[{"width":640,"height":341,"url":"https:\/\/www.webdo.tn\/fr\/wp-content\/uploads\/2023\/01\/a0aeb44d2ceef854d8aadc9d037db24d.png","type":"image\/png"}],"author":"MC","twitter_card":"summary_large_image","twitter_creator":"@webdo_tn","twitter_site":"@webdo_tn","twitter_misc":{"\u00c9crit par":"MC"},"schema":{"@context":"https:\/\/schema.org","@graph":[{"@type":"NewsArticle","@id":"https:\/\/www.webdo.tn\/fr\/actualite\/divers\/l-ansi-met-en-garde-contre-l-existence-de-vulnerabilites-critiques-dans-les-systemes-microsoft-windows\/201749\/#article","isPartOf":{"@id":"https:\/\/www.webdo.tn\/fr\/actualite\/divers\/l-ansi-met-en-garde-contre-l-existence-de-vulnerabilites-critiques-dans-les-systemes-microsoft-windows\/201749\/"},"author":{"name":"MC","@id":"https:\/\/www.webdo.tn\/fr\/#\/schema\/person\/2c4929cbf5a809e3bd38617c6ce150f6"},"headline":"L&rsquo;ANSI met en garde contre l&rsquo;existence de vuln\u00e9rabilit\u00e9s critiques dans les syst\u00e8mes Microsoft Windows","datePublished":"2023-01-11T19:21:00+00:00","dateModified":"2025-05-20T22:06:49+00:00","mainEntityOfPage":{"@id":"https:\/\/www.webdo.tn\/fr\/actualite\/divers\/l-ansi-met-en-garde-contre-l-existence-de-vulnerabilites-critiques-dans-les-systemes-microsoft-windows\/201749\/"},"wordCount":116,"commentCount":0,"publisher":{"@id":"https:\/\/www.webdo.tn\/fr\/#organization"},"image":{"@id":"https:\/\/www.webdo.tn\/fr\/actualite\/divers\/l-ansi-met-en-garde-contre-l-existence-de-vulnerabilites-critiques-dans-les-systemes-microsoft-windows\/201749\/#primaryimage"},"thumbnailUrl":"https:\/\/www.webdo.tn\/fr\/wp-content\/uploads\/2023\/01\/a0aeb44d2ceef854d8aadc9d037db24d.png","keywords":["microsoft","windows"],"articleSection":["Divers"],"inLanguage":"fr-FR"},{"@type":"WebPage","@id":"https:\/\/www.webdo.tn\/fr\/actualite\/divers\/l-ansi-met-en-garde-contre-l-existence-de-vulnerabilites-critiques-dans-les-systemes-microsoft-windows\/201749\/","url":"https:\/\/www.webdo.tn\/fr\/actualite\/divers\/l-ansi-met-en-garde-contre-l-existence-de-vulnerabilites-critiques-dans-les-systemes-microsoft-windows\/201749\/","name":"L'ANSI met en garde contre l'existence de vuln\u00e9rabilit\u00e9s critiques dans les syst\u00e8mes Microsoft Windows","isPartOf":{"@id":"https:\/\/www.webdo.tn\/fr\/#website"},"primaryImageOfPage":{"@id":"https:\/\/www.webdo.tn\/fr\/actualite\/divers\/l-ansi-met-en-garde-contre-l-existence-de-vulnerabilites-critiques-dans-les-systemes-microsoft-windows\/201749\/#primaryimage"},"image":{"@id":"https:\/\/www.webdo.tn\/fr\/actualite\/divers\/l-ansi-met-en-garde-contre-l-existence-de-vulnerabilites-critiques-dans-les-systemes-microsoft-windows\/201749\/#primaryimage"},"thumbnailUrl":"https:\/\/www.webdo.tn\/fr\/wp-content\/uploads\/2023\/01\/a0aeb44d2ceef854d8aadc9d037db24d.png","datePublished":"2023-01-11T19:21:00+00:00","dateModified":"2025-05-20T22:06:49+00:00","description":"L\u2019Agence Nationale de la s\u00e9curit\u00e9 Informatique (ANSI) a mis en garde, ce mercredi 11 janvier 2023, contre l\u2019existence de vuln\u00e9rabilit\u00e9s tr\u00e8s critiques d\u00e9couve...","breadcrumb":{"@id":"https:\/\/www.webdo.tn\/fr\/actualite\/divers\/l-ansi-met-en-garde-contre-l-existence-de-vulnerabilites-critiques-dans-les-systemes-microsoft-windows\/201749\/#breadcrumb"},"inLanguage":"fr-FR","potentialAction":[{"@type":"ReadAction","target":["https:\/\/www.webdo.tn\/fr\/actualite\/divers\/l-ansi-met-en-garde-contre-l-existence-de-vulnerabilites-critiques-dans-les-systemes-microsoft-windows\/201749\/"]}]},{"@type":"ImageObject","inLanguage":"fr-FR","@id":"https:\/\/www.webdo.tn\/fr\/actualite\/divers\/l-ansi-met-en-garde-contre-l-existence-de-vulnerabilites-critiques-dans-les-systemes-microsoft-windows\/201749\/#primaryimage","url":"https:\/\/www.webdo.tn\/fr\/wp-content\/uploads\/2023\/01\/a0aeb44d2ceef854d8aadc9d037db24d.png","contentUrl":"https:\/\/www.webdo.tn\/fr\/wp-content\/uploads\/2023\/01\/a0aeb44d2ceef854d8aadc9d037db24d.png","width":640,"height":341,"caption":"L'ANSI met en garde contre l'existence de vuln\u00e9rabilit\u00e9s critiques dans les syst\u00e8mes Microsoft Windows"},{"@type":"BreadcrumbList","@id":"https:\/\/www.webdo.tn\/fr\/actualite\/divers\/l-ansi-met-en-garde-contre-l-existence-de-vulnerabilites-critiques-dans-les-systemes-microsoft-windows\/201749\/#breadcrumb","itemListElement":[{"@type":"ListItem","position":1,"name":"Accueil","item":"https:\/\/www.webdo.tn\/fr\/"},{"@type":"ListItem","position":2,"name":"L&rsquo;ANSI met en garde contre l&rsquo;existence de vuln\u00e9rabilit\u00e9s critiques dans les syst\u00e8mes Microsoft Windows"}]},{"@type":"WebSite","@id":"https:\/\/www.webdo.tn\/fr\/#website","url":"https:\/\/www.webdo.tn\/fr\/","name":"webdo","description":"Tunisie - News en Tunisie et \u00e0 l&#039;international sur Webdo.tn","publisher":{"@id":"https:\/\/www.webdo.tn\/fr\/#organization"},"potentialAction":[{"@type":"SearchAction","target":{"@type":"EntryPoint","urlTemplate":"https:\/\/www.webdo.tn\/fr\/?s={search_term_string}"},"query-input":{"@type":"PropertyValueSpecification","valueRequired":true,"valueName":"search_term_string"}}],"inLanguage":"fr-FR"},{"@type":"Organization","@id":"https:\/\/www.webdo.tn\/fr\/#organization","name":"Webdo","alternateName":"Webdo.tn","url":"https:\/\/www.webdo.tn\/fr\/","logo":{"@type":"ImageObject","inLanguage":"fr-FR","@id":"https:\/\/www.webdo.tn\/fr\/#\/schema\/logo\/image\/","url":"https:\/\/www.webdo.tn\/fr\/wp-content\/uploads\/2025\/06\/Webdo-Tunisie_168377.jpg","contentUrl":"https:\/\/www.webdo.tn\/fr\/wp-content\/uploads\/2025\/06\/Webdo-Tunisie_168377.jpg","width":301,"height":301,"caption":"Webdo"},"image":{"@id":"https:\/\/www.webdo.tn\/fr\/#\/schema\/logo\/image\/"},"sameAs":["https:\/\/www.facebook.com\/webdotn","https:\/\/x.com\/webdo_tn"],"description":"Webdo est un m\u00e9dia num\u00e9rique tunisien fond\u00e9 en 2010, sp\u00e9cialis\u00e9 dans l\u2019actualit\u00e9 nationale et internationale, l\u2019\u00e9conomie, la soci\u00e9t\u00e9 et les analyses politiques. Le site s\u2019adresse \u00e0 un large public francophone et couvre l\u2019information tunisienne en temps r\u00e9el.","email":"redac@webdo.tn","legalName":"YNJ SARL","foundingDate":"2010-09-06","numberOfEmployees":{"@type":"QuantitativeValue","minValue":"11","maxValue":"50"}},{"@type":"Person","@id":"https:\/\/www.webdo.tn\/fr\/#\/schema\/person\/2c4929cbf5a809e3bd38617c6ce150f6","name":"MC","image":{"@type":"ImageObject","inLanguage":"fr-FR","@id":"https:\/\/secure.gravatar.com\/avatar\/a545bbb6f84efdd5553dbbc2895e3ca8f1d12c5215e00a041c9670b54aa9b18a?s=96&d=mm&r=g","url":"https:\/\/secure.gravatar.com\/avatar\/a545bbb6f84efdd5553dbbc2895e3ca8f1d12c5215e00a041c9670b54aa9b18a?s=96&d=mm&r=g","contentUrl":"https:\/\/secure.gravatar.com\/avatar\/a545bbb6f84efdd5553dbbc2895e3ca8f1d12c5215e00a041c9670b54aa9b18a?s=96&d=mm&r=g","caption":"MC"},"url":"https:\/\/www.webdo.tn\/fr\/actualite\/author\/mc\/"}]}},"_links":{"self":[{"href":"https:\/\/www.webdo.tn\/fr\/wp-json\/wp\/v2\/posts\/201749","targetHints":{"allow":["GET"]}}],"collection":[{"href":"https:\/\/www.webdo.tn\/fr\/wp-json\/wp\/v2\/posts"}],"about":[{"href":"https:\/\/www.webdo.tn\/fr\/wp-json\/wp\/v2\/types\/post"}],"author":[{"embeddable":true,"href":"https:\/\/www.webdo.tn\/fr\/wp-json\/wp\/v2\/users\/3162"}],"replies":[{"embeddable":true,"href":"https:\/\/www.webdo.tn\/fr\/wp-json\/wp\/v2\/comments?post=201749"}],"version-history":[{"count":0,"href":"https:\/\/www.webdo.tn\/fr\/wp-json\/wp\/v2\/posts\/201749\/revisions"}],"wp:featuredmedia":[{"embeddable":true,"href":"https:\/\/www.webdo.tn\/fr\/wp-json\/wp\/v2\/media\/277544"}],"wp:attachment":[{"href":"https:\/\/www.webdo.tn\/fr\/wp-json\/wp\/v2\/media?parent=201749"}],"wp:term":[{"taxonomy":"category","embeddable":true,"href":"https:\/\/www.webdo.tn\/fr\/wp-json\/wp\/v2\/categories?post=201749"},{"taxonomy":"post_tag","embeddable":true,"href":"https:\/\/www.webdo.tn\/fr\/wp-json\/wp\/v2\/tags?post=201749"}],"curies":[{"name":"wp","href":"https:\/\/api.w.org\/{rel}","templated":true}]}}