{"id":201727,"date":"2023-01-11T11:30:00","date_gmt":"2023-01-11T11:30:00","guid":{"rendered":"https:\/\/www.webdo.tn\/fr\/blog\/tunisie-vers-une-greve-generale-dans-le-secteur-des-medias\/201727\/"},"modified":"2025-05-20T22:46:10","modified_gmt":"2025-05-20T22:46:10","slug":"tunisie-vers-une-greve-generale-dans-le-secteur-des-medias","status":"publish","type":"post","link":"https:\/\/www.webdo.tn\/fr\/actualite\/national\/tunisie-vers-une-greve-generale-dans-le-secteur-des-medias\/201727\/","title":{"rendered":"Tunisie : Vers une gr\u00e8ve g\u00e9n\u00e9rale dans le secteur des m\u00e9dias ?"},"content":{"rendered":"<p>Le secteur des m\u00e9dias est en pleine effervescence. Et pour cause, la d\u00e9t\u00e9rioration des conditions socio-professionnelles des journalistes et l\u2019atteinte \u00e0 la libert\u00e9 d\u2019expression comme le confirme le syndicat national des journalistes tunisiens.<\/p>\n<p>\t\t\t\t\t\t\t\t\tLe pr\u00e9sident du SNJT Mohamed Yassine Jelassi a annonc\u00e9 ce mercredi 11 janvier 2023 qu\u2019il est envisageable d\u2019observer une gr\u00e8ve g\u00e9n\u00e9rale dans le secteur des m\u00e9dias ainsi que des gr\u00e8ves sectorielles pour revendiquer les droits des journalistes.\u00a0<\/p>\n<p>S\u2019exprimant sur les ondes de Shems FM, il a affirm\u00e9 \u00e9galement que les journalistes se dirigent vers l\u2019observation de sit-in devant les institutions de l\u2019Etat pour r\u00e9clamer la fin de cette p\u00e9riode marqu\u00e9e, selon ses dires, par la d\u00e9t\u00e9rioration de tout le secteur.\u00a0<\/p>\n<p>Pour le SNJT, les journalistes luttent aujourd\u2019hui pour avoir leur salaire et non plus pour revendiquer de meilleures conditions socio-professionnelles.<\/p>\n","protected":false},"excerpt":{"rendered":"<p>Le secteur des m\u00e9dias est en pleine effervescence. Et pour cause, la d\u00e9t\u00e9rioration des conditions socio-professionnelles des journalistes et l\u2019atteinte \u00e0 la lib&#8230;<\/p>\n","protected":false},"author":3175,"featured_media":252560,"comment_status":"open","ping_status":"closed","sticky":false,"template":"","format":"standard","meta":{"footnotes":""},"categories":[44],"tags":[2782,2943,2608],"class_list":["post-201727","post","type-post","status-publish","format-standard","has-post-thumbnail","hentry","category-national","tag-greve-generale","tag-medias","tag-tunisie"],"yoast_head":"<!-- This site is optimized with the Yoast SEO Premium plugin v27.4 (Yoast SEO v27.5) - https:\/\/yoast.com\/product\/yoast-seo-premium-wordpress\/ -->\n<title>Tunisie : Vers une gr\u00e8ve g\u00e9n\u00e9rale dans le secteur des m\u00e9dias ?<\/title>\n<meta name=\"description\" content=\"Le secteur des m\u00e9dias est en pleine effervescence. Et pour cause, la d\u00e9t\u00e9rioration des conditions socio-professionnelles des journalistes et l\u2019atteinte \u00e0 la lib...\" \/>\n<link rel=\"canonical\" href=\"https:\/\/www.webdo.tn\/fr\/actualite\/national\/tunisie-vers-une-greve-generale-dans-le-secteur-des-medias\/201727\/\" \/>\n<meta property=\"og:locale\" content=\"fr_FR\" \/>\n<meta property=\"og:type\" content=\"article\" \/>\n<meta property=\"og:title\" content=\"Tunisie : Vers une gr\u00e8ve g\u00e9n\u00e9rale dans le secteur des m\u00e9dias ?\" \/>\n<meta property=\"og:description\" content=\"Le secteur des m\u00e9dias est en pleine effervescence. Et pour cause, la d\u00e9t\u00e9rioration des conditions socio-professionnelles des journalistes et l\u2019atteinte \u00e0 la lib...\" \/>\n<meta property=\"og:url\" content=\"https:\/\/www.webdo.tn\/fr\/actualite\/national\/tunisie-vers-une-greve-generale-dans-le-secteur-des-medias\/201727\/\" \/>\n<meta property=\"og:site_name\" content=\"webdo\" \/>\n<meta property=\"article:publisher\" content=\"https:\/\/www.facebook.com\/webdotn\" \/>\n<meta property=\"article:published_time\" content=\"2023-01-11T11:30:00+00:00\" \/>\n<meta property=\"article:modified_time\" content=\"2025-05-20T22:46:10+00:00\" \/>\n<meta property=\"og:image\" content=\"https:\/\/www.webdo.tn\/fr\/wp-content\/uploads\/2023\/01\/c255d6e06ac0251d20dd591493202f0a.jpg\" \/>\n\t<meta property=\"og:image:width\" content=\"626\" \/>\n\t<meta property=\"og:image:height\" content=\"334\" \/>\n\t<meta property=\"og:image:type\" content=\"image\/jpeg\" \/>\n<meta name=\"author\" content=\"CL\" \/>\n<meta name=\"twitter:card\" content=\"summary_large_image\" \/>\n<meta name=\"twitter:creator\" content=\"@webdo_tn\" \/>\n<meta name=\"twitter:site\" content=\"@webdo_tn\" \/>\n<meta name=\"twitter:label1\" content=\"\u00c9crit par\" \/>\n\t<meta name=\"twitter:data1\" content=\"CL\" \/>\n\t<meta name=\"twitter:label2\" content=\"Dur\u00e9e de lecture estim\u00e9e\" \/>\n\t<meta name=\"twitter:data2\" content=\"1 minute\" \/>\n<script type=\"application\/ld+json\" class=\"yoast-schema-graph\">{\"@context\":\"https:\\\/\\\/schema.org\",\"@graph\":[{\"@type\":\"NewsArticle\",\"@id\":\"https:\\\/\\\/www.webdo.tn\\\/fr\\\/actualite\\\/national\\\/tunisie-vers-une-greve-generale-dans-le-secteur-des-medias\\\/201727\\\/#article\",\"isPartOf\":{\"@id\":\"https:\\\/\\\/www.webdo.tn\\\/fr\\\/actualite\\\/national\\\/tunisie-vers-une-greve-generale-dans-le-secteur-des-medias\\\/201727\\\/\"},\"author\":{\"name\":\"CL\",\"@id\":\"https:\\\/\\\/www.webdo.tn\\\/fr\\\/#\\\/schema\\\/person\\\/f35b42a42c5e2511bbd282959d6385cc\"},\"headline\":\"Tunisie : Vers une gr\u00e8ve g\u00e9n\u00e9rale dans le secteur des m\u00e9dias ?\",\"datePublished\":\"2023-01-11T11:30:00+00:00\",\"dateModified\":\"2025-05-20T22:46:10+00:00\",\"mainEntityOfPage\":{\"@id\":\"https:\\\/\\\/www.webdo.tn\\\/fr\\\/actualite\\\/national\\\/tunisie-vers-une-greve-generale-dans-le-secteur-des-medias\\\/201727\\\/\"},\"wordCount\":166,\"commentCount\":0,\"publisher\":{\"@id\":\"https:\\\/\\\/www.webdo.tn\\\/fr\\\/#organization\"},\"image\":{\"@id\":\"https:\\\/\\\/www.webdo.tn\\\/fr\\\/actualite\\\/national\\\/tunisie-vers-une-greve-generale-dans-le-secteur-des-medias\\\/201727\\\/#primaryimage\"},\"thumbnailUrl\":\"https:\\\/\\\/www.webdo.tn\\\/fr\\\/wp-content\\\/uploads\\\/2023\\\/01\\\/c255d6e06ac0251d20dd591493202f0a.jpg\",\"keywords\":[\"Gr\u00e8ve g\u00e9n\u00e9rale\",\"m\u00e9dias\",\"Tunisie\"],\"articleSection\":[\"National\"],\"inLanguage\":\"fr-FR\"},{\"@type\":\"WebPage\",\"@id\":\"https:\\\/\\\/www.webdo.tn\\\/fr\\\/actualite\\\/national\\\/tunisie-vers-une-greve-generale-dans-le-secteur-des-medias\\\/201727\\\/\",\"url\":\"https:\\\/\\\/www.webdo.tn\\\/fr\\\/actualite\\\/national\\\/tunisie-vers-une-greve-generale-dans-le-secteur-des-medias\\\/201727\\\/\",\"name\":\"Tunisie : Vers une gr\u00e8ve g\u00e9n\u00e9rale dans le secteur des m\u00e9dias ?\",\"isPartOf\":{\"@id\":\"https:\\\/\\\/www.webdo.tn\\\/fr\\\/#website\"},\"primaryImageOfPage\":{\"@id\":\"https:\\\/\\\/www.webdo.tn\\\/fr\\\/actualite\\\/national\\\/tunisie-vers-une-greve-generale-dans-le-secteur-des-medias\\\/201727\\\/#primaryimage\"},\"image\":{\"@id\":\"https:\\\/\\\/www.webdo.tn\\\/fr\\\/actualite\\\/national\\\/tunisie-vers-une-greve-generale-dans-le-secteur-des-medias\\\/201727\\\/#primaryimage\"},\"thumbnailUrl\":\"https:\\\/\\\/www.webdo.tn\\\/fr\\\/wp-content\\\/uploads\\\/2023\\\/01\\\/c255d6e06ac0251d20dd591493202f0a.jpg\",\"datePublished\":\"2023-01-11T11:30:00+00:00\",\"dateModified\":\"2025-05-20T22:46:10+00:00\",\"description\":\"Le secteur des m\u00e9dias est en pleine effervescence. Et pour cause, la d\u00e9t\u00e9rioration des conditions socio-professionnelles des journalistes et l\u2019atteinte \u00e0 la lib...\",\"breadcrumb\":{\"@id\":\"https:\\\/\\\/www.webdo.tn\\\/fr\\\/actualite\\\/national\\\/tunisie-vers-une-greve-generale-dans-le-secteur-des-medias\\\/201727\\\/#breadcrumb\"},\"inLanguage\":\"fr-FR\",\"potentialAction\":[{\"@type\":\"ReadAction\",\"target\":[\"https:\\\/\\\/www.webdo.tn\\\/fr\\\/actualite\\\/national\\\/tunisie-vers-une-greve-generale-dans-le-secteur-des-medias\\\/201727\\\/\"]}]},{\"@type\":\"ImageObject\",\"inLanguage\":\"fr-FR\",\"@id\":\"https:\\\/\\\/www.webdo.tn\\\/fr\\\/actualite\\\/national\\\/tunisie-vers-une-greve-generale-dans-le-secteur-des-medias\\\/201727\\\/#primaryimage\",\"url\":\"https:\\\/\\\/www.webdo.tn\\\/fr\\\/wp-content\\\/uploads\\\/2023\\\/01\\\/c255d6e06ac0251d20dd591493202f0a.jpg\",\"contentUrl\":\"https:\\\/\\\/www.webdo.tn\\\/fr\\\/wp-content\\\/uploads\\\/2023\\\/01\\\/c255d6e06ac0251d20dd591493202f0a.jpg\",\"width\":626,\"height\":334,\"caption\":\"journalistes manifestation\"},{\"@type\":\"BreadcrumbList\",\"@id\":\"https:\\\/\\\/www.webdo.tn\\\/fr\\\/actualite\\\/national\\\/tunisie-vers-une-greve-generale-dans-le-secteur-des-medias\\\/201727\\\/#breadcrumb\",\"itemListElement\":[{\"@type\":\"ListItem\",\"position\":1,\"name\":\"Accueil\",\"item\":\"https:\\\/\\\/www.webdo.tn\\\/fr\\\/\"},{\"@type\":\"ListItem\",\"position\":2,\"name\":\"Tunisie : Vers une gr\u00e8ve g\u00e9n\u00e9rale dans le secteur des m\u00e9dias ?\"}]},{\"@type\":\"WebSite\",\"@id\":\"https:\\\/\\\/www.webdo.tn\\\/fr\\\/#website\",\"url\":\"https:\\\/\\\/www.webdo.tn\\\/fr\\\/\",\"name\":\"webdo\",\"description\":\"Tunisie - News en Tunisie et \u00e0 l&#039;international sur Webdo.tn\",\"publisher\":{\"@id\":\"https:\\\/\\\/www.webdo.tn\\\/fr\\\/#organization\"},\"potentialAction\":[{\"@type\":\"SearchAction\",\"target\":{\"@type\":\"EntryPoint\",\"urlTemplate\":\"https:\\\/\\\/www.webdo.tn\\\/fr\\\/?s={search_term_string}\"},\"query-input\":{\"@type\":\"PropertyValueSpecification\",\"valueRequired\":true,\"valueName\":\"search_term_string\"}}],\"inLanguage\":\"fr-FR\"},{\"@type\":\"Organization\",\"@id\":\"https:\\\/\\\/www.webdo.tn\\\/fr\\\/#organization\",\"name\":\"Webdo\",\"alternateName\":\"Webdo.tn\",\"url\":\"https:\\\/\\\/www.webdo.tn\\\/fr\\\/\",\"logo\":{\"@type\":\"ImageObject\",\"inLanguage\":\"fr-FR\",\"@id\":\"https:\\\/\\\/www.webdo.tn\\\/fr\\\/#\\\/schema\\\/logo\\\/image\\\/\",\"url\":\"https:\\\/\\\/www.webdo.tn\\\/fr\\\/wp-content\\\/uploads\\\/2025\\\/06\\\/Webdo-Tunisie_168377.jpg\",\"contentUrl\":\"https:\\\/\\\/www.webdo.tn\\\/fr\\\/wp-content\\\/uploads\\\/2025\\\/06\\\/Webdo-Tunisie_168377.jpg\",\"width\":301,\"height\":301,\"caption\":\"Webdo\"},\"image\":{\"@id\":\"https:\\\/\\\/www.webdo.tn\\\/fr\\\/#\\\/schema\\\/logo\\\/image\\\/\"},\"sameAs\":[\"https:\\\/\\\/www.facebook.com\\\/webdotn\",\"https:\\\/\\\/x.com\\\/webdo_tn\"],\"description\":\"Webdo est un m\u00e9dia num\u00e9rique tunisien fond\u00e9 en 2010, sp\u00e9cialis\u00e9 dans l\u2019actualit\u00e9 nationale et internationale, l\u2019\u00e9conomie, la soci\u00e9t\u00e9 et les analyses politiques. Le site s\u2019adresse \u00e0 un large public francophone et couvre l\u2019information tunisienne en temps r\u00e9el.\",\"email\":\"redac@webdo.tn\",\"legalName\":\"YNJ SARL\",\"foundingDate\":\"2010-09-06\",\"numberOfEmployees\":{\"@type\":\"QuantitativeValue\",\"minValue\":\"11\",\"maxValue\":\"50\"}},{\"@type\":\"Person\",\"@id\":\"https:\\\/\\\/www.webdo.tn\\\/fr\\\/#\\\/schema\\\/person\\\/f35b42a42c5e2511bbd282959d6385cc\",\"name\":\"CL\",\"image\":{\"@type\":\"ImageObject\",\"inLanguage\":\"fr-FR\",\"@id\":\"https:\\\/\\\/secure.gravatar.com\\\/avatar\\\/1447a49909b67aa657c488aec6512e1dd6143a480c1ecfee9b5b5cd74eb3b59e?s=96&d=mm&r=g\",\"url\":\"https:\\\/\\\/secure.gravatar.com\\\/avatar\\\/1447a49909b67aa657c488aec6512e1dd6143a480c1ecfee9b5b5cd74eb3b59e?s=96&d=mm&r=g\",\"contentUrl\":\"https:\\\/\\\/secure.gravatar.com\\\/avatar\\\/1447a49909b67aa657c488aec6512e1dd6143a480c1ecfee9b5b5cd74eb3b59e?s=96&d=mm&r=g\",\"caption\":\"CL\"},\"url\":\"https:\\\/\\\/www.webdo.tn\\\/fr\\\/actualite\\\/author\\\/cl\\\/\"}]}<\/script>\n<!-- \/ Yoast SEO Premium plugin. -->","yoast_head_json":{"title":"Tunisie : Vers une gr\u00e8ve g\u00e9n\u00e9rale dans le secteur des m\u00e9dias ?","description":"Le secteur des m\u00e9dias est en pleine effervescence. Et pour cause, la d\u00e9t\u00e9rioration des conditions socio-professionnelles des journalistes et l\u2019atteinte \u00e0 la lib...","canonical":"https:\/\/www.webdo.tn\/fr\/actualite\/national\/tunisie-vers-une-greve-generale-dans-le-secteur-des-medias\/201727\/","og_locale":"fr_FR","og_type":"article","og_title":"Tunisie : Vers une gr\u00e8ve g\u00e9n\u00e9rale dans le secteur des m\u00e9dias ?","og_description":"Le secteur des m\u00e9dias est en pleine effervescence. Et pour cause, la d\u00e9t\u00e9rioration des conditions socio-professionnelles des journalistes et l\u2019atteinte \u00e0 la lib...","og_url":"https:\/\/www.webdo.tn\/fr\/actualite\/national\/tunisie-vers-une-greve-generale-dans-le-secteur-des-medias\/201727\/","og_site_name":"webdo","article_publisher":"https:\/\/www.facebook.com\/webdotn","article_published_time":"2023-01-11T11:30:00+00:00","article_modified_time":"2025-05-20T22:46:10+00:00","og_image":[{"width":626,"height":334,"url":"https:\/\/www.webdo.tn\/fr\/wp-content\/uploads\/2023\/01\/c255d6e06ac0251d20dd591493202f0a.jpg","type":"image\/jpeg"}],"author":"CL","twitter_card":"summary_large_image","twitter_creator":"@webdo_tn","twitter_site":"@webdo_tn","twitter_misc":{"\u00c9crit par":"CL","Dur\u00e9e de lecture estim\u00e9e":"1 minute"},"schema":{"@context":"https:\/\/schema.org","@graph":[{"@type":"NewsArticle","@id":"https:\/\/www.webdo.tn\/fr\/actualite\/national\/tunisie-vers-une-greve-generale-dans-le-secteur-des-medias\/201727\/#article","isPartOf":{"@id":"https:\/\/www.webdo.tn\/fr\/actualite\/national\/tunisie-vers-une-greve-generale-dans-le-secteur-des-medias\/201727\/"},"author":{"name":"CL","@id":"https:\/\/www.webdo.tn\/fr\/#\/schema\/person\/f35b42a42c5e2511bbd282959d6385cc"},"headline":"Tunisie : Vers une gr\u00e8ve g\u00e9n\u00e9rale dans le secteur des m\u00e9dias ?","datePublished":"2023-01-11T11:30:00+00:00","dateModified":"2025-05-20T22:46:10+00:00","mainEntityOfPage":{"@id":"https:\/\/www.webdo.tn\/fr\/actualite\/national\/tunisie-vers-une-greve-generale-dans-le-secteur-des-medias\/201727\/"},"wordCount":166,"commentCount":0,"publisher":{"@id":"https:\/\/www.webdo.tn\/fr\/#organization"},"image":{"@id":"https:\/\/www.webdo.tn\/fr\/actualite\/national\/tunisie-vers-une-greve-generale-dans-le-secteur-des-medias\/201727\/#primaryimage"},"thumbnailUrl":"https:\/\/www.webdo.tn\/fr\/wp-content\/uploads\/2023\/01\/c255d6e06ac0251d20dd591493202f0a.jpg","keywords":["Gr\u00e8ve g\u00e9n\u00e9rale","m\u00e9dias","Tunisie"],"articleSection":["National"],"inLanguage":"fr-FR"},{"@type":"WebPage","@id":"https:\/\/www.webdo.tn\/fr\/actualite\/national\/tunisie-vers-une-greve-generale-dans-le-secteur-des-medias\/201727\/","url":"https:\/\/www.webdo.tn\/fr\/actualite\/national\/tunisie-vers-une-greve-generale-dans-le-secteur-des-medias\/201727\/","name":"Tunisie : Vers une gr\u00e8ve g\u00e9n\u00e9rale dans le secteur des m\u00e9dias ?","isPartOf":{"@id":"https:\/\/www.webdo.tn\/fr\/#website"},"primaryImageOfPage":{"@id":"https:\/\/www.webdo.tn\/fr\/actualite\/national\/tunisie-vers-une-greve-generale-dans-le-secteur-des-medias\/201727\/#primaryimage"},"image":{"@id":"https:\/\/www.webdo.tn\/fr\/actualite\/national\/tunisie-vers-une-greve-generale-dans-le-secteur-des-medias\/201727\/#primaryimage"},"thumbnailUrl":"https:\/\/www.webdo.tn\/fr\/wp-content\/uploads\/2023\/01\/c255d6e06ac0251d20dd591493202f0a.jpg","datePublished":"2023-01-11T11:30:00+00:00","dateModified":"2025-05-20T22:46:10+00:00","description":"Le secteur des m\u00e9dias est en pleine effervescence. Et pour cause, la d\u00e9t\u00e9rioration des conditions socio-professionnelles des journalistes et l\u2019atteinte \u00e0 la lib...","breadcrumb":{"@id":"https:\/\/www.webdo.tn\/fr\/actualite\/national\/tunisie-vers-une-greve-generale-dans-le-secteur-des-medias\/201727\/#breadcrumb"},"inLanguage":"fr-FR","potentialAction":[{"@type":"ReadAction","target":["https:\/\/www.webdo.tn\/fr\/actualite\/national\/tunisie-vers-une-greve-generale-dans-le-secteur-des-medias\/201727\/"]}]},{"@type":"ImageObject","inLanguage":"fr-FR","@id":"https:\/\/www.webdo.tn\/fr\/actualite\/national\/tunisie-vers-une-greve-generale-dans-le-secteur-des-medias\/201727\/#primaryimage","url":"https:\/\/www.webdo.tn\/fr\/wp-content\/uploads\/2023\/01\/c255d6e06ac0251d20dd591493202f0a.jpg","contentUrl":"https:\/\/www.webdo.tn\/fr\/wp-content\/uploads\/2023\/01\/c255d6e06ac0251d20dd591493202f0a.jpg","width":626,"height":334,"caption":"journalistes manifestation"},{"@type":"BreadcrumbList","@id":"https:\/\/www.webdo.tn\/fr\/actualite\/national\/tunisie-vers-une-greve-generale-dans-le-secteur-des-medias\/201727\/#breadcrumb","itemListElement":[{"@type":"ListItem","position":1,"name":"Accueil","item":"https:\/\/www.webdo.tn\/fr\/"},{"@type":"ListItem","position":2,"name":"Tunisie : Vers une gr\u00e8ve g\u00e9n\u00e9rale dans le secteur des m\u00e9dias ?"}]},{"@type":"WebSite","@id":"https:\/\/www.webdo.tn\/fr\/#website","url":"https:\/\/www.webdo.tn\/fr\/","name":"webdo","description":"Tunisie - News en Tunisie et \u00e0 l&#039;international sur Webdo.tn","publisher":{"@id":"https:\/\/www.webdo.tn\/fr\/#organization"},"potentialAction":[{"@type":"SearchAction","target":{"@type":"EntryPoint","urlTemplate":"https:\/\/www.webdo.tn\/fr\/?s={search_term_string}"},"query-input":{"@type":"PropertyValueSpecification","valueRequired":true,"valueName":"search_term_string"}}],"inLanguage":"fr-FR"},{"@type":"Organization","@id":"https:\/\/www.webdo.tn\/fr\/#organization","name":"Webdo","alternateName":"Webdo.tn","url":"https:\/\/www.webdo.tn\/fr\/","logo":{"@type":"ImageObject","inLanguage":"fr-FR","@id":"https:\/\/www.webdo.tn\/fr\/#\/schema\/logo\/image\/","url":"https:\/\/www.webdo.tn\/fr\/wp-content\/uploads\/2025\/06\/Webdo-Tunisie_168377.jpg","contentUrl":"https:\/\/www.webdo.tn\/fr\/wp-content\/uploads\/2025\/06\/Webdo-Tunisie_168377.jpg","width":301,"height":301,"caption":"Webdo"},"image":{"@id":"https:\/\/www.webdo.tn\/fr\/#\/schema\/logo\/image\/"},"sameAs":["https:\/\/www.facebook.com\/webdotn","https:\/\/x.com\/webdo_tn"],"description":"Webdo est un m\u00e9dia num\u00e9rique tunisien fond\u00e9 en 2010, sp\u00e9cialis\u00e9 dans l\u2019actualit\u00e9 nationale et internationale, l\u2019\u00e9conomie, la soci\u00e9t\u00e9 et les analyses politiques. Le site s\u2019adresse \u00e0 un large public francophone et couvre l\u2019information tunisienne en temps r\u00e9el.","email":"redac@webdo.tn","legalName":"YNJ SARL","foundingDate":"2010-09-06","numberOfEmployees":{"@type":"QuantitativeValue","minValue":"11","maxValue":"50"}},{"@type":"Person","@id":"https:\/\/www.webdo.tn\/fr\/#\/schema\/person\/f35b42a42c5e2511bbd282959d6385cc","name":"CL","image":{"@type":"ImageObject","inLanguage":"fr-FR","@id":"https:\/\/secure.gravatar.com\/avatar\/1447a49909b67aa657c488aec6512e1dd6143a480c1ecfee9b5b5cd74eb3b59e?s=96&d=mm&r=g","url":"https:\/\/secure.gravatar.com\/avatar\/1447a49909b67aa657c488aec6512e1dd6143a480c1ecfee9b5b5cd74eb3b59e?s=96&d=mm&r=g","contentUrl":"https:\/\/secure.gravatar.com\/avatar\/1447a49909b67aa657c488aec6512e1dd6143a480c1ecfee9b5b5cd74eb3b59e?s=96&d=mm&r=g","caption":"CL"},"url":"https:\/\/www.webdo.tn\/fr\/actualite\/author\/cl\/"}]}},"_links":{"self":[{"href":"https:\/\/www.webdo.tn\/fr\/wp-json\/wp\/v2\/posts\/201727","targetHints":{"allow":["GET"]}}],"collection":[{"href":"https:\/\/www.webdo.tn\/fr\/wp-json\/wp\/v2\/posts"}],"about":[{"href":"https:\/\/www.webdo.tn\/fr\/wp-json\/wp\/v2\/types\/post"}],"author":[{"embeddable":true,"href":"https:\/\/www.webdo.tn\/fr\/wp-json\/wp\/v2\/users\/3175"}],"replies":[{"embeddable":true,"href":"https:\/\/www.webdo.tn\/fr\/wp-json\/wp\/v2\/comments?post=201727"}],"version-history":[{"count":0,"href":"https:\/\/www.webdo.tn\/fr\/wp-json\/wp\/v2\/posts\/201727\/revisions"}],"wp:featuredmedia":[{"embeddable":true,"href":"https:\/\/www.webdo.tn\/fr\/wp-json\/wp\/v2\/media\/252560"}],"wp:attachment":[{"href":"https:\/\/www.webdo.tn\/fr\/wp-json\/wp\/v2\/media?parent=201727"}],"wp:term":[{"taxonomy":"category","embeddable":true,"href":"https:\/\/www.webdo.tn\/fr\/wp-json\/wp\/v2\/categories?post=201727"},{"taxonomy":"post_tag","embeddable":true,"href":"https:\/\/www.webdo.tn\/fr\/wp-json\/wp\/v2\/tags?post=201727"}],"curies":[{"name":"wp","href":"https:\/\/api.w.org\/{rel}","templated":true}]}}