{"id":201724,"date":"2023-01-11T10:24:00","date_gmt":"2023-01-11T10:24:00","guid":{"rendered":"https:\/\/www.webdo.tn\/fr\/blog\/levee-de-la-subvention-l-inpdp-ignore-tout-sur-la-plateforme-des-aides\/201724\/"},"modified":"2025-05-20T22:46:09","modified_gmt":"2025-05-20T22:46:09","slug":"levee-de-la-subvention-l-inpdp-ignore-tout-sur-la-plateforme-des-aides","status":"publish","type":"post","link":"https:\/\/www.webdo.tn\/fr\/actualite\/national\/levee-de-la-subvention-l-inpdp-ignore-tout-sur-la-plateforme-des-aides\/201724\/","title":{"rendered":"Lev\u00e9e de la subvention : L\u2019INPDP ignore tout de la plateforme des aides"},"content":{"rendered":"<p>Le gouvernement avait annonc\u00e9 qu\u2019une plateforme sera mise en place d\u00e8s cette ann\u00e9e pour acc\u00e9der \u00e0 des aides r\u00e9guli\u00e8res en pr\u00e9vision de la lev\u00e9e de la subvention.<\/p>\n<p>\t\t\t\t\t\t\t\t\tCe mercredi 11 janvier 2023, le pr\u00e9sident de l&rsquo;Instance nationale de protection des donn\u00e9es personnelles (INPDP), Chawki Gaddes a affirm\u00e9 que l\u2019instance n\u2019\u00e9tait pas au courant d\u2019une telle plateforme mettent ne garde contre une atteinte aux donn\u00e9es personnelles des Tunisiens.\u00a0<\/p>\n<p>S\u2019exprimant sur les ondes de Mosa\u00efque FM, il a expliqu\u00e9 que le fait de rassembler les donn\u00e9es des Tunisiens dans une seule plateforme constitue \u00e0 un danger pour la protection de leurs donn\u00e9es.\u00a0<\/p>\n<p>\u00ab Comment le minist\u00e8re des Finances a-t-il pu collecter les donn\u00e9es des citoyens sans consulter l\u2019instance \u00bb, s\u2019est-il interrog\u00e9.\u00a0<\/p>\n<p>La Tunisie a d\u00e9cid\u00e9 de lever les subventions sur les produits de base et sur les hydrocarbures conform\u00e9ment \u00e0 un accord sign\u00e9 avec le Fonds mon\u00e9taire international (FMI). Cela ne sera pas sans cons\u00e9quences sur le pouvoir d&rsquo;achat des Tunisiens, mais selon les autorit\u00e9s, un syst\u00e8me d&rsquo;aides financi\u00e8res remplacera la subvention des produits de base.\u00a0<\/p>\n<p>C&rsquo;est dans ce contexte que l&rsquo;expert en march\u00e9s financiers Moez Hdidane a annonc\u00e9 que le gouvernement compte mettre en place une plateforme \u00e9lectronique pour permettre aux Tunisiens de s&rsquo;enregistrer afin d&rsquo;acc\u00e9der aux aides financi\u00e8res. Il a affirm\u00e9 que ces aides seront distribu\u00e9es sous forme de mandats et de virements \u00e0 partir de 2023, date du d\u00e9but de lev\u00e9e des subventions.<\/p>\n","protected":false},"excerpt":{"rendered":"<p>Le gouvernement avait annonc\u00e9 qu\u2019une plateforme sera mise en place d\u00e8s cette ann\u00e9e pour acc\u00e9der \u00e0 des aides r\u00e9guli\u00e8res en pr\u00e9vision de la lev\u00e9e de la subvention&#8230;<\/p>\n","protected":false},"author":3175,"featured_media":252557,"comment_status":"open","ping_status":"closed","sticky":false,"template":"","format":"standard","meta":{"footnotes":""},"categories":[44],"tags":[7382,2608],"class_list":["post-201724","post","type-post","status-publish","format-standard","has-post-thumbnail","hentry","category-national","tag-subvention","tag-tunisie"],"yoast_head":"<!-- This site is optimized with the Yoast SEO Premium plugin v27.5 (Yoast SEO v27.5) - https:\/\/yoast.com\/product\/yoast-seo-premium-wordpress\/ -->\n<title>Lev\u00e9e de la subvention : L\u2019INPDP ignore tout de la plateforme des aides<\/title>\n<meta name=\"description\" content=\"Le gouvernement avait annonc\u00e9 qu\u2019une plateforme sera mise en place d\u00e8s cette ann\u00e9e pour acc\u00e9der \u00e0 des aides r\u00e9guli\u00e8res en pr\u00e9vision de la lev\u00e9e de la subvention...\" \/>\n<link rel=\"canonical\" href=\"https:\/\/www.webdo.tn\/fr\/actualite\/national\/levee-de-la-subvention-l-inpdp-ignore-tout-sur-la-plateforme-des-aides\/201724\/\" \/>\n<meta property=\"og:locale\" content=\"fr_FR\" \/>\n<meta property=\"og:type\" content=\"article\" \/>\n<meta property=\"og:title\" content=\"Lev\u00e9e de la subvention : L\u2019INPDP ignore tout de la plateforme des aides\" \/>\n<meta property=\"og:description\" content=\"Le gouvernement avait annonc\u00e9 qu\u2019une plateforme sera mise en place d\u00e8s cette ann\u00e9e pour acc\u00e9der \u00e0 des aides r\u00e9guli\u00e8res en pr\u00e9vision de la lev\u00e9e de la subvention...\" \/>\n<meta property=\"og:url\" content=\"https:\/\/www.webdo.tn\/fr\/actualite\/national\/levee-de-la-subvention-l-inpdp-ignore-tout-sur-la-plateforme-des-aides\/201724\/\" \/>\n<meta property=\"og:site_name\" content=\"webdo\" \/>\n<meta property=\"article:publisher\" content=\"https:\/\/www.facebook.com\/webdotn\" \/>\n<meta property=\"article:published_time\" content=\"2023-01-11T10:24:00+00:00\" \/>\n<meta property=\"article:modified_time\" content=\"2025-05-20T22:46:09+00:00\" \/>\n<meta property=\"og:image\" content=\"https:\/\/www.webdo.tn\/fr\/wp-content\/uploads\/2023\/01\/0f6f5d3b3da1b7a19def3783125235ce.jpg\" \/>\n\t<meta property=\"og:image:width\" content=\"750\" \/>\n\t<meta property=\"og:image:height\" content=\"400\" \/>\n\t<meta property=\"og:image:type\" content=\"image\/jpeg\" \/>\n<meta name=\"author\" content=\"CL\" \/>\n<meta name=\"twitter:card\" content=\"summary_large_image\" \/>\n<meta name=\"twitter:creator\" content=\"@webdo_tn\" \/>\n<meta name=\"twitter:site\" content=\"@webdo_tn\" \/>\n<meta name=\"twitter:label1\" content=\"\u00c9crit par\" \/>\n\t<meta name=\"twitter:data1\" content=\"CL\" \/>\n\t<meta name=\"twitter:label2\" content=\"Dur\u00e9e de lecture estim\u00e9e\" \/>\n\t<meta name=\"twitter:data2\" content=\"1 minute\" \/>\n<script type=\"application\/ld+json\" class=\"yoast-schema-graph\">{\"@context\":\"https:\\\/\\\/schema.org\",\"@graph\":[{\"@type\":\"NewsArticle\",\"@id\":\"https:\\\/\\\/www.webdo.tn\\\/fr\\\/actualite\\\/national\\\/levee-de-la-subvention-l-inpdp-ignore-tout-sur-la-plateforme-des-aides\\\/201724\\\/#article\",\"isPartOf\":{\"@id\":\"https:\\\/\\\/www.webdo.tn\\\/fr\\\/actualite\\\/national\\\/levee-de-la-subvention-l-inpdp-ignore-tout-sur-la-plateforme-des-aides\\\/201724\\\/\"},\"author\":{\"name\":\"CL\",\"@id\":\"https:\\\/\\\/www.webdo.tn\\\/fr\\\/#\\\/schema\\\/person\\\/f35b42a42c5e2511bbd282959d6385cc\"},\"headline\":\"Lev\u00e9e de la subvention : L\u2019INPDP ignore tout de la plateforme des aides\",\"datePublished\":\"2023-01-11T10:24:00+00:00\",\"dateModified\":\"2025-05-20T22:46:09+00:00\",\"mainEntityOfPage\":{\"@id\":\"https:\\\/\\\/www.webdo.tn\\\/fr\\\/actualite\\\/national\\\/levee-de-la-subvention-l-inpdp-ignore-tout-sur-la-plateforme-des-aides\\\/201724\\\/\"},\"wordCount\":281,\"commentCount\":0,\"publisher\":{\"@id\":\"https:\\\/\\\/www.webdo.tn\\\/fr\\\/#organization\"},\"image\":{\"@id\":\"https:\\\/\\\/www.webdo.tn\\\/fr\\\/actualite\\\/national\\\/levee-de-la-subvention-l-inpdp-ignore-tout-sur-la-plateforme-des-aides\\\/201724\\\/#primaryimage\"},\"thumbnailUrl\":\"https:\\\/\\\/www.webdo.tn\\\/fr\\\/wp-content\\\/uploads\\\/2023\\\/01\\\/0f6f5d3b3da1b7a19def3783125235ce.jpg\",\"keywords\":[\"Subvention\",\"Tunisie\"],\"articleSection\":[\"National\"],\"inLanguage\":\"fr-FR\"},{\"@type\":\"WebPage\",\"@id\":\"https:\\\/\\\/www.webdo.tn\\\/fr\\\/actualite\\\/national\\\/levee-de-la-subvention-l-inpdp-ignore-tout-sur-la-plateforme-des-aides\\\/201724\\\/\",\"url\":\"https:\\\/\\\/www.webdo.tn\\\/fr\\\/actualite\\\/national\\\/levee-de-la-subvention-l-inpdp-ignore-tout-sur-la-plateforme-des-aides\\\/201724\\\/\",\"name\":\"Lev\u00e9e de la subvention : L\u2019INPDP ignore tout de la plateforme des aides\",\"isPartOf\":{\"@id\":\"https:\\\/\\\/www.webdo.tn\\\/fr\\\/#website\"},\"primaryImageOfPage\":{\"@id\":\"https:\\\/\\\/www.webdo.tn\\\/fr\\\/actualite\\\/national\\\/levee-de-la-subvention-l-inpdp-ignore-tout-sur-la-plateforme-des-aides\\\/201724\\\/#primaryimage\"},\"image\":{\"@id\":\"https:\\\/\\\/www.webdo.tn\\\/fr\\\/actualite\\\/national\\\/levee-de-la-subvention-l-inpdp-ignore-tout-sur-la-plateforme-des-aides\\\/201724\\\/#primaryimage\"},\"thumbnailUrl\":\"https:\\\/\\\/www.webdo.tn\\\/fr\\\/wp-content\\\/uploads\\\/2023\\\/01\\\/0f6f5d3b3da1b7a19def3783125235ce.jpg\",\"datePublished\":\"2023-01-11T10:24:00+00:00\",\"dateModified\":\"2025-05-20T22:46:09+00:00\",\"description\":\"Le gouvernement avait annonc\u00e9 qu\u2019une plateforme sera mise en place d\u00e8s cette ann\u00e9e pour acc\u00e9der \u00e0 des aides r\u00e9guli\u00e8res en pr\u00e9vision de la lev\u00e9e de la subvention...\",\"breadcrumb\":{\"@id\":\"https:\\\/\\\/www.webdo.tn\\\/fr\\\/actualite\\\/national\\\/levee-de-la-subvention-l-inpdp-ignore-tout-sur-la-plateforme-des-aides\\\/201724\\\/#breadcrumb\"},\"inLanguage\":\"fr-FR\",\"potentialAction\":[{\"@type\":\"ReadAction\",\"target\":[\"https:\\\/\\\/www.webdo.tn\\\/fr\\\/actualite\\\/national\\\/levee-de-la-subvention-l-inpdp-ignore-tout-sur-la-plateforme-des-aides\\\/201724\\\/\"]}]},{\"@type\":\"ImageObject\",\"inLanguage\":\"fr-FR\",\"@id\":\"https:\\\/\\\/www.webdo.tn\\\/fr\\\/actualite\\\/national\\\/levee-de-la-subvention-l-inpdp-ignore-tout-sur-la-plateforme-des-aides\\\/201724\\\/#primaryimage\",\"url\":\"https:\\\/\\\/www.webdo.tn\\\/fr\\\/wp-content\\\/uploads\\\/2023\\\/01\\\/0f6f5d3b3da1b7a19def3783125235ce.jpg\",\"contentUrl\":\"https:\\\/\\\/www.webdo.tn\\\/fr\\\/wp-content\\\/uploads\\\/2023\\\/01\\\/0f6f5d3b3da1b7a19def3783125235ce.jpg\",\"width\":750,\"height\":400,\"caption\":\"Chawki Gaddes\"},{\"@type\":\"BreadcrumbList\",\"@id\":\"https:\\\/\\\/www.webdo.tn\\\/fr\\\/actualite\\\/national\\\/levee-de-la-subvention-l-inpdp-ignore-tout-sur-la-plateforme-des-aides\\\/201724\\\/#breadcrumb\",\"itemListElement\":[{\"@type\":\"ListItem\",\"position\":1,\"name\":\"Accueil\",\"item\":\"https:\\\/\\\/www.webdo.tn\\\/fr\\\/\"},{\"@type\":\"ListItem\",\"position\":2,\"name\":\"Lev\u00e9e de la subvention : L\u2019INPDP ignore tout de la plateforme des aides\"}]},{\"@type\":\"WebSite\",\"@id\":\"https:\\\/\\\/www.webdo.tn\\\/fr\\\/#website\",\"url\":\"https:\\\/\\\/www.webdo.tn\\\/fr\\\/\",\"name\":\"webdo\",\"description\":\"Tunisie - News en Tunisie et \u00e0 l&#039;international sur Webdo.tn\",\"publisher\":{\"@id\":\"https:\\\/\\\/www.webdo.tn\\\/fr\\\/#organization\"},\"potentialAction\":[{\"@type\":\"SearchAction\",\"target\":{\"@type\":\"EntryPoint\",\"urlTemplate\":\"https:\\\/\\\/www.webdo.tn\\\/fr\\\/?s={search_term_string}\"},\"query-input\":{\"@type\":\"PropertyValueSpecification\",\"valueRequired\":true,\"valueName\":\"search_term_string\"}}],\"inLanguage\":\"fr-FR\"},{\"@type\":\"Organization\",\"@id\":\"https:\\\/\\\/www.webdo.tn\\\/fr\\\/#organization\",\"name\":\"Webdo\",\"alternateName\":\"Webdo.tn\",\"url\":\"https:\\\/\\\/www.webdo.tn\\\/fr\\\/\",\"logo\":{\"@type\":\"ImageObject\",\"inLanguage\":\"fr-FR\",\"@id\":\"https:\\\/\\\/www.webdo.tn\\\/fr\\\/#\\\/schema\\\/logo\\\/image\\\/\",\"url\":\"https:\\\/\\\/www.webdo.tn\\\/fr\\\/wp-content\\\/uploads\\\/2025\\\/06\\\/Webdo-Tunisie_168377.jpg\",\"contentUrl\":\"https:\\\/\\\/www.webdo.tn\\\/fr\\\/wp-content\\\/uploads\\\/2025\\\/06\\\/Webdo-Tunisie_168377.jpg\",\"width\":301,\"height\":301,\"caption\":\"Webdo\"},\"image\":{\"@id\":\"https:\\\/\\\/www.webdo.tn\\\/fr\\\/#\\\/schema\\\/logo\\\/image\\\/\"},\"sameAs\":[\"https:\\\/\\\/www.facebook.com\\\/webdotn\",\"https:\\\/\\\/x.com\\\/webdo_tn\"],\"description\":\"Webdo est un m\u00e9dia num\u00e9rique tunisien fond\u00e9 en 2010, sp\u00e9cialis\u00e9 dans l\u2019actualit\u00e9 nationale et internationale, l\u2019\u00e9conomie, la soci\u00e9t\u00e9 et les analyses politiques. Le site s\u2019adresse \u00e0 un large public francophone et couvre l\u2019information tunisienne en temps r\u00e9el.\",\"email\":\"redac@webdo.tn\",\"legalName\":\"YNJ SARL\",\"foundingDate\":\"2010-09-06\",\"numberOfEmployees\":{\"@type\":\"QuantitativeValue\",\"minValue\":\"11\",\"maxValue\":\"50\"}},{\"@type\":\"Person\",\"@id\":\"https:\\\/\\\/www.webdo.tn\\\/fr\\\/#\\\/schema\\\/person\\\/f35b42a42c5e2511bbd282959d6385cc\",\"name\":\"CL\",\"image\":{\"@type\":\"ImageObject\",\"inLanguage\":\"fr-FR\",\"@id\":\"https:\\\/\\\/secure.gravatar.com\\\/avatar\\\/1447a49909b67aa657c488aec6512e1dd6143a480c1ecfee9b5b5cd74eb3b59e?s=96&d=mm&r=g\",\"url\":\"https:\\\/\\\/secure.gravatar.com\\\/avatar\\\/1447a49909b67aa657c488aec6512e1dd6143a480c1ecfee9b5b5cd74eb3b59e?s=96&d=mm&r=g\",\"contentUrl\":\"https:\\\/\\\/secure.gravatar.com\\\/avatar\\\/1447a49909b67aa657c488aec6512e1dd6143a480c1ecfee9b5b5cd74eb3b59e?s=96&d=mm&r=g\",\"caption\":\"CL\"},\"url\":\"https:\\\/\\\/www.webdo.tn\\\/fr\\\/actualite\\\/author\\\/cl\\\/\"}]}<\/script>\n<!-- \/ Yoast SEO Premium plugin. -->","yoast_head_json":{"title":"Lev\u00e9e de la subvention : L\u2019INPDP ignore tout de la plateforme des aides","description":"Le gouvernement avait annonc\u00e9 qu\u2019une plateforme sera mise en place d\u00e8s cette ann\u00e9e pour acc\u00e9der \u00e0 des aides r\u00e9guli\u00e8res en pr\u00e9vision de la lev\u00e9e de la subvention...","canonical":"https:\/\/www.webdo.tn\/fr\/actualite\/national\/levee-de-la-subvention-l-inpdp-ignore-tout-sur-la-plateforme-des-aides\/201724\/","og_locale":"fr_FR","og_type":"article","og_title":"Lev\u00e9e de la subvention : L\u2019INPDP ignore tout de la plateforme des aides","og_description":"Le gouvernement avait annonc\u00e9 qu\u2019une plateforme sera mise en place d\u00e8s cette ann\u00e9e pour acc\u00e9der \u00e0 des aides r\u00e9guli\u00e8res en pr\u00e9vision de la lev\u00e9e de la subvention...","og_url":"https:\/\/www.webdo.tn\/fr\/actualite\/national\/levee-de-la-subvention-l-inpdp-ignore-tout-sur-la-plateforme-des-aides\/201724\/","og_site_name":"webdo","article_publisher":"https:\/\/www.facebook.com\/webdotn","article_published_time":"2023-01-11T10:24:00+00:00","article_modified_time":"2025-05-20T22:46:09+00:00","og_image":[{"width":750,"height":400,"url":"https:\/\/www.webdo.tn\/fr\/wp-content\/uploads\/2023\/01\/0f6f5d3b3da1b7a19def3783125235ce.jpg","type":"image\/jpeg"}],"author":"CL","twitter_card":"summary_large_image","twitter_creator":"@webdo_tn","twitter_site":"@webdo_tn","twitter_misc":{"\u00c9crit par":"CL","Dur\u00e9e de lecture estim\u00e9e":"1 minute"},"schema":{"@context":"https:\/\/schema.org","@graph":[{"@type":"NewsArticle","@id":"https:\/\/www.webdo.tn\/fr\/actualite\/national\/levee-de-la-subvention-l-inpdp-ignore-tout-sur-la-plateforme-des-aides\/201724\/#article","isPartOf":{"@id":"https:\/\/www.webdo.tn\/fr\/actualite\/national\/levee-de-la-subvention-l-inpdp-ignore-tout-sur-la-plateforme-des-aides\/201724\/"},"author":{"name":"CL","@id":"https:\/\/www.webdo.tn\/fr\/#\/schema\/person\/f35b42a42c5e2511bbd282959d6385cc"},"headline":"Lev\u00e9e de la subvention : L\u2019INPDP ignore tout de la plateforme des aides","datePublished":"2023-01-11T10:24:00+00:00","dateModified":"2025-05-20T22:46:09+00:00","mainEntityOfPage":{"@id":"https:\/\/www.webdo.tn\/fr\/actualite\/national\/levee-de-la-subvention-l-inpdp-ignore-tout-sur-la-plateforme-des-aides\/201724\/"},"wordCount":281,"commentCount":0,"publisher":{"@id":"https:\/\/www.webdo.tn\/fr\/#organization"},"image":{"@id":"https:\/\/www.webdo.tn\/fr\/actualite\/national\/levee-de-la-subvention-l-inpdp-ignore-tout-sur-la-plateforme-des-aides\/201724\/#primaryimage"},"thumbnailUrl":"https:\/\/www.webdo.tn\/fr\/wp-content\/uploads\/2023\/01\/0f6f5d3b3da1b7a19def3783125235ce.jpg","keywords":["Subvention","Tunisie"],"articleSection":["National"],"inLanguage":"fr-FR"},{"@type":"WebPage","@id":"https:\/\/www.webdo.tn\/fr\/actualite\/national\/levee-de-la-subvention-l-inpdp-ignore-tout-sur-la-plateforme-des-aides\/201724\/","url":"https:\/\/www.webdo.tn\/fr\/actualite\/national\/levee-de-la-subvention-l-inpdp-ignore-tout-sur-la-plateforme-des-aides\/201724\/","name":"Lev\u00e9e de la subvention : L\u2019INPDP ignore tout de la plateforme des aides","isPartOf":{"@id":"https:\/\/www.webdo.tn\/fr\/#website"},"primaryImageOfPage":{"@id":"https:\/\/www.webdo.tn\/fr\/actualite\/national\/levee-de-la-subvention-l-inpdp-ignore-tout-sur-la-plateforme-des-aides\/201724\/#primaryimage"},"image":{"@id":"https:\/\/www.webdo.tn\/fr\/actualite\/national\/levee-de-la-subvention-l-inpdp-ignore-tout-sur-la-plateforme-des-aides\/201724\/#primaryimage"},"thumbnailUrl":"https:\/\/www.webdo.tn\/fr\/wp-content\/uploads\/2023\/01\/0f6f5d3b3da1b7a19def3783125235ce.jpg","datePublished":"2023-01-11T10:24:00+00:00","dateModified":"2025-05-20T22:46:09+00:00","description":"Le gouvernement avait annonc\u00e9 qu\u2019une plateforme sera mise en place d\u00e8s cette ann\u00e9e pour acc\u00e9der \u00e0 des aides r\u00e9guli\u00e8res en pr\u00e9vision de la lev\u00e9e de la subvention...","breadcrumb":{"@id":"https:\/\/www.webdo.tn\/fr\/actualite\/national\/levee-de-la-subvention-l-inpdp-ignore-tout-sur-la-plateforme-des-aides\/201724\/#breadcrumb"},"inLanguage":"fr-FR","potentialAction":[{"@type":"ReadAction","target":["https:\/\/www.webdo.tn\/fr\/actualite\/national\/levee-de-la-subvention-l-inpdp-ignore-tout-sur-la-plateforme-des-aides\/201724\/"]}]},{"@type":"ImageObject","inLanguage":"fr-FR","@id":"https:\/\/www.webdo.tn\/fr\/actualite\/national\/levee-de-la-subvention-l-inpdp-ignore-tout-sur-la-plateforme-des-aides\/201724\/#primaryimage","url":"https:\/\/www.webdo.tn\/fr\/wp-content\/uploads\/2023\/01\/0f6f5d3b3da1b7a19def3783125235ce.jpg","contentUrl":"https:\/\/www.webdo.tn\/fr\/wp-content\/uploads\/2023\/01\/0f6f5d3b3da1b7a19def3783125235ce.jpg","width":750,"height":400,"caption":"Chawki Gaddes"},{"@type":"BreadcrumbList","@id":"https:\/\/www.webdo.tn\/fr\/actualite\/national\/levee-de-la-subvention-l-inpdp-ignore-tout-sur-la-plateforme-des-aides\/201724\/#breadcrumb","itemListElement":[{"@type":"ListItem","position":1,"name":"Accueil","item":"https:\/\/www.webdo.tn\/fr\/"},{"@type":"ListItem","position":2,"name":"Lev\u00e9e de la subvention : L\u2019INPDP ignore tout de la plateforme des aides"}]},{"@type":"WebSite","@id":"https:\/\/www.webdo.tn\/fr\/#website","url":"https:\/\/www.webdo.tn\/fr\/","name":"webdo","description":"Tunisie - News en Tunisie et \u00e0 l&#039;international sur Webdo.tn","publisher":{"@id":"https:\/\/www.webdo.tn\/fr\/#organization"},"potentialAction":[{"@type":"SearchAction","target":{"@type":"EntryPoint","urlTemplate":"https:\/\/www.webdo.tn\/fr\/?s={search_term_string}"},"query-input":{"@type":"PropertyValueSpecification","valueRequired":true,"valueName":"search_term_string"}}],"inLanguage":"fr-FR"},{"@type":"Organization","@id":"https:\/\/www.webdo.tn\/fr\/#organization","name":"Webdo","alternateName":"Webdo.tn","url":"https:\/\/www.webdo.tn\/fr\/","logo":{"@type":"ImageObject","inLanguage":"fr-FR","@id":"https:\/\/www.webdo.tn\/fr\/#\/schema\/logo\/image\/","url":"https:\/\/www.webdo.tn\/fr\/wp-content\/uploads\/2025\/06\/Webdo-Tunisie_168377.jpg","contentUrl":"https:\/\/www.webdo.tn\/fr\/wp-content\/uploads\/2025\/06\/Webdo-Tunisie_168377.jpg","width":301,"height":301,"caption":"Webdo"},"image":{"@id":"https:\/\/www.webdo.tn\/fr\/#\/schema\/logo\/image\/"},"sameAs":["https:\/\/www.facebook.com\/webdotn","https:\/\/x.com\/webdo_tn"],"description":"Webdo est un m\u00e9dia num\u00e9rique tunisien fond\u00e9 en 2010, sp\u00e9cialis\u00e9 dans l\u2019actualit\u00e9 nationale et internationale, l\u2019\u00e9conomie, la soci\u00e9t\u00e9 et les analyses politiques. Le site s\u2019adresse \u00e0 un large public francophone et couvre l\u2019information tunisienne en temps r\u00e9el.","email":"redac@webdo.tn","legalName":"YNJ SARL","foundingDate":"2010-09-06","numberOfEmployees":{"@type":"QuantitativeValue","minValue":"11","maxValue":"50"}},{"@type":"Person","@id":"https:\/\/www.webdo.tn\/fr\/#\/schema\/person\/f35b42a42c5e2511bbd282959d6385cc","name":"CL","image":{"@type":"ImageObject","inLanguage":"fr-FR","@id":"https:\/\/secure.gravatar.com\/avatar\/1447a49909b67aa657c488aec6512e1dd6143a480c1ecfee9b5b5cd74eb3b59e?s=96&d=mm&r=g","url":"https:\/\/secure.gravatar.com\/avatar\/1447a49909b67aa657c488aec6512e1dd6143a480c1ecfee9b5b5cd74eb3b59e?s=96&d=mm&r=g","contentUrl":"https:\/\/secure.gravatar.com\/avatar\/1447a49909b67aa657c488aec6512e1dd6143a480c1ecfee9b5b5cd74eb3b59e?s=96&d=mm&r=g","caption":"CL"},"url":"https:\/\/www.webdo.tn\/fr\/actualite\/author\/cl\/"}]}},"_links":{"self":[{"href":"https:\/\/www.webdo.tn\/fr\/wp-json\/wp\/v2\/posts\/201724","targetHints":{"allow":["GET"]}}],"collection":[{"href":"https:\/\/www.webdo.tn\/fr\/wp-json\/wp\/v2\/posts"}],"about":[{"href":"https:\/\/www.webdo.tn\/fr\/wp-json\/wp\/v2\/types\/post"}],"author":[{"embeddable":true,"href":"https:\/\/www.webdo.tn\/fr\/wp-json\/wp\/v2\/users\/3175"}],"replies":[{"embeddable":true,"href":"https:\/\/www.webdo.tn\/fr\/wp-json\/wp\/v2\/comments?post=201724"}],"version-history":[{"count":0,"href":"https:\/\/www.webdo.tn\/fr\/wp-json\/wp\/v2\/posts\/201724\/revisions"}],"wp:featuredmedia":[{"embeddable":true,"href":"https:\/\/www.webdo.tn\/fr\/wp-json\/wp\/v2\/media\/252557"}],"wp:attachment":[{"href":"https:\/\/www.webdo.tn\/fr\/wp-json\/wp\/v2\/media?parent=201724"}],"wp:term":[{"taxonomy":"category","embeddable":true,"href":"https:\/\/www.webdo.tn\/fr\/wp-json\/wp\/v2\/categories?post=201724"},{"taxonomy":"post_tag","embeddable":true,"href":"https:\/\/www.webdo.tn\/fr\/wp-json\/wp\/v2\/tags?post=201724"}],"curies":[{"name":"wp","href":"https:\/\/api.w.org\/{rel}","templated":true}]}}