{"id":201723,"date":"2023-01-11T09:28:00","date_gmt":"2023-01-11T09:28:00","guid":{"rendered":"https:\/\/www.webdo.tn\/fr\/blog\/plusieurs-blesses-dans-une-attaque-au-couteau-a-la-gare-du-nord-de-paris\/201723\/"},"modified":"2025-05-20T22:03:21","modified_gmt":"2025-05-20T22:03:21","slug":"plusieurs-blesses-dans-une-attaque-au-couteau-a-la-gare-du-nord-de-paris","status":"publish","type":"post","link":"https:\/\/www.webdo.tn\/fr\/actualite\/international\/plusieurs-blesses-dans-une-attaque-au-couteau-a-la-gare-du-nord-de-paris\/201723\/","title":{"rendered":"Plusieurs bless\u00e9s dans une attaque au couteau \u00e0 la gare du Nord de Paris"},"content":{"rendered":"<p>Un homme a bless\u00e9 \u00e0 l\u2019arme blanche plusieurs personnes gare du Nord \u00e0 Paris, t\u00f4t dans la matin\u00e9e de ce mercredi 11 janvier 2023.<\/p>\n<p>\t\t\t\t\t\t\t\t\tL\u2019assaillant a \u00e9t\u00e9 neutralis\u00e9 avant d\u2019\u00eatre interpell\u00e9 par les forces de l&rsquo;ordre qui ont fait usage de leur arme. Au moins six personnes ont \u00e9t\u00e9 bless\u00e9es l\u00e9g\u00e8rement par arme blanche.<\/p>\n<p>Une enqu\u00eate a \u00e9t\u00e9 ouverte par le parquet de Paris. Le parquet national antiterroriste est attentif \u00e0 la situation mais n&rsquo;est pas saisi pour le moment.<\/p>\n<p>Le ministre de l&rsquo;Int\u00e9rieur, G\u00e9rald Darmanin, a \u00e9voqu\u00e9 sur Twitter la \u00ab\u00a0r\u00e9action efficace et courageuse\u00a0\u00bb des forces de l&rsquo;ordre apr\u00e8s leur intervention au sein de la gare et a indiqu\u00e9 qu&rsquo;il allait se rendre sur place, tout comme la maire de Paris, Anne Hidalgo.<\/p>\n","protected":false},"excerpt":{"rendered":"<p>Un homme a bless\u00e9 \u00e0 l\u2019arme blanche plusieurs personnes gare du Nord \u00e0 Paris, t\u00f4t dans la matin\u00e9e de ce mercredi 11 janvier 2023.<\/p>\n","protected":false},"author":3162,"featured_media":252555,"comment_status":"open","ping_status":"closed","sticky":false,"template":"","format":"standard","meta":{"footnotes":""},"categories":[2598],"tags":[3918,2928,7068,5270],"class_list":["post-201723","post","type-post","status-publish","format-standard","has-post-thumbnail","hentry","category-international","tag-attaque","tag-blesses","tag-couteau","tag-paris"],"yoast_head":"<!-- This site is optimized with the Yoast SEO Premium plugin v27.4 (Yoast SEO v27.5) - https:\/\/yoast.com\/product\/yoast-seo-premium-wordpress\/ -->\n<title>Plusieurs bless\u00e9s dans une attaque au couteau \u00e0 la gare du Nord de Paris<\/title>\n<meta name=\"description\" content=\"Un homme a bless\u00e9 \u00e0 l\u2019arme blanche plusieurs personnes gare du Nord \u00e0 Paris, t\u00f4t dans la matin\u00e9e de ce mercredi 11 janvier 2023.\" \/>\n<link rel=\"canonical\" href=\"https:\/\/www.webdo.tn\/fr\/actualite\/international\/plusieurs-blesses-dans-une-attaque-au-couteau-a-la-gare-du-nord-de-paris\/201723\/\" \/>\n<meta property=\"og:locale\" content=\"fr_FR\" \/>\n<meta property=\"og:type\" content=\"article\" \/>\n<meta property=\"og:title\" content=\"Plusieurs bless\u00e9s dans une attaque au couteau \u00e0 la gare du Nord de Paris\" \/>\n<meta property=\"og:description\" content=\"Un homme a bless\u00e9 \u00e0 l\u2019arme blanche plusieurs personnes gare du Nord \u00e0 Paris, t\u00f4t dans la matin\u00e9e de ce mercredi 11 janvier 2023.\" \/>\n<meta property=\"og:url\" content=\"https:\/\/www.webdo.tn\/fr\/actualite\/international\/plusieurs-blesses-dans-une-attaque-au-couteau-a-la-gare-du-nord-de-paris\/201723\/\" \/>\n<meta property=\"og:site_name\" content=\"webdo\" \/>\n<meta property=\"article:publisher\" content=\"https:\/\/www.facebook.com\/webdotn\" \/>\n<meta property=\"article:published_time\" content=\"2023-01-11T09:28:00+00:00\" \/>\n<meta property=\"article:modified_time\" content=\"2025-05-20T22:03:21+00:00\" \/>\n<meta property=\"og:image\" content=\"https:\/\/www.webdo.tn\/fr\/wp-content\/uploads\/2023\/01\/2bf38184b7d7f6e8a6b3b0042ce47aaf.jpg\" \/>\n\t<meta property=\"og:image:width\" content=\"750\" \/>\n\t<meta property=\"og:image:height\" content=\"400\" \/>\n\t<meta property=\"og:image:type\" content=\"image\/jpeg\" \/>\n<meta name=\"author\" content=\"MC\" \/>\n<meta name=\"twitter:card\" content=\"summary_large_image\" \/>\n<meta name=\"twitter:creator\" content=\"@webdo_tn\" \/>\n<meta name=\"twitter:site\" content=\"@webdo_tn\" \/>\n<meta name=\"twitter:label1\" content=\"\u00c9crit par\" \/>\n\t<meta name=\"twitter:data1\" content=\"MC\" \/>\n\t<meta name=\"twitter:label2\" content=\"Dur\u00e9e de lecture estim\u00e9e\" \/>\n\t<meta name=\"twitter:data2\" content=\"1 minute\" \/>\n<script type=\"application\/ld+json\" class=\"yoast-schema-graph\">{\"@context\":\"https:\\\/\\\/schema.org\",\"@graph\":[{\"@type\":\"NewsArticle\",\"@id\":\"https:\\\/\\\/www.webdo.tn\\\/fr\\\/actualite\\\/international\\\/plusieurs-blesses-dans-une-attaque-au-couteau-a-la-gare-du-nord-de-paris\\\/201723\\\/#article\",\"isPartOf\":{\"@id\":\"https:\\\/\\\/www.webdo.tn\\\/fr\\\/actualite\\\/international\\\/plusieurs-blesses-dans-une-attaque-au-couteau-a-la-gare-du-nord-de-paris\\\/201723\\\/\"},\"author\":{\"name\":\"MC\",\"@id\":\"https:\\\/\\\/www.webdo.tn\\\/fr\\\/#\\\/schema\\\/person\\\/2c4929cbf5a809e3bd38617c6ce150f6\"},\"headline\":\"Plusieurs bless\u00e9s dans une attaque au couteau \u00e0 la gare du Nord de Paris\",\"datePublished\":\"2023-01-11T09:28:00+00:00\",\"dateModified\":\"2025-05-20T22:03:21+00:00\",\"mainEntityOfPage\":{\"@id\":\"https:\\\/\\\/www.webdo.tn\\\/fr\\\/actualite\\\/international\\\/plusieurs-blesses-dans-une-attaque-au-couteau-a-la-gare-du-nord-de-paris\\\/201723\\\/\"},\"wordCount\":151,\"commentCount\":0,\"publisher\":{\"@id\":\"https:\\\/\\\/www.webdo.tn\\\/fr\\\/#organization\"},\"image\":{\"@id\":\"https:\\\/\\\/www.webdo.tn\\\/fr\\\/actualite\\\/international\\\/plusieurs-blesses-dans-une-attaque-au-couteau-a-la-gare-du-nord-de-paris\\\/201723\\\/#primaryimage\"},\"thumbnailUrl\":\"https:\\\/\\\/www.webdo.tn\\\/fr\\\/wp-content\\\/uploads\\\/2023\\\/01\\\/2bf38184b7d7f6e8a6b3b0042ce47aaf.jpg\",\"keywords\":[\"attaque\",\"bless\u00e9s\",\"couteau\",\"Paris\"],\"articleSection\":[\"International\"],\"inLanguage\":\"fr-FR\"},{\"@type\":\"WebPage\",\"@id\":\"https:\\\/\\\/www.webdo.tn\\\/fr\\\/actualite\\\/international\\\/plusieurs-blesses-dans-une-attaque-au-couteau-a-la-gare-du-nord-de-paris\\\/201723\\\/\",\"url\":\"https:\\\/\\\/www.webdo.tn\\\/fr\\\/actualite\\\/international\\\/plusieurs-blesses-dans-une-attaque-au-couteau-a-la-gare-du-nord-de-paris\\\/201723\\\/\",\"name\":\"Plusieurs bless\u00e9s dans une attaque au couteau \u00e0 la gare du Nord de Paris\",\"isPartOf\":{\"@id\":\"https:\\\/\\\/www.webdo.tn\\\/fr\\\/#website\"},\"primaryImageOfPage\":{\"@id\":\"https:\\\/\\\/www.webdo.tn\\\/fr\\\/actualite\\\/international\\\/plusieurs-blesses-dans-une-attaque-au-couteau-a-la-gare-du-nord-de-paris\\\/201723\\\/#primaryimage\"},\"image\":{\"@id\":\"https:\\\/\\\/www.webdo.tn\\\/fr\\\/actualite\\\/international\\\/plusieurs-blesses-dans-une-attaque-au-couteau-a-la-gare-du-nord-de-paris\\\/201723\\\/#primaryimage\"},\"thumbnailUrl\":\"https:\\\/\\\/www.webdo.tn\\\/fr\\\/wp-content\\\/uploads\\\/2023\\\/01\\\/2bf38184b7d7f6e8a6b3b0042ce47aaf.jpg\",\"datePublished\":\"2023-01-11T09:28:00+00:00\",\"dateModified\":\"2025-05-20T22:03:21+00:00\",\"description\":\"Un homme a bless\u00e9 \u00e0 l\u2019arme blanche plusieurs personnes gare du Nord \u00e0 Paris, t\u00f4t dans la matin\u00e9e de ce mercredi 11 janvier 2023.\",\"breadcrumb\":{\"@id\":\"https:\\\/\\\/www.webdo.tn\\\/fr\\\/actualite\\\/international\\\/plusieurs-blesses-dans-une-attaque-au-couteau-a-la-gare-du-nord-de-paris\\\/201723\\\/#breadcrumb\"},\"inLanguage\":\"fr-FR\",\"potentialAction\":[{\"@type\":\"ReadAction\",\"target\":[\"https:\\\/\\\/www.webdo.tn\\\/fr\\\/actualite\\\/international\\\/plusieurs-blesses-dans-une-attaque-au-couteau-a-la-gare-du-nord-de-paris\\\/201723\\\/\"]}]},{\"@type\":\"ImageObject\",\"inLanguage\":\"fr-FR\",\"@id\":\"https:\\\/\\\/www.webdo.tn\\\/fr\\\/actualite\\\/international\\\/plusieurs-blesses-dans-une-attaque-au-couteau-a-la-gare-du-nord-de-paris\\\/201723\\\/#primaryimage\",\"url\":\"https:\\\/\\\/www.webdo.tn\\\/fr\\\/wp-content\\\/uploads\\\/2023\\\/01\\\/2bf38184b7d7f6e8a6b3b0042ce47aaf.jpg\",\"contentUrl\":\"https:\\\/\\\/www.webdo.tn\\\/fr\\\/wp-content\\\/uploads\\\/2023\\\/01\\\/2bf38184b7d7f6e8a6b3b0042ce47aaf.jpg\",\"width\":750,\"height\":400,\"caption\":\"Plusieurs bless\u00e9s dans une attaque au couteau \u00e0 la gare du Nord de Paris\"},{\"@type\":\"BreadcrumbList\",\"@id\":\"https:\\\/\\\/www.webdo.tn\\\/fr\\\/actualite\\\/international\\\/plusieurs-blesses-dans-une-attaque-au-couteau-a-la-gare-du-nord-de-paris\\\/201723\\\/#breadcrumb\",\"itemListElement\":[{\"@type\":\"ListItem\",\"position\":1,\"name\":\"Accueil\",\"item\":\"https:\\\/\\\/www.webdo.tn\\\/fr\\\/\"},{\"@type\":\"ListItem\",\"position\":2,\"name\":\"Plusieurs bless\u00e9s dans une attaque au couteau \u00e0 la gare du Nord de Paris\"}]},{\"@type\":\"WebSite\",\"@id\":\"https:\\\/\\\/www.webdo.tn\\\/fr\\\/#website\",\"url\":\"https:\\\/\\\/www.webdo.tn\\\/fr\\\/\",\"name\":\"webdo\",\"description\":\"Tunisie - News en Tunisie et \u00e0 l&#039;international sur Webdo.tn\",\"publisher\":{\"@id\":\"https:\\\/\\\/www.webdo.tn\\\/fr\\\/#organization\"},\"potentialAction\":[{\"@type\":\"SearchAction\",\"target\":{\"@type\":\"EntryPoint\",\"urlTemplate\":\"https:\\\/\\\/www.webdo.tn\\\/fr\\\/?s={search_term_string}\"},\"query-input\":{\"@type\":\"PropertyValueSpecification\",\"valueRequired\":true,\"valueName\":\"search_term_string\"}}],\"inLanguage\":\"fr-FR\"},{\"@type\":\"Organization\",\"@id\":\"https:\\\/\\\/www.webdo.tn\\\/fr\\\/#organization\",\"name\":\"Webdo\",\"alternateName\":\"Webdo.tn\",\"url\":\"https:\\\/\\\/www.webdo.tn\\\/fr\\\/\",\"logo\":{\"@type\":\"ImageObject\",\"inLanguage\":\"fr-FR\",\"@id\":\"https:\\\/\\\/www.webdo.tn\\\/fr\\\/#\\\/schema\\\/logo\\\/image\\\/\",\"url\":\"https:\\\/\\\/www.webdo.tn\\\/fr\\\/wp-content\\\/uploads\\\/2025\\\/06\\\/Webdo-Tunisie_168377.jpg\",\"contentUrl\":\"https:\\\/\\\/www.webdo.tn\\\/fr\\\/wp-content\\\/uploads\\\/2025\\\/06\\\/Webdo-Tunisie_168377.jpg\",\"width\":301,\"height\":301,\"caption\":\"Webdo\"},\"image\":{\"@id\":\"https:\\\/\\\/www.webdo.tn\\\/fr\\\/#\\\/schema\\\/logo\\\/image\\\/\"},\"sameAs\":[\"https:\\\/\\\/www.facebook.com\\\/webdotn\",\"https:\\\/\\\/x.com\\\/webdo_tn\"],\"description\":\"Webdo est un m\u00e9dia num\u00e9rique tunisien fond\u00e9 en 2010, sp\u00e9cialis\u00e9 dans l\u2019actualit\u00e9 nationale et internationale, l\u2019\u00e9conomie, la soci\u00e9t\u00e9 et les analyses politiques. Le site s\u2019adresse \u00e0 un large public francophone et couvre l\u2019information tunisienne en temps r\u00e9el.\",\"email\":\"redac@webdo.tn\",\"legalName\":\"YNJ SARL\",\"foundingDate\":\"2010-09-06\",\"numberOfEmployees\":{\"@type\":\"QuantitativeValue\",\"minValue\":\"11\",\"maxValue\":\"50\"}},{\"@type\":\"Person\",\"@id\":\"https:\\\/\\\/www.webdo.tn\\\/fr\\\/#\\\/schema\\\/person\\\/2c4929cbf5a809e3bd38617c6ce150f6\",\"name\":\"MC\",\"image\":{\"@type\":\"ImageObject\",\"inLanguage\":\"fr-FR\",\"@id\":\"https:\\\/\\\/secure.gravatar.com\\\/avatar\\\/a545bbb6f84efdd5553dbbc2895e3ca8f1d12c5215e00a041c9670b54aa9b18a?s=96&d=mm&r=g\",\"url\":\"https:\\\/\\\/secure.gravatar.com\\\/avatar\\\/a545bbb6f84efdd5553dbbc2895e3ca8f1d12c5215e00a041c9670b54aa9b18a?s=96&d=mm&r=g\",\"contentUrl\":\"https:\\\/\\\/secure.gravatar.com\\\/avatar\\\/a545bbb6f84efdd5553dbbc2895e3ca8f1d12c5215e00a041c9670b54aa9b18a?s=96&d=mm&r=g\",\"caption\":\"MC\"},\"url\":\"https:\\\/\\\/www.webdo.tn\\\/fr\\\/actualite\\\/author\\\/mc\\\/\"}]}<\/script>\n<!-- \/ Yoast SEO Premium plugin. -->","yoast_head_json":{"title":"Plusieurs bless\u00e9s dans une attaque au couteau \u00e0 la gare du Nord de Paris","description":"Un homme a bless\u00e9 \u00e0 l\u2019arme blanche plusieurs personnes gare du Nord \u00e0 Paris, t\u00f4t dans la matin\u00e9e de ce mercredi 11 janvier 2023.","canonical":"https:\/\/www.webdo.tn\/fr\/actualite\/international\/plusieurs-blesses-dans-une-attaque-au-couteau-a-la-gare-du-nord-de-paris\/201723\/","og_locale":"fr_FR","og_type":"article","og_title":"Plusieurs bless\u00e9s dans une attaque au couteau \u00e0 la gare du Nord de Paris","og_description":"Un homme a bless\u00e9 \u00e0 l\u2019arme blanche plusieurs personnes gare du Nord \u00e0 Paris, t\u00f4t dans la matin\u00e9e de ce mercredi 11 janvier 2023.","og_url":"https:\/\/www.webdo.tn\/fr\/actualite\/international\/plusieurs-blesses-dans-une-attaque-au-couteau-a-la-gare-du-nord-de-paris\/201723\/","og_site_name":"webdo","article_publisher":"https:\/\/www.facebook.com\/webdotn","article_published_time":"2023-01-11T09:28:00+00:00","article_modified_time":"2025-05-20T22:03:21+00:00","og_image":[{"width":750,"height":400,"url":"https:\/\/www.webdo.tn\/fr\/wp-content\/uploads\/2023\/01\/2bf38184b7d7f6e8a6b3b0042ce47aaf.jpg","type":"image\/jpeg"}],"author":"MC","twitter_card":"summary_large_image","twitter_creator":"@webdo_tn","twitter_site":"@webdo_tn","twitter_misc":{"\u00c9crit par":"MC","Dur\u00e9e de lecture estim\u00e9e":"1 minute"},"schema":{"@context":"https:\/\/schema.org","@graph":[{"@type":"NewsArticle","@id":"https:\/\/www.webdo.tn\/fr\/actualite\/international\/plusieurs-blesses-dans-une-attaque-au-couteau-a-la-gare-du-nord-de-paris\/201723\/#article","isPartOf":{"@id":"https:\/\/www.webdo.tn\/fr\/actualite\/international\/plusieurs-blesses-dans-une-attaque-au-couteau-a-la-gare-du-nord-de-paris\/201723\/"},"author":{"name":"MC","@id":"https:\/\/www.webdo.tn\/fr\/#\/schema\/person\/2c4929cbf5a809e3bd38617c6ce150f6"},"headline":"Plusieurs bless\u00e9s dans une attaque au couteau \u00e0 la gare du Nord de Paris","datePublished":"2023-01-11T09:28:00+00:00","dateModified":"2025-05-20T22:03:21+00:00","mainEntityOfPage":{"@id":"https:\/\/www.webdo.tn\/fr\/actualite\/international\/plusieurs-blesses-dans-une-attaque-au-couteau-a-la-gare-du-nord-de-paris\/201723\/"},"wordCount":151,"commentCount":0,"publisher":{"@id":"https:\/\/www.webdo.tn\/fr\/#organization"},"image":{"@id":"https:\/\/www.webdo.tn\/fr\/actualite\/international\/plusieurs-blesses-dans-une-attaque-au-couteau-a-la-gare-du-nord-de-paris\/201723\/#primaryimage"},"thumbnailUrl":"https:\/\/www.webdo.tn\/fr\/wp-content\/uploads\/2023\/01\/2bf38184b7d7f6e8a6b3b0042ce47aaf.jpg","keywords":["attaque","bless\u00e9s","couteau","Paris"],"articleSection":["International"],"inLanguage":"fr-FR"},{"@type":"WebPage","@id":"https:\/\/www.webdo.tn\/fr\/actualite\/international\/plusieurs-blesses-dans-une-attaque-au-couteau-a-la-gare-du-nord-de-paris\/201723\/","url":"https:\/\/www.webdo.tn\/fr\/actualite\/international\/plusieurs-blesses-dans-une-attaque-au-couteau-a-la-gare-du-nord-de-paris\/201723\/","name":"Plusieurs bless\u00e9s dans une attaque au couteau \u00e0 la gare du Nord de Paris","isPartOf":{"@id":"https:\/\/www.webdo.tn\/fr\/#website"},"primaryImageOfPage":{"@id":"https:\/\/www.webdo.tn\/fr\/actualite\/international\/plusieurs-blesses-dans-une-attaque-au-couteau-a-la-gare-du-nord-de-paris\/201723\/#primaryimage"},"image":{"@id":"https:\/\/www.webdo.tn\/fr\/actualite\/international\/plusieurs-blesses-dans-une-attaque-au-couteau-a-la-gare-du-nord-de-paris\/201723\/#primaryimage"},"thumbnailUrl":"https:\/\/www.webdo.tn\/fr\/wp-content\/uploads\/2023\/01\/2bf38184b7d7f6e8a6b3b0042ce47aaf.jpg","datePublished":"2023-01-11T09:28:00+00:00","dateModified":"2025-05-20T22:03:21+00:00","description":"Un homme a bless\u00e9 \u00e0 l\u2019arme blanche plusieurs personnes gare du Nord \u00e0 Paris, t\u00f4t dans la matin\u00e9e de ce mercredi 11 janvier 2023.","breadcrumb":{"@id":"https:\/\/www.webdo.tn\/fr\/actualite\/international\/plusieurs-blesses-dans-une-attaque-au-couteau-a-la-gare-du-nord-de-paris\/201723\/#breadcrumb"},"inLanguage":"fr-FR","potentialAction":[{"@type":"ReadAction","target":["https:\/\/www.webdo.tn\/fr\/actualite\/international\/plusieurs-blesses-dans-une-attaque-au-couteau-a-la-gare-du-nord-de-paris\/201723\/"]}]},{"@type":"ImageObject","inLanguage":"fr-FR","@id":"https:\/\/www.webdo.tn\/fr\/actualite\/international\/plusieurs-blesses-dans-une-attaque-au-couteau-a-la-gare-du-nord-de-paris\/201723\/#primaryimage","url":"https:\/\/www.webdo.tn\/fr\/wp-content\/uploads\/2023\/01\/2bf38184b7d7f6e8a6b3b0042ce47aaf.jpg","contentUrl":"https:\/\/www.webdo.tn\/fr\/wp-content\/uploads\/2023\/01\/2bf38184b7d7f6e8a6b3b0042ce47aaf.jpg","width":750,"height":400,"caption":"Plusieurs bless\u00e9s dans une attaque au couteau \u00e0 la gare du Nord de Paris"},{"@type":"BreadcrumbList","@id":"https:\/\/www.webdo.tn\/fr\/actualite\/international\/plusieurs-blesses-dans-une-attaque-au-couteau-a-la-gare-du-nord-de-paris\/201723\/#breadcrumb","itemListElement":[{"@type":"ListItem","position":1,"name":"Accueil","item":"https:\/\/www.webdo.tn\/fr\/"},{"@type":"ListItem","position":2,"name":"Plusieurs bless\u00e9s dans une attaque au couteau \u00e0 la gare du Nord de Paris"}]},{"@type":"WebSite","@id":"https:\/\/www.webdo.tn\/fr\/#website","url":"https:\/\/www.webdo.tn\/fr\/","name":"webdo","description":"Tunisie - News en Tunisie et \u00e0 l&#039;international sur Webdo.tn","publisher":{"@id":"https:\/\/www.webdo.tn\/fr\/#organization"},"potentialAction":[{"@type":"SearchAction","target":{"@type":"EntryPoint","urlTemplate":"https:\/\/www.webdo.tn\/fr\/?s={search_term_string}"},"query-input":{"@type":"PropertyValueSpecification","valueRequired":true,"valueName":"search_term_string"}}],"inLanguage":"fr-FR"},{"@type":"Organization","@id":"https:\/\/www.webdo.tn\/fr\/#organization","name":"Webdo","alternateName":"Webdo.tn","url":"https:\/\/www.webdo.tn\/fr\/","logo":{"@type":"ImageObject","inLanguage":"fr-FR","@id":"https:\/\/www.webdo.tn\/fr\/#\/schema\/logo\/image\/","url":"https:\/\/www.webdo.tn\/fr\/wp-content\/uploads\/2025\/06\/Webdo-Tunisie_168377.jpg","contentUrl":"https:\/\/www.webdo.tn\/fr\/wp-content\/uploads\/2025\/06\/Webdo-Tunisie_168377.jpg","width":301,"height":301,"caption":"Webdo"},"image":{"@id":"https:\/\/www.webdo.tn\/fr\/#\/schema\/logo\/image\/"},"sameAs":["https:\/\/www.facebook.com\/webdotn","https:\/\/x.com\/webdo_tn"],"description":"Webdo est un m\u00e9dia num\u00e9rique tunisien fond\u00e9 en 2010, sp\u00e9cialis\u00e9 dans l\u2019actualit\u00e9 nationale et internationale, l\u2019\u00e9conomie, la soci\u00e9t\u00e9 et les analyses politiques. Le site s\u2019adresse \u00e0 un large public francophone et couvre l\u2019information tunisienne en temps r\u00e9el.","email":"redac@webdo.tn","legalName":"YNJ SARL","foundingDate":"2010-09-06","numberOfEmployees":{"@type":"QuantitativeValue","minValue":"11","maxValue":"50"}},{"@type":"Person","@id":"https:\/\/www.webdo.tn\/fr\/#\/schema\/person\/2c4929cbf5a809e3bd38617c6ce150f6","name":"MC","image":{"@type":"ImageObject","inLanguage":"fr-FR","@id":"https:\/\/secure.gravatar.com\/avatar\/a545bbb6f84efdd5553dbbc2895e3ca8f1d12c5215e00a041c9670b54aa9b18a?s=96&d=mm&r=g","url":"https:\/\/secure.gravatar.com\/avatar\/a545bbb6f84efdd5553dbbc2895e3ca8f1d12c5215e00a041c9670b54aa9b18a?s=96&d=mm&r=g","contentUrl":"https:\/\/secure.gravatar.com\/avatar\/a545bbb6f84efdd5553dbbc2895e3ca8f1d12c5215e00a041c9670b54aa9b18a?s=96&d=mm&r=g","caption":"MC"},"url":"https:\/\/www.webdo.tn\/fr\/actualite\/author\/mc\/"}]}},"_links":{"self":[{"href":"https:\/\/www.webdo.tn\/fr\/wp-json\/wp\/v2\/posts\/201723","targetHints":{"allow":["GET"]}}],"collection":[{"href":"https:\/\/www.webdo.tn\/fr\/wp-json\/wp\/v2\/posts"}],"about":[{"href":"https:\/\/www.webdo.tn\/fr\/wp-json\/wp\/v2\/types\/post"}],"author":[{"embeddable":true,"href":"https:\/\/www.webdo.tn\/fr\/wp-json\/wp\/v2\/users\/3162"}],"replies":[{"embeddable":true,"href":"https:\/\/www.webdo.tn\/fr\/wp-json\/wp\/v2\/comments?post=201723"}],"version-history":[{"count":0,"href":"https:\/\/www.webdo.tn\/fr\/wp-json\/wp\/v2\/posts\/201723\/revisions"}],"wp:featuredmedia":[{"embeddable":true,"href":"https:\/\/www.webdo.tn\/fr\/wp-json\/wp\/v2\/media\/252555"}],"wp:attachment":[{"href":"https:\/\/www.webdo.tn\/fr\/wp-json\/wp\/v2\/media?parent=201723"}],"wp:term":[{"taxonomy":"category","embeddable":true,"href":"https:\/\/www.webdo.tn\/fr\/wp-json\/wp\/v2\/categories?post=201723"},{"taxonomy":"post_tag","embeddable":true,"href":"https:\/\/www.webdo.tn\/fr\/wp-json\/wp\/v2\/tags?post=201723"}],"curies":[{"name":"wp","href":"https:\/\/api.w.org\/{rel}","templated":true}]}}