{"id":201721,"date":"2023-01-11T09:10:00","date_gmt":"2023-01-11T09:10:00","guid":{"rendered":"https:\/\/www.webdo.tn\/fr\/blog\/des-parkings-velos-installes-a-la-marsa\/201721\/"},"modified":"2025-05-20T22:03:21","modified_gmt":"2025-05-20T22:03:21","slug":"des-parkings-velos-installes-a-la-marsa","status":"publish","type":"post","link":"https:\/\/www.webdo.tn\/fr\/actualite\/divers\/des-parkings-velos-installes-a-la-marsa\/201721\/","title":{"rendered":"Des parkings v\u00e9los install\u00e9s \u00e0 la Marsa"},"content":{"rendered":"<p>L\u2019association V\u00e9lorution Tunisie inaugurera, samedi prochain, des parkings v\u00e9los install\u00e9s dans quatre sites de la commune de la Marsa. Il s&rsquo;agit des parkings de Saf-Saf, TGM, Oueld El Bey et de la mosqu\u00e9e.<\/p>\n<p>\t\t\t\t\t\t\t\t\tL&rsquo;objectif de cette initiative est de s\u00e9curiser le stationnement des v\u00e9los, encourager les d\u00e9placements urbains \u00e0 v\u00e9lo et contribuer au d\u00e9veloppement d&rsquo;une ville durable, indique l&rsquo;association dans un communiqu\u00e9 publi\u00e9, ce mardi 10 janvier.<\/p>\n<p>Cette d\u00e9marche s&rsquo;inscrit dans le cadre de \u00ab\u00a0Gari Biskletek 2.0\u00a0\u00bb, un projet d&rsquo;installation d&rsquo;infrastructures cyclables et de formation des \u00e9tudiants en mobilit\u00e9 cyclable, lanc\u00e9 en partenariat avec la commune de la Marsa, l&rsquo;Ecole Nationale des Ing\u00e9nieurs de Tunis (ENIT), l&rsquo;Institut Sup\u00e9rieur des Technologies de l&rsquo;Environnement et de l&rsquo;Urbanisme et du B\u00e2timent (ISTEUB) ainsi que l&rsquo;Ecole Nationale d&rsquo;Architecture et d&rsquo;Urbanisme (ENAU).<\/p>\n<p>\u00ab\u00a0Gari Biskletek 2.0\u00a0\u00bb est soutenu par l&rsquo;Institut Goethe Tunisie dans le cadre du projet \u00ab\u00a0Houmtek\u00a0\u00bb (Ton Quartier) visant \u00e0 revaloriser l&rsquo;espace public.<\/p>\n<p>En juin 2022, des \u00e9tudiants laur\u00e9ats d&rsquo;un concours lanc\u00e9 par l&rsquo;association ont r\u00e9alis\u00e9 le design du parking et suivi le projet jusqu&rsquo;\u00e0 son installation dans l&rsquo;espace public.<\/p>\n<p>Depuis sa cr\u00e9ation en 2017, l\u2019association \u00ab\u00a0V\u00e9lorution\u00a0\u00bb \u0153uvre \u00e0 promouvoir le v\u00e9lo en tant que \u00ab\u00a0moyen de transport urbain \u00e9cologique et vecteur d\u2019inclusion sociale et d\u2019\u00e9galit\u00e9 entre les genres\u00a0\u00bb.<\/p>\n","protected":false},"excerpt":{"rendered":"<p>L\u2019association V\u00e9lorution Tunisie inaugurera, samedi prochain, des parkings v\u00e9los install\u00e9s dans quatre sites de la commune de la Marsa. Il s&rsquo;agit des parkings d&#8230;<\/p>\n","protected":false},"author":3162,"featured_media":252553,"comment_status":"open","ping_status":"closed","sticky":false,"template":"","format":"standard","meta":{"footnotes":""},"categories":[2839],"tags":[4043,8872,8871],"class_list":["post-201721","post","type-post","status-publish","format-standard","has-post-thumbnail","hentry","category-divers","tag-la-marsa","tag-parking","tag-velorution"],"yoast_head":"<!-- This site is optimized with the Yoast SEO Premium plugin v27.5 (Yoast SEO v27.5) - https:\/\/yoast.com\/product\/yoast-seo-premium-wordpress\/ -->\n<title>Des parkings v\u00e9los install\u00e9s \u00e0 la Marsa<\/title>\n<meta name=\"description\" content=\"L\u2019association V\u00e9lorution Tunisie inaugurera, samedi prochain, des parkings v\u00e9los install\u00e9s dans quatre sites de la commune de la Marsa. Il s&#039;agit des parkings d...\" \/>\n<link rel=\"canonical\" href=\"https:\/\/www.webdo.tn\/fr\/actualite\/divers\/des-parkings-velos-installes-a-la-marsa\/201721\/\" \/>\n<meta property=\"og:locale\" content=\"fr_FR\" \/>\n<meta property=\"og:type\" content=\"article\" \/>\n<meta property=\"og:title\" content=\"Des parkings v\u00e9los install\u00e9s \u00e0 la Marsa\" \/>\n<meta property=\"og:description\" content=\"L\u2019association V\u00e9lorution Tunisie inaugurera, samedi prochain, des parkings v\u00e9los install\u00e9s dans quatre sites de la commune de la Marsa. Il s&#039;agit des parkings d...\" \/>\n<meta property=\"og:url\" content=\"https:\/\/www.webdo.tn\/fr\/actualite\/divers\/des-parkings-velos-installes-a-la-marsa\/201721\/\" \/>\n<meta property=\"og:site_name\" content=\"webdo\" \/>\n<meta property=\"article:publisher\" content=\"https:\/\/www.facebook.com\/webdotn\" \/>\n<meta property=\"article:published_time\" content=\"2023-01-11T09:10:00+00:00\" \/>\n<meta property=\"article:modified_time\" content=\"2025-05-20T22:03:21+00:00\" \/>\n<meta property=\"og:image\" content=\"https:\/\/www.webdo.tn\/fr\/wp-content\/uploads\/2023\/01\/5f84b6dc14f48419843379711efea0a3.jpg\" \/>\n\t<meta property=\"og:image:width\" content=\"750\" \/>\n\t<meta property=\"og:image:height\" content=\"400\" \/>\n\t<meta property=\"og:image:type\" content=\"image\/jpeg\" \/>\n<meta name=\"author\" content=\"MC\" \/>\n<meta name=\"twitter:card\" content=\"summary_large_image\" \/>\n<meta name=\"twitter:creator\" content=\"@webdo_tn\" \/>\n<meta name=\"twitter:site\" content=\"@webdo_tn\" \/>\n<meta name=\"twitter:label1\" content=\"\u00c9crit par\" \/>\n\t<meta name=\"twitter:data1\" content=\"MC\" \/>\n\t<meta name=\"twitter:label2\" content=\"Dur\u00e9e de lecture estim\u00e9e\" \/>\n\t<meta name=\"twitter:data2\" content=\"1 minute\" \/>\n<script type=\"application\/ld+json\" class=\"yoast-schema-graph\">{\"@context\":\"https:\\\/\\\/schema.org\",\"@graph\":[{\"@type\":\"NewsArticle\",\"@id\":\"https:\\\/\\\/www.webdo.tn\\\/fr\\\/actualite\\\/divers\\\/des-parkings-velos-installes-a-la-marsa\\\/201721\\\/#article\",\"isPartOf\":{\"@id\":\"https:\\\/\\\/www.webdo.tn\\\/fr\\\/actualite\\\/divers\\\/des-parkings-velos-installes-a-la-marsa\\\/201721\\\/\"},\"author\":{\"name\":\"MC\",\"@id\":\"https:\\\/\\\/www.webdo.tn\\\/fr\\\/#\\\/schema\\\/person\\\/2c4929cbf5a809e3bd38617c6ce150f6\"},\"headline\":\"Des parkings v\u00e9los install\u00e9s \u00e0 la Marsa\",\"datePublished\":\"2023-01-11T09:10:00+00:00\",\"dateModified\":\"2025-05-20T22:03:21+00:00\",\"mainEntityOfPage\":{\"@id\":\"https:\\\/\\\/www.webdo.tn\\\/fr\\\/actualite\\\/divers\\\/des-parkings-velos-installes-a-la-marsa\\\/201721\\\/\"},\"wordCount\":246,\"commentCount\":0,\"publisher\":{\"@id\":\"https:\\\/\\\/www.webdo.tn\\\/fr\\\/#organization\"},\"image\":{\"@id\":\"https:\\\/\\\/www.webdo.tn\\\/fr\\\/actualite\\\/divers\\\/des-parkings-velos-installes-a-la-marsa\\\/201721\\\/#primaryimage\"},\"thumbnailUrl\":\"https:\\\/\\\/www.webdo.tn\\\/fr\\\/wp-content\\\/uploads\\\/2023\\\/01\\\/5f84b6dc14f48419843379711efea0a3.jpg\",\"keywords\":[\"La Marsa\",\"parking\",\"velorution\"],\"articleSection\":[\"Divers\"],\"inLanguage\":\"fr-FR\"},{\"@type\":\"WebPage\",\"@id\":\"https:\\\/\\\/www.webdo.tn\\\/fr\\\/actualite\\\/divers\\\/des-parkings-velos-installes-a-la-marsa\\\/201721\\\/\",\"url\":\"https:\\\/\\\/www.webdo.tn\\\/fr\\\/actualite\\\/divers\\\/des-parkings-velos-installes-a-la-marsa\\\/201721\\\/\",\"name\":\"Des parkings v\u00e9los install\u00e9s \u00e0 la Marsa\",\"isPartOf\":{\"@id\":\"https:\\\/\\\/www.webdo.tn\\\/fr\\\/#website\"},\"primaryImageOfPage\":{\"@id\":\"https:\\\/\\\/www.webdo.tn\\\/fr\\\/actualite\\\/divers\\\/des-parkings-velos-installes-a-la-marsa\\\/201721\\\/#primaryimage\"},\"image\":{\"@id\":\"https:\\\/\\\/www.webdo.tn\\\/fr\\\/actualite\\\/divers\\\/des-parkings-velos-installes-a-la-marsa\\\/201721\\\/#primaryimage\"},\"thumbnailUrl\":\"https:\\\/\\\/www.webdo.tn\\\/fr\\\/wp-content\\\/uploads\\\/2023\\\/01\\\/5f84b6dc14f48419843379711efea0a3.jpg\",\"datePublished\":\"2023-01-11T09:10:00+00:00\",\"dateModified\":\"2025-05-20T22:03:21+00:00\",\"description\":\"L\u2019association V\u00e9lorution Tunisie inaugurera, samedi prochain, des parkings v\u00e9los install\u00e9s dans quatre sites de la commune de la Marsa. Il s'agit des parkings d...\",\"breadcrumb\":{\"@id\":\"https:\\\/\\\/www.webdo.tn\\\/fr\\\/actualite\\\/divers\\\/des-parkings-velos-installes-a-la-marsa\\\/201721\\\/#breadcrumb\"},\"inLanguage\":\"fr-FR\",\"potentialAction\":[{\"@type\":\"ReadAction\",\"target\":[\"https:\\\/\\\/www.webdo.tn\\\/fr\\\/actualite\\\/divers\\\/des-parkings-velos-installes-a-la-marsa\\\/201721\\\/\"]}]},{\"@type\":\"ImageObject\",\"inLanguage\":\"fr-FR\",\"@id\":\"https:\\\/\\\/www.webdo.tn\\\/fr\\\/actualite\\\/divers\\\/des-parkings-velos-installes-a-la-marsa\\\/201721\\\/#primaryimage\",\"url\":\"https:\\\/\\\/www.webdo.tn\\\/fr\\\/wp-content\\\/uploads\\\/2023\\\/01\\\/5f84b6dc14f48419843379711efea0a3.jpg\",\"contentUrl\":\"https:\\\/\\\/www.webdo.tn\\\/fr\\\/wp-content\\\/uploads\\\/2023\\\/01\\\/5f84b6dc14f48419843379711efea0a3.jpg\",\"width\":750,\"height\":400,\"caption\":\"Des parkings v\u00e9los install\u00e9s \u00e0 la Marsa\"},{\"@type\":\"BreadcrumbList\",\"@id\":\"https:\\\/\\\/www.webdo.tn\\\/fr\\\/actualite\\\/divers\\\/des-parkings-velos-installes-a-la-marsa\\\/201721\\\/#breadcrumb\",\"itemListElement\":[{\"@type\":\"ListItem\",\"position\":1,\"name\":\"Accueil\",\"item\":\"https:\\\/\\\/www.webdo.tn\\\/fr\\\/\"},{\"@type\":\"ListItem\",\"position\":2,\"name\":\"Des parkings v\u00e9los install\u00e9s \u00e0 la Marsa\"}]},{\"@type\":\"WebSite\",\"@id\":\"https:\\\/\\\/www.webdo.tn\\\/fr\\\/#website\",\"url\":\"https:\\\/\\\/www.webdo.tn\\\/fr\\\/\",\"name\":\"webdo\",\"description\":\"Tunisie - News en Tunisie et \u00e0 l&#039;international sur Webdo.tn\",\"publisher\":{\"@id\":\"https:\\\/\\\/www.webdo.tn\\\/fr\\\/#organization\"},\"potentialAction\":[{\"@type\":\"SearchAction\",\"target\":{\"@type\":\"EntryPoint\",\"urlTemplate\":\"https:\\\/\\\/www.webdo.tn\\\/fr\\\/?s={search_term_string}\"},\"query-input\":{\"@type\":\"PropertyValueSpecification\",\"valueRequired\":true,\"valueName\":\"search_term_string\"}}],\"inLanguage\":\"fr-FR\"},{\"@type\":\"Organization\",\"@id\":\"https:\\\/\\\/www.webdo.tn\\\/fr\\\/#organization\",\"name\":\"Webdo\",\"alternateName\":\"Webdo.tn\",\"url\":\"https:\\\/\\\/www.webdo.tn\\\/fr\\\/\",\"logo\":{\"@type\":\"ImageObject\",\"inLanguage\":\"fr-FR\",\"@id\":\"https:\\\/\\\/www.webdo.tn\\\/fr\\\/#\\\/schema\\\/logo\\\/image\\\/\",\"url\":\"https:\\\/\\\/www.webdo.tn\\\/fr\\\/wp-content\\\/uploads\\\/2025\\\/06\\\/Webdo-Tunisie_168377.jpg\",\"contentUrl\":\"https:\\\/\\\/www.webdo.tn\\\/fr\\\/wp-content\\\/uploads\\\/2025\\\/06\\\/Webdo-Tunisie_168377.jpg\",\"width\":301,\"height\":301,\"caption\":\"Webdo\"},\"image\":{\"@id\":\"https:\\\/\\\/www.webdo.tn\\\/fr\\\/#\\\/schema\\\/logo\\\/image\\\/\"},\"sameAs\":[\"https:\\\/\\\/www.facebook.com\\\/webdotn\",\"https:\\\/\\\/x.com\\\/webdo_tn\"],\"description\":\"Webdo est un m\u00e9dia num\u00e9rique tunisien fond\u00e9 en 2010, sp\u00e9cialis\u00e9 dans l\u2019actualit\u00e9 nationale et internationale, l\u2019\u00e9conomie, la soci\u00e9t\u00e9 et les analyses politiques. Le site s\u2019adresse \u00e0 un large public francophone et couvre l\u2019information tunisienne en temps r\u00e9el.\",\"email\":\"redac@webdo.tn\",\"legalName\":\"YNJ SARL\",\"foundingDate\":\"2010-09-06\",\"numberOfEmployees\":{\"@type\":\"QuantitativeValue\",\"minValue\":\"11\",\"maxValue\":\"50\"}},{\"@type\":\"Person\",\"@id\":\"https:\\\/\\\/www.webdo.tn\\\/fr\\\/#\\\/schema\\\/person\\\/2c4929cbf5a809e3bd38617c6ce150f6\",\"name\":\"MC\",\"image\":{\"@type\":\"ImageObject\",\"inLanguage\":\"fr-FR\",\"@id\":\"https:\\\/\\\/secure.gravatar.com\\\/avatar\\\/a545bbb6f84efdd5553dbbc2895e3ca8f1d12c5215e00a041c9670b54aa9b18a?s=96&d=mm&r=g\",\"url\":\"https:\\\/\\\/secure.gravatar.com\\\/avatar\\\/a545bbb6f84efdd5553dbbc2895e3ca8f1d12c5215e00a041c9670b54aa9b18a?s=96&d=mm&r=g\",\"contentUrl\":\"https:\\\/\\\/secure.gravatar.com\\\/avatar\\\/a545bbb6f84efdd5553dbbc2895e3ca8f1d12c5215e00a041c9670b54aa9b18a?s=96&d=mm&r=g\",\"caption\":\"MC\"},\"url\":\"https:\\\/\\\/www.webdo.tn\\\/fr\\\/actualite\\\/author\\\/mc\\\/\"}]}<\/script>\n<!-- \/ Yoast SEO Premium plugin. -->","yoast_head_json":{"title":"Des parkings v\u00e9los install\u00e9s \u00e0 la Marsa","description":"L\u2019association V\u00e9lorution Tunisie inaugurera, samedi prochain, des parkings v\u00e9los install\u00e9s dans quatre sites de la commune de la Marsa. Il s'agit des parkings d...","canonical":"https:\/\/www.webdo.tn\/fr\/actualite\/divers\/des-parkings-velos-installes-a-la-marsa\/201721\/","og_locale":"fr_FR","og_type":"article","og_title":"Des parkings v\u00e9los install\u00e9s \u00e0 la Marsa","og_description":"L\u2019association V\u00e9lorution Tunisie inaugurera, samedi prochain, des parkings v\u00e9los install\u00e9s dans quatre sites de la commune de la Marsa. Il s'agit des parkings d...","og_url":"https:\/\/www.webdo.tn\/fr\/actualite\/divers\/des-parkings-velos-installes-a-la-marsa\/201721\/","og_site_name":"webdo","article_publisher":"https:\/\/www.facebook.com\/webdotn","article_published_time":"2023-01-11T09:10:00+00:00","article_modified_time":"2025-05-20T22:03:21+00:00","og_image":[{"width":750,"height":400,"url":"https:\/\/www.webdo.tn\/fr\/wp-content\/uploads\/2023\/01\/5f84b6dc14f48419843379711efea0a3.jpg","type":"image\/jpeg"}],"author":"MC","twitter_card":"summary_large_image","twitter_creator":"@webdo_tn","twitter_site":"@webdo_tn","twitter_misc":{"\u00c9crit par":"MC","Dur\u00e9e de lecture estim\u00e9e":"1 minute"},"schema":{"@context":"https:\/\/schema.org","@graph":[{"@type":"NewsArticle","@id":"https:\/\/www.webdo.tn\/fr\/actualite\/divers\/des-parkings-velos-installes-a-la-marsa\/201721\/#article","isPartOf":{"@id":"https:\/\/www.webdo.tn\/fr\/actualite\/divers\/des-parkings-velos-installes-a-la-marsa\/201721\/"},"author":{"name":"MC","@id":"https:\/\/www.webdo.tn\/fr\/#\/schema\/person\/2c4929cbf5a809e3bd38617c6ce150f6"},"headline":"Des parkings v\u00e9los install\u00e9s \u00e0 la Marsa","datePublished":"2023-01-11T09:10:00+00:00","dateModified":"2025-05-20T22:03:21+00:00","mainEntityOfPage":{"@id":"https:\/\/www.webdo.tn\/fr\/actualite\/divers\/des-parkings-velos-installes-a-la-marsa\/201721\/"},"wordCount":246,"commentCount":0,"publisher":{"@id":"https:\/\/www.webdo.tn\/fr\/#organization"},"image":{"@id":"https:\/\/www.webdo.tn\/fr\/actualite\/divers\/des-parkings-velos-installes-a-la-marsa\/201721\/#primaryimage"},"thumbnailUrl":"https:\/\/www.webdo.tn\/fr\/wp-content\/uploads\/2023\/01\/5f84b6dc14f48419843379711efea0a3.jpg","keywords":["La Marsa","parking","velorution"],"articleSection":["Divers"],"inLanguage":"fr-FR"},{"@type":"WebPage","@id":"https:\/\/www.webdo.tn\/fr\/actualite\/divers\/des-parkings-velos-installes-a-la-marsa\/201721\/","url":"https:\/\/www.webdo.tn\/fr\/actualite\/divers\/des-parkings-velos-installes-a-la-marsa\/201721\/","name":"Des parkings v\u00e9los install\u00e9s \u00e0 la Marsa","isPartOf":{"@id":"https:\/\/www.webdo.tn\/fr\/#website"},"primaryImageOfPage":{"@id":"https:\/\/www.webdo.tn\/fr\/actualite\/divers\/des-parkings-velos-installes-a-la-marsa\/201721\/#primaryimage"},"image":{"@id":"https:\/\/www.webdo.tn\/fr\/actualite\/divers\/des-parkings-velos-installes-a-la-marsa\/201721\/#primaryimage"},"thumbnailUrl":"https:\/\/www.webdo.tn\/fr\/wp-content\/uploads\/2023\/01\/5f84b6dc14f48419843379711efea0a3.jpg","datePublished":"2023-01-11T09:10:00+00:00","dateModified":"2025-05-20T22:03:21+00:00","description":"L\u2019association V\u00e9lorution Tunisie inaugurera, samedi prochain, des parkings v\u00e9los install\u00e9s dans quatre sites de la commune de la Marsa. Il s'agit des parkings d...","breadcrumb":{"@id":"https:\/\/www.webdo.tn\/fr\/actualite\/divers\/des-parkings-velos-installes-a-la-marsa\/201721\/#breadcrumb"},"inLanguage":"fr-FR","potentialAction":[{"@type":"ReadAction","target":["https:\/\/www.webdo.tn\/fr\/actualite\/divers\/des-parkings-velos-installes-a-la-marsa\/201721\/"]}]},{"@type":"ImageObject","inLanguage":"fr-FR","@id":"https:\/\/www.webdo.tn\/fr\/actualite\/divers\/des-parkings-velos-installes-a-la-marsa\/201721\/#primaryimage","url":"https:\/\/www.webdo.tn\/fr\/wp-content\/uploads\/2023\/01\/5f84b6dc14f48419843379711efea0a3.jpg","contentUrl":"https:\/\/www.webdo.tn\/fr\/wp-content\/uploads\/2023\/01\/5f84b6dc14f48419843379711efea0a3.jpg","width":750,"height":400,"caption":"Des parkings v\u00e9los install\u00e9s \u00e0 la Marsa"},{"@type":"BreadcrumbList","@id":"https:\/\/www.webdo.tn\/fr\/actualite\/divers\/des-parkings-velos-installes-a-la-marsa\/201721\/#breadcrumb","itemListElement":[{"@type":"ListItem","position":1,"name":"Accueil","item":"https:\/\/www.webdo.tn\/fr\/"},{"@type":"ListItem","position":2,"name":"Des parkings v\u00e9los install\u00e9s \u00e0 la Marsa"}]},{"@type":"WebSite","@id":"https:\/\/www.webdo.tn\/fr\/#website","url":"https:\/\/www.webdo.tn\/fr\/","name":"webdo","description":"Tunisie - News en Tunisie et \u00e0 l&#039;international sur Webdo.tn","publisher":{"@id":"https:\/\/www.webdo.tn\/fr\/#organization"},"potentialAction":[{"@type":"SearchAction","target":{"@type":"EntryPoint","urlTemplate":"https:\/\/www.webdo.tn\/fr\/?s={search_term_string}"},"query-input":{"@type":"PropertyValueSpecification","valueRequired":true,"valueName":"search_term_string"}}],"inLanguage":"fr-FR"},{"@type":"Organization","@id":"https:\/\/www.webdo.tn\/fr\/#organization","name":"Webdo","alternateName":"Webdo.tn","url":"https:\/\/www.webdo.tn\/fr\/","logo":{"@type":"ImageObject","inLanguage":"fr-FR","@id":"https:\/\/www.webdo.tn\/fr\/#\/schema\/logo\/image\/","url":"https:\/\/www.webdo.tn\/fr\/wp-content\/uploads\/2025\/06\/Webdo-Tunisie_168377.jpg","contentUrl":"https:\/\/www.webdo.tn\/fr\/wp-content\/uploads\/2025\/06\/Webdo-Tunisie_168377.jpg","width":301,"height":301,"caption":"Webdo"},"image":{"@id":"https:\/\/www.webdo.tn\/fr\/#\/schema\/logo\/image\/"},"sameAs":["https:\/\/www.facebook.com\/webdotn","https:\/\/x.com\/webdo_tn"],"description":"Webdo est un m\u00e9dia num\u00e9rique tunisien fond\u00e9 en 2010, sp\u00e9cialis\u00e9 dans l\u2019actualit\u00e9 nationale et internationale, l\u2019\u00e9conomie, la soci\u00e9t\u00e9 et les analyses politiques. Le site s\u2019adresse \u00e0 un large public francophone et couvre l\u2019information tunisienne en temps r\u00e9el.","email":"redac@webdo.tn","legalName":"YNJ SARL","foundingDate":"2010-09-06","numberOfEmployees":{"@type":"QuantitativeValue","minValue":"11","maxValue":"50"}},{"@type":"Person","@id":"https:\/\/www.webdo.tn\/fr\/#\/schema\/person\/2c4929cbf5a809e3bd38617c6ce150f6","name":"MC","image":{"@type":"ImageObject","inLanguage":"fr-FR","@id":"https:\/\/secure.gravatar.com\/avatar\/a545bbb6f84efdd5553dbbc2895e3ca8f1d12c5215e00a041c9670b54aa9b18a?s=96&d=mm&r=g","url":"https:\/\/secure.gravatar.com\/avatar\/a545bbb6f84efdd5553dbbc2895e3ca8f1d12c5215e00a041c9670b54aa9b18a?s=96&d=mm&r=g","contentUrl":"https:\/\/secure.gravatar.com\/avatar\/a545bbb6f84efdd5553dbbc2895e3ca8f1d12c5215e00a041c9670b54aa9b18a?s=96&d=mm&r=g","caption":"MC"},"url":"https:\/\/www.webdo.tn\/fr\/actualite\/author\/mc\/"}]}},"_links":{"self":[{"href":"https:\/\/www.webdo.tn\/fr\/wp-json\/wp\/v2\/posts\/201721","targetHints":{"allow":["GET"]}}],"collection":[{"href":"https:\/\/www.webdo.tn\/fr\/wp-json\/wp\/v2\/posts"}],"about":[{"href":"https:\/\/www.webdo.tn\/fr\/wp-json\/wp\/v2\/types\/post"}],"author":[{"embeddable":true,"href":"https:\/\/www.webdo.tn\/fr\/wp-json\/wp\/v2\/users\/3162"}],"replies":[{"embeddable":true,"href":"https:\/\/www.webdo.tn\/fr\/wp-json\/wp\/v2\/comments?post=201721"}],"version-history":[{"count":0,"href":"https:\/\/www.webdo.tn\/fr\/wp-json\/wp\/v2\/posts\/201721\/revisions"}],"wp:featuredmedia":[{"embeddable":true,"href":"https:\/\/www.webdo.tn\/fr\/wp-json\/wp\/v2\/media\/252553"}],"wp:attachment":[{"href":"https:\/\/www.webdo.tn\/fr\/wp-json\/wp\/v2\/media?parent=201721"}],"wp:term":[{"taxonomy":"category","embeddable":true,"href":"https:\/\/www.webdo.tn\/fr\/wp-json\/wp\/v2\/categories?post=201721"},{"taxonomy":"post_tag","embeddable":true,"href":"https:\/\/www.webdo.tn\/fr\/wp-json\/wp\/v2\/tags?post=201721"}],"curies":[{"name":"wp","href":"https:\/\/api.w.org\/{rel}","templated":true}]}}