{"id":201711,"date":"2023-01-10T20:59:00","date_gmt":"2023-01-10T20:59:00","guid":{"rendered":"https:\/\/www.webdo.tn\/fr\/blog\/ayachi-hammami-maintenu-en-etat-de-liberte\/201711\/"},"modified":"2025-05-22T12:24:42","modified_gmt":"2025-05-22T12:24:42","slug":"ayachi-hammami-maintenu-en-etat-de-liberte","status":"publish","type":"post","link":"https:\/\/www.webdo.tn\/fr\/actualite\/national\/ayachi-hammami-maintenu-en-etat-de-liberte\/201711\/","title":{"rendered":"Ayachi Hammami maintenu en \u00e9tat de libert\u00e9"},"content":{"rendered":"<p>Ayachi Hammami a comparu, ce mardi 10 janvier 2023, devant le juge d\u2019instruction au Tribunal de premi\u00e8re instance de Tunis. Une comparution qui fait suite \u00e0 la plainte d\u00e9pos\u00e9e \u00e0 son encontre par la ministre de la Justice, Le\u00efla Jaffel, en vertu du d\u00e9cret 54.<\/p>\n<p> Le juge d&rsquo;instruction aupr\u00e8s du Tribunal de premi\u00e8re instance de Tunis a d\u00e9cid\u00e9 de maintenir l&rsquo;avocat, l&rsquo;ancien ministre aupr\u00e8s du chef du gouvernement charg\u00e9 des Droits de l&rsquo;homme et le coordinateur du comit\u00e9 de d\u00e9fense des 57 magistrats r\u00e9voqu\u00e9s, en \u00e9tat de libert\u00e9.<\/p>\n<p>Ayachi Hammami est accus\u00e9 par la ministre de la Justice de \u00ab\u00a0diffusion de fausses rumeurs dans le but de porter atteinte aux droits d&rsquo;autrui et de porter pr\u00e9judice \u00e0 la s\u00fbret\u00e9 publique\u00a0\u00bb et \u00ab\u00a0d&rsquo;attribution de donn\u00e9es infond\u00e9es visant \u00e0 diffamer les autres\u00a0\u00bb, a b\u00e9n\u00e9fici\u00e9 d\u2019une mobilisation sans faille.<\/p>\n<p>Avocats et repr\u00e9sentants d&rsquo;organisations et partis politiques ont observ\u00e9, aujourd\u2019hui, un rassemblement de protestation devant le tribunal de premi\u00e8re instance de Tunis en solidarit\u00e9 avec lui. Selon le b\u00e2tonnier des avocats, Hatem Mziou, plus de 140 avocats ont m\u00eame d\u00e9pos\u00e9 une demande pour d\u00e9fendre leur coll\u00e8gue.<\/p>\n<p>Dans une d\u00e9claration \u00e0 Mosaique fm, il a r\u00e9v\u00e9l\u00e9 que les avocats ont d\u00e9pos\u00e9 plusieurs \u00e9l\u00e9ments qui prouvent que les mesures de traduction de Hammami devant la justice sont ill\u00e9gales, r\u00e9clamant ainsi la suspension des poursuites.<\/p>\n<p>S&rsquo;exprimant devant le tribunal, Ayachi Hammami a estim\u00e9 qu&rsquo;il fait l&rsquo;objet d&rsquo;accusations \u00ab\u00a0\u00e0 caract\u00e8re politique \u00a0\u00bb dans une affaire d&rsquo;opinion publique par excellence qui traduit le traitement du gouvernement avec l&rsquo;opposition et les voix libres sur la base de \u00ab\u00a0lois discriminatoires\u00a0\u00bb. Il a accus\u00e9 le pr\u00e9sident de la R\u00e9publique Kais Saied de vouloir mettre la main sur la magistrature et sur le pouvoir judiciaire qu&rsquo;il veut r\u00e9duire \u00e0 une simple \u00ab\u00a0fonction\u00a0\u00bb.<\/p>\n<p>Anas Hmaidi, pr\u00e9sident de l&rsquo;Association des Magistrats Tunisiens (AMT) a estim\u00e9, pour sa part, que cette nouvelle \u00e9tape a \u00e9t\u00e9 pr\u00e9c\u00e9d\u00e9e par la \u00ab\u00a0violation de l&rsquo;ind\u00e9pendance de la magistrature\u00a0\u00bb \u00e0 travers notamment la r\u00e9vocation de plusieurs magistrats avec de faux dossiers falsifi\u00e9s et des rapports confidentiels et le refus d&rsquo;appliquer les d\u00e9cisions du tribunal administratif.<\/p>\n<p>Pour le b\u00e2tonnier des avocats, cette poursuite touche \u00e0 la libert\u00e9 d\u2019expression et aux acquis des Tunisiens, au droit de critiquer et de donner son avis. Il a expliqu\u00e9 que Ayachi Hammami a donn\u00e9 son avis en tant qu\u2019avocat, pr\u00e9sident de la Commission de d\u00e9fense des magistrats r\u00e9voqu\u00e9s.<\/p>\n<p>Ayachi Hammami avait \u00e9t\u00e9 convoqu\u00e9 au sens du d\u00e9cret-loi 54, \u00e9tant donn\u00e9 qu&rsquo;il s&rsquo;\u00e9tait exprim\u00e9 sur \u00ab\u00a0Shems FM\u00a0\u00bb, \u00e0 propos de la question des juges r\u00e9voqu\u00e9s, et a estim\u00e9 qu&rsquo;ils \u00e9taient \u00ab\u00a0l\u00e9s\u00e9s\u00a0\u00bb par le ministre de la Justice, qui, selon lui, \u00ab\u00a0a commis une infraction de non-ex\u00e9cution des d\u00e9cisions de justice\u00a0\u00bb.<\/p>\n","protected":false},"excerpt":{"rendered":"<p>Ayachi Hammami a comparu, ce mardi 10 janvier 2023, devant le juge d\u2019instruction au Tribunal de premi\u00e8re instance de Tunis. Une comparution qui fait suite \u00e0 la&#8230;<\/p>\n","protected":false},"author":3162,"featured_media":277542,"comment_status":"open","ping_status":"closed","sticky":false,"template":"","format":"standard","meta":{"footnotes":""},"categories":[44],"tags":[7766,8355,2619,5018],"class_list":["post-201711","post","type-post","status-publish","format-standard","has-post-thumbnail","hentry","category-national","tag-ayachi-hammami","tag-juges-revoques","tag-justice","tag-leila-jaffel"],"yoast_head":"<!-- This site is optimized with the Yoast SEO Premium plugin v27.5 (Yoast SEO v27.5) - https:\/\/yoast.com\/product\/yoast-seo-premium-wordpress\/ -->\n<title>Ayachi Hammami maintenu en \u00e9tat de libert\u00e9<\/title>\n<meta name=\"description\" content=\"Ayachi Hammami a comparu, ce mardi 10 janvier 2023, devant le juge d\u2019instruction au Tribunal de premi\u00e8re instance de Tunis. Une comparution qui fait suite \u00e0 la...\" \/>\n<link rel=\"canonical\" href=\"https:\/\/www.webdo.tn\/fr\/actualite\/national-45\/ayachi-hammami-maintenu-en-etat-de-liberte\/201711\/\" \/>\n<meta property=\"og:locale\" content=\"fr_FR\" \/>\n<meta property=\"og:type\" content=\"article\" \/>\n<meta property=\"og:title\" content=\"Ayachi Hammami maintenu en \u00e9tat de libert\u00e9\" \/>\n<meta property=\"og:description\" content=\"Ayachi Hammami a comparu, ce mardi 10 janvier 2023, devant le juge d\u2019instruction au Tribunal de premi\u00e8re instance de Tunis. Une comparution qui fait suite \u00e0 la...\" \/>\n<meta property=\"og:url\" content=\"https:\/\/www.webdo.tn\/fr\/actualite\/national-45\/ayachi-hammami-maintenu-en-etat-de-liberte\/201711\/\" \/>\n<meta property=\"og:site_name\" content=\"webdo\" \/>\n<meta property=\"article:publisher\" content=\"https:\/\/www.facebook.com\/webdotn\" \/>\n<meta property=\"article:published_time\" content=\"2023-01-10T20:59:00+00:00\" \/>\n<meta property=\"article:modified_time\" content=\"2025-05-22T12:24:42+00:00\" \/>\n<meta property=\"og:image\" content=\"https:\/\/www.webdo.tn\/fr\/wp-content\/uploads\/2023\/01\/cb7e4aef7bc54a1aa2a7bf6ac610c4ea.jpg\" \/>\n\t<meta property=\"og:image:width\" content=\"750\" \/>\n\t<meta property=\"og:image:height\" content=\"400\" \/>\n\t<meta property=\"og:image:type\" content=\"image\/jpeg\" \/>\n<meta name=\"author\" content=\"MC\" \/>\n<meta name=\"twitter:card\" content=\"summary_large_image\" \/>\n<meta name=\"twitter:creator\" content=\"@webdo_tn\" \/>\n<meta name=\"twitter:site\" content=\"@webdo_tn\" \/>\n<meta name=\"twitter:label1\" content=\"\u00c9crit par\" \/>\n\t<meta name=\"twitter:data1\" content=\"MC\" \/>\n\t<meta name=\"twitter:label2\" content=\"Dur\u00e9e de lecture estim\u00e9e\" \/>\n\t<meta name=\"twitter:data2\" content=\"2 minutes\" \/>\n<script type=\"application\/ld+json\" class=\"yoast-schema-graph\">{\"@context\":\"https:\\\/\\\/schema.org\",\"@graph\":[{\"@type\":\"NewsArticle\",\"@id\":\"https:\\\/\\\/www.webdo.tn\\\/fr\\\/actualite\\\/national-45\\\/ayachi-hammami-maintenu-en-etat-de-liberte\\\/201711\\\/#article\",\"isPartOf\":{\"@id\":\"https:\\\/\\\/www.webdo.tn\\\/fr\\\/actualite\\\/national-45\\\/ayachi-hammami-maintenu-en-etat-de-liberte\\\/201711\\\/\"},\"author\":{\"name\":\"MC\",\"@id\":\"https:\\\/\\\/www.webdo.tn\\\/fr\\\/#\\\/schema\\\/person\\\/2c4929cbf5a809e3bd38617c6ce150f6\"},\"headline\":\"Ayachi Hammami maintenu en \u00e9tat de libert\u00e9\",\"datePublished\":\"2023-01-10T20:59:00+00:00\",\"dateModified\":\"2025-05-22T12:24:42+00:00\",\"mainEntityOfPage\":{\"@id\":\"https:\\\/\\\/www.webdo.tn\\\/fr\\\/actualite\\\/national-45\\\/ayachi-hammami-maintenu-en-etat-de-liberte\\\/201711\\\/\"},\"wordCount\":514,\"commentCount\":0,\"publisher\":{\"@id\":\"https:\\\/\\\/www.webdo.tn\\\/fr\\\/#organization\"},\"image\":{\"@id\":\"https:\\\/\\\/www.webdo.tn\\\/fr\\\/actualite\\\/national-45\\\/ayachi-hammami-maintenu-en-etat-de-liberte\\\/201711\\\/#primaryimage\"},\"thumbnailUrl\":\"https:\\\/\\\/www.webdo.tn\\\/fr\\\/wp-content\\\/uploads\\\/2023\\\/01\\\/cb7e4aef7bc54a1aa2a7bf6ac610c4ea.jpg\",\"keywords\":[\"Ayachi Hammami\",\"juges r\u00e9voqu\u00e9s\",\"justice\",\"Leila Jaffel\"],\"articleSection\":[\"National\"],\"inLanguage\":\"fr-FR\"},{\"@type\":\"WebPage\",\"@id\":\"https:\\\/\\\/www.webdo.tn\\\/fr\\\/actualite\\\/national-45\\\/ayachi-hammami-maintenu-en-etat-de-liberte\\\/201711\\\/\",\"url\":\"https:\\\/\\\/www.webdo.tn\\\/fr\\\/actualite\\\/national-45\\\/ayachi-hammami-maintenu-en-etat-de-liberte\\\/201711\\\/\",\"name\":\"Ayachi Hammami maintenu en \u00e9tat de libert\u00e9\",\"isPartOf\":{\"@id\":\"https:\\\/\\\/www.webdo.tn\\\/fr\\\/#website\"},\"primaryImageOfPage\":{\"@id\":\"https:\\\/\\\/www.webdo.tn\\\/fr\\\/actualite\\\/national-45\\\/ayachi-hammami-maintenu-en-etat-de-liberte\\\/201711\\\/#primaryimage\"},\"image\":{\"@id\":\"https:\\\/\\\/www.webdo.tn\\\/fr\\\/actualite\\\/national-45\\\/ayachi-hammami-maintenu-en-etat-de-liberte\\\/201711\\\/#primaryimage\"},\"thumbnailUrl\":\"https:\\\/\\\/www.webdo.tn\\\/fr\\\/wp-content\\\/uploads\\\/2023\\\/01\\\/cb7e4aef7bc54a1aa2a7bf6ac610c4ea.jpg\",\"datePublished\":\"2023-01-10T20:59:00+00:00\",\"dateModified\":\"2025-05-22T12:24:42+00:00\",\"description\":\"Ayachi Hammami a comparu, ce mardi 10 janvier 2023, devant le juge d\u2019instruction au Tribunal de premi\u00e8re instance de Tunis. Une comparution qui fait suite \u00e0 la...\",\"breadcrumb\":{\"@id\":\"https:\\\/\\\/www.webdo.tn\\\/fr\\\/actualite\\\/national-45\\\/ayachi-hammami-maintenu-en-etat-de-liberte\\\/201711\\\/#breadcrumb\"},\"inLanguage\":\"fr-FR\",\"potentialAction\":[{\"@type\":\"ReadAction\",\"target\":[\"https:\\\/\\\/www.webdo.tn\\\/fr\\\/actualite\\\/national-45\\\/ayachi-hammami-maintenu-en-etat-de-liberte\\\/201711\\\/\"]}]},{\"@type\":\"ImageObject\",\"inLanguage\":\"fr-FR\",\"@id\":\"https:\\\/\\\/www.webdo.tn\\\/fr\\\/actualite\\\/national-45\\\/ayachi-hammami-maintenu-en-etat-de-liberte\\\/201711\\\/#primaryimage\",\"url\":\"https:\\\/\\\/www.webdo.tn\\\/fr\\\/wp-content\\\/uploads\\\/2023\\\/01\\\/cb7e4aef7bc54a1aa2a7bf6ac610c4ea.jpg\",\"contentUrl\":\"https:\\\/\\\/www.webdo.tn\\\/fr\\\/wp-content\\\/uploads\\\/2023\\\/01\\\/cb7e4aef7bc54a1aa2a7bf6ac610c4ea.jpg\",\"width\":750,\"height\":400,\"caption\":\"Ayachi Hammami maintenu en \u00e9tat de libert\u00e9\"},{\"@type\":\"BreadcrumbList\",\"@id\":\"https:\\\/\\\/www.webdo.tn\\\/fr\\\/actualite\\\/national-45\\\/ayachi-hammami-maintenu-en-etat-de-liberte\\\/201711\\\/#breadcrumb\",\"itemListElement\":[{\"@type\":\"ListItem\",\"position\":1,\"name\":\"Accueil\",\"item\":\"https:\\\/\\\/www.webdo.tn\\\/fr\\\/\"},{\"@type\":\"ListItem\",\"position\":2,\"name\":\"Ayachi Hammami maintenu en \u00e9tat de libert\u00e9\"}]},{\"@type\":\"WebSite\",\"@id\":\"https:\\\/\\\/www.webdo.tn\\\/fr\\\/#website\",\"url\":\"https:\\\/\\\/www.webdo.tn\\\/fr\\\/\",\"name\":\"webdo\",\"description\":\"Tunisie - News en Tunisie et \u00e0 l&#039;international sur Webdo.tn\",\"publisher\":{\"@id\":\"https:\\\/\\\/www.webdo.tn\\\/fr\\\/#organization\"},\"potentialAction\":[{\"@type\":\"SearchAction\",\"target\":{\"@type\":\"EntryPoint\",\"urlTemplate\":\"https:\\\/\\\/www.webdo.tn\\\/fr\\\/?s={search_term_string}\"},\"query-input\":{\"@type\":\"PropertyValueSpecification\",\"valueRequired\":true,\"valueName\":\"search_term_string\"}}],\"inLanguage\":\"fr-FR\"},{\"@type\":\"Organization\",\"@id\":\"https:\\\/\\\/www.webdo.tn\\\/fr\\\/#organization\",\"name\":\"Webdo\",\"alternateName\":\"Webdo.tn\",\"url\":\"https:\\\/\\\/www.webdo.tn\\\/fr\\\/\",\"logo\":{\"@type\":\"ImageObject\",\"inLanguage\":\"fr-FR\",\"@id\":\"https:\\\/\\\/www.webdo.tn\\\/fr\\\/#\\\/schema\\\/logo\\\/image\\\/\",\"url\":\"https:\\\/\\\/www.webdo.tn\\\/fr\\\/wp-content\\\/uploads\\\/2025\\\/06\\\/Webdo-Tunisie_168377.jpg\",\"contentUrl\":\"https:\\\/\\\/www.webdo.tn\\\/fr\\\/wp-content\\\/uploads\\\/2025\\\/06\\\/Webdo-Tunisie_168377.jpg\",\"width\":301,\"height\":301,\"caption\":\"Webdo\"},\"image\":{\"@id\":\"https:\\\/\\\/www.webdo.tn\\\/fr\\\/#\\\/schema\\\/logo\\\/image\\\/\"},\"sameAs\":[\"https:\\\/\\\/www.facebook.com\\\/webdotn\",\"https:\\\/\\\/x.com\\\/webdo_tn\"],\"description\":\"Webdo est un m\u00e9dia num\u00e9rique tunisien fond\u00e9 en 2010, sp\u00e9cialis\u00e9 dans l\u2019actualit\u00e9 nationale et internationale, l\u2019\u00e9conomie, la soci\u00e9t\u00e9 et les analyses politiques. Le site s\u2019adresse \u00e0 un large public francophone et couvre l\u2019information tunisienne en temps r\u00e9el.\",\"email\":\"redac@webdo.tn\",\"legalName\":\"YNJ SARL\",\"foundingDate\":\"2010-09-06\",\"numberOfEmployees\":{\"@type\":\"QuantitativeValue\",\"minValue\":\"11\",\"maxValue\":\"50\"}},{\"@type\":\"Person\",\"@id\":\"https:\\\/\\\/www.webdo.tn\\\/fr\\\/#\\\/schema\\\/person\\\/2c4929cbf5a809e3bd38617c6ce150f6\",\"name\":\"MC\",\"image\":{\"@type\":\"ImageObject\",\"inLanguage\":\"fr-FR\",\"@id\":\"https:\\\/\\\/secure.gravatar.com\\\/avatar\\\/a545bbb6f84efdd5553dbbc2895e3ca8f1d12c5215e00a041c9670b54aa9b18a?s=96&d=mm&r=g\",\"url\":\"https:\\\/\\\/secure.gravatar.com\\\/avatar\\\/a545bbb6f84efdd5553dbbc2895e3ca8f1d12c5215e00a041c9670b54aa9b18a?s=96&d=mm&r=g\",\"contentUrl\":\"https:\\\/\\\/secure.gravatar.com\\\/avatar\\\/a545bbb6f84efdd5553dbbc2895e3ca8f1d12c5215e00a041c9670b54aa9b18a?s=96&d=mm&r=g\",\"caption\":\"MC\"},\"url\":\"https:\\\/\\\/www.webdo.tn\\\/fr\\\/actualite\\\/author\\\/mc\\\/\"}]}<\/script>\n<!-- \/ Yoast SEO Premium plugin. -->","yoast_head_json":{"title":"Ayachi Hammami maintenu en \u00e9tat de libert\u00e9","description":"Ayachi Hammami a comparu, ce mardi 10 janvier 2023, devant le juge d\u2019instruction au Tribunal de premi\u00e8re instance de Tunis. Une comparution qui fait suite \u00e0 la...","canonical":"https:\/\/www.webdo.tn\/fr\/actualite\/national-45\/ayachi-hammami-maintenu-en-etat-de-liberte\/201711\/","og_locale":"fr_FR","og_type":"article","og_title":"Ayachi Hammami maintenu en \u00e9tat de libert\u00e9","og_description":"Ayachi Hammami a comparu, ce mardi 10 janvier 2023, devant le juge d\u2019instruction au Tribunal de premi\u00e8re instance de Tunis. Une comparution qui fait suite \u00e0 la...","og_url":"https:\/\/www.webdo.tn\/fr\/actualite\/national-45\/ayachi-hammami-maintenu-en-etat-de-liberte\/201711\/","og_site_name":"webdo","article_publisher":"https:\/\/www.facebook.com\/webdotn","article_published_time":"2023-01-10T20:59:00+00:00","article_modified_time":"2025-05-22T12:24:42+00:00","og_image":[{"width":750,"height":400,"url":"https:\/\/www.webdo.tn\/fr\/wp-content\/uploads\/2023\/01\/cb7e4aef7bc54a1aa2a7bf6ac610c4ea.jpg","type":"image\/jpeg"}],"author":"MC","twitter_card":"summary_large_image","twitter_creator":"@webdo_tn","twitter_site":"@webdo_tn","twitter_misc":{"\u00c9crit par":"MC","Dur\u00e9e de lecture estim\u00e9e":"2 minutes"},"schema":{"@context":"https:\/\/schema.org","@graph":[{"@type":"NewsArticle","@id":"https:\/\/www.webdo.tn\/fr\/actualite\/national-45\/ayachi-hammami-maintenu-en-etat-de-liberte\/201711\/#article","isPartOf":{"@id":"https:\/\/www.webdo.tn\/fr\/actualite\/national-45\/ayachi-hammami-maintenu-en-etat-de-liberte\/201711\/"},"author":{"name":"MC","@id":"https:\/\/www.webdo.tn\/fr\/#\/schema\/person\/2c4929cbf5a809e3bd38617c6ce150f6"},"headline":"Ayachi Hammami maintenu en \u00e9tat de libert\u00e9","datePublished":"2023-01-10T20:59:00+00:00","dateModified":"2025-05-22T12:24:42+00:00","mainEntityOfPage":{"@id":"https:\/\/www.webdo.tn\/fr\/actualite\/national-45\/ayachi-hammami-maintenu-en-etat-de-liberte\/201711\/"},"wordCount":514,"commentCount":0,"publisher":{"@id":"https:\/\/www.webdo.tn\/fr\/#organization"},"image":{"@id":"https:\/\/www.webdo.tn\/fr\/actualite\/national-45\/ayachi-hammami-maintenu-en-etat-de-liberte\/201711\/#primaryimage"},"thumbnailUrl":"https:\/\/www.webdo.tn\/fr\/wp-content\/uploads\/2023\/01\/cb7e4aef7bc54a1aa2a7bf6ac610c4ea.jpg","keywords":["Ayachi Hammami","juges r\u00e9voqu\u00e9s","justice","Leila Jaffel"],"articleSection":["National"],"inLanguage":"fr-FR"},{"@type":"WebPage","@id":"https:\/\/www.webdo.tn\/fr\/actualite\/national-45\/ayachi-hammami-maintenu-en-etat-de-liberte\/201711\/","url":"https:\/\/www.webdo.tn\/fr\/actualite\/national-45\/ayachi-hammami-maintenu-en-etat-de-liberte\/201711\/","name":"Ayachi Hammami maintenu en \u00e9tat de libert\u00e9","isPartOf":{"@id":"https:\/\/www.webdo.tn\/fr\/#website"},"primaryImageOfPage":{"@id":"https:\/\/www.webdo.tn\/fr\/actualite\/national-45\/ayachi-hammami-maintenu-en-etat-de-liberte\/201711\/#primaryimage"},"image":{"@id":"https:\/\/www.webdo.tn\/fr\/actualite\/national-45\/ayachi-hammami-maintenu-en-etat-de-liberte\/201711\/#primaryimage"},"thumbnailUrl":"https:\/\/www.webdo.tn\/fr\/wp-content\/uploads\/2023\/01\/cb7e4aef7bc54a1aa2a7bf6ac610c4ea.jpg","datePublished":"2023-01-10T20:59:00+00:00","dateModified":"2025-05-22T12:24:42+00:00","description":"Ayachi Hammami a comparu, ce mardi 10 janvier 2023, devant le juge d\u2019instruction au Tribunal de premi\u00e8re instance de Tunis. Une comparution qui fait suite \u00e0 la...","breadcrumb":{"@id":"https:\/\/www.webdo.tn\/fr\/actualite\/national-45\/ayachi-hammami-maintenu-en-etat-de-liberte\/201711\/#breadcrumb"},"inLanguage":"fr-FR","potentialAction":[{"@type":"ReadAction","target":["https:\/\/www.webdo.tn\/fr\/actualite\/national-45\/ayachi-hammami-maintenu-en-etat-de-liberte\/201711\/"]}]},{"@type":"ImageObject","inLanguage":"fr-FR","@id":"https:\/\/www.webdo.tn\/fr\/actualite\/national-45\/ayachi-hammami-maintenu-en-etat-de-liberte\/201711\/#primaryimage","url":"https:\/\/www.webdo.tn\/fr\/wp-content\/uploads\/2023\/01\/cb7e4aef7bc54a1aa2a7bf6ac610c4ea.jpg","contentUrl":"https:\/\/www.webdo.tn\/fr\/wp-content\/uploads\/2023\/01\/cb7e4aef7bc54a1aa2a7bf6ac610c4ea.jpg","width":750,"height":400,"caption":"Ayachi Hammami maintenu en \u00e9tat de libert\u00e9"},{"@type":"BreadcrumbList","@id":"https:\/\/www.webdo.tn\/fr\/actualite\/national-45\/ayachi-hammami-maintenu-en-etat-de-liberte\/201711\/#breadcrumb","itemListElement":[{"@type":"ListItem","position":1,"name":"Accueil","item":"https:\/\/www.webdo.tn\/fr\/"},{"@type":"ListItem","position":2,"name":"Ayachi Hammami maintenu en \u00e9tat de libert\u00e9"}]},{"@type":"WebSite","@id":"https:\/\/www.webdo.tn\/fr\/#website","url":"https:\/\/www.webdo.tn\/fr\/","name":"webdo","description":"Tunisie - News en Tunisie et \u00e0 l&#039;international sur Webdo.tn","publisher":{"@id":"https:\/\/www.webdo.tn\/fr\/#organization"},"potentialAction":[{"@type":"SearchAction","target":{"@type":"EntryPoint","urlTemplate":"https:\/\/www.webdo.tn\/fr\/?s={search_term_string}"},"query-input":{"@type":"PropertyValueSpecification","valueRequired":true,"valueName":"search_term_string"}}],"inLanguage":"fr-FR"},{"@type":"Organization","@id":"https:\/\/www.webdo.tn\/fr\/#organization","name":"Webdo","alternateName":"Webdo.tn","url":"https:\/\/www.webdo.tn\/fr\/","logo":{"@type":"ImageObject","inLanguage":"fr-FR","@id":"https:\/\/www.webdo.tn\/fr\/#\/schema\/logo\/image\/","url":"https:\/\/www.webdo.tn\/fr\/wp-content\/uploads\/2025\/06\/Webdo-Tunisie_168377.jpg","contentUrl":"https:\/\/www.webdo.tn\/fr\/wp-content\/uploads\/2025\/06\/Webdo-Tunisie_168377.jpg","width":301,"height":301,"caption":"Webdo"},"image":{"@id":"https:\/\/www.webdo.tn\/fr\/#\/schema\/logo\/image\/"},"sameAs":["https:\/\/www.facebook.com\/webdotn","https:\/\/x.com\/webdo_tn"],"description":"Webdo est un m\u00e9dia num\u00e9rique tunisien fond\u00e9 en 2010, sp\u00e9cialis\u00e9 dans l\u2019actualit\u00e9 nationale et internationale, l\u2019\u00e9conomie, la soci\u00e9t\u00e9 et les analyses politiques. Le site s\u2019adresse \u00e0 un large public francophone et couvre l\u2019information tunisienne en temps r\u00e9el.","email":"redac@webdo.tn","legalName":"YNJ SARL","foundingDate":"2010-09-06","numberOfEmployees":{"@type":"QuantitativeValue","minValue":"11","maxValue":"50"}},{"@type":"Person","@id":"https:\/\/www.webdo.tn\/fr\/#\/schema\/person\/2c4929cbf5a809e3bd38617c6ce150f6","name":"MC","image":{"@type":"ImageObject","inLanguage":"fr-FR","@id":"https:\/\/secure.gravatar.com\/avatar\/a545bbb6f84efdd5553dbbc2895e3ca8f1d12c5215e00a041c9670b54aa9b18a?s=96&d=mm&r=g","url":"https:\/\/secure.gravatar.com\/avatar\/a545bbb6f84efdd5553dbbc2895e3ca8f1d12c5215e00a041c9670b54aa9b18a?s=96&d=mm&r=g","contentUrl":"https:\/\/secure.gravatar.com\/avatar\/a545bbb6f84efdd5553dbbc2895e3ca8f1d12c5215e00a041c9670b54aa9b18a?s=96&d=mm&r=g","caption":"MC"},"url":"https:\/\/www.webdo.tn\/fr\/actualite\/author\/mc\/"}]}},"_links":{"self":[{"href":"https:\/\/www.webdo.tn\/fr\/wp-json\/wp\/v2\/posts\/201711","targetHints":{"allow":["GET"]}}],"collection":[{"href":"https:\/\/www.webdo.tn\/fr\/wp-json\/wp\/v2\/posts"}],"about":[{"href":"https:\/\/www.webdo.tn\/fr\/wp-json\/wp\/v2\/types\/post"}],"author":[{"embeddable":true,"href":"https:\/\/www.webdo.tn\/fr\/wp-json\/wp\/v2\/users\/3162"}],"replies":[{"embeddable":true,"href":"https:\/\/www.webdo.tn\/fr\/wp-json\/wp\/v2\/comments?post=201711"}],"version-history":[{"count":0,"href":"https:\/\/www.webdo.tn\/fr\/wp-json\/wp\/v2\/posts\/201711\/revisions"}],"wp:featuredmedia":[{"embeddable":true,"href":"https:\/\/www.webdo.tn\/fr\/wp-json\/wp\/v2\/media\/277542"}],"wp:attachment":[{"href":"https:\/\/www.webdo.tn\/fr\/wp-json\/wp\/v2\/media?parent=201711"}],"wp:term":[{"taxonomy":"category","embeddable":true,"href":"https:\/\/www.webdo.tn\/fr\/wp-json\/wp\/v2\/categories?post=201711"},{"taxonomy":"post_tag","embeddable":true,"href":"https:\/\/www.webdo.tn\/fr\/wp-json\/wp\/v2\/tags?post=201711"}],"curies":[{"name":"wp","href":"https:\/\/api.w.org\/{rel}","templated":true}]}}