{"id":201694,"date":"2023-01-10T13:24:00","date_gmt":"2023-01-10T13:24:00","guid":{"rendered":"https:\/\/www.webdo.tn\/fr\/blog\/f-benzarti-m-nafti-doit-poursuivre-le-travail-que-j-ai-commence-et-que-w-regragui-a-poursuivi\/201694\/"},"modified":"2025-05-20T22:59:06","modified_gmt":"2025-05-20T22:59:06","slug":"f-benzarti-m-nafti-doit-poursuivre-le-travail-que-j-ai-commence-et-que-w-regragui-a-poursuivi","status":"publish","type":"post","link":"https:\/\/www.webdo.tn\/fr\/actualite\/sport\/f-benzarti-m-nafti-doit-poursuivre-le-travail-que-j-ai-commence-et-que-w-regragui-a-poursuivi\/201694\/","title":{"rendered":"F. Benzarti : \u00ab\u00a0M. Nafti doit poursuivre le travail que j\u2019ai commenc\u00e9 et que W. Regragui a poursuivi\u00a0\u00bb"},"content":{"rendered":"<p>Dans une interview accord\u00e9e au site winwin, l\u2019entra\u00eeneur tunisien du MC Alger, Faouzi Benzarti, a indiqu\u00e9 que Mehdi Nafti, fra\u00eechement \u00e9lu \u00e0 la t\u00eate du Wydad de Casablanca en remplacement de Houcine Ammouta, a l\u2019exp\u00e9rience n\u00e9cessaire pour prendre les r\u00eanes des Rouge et Blanc.<\/p>\n<p>\t\t\t\t\t\t\t\t\t\u00ab\u00a0Je suis certain qu\u2019il a les comp\u00e9tences pour r\u00e9ussir sa mission \u00e0 la t\u00eate du WAC\u00a0\u00bb, a assur\u00e9 Benzarti.<\/p>\n<p>\u00ab\u00a0Maintenant, il doit s\u2019adapter \u00e0 l\u2019environnement du club, avoir la grinta, faire les bons choix et poursuivre le travail que j\u2019ai commenc\u00e9 et que Walid Regragui a poursuivi. Je lui souhaite beaucoup de succ\u00e8s. C\u2019est sa premi\u00e8re exp\u00e9rience avec les clubs arabes\u00a0\u00bb.<\/p>\n<p>Arriv\u00e9 de Levante (Ligue 2 espagnole), Nafti avait entam\u00e9 son exp\u00e9rience avec le champion d\u2019Afrique en titre par une d\u00e9faite, jeudi dernier, face \u00e0 Chabab de Mohamm\u00e9dia, une d\u00e9faite qui ne traduit pas, selon lui, le volume de jeu pr\u00e9sent\u00e9 par ses poulains :\u00a0 \u00ab\u00a0Je crois qu\u2019on devrait gagner tous nos prochains matchs avec cette qualit\u00e9 de jeu\u00a0\u00bb.<\/p>\n<p>De son vrai nom Mehdi Ben Sadok Nafti, le franco-tunisien a commenc\u00e9 sa carri\u00e8re professionnelle en 1998 \u00e0 Toulouse, puis il est pass\u00e9 au Racing de Santander (200-2001), Birmingham (2005-2009), sa derni\u00e8re exp\u00e9rience en tant que joueur l\u2019a termin\u00e9e \u00e0 Cadix CF en 2013-14.<\/p>\n<p>Pour rappel, Nafri a remport\u00e9 la CAN 2004 avec l\u2019\u00e9quipe de Tunisie et particip\u00e9 \u00e0 la CM 2006 en Espagne.<\/p>\n","protected":false},"excerpt":{"rendered":"<p>Dans une interview accord\u00e9e au site winwin, l\u2019entra\u00eeneur tunisien du MC Alger, Faouzi Benzarti, a indiqu\u00e9 que Mehdi Nafti, fra\u00eechement \u00e9lu \u00e0 la t\u00eate du Wydad de&#8230;<\/p>\n","protected":false},"author":3188,"featured_media":277567,"comment_status":"open","ping_status":"closed","sticky":false,"template":"","format":"standard","meta":{"footnotes":""},"categories":[2593],"tags":[5330,9269],"class_list":["post-201694","post","type-post","status-publish","format-standard","has-post-thumbnail","hentry","category-sport","tag-faouzi-benzarti","tag-mehdi-nafti"],"yoast_head":"<!-- This site is optimized with the Yoast SEO Premium plugin v27.4 (Yoast SEO v27.5) - https:\/\/yoast.com\/product\/yoast-seo-premium-wordpress\/ -->\n<title>F. Benzarti : M. Nafti doit poursuivre le travail que j\u2019ai commenc\u00e9 et que W. Regragui a poursuivi<\/title>\n<meta name=\"description\" content=\"Dans une interview accord\u00e9e au site winwin, l\u2019entra\u00eeneur tunisien du MC Alger, Faouzi Benzarti, a indiqu\u00e9 que Mehdi Nafti, fra\u00eechement \u00e9lu \u00e0 la t\u00eate du Wydad de...\" \/>\n<link rel=\"canonical\" href=\"https:\/\/www.webdo.tn\/fr\/actualite\/sport\/f-benzarti-m-nafti-doit-poursuivre-le-travail-que-j-ai-commence-et-que-w-regragui-a-poursuivi\/201694\/\" \/>\n<meta property=\"og:locale\" content=\"fr_FR\" \/>\n<meta property=\"og:type\" content=\"article\" \/>\n<meta property=\"og:title\" content=\"F. Benzarti : &quot;M. Nafti doit poursuivre le travail que j\u2019ai commenc\u00e9 et que W. Regragui a poursuivi&quot;\" \/>\n<meta property=\"og:description\" content=\"Dans une interview accord\u00e9e au site winwin, l\u2019entra\u00eeneur tunisien du MC Alger, Faouzi Benzarti, a indiqu\u00e9 que Mehdi Nafti, fra\u00eechement \u00e9lu \u00e0 la t\u00eate du Wydad de...\" \/>\n<meta property=\"og:url\" content=\"https:\/\/www.webdo.tn\/fr\/actualite\/sport\/f-benzarti-m-nafti-doit-poursuivre-le-travail-que-j-ai-commence-et-que-w-regragui-a-poursuivi\/201694\/\" \/>\n<meta property=\"og:site_name\" content=\"webdo\" \/>\n<meta property=\"article:publisher\" content=\"https:\/\/www.facebook.com\/webdotn\" \/>\n<meta property=\"article:published_time\" content=\"2023-01-10T13:24:00+00:00\" \/>\n<meta property=\"article:modified_time\" content=\"2025-05-20T22:59:06+00:00\" \/>\n<meta property=\"og:image\" content=\"https:\/\/www.webdo.tn\/fr\/wp-content\/uploads\/2023\/01\/8ebe2c7e5d53cdd7cb91d361516047eb.jpg\" \/>\n\t<meta property=\"og:image:width\" content=\"738\" \/>\n\t<meta property=\"og:image:height\" content=\"394\" \/>\n\t<meta property=\"og:image:type\" content=\"image\/jpeg\" \/>\n<meta name=\"author\" content=\"Ramzi\" \/>\n<meta name=\"twitter:card\" content=\"summary_large_image\" \/>\n<meta name=\"twitter:creator\" content=\"@webdo_tn\" \/>\n<meta name=\"twitter:site\" content=\"@webdo_tn\" \/>\n<meta name=\"twitter:label1\" content=\"\u00c9crit par\" \/>\n\t<meta name=\"twitter:data1\" content=\"Ramzi\" \/>\n\t<meta name=\"twitter:label2\" content=\"Dur\u00e9e de lecture estim\u00e9e\" \/>\n\t<meta name=\"twitter:data2\" content=\"1 minute\" \/>\n<script type=\"application\/ld+json\" class=\"yoast-schema-graph\">{\"@context\":\"https:\\\/\\\/schema.org\",\"@graph\":[{\"@type\":\"NewsArticle\",\"@id\":\"https:\\\/\\\/www.webdo.tn\\\/fr\\\/actualite\\\/sport\\\/f-benzarti-m-nafti-doit-poursuivre-le-travail-que-j-ai-commence-et-que-w-regragui-a-poursuivi\\\/201694\\\/#article\",\"isPartOf\":{\"@id\":\"https:\\\/\\\/www.webdo.tn\\\/fr\\\/actualite\\\/sport\\\/f-benzarti-m-nafti-doit-poursuivre-le-travail-que-j-ai-commence-et-que-w-regragui-a-poursuivi\\\/201694\\\/\"},\"author\":{\"name\":\"Ramzi\",\"@id\":\"https:\\\/\\\/www.webdo.tn\\\/fr\\\/#\\\/schema\\\/person\\\/590cb5f81adcfde6385530fdbdf468e2\"},\"headline\":\"F. Benzarti : \u00ab\u00a0M. Nafti doit poursuivre le travail que j\u2019ai commenc\u00e9 et que W. Regragui a poursuivi\u00a0\u00bb\",\"datePublished\":\"2023-01-10T13:24:00+00:00\",\"dateModified\":\"2025-05-20T22:59:06+00:00\",\"mainEntityOfPage\":{\"@id\":\"https:\\\/\\\/www.webdo.tn\\\/fr\\\/actualite\\\/sport\\\/f-benzarti-m-nafti-doit-poursuivre-le-travail-que-j-ai-commence-et-que-w-regragui-a-poursuivi\\\/201694\\\/\"},\"wordCount\":266,\"commentCount\":0,\"publisher\":{\"@id\":\"https:\\\/\\\/www.webdo.tn\\\/fr\\\/#organization\"},\"image\":{\"@id\":\"https:\\\/\\\/www.webdo.tn\\\/fr\\\/actualite\\\/sport\\\/f-benzarti-m-nafti-doit-poursuivre-le-travail-que-j-ai-commence-et-que-w-regragui-a-poursuivi\\\/201694\\\/#primaryimage\"},\"thumbnailUrl\":\"https:\\\/\\\/www.webdo.tn\\\/fr\\\/wp-content\\\/uploads\\\/2023\\\/01\\\/8ebe2c7e5d53cdd7cb91d361516047eb.jpg\",\"keywords\":[\"faouzi benzarti\",\"mehdi nafti\"],\"articleSection\":[\"Sport\"],\"inLanguage\":\"fr-FR\"},{\"@type\":\"WebPage\",\"@id\":\"https:\\\/\\\/www.webdo.tn\\\/fr\\\/actualite\\\/sport\\\/f-benzarti-m-nafti-doit-poursuivre-le-travail-que-j-ai-commence-et-que-w-regragui-a-poursuivi\\\/201694\\\/\",\"url\":\"https:\\\/\\\/www.webdo.tn\\\/fr\\\/actualite\\\/sport\\\/f-benzarti-m-nafti-doit-poursuivre-le-travail-que-j-ai-commence-et-que-w-regragui-a-poursuivi\\\/201694\\\/\",\"name\":\"F. Benzarti : M. Nafti doit poursuivre le travail que j\u2019ai commenc\u00e9 et que W. Regragui a poursuivi\",\"isPartOf\":{\"@id\":\"https:\\\/\\\/www.webdo.tn\\\/fr\\\/#website\"},\"primaryImageOfPage\":{\"@id\":\"https:\\\/\\\/www.webdo.tn\\\/fr\\\/actualite\\\/sport\\\/f-benzarti-m-nafti-doit-poursuivre-le-travail-que-j-ai-commence-et-que-w-regragui-a-poursuivi\\\/201694\\\/#primaryimage\"},\"image\":{\"@id\":\"https:\\\/\\\/www.webdo.tn\\\/fr\\\/actualite\\\/sport\\\/f-benzarti-m-nafti-doit-poursuivre-le-travail-que-j-ai-commence-et-que-w-regragui-a-poursuivi\\\/201694\\\/#primaryimage\"},\"thumbnailUrl\":\"https:\\\/\\\/www.webdo.tn\\\/fr\\\/wp-content\\\/uploads\\\/2023\\\/01\\\/8ebe2c7e5d53cdd7cb91d361516047eb.jpg\",\"datePublished\":\"2023-01-10T13:24:00+00:00\",\"dateModified\":\"2025-05-20T22:59:06+00:00\",\"description\":\"Dans une interview accord\u00e9e au site winwin, l\u2019entra\u00eeneur tunisien du MC Alger, Faouzi Benzarti, a indiqu\u00e9 que Mehdi Nafti, fra\u00eechement \u00e9lu \u00e0 la t\u00eate du Wydad de...\",\"breadcrumb\":{\"@id\":\"https:\\\/\\\/www.webdo.tn\\\/fr\\\/actualite\\\/sport\\\/f-benzarti-m-nafti-doit-poursuivre-le-travail-que-j-ai-commence-et-que-w-regragui-a-poursuivi\\\/201694\\\/#breadcrumb\"},\"inLanguage\":\"fr-FR\",\"potentialAction\":[{\"@type\":\"ReadAction\",\"target\":[\"https:\\\/\\\/www.webdo.tn\\\/fr\\\/actualite\\\/sport\\\/f-benzarti-m-nafti-doit-poursuivre-le-travail-que-j-ai-commence-et-que-w-regragui-a-poursuivi\\\/201694\\\/\"]}]},{\"@type\":\"ImageObject\",\"inLanguage\":\"fr-FR\",\"@id\":\"https:\\\/\\\/www.webdo.tn\\\/fr\\\/actualite\\\/sport\\\/f-benzarti-m-nafti-doit-poursuivre-le-travail-que-j-ai-commence-et-que-w-regragui-a-poursuivi\\\/201694\\\/#primaryimage\",\"url\":\"https:\\\/\\\/www.webdo.tn\\\/fr\\\/wp-content\\\/uploads\\\/2023\\\/01\\\/8ebe2c7e5d53cdd7cb91d361516047eb.jpg\",\"contentUrl\":\"https:\\\/\\\/www.webdo.tn\\\/fr\\\/wp-content\\\/uploads\\\/2023\\\/01\\\/8ebe2c7e5d53cdd7cb91d361516047eb.jpg\",\"width\":738,\"height\":394,\"caption\":\"F. Benzarti : \\\"M. Nafti doit poursuivre le travail que j\u2019ai commenc\u00e9 et que W. Regragui a poursuivi\\\"\"},{\"@type\":\"BreadcrumbList\",\"@id\":\"https:\\\/\\\/www.webdo.tn\\\/fr\\\/actualite\\\/sport\\\/f-benzarti-m-nafti-doit-poursuivre-le-travail-que-j-ai-commence-et-que-w-regragui-a-poursuivi\\\/201694\\\/#breadcrumb\",\"itemListElement\":[{\"@type\":\"ListItem\",\"position\":1,\"name\":\"Accueil\",\"item\":\"https:\\\/\\\/www.webdo.tn\\\/fr\\\/\"},{\"@type\":\"ListItem\",\"position\":2,\"name\":\"F. Benzarti : \u00ab\u00a0M. Nafti doit poursuivre le travail que j\u2019ai commenc\u00e9 et que W. Regragui a poursuivi\u00a0\u00bb\"}]},{\"@type\":\"WebSite\",\"@id\":\"https:\\\/\\\/www.webdo.tn\\\/fr\\\/#website\",\"url\":\"https:\\\/\\\/www.webdo.tn\\\/fr\\\/\",\"name\":\"webdo\",\"description\":\"Tunisie - News en Tunisie et \u00e0 l&#039;international sur Webdo.tn\",\"publisher\":{\"@id\":\"https:\\\/\\\/www.webdo.tn\\\/fr\\\/#organization\"},\"potentialAction\":[{\"@type\":\"SearchAction\",\"target\":{\"@type\":\"EntryPoint\",\"urlTemplate\":\"https:\\\/\\\/www.webdo.tn\\\/fr\\\/?s={search_term_string}\"},\"query-input\":{\"@type\":\"PropertyValueSpecification\",\"valueRequired\":true,\"valueName\":\"search_term_string\"}}],\"inLanguage\":\"fr-FR\"},{\"@type\":\"Organization\",\"@id\":\"https:\\\/\\\/www.webdo.tn\\\/fr\\\/#organization\",\"name\":\"Webdo\",\"alternateName\":\"Webdo.tn\",\"url\":\"https:\\\/\\\/www.webdo.tn\\\/fr\\\/\",\"logo\":{\"@type\":\"ImageObject\",\"inLanguage\":\"fr-FR\",\"@id\":\"https:\\\/\\\/www.webdo.tn\\\/fr\\\/#\\\/schema\\\/logo\\\/image\\\/\",\"url\":\"https:\\\/\\\/www.webdo.tn\\\/fr\\\/wp-content\\\/uploads\\\/2025\\\/06\\\/Webdo-Tunisie_168377.jpg\",\"contentUrl\":\"https:\\\/\\\/www.webdo.tn\\\/fr\\\/wp-content\\\/uploads\\\/2025\\\/06\\\/Webdo-Tunisie_168377.jpg\",\"width\":301,\"height\":301,\"caption\":\"Webdo\"},\"image\":{\"@id\":\"https:\\\/\\\/www.webdo.tn\\\/fr\\\/#\\\/schema\\\/logo\\\/image\\\/\"},\"sameAs\":[\"https:\\\/\\\/www.facebook.com\\\/webdotn\",\"https:\\\/\\\/x.com\\\/webdo_tn\"],\"description\":\"Webdo est un m\u00e9dia num\u00e9rique tunisien fond\u00e9 en 2010, sp\u00e9cialis\u00e9 dans l\u2019actualit\u00e9 nationale et internationale, l\u2019\u00e9conomie, la soci\u00e9t\u00e9 et les analyses politiques. Le site s\u2019adresse \u00e0 un large public francophone et couvre l\u2019information tunisienne en temps r\u00e9el.\",\"email\":\"redac@webdo.tn\",\"legalName\":\"YNJ SARL\",\"foundingDate\":\"2010-09-06\",\"numberOfEmployees\":{\"@type\":\"QuantitativeValue\",\"minValue\":\"11\",\"maxValue\":\"50\"}},{\"@type\":\"Person\",\"@id\":\"https:\\\/\\\/www.webdo.tn\\\/fr\\\/#\\\/schema\\\/person\\\/590cb5f81adcfde6385530fdbdf468e2\",\"name\":\"Ramzi\",\"image\":{\"@type\":\"ImageObject\",\"inLanguage\":\"fr-FR\",\"@id\":\"https:\\\/\\\/secure.gravatar.com\\\/avatar\\\/48df7d18915e10cf866ba8e27604c81ff9243fd52704a1d210c3e387e1cb8d87?s=96&d=mm&r=g\",\"url\":\"https:\\\/\\\/secure.gravatar.com\\\/avatar\\\/48df7d18915e10cf866ba8e27604c81ff9243fd52704a1d210c3e387e1cb8d87?s=96&d=mm&r=g\",\"contentUrl\":\"https:\\\/\\\/secure.gravatar.com\\\/avatar\\\/48df7d18915e10cf866ba8e27604c81ff9243fd52704a1d210c3e387e1cb8d87?s=96&d=mm&r=g\",\"caption\":\"Ramzi\"},\"url\":\"https:\\\/\\\/www.webdo.tn\\\/fr\\\/actualite\\\/author\\\/ramzi\\\/\"}]}<\/script>\n<!-- \/ Yoast SEO Premium plugin. -->","yoast_head_json":{"title":"F. Benzarti : M. Nafti doit poursuivre le travail que j\u2019ai commenc\u00e9 et que W. Regragui a poursuivi","description":"Dans une interview accord\u00e9e au site winwin, l\u2019entra\u00eeneur tunisien du MC Alger, Faouzi Benzarti, a indiqu\u00e9 que Mehdi Nafti, fra\u00eechement \u00e9lu \u00e0 la t\u00eate du Wydad de...","canonical":"https:\/\/www.webdo.tn\/fr\/actualite\/sport\/f-benzarti-m-nafti-doit-poursuivre-le-travail-que-j-ai-commence-et-que-w-regragui-a-poursuivi\/201694\/","og_locale":"fr_FR","og_type":"article","og_title":"F. Benzarti : \"M. Nafti doit poursuivre le travail que j\u2019ai commenc\u00e9 et que W. Regragui a poursuivi\"","og_description":"Dans une interview accord\u00e9e au site winwin, l\u2019entra\u00eeneur tunisien du MC Alger, Faouzi Benzarti, a indiqu\u00e9 que Mehdi Nafti, fra\u00eechement \u00e9lu \u00e0 la t\u00eate du Wydad de...","og_url":"https:\/\/www.webdo.tn\/fr\/actualite\/sport\/f-benzarti-m-nafti-doit-poursuivre-le-travail-que-j-ai-commence-et-que-w-regragui-a-poursuivi\/201694\/","og_site_name":"webdo","article_publisher":"https:\/\/www.facebook.com\/webdotn","article_published_time":"2023-01-10T13:24:00+00:00","article_modified_time":"2025-05-20T22:59:06+00:00","og_image":[{"width":738,"height":394,"url":"https:\/\/www.webdo.tn\/fr\/wp-content\/uploads\/2023\/01\/8ebe2c7e5d53cdd7cb91d361516047eb.jpg","type":"image\/jpeg"}],"author":"Ramzi","twitter_card":"summary_large_image","twitter_creator":"@webdo_tn","twitter_site":"@webdo_tn","twitter_misc":{"\u00c9crit par":"Ramzi","Dur\u00e9e de lecture estim\u00e9e":"1 minute"},"schema":{"@context":"https:\/\/schema.org","@graph":[{"@type":"NewsArticle","@id":"https:\/\/www.webdo.tn\/fr\/actualite\/sport\/f-benzarti-m-nafti-doit-poursuivre-le-travail-que-j-ai-commence-et-que-w-regragui-a-poursuivi\/201694\/#article","isPartOf":{"@id":"https:\/\/www.webdo.tn\/fr\/actualite\/sport\/f-benzarti-m-nafti-doit-poursuivre-le-travail-que-j-ai-commence-et-que-w-regragui-a-poursuivi\/201694\/"},"author":{"name":"Ramzi","@id":"https:\/\/www.webdo.tn\/fr\/#\/schema\/person\/590cb5f81adcfde6385530fdbdf468e2"},"headline":"F. Benzarti : \u00ab\u00a0M. Nafti doit poursuivre le travail que j\u2019ai commenc\u00e9 et que W. Regragui a poursuivi\u00a0\u00bb","datePublished":"2023-01-10T13:24:00+00:00","dateModified":"2025-05-20T22:59:06+00:00","mainEntityOfPage":{"@id":"https:\/\/www.webdo.tn\/fr\/actualite\/sport\/f-benzarti-m-nafti-doit-poursuivre-le-travail-que-j-ai-commence-et-que-w-regragui-a-poursuivi\/201694\/"},"wordCount":266,"commentCount":0,"publisher":{"@id":"https:\/\/www.webdo.tn\/fr\/#organization"},"image":{"@id":"https:\/\/www.webdo.tn\/fr\/actualite\/sport\/f-benzarti-m-nafti-doit-poursuivre-le-travail-que-j-ai-commence-et-que-w-regragui-a-poursuivi\/201694\/#primaryimage"},"thumbnailUrl":"https:\/\/www.webdo.tn\/fr\/wp-content\/uploads\/2023\/01\/8ebe2c7e5d53cdd7cb91d361516047eb.jpg","keywords":["faouzi benzarti","mehdi nafti"],"articleSection":["Sport"],"inLanguage":"fr-FR"},{"@type":"WebPage","@id":"https:\/\/www.webdo.tn\/fr\/actualite\/sport\/f-benzarti-m-nafti-doit-poursuivre-le-travail-que-j-ai-commence-et-que-w-regragui-a-poursuivi\/201694\/","url":"https:\/\/www.webdo.tn\/fr\/actualite\/sport\/f-benzarti-m-nafti-doit-poursuivre-le-travail-que-j-ai-commence-et-que-w-regragui-a-poursuivi\/201694\/","name":"F. Benzarti : M. Nafti doit poursuivre le travail que j\u2019ai commenc\u00e9 et que W. Regragui a poursuivi","isPartOf":{"@id":"https:\/\/www.webdo.tn\/fr\/#website"},"primaryImageOfPage":{"@id":"https:\/\/www.webdo.tn\/fr\/actualite\/sport\/f-benzarti-m-nafti-doit-poursuivre-le-travail-que-j-ai-commence-et-que-w-regragui-a-poursuivi\/201694\/#primaryimage"},"image":{"@id":"https:\/\/www.webdo.tn\/fr\/actualite\/sport\/f-benzarti-m-nafti-doit-poursuivre-le-travail-que-j-ai-commence-et-que-w-regragui-a-poursuivi\/201694\/#primaryimage"},"thumbnailUrl":"https:\/\/www.webdo.tn\/fr\/wp-content\/uploads\/2023\/01\/8ebe2c7e5d53cdd7cb91d361516047eb.jpg","datePublished":"2023-01-10T13:24:00+00:00","dateModified":"2025-05-20T22:59:06+00:00","description":"Dans une interview accord\u00e9e au site winwin, l\u2019entra\u00eeneur tunisien du MC Alger, Faouzi Benzarti, a indiqu\u00e9 que Mehdi Nafti, fra\u00eechement \u00e9lu \u00e0 la t\u00eate du Wydad de...","breadcrumb":{"@id":"https:\/\/www.webdo.tn\/fr\/actualite\/sport\/f-benzarti-m-nafti-doit-poursuivre-le-travail-que-j-ai-commence-et-que-w-regragui-a-poursuivi\/201694\/#breadcrumb"},"inLanguage":"fr-FR","potentialAction":[{"@type":"ReadAction","target":["https:\/\/www.webdo.tn\/fr\/actualite\/sport\/f-benzarti-m-nafti-doit-poursuivre-le-travail-que-j-ai-commence-et-que-w-regragui-a-poursuivi\/201694\/"]}]},{"@type":"ImageObject","inLanguage":"fr-FR","@id":"https:\/\/www.webdo.tn\/fr\/actualite\/sport\/f-benzarti-m-nafti-doit-poursuivre-le-travail-que-j-ai-commence-et-que-w-regragui-a-poursuivi\/201694\/#primaryimage","url":"https:\/\/www.webdo.tn\/fr\/wp-content\/uploads\/2023\/01\/8ebe2c7e5d53cdd7cb91d361516047eb.jpg","contentUrl":"https:\/\/www.webdo.tn\/fr\/wp-content\/uploads\/2023\/01\/8ebe2c7e5d53cdd7cb91d361516047eb.jpg","width":738,"height":394,"caption":"F. Benzarti : \"M. Nafti doit poursuivre le travail que j\u2019ai commenc\u00e9 et que W. Regragui a poursuivi\""},{"@type":"BreadcrumbList","@id":"https:\/\/www.webdo.tn\/fr\/actualite\/sport\/f-benzarti-m-nafti-doit-poursuivre-le-travail-que-j-ai-commence-et-que-w-regragui-a-poursuivi\/201694\/#breadcrumb","itemListElement":[{"@type":"ListItem","position":1,"name":"Accueil","item":"https:\/\/www.webdo.tn\/fr\/"},{"@type":"ListItem","position":2,"name":"F. Benzarti : \u00ab\u00a0M. Nafti doit poursuivre le travail que j\u2019ai commenc\u00e9 et que W. Regragui a poursuivi\u00a0\u00bb"}]},{"@type":"WebSite","@id":"https:\/\/www.webdo.tn\/fr\/#website","url":"https:\/\/www.webdo.tn\/fr\/","name":"webdo","description":"Tunisie - News en Tunisie et \u00e0 l&#039;international sur Webdo.tn","publisher":{"@id":"https:\/\/www.webdo.tn\/fr\/#organization"},"potentialAction":[{"@type":"SearchAction","target":{"@type":"EntryPoint","urlTemplate":"https:\/\/www.webdo.tn\/fr\/?s={search_term_string}"},"query-input":{"@type":"PropertyValueSpecification","valueRequired":true,"valueName":"search_term_string"}}],"inLanguage":"fr-FR"},{"@type":"Organization","@id":"https:\/\/www.webdo.tn\/fr\/#organization","name":"Webdo","alternateName":"Webdo.tn","url":"https:\/\/www.webdo.tn\/fr\/","logo":{"@type":"ImageObject","inLanguage":"fr-FR","@id":"https:\/\/www.webdo.tn\/fr\/#\/schema\/logo\/image\/","url":"https:\/\/www.webdo.tn\/fr\/wp-content\/uploads\/2025\/06\/Webdo-Tunisie_168377.jpg","contentUrl":"https:\/\/www.webdo.tn\/fr\/wp-content\/uploads\/2025\/06\/Webdo-Tunisie_168377.jpg","width":301,"height":301,"caption":"Webdo"},"image":{"@id":"https:\/\/www.webdo.tn\/fr\/#\/schema\/logo\/image\/"},"sameAs":["https:\/\/www.facebook.com\/webdotn","https:\/\/x.com\/webdo_tn"],"description":"Webdo est un m\u00e9dia num\u00e9rique tunisien fond\u00e9 en 2010, sp\u00e9cialis\u00e9 dans l\u2019actualit\u00e9 nationale et internationale, l\u2019\u00e9conomie, la soci\u00e9t\u00e9 et les analyses politiques. Le site s\u2019adresse \u00e0 un large public francophone et couvre l\u2019information tunisienne en temps r\u00e9el.","email":"redac@webdo.tn","legalName":"YNJ SARL","foundingDate":"2010-09-06","numberOfEmployees":{"@type":"QuantitativeValue","minValue":"11","maxValue":"50"}},{"@type":"Person","@id":"https:\/\/www.webdo.tn\/fr\/#\/schema\/person\/590cb5f81adcfde6385530fdbdf468e2","name":"Ramzi","image":{"@type":"ImageObject","inLanguage":"fr-FR","@id":"https:\/\/secure.gravatar.com\/avatar\/48df7d18915e10cf866ba8e27604c81ff9243fd52704a1d210c3e387e1cb8d87?s=96&d=mm&r=g","url":"https:\/\/secure.gravatar.com\/avatar\/48df7d18915e10cf866ba8e27604c81ff9243fd52704a1d210c3e387e1cb8d87?s=96&d=mm&r=g","contentUrl":"https:\/\/secure.gravatar.com\/avatar\/48df7d18915e10cf866ba8e27604c81ff9243fd52704a1d210c3e387e1cb8d87?s=96&d=mm&r=g","caption":"Ramzi"},"url":"https:\/\/www.webdo.tn\/fr\/actualite\/author\/ramzi\/"}]}},"_links":{"self":[{"href":"https:\/\/www.webdo.tn\/fr\/wp-json\/wp\/v2\/posts\/201694","targetHints":{"allow":["GET"]}}],"collection":[{"href":"https:\/\/www.webdo.tn\/fr\/wp-json\/wp\/v2\/posts"}],"about":[{"href":"https:\/\/www.webdo.tn\/fr\/wp-json\/wp\/v2\/types\/post"}],"author":[{"embeddable":true,"href":"https:\/\/www.webdo.tn\/fr\/wp-json\/wp\/v2\/users\/3188"}],"replies":[{"embeddable":true,"href":"https:\/\/www.webdo.tn\/fr\/wp-json\/wp\/v2\/comments?post=201694"}],"version-history":[{"count":0,"href":"https:\/\/www.webdo.tn\/fr\/wp-json\/wp\/v2\/posts\/201694\/revisions"}],"wp:featuredmedia":[{"embeddable":true,"href":"https:\/\/www.webdo.tn\/fr\/wp-json\/wp\/v2\/media\/277567"}],"wp:attachment":[{"href":"https:\/\/www.webdo.tn\/fr\/wp-json\/wp\/v2\/media?parent=201694"}],"wp:term":[{"taxonomy":"category","embeddable":true,"href":"https:\/\/www.webdo.tn\/fr\/wp-json\/wp\/v2\/categories?post=201694"},{"taxonomy":"post_tag","embeddable":true,"href":"https:\/\/www.webdo.tn\/fr\/wp-json\/wp\/v2\/tags?post=201694"}],"curies":[{"name":"wp","href":"https:\/\/api.w.org\/{rel}","templated":true}]}}