{"id":201664,"date":"2023-01-09T20:13:00","date_gmt":"2023-01-09T20:13:00","guid":{"rendered":"https:\/\/www.webdo.tn\/fr\/blog\/tunisie-420-md-pour-le-fonds-national-de-l-emploi\/201664\/"},"modified":"2025-05-20T23:00:37","modified_gmt":"2025-05-20T23:00:37","slug":"tunisie-420-md-pour-le-fonds-national-de-l-emploi","status":"publish","type":"post","link":"https:\/\/www.webdo.tn\/fr\/actualite\/national\/tunisie-420-md-pour-le-fonds-national-de-l-emploi\/201664\/","title":{"rendered":"Tunisie : 420 MD pour le fonds national de l&#8217;emploi"},"content":{"rendered":"<p>Une enveloppe de 420 millions de dinars a \u00e9t\u00e9 consacr\u00e9e dans le budget de 2023 au fonds national de l&#8217;emploi relevant du minist\u00e8re de l&#8217;emploi et de la formation professionnelle, selon un document publi\u00e9 par le minist\u00e8re des finances sur son site et relay\u00e9 par l&rsquo;agence TAP.<\/p>\n<p>\t\t\t\t\t\t\t\t\tCette somme vise \u00e0 financer des programmes d&#8217;emploi et de soutien des petites entreprises et des jeunes entrepreneurs. Ledit document fait \u00e9tat de la somme de 181 millions de dinars sont r\u00e9serv\u00e9s pour le programme de contrat d&rsquo;initiation \u00e0 la vie professionnelle (CIVP).<\/p>\n<p>Une enveloppe de 67.8 millions de dinars au profit de 20 mille dipl\u00f4m\u00e9s de l&rsquo;enseignement sup\u00e9rieur et b\u00e9n\u00e9ficiaire du contrat de \u00ab\u00a0dignit\u00e9\u00a0\u00bb, une somme de 29 millions de dinars au profit du programme de service civil volontaire et 25 millions de dinars pour le programme nouvelle g\u00e9n\u00e9ration d&rsquo;entrepreneurs. La valeur des allocations destin\u00e9es au financement des petits projets en 2023 atteindra pr\u00e8s de 70 millions de dinars.<\/p>\n","protected":false},"excerpt":{"rendered":"<p>Une enveloppe de 420 millions de dinars a \u00e9t\u00e9 consacr\u00e9e dans le budget de 2023 au fonds national de l&#8217;emploi relevant du minist\u00e8re de l&#8217;emploi et de la formatio&#8230;<\/p>\n","protected":false},"author":3195,"featured_media":277558,"comment_status":"open","ping_status":"closed","sticky":false,"template":"","format":"standard","meta":{"footnotes":""},"categories":[44],"tags":[9265,9266,3049,9267,3011,2608],"class_list":["post-201664","post","type-post","status-publish","format-standard","has-post-thumbnail","hentry","category-national","tag-budget-detat","tag-civp","tag-emploi","tag-entrpereneurs","tag-pme","tag-tunisie"],"yoast_head":"<!-- This site is optimized with the Yoast SEO Premium plugin v27.4 (Yoast SEO v27.4) - https:\/\/yoast.com\/product\/yoast-seo-premium-wordpress\/ -->\n<title>Tunisie : 420 MD pour le fonds national de l&#039;emploi<\/title>\n<meta name=\"description\" content=\"Une enveloppe de 420 millions de dinars a \u00e9t\u00e9 consacr\u00e9e dans le budget de 2023 au fonds national de l&#039;emploi relevant du minist\u00e8re de l&#039;emploi et de la formatio...\" \/>\n<link rel=\"canonical\" href=\"https:\/\/www.webdo.tn\/fr\/actualite\/national\/tunisie-420-md-pour-le-fonds-national-de-l-emploi\/201664\/\" \/>\n<meta property=\"og:locale\" content=\"fr_FR\" \/>\n<meta property=\"og:type\" content=\"article\" \/>\n<meta property=\"og:title\" content=\"Tunisie : 420 MD pour le fonds national de l&#039;emploi\" \/>\n<meta property=\"og:description\" content=\"Une enveloppe de 420 millions de dinars a \u00e9t\u00e9 consacr\u00e9e dans le budget de 2023 au fonds national de l&#039;emploi relevant du minist\u00e8re de l&#039;emploi et de la formatio...\" \/>\n<meta property=\"og:url\" content=\"https:\/\/www.webdo.tn\/fr\/actualite\/national\/tunisie-420-md-pour-le-fonds-national-de-l-emploi\/201664\/\" \/>\n<meta property=\"og:site_name\" content=\"webdo\" \/>\n<meta property=\"article:publisher\" content=\"https:\/\/www.facebook.com\/webdotn\" \/>\n<meta property=\"article:published_time\" content=\"2023-01-09T20:13:00+00:00\" \/>\n<meta property=\"article:modified_time\" content=\"2025-05-20T23:00:37+00:00\" \/>\n<meta property=\"og:image\" content=\"https:\/\/www.webdo.tn\/fr\/wp-content\/uploads\/2023\/01\/30058cb369d7dc905c3b1fdb519c7ce4.jpg\" \/>\n\t<meta property=\"og:image:width\" content=\"626\" \/>\n\t<meta property=\"og:image:height\" content=\"334\" \/>\n\t<meta property=\"og:image:type\" content=\"image\/jpeg\" \/>\n<meta name=\"author\" content=\"NJ\" \/>\n<meta name=\"twitter:card\" content=\"summary_large_image\" \/>\n<meta name=\"twitter:creator\" content=\"@webdo_tn\" \/>\n<meta name=\"twitter:site\" content=\"@webdo_tn\" \/>\n<meta name=\"twitter:label1\" content=\"\u00c9crit par\" \/>\n\t<meta name=\"twitter:data1\" content=\"NJ\" \/>\n\t<meta name=\"twitter:label2\" content=\"Dur\u00e9e de lecture estim\u00e9e\" \/>\n\t<meta name=\"twitter:data2\" content=\"1 minute\" \/>\n<script type=\"application\/ld+json\" class=\"yoast-schema-graph\">{\"@context\":\"https:\\\/\\\/schema.org\",\"@graph\":[{\"@type\":\"NewsArticle\",\"@id\":\"https:\\\/\\\/www.webdo.tn\\\/fr\\\/actualite\\\/national\\\/tunisie-420-md-pour-le-fonds-national-de-l-emploi\\\/201664\\\/#article\",\"isPartOf\":{\"@id\":\"https:\\\/\\\/www.webdo.tn\\\/fr\\\/actualite\\\/national\\\/tunisie-420-md-pour-le-fonds-national-de-l-emploi\\\/201664\\\/\"},\"author\":{\"name\":\"NJ\",\"@id\":\"https:\\\/\\\/www.webdo.tn\\\/fr\\\/#\\\/schema\\\/person\\\/646f7c4406ab78299805d9d39b2636d8\"},\"headline\":\"Tunisie : 420 MD pour le fonds national de l&#8217;emploi\",\"datePublished\":\"2023-01-09T20:13:00+00:00\",\"dateModified\":\"2025-05-20T23:00:37+00:00\",\"mainEntityOfPage\":{\"@id\":\"https:\\\/\\\/www.webdo.tn\\\/fr\\\/actualite\\\/national\\\/tunisie-420-md-pour-le-fonds-national-de-l-emploi\\\/201664\\\/\"},\"wordCount\":176,\"commentCount\":0,\"publisher\":{\"@id\":\"https:\\\/\\\/www.webdo.tn\\\/fr\\\/#organization\"},\"image\":{\"@id\":\"https:\\\/\\\/www.webdo.tn\\\/fr\\\/actualite\\\/national\\\/tunisie-420-md-pour-le-fonds-national-de-l-emploi\\\/201664\\\/#primaryimage\"},\"thumbnailUrl\":\"https:\\\/\\\/www.webdo.tn\\\/fr\\\/wp-content\\\/uploads\\\/2023\\\/01\\\/30058cb369d7dc905c3b1fdb519c7ce4.jpg\",\"keywords\":[\"budget d'etat\",\"civp\",\"emploi\",\"entrpereneurs\",\"PME\",\"Tunisie\"],\"articleSection\":[\"National\"],\"inLanguage\":\"fr-FR\"},{\"@type\":\"WebPage\",\"@id\":\"https:\\\/\\\/www.webdo.tn\\\/fr\\\/actualite\\\/national\\\/tunisie-420-md-pour-le-fonds-national-de-l-emploi\\\/201664\\\/\",\"url\":\"https:\\\/\\\/www.webdo.tn\\\/fr\\\/actualite\\\/national\\\/tunisie-420-md-pour-le-fonds-national-de-l-emploi\\\/201664\\\/\",\"name\":\"Tunisie : 420 MD pour le fonds national de l'emploi\",\"isPartOf\":{\"@id\":\"https:\\\/\\\/www.webdo.tn\\\/fr\\\/#website\"},\"primaryImageOfPage\":{\"@id\":\"https:\\\/\\\/www.webdo.tn\\\/fr\\\/actualite\\\/national\\\/tunisie-420-md-pour-le-fonds-national-de-l-emploi\\\/201664\\\/#primaryimage\"},\"image\":{\"@id\":\"https:\\\/\\\/www.webdo.tn\\\/fr\\\/actualite\\\/national\\\/tunisie-420-md-pour-le-fonds-national-de-l-emploi\\\/201664\\\/#primaryimage\"},\"thumbnailUrl\":\"https:\\\/\\\/www.webdo.tn\\\/fr\\\/wp-content\\\/uploads\\\/2023\\\/01\\\/30058cb369d7dc905c3b1fdb519c7ce4.jpg\",\"datePublished\":\"2023-01-09T20:13:00+00:00\",\"dateModified\":\"2025-05-20T23:00:37+00:00\",\"description\":\"Une enveloppe de 420 millions de dinars a \u00e9t\u00e9 consacr\u00e9e dans le budget de 2023 au fonds national de l'emploi relevant du minist\u00e8re de l'emploi et de la formatio...\",\"breadcrumb\":{\"@id\":\"https:\\\/\\\/www.webdo.tn\\\/fr\\\/actualite\\\/national\\\/tunisie-420-md-pour-le-fonds-national-de-l-emploi\\\/201664\\\/#breadcrumb\"},\"inLanguage\":\"fr-FR\",\"potentialAction\":[{\"@type\":\"ReadAction\",\"target\":[\"https:\\\/\\\/www.webdo.tn\\\/fr\\\/actualite\\\/national\\\/tunisie-420-md-pour-le-fonds-national-de-l-emploi\\\/201664\\\/\"]}]},{\"@type\":\"ImageObject\",\"inLanguage\":\"fr-FR\",\"@id\":\"https:\\\/\\\/www.webdo.tn\\\/fr\\\/actualite\\\/national\\\/tunisie-420-md-pour-le-fonds-national-de-l-emploi\\\/201664\\\/#primaryimage\",\"url\":\"https:\\\/\\\/www.webdo.tn\\\/fr\\\/wp-content\\\/uploads\\\/2023\\\/01\\\/30058cb369d7dc905c3b1fdb519c7ce4.jpg\",\"contentUrl\":\"https:\\\/\\\/www.webdo.tn\\\/fr\\\/wp-content\\\/uploads\\\/2023\\\/01\\\/30058cb369d7dc905c3b1fdb519c7ce4.jpg\",\"width\":626,\"height\":334,\"caption\":\"Tunisie : 420 MD pour le fonds national de l'emploi\"},{\"@type\":\"BreadcrumbList\",\"@id\":\"https:\\\/\\\/www.webdo.tn\\\/fr\\\/actualite\\\/national\\\/tunisie-420-md-pour-le-fonds-national-de-l-emploi\\\/201664\\\/#breadcrumb\",\"itemListElement\":[{\"@type\":\"ListItem\",\"position\":1,\"name\":\"Accueil\",\"item\":\"https:\\\/\\\/www.webdo.tn\\\/fr\\\/\"},{\"@type\":\"ListItem\",\"position\":2,\"name\":\"Tunisie : 420 MD pour le fonds national de l&#8217;emploi\"}]},{\"@type\":\"WebSite\",\"@id\":\"https:\\\/\\\/www.webdo.tn\\\/fr\\\/#website\",\"url\":\"https:\\\/\\\/www.webdo.tn\\\/fr\\\/\",\"name\":\"webdo\",\"description\":\"Tunisie - News en Tunisie et \u00e0 l&#039;international sur Webdo.tn\",\"publisher\":{\"@id\":\"https:\\\/\\\/www.webdo.tn\\\/fr\\\/#organization\"},\"potentialAction\":[{\"@type\":\"SearchAction\",\"target\":{\"@type\":\"EntryPoint\",\"urlTemplate\":\"https:\\\/\\\/www.webdo.tn\\\/fr\\\/?s={search_term_string}\"},\"query-input\":{\"@type\":\"PropertyValueSpecification\",\"valueRequired\":true,\"valueName\":\"search_term_string\"}}],\"inLanguage\":\"fr-FR\"},{\"@type\":\"Organization\",\"@id\":\"https:\\\/\\\/www.webdo.tn\\\/fr\\\/#organization\",\"name\":\"Webdo\",\"alternateName\":\"Webdo.tn\",\"url\":\"https:\\\/\\\/www.webdo.tn\\\/fr\\\/\",\"logo\":{\"@type\":\"ImageObject\",\"inLanguage\":\"fr-FR\",\"@id\":\"https:\\\/\\\/www.webdo.tn\\\/fr\\\/#\\\/schema\\\/logo\\\/image\\\/\",\"url\":\"https:\\\/\\\/www.webdo.tn\\\/fr\\\/wp-content\\\/uploads\\\/2025\\\/06\\\/Webdo-Tunisie_168377.jpg\",\"contentUrl\":\"https:\\\/\\\/www.webdo.tn\\\/fr\\\/wp-content\\\/uploads\\\/2025\\\/06\\\/Webdo-Tunisie_168377.jpg\",\"width\":301,\"height\":301,\"caption\":\"Webdo\"},\"image\":{\"@id\":\"https:\\\/\\\/www.webdo.tn\\\/fr\\\/#\\\/schema\\\/logo\\\/image\\\/\"},\"sameAs\":[\"https:\\\/\\\/www.facebook.com\\\/webdotn\",\"https:\\\/\\\/x.com\\\/webdo_tn\"],\"description\":\"Webdo est un m\u00e9dia num\u00e9rique tunisien fond\u00e9 en 2010, sp\u00e9cialis\u00e9 dans l\u2019actualit\u00e9 nationale et internationale, l\u2019\u00e9conomie, la soci\u00e9t\u00e9 et les analyses politiques. Le site s\u2019adresse \u00e0 un large public francophone et couvre l\u2019information tunisienne en temps r\u00e9el.\",\"email\":\"redac@webdo.tn\",\"legalName\":\"YNJ SARL\",\"foundingDate\":\"2010-09-06\",\"numberOfEmployees\":{\"@type\":\"QuantitativeValue\",\"minValue\":\"11\",\"maxValue\":\"50\"}},{\"@type\":\"Person\",\"@id\":\"https:\\\/\\\/www.webdo.tn\\\/fr\\\/#\\\/schema\\\/person\\\/646f7c4406ab78299805d9d39b2636d8\",\"name\":\"NJ\",\"image\":{\"@type\":\"ImageObject\",\"inLanguage\":\"fr-FR\",\"@id\":\"https:\\\/\\\/secure.gravatar.com\\\/avatar\\\/57ee8a7cee8271948beede1dd4413f641d3b749a42dfabf45a3352af812389e1?s=96&d=mm&r=g\",\"url\":\"https:\\\/\\\/secure.gravatar.com\\\/avatar\\\/57ee8a7cee8271948beede1dd4413f641d3b749a42dfabf45a3352af812389e1?s=96&d=mm&r=g\",\"contentUrl\":\"https:\\\/\\\/secure.gravatar.com\\\/avatar\\\/57ee8a7cee8271948beede1dd4413f641d3b749a42dfabf45a3352af812389e1?s=96&d=mm&r=g\",\"caption\":\"NJ\"},\"url\":\"https:\\\/\\\/www.webdo.tn\\\/fr\\\/actualite\\\/author\\\/nj\\\/\"}]}<\/script>\n<!-- \/ Yoast SEO Premium plugin. -->","yoast_head_json":{"title":"Tunisie : 420 MD pour le fonds national de l'emploi","description":"Une enveloppe de 420 millions de dinars a \u00e9t\u00e9 consacr\u00e9e dans le budget de 2023 au fonds national de l'emploi relevant du minist\u00e8re de l'emploi et de la formatio...","canonical":"https:\/\/www.webdo.tn\/fr\/actualite\/national\/tunisie-420-md-pour-le-fonds-national-de-l-emploi\/201664\/","og_locale":"fr_FR","og_type":"article","og_title":"Tunisie : 420 MD pour le fonds national de l'emploi","og_description":"Une enveloppe de 420 millions de dinars a \u00e9t\u00e9 consacr\u00e9e dans le budget de 2023 au fonds national de l'emploi relevant du minist\u00e8re de l'emploi et de la formatio...","og_url":"https:\/\/www.webdo.tn\/fr\/actualite\/national\/tunisie-420-md-pour-le-fonds-national-de-l-emploi\/201664\/","og_site_name":"webdo","article_publisher":"https:\/\/www.facebook.com\/webdotn","article_published_time":"2023-01-09T20:13:00+00:00","article_modified_time":"2025-05-20T23:00:37+00:00","og_image":[{"width":626,"height":334,"url":"https:\/\/www.webdo.tn\/fr\/wp-content\/uploads\/2023\/01\/30058cb369d7dc905c3b1fdb519c7ce4.jpg","type":"image\/jpeg"}],"author":"NJ","twitter_card":"summary_large_image","twitter_creator":"@webdo_tn","twitter_site":"@webdo_tn","twitter_misc":{"\u00c9crit par":"NJ","Dur\u00e9e de lecture estim\u00e9e":"1 minute"},"schema":{"@context":"https:\/\/schema.org","@graph":[{"@type":"NewsArticle","@id":"https:\/\/www.webdo.tn\/fr\/actualite\/national\/tunisie-420-md-pour-le-fonds-national-de-l-emploi\/201664\/#article","isPartOf":{"@id":"https:\/\/www.webdo.tn\/fr\/actualite\/national\/tunisie-420-md-pour-le-fonds-national-de-l-emploi\/201664\/"},"author":{"name":"NJ","@id":"https:\/\/www.webdo.tn\/fr\/#\/schema\/person\/646f7c4406ab78299805d9d39b2636d8"},"headline":"Tunisie : 420 MD pour le fonds national de l&#8217;emploi","datePublished":"2023-01-09T20:13:00+00:00","dateModified":"2025-05-20T23:00:37+00:00","mainEntityOfPage":{"@id":"https:\/\/www.webdo.tn\/fr\/actualite\/national\/tunisie-420-md-pour-le-fonds-national-de-l-emploi\/201664\/"},"wordCount":176,"commentCount":0,"publisher":{"@id":"https:\/\/www.webdo.tn\/fr\/#organization"},"image":{"@id":"https:\/\/www.webdo.tn\/fr\/actualite\/national\/tunisie-420-md-pour-le-fonds-national-de-l-emploi\/201664\/#primaryimage"},"thumbnailUrl":"https:\/\/www.webdo.tn\/fr\/wp-content\/uploads\/2023\/01\/30058cb369d7dc905c3b1fdb519c7ce4.jpg","keywords":["budget d'etat","civp","emploi","entrpereneurs","PME","Tunisie"],"articleSection":["National"],"inLanguage":"fr-FR"},{"@type":"WebPage","@id":"https:\/\/www.webdo.tn\/fr\/actualite\/national\/tunisie-420-md-pour-le-fonds-national-de-l-emploi\/201664\/","url":"https:\/\/www.webdo.tn\/fr\/actualite\/national\/tunisie-420-md-pour-le-fonds-national-de-l-emploi\/201664\/","name":"Tunisie : 420 MD pour le fonds national de l'emploi","isPartOf":{"@id":"https:\/\/www.webdo.tn\/fr\/#website"},"primaryImageOfPage":{"@id":"https:\/\/www.webdo.tn\/fr\/actualite\/national\/tunisie-420-md-pour-le-fonds-national-de-l-emploi\/201664\/#primaryimage"},"image":{"@id":"https:\/\/www.webdo.tn\/fr\/actualite\/national\/tunisie-420-md-pour-le-fonds-national-de-l-emploi\/201664\/#primaryimage"},"thumbnailUrl":"https:\/\/www.webdo.tn\/fr\/wp-content\/uploads\/2023\/01\/30058cb369d7dc905c3b1fdb519c7ce4.jpg","datePublished":"2023-01-09T20:13:00+00:00","dateModified":"2025-05-20T23:00:37+00:00","description":"Une enveloppe de 420 millions de dinars a \u00e9t\u00e9 consacr\u00e9e dans le budget de 2023 au fonds national de l'emploi relevant du minist\u00e8re de l'emploi et de la formatio...","breadcrumb":{"@id":"https:\/\/www.webdo.tn\/fr\/actualite\/national\/tunisie-420-md-pour-le-fonds-national-de-l-emploi\/201664\/#breadcrumb"},"inLanguage":"fr-FR","potentialAction":[{"@type":"ReadAction","target":["https:\/\/www.webdo.tn\/fr\/actualite\/national\/tunisie-420-md-pour-le-fonds-national-de-l-emploi\/201664\/"]}]},{"@type":"ImageObject","inLanguage":"fr-FR","@id":"https:\/\/www.webdo.tn\/fr\/actualite\/national\/tunisie-420-md-pour-le-fonds-national-de-l-emploi\/201664\/#primaryimage","url":"https:\/\/www.webdo.tn\/fr\/wp-content\/uploads\/2023\/01\/30058cb369d7dc905c3b1fdb519c7ce4.jpg","contentUrl":"https:\/\/www.webdo.tn\/fr\/wp-content\/uploads\/2023\/01\/30058cb369d7dc905c3b1fdb519c7ce4.jpg","width":626,"height":334,"caption":"Tunisie : 420 MD pour le fonds national de l'emploi"},{"@type":"BreadcrumbList","@id":"https:\/\/www.webdo.tn\/fr\/actualite\/national\/tunisie-420-md-pour-le-fonds-national-de-l-emploi\/201664\/#breadcrumb","itemListElement":[{"@type":"ListItem","position":1,"name":"Accueil","item":"https:\/\/www.webdo.tn\/fr\/"},{"@type":"ListItem","position":2,"name":"Tunisie : 420 MD pour le fonds national de l&#8217;emploi"}]},{"@type":"WebSite","@id":"https:\/\/www.webdo.tn\/fr\/#website","url":"https:\/\/www.webdo.tn\/fr\/","name":"webdo","description":"Tunisie - News en Tunisie et \u00e0 l&#039;international sur Webdo.tn","publisher":{"@id":"https:\/\/www.webdo.tn\/fr\/#organization"},"potentialAction":[{"@type":"SearchAction","target":{"@type":"EntryPoint","urlTemplate":"https:\/\/www.webdo.tn\/fr\/?s={search_term_string}"},"query-input":{"@type":"PropertyValueSpecification","valueRequired":true,"valueName":"search_term_string"}}],"inLanguage":"fr-FR"},{"@type":"Organization","@id":"https:\/\/www.webdo.tn\/fr\/#organization","name":"Webdo","alternateName":"Webdo.tn","url":"https:\/\/www.webdo.tn\/fr\/","logo":{"@type":"ImageObject","inLanguage":"fr-FR","@id":"https:\/\/www.webdo.tn\/fr\/#\/schema\/logo\/image\/","url":"https:\/\/www.webdo.tn\/fr\/wp-content\/uploads\/2025\/06\/Webdo-Tunisie_168377.jpg","contentUrl":"https:\/\/www.webdo.tn\/fr\/wp-content\/uploads\/2025\/06\/Webdo-Tunisie_168377.jpg","width":301,"height":301,"caption":"Webdo"},"image":{"@id":"https:\/\/www.webdo.tn\/fr\/#\/schema\/logo\/image\/"},"sameAs":["https:\/\/www.facebook.com\/webdotn","https:\/\/x.com\/webdo_tn"],"description":"Webdo est un m\u00e9dia num\u00e9rique tunisien fond\u00e9 en 2010, sp\u00e9cialis\u00e9 dans l\u2019actualit\u00e9 nationale et internationale, l\u2019\u00e9conomie, la soci\u00e9t\u00e9 et les analyses politiques. Le site s\u2019adresse \u00e0 un large public francophone et couvre l\u2019information tunisienne en temps r\u00e9el.","email":"redac@webdo.tn","legalName":"YNJ SARL","foundingDate":"2010-09-06","numberOfEmployees":{"@type":"QuantitativeValue","minValue":"11","maxValue":"50"}},{"@type":"Person","@id":"https:\/\/www.webdo.tn\/fr\/#\/schema\/person\/646f7c4406ab78299805d9d39b2636d8","name":"NJ","image":{"@type":"ImageObject","inLanguage":"fr-FR","@id":"https:\/\/secure.gravatar.com\/avatar\/57ee8a7cee8271948beede1dd4413f641d3b749a42dfabf45a3352af812389e1?s=96&d=mm&r=g","url":"https:\/\/secure.gravatar.com\/avatar\/57ee8a7cee8271948beede1dd4413f641d3b749a42dfabf45a3352af812389e1?s=96&d=mm&r=g","contentUrl":"https:\/\/secure.gravatar.com\/avatar\/57ee8a7cee8271948beede1dd4413f641d3b749a42dfabf45a3352af812389e1?s=96&d=mm&r=g","caption":"NJ"},"url":"https:\/\/www.webdo.tn\/fr\/actualite\/author\/nj\/"}]}},"_links":{"self":[{"href":"https:\/\/www.webdo.tn\/fr\/wp-json\/wp\/v2\/posts\/201664","targetHints":{"allow":["GET"]}}],"collection":[{"href":"https:\/\/www.webdo.tn\/fr\/wp-json\/wp\/v2\/posts"}],"about":[{"href":"https:\/\/www.webdo.tn\/fr\/wp-json\/wp\/v2\/types\/post"}],"author":[{"embeddable":true,"href":"https:\/\/www.webdo.tn\/fr\/wp-json\/wp\/v2\/users\/3195"}],"replies":[{"embeddable":true,"href":"https:\/\/www.webdo.tn\/fr\/wp-json\/wp\/v2\/comments?post=201664"}],"version-history":[{"count":0,"href":"https:\/\/www.webdo.tn\/fr\/wp-json\/wp\/v2\/posts\/201664\/revisions"}],"wp:featuredmedia":[{"embeddable":true,"href":"https:\/\/www.webdo.tn\/fr\/wp-json\/wp\/v2\/media\/277558"}],"wp:attachment":[{"href":"https:\/\/www.webdo.tn\/fr\/wp-json\/wp\/v2\/media?parent=201664"}],"wp:term":[{"taxonomy":"category","embeddable":true,"href":"https:\/\/www.webdo.tn\/fr\/wp-json\/wp\/v2\/categories?post=201664"},{"taxonomy":"post_tag","embeddable":true,"href":"https:\/\/www.webdo.tn\/fr\/wp-json\/wp\/v2\/tags?post=201664"}],"curies":[{"name":"wp","href":"https:\/\/api.w.org\/{rel}","templated":true}]}}