{"id":201660,"date":"2023-01-09T18:50:00","date_gmt":"2023-01-09T18:50:00","guid":{"rendered":"https:\/\/www.webdo.tn\/fr\/blog\/le-forum-des-entrepreneurs-meet-africa-se-tiendra-le-11-fevrier-2023\/201660\/"},"modified":"2025-05-20T23:00:36","modified_gmt":"2025-05-20T23:00:36","slug":"le-forum-des-entrepreneurs-meet-africa-se-tiendra-le-11-fevrier-2023","status":"publish","type":"post","link":"https:\/\/www.webdo.tn\/fr\/actualite\/national\/le-forum-des-entrepreneurs-meet-africa-se-tiendra-le-11-fevrier-2023\/201660\/","title":{"rendered":"Le Forum des Entrepreneurs \u00ab\u00a0MEET Africa\u00a0\u00bb se tiendra le 11 f\u00e9vrier 2023"},"content":{"rendered":"<p>Le Forum des Entrepreneurs de la Diaspora \u00ab\u00a0MEET Africa-Mobilisation europ\u00e9enne pour l\u2019entrepreneuriat en Afrique\u00a0\u00bb, aura lieu le samedi 11 f\u00e9vrier 2023, au Palais des Congr\u00e8s Porte Maillot \u00e0 Paris.\u00a0<\/p>\n<p>\t\t\t\t\t\t\t\t\tOorganis\u00e9 dans le cadre du programme \u00a0\u00ab\u00a0MEET Africa 2\u00a0\u00bb, l&rsquo;\u00e9v\u00e9nement sera\u00a0mis en \u0153uvre par Expertise France et cofinanc\u00e9 \u00e0 hauteur de 8,5 millions d\u2019euros par l\u2019Union Europ\u00e9enne et l\u2019Agence Fran\u00e7aise de D\u00e9veloppement, en partenariat avec ANIMA Investment Network, s\u2019inscrit dans les actions men\u00e9es par l\u2019Union europ\u00e9enne dans le cadre du Fonds Fiduciaire d\u2019Urgence pour l\u2019Afrique.<\/p>\n<p>Le Forum des Entrepreneurs de la Diaspora vise \u00e0 rassembler des \u00e9cosyst\u00e8mes entrepreneuriaux euro-africains, mettant en valeur les entrepreneurs, les structures d\u2019accompagnement et les investissements publics et priv\u00e9s et \u00e0 valoriser les diasporas africaines comme une chance pour l\u2019avenir des relations \u00e9conomiques, commerciales, socioculturelles et humaines entre l\u2019Europe et l\u2019Afrique.<\/p>\n<p>Un espace d\u2019exposition pour les acteurs publics et priv\u00e9s africains et europ\u00e9ens est pr\u00e9vue, afin de promouvoir l\u2019offre \u00e0 destination des diasporas, un espace de conf\u00e9rences pl\u00e9ni\u00e8res, des ateliers th\u00e9matiques et ateliers pays, des sessions de networking entrepreneurs\/investisseurs, talents\/recruteurs et de multiples animations. Pr\u00e8s d&rsquo;un millier de participants sont attendus.<\/p>\n","protected":false},"excerpt":{"rendered":"<p>Le Forum des Entrepreneurs de la Diaspora  MEET Africa-Mobilisation europ\u00e9enne pour l\u2019entrepreneuriat en Afrique , aura lieu le samedi 11 f\u00e9vrier 2023, au Palai&#8230;<\/p>\n","protected":false},"author":3195,"featured_media":277554,"comment_status":"open","ping_status":"closed","sticky":false,"template":"","format":"standard","meta":{"footnotes":""},"categories":[44],"tags":[6539,9263,3653,9262,2608],"class_list":["post-201660","post","type-post","status-publish","format-standard","has-post-thumbnail","hentry","category-national","tag-diaspora","tag-entrepreunariat","tag-forum","tag-meet-africa","tag-tunisie"],"yoast_head":"<!-- This site is optimized with the Yoast SEO Premium plugin v27.5 (Yoast SEO v27.5) - https:\/\/yoast.com\/product\/yoast-seo-premium-wordpress\/ -->\n<title>Le Forum des Entrepreneurs MEET Africa se tiendra le 11 f\u00e9vrier 2023<\/title>\n<meta name=\"description\" content=\"Le Forum des Entrepreneurs de la Diaspora MEET Africa-Mobilisation europ\u00e9enne pour l\u2019entrepreneuriat en Afrique , aura lieu le samedi 11 f\u00e9vrier 2023, au Palai...\" \/>\n<link rel=\"canonical\" href=\"https:\/\/www.webdo.tn\/fr\/actualite\/national\/le-forum-des-entrepreneurs-meet-africa-se-tiendra-le-11-fevrier-2023\/201660\/\" \/>\n<meta property=\"og:locale\" content=\"fr_FR\" \/>\n<meta property=\"og:type\" content=\"article\" \/>\n<meta property=\"og:title\" content=\"Le Forum des Entrepreneurs &quot;MEET Africa&quot; se tiendra le 11 f\u00e9vrier 2023\" \/>\n<meta property=\"og:description\" content=\"Le Forum des Entrepreneurs de la Diaspora MEET Africa-Mobilisation europ\u00e9enne pour l\u2019entrepreneuriat en Afrique , aura lieu le samedi 11 f\u00e9vrier 2023, au Palai...\" \/>\n<meta property=\"og:url\" content=\"https:\/\/www.webdo.tn\/fr\/actualite\/national\/le-forum-des-entrepreneurs-meet-africa-se-tiendra-le-11-fevrier-2023\/201660\/\" \/>\n<meta property=\"og:site_name\" content=\"webdo\" \/>\n<meta property=\"article:publisher\" content=\"https:\/\/www.facebook.com\/webdotn\" \/>\n<meta property=\"article:published_time\" content=\"2023-01-09T18:50:00+00:00\" \/>\n<meta property=\"article:modified_time\" content=\"2025-05-20T23:00:36+00:00\" \/>\n<meta property=\"og:image\" content=\"https:\/\/www.webdo.tn\/fr\/wp-content\/uploads\/2023\/01\/77d16e81a41455ce824193fee8faa900.png\" \/>\n\t<meta property=\"og:image:width\" content=\"750\" \/>\n\t<meta property=\"og:image:height\" content=\"400\" \/>\n\t<meta property=\"og:image:type\" content=\"image\/png\" \/>\n<meta name=\"author\" content=\"NJ\" \/>\n<meta name=\"twitter:card\" content=\"summary_large_image\" \/>\n<meta name=\"twitter:creator\" content=\"@webdo_tn\" \/>\n<meta name=\"twitter:site\" content=\"@webdo_tn\" \/>\n<meta name=\"twitter:label1\" content=\"\u00c9crit par\" \/>\n\t<meta name=\"twitter:data1\" content=\"NJ\" \/>\n\t<meta name=\"twitter:label2\" content=\"Dur\u00e9e de lecture estim\u00e9e\" \/>\n\t<meta name=\"twitter:data2\" content=\"1 minute\" \/>\n<script type=\"application\/ld+json\" class=\"yoast-schema-graph\">{\"@context\":\"https:\\\/\\\/schema.org\",\"@graph\":[{\"@type\":\"NewsArticle\",\"@id\":\"https:\\\/\\\/www.webdo.tn\\\/fr\\\/actualite\\\/national\\\/le-forum-des-entrepreneurs-meet-africa-se-tiendra-le-11-fevrier-2023\\\/201660\\\/#article\",\"isPartOf\":{\"@id\":\"https:\\\/\\\/www.webdo.tn\\\/fr\\\/actualite\\\/national\\\/le-forum-des-entrepreneurs-meet-africa-se-tiendra-le-11-fevrier-2023\\\/201660\\\/\"},\"author\":{\"name\":\"NJ\",\"@id\":\"https:\\\/\\\/www.webdo.tn\\\/fr\\\/#\\\/schema\\\/person\\\/646f7c4406ab78299805d9d39b2636d8\"},\"headline\":\"Le Forum des Entrepreneurs \u00ab\u00a0MEET Africa\u00a0\u00bb se tiendra le 11 f\u00e9vrier 2023\",\"datePublished\":\"2023-01-09T18:50:00+00:00\",\"dateModified\":\"2025-05-20T23:00:36+00:00\",\"mainEntityOfPage\":{\"@id\":\"https:\\\/\\\/www.webdo.tn\\\/fr\\\/actualite\\\/national\\\/le-forum-des-entrepreneurs-meet-africa-se-tiendra-le-11-fevrier-2023\\\/201660\\\/\"},\"wordCount\":224,\"commentCount\":0,\"publisher\":{\"@id\":\"https:\\\/\\\/www.webdo.tn\\\/fr\\\/#organization\"},\"image\":{\"@id\":\"https:\\\/\\\/www.webdo.tn\\\/fr\\\/actualite\\\/national\\\/le-forum-des-entrepreneurs-meet-africa-se-tiendra-le-11-fevrier-2023\\\/201660\\\/#primaryimage\"},\"thumbnailUrl\":\"https:\\\/\\\/www.webdo.tn\\\/fr\\\/wp-content\\\/uploads\\\/2023\\\/01\\\/77d16e81a41455ce824193fee8faa900.png\",\"keywords\":[\"diaspora\",\"entrepreunariat\",\"forum\",\"meet africa\",\"Tunisie\"],\"articleSection\":[\"National\"],\"inLanguage\":\"fr-FR\"},{\"@type\":\"WebPage\",\"@id\":\"https:\\\/\\\/www.webdo.tn\\\/fr\\\/actualite\\\/national\\\/le-forum-des-entrepreneurs-meet-africa-se-tiendra-le-11-fevrier-2023\\\/201660\\\/\",\"url\":\"https:\\\/\\\/www.webdo.tn\\\/fr\\\/actualite\\\/national\\\/le-forum-des-entrepreneurs-meet-africa-se-tiendra-le-11-fevrier-2023\\\/201660\\\/\",\"name\":\"Le Forum des Entrepreneurs MEET Africa se tiendra le 11 f\u00e9vrier 2023\",\"isPartOf\":{\"@id\":\"https:\\\/\\\/www.webdo.tn\\\/fr\\\/#website\"},\"primaryImageOfPage\":{\"@id\":\"https:\\\/\\\/www.webdo.tn\\\/fr\\\/actualite\\\/national\\\/le-forum-des-entrepreneurs-meet-africa-se-tiendra-le-11-fevrier-2023\\\/201660\\\/#primaryimage\"},\"image\":{\"@id\":\"https:\\\/\\\/www.webdo.tn\\\/fr\\\/actualite\\\/national\\\/le-forum-des-entrepreneurs-meet-africa-se-tiendra-le-11-fevrier-2023\\\/201660\\\/#primaryimage\"},\"thumbnailUrl\":\"https:\\\/\\\/www.webdo.tn\\\/fr\\\/wp-content\\\/uploads\\\/2023\\\/01\\\/77d16e81a41455ce824193fee8faa900.png\",\"datePublished\":\"2023-01-09T18:50:00+00:00\",\"dateModified\":\"2025-05-20T23:00:36+00:00\",\"description\":\"Le Forum des Entrepreneurs de la Diaspora MEET Africa-Mobilisation europ\u00e9enne pour l\u2019entrepreneuriat en Afrique , aura lieu le samedi 11 f\u00e9vrier 2023, au Palai...\",\"breadcrumb\":{\"@id\":\"https:\\\/\\\/www.webdo.tn\\\/fr\\\/actualite\\\/national\\\/le-forum-des-entrepreneurs-meet-africa-se-tiendra-le-11-fevrier-2023\\\/201660\\\/#breadcrumb\"},\"inLanguage\":\"fr-FR\",\"potentialAction\":[{\"@type\":\"ReadAction\",\"target\":[\"https:\\\/\\\/www.webdo.tn\\\/fr\\\/actualite\\\/national\\\/le-forum-des-entrepreneurs-meet-africa-se-tiendra-le-11-fevrier-2023\\\/201660\\\/\"]}]},{\"@type\":\"ImageObject\",\"inLanguage\":\"fr-FR\",\"@id\":\"https:\\\/\\\/www.webdo.tn\\\/fr\\\/actualite\\\/national\\\/le-forum-des-entrepreneurs-meet-africa-se-tiendra-le-11-fevrier-2023\\\/201660\\\/#primaryimage\",\"url\":\"https:\\\/\\\/www.webdo.tn\\\/fr\\\/wp-content\\\/uploads\\\/2023\\\/01\\\/77d16e81a41455ce824193fee8faa900.png\",\"contentUrl\":\"https:\\\/\\\/www.webdo.tn\\\/fr\\\/wp-content\\\/uploads\\\/2023\\\/01\\\/77d16e81a41455ce824193fee8faa900.png\",\"width\":750,\"height\":400,\"caption\":\"Le Forum des Entrepreneurs \\\"MEET Africa\\\" se tiendra le 11 f\u00e9vrier 2023\"},{\"@type\":\"BreadcrumbList\",\"@id\":\"https:\\\/\\\/www.webdo.tn\\\/fr\\\/actualite\\\/national\\\/le-forum-des-entrepreneurs-meet-africa-se-tiendra-le-11-fevrier-2023\\\/201660\\\/#breadcrumb\",\"itemListElement\":[{\"@type\":\"ListItem\",\"position\":1,\"name\":\"Accueil\",\"item\":\"https:\\\/\\\/www.webdo.tn\\\/fr\\\/\"},{\"@type\":\"ListItem\",\"position\":2,\"name\":\"Le Forum des Entrepreneurs \u00ab\u00a0MEET Africa\u00a0\u00bb se tiendra le 11 f\u00e9vrier 2023\"}]},{\"@type\":\"WebSite\",\"@id\":\"https:\\\/\\\/www.webdo.tn\\\/fr\\\/#website\",\"url\":\"https:\\\/\\\/www.webdo.tn\\\/fr\\\/\",\"name\":\"webdo\",\"description\":\"Tunisie - News en Tunisie et \u00e0 l&#039;international sur Webdo.tn\",\"publisher\":{\"@id\":\"https:\\\/\\\/www.webdo.tn\\\/fr\\\/#organization\"},\"potentialAction\":[{\"@type\":\"SearchAction\",\"target\":{\"@type\":\"EntryPoint\",\"urlTemplate\":\"https:\\\/\\\/www.webdo.tn\\\/fr\\\/?s={search_term_string}\"},\"query-input\":{\"@type\":\"PropertyValueSpecification\",\"valueRequired\":true,\"valueName\":\"search_term_string\"}}],\"inLanguage\":\"fr-FR\"},{\"@type\":\"Organization\",\"@id\":\"https:\\\/\\\/www.webdo.tn\\\/fr\\\/#organization\",\"name\":\"Webdo\",\"alternateName\":\"Webdo.tn\",\"url\":\"https:\\\/\\\/www.webdo.tn\\\/fr\\\/\",\"logo\":{\"@type\":\"ImageObject\",\"inLanguage\":\"fr-FR\",\"@id\":\"https:\\\/\\\/www.webdo.tn\\\/fr\\\/#\\\/schema\\\/logo\\\/image\\\/\",\"url\":\"https:\\\/\\\/www.webdo.tn\\\/fr\\\/wp-content\\\/uploads\\\/2025\\\/06\\\/Webdo-Tunisie_168377.jpg\",\"contentUrl\":\"https:\\\/\\\/www.webdo.tn\\\/fr\\\/wp-content\\\/uploads\\\/2025\\\/06\\\/Webdo-Tunisie_168377.jpg\",\"width\":301,\"height\":301,\"caption\":\"Webdo\"},\"image\":{\"@id\":\"https:\\\/\\\/www.webdo.tn\\\/fr\\\/#\\\/schema\\\/logo\\\/image\\\/\"},\"sameAs\":[\"https:\\\/\\\/www.facebook.com\\\/webdotn\",\"https:\\\/\\\/x.com\\\/webdo_tn\"],\"description\":\"Webdo est un m\u00e9dia num\u00e9rique tunisien fond\u00e9 en 2010, sp\u00e9cialis\u00e9 dans l\u2019actualit\u00e9 nationale et internationale, l\u2019\u00e9conomie, la soci\u00e9t\u00e9 et les analyses politiques. Le site s\u2019adresse \u00e0 un large public francophone et couvre l\u2019information tunisienne en temps r\u00e9el.\",\"email\":\"redac@webdo.tn\",\"legalName\":\"YNJ SARL\",\"foundingDate\":\"2010-09-06\",\"numberOfEmployees\":{\"@type\":\"QuantitativeValue\",\"minValue\":\"11\",\"maxValue\":\"50\"}},{\"@type\":\"Person\",\"@id\":\"https:\\\/\\\/www.webdo.tn\\\/fr\\\/#\\\/schema\\\/person\\\/646f7c4406ab78299805d9d39b2636d8\",\"name\":\"NJ\",\"image\":{\"@type\":\"ImageObject\",\"inLanguage\":\"fr-FR\",\"@id\":\"https:\\\/\\\/secure.gravatar.com\\\/avatar\\\/57ee8a7cee8271948beede1dd4413f641d3b749a42dfabf45a3352af812389e1?s=96&d=mm&r=g\",\"url\":\"https:\\\/\\\/secure.gravatar.com\\\/avatar\\\/57ee8a7cee8271948beede1dd4413f641d3b749a42dfabf45a3352af812389e1?s=96&d=mm&r=g\",\"contentUrl\":\"https:\\\/\\\/secure.gravatar.com\\\/avatar\\\/57ee8a7cee8271948beede1dd4413f641d3b749a42dfabf45a3352af812389e1?s=96&d=mm&r=g\",\"caption\":\"NJ\"},\"url\":\"https:\\\/\\\/www.webdo.tn\\\/fr\\\/actualite\\\/author\\\/nj\\\/\"}]}<\/script>\n<!-- \/ Yoast SEO Premium plugin. -->","yoast_head_json":{"title":"Le Forum des Entrepreneurs MEET Africa se tiendra le 11 f\u00e9vrier 2023","description":"Le Forum des Entrepreneurs de la Diaspora MEET Africa-Mobilisation europ\u00e9enne pour l\u2019entrepreneuriat en Afrique , aura lieu le samedi 11 f\u00e9vrier 2023, au Palai...","canonical":"https:\/\/www.webdo.tn\/fr\/actualite\/national\/le-forum-des-entrepreneurs-meet-africa-se-tiendra-le-11-fevrier-2023\/201660\/","og_locale":"fr_FR","og_type":"article","og_title":"Le Forum des Entrepreneurs \"MEET Africa\" se tiendra le 11 f\u00e9vrier 2023","og_description":"Le Forum des Entrepreneurs de la Diaspora MEET Africa-Mobilisation europ\u00e9enne pour l\u2019entrepreneuriat en Afrique , aura lieu le samedi 11 f\u00e9vrier 2023, au Palai...","og_url":"https:\/\/www.webdo.tn\/fr\/actualite\/national\/le-forum-des-entrepreneurs-meet-africa-se-tiendra-le-11-fevrier-2023\/201660\/","og_site_name":"webdo","article_publisher":"https:\/\/www.facebook.com\/webdotn","article_published_time":"2023-01-09T18:50:00+00:00","article_modified_time":"2025-05-20T23:00:36+00:00","og_image":[{"width":750,"height":400,"url":"https:\/\/www.webdo.tn\/fr\/wp-content\/uploads\/2023\/01\/77d16e81a41455ce824193fee8faa900.png","type":"image\/png"}],"author":"NJ","twitter_card":"summary_large_image","twitter_creator":"@webdo_tn","twitter_site":"@webdo_tn","twitter_misc":{"\u00c9crit par":"NJ","Dur\u00e9e de lecture estim\u00e9e":"1 minute"},"schema":{"@context":"https:\/\/schema.org","@graph":[{"@type":"NewsArticle","@id":"https:\/\/www.webdo.tn\/fr\/actualite\/national\/le-forum-des-entrepreneurs-meet-africa-se-tiendra-le-11-fevrier-2023\/201660\/#article","isPartOf":{"@id":"https:\/\/www.webdo.tn\/fr\/actualite\/national\/le-forum-des-entrepreneurs-meet-africa-se-tiendra-le-11-fevrier-2023\/201660\/"},"author":{"name":"NJ","@id":"https:\/\/www.webdo.tn\/fr\/#\/schema\/person\/646f7c4406ab78299805d9d39b2636d8"},"headline":"Le Forum des Entrepreneurs \u00ab\u00a0MEET Africa\u00a0\u00bb se tiendra le 11 f\u00e9vrier 2023","datePublished":"2023-01-09T18:50:00+00:00","dateModified":"2025-05-20T23:00:36+00:00","mainEntityOfPage":{"@id":"https:\/\/www.webdo.tn\/fr\/actualite\/national\/le-forum-des-entrepreneurs-meet-africa-se-tiendra-le-11-fevrier-2023\/201660\/"},"wordCount":224,"commentCount":0,"publisher":{"@id":"https:\/\/www.webdo.tn\/fr\/#organization"},"image":{"@id":"https:\/\/www.webdo.tn\/fr\/actualite\/national\/le-forum-des-entrepreneurs-meet-africa-se-tiendra-le-11-fevrier-2023\/201660\/#primaryimage"},"thumbnailUrl":"https:\/\/www.webdo.tn\/fr\/wp-content\/uploads\/2023\/01\/77d16e81a41455ce824193fee8faa900.png","keywords":["diaspora","entrepreunariat","forum","meet africa","Tunisie"],"articleSection":["National"],"inLanguage":"fr-FR"},{"@type":"WebPage","@id":"https:\/\/www.webdo.tn\/fr\/actualite\/national\/le-forum-des-entrepreneurs-meet-africa-se-tiendra-le-11-fevrier-2023\/201660\/","url":"https:\/\/www.webdo.tn\/fr\/actualite\/national\/le-forum-des-entrepreneurs-meet-africa-se-tiendra-le-11-fevrier-2023\/201660\/","name":"Le Forum des Entrepreneurs MEET Africa se tiendra le 11 f\u00e9vrier 2023","isPartOf":{"@id":"https:\/\/www.webdo.tn\/fr\/#website"},"primaryImageOfPage":{"@id":"https:\/\/www.webdo.tn\/fr\/actualite\/national\/le-forum-des-entrepreneurs-meet-africa-se-tiendra-le-11-fevrier-2023\/201660\/#primaryimage"},"image":{"@id":"https:\/\/www.webdo.tn\/fr\/actualite\/national\/le-forum-des-entrepreneurs-meet-africa-se-tiendra-le-11-fevrier-2023\/201660\/#primaryimage"},"thumbnailUrl":"https:\/\/www.webdo.tn\/fr\/wp-content\/uploads\/2023\/01\/77d16e81a41455ce824193fee8faa900.png","datePublished":"2023-01-09T18:50:00+00:00","dateModified":"2025-05-20T23:00:36+00:00","description":"Le Forum des Entrepreneurs de la Diaspora MEET Africa-Mobilisation europ\u00e9enne pour l\u2019entrepreneuriat en Afrique , aura lieu le samedi 11 f\u00e9vrier 2023, au Palai...","breadcrumb":{"@id":"https:\/\/www.webdo.tn\/fr\/actualite\/national\/le-forum-des-entrepreneurs-meet-africa-se-tiendra-le-11-fevrier-2023\/201660\/#breadcrumb"},"inLanguage":"fr-FR","potentialAction":[{"@type":"ReadAction","target":["https:\/\/www.webdo.tn\/fr\/actualite\/national\/le-forum-des-entrepreneurs-meet-africa-se-tiendra-le-11-fevrier-2023\/201660\/"]}]},{"@type":"ImageObject","inLanguage":"fr-FR","@id":"https:\/\/www.webdo.tn\/fr\/actualite\/national\/le-forum-des-entrepreneurs-meet-africa-se-tiendra-le-11-fevrier-2023\/201660\/#primaryimage","url":"https:\/\/www.webdo.tn\/fr\/wp-content\/uploads\/2023\/01\/77d16e81a41455ce824193fee8faa900.png","contentUrl":"https:\/\/www.webdo.tn\/fr\/wp-content\/uploads\/2023\/01\/77d16e81a41455ce824193fee8faa900.png","width":750,"height":400,"caption":"Le Forum des Entrepreneurs \"MEET Africa\" se tiendra le 11 f\u00e9vrier 2023"},{"@type":"BreadcrumbList","@id":"https:\/\/www.webdo.tn\/fr\/actualite\/national\/le-forum-des-entrepreneurs-meet-africa-se-tiendra-le-11-fevrier-2023\/201660\/#breadcrumb","itemListElement":[{"@type":"ListItem","position":1,"name":"Accueil","item":"https:\/\/www.webdo.tn\/fr\/"},{"@type":"ListItem","position":2,"name":"Le Forum des Entrepreneurs \u00ab\u00a0MEET Africa\u00a0\u00bb se tiendra le 11 f\u00e9vrier 2023"}]},{"@type":"WebSite","@id":"https:\/\/www.webdo.tn\/fr\/#website","url":"https:\/\/www.webdo.tn\/fr\/","name":"webdo","description":"Tunisie - News en Tunisie et \u00e0 l&#039;international sur Webdo.tn","publisher":{"@id":"https:\/\/www.webdo.tn\/fr\/#organization"},"potentialAction":[{"@type":"SearchAction","target":{"@type":"EntryPoint","urlTemplate":"https:\/\/www.webdo.tn\/fr\/?s={search_term_string}"},"query-input":{"@type":"PropertyValueSpecification","valueRequired":true,"valueName":"search_term_string"}}],"inLanguage":"fr-FR"},{"@type":"Organization","@id":"https:\/\/www.webdo.tn\/fr\/#organization","name":"Webdo","alternateName":"Webdo.tn","url":"https:\/\/www.webdo.tn\/fr\/","logo":{"@type":"ImageObject","inLanguage":"fr-FR","@id":"https:\/\/www.webdo.tn\/fr\/#\/schema\/logo\/image\/","url":"https:\/\/www.webdo.tn\/fr\/wp-content\/uploads\/2025\/06\/Webdo-Tunisie_168377.jpg","contentUrl":"https:\/\/www.webdo.tn\/fr\/wp-content\/uploads\/2025\/06\/Webdo-Tunisie_168377.jpg","width":301,"height":301,"caption":"Webdo"},"image":{"@id":"https:\/\/www.webdo.tn\/fr\/#\/schema\/logo\/image\/"},"sameAs":["https:\/\/www.facebook.com\/webdotn","https:\/\/x.com\/webdo_tn"],"description":"Webdo est un m\u00e9dia num\u00e9rique tunisien fond\u00e9 en 2010, sp\u00e9cialis\u00e9 dans l\u2019actualit\u00e9 nationale et internationale, l\u2019\u00e9conomie, la soci\u00e9t\u00e9 et les analyses politiques. Le site s\u2019adresse \u00e0 un large public francophone et couvre l\u2019information tunisienne en temps r\u00e9el.","email":"redac@webdo.tn","legalName":"YNJ SARL","foundingDate":"2010-09-06","numberOfEmployees":{"@type":"QuantitativeValue","minValue":"11","maxValue":"50"}},{"@type":"Person","@id":"https:\/\/www.webdo.tn\/fr\/#\/schema\/person\/646f7c4406ab78299805d9d39b2636d8","name":"NJ","image":{"@type":"ImageObject","inLanguage":"fr-FR","@id":"https:\/\/secure.gravatar.com\/avatar\/57ee8a7cee8271948beede1dd4413f641d3b749a42dfabf45a3352af812389e1?s=96&d=mm&r=g","url":"https:\/\/secure.gravatar.com\/avatar\/57ee8a7cee8271948beede1dd4413f641d3b749a42dfabf45a3352af812389e1?s=96&d=mm&r=g","contentUrl":"https:\/\/secure.gravatar.com\/avatar\/57ee8a7cee8271948beede1dd4413f641d3b749a42dfabf45a3352af812389e1?s=96&d=mm&r=g","caption":"NJ"},"url":"https:\/\/www.webdo.tn\/fr\/actualite\/author\/nj\/"}]}},"_links":{"self":[{"href":"https:\/\/www.webdo.tn\/fr\/wp-json\/wp\/v2\/posts\/201660","targetHints":{"allow":["GET"]}}],"collection":[{"href":"https:\/\/www.webdo.tn\/fr\/wp-json\/wp\/v2\/posts"}],"about":[{"href":"https:\/\/www.webdo.tn\/fr\/wp-json\/wp\/v2\/types\/post"}],"author":[{"embeddable":true,"href":"https:\/\/www.webdo.tn\/fr\/wp-json\/wp\/v2\/users\/3195"}],"replies":[{"embeddable":true,"href":"https:\/\/www.webdo.tn\/fr\/wp-json\/wp\/v2\/comments?post=201660"}],"version-history":[{"count":0,"href":"https:\/\/www.webdo.tn\/fr\/wp-json\/wp\/v2\/posts\/201660\/revisions"}],"wp:featuredmedia":[{"embeddable":true,"href":"https:\/\/www.webdo.tn\/fr\/wp-json\/wp\/v2\/media\/277554"}],"wp:attachment":[{"href":"https:\/\/www.webdo.tn\/fr\/wp-json\/wp\/v2\/media?parent=201660"}],"wp:term":[{"taxonomy":"category","embeddable":true,"href":"https:\/\/www.webdo.tn\/fr\/wp-json\/wp\/v2\/categories?post=201660"},{"taxonomy":"post_tag","embeddable":true,"href":"https:\/\/www.webdo.tn\/fr\/wp-json\/wp\/v2\/tags?post=201660"}],"curies":[{"name":"wp","href":"https:\/\/api.w.org\/{rel}","templated":true}]}}