{"id":201654,"date":"2023-01-09T13:45:00","date_gmt":"2023-01-09T13:45:00","guid":{"rendered":"https:\/\/www.webdo.tn\/fr\/actualite\/blog\/une-marche-du-pdl-vers-le-palais-de-carthage-le-14-janvier\/201654\/"},"modified":"2025-05-22T11:38:49","modified_gmt":"2025-05-22T11:38:49","slug":"une-marche-du-pdl-vers-le-palais-de-carthage-le-14-janvier","status":"publish","type":"post","link":"https:\/\/www.webdo.tn\/fr\/actualite\/national\/une-marche-du-pdl-vers-le-palais-de-carthage-le-14-janvier\/201654\/","title":{"rendered":"Une marche du PDL vers le palais de Carthage, le 14 janvier"},"content":{"rendered":"<p>Le Parti Destourien Libre, a annonc\u00e9, dans un communiqu\u00e9 publi\u00e9 ce lundi 9 janvier, l&rsquo;organisation d&rsquo;une marche pr\u00e9vue, samedi 14 janvier 2023, partant du Tribunal cantonal de Carthage en direction du palais pr\u00e9sidentiel.<\/p>\n<p> Dans son communiqu\u00e9, le parti dirig\u00e9 par Abir Moussi, met en garde contre toute entrave \u00e0 cette marche de protestation, rappelant au passage qu\u2019il n\u2019a pu obtenir aucune autorisation de manifester \u00e0 l\u2019occasion du 14 janvier en d\u00e9pit des nombreuses demandes.<\/p>\n<p>Dans ce contexte, le PDL a d\u00e9nonc\u00e9 \u00ab\u00a0l&rsquo;atteinte \u00e0 son droit de manifester et accus\u00e9 le pouvoir en place de faire obstruction \u00e0 ses activit\u00e9s, avertissant qu\u2019il ne manifestera pas \u00e0 l\u2019avenue Habib Bourguiba et \u00ab\u00a0ne tombera pas dans le pi\u00e8ge\u00a0\u00bb de manifester au m\u00eame endroit o\u00f9 est pr\u00e9vue la marche qui sera organis\u00e9e par le Front de salut national. le 14 janvier prochain.<\/p>\n","protected":false},"excerpt":{"rendered":"<p>Le Parti Destourien Libre, a annonc\u00e9, dans un communiqu\u00e9 publi\u00e9 ce lundi 9 janvier, l&rsquo;organisation d&rsquo;une marche pr\u00e9vue, samedi 14 janvier 2023, partant du Tribu&#8230;<\/p>\n","protected":false},"author":3162,"featured_media":348318,"comment_status":"open","ping_status":"closed","sticky":false,"template":"","format":"standard","meta":{"footnotes":""},"categories":[44],"tags":[2926,3094,7444,4028],"class_list":["post-201654","post","type-post","status-publish","format-standard","has-post-thumbnail","hentry","category-national","tag-abir-moussi","tag-marche","tag-palais-de-carthage","tag-pdl"],"yoast_head":"<!-- This site is optimized with the Yoast SEO Premium plugin v27.4 (Yoast SEO v27.5) - https:\/\/yoast.com\/product\/yoast-seo-premium-wordpress\/ -->\n<title>Une marche du PDL vers le palais de Carthage, le 14 janvier<\/title>\n<meta name=\"description\" content=\"Le Parti Destourien Libre, a annonc\u00e9, dans un communiqu\u00e9 publi\u00e9 ce lundi 9 janvier, l&#039;organisation d&#039;une marche pr\u00e9vue, samedi 14 janvier 2023, partant du Tribu...\" \/>\n<link rel=\"canonical\" href=\"https:\/\/www.webdo.tn\/fr\/actualite\/national-45\/une-marche-du-pdl-vers-le-palais-de-carthage-le-14-janvier\/201654\/\" \/>\n<meta property=\"og:locale\" content=\"fr_FR\" \/>\n<meta property=\"og:type\" content=\"article\" \/>\n<meta property=\"og:title\" content=\"Une marche du PDL vers le palais de Carthage, le 14 janvier\" \/>\n<meta property=\"og:description\" content=\"Le Parti Destourien Libre, a annonc\u00e9, dans un communiqu\u00e9 publi\u00e9 ce lundi 9 janvier, l&#039;organisation d&#039;une marche pr\u00e9vue, samedi 14 janvier 2023, partant du Tribu...\" \/>\n<meta property=\"og:url\" content=\"https:\/\/www.webdo.tn\/fr\/actualite\/national-45\/une-marche-du-pdl-vers-le-palais-de-carthage-le-14-janvier\/201654\/\" \/>\n<meta property=\"og:site_name\" content=\"webdo\" \/>\n<meta property=\"article:publisher\" content=\"https:\/\/www.facebook.com\/webdotn\" \/>\n<meta property=\"article:published_time\" content=\"2023-01-09T13:45:00+00:00\" \/>\n<meta property=\"article:modified_time\" content=\"2025-05-22T11:38:49+00:00\" \/>\n<meta property=\"og:image\" content=\"https:\/\/www.webdo.tn\/fr\/wp-content\/uploads\/2023\/01\/ef9c8abc66c00bdedbd11d6cd6703913.png\" \/>\n\t<meta property=\"og:image:width\" content=\"750\" \/>\n\t<meta property=\"og:image:height\" content=\"400\" \/>\n\t<meta property=\"og:image:type\" content=\"image\/png\" \/>\n<meta name=\"author\" content=\"MC\" \/>\n<meta name=\"twitter:card\" content=\"summary_large_image\" \/>\n<meta name=\"twitter:creator\" content=\"@webdo_tn\" \/>\n<meta name=\"twitter:site\" content=\"@webdo_tn\" \/>\n<meta name=\"twitter:label1\" content=\"\u00c9crit par\" \/>\n\t<meta name=\"twitter:data1\" content=\"MC\" \/>\n\t<meta name=\"twitter:label2\" content=\"Dur\u00e9e de lecture estim\u00e9e\" \/>\n\t<meta name=\"twitter:data2\" content=\"1 minute\" \/>\n<script type=\"application\/ld+json\" class=\"yoast-schema-graph\">{\"@context\":\"https:\\\/\\\/schema.org\",\"@graph\":[{\"@type\":\"NewsArticle\",\"@id\":\"https:\\\/\\\/www.webdo.tn\\\/fr\\\/actualite\\\/national-45\\\/une-marche-du-pdl-vers-le-palais-de-carthage-le-14-janvier\\\/201654\\\/#article\",\"isPartOf\":{\"@id\":\"https:\\\/\\\/www.webdo.tn\\\/fr\\\/actualite\\\/national-45\\\/une-marche-du-pdl-vers-le-palais-de-carthage-le-14-janvier\\\/201654\\\/\"},\"author\":{\"name\":\"MC\",\"@id\":\"https:\\\/\\\/www.webdo.tn\\\/fr\\\/#\\\/schema\\\/person\\\/2c4929cbf5a809e3bd38617c6ce150f6\"},\"headline\":\"Une marche du PDL vers le palais de Carthage, le 14 janvier\",\"datePublished\":\"2023-01-09T13:45:00+00:00\",\"dateModified\":\"2025-05-22T11:38:49+00:00\",\"mainEntityOfPage\":{\"@id\":\"https:\\\/\\\/www.webdo.tn\\\/fr\\\/actualite\\\/national-45\\\/une-marche-du-pdl-vers-le-palais-de-carthage-le-14-janvier\\\/201654\\\/\"},\"wordCount\":156,\"commentCount\":0,\"publisher\":{\"@id\":\"https:\\\/\\\/www.webdo.tn\\\/fr\\\/#organization\"},\"image\":{\"@id\":\"https:\\\/\\\/www.webdo.tn\\\/fr\\\/actualite\\\/national-45\\\/une-marche-du-pdl-vers-le-palais-de-carthage-le-14-janvier\\\/201654\\\/#primaryimage\"},\"thumbnailUrl\":\"https:\\\/\\\/www.webdo.tn\\\/fr\\\/wp-content\\\/uploads\\\/2023\\\/01\\\/ef9c8abc66c00bdedbd11d6cd6703913.png\",\"keywords\":[\"Abir Moussi\",\"marche\",\"palais de carthage\",\"PDL\"],\"articleSection\":[\"National\"],\"inLanguage\":\"fr-FR\"},{\"@type\":\"WebPage\",\"@id\":\"https:\\\/\\\/www.webdo.tn\\\/fr\\\/actualite\\\/national-45\\\/une-marche-du-pdl-vers-le-palais-de-carthage-le-14-janvier\\\/201654\\\/\",\"url\":\"https:\\\/\\\/www.webdo.tn\\\/fr\\\/actualite\\\/national-45\\\/une-marche-du-pdl-vers-le-palais-de-carthage-le-14-janvier\\\/201654\\\/\",\"name\":\"Une marche du PDL vers le palais de Carthage, le 14 janvier\",\"isPartOf\":{\"@id\":\"https:\\\/\\\/www.webdo.tn\\\/fr\\\/#website\"},\"primaryImageOfPage\":{\"@id\":\"https:\\\/\\\/www.webdo.tn\\\/fr\\\/actualite\\\/national-45\\\/une-marche-du-pdl-vers-le-palais-de-carthage-le-14-janvier\\\/201654\\\/#primaryimage\"},\"image\":{\"@id\":\"https:\\\/\\\/www.webdo.tn\\\/fr\\\/actualite\\\/national-45\\\/une-marche-du-pdl-vers-le-palais-de-carthage-le-14-janvier\\\/201654\\\/#primaryimage\"},\"thumbnailUrl\":\"https:\\\/\\\/www.webdo.tn\\\/fr\\\/wp-content\\\/uploads\\\/2023\\\/01\\\/ef9c8abc66c00bdedbd11d6cd6703913.png\",\"datePublished\":\"2023-01-09T13:45:00+00:00\",\"dateModified\":\"2025-05-22T11:38:49+00:00\",\"description\":\"Le Parti Destourien Libre, a annonc\u00e9, dans un communiqu\u00e9 publi\u00e9 ce lundi 9 janvier, l'organisation d'une marche pr\u00e9vue, samedi 14 janvier 2023, partant du Tribu...\",\"breadcrumb\":{\"@id\":\"https:\\\/\\\/www.webdo.tn\\\/fr\\\/actualite\\\/national-45\\\/une-marche-du-pdl-vers-le-palais-de-carthage-le-14-janvier\\\/201654\\\/#breadcrumb\"},\"inLanguage\":\"fr-FR\",\"potentialAction\":[{\"@type\":\"ReadAction\",\"target\":[\"https:\\\/\\\/www.webdo.tn\\\/fr\\\/actualite\\\/national-45\\\/une-marche-du-pdl-vers-le-palais-de-carthage-le-14-janvier\\\/201654\\\/\"]}]},{\"@type\":\"ImageObject\",\"inLanguage\":\"fr-FR\",\"@id\":\"https:\\\/\\\/www.webdo.tn\\\/fr\\\/actualite\\\/national-45\\\/une-marche-du-pdl-vers-le-palais-de-carthage-le-14-janvier\\\/201654\\\/#primaryimage\",\"url\":\"https:\\\/\\\/www.webdo.tn\\\/fr\\\/wp-content\\\/uploads\\\/2023\\\/01\\\/ef9c8abc66c00bdedbd11d6cd6703913.png\",\"contentUrl\":\"https:\\\/\\\/www.webdo.tn\\\/fr\\\/wp-content\\\/uploads\\\/2023\\\/01\\\/ef9c8abc66c00bdedbd11d6cd6703913.png\",\"width\":750,\"height\":400,\"caption\":\"Une marche du PDL vers le palais de Carthage, le 14 janvier\"},{\"@type\":\"BreadcrumbList\",\"@id\":\"https:\\\/\\\/www.webdo.tn\\\/fr\\\/actualite\\\/national-45\\\/une-marche-du-pdl-vers-le-palais-de-carthage-le-14-janvier\\\/201654\\\/#breadcrumb\",\"itemListElement\":[{\"@type\":\"ListItem\",\"position\":1,\"name\":\"Accueil\",\"item\":\"https:\\\/\\\/www.webdo.tn\\\/fr\\\/\"},{\"@type\":\"ListItem\",\"position\":2,\"name\":\"Une marche du PDL vers le palais de Carthage, le 14 janvier\"}]},{\"@type\":\"WebSite\",\"@id\":\"https:\\\/\\\/www.webdo.tn\\\/fr\\\/#website\",\"url\":\"https:\\\/\\\/www.webdo.tn\\\/fr\\\/\",\"name\":\"webdo\",\"description\":\"Tunisie - News en Tunisie et \u00e0 l&#039;international sur Webdo.tn\",\"publisher\":{\"@id\":\"https:\\\/\\\/www.webdo.tn\\\/fr\\\/#organization\"},\"potentialAction\":[{\"@type\":\"SearchAction\",\"target\":{\"@type\":\"EntryPoint\",\"urlTemplate\":\"https:\\\/\\\/www.webdo.tn\\\/fr\\\/?s={search_term_string}\"},\"query-input\":{\"@type\":\"PropertyValueSpecification\",\"valueRequired\":true,\"valueName\":\"search_term_string\"}}],\"inLanguage\":\"fr-FR\"},{\"@type\":\"Organization\",\"@id\":\"https:\\\/\\\/www.webdo.tn\\\/fr\\\/#organization\",\"name\":\"Webdo\",\"alternateName\":\"Webdo.tn\",\"url\":\"https:\\\/\\\/www.webdo.tn\\\/fr\\\/\",\"logo\":{\"@type\":\"ImageObject\",\"inLanguage\":\"fr-FR\",\"@id\":\"https:\\\/\\\/www.webdo.tn\\\/fr\\\/#\\\/schema\\\/logo\\\/image\\\/\",\"url\":\"https:\\\/\\\/www.webdo.tn\\\/fr\\\/wp-content\\\/uploads\\\/2025\\\/06\\\/Webdo-Tunisie_168377.jpg\",\"contentUrl\":\"https:\\\/\\\/www.webdo.tn\\\/fr\\\/wp-content\\\/uploads\\\/2025\\\/06\\\/Webdo-Tunisie_168377.jpg\",\"width\":301,\"height\":301,\"caption\":\"Webdo\"},\"image\":{\"@id\":\"https:\\\/\\\/www.webdo.tn\\\/fr\\\/#\\\/schema\\\/logo\\\/image\\\/\"},\"sameAs\":[\"https:\\\/\\\/www.facebook.com\\\/webdotn\",\"https:\\\/\\\/x.com\\\/webdo_tn\"],\"description\":\"Webdo est un m\u00e9dia num\u00e9rique tunisien fond\u00e9 en 2010, sp\u00e9cialis\u00e9 dans l\u2019actualit\u00e9 nationale et internationale, l\u2019\u00e9conomie, la soci\u00e9t\u00e9 et les analyses politiques. Le site s\u2019adresse \u00e0 un large public francophone et couvre l\u2019information tunisienne en temps r\u00e9el.\",\"email\":\"redac@webdo.tn\",\"legalName\":\"YNJ SARL\",\"foundingDate\":\"2010-09-06\",\"numberOfEmployees\":{\"@type\":\"QuantitativeValue\",\"minValue\":\"11\",\"maxValue\":\"50\"}},{\"@type\":\"Person\",\"@id\":\"https:\\\/\\\/www.webdo.tn\\\/fr\\\/#\\\/schema\\\/person\\\/2c4929cbf5a809e3bd38617c6ce150f6\",\"name\":\"MC\",\"image\":{\"@type\":\"ImageObject\",\"inLanguage\":\"fr-FR\",\"@id\":\"https:\\\/\\\/secure.gravatar.com\\\/avatar\\\/a545bbb6f84efdd5553dbbc2895e3ca8f1d12c5215e00a041c9670b54aa9b18a?s=96&d=mm&r=g\",\"url\":\"https:\\\/\\\/secure.gravatar.com\\\/avatar\\\/a545bbb6f84efdd5553dbbc2895e3ca8f1d12c5215e00a041c9670b54aa9b18a?s=96&d=mm&r=g\",\"contentUrl\":\"https:\\\/\\\/secure.gravatar.com\\\/avatar\\\/a545bbb6f84efdd5553dbbc2895e3ca8f1d12c5215e00a041c9670b54aa9b18a?s=96&d=mm&r=g\",\"caption\":\"MC\"},\"url\":\"https:\\\/\\\/www.webdo.tn\\\/fr\\\/actualite\\\/author\\\/mc\\\/\"}]}<\/script>\n<!-- \/ Yoast SEO Premium plugin. -->","yoast_head_json":{"title":"Une marche du PDL vers le palais de Carthage, le 14 janvier","description":"Le Parti Destourien Libre, a annonc\u00e9, dans un communiqu\u00e9 publi\u00e9 ce lundi 9 janvier, l'organisation d'une marche pr\u00e9vue, samedi 14 janvier 2023, partant du Tribu...","canonical":"https:\/\/www.webdo.tn\/fr\/actualite\/national-45\/une-marche-du-pdl-vers-le-palais-de-carthage-le-14-janvier\/201654\/","og_locale":"fr_FR","og_type":"article","og_title":"Une marche du PDL vers le palais de Carthage, le 14 janvier","og_description":"Le Parti Destourien Libre, a annonc\u00e9, dans un communiqu\u00e9 publi\u00e9 ce lundi 9 janvier, l'organisation d'une marche pr\u00e9vue, samedi 14 janvier 2023, partant du Tribu...","og_url":"https:\/\/www.webdo.tn\/fr\/actualite\/national-45\/une-marche-du-pdl-vers-le-palais-de-carthage-le-14-janvier\/201654\/","og_site_name":"webdo","article_publisher":"https:\/\/www.facebook.com\/webdotn","article_published_time":"2023-01-09T13:45:00+00:00","article_modified_time":"2025-05-22T11:38:49+00:00","og_image":[{"width":750,"height":400,"url":"https:\/\/www.webdo.tn\/fr\/wp-content\/uploads\/2023\/01\/ef9c8abc66c00bdedbd11d6cd6703913.png","type":"image\/png"}],"author":"MC","twitter_card":"summary_large_image","twitter_creator":"@webdo_tn","twitter_site":"@webdo_tn","twitter_misc":{"\u00c9crit par":"MC","Dur\u00e9e de lecture estim\u00e9e":"1 minute"},"schema":{"@context":"https:\/\/schema.org","@graph":[{"@type":"NewsArticle","@id":"https:\/\/www.webdo.tn\/fr\/actualite\/national-45\/une-marche-du-pdl-vers-le-palais-de-carthage-le-14-janvier\/201654\/#article","isPartOf":{"@id":"https:\/\/www.webdo.tn\/fr\/actualite\/national-45\/une-marche-du-pdl-vers-le-palais-de-carthage-le-14-janvier\/201654\/"},"author":{"name":"MC","@id":"https:\/\/www.webdo.tn\/fr\/#\/schema\/person\/2c4929cbf5a809e3bd38617c6ce150f6"},"headline":"Une marche du PDL vers le palais de Carthage, le 14 janvier","datePublished":"2023-01-09T13:45:00+00:00","dateModified":"2025-05-22T11:38:49+00:00","mainEntityOfPage":{"@id":"https:\/\/www.webdo.tn\/fr\/actualite\/national-45\/une-marche-du-pdl-vers-le-palais-de-carthage-le-14-janvier\/201654\/"},"wordCount":156,"commentCount":0,"publisher":{"@id":"https:\/\/www.webdo.tn\/fr\/#organization"},"image":{"@id":"https:\/\/www.webdo.tn\/fr\/actualite\/national-45\/une-marche-du-pdl-vers-le-palais-de-carthage-le-14-janvier\/201654\/#primaryimage"},"thumbnailUrl":"https:\/\/www.webdo.tn\/fr\/wp-content\/uploads\/2023\/01\/ef9c8abc66c00bdedbd11d6cd6703913.png","keywords":["Abir Moussi","marche","palais de carthage","PDL"],"articleSection":["National"],"inLanguage":"fr-FR"},{"@type":"WebPage","@id":"https:\/\/www.webdo.tn\/fr\/actualite\/national-45\/une-marche-du-pdl-vers-le-palais-de-carthage-le-14-janvier\/201654\/","url":"https:\/\/www.webdo.tn\/fr\/actualite\/national-45\/une-marche-du-pdl-vers-le-palais-de-carthage-le-14-janvier\/201654\/","name":"Une marche du PDL vers le palais de Carthage, le 14 janvier","isPartOf":{"@id":"https:\/\/www.webdo.tn\/fr\/#website"},"primaryImageOfPage":{"@id":"https:\/\/www.webdo.tn\/fr\/actualite\/national-45\/une-marche-du-pdl-vers-le-palais-de-carthage-le-14-janvier\/201654\/#primaryimage"},"image":{"@id":"https:\/\/www.webdo.tn\/fr\/actualite\/national-45\/une-marche-du-pdl-vers-le-palais-de-carthage-le-14-janvier\/201654\/#primaryimage"},"thumbnailUrl":"https:\/\/www.webdo.tn\/fr\/wp-content\/uploads\/2023\/01\/ef9c8abc66c00bdedbd11d6cd6703913.png","datePublished":"2023-01-09T13:45:00+00:00","dateModified":"2025-05-22T11:38:49+00:00","description":"Le Parti Destourien Libre, a annonc\u00e9, dans un communiqu\u00e9 publi\u00e9 ce lundi 9 janvier, l'organisation d'une marche pr\u00e9vue, samedi 14 janvier 2023, partant du Tribu...","breadcrumb":{"@id":"https:\/\/www.webdo.tn\/fr\/actualite\/national-45\/une-marche-du-pdl-vers-le-palais-de-carthage-le-14-janvier\/201654\/#breadcrumb"},"inLanguage":"fr-FR","potentialAction":[{"@type":"ReadAction","target":["https:\/\/www.webdo.tn\/fr\/actualite\/national-45\/une-marche-du-pdl-vers-le-palais-de-carthage-le-14-janvier\/201654\/"]}]},{"@type":"ImageObject","inLanguage":"fr-FR","@id":"https:\/\/www.webdo.tn\/fr\/actualite\/national-45\/une-marche-du-pdl-vers-le-palais-de-carthage-le-14-janvier\/201654\/#primaryimage","url":"https:\/\/www.webdo.tn\/fr\/wp-content\/uploads\/2023\/01\/ef9c8abc66c00bdedbd11d6cd6703913.png","contentUrl":"https:\/\/www.webdo.tn\/fr\/wp-content\/uploads\/2023\/01\/ef9c8abc66c00bdedbd11d6cd6703913.png","width":750,"height":400,"caption":"Une marche du PDL vers le palais de Carthage, le 14 janvier"},{"@type":"BreadcrumbList","@id":"https:\/\/www.webdo.tn\/fr\/actualite\/national-45\/une-marche-du-pdl-vers-le-palais-de-carthage-le-14-janvier\/201654\/#breadcrumb","itemListElement":[{"@type":"ListItem","position":1,"name":"Accueil","item":"https:\/\/www.webdo.tn\/fr\/"},{"@type":"ListItem","position":2,"name":"Une marche du PDL vers le palais de Carthage, le 14 janvier"}]},{"@type":"WebSite","@id":"https:\/\/www.webdo.tn\/fr\/#website","url":"https:\/\/www.webdo.tn\/fr\/","name":"webdo","description":"Tunisie - News en Tunisie et \u00e0 l&#039;international sur Webdo.tn","publisher":{"@id":"https:\/\/www.webdo.tn\/fr\/#organization"},"potentialAction":[{"@type":"SearchAction","target":{"@type":"EntryPoint","urlTemplate":"https:\/\/www.webdo.tn\/fr\/?s={search_term_string}"},"query-input":{"@type":"PropertyValueSpecification","valueRequired":true,"valueName":"search_term_string"}}],"inLanguage":"fr-FR"},{"@type":"Organization","@id":"https:\/\/www.webdo.tn\/fr\/#organization","name":"Webdo","alternateName":"Webdo.tn","url":"https:\/\/www.webdo.tn\/fr\/","logo":{"@type":"ImageObject","inLanguage":"fr-FR","@id":"https:\/\/www.webdo.tn\/fr\/#\/schema\/logo\/image\/","url":"https:\/\/www.webdo.tn\/fr\/wp-content\/uploads\/2025\/06\/Webdo-Tunisie_168377.jpg","contentUrl":"https:\/\/www.webdo.tn\/fr\/wp-content\/uploads\/2025\/06\/Webdo-Tunisie_168377.jpg","width":301,"height":301,"caption":"Webdo"},"image":{"@id":"https:\/\/www.webdo.tn\/fr\/#\/schema\/logo\/image\/"},"sameAs":["https:\/\/www.facebook.com\/webdotn","https:\/\/x.com\/webdo_tn"],"description":"Webdo est un m\u00e9dia num\u00e9rique tunisien fond\u00e9 en 2010, sp\u00e9cialis\u00e9 dans l\u2019actualit\u00e9 nationale et internationale, l\u2019\u00e9conomie, la soci\u00e9t\u00e9 et les analyses politiques. Le site s\u2019adresse \u00e0 un large public francophone et couvre l\u2019information tunisienne en temps r\u00e9el.","email":"redac@webdo.tn","legalName":"YNJ SARL","foundingDate":"2010-09-06","numberOfEmployees":{"@type":"QuantitativeValue","minValue":"11","maxValue":"50"}},{"@type":"Person","@id":"https:\/\/www.webdo.tn\/fr\/#\/schema\/person\/2c4929cbf5a809e3bd38617c6ce150f6","name":"MC","image":{"@type":"ImageObject","inLanguage":"fr-FR","@id":"https:\/\/secure.gravatar.com\/avatar\/a545bbb6f84efdd5553dbbc2895e3ca8f1d12c5215e00a041c9670b54aa9b18a?s=96&d=mm&r=g","url":"https:\/\/secure.gravatar.com\/avatar\/a545bbb6f84efdd5553dbbc2895e3ca8f1d12c5215e00a041c9670b54aa9b18a?s=96&d=mm&r=g","contentUrl":"https:\/\/secure.gravatar.com\/avatar\/a545bbb6f84efdd5553dbbc2895e3ca8f1d12c5215e00a041c9670b54aa9b18a?s=96&d=mm&r=g","caption":"MC"},"url":"https:\/\/www.webdo.tn\/fr\/actualite\/author\/mc\/"}]}},"_links":{"self":[{"href":"https:\/\/www.webdo.tn\/fr\/wp-json\/wp\/v2\/posts\/201654","targetHints":{"allow":["GET"]}}],"collection":[{"href":"https:\/\/www.webdo.tn\/fr\/wp-json\/wp\/v2\/posts"}],"about":[{"href":"https:\/\/www.webdo.tn\/fr\/wp-json\/wp\/v2\/types\/post"}],"author":[{"embeddable":true,"href":"https:\/\/www.webdo.tn\/fr\/wp-json\/wp\/v2\/users\/3162"}],"replies":[{"embeddable":true,"href":"https:\/\/www.webdo.tn\/fr\/wp-json\/wp\/v2\/comments?post=201654"}],"version-history":[{"count":0,"href":"https:\/\/www.webdo.tn\/fr\/wp-json\/wp\/v2\/posts\/201654\/revisions"}],"wp:featuredmedia":[{"embeddable":true,"href":"https:\/\/www.webdo.tn\/fr\/wp-json\/wp\/v2\/media\/348318"}],"wp:attachment":[{"href":"https:\/\/www.webdo.tn\/fr\/wp-json\/wp\/v2\/media?parent=201654"}],"wp:term":[{"taxonomy":"category","embeddable":true,"href":"https:\/\/www.webdo.tn\/fr\/wp-json\/wp\/v2\/categories?post=201654"},{"taxonomy":"post_tag","embeddable":true,"href":"https:\/\/www.webdo.tn\/fr\/wp-json\/wp\/v2\/tags?post=201654"}],"curies":[{"name":"wp","href":"https:\/\/api.w.org\/{rel}","templated":true}]}}