{"id":201617,"date":"2023-01-07T12:20:00","date_gmt":"2023-01-07T12:20:00","guid":{"rendered":"https:\/\/www.webdo.tn\/fr\/blog\/au-moins-cinq-morts-et-dix-disparus-apres-le-naufrage-d-un-bateau-de-migrants-au-large-de-sfax\/201617\/"},"modified":"2025-05-20T22:06:46","modified_gmt":"2025-05-20T22:06:46","slug":"au-moins-cinq-morts-et-dix-disparus-apres-le-naufrage-d-un-bateau-de-migrants-au-large-de-sfax","status":"publish","type":"post","link":"https:\/\/www.webdo.tn\/fr\/actualite\/national\/au-moins-cinq-morts-et-dix-disparus-apres-le-naufrage-d-un-bateau-de-migrants-au-large-de-sfax\/201617\/","title":{"rendered":"Au moins 5 morts et 10 disparus apr\u00e8s le naufrage d&rsquo;un bateau de migrants au large de Sfax"},"content":{"rendered":"<p>Au moins cinq migrants africains sont morts et 10 autres sont port\u00e9s disparus apr\u00e8s le naufrage d&rsquo;un bateau au large des c\u00f4tes tunisiennes.<\/p>\n<p>\t\t\t\t\t\t\t\t\tLes garde-c\u00f4tes tunisiens ont secouru 20 migrants qui se trouvaient \u00e0 bord du bateau bond\u00e9, en route vers l&rsquo;Italie, qui a coul\u00e9 vendredi 6 janvier au large de Louata, dans la r\u00e9gion de Sfax, a d\u00e9clar\u00e9 un reponsable judiciaire \u00e0 l&rsquo;agence Reuters.<\/p>\n","protected":false},"excerpt":{"rendered":"<p>Au moins cinq migrants africains sont morts et 10 autres sont port\u00e9s disparus apr\u00e8s le naufrage d&rsquo;un bateau au large des c\u00f4tes tunisiennes.<\/p>\n","protected":false},"author":3162,"featured_media":277550,"comment_status":"open","ping_status":"closed","sticky":false,"template":"","format":"standard","meta":{"footnotes":""},"categories":[44],"tags":[7055,2894,3208,2675],"class_list":["post-201617","post","type-post","status-publish","format-standard","has-post-thumbnail","hentry","category-national","tag-emigration-irreguliere","tag-migrants","tag-morts","tag-sfax"],"yoast_head":"<!-- This site is optimized with the Yoast SEO Premium plugin v27.5 (Yoast SEO v27.5) - https:\/\/yoast.com\/product\/yoast-seo-premium-wordpress\/ -->\n<title>Au moins 5 morts et 10 disparus apr\u00e8s le naufrage d&#039;un bateau de migrants au large de Sfax<\/title>\n<meta name=\"description\" content=\"Au moins cinq migrants africains sont morts et 10 autres sont port\u00e9s disparus apr\u00e8s le naufrage d&#039;un bateau au large des c\u00f4tes tunisiennes.\" \/>\n<link rel=\"canonical\" href=\"https:\/\/www.webdo.tn\/fr\/actualite\/national\/au-moins-cinq-morts-et-dix-disparus-apres-le-naufrage-d-un-bateau-de-migrants-au-large-de-sfax\/201617\/\" \/>\n<meta property=\"og:locale\" content=\"fr_FR\" \/>\n<meta property=\"og:type\" content=\"article\" \/>\n<meta property=\"og:title\" content=\"Au moins 5 morts et 10 disparus apr\u00e8s le naufrage d&#039;un bateau de migrants au large de Sfax\" \/>\n<meta property=\"og:description\" content=\"Au moins cinq migrants africains sont morts et 10 autres sont port\u00e9s disparus apr\u00e8s le naufrage d&#039;un bateau au large des c\u00f4tes tunisiennes.\" \/>\n<meta property=\"og:url\" content=\"https:\/\/www.webdo.tn\/fr\/actualite\/national\/au-moins-cinq-morts-et-dix-disparus-apres-le-naufrage-d-un-bateau-de-migrants-au-large-de-sfax\/201617\/\" \/>\n<meta property=\"og:site_name\" content=\"webdo\" \/>\n<meta property=\"article:publisher\" content=\"https:\/\/www.facebook.com\/webdotn\" \/>\n<meta property=\"article:published_time\" content=\"2023-01-07T12:20:00+00:00\" \/>\n<meta property=\"article:modified_time\" content=\"2025-05-20T22:06:46+00:00\" \/>\n<meta property=\"og:image\" content=\"https:\/\/www.webdo.tn\/fr\/wp-content\/uploads\/2023\/01\/6a880d79021ed380dd15d3deea084510.jpg\" \/>\n\t<meta property=\"og:image:width\" content=\"750\" \/>\n\t<meta property=\"og:image:height\" content=\"400\" \/>\n\t<meta property=\"og:image:type\" content=\"image\/jpeg\" \/>\n<meta name=\"author\" content=\"MC\" \/>\n<meta name=\"twitter:card\" content=\"summary_large_image\" \/>\n<meta name=\"twitter:creator\" content=\"@webdo_tn\" \/>\n<meta name=\"twitter:site\" content=\"@webdo_tn\" \/>\n<meta name=\"twitter:label1\" content=\"\u00c9crit par\" \/>\n\t<meta name=\"twitter:data1\" content=\"MC\" \/>\n<script type=\"application\/ld+json\" class=\"yoast-schema-graph\">{\"@context\":\"https:\\\/\\\/schema.org\",\"@graph\":[{\"@type\":\"NewsArticle\",\"@id\":\"https:\\\/\\\/www.webdo.tn\\\/fr\\\/actualite\\\/national\\\/au-moins-cinq-morts-et-dix-disparus-apres-le-naufrage-d-un-bateau-de-migrants-au-large-de-sfax\\\/201617\\\/#article\",\"isPartOf\":{\"@id\":\"https:\\\/\\\/www.webdo.tn\\\/fr\\\/actualite\\\/national\\\/au-moins-cinq-morts-et-dix-disparus-apres-le-naufrage-d-un-bateau-de-migrants-au-large-de-sfax\\\/201617\\\/\"},\"author\":{\"name\":\"MC\",\"@id\":\"https:\\\/\\\/www.webdo.tn\\\/fr\\\/#\\\/schema\\\/person\\\/2c4929cbf5a809e3bd38617c6ce150f6\"},\"headline\":\"Au moins 5 morts et 10 disparus apr\u00e8s le naufrage d&rsquo;un bateau de migrants au large de Sfax\",\"datePublished\":\"2023-01-07T12:20:00+00:00\",\"dateModified\":\"2025-05-20T22:06:46+00:00\",\"mainEntityOfPage\":{\"@id\":\"https:\\\/\\\/www.webdo.tn\\\/fr\\\/actualite\\\/national\\\/au-moins-cinq-morts-et-dix-disparus-apres-le-naufrage-d-un-bateau-de-migrants-au-large-de-sfax\\\/201617\\\/\"},\"wordCount\":87,\"commentCount\":0,\"publisher\":{\"@id\":\"https:\\\/\\\/www.webdo.tn\\\/fr\\\/#organization\"},\"image\":{\"@id\":\"https:\\\/\\\/www.webdo.tn\\\/fr\\\/actualite\\\/national\\\/au-moins-cinq-morts-et-dix-disparus-apres-le-naufrage-d-un-bateau-de-migrants-au-large-de-sfax\\\/201617\\\/#primaryimage\"},\"thumbnailUrl\":\"https:\\\/\\\/www.webdo.tn\\\/fr\\\/wp-content\\\/uploads\\\/2023\\\/01\\\/6a880d79021ed380dd15d3deea084510.jpg\",\"keywords\":[\"\u00e9migration irr\u00e9guli\u00e8re\",\"migrants\",\"morts\",\"Sfax\"],\"articleSection\":[\"National\"],\"inLanguage\":\"fr-FR\"},{\"@type\":\"WebPage\",\"@id\":\"https:\\\/\\\/www.webdo.tn\\\/fr\\\/actualite\\\/national\\\/au-moins-cinq-morts-et-dix-disparus-apres-le-naufrage-d-un-bateau-de-migrants-au-large-de-sfax\\\/201617\\\/\",\"url\":\"https:\\\/\\\/www.webdo.tn\\\/fr\\\/actualite\\\/national\\\/au-moins-cinq-morts-et-dix-disparus-apres-le-naufrage-d-un-bateau-de-migrants-au-large-de-sfax\\\/201617\\\/\",\"name\":\"Au moins 5 morts et 10 disparus apr\u00e8s le naufrage d'un bateau de migrants au large de Sfax\",\"isPartOf\":{\"@id\":\"https:\\\/\\\/www.webdo.tn\\\/fr\\\/#website\"},\"primaryImageOfPage\":{\"@id\":\"https:\\\/\\\/www.webdo.tn\\\/fr\\\/actualite\\\/national\\\/au-moins-cinq-morts-et-dix-disparus-apres-le-naufrage-d-un-bateau-de-migrants-au-large-de-sfax\\\/201617\\\/#primaryimage\"},\"image\":{\"@id\":\"https:\\\/\\\/www.webdo.tn\\\/fr\\\/actualite\\\/national\\\/au-moins-cinq-morts-et-dix-disparus-apres-le-naufrage-d-un-bateau-de-migrants-au-large-de-sfax\\\/201617\\\/#primaryimage\"},\"thumbnailUrl\":\"https:\\\/\\\/www.webdo.tn\\\/fr\\\/wp-content\\\/uploads\\\/2023\\\/01\\\/6a880d79021ed380dd15d3deea084510.jpg\",\"datePublished\":\"2023-01-07T12:20:00+00:00\",\"dateModified\":\"2025-05-20T22:06:46+00:00\",\"description\":\"Au moins cinq migrants africains sont morts et 10 autres sont port\u00e9s disparus apr\u00e8s le naufrage d'un bateau au large des c\u00f4tes tunisiennes.\",\"breadcrumb\":{\"@id\":\"https:\\\/\\\/www.webdo.tn\\\/fr\\\/actualite\\\/national\\\/au-moins-cinq-morts-et-dix-disparus-apres-le-naufrage-d-un-bateau-de-migrants-au-large-de-sfax\\\/201617\\\/#breadcrumb\"},\"inLanguage\":\"fr-FR\",\"potentialAction\":[{\"@type\":\"ReadAction\",\"target\":[\"https:\\\/\\\/www.webdo.tn\\\/fr\\\/actualite\\\/national\\\/au-moins-cinq-morts-et-dix-disparus-apres-le-naufrage-d-un-bateau-de-migrants-au-large-de-sfax\\\/201617\\\/\"]}]},{\"@type\":\"ImageObject\",\"inLanguage\":\"fr-FR\",\"@id\":\"https:\\\/\\\/www.webdo.tn\\\/fr\\\/actualite\\\/national\\\/au-moins-cinq-morts-et-dix-disparus-apres-le-naufrage-d-un-bateau-de-migrants-au-large-de-sfax\\\/201617\\\/#primaryimage\",\"url\":\"https:\\\/\\\/www.webdo.tn\\\/fr\\\/wp-content\\\/uploads\\\/2023\\\/01\\\/6a880d79021ed380dd15d3deea084510.jpg\",\"contentUrl\":\"https:\\\/\\\/www.webdo.tn\\\/fr\\\/wp-content\\\/uploads\\\/2023\\\/01\\\/6a880d79021ed380dd15d3deea084510.jpg\",\"width\":750,\"height\":400,\"caption\":\"Au moins 5 morts et 10 disparus apr\u00e8s le naufrage d'un bateau de migrants au large de Sfax\"},{\"@type\":\"BreadcrumbList\",\"@id\":\"https:\\\/\\\/www.webdo.tn\\\/fr\\\/actualite\\\/national\\\/au-moins-cinq-morts-et-dix-disparus-apres-le-naufrage-d-un-bateau-de-migrants-au-large-de-sfax\\\/201617\\\/#breadcrumb\",\"itemListElement\":[{\"@type\":\"ListItem\",\"position\":1,\"name\":\"Accueil\",\"item\":\"https:\\\/\\\/www.webdo.tn\\\/fr\\\/\"},{\"@type\":\"ListItem\",\"position\":2,\"name\":\"Au moins 5 morts et 10 disparus apr\u00e8s le naufrage d&rsquo;un bateau de migrants au large de Sfax\"}]},{\"@type\":\"WebSite\",\"@id\":\"https:\\\/\\\/www.webdo.tn\\\/fr\\\/#website\",\"url\":\"https:\\\/\\\/www.webdo.tn\\\/fr\\\/\",\"name\":\"webdo\",\"description\":\"Tunisie - News en Tunisie et \u00e0 l&#039;international sur Webdo.tn\",\"publisher\":{\"@id\":\"https:\\\/\\\/www.webdo.tn\\\/fr\\\/#organization\"},\"potentialAction\":[{\"@type\":\"SearchAction\",\"target\":{\"@type\":\"EntryPoint\",\"urlTemplate\":\"https:\\\/\\\/www.webdo.tn\\\/fr\\\/?s={search_term_string}\"},\"query-input\":{\"@type\":\"PropertyValueSpecification\",\"valueRequired\":true,\"valueName\":\"search_term_string\"}}],\"inLanguage\":\"fr-FR\"},{\"@type\":\"Organization\",\"@id\":\"https:\\\/\\\/www.webdo.tn\\\/fr\\\/#organization\",\"name\":\"Webdo\",\"alternateName\":\"Webdo.tn\",\"url\":\"https:\\\/\\\/www.webdo.tn\\\/fr\\\/\",\"logo\":{\"@type\":\"ImageObject\",\"inLanguage\":\"fr-FR\",\"@id\":\"https:\\\/\\\/www.webdo.tn\\\/fr\\\/#\\\/schema\\\/logo\\\/image\\\/\",\"url\":\"https:\\\/\\\/www.webdo.tn\\\/fr\\\/wp-content\\\/uploads\\\/2025\\\/06\\\/Webdo-Tunisie_168377.jpg\",\"contentUrl\":\"https:\\\/\\\/www.webdo.tn\\\/fr\\\/wp-content\\\/uploads\\\/2025\\\/06\\\/Webdo-Tunisie_168377.jpg\",\"width\":301,\"height\":301,\"caption\":\"Webdo\"},\"image\":{\"@id\":\"https:\\\/\\\/www.webdo.tn\\\/fr\\\/#\\\/schema\\\/logo\\\/image\\\/\"},\"sameAs\":[\"https:\\\/\\\/www.facebook.com\\\/webdotn\",\"https:\\\/\\\/x.com\\\/webdo_tn\"],\"description\":\"Webdo est un m\u00e9dia num\u00e9rique tunisien fond\u00e9 en 2010, sp\u00e9cialis\u00e9 dans l\u2019actualit\u00e9 nationale et internationale, l\u2019\u00e9conomie, la soci\u00e9t\u00e9 et les analyses politiques. Le site s\u2019adresse \u00e0 un large public francophone et couvre l\u2019information tunisienne en temps r\u00e9el.\",\"email\":\"redac@webdo.tn\",\"legalName\":\"YNJ SARL\",\"foundingDate\":\"2010-09-06\",\"numberOfEmployees\":{\"@type\":\"QuantitativeValue\",\"minValue\":\"11\",\"maxValue\":\"50\"}},{\"@type\":\"Person\",\"@id\":\"https:\\\/\\\/www.webdo.tn\\\/fr\\\/#\\\/schema\\\/person\\\/2c4929cbf5a809e3bd38617c6ce150f6\",\"name\":\"MC\",\"image\":{\"@type\":\"ImageObject\",\"inLanguage\":\"fr-FR\",\"@id\":\"https:\\\/\\\/secure.gravatar.com\\\/avatar\\\/a545bbb6f84efdd5553dbbc2895e3ca8f1d12c5215e00a041c9670b54aa9b18a?s=96&d=mm&r=g\",\"url\":\"https:\\\/\\\/secure.gravatar.com\\\/avatar\\\/a545bbb6f84efdd5553dbbc2895e3ca8f1d12c5215e00a041c9670b54aa9b18a?s=96&d=mm&r=g\",\"contentUrl\":\"https:\\\/\\\/secure.gravatar.com\\\/avatar\\\/a545bbb6f84efdd5553dbbc2895e3ca8f1d12c5215e00a041c9670b54aa9b18a?s=96&d=mm&r=g\",\"caption\":\"MC\"},\"url\":\"https:\\\/\\\/www.webdo.tn\\\/fr\\\/actualite\\\/author\\\/mc\\\/\"}]}<\/script>\n<!-- \/ Yoast SEO Premium plugin. -->","yoast_head_json":{"title":"Au moins 5 morts et 10 disparus apr\u00e8s le naufrage d'un bateau de migrants au large de Sfax","description":"Au moins cinq migrants africains sont morts et 10 autres sont port\u00e9s disparus apr\u00e8s le naufrage d'un bateau au large des c\u00f4tes tunisiennes.","canonical":"https:\/\/www.webdo.tn\/fr\/actualite\/national\/au-moins-cinq-morts-et-dix-disparus-apres-le-naufrage-d-un-bateau-de-migrants-au-large-de-sfax\/201617\/","og_locale":"fr_FR","og_type":"article","og_title":"Au moins 5 morts et 10 disparus apr\u00e8s le naufrage d'un bateau de migrants au large de Sfax","og_description":"Au moins cinq migrants africains sont morts et 10 autres sont port\u00e9s disparus apr\u00e8s le naufrage d'un bateau au large des c\u00f4tes tunisiennes.","og_url":"https:\/\/www.webdo.tn\/fr\/actualite\/national\/au-moins-cinq-morts-et-dix-disparus-apres-le-naufrage-d-un-bateau-de-migrants-au-large-de-sfax\/201617\/","og_site_name":"webdo","article_publisher":"https:\/\/www.facebook.com\/webdotn","article_published_time":"2023-01-07T12:20:00+00:00","article_modified_time":"2025-05-20T22:06:46+00:00","og_image":[{"width":750,"height":400,"url":"https:\/\/www.webdo.tn\/fr\/wp-content\/uploads\/2023\/01\/6a880d79021ed380dd15d3deea084510.jpg","type":"image\/jpeg"}],"author":"MC","twitter_card":"summary_large_image","twitter_creator":"@webdo_tn","twitter_site":"@webdo_tn","twitter_misc":{"\u00c9crit par":"MC"},"schema":{"@context":"https:\/\/schema.org","@graph":[{"@type":"NewsArticle","@id":"https:\/\/www.webdo.tn\/fr\/actualite\/national\/au-moins-cinq-morts-et-dix-disparus-apres-le-naufrage-d-un-bateau-de-migrants-au-large-de-sfax\/201617\/#article","isPartOf":{"@id":"https:\/\/www.webdo.tn\/fr\/actualite\/national\/au-moins-cinq-morts-et-dix-disparus-apres-le-naufrage-d-un-bateau-de-migrants-au-large-de-sfax\/201617\/"},"author":{"name":"MC","@id":"https:\/\/www.webdo.tn\/fr\/#\/schema\/person\/2c4929cbf5a809e3bd38617c6ce150f6"},"headline":"Au moins 5 morts et 10 disparus apr\u00e8s le naufrage d&rsquo;un bateau de migrants au large de Sfax","datePublished":"2023-01-07T12:20:00+00:00","dateModified":"2025-05-20T22:06:46+00:00","mainEntityOfPage":{"@id":"https:\/\/www.webdo.tn\/fr\/actualite\/national\/au-moins-cinq-morts-et-dix-disparus-apres-le-naufrage-d-un-bateau-de-migrants-au-large-de-sfax\/201617\/"},"wordCount":87,"commentCount":0,"publisher":{"@id":"https:\/\/www.webdo.tn\/fr\/#organization"},"image":{"@id":"https:\/\/www.webdo.tn\/fr\/actualite\/national\/au-moins-cinq-morts-et-dix-disparus-apres-le-naufrage-d-un-bateau-de-migrants-au-large-de-sfax\/201617\/#primaryimage"},"thumbnailUrl":"https:\/\/www.webdo.tn\/fr\/wp-content\/uploads\/2023\/01\/6a880d79021ed380dd15d3deea084510.jpg","keywords":["\u00e9migration irr\u00e9guli\u00e8re","migrants","morts","Sfax"],"articleSection":["National"],"inLanguage":"fr-FR"},{"@type":"WebPage","@id":"https:\/\/www.webdo.tn\/fr\/actualite\/national\/au-moins-cinq-morts-et-dix-disparus-apres-le-naufrage-d-un-bateau-de-migrants-au-large-de-sfax\/201617\/","url":"https:\/\/www.webdo.tn\/fr\/actualite\/national\/au-moins-cinq-morts-et-dix-disparus-apres-le-naufrage-d-un-bateau-de-migrants-au-large-de-sfax\/201617\/","name":"Au moins 5 morts et 10 disparus apr\u00e8s le naufrage d'un bateau de migrants au large de Sfax","isPartOf":{"@id":"https:\/\/www.webdo.tn\/fr\/#website"},"primaryImageOfPage":{"@id":"https:\/\/www.webdo.tn\/fr\/actualite\/national\/au-moins-cinq-morts-et-dix-disparus-apres-le-naufrage-d-un-bateau-de-migrants-au-large-de-sfax\/201617\/#primaryimage"},"image":{"@id":"https:\/\/www.webdo.tn\/fr\/actualite\/national\/au-moins-cinq-morts-et-dix-disparus-apres-le-naufrage-d-un-bateau-de-migrants-au-large-de-sfax\/201617\/#primaryimage"},"thumbnailUrl":"https:\/\/www.webdo.tn\/fr\/wp-content\/uploads\/2023\/01\/6a880d79021ed380dd15d3deea084510.jpg","datePublished":"2023-01-07T12:20:00+00:00","dateModified":"2025-05-20T22:06:46+00:00","description":"Au moins cinq migrants africains sont morts et 10 autres sont port\u00e9s disparus apr\u00e8s le naufrage d'un bateau au large des c\u00f4tes tunisiennes.","breadcrumb":{"@id":"https:\/\/www.webdo.tn\/fr\/actualite\/national\/au-moins-cinq-morts-et-dix-disparus-apres-le-naufrage-d-un-bateau-de-migrants-au-large-de-sfax\/201617\/#breadcrumb"},"inLanguage":"fr-FR","potentialAction":[{"@type":"ReadAction","target":["https:\/\/www.webdo.tn\/fr\/actualite\/national\/au-moins-cinq-morts-et-dix-disparus-apres-le-naufrage-d-un-bateau-de-migrants-au-large-de-sfax\/201617\/"]}]},{"@type":"ImageObject","inLanguage":"fr-FR","@id":"https:\/\/www.webdo.tn\/fr\/actualite\/national\/au-moins-cinq-morts-et-dix-disparus-apres-le-naufrage-d-un-bateau-de-migrants-au-large-de-sfax\/201617\/#primaryimage","url":"https:\/\/www.webdo.tn\/fr\/wp-content\/uploads\/2023\/01\/6a880d79021ed380dd15d3deea084510.jpg","contentUrl":"https:\/\/www.webdo.tn\/fr\/wp-content\/uploads\/2023\/01\/6a880d79021ed380dd15d3deea084510.jpg","width":750,"height":400,"caption":"Au moins 5 morts et 10 disparus apr\u00e8s le naufrage d'un bateau de migrants au large de Sfax"},{"@type":"BreadcrumbList","@id":"https:\/\/www.webdo.tn\/fr\/actualite\/national\/au-moins-cinq-morts-et-dix-disparus-apres-le-naufrage-d-un-bateau-de-migrants-au-large-de-sfax\/201617\/#breadcrumb","itemListElement":[{"@type":"ListItem","position":1,"name":"Accueil","item":"https:\/\/www.webdo.tn\/fr\/"},{"@type":"ListItem","position":2,"name":"Au moins 5 morts et 10 disparus apr\u00e8s le naufrage d&rsquo;un bateau de migrants au large de Sfax"}]},{"@type":"WebSite","@id":"https:\/\/www.webdo.tn\/fr\/#website","url":"https:\/\/www.webdo.tn\/fr\/","name":"webdo","description":"Tunisie - News en Tunisie et \u00e0 l&#039;international sur Webdo.tn","publisher":{"@id":"https:\/\/www.webdo.tn\/fr\/#organization"},"potentialAction":[{"@type":"SearchAction","target":{"@type":"EntryPoint","urlTemplate":"https:\/\/www.webdo.tn\/fr\/?s={search_term_string}"},"query-input":{"@type":"PropertyValueSpecification","valueRequired":true,"valueName":"search_term_string"}}],"inLanguage":"fr-FR"},{"@type":"Organization","@id":"https:\/\/www.webdo.tn\/fr\/#organization","name":"Webdo","alternateName":"Webdo.tn","url":"https:\/\/www.webdo.tn\/fr\/","logo":{"@type":"ImageObject","inLanguage":"fr-FR","@id":"https:\/\/www.webdo.tn\/fr\/#\/schema\/logo\/image\/","url":"https:\/\/www.webdo.tn\/fr\/wp-content\/uploads\/2025\/06\/Webdo-Tunisie_168377.jpg","contentUrl":"https:\/\/www.webdo.tn\/fr\/wp-content\/uploads\/2025\/06\/Webdo-Tunisie_168377.jpg","width":301,"height":301,"caption":"Webdo"},"image":{"@id":"https:\/\/www.webdo.tn\/fr\/#\/schema\/logo\/image\/"},"sameAs":["https:\/\/www.facebook.com\/webdotn","https:\/\/x.com\/webdo_tn"],"description":"Webdo est un m\u00e9dia num\u00e9rique tunisien fond\u00e9 en 2010, sp\u00e9cialis\u00e9 dans l\u2019actualit\u00e9 nationale et internationale, l\u2019\u00e9conomie, la soci\u00e9t\u00e9 et les analyses politiques. Le site s\u2019adresse \u00e0 un large public francophone et couvre l\u2019information tunisienne en temps r\u00e9el.","email":"redac@webdo.tn","legalName":"YNJ SARL","foundingDate":"2010-09-06","numberOfEmployees":{"@type":"QuantitativeValue","minValue":"11","maxValue":"50"}},{"@type":"Person","@id":"https:\/\/www.webdo.tn\/fr\/#\/schema\/person\/2c4929cbf5a809e3bd38617c6ce150f6","name":"MC","image":{"@type":"ImageObject","inLanguage":"fr-FR","@id":"https:\/\/secure.gravatar.com\/avatar\/a545bbb6f84efdd5553dbbc2895e3ca8f1d12c5215e00a041c9670b54aa9b18a?s=96&d=mm&r=g","url":"https:\/\/secure.gravatar.com\/avatar\/a545bbb6f84efdd5553dbbc2895e3ca8f1d12c5215e00a041c9670b54aa9b18a?s=96&d=mm&r=g","contentUrl":"https:\/\/secure.gravatar.com\/avatar\/a545bbb6f84efdd5553dbbc2895e3ca8f1d12c5215e00a041c9670b54aa9b18a?s=96&d=mm&r=g","caption":"MC"},"url":"https:\/\/www.webdo.tn\/fr\/actualite\/author\/mc\/"}]}},"_links":{"self":[{"href":"https:\/\/www.webdo.tn\/fr\/wp-json\/wp\/v2\/posts\/201617","targetHints":{"allow":["GET"]}}],"collection":[{"href":"https:\/\/www.webdo.tn\/fr\/wp-json\/wp\/v2\/posts"}],"about":[{"href":"https:\/\/www.webdo.tn\/fr\/wp-json\/wp\/v2\/types\/post"}],"author":[{"embeddable":true,"href":"https:\/\/www.webdo.tn\/fr\/wp-json\/wp\/v2\/users\/3162"}],"replies":[{"embeddable":true,"href":"https:\/\/www.webdo.tn\/fr\/wp-json\/wp\/v2\/comments?post=201617"}],"version-history":[{"count":0,"href":"https:\/\/www.webdo.tn\/fr\/wp-json\/wp\/v2\/posts\/201617\/revisions"}],"wp:featuredmedia":[{"embeddable":true,"href":"https:\/\/www.webdo.tn\/fr\/wp-json\/wp\/v2\/media\/277550"}],"wp:attachment":[{"href":"https:\/\/www.webdo.tn\/fr\/wp-json\/wp\/v2\/media?parent=201617"}],"wp:term":[{"taxonomy":"category","embeddable":true,"href":"https:\/\/www.webdo.tn\/fr\/wp-json\/wp\/v2\/categories?post=201617"},{"taxonomy":"post_tag","embeddable":true,"href":"https:\/\/www.webdo.tn\/fr\/wp-json\/wp\/v2\/tags?post=201617"}],"curies":[{"name":"wp","href":"https:\/\/api.w.org\/{rel}","templated":true}]}}