{"id":201609,"date":"2023-01-07T09:52:00","date_gmt":"2023-01-07T09:52:00","guid":{"rendered":"https:\/\/www.webdo.tn\/fr\/blog\/etats-unis-apres-un-blocage-historique-kevin-mccarthy-a-la-tete-de-la-chambre-des-representants\/201609\/"},"modified":"2025-05-20T22:06:44","modified_gmt":"2025-05-20T22:06:44","slug":"etats-unis-apres-un-blocage-historique-kevin-mccarthy-a-la-tete-de-la-chambre-des-representants","status":"publish","type":"post","link":"https:\/\/www.webdo.tn\/fr\/actualite\/international\/etats-unis-apres-un-blocage-historique-kevin-mccarthy-a-la-tete-de-la-chambre-des-representants\/201609\/","title":{"rendered":"Etats-Unis : Apr\u00e8s un blocage historique, Kevin McCarthy \u00e0 la t\u00eate de la Chambre des repr\u00e9sentants"},"content":{"rendered":"<p>La r\u00e9publicain Kevin McCarthy a  d\u00e9croch\u00e9 dans la nuit de vendredi \u00e0 samedi les voix n\u00e9cessaires pour \u00eatre \u00e9lu pr\u00e9sident de la Chambre am\u00e9ricaine des repr\u00e9sentants, mettant fin \u00e0 un processus marqu\u00e9 jusqu&rsquo;au bout par de tr\u00e8s vives tensions dans les rangs r\u00e9publicains.<\/p>\n<p>\t\t\t\t\t\t\t\t\tKevin McCarthy, membre de la Chambre des repr\u00e9sentants, \u00e9lu r\u00e9publicain de Floride, a finalement \u00e9t\u00e9 \u00e9lu pr\u00e9sident de l\u2019institution (\u00ab\u00a0speaker\u00a0\u00bb) par 216 votes.<\/p>\n<p>Il aura fallu quatorze tours et quatre jours de tractations suite \u00e0 un blocage in\u00e9dit depuis cent soixante ans. Kevin McCarthy devient de fait le troisi\u00e8me personnage du pays, derri\u00e8re le pr\u00e9sident Joe Biden et la vice-pr\u00e9sidente Kamala Harris.<\/p>\n<p>De tr\u00e8s vives tensions dans les rangs r\u00e9publicains ont encore \u00e9maill\u00e9 la journ\u00e9e du vendredi 6 janvier. Une poign\u00e9e d\u2019\u00e9lus trumpistes radicaux du \u00ab Freedom Caucus \u00bb (le \u00ab groupe de la libert\u00e9 \u00bb) refusait l\u2019\u00e9lection de Kevin McCarthy, lui aussi, partisan de Donald Trump.<\/p>\n","protected":false},"excerpt":{"rendered":"<p>La r\u00e9publicain Kevin McCarthy a  d\u00e9croch\u00e9 dans la nuit de vendredi \u00e0 samedi les voix n\u00e9cessaires pour \u00eatre \u00e9lu pr\u00e9sident de la Chambre am\u00e9ricaine des repr\u00e9senta&#8230;<\/p>\n","protected":false},"author":3162,"featured_media":277545,"comment_status":"open","ping_status":"closed","sticky":false,"template":"","format":"standard","meta":{"footnotes":""},"categories":[2598],"tags":[9257,3035,9256],"class_list":["post-201609","post","type-post","status-publish","format-standard","has-post-thumbnail","hentry","category-international","tag-chambre-des-representants","tag-etats-unis","tag-kevin-mccarthy"],"yoast_head":"<!-- This site is optimized with the Yoast SEO Premium plugin v27.5 (Yoast SEO v27.5) - https:\/\/yoast.com\/product\/yoast-seo-premium-wordpress\/ -->\n<title>Etats-Unis : Apr\u00e8s un blocage historique, Kevin McCarthy \u00e0 la t\u00eate de la Chambre des repr\u00e9sentants<\/title>\n<meta name=\"description\" content=\"La r\u00e9publicain Kevin McCarthy a d\u00e9croch\u00e9 dans la nuit de vendredi \u00e0 samedi les voix n\u00e9cessaires pour \u00eatre \u00e9lu pr\u00e9sident de la Chambre am\u00e9ricaine des repr\u00e9senta...\" \/>\n<link rel=\"canonical\" href=\"https:\/\/www.webdo.tn\/fr\/actualite\/international\/etats-unis-apres-un-blocage-historique-kevin-mccarthy-a-la-tete-de-la-chambre-des-representants\/201609\/\" \/>\n<meta property=\"og:locale\" content=\"fr_FR\" \/>\n<meta property=\"og:type\" content=\"article\" \/>\n<meta property=\"og:title\" content=\"Etats-Unis : Apr\u00e8s un blocage historique, Kevin McCarthy \u00e0 la t\u00eate de la Chambre des repr\u00e9sentants\" \/>\n<meta property=\"og:description\" content=\"La r\u00e9publicain Kevin McCarthy a d\u00e9croch\u00e9 dans la nuit de vendredi \u00e0 samedi les voix n\u00e9cessaires pour \u00eatre \u00e9lu pr\u00e9sident de la Chambre am\u00e9ricaine des repr\u00e9senta...\" \/>\n<meta property=\"og:url\" content=\"https:\/\/www.webdo.tn\/fr\/actualite\/international\/etats-unis-apres-un-blocage-historique-kevin-mccarthy-a-la-tete-de-la-chambre-des-representants\/201609\/\" \/>\n<meta property=\"og:site_name\" content=\"webdo\" \/>\n<meta property=\"article:publisher\" content=\"https:\/\/www.facebook.com\/webdotn\" \/>\n<meta property=\"article:published_time\" content=\"2023-01-07T09:52:00+00:00\" \/>\n<meta property=\"article:modified_time\" content=\"2025-05-20T22:06:44+00:00\" \/>\n<meta property=\"og:image\" content=\"https:\/\/www.webdo.tn\/fr\/wp-content\/uploads\/2023\/01\/f4aaecf0114c50dc0676b3d3074f5638.jpg\" \/>\n\t<meta property=\"og:image:width\" content=\"750\" \/>\n\t<meta property=\"og:image:height\" content=\"400\" \/>\n\t<meta property=\"og:image:type\" content=\"image\/jpeg\" \/>\n<meta name=\"author\" content=\"MC\" \/>\n<meta name=\"twitter:card\" content=\"summary_large_image\" \/>\n<meta name=\"twitter:creator\" content=\"@webdo_tn\" \/>\n<meta name=\"twitter:site\" content=\"@webdo_tn\" \/>\n<meta name=\"twitter:label1\" content=\"\u00c9crit par\" \/>\n\t<meta name=\"twitter:data1\" content=\"MC\" \/>\n\t<meta name=\"twitter:label2\" content=\"Dur\u00e9e de lecture estim\u00e9e\" \/>\n\t<meta name=\"twitter:data2\" content=\"1 minute\" \/>\n<script type=\"application\/ld+json\" class=\"yoast-schema-graph\">{\"@context\":\"https:\\\/\\\/schema.org\",\"@graph\":[{\"@type\":\"NewsArticle\",\"@id\":\"https:\\\/\\\/www.webdo.tn\\\/fr\\\/actualite\\\/international\\\/etats-unis-apres-un-blocage-historique-kevin-mccarthy-a-la-tete-de-la-chambre-des-representants\\\/201609\\\/#article\",\"isPartOf\":{\"@id\":\"https:\\\/\\\/www.webdo.tn\\\/fr\\\/actualite\\\/international\\\/etats-unis-apres-un-blocage-historique-kevin-mccarthy-a-la-tete-de-la-chambre-des-representants\\\/201609\\\/\"},\"author\":{\"name\":\"MC\",\"@id\":\"https:\\\/\\\/www.webdo.tn\\\/fr\\\/#\\\/schema\\\/person\\\/2c4929cbf5a809e3bd38617c6ce150f6\"},\"headline\":\"Etats-Unis : Apr\u00e8s un blocage historique, Kevin McCarthy \u00e0 la t\u00eate de la Chambre des repr\u00e9sentants\",\"datePublished\":\"2023-01-07T09:52:00+00:00\",\"dateModified\":\"2025-05-20T22:06:44+00:00\",\"mainEntityOfPage\":{\"@id\":\"https:\\\/\\\/www.webdo.tn\\\/fr\\\/actualite\\\/international\\\/etats-unis-apres-un-blocage-historique-kevin-mccarthy-a-la-tete-de-la-chambre-des-representants\\\/201609\\\/\"},\"wordCount\":182,\"commentCount\":0,\"publisher\":{\"@id\":\"https:\\\/\\\/www.webdo.tn\\\/fr\\\/#organization\"},\"image\":{\"@id\":\"https:\\\/\\\/www.webdo.tn\\\/fr\\\/actualite\\\/international\\\/etats-unis-apres-un-blocage-historique-kevin-mccarthy-a-la-tete-de-la-chambre-des-representants\\\/201609\\\/#primaryimage\"},\"thumbnailUrl\":\"https:\\\/\\\/www.webdo.tn\\\/fr\\\/wp-content\\\/uploads\\\/2023\\\/01\\\/f4aaecf0114c50dc0676b3d3074f5638.jpg\",\"keywords\":[\"chambre des repr\u00e9sentants\",\"Etats-Unis\",\"Kevin McCarthy\"],\"articleSection\":[\"International\"],\"inLanguage\":\"fr-FR\"},{\"@type\":\"WebPage\",\"@id\":\"https:\\\/\\\/www.webdo.tn\\\/fr\\\/actualite\\\/international\\\/etats-unis-apres-un-blocage-historique-kevin-mccarthy-a-la-tete-de-la-chambre-des-representants\\\/201609\\\/\",\"url\":\"https:\\\/\\\/www.webdo.tn\\\/fr\\\/actualite\\\/international\\\/etats-unis-apres-un-blocage-historique-kevin-mccarthy-a-la-tete-de-la-chambre-des-representants\\\/201609\\\/\",\"name\":\"Etats-Unis : Apr\u00e8s un blocage historique, Kevin McCarthy \u00e0 la t\u00eate de la Chambre des repr\u00e9sentants\",\"isPartOf\":{\"@id\":\"https:\\\/\\\/www.webdo.tn\\\/fr\\\/#website\"},\"primaryImageOfPage\":{\"@id\":\"https:\\\/\\\/www.webdo.tn\\\/fr\\\/actualite\\\/international\\\/etats-unis-apres-un-blocage-historique-kevin-mccarthy-a-la-tete-de-la-chambre-des-representants\\\/201609\\\/#primaryimage\"},\"image\":{\"@id\":\"https:\\\/\\\/www.webdo.tn\\\/fr\\\/actualite\\\/international\\\/etats-unis-apres-un-blocage-historique-kevin-mccarthy-a-la-tete-de-la-chambre-des-representants\\\/201609\\\/#primaryimage\"},\"thumbnailUrl\":\"https:\\\/\\\/www.webdo.tn\\\/fr\\\/wp-content\\\/uploads\\\/2023\\\/01\\\/f4aaecf0114c50dc0676b3d3074f5638.jpg\",\"datePublished\":\"2023-01-07T09:52:00+00:00\",\"dateModified\":\"2025-05-20T22:06:44+00:00\",\"description\":\"La r\u00e9publicain Kevin McCarthy a d\u00e9croch\u00e9 dans la nuit de vendredi \u00e0 samedi les voix n\u00e9cessaires pour \u00eatre \u00e9lu pr\u00e9sident de la Chambre am\u00e9ricaine des repr\u00e9senta...\",\"breadcrumb\":{\"@id\":\"https:\\\/\\\/www.webdo.tn\\\/fr\\\/actualite\\\/international\\\/etats-unis-apres-un-blocage-historique-kevin-mccarthy-a-la-tete-de-la-chambre-des-representants\\\/201609\\\/#breadcrumb\"},\"inLanguage\":\"fr-FR\",\"potentialAction\":[{\"@type\":\"ReadAction\",\"target\":[\"https:\\\/\\\/www.webdo.tn\\\/fr\\\/actualite\\\/international\\\/etats-unis-apres-un-blocage-historique-kevin-mccarthy-a-la-tete-de-la-chambre-des-representants\\\/201609\\\/\"]}]},{\"@type\":\"ImageObject\",\"inLanguage\":\"fr-FR\",\"@id\":\"https:\\\/\\\/www.webdo.tn\\\/fr\\\/actualite\\\/international\\\/etats-unis-apres-un-blocage-historique-kevin-mccarthy-a-la-tete-de-la-chambre-des-representants\\\/201609\\\/#primaryimage\",\"url\":\"https:\\\/\\\/www.webdo.tn\\\/fr\\\/wp-content\\\/uploads\\\/2023\\\/01\\\/f4aaecf0114c50dc0676b3d3074f5638.jpg\",\"contentUrl\":\"https:\\\/\\\/www.webdo.tn\\\/fr\\\/wp-content\\\/uploads\\\/2023\\\/01\\\/f4aaecf0114c50dc0676b3d3074f5638.jpg\",\"width\":750,\"height\":400,\"caption\":\"Etats-Unis : Apr\u00e8s un blocage historique, Kevin McCarthy \u00e0 la t\u00eate de la Chambre des repr\u00e9sentants\"},{\"@type\":\"BreadcrumbList\",\"@id\":\"https:\\\/\\\/www.webdo.tn\\\/fr\\\/actualite\\\/international\\\/etats-unis-apres-un-blocage-historique-kevin-mccarthy-a-la-tete-de-la-chambre-des-representants\\\/201609\\\/#breadcrumb\",\"itemListElement\":[{\"@type\":\"ListItem\",\"position\":1,\"name\":\"Accueil\",\"item\":\"https:\\\/\\\/www.webdo.tn\\\/fr\\\/\"},{\"@type\":\"ListItem\",\"position\":2,\"name\":\"Etats-Unis : Apr\u00e8s un blocage historique, Kevin McCarthy \u00e0 la t\u00eate de la Chambre des repr\u00e9sentants\"}]},{\"@type\":\"WebSite\",\"@id\":\"https:\\\/\\\/www.webdo.tn\\\/fr\\\/#website\",\"url\":\"https:\\\/\\\/www.webdo.tn\\\/fr\\\/\",\"name\":\"webdo\",\"description\":\"Tunisie - News en Tunisie et \u00e0 l&#039;international sur Webdo.tn\",\"publisher\":{\"@id\":\"https:\\\/\\\/www.webdo.tn\\\/fr\\\/#organization\"},\"potentialAction\":[{\"@type\":\"SearchAction\",\"target\":{\"@type\":\"EntryPoint\",\"urlTemplate\":\"https:\\\/\\\/www.webdo.tn\\\/fr\\\/?s={search_term_string}\"},\"query-input\":{\"@type\":\"PropertyValueSpecification\",\"valueRequired\":true,\"valueName\":\"search_term_string\"}}],\"inLanguage\":\"fr-FR\"},{\"@type\":\"Organization\",\"@id\":\"https:\\\/\\\/www.webdo.tn\\\/fr\\\/#organization\",\"name\":\"Webdo\",\"alternateName\":\"Webdo.tn\",\"url\":\"https:\\\/\\\/www.webdo.tn\\\/fr\\\/\",\"logo\":{\"@type\":\"ImageObject\",\"inLanguage\":\"fr-FR\",\"@id\":\"https:\\\/\\\/www.webdo.tn\\\/fr\\\/#\\\/schema\\\/logo\\\/image\\\/\",\"url\":\"https:\\\/\\\/www.webdo.tn\\\/fr\\\/wp-content\\\/uploads\\\/2025\\\/06\\\/Webdo-Tunisie_168377.jpg\",\"contentUrl\":\"https:\\\/\\\/www.webdo.tn\\\/fr\\\/wp-content\\\/uploads\\\/2025\\\/06\\\/Webdo-Tunisie_168377.jpg\",\"width\":301,\"height\":301,\"caption\":\"Webdo\"},\"image\":{\"@id\":\"https:\\\/\\\/www.webdo.tn\\\/fr\\\/#\\\/schema\\\/logo\\\/image\\\/\"},\"sameAs\":[\"https:\\\/\\\/www.facebook.com\\\/webdotn\",\"https:\\\/\\\/x.com\\\/webdo_tn\"],\"description\":\"Webdo est un m\u00e9dia num\u00e9rique tunisien fond\u00e9 en 2010, sp\u00e9cialis\u00e9 dans l\u2019actualit\u00e9 nationale et internationale, l\u2019\u00e9conomie, la soci\u00e9t\u00e9 et les analyses politiques. Le site s\u2019adresse \u00e0 un large public francophone et couvre l\u2019information tunisienne en temps r\u00e9el.\",\"email\":\"redac@webdo.tn\",\"legalName\":\"YNJ SARL\",\"foundingDate\":\"2010-09-06\",\"numberOfEmployees\":{\"@type\":\"QuantitativeValue\",\"minValue\":\"11\",\"maxValue\":\"50\"}},{\"@type\":\"Person\",\"@id\":\"https:\\\/\\\/www.webdo.tn\\\/fr\\\/#\\\/schema\\\/person\\\/2c4929cbf5a809e3bd38617c6ce150f6\",\"name\":\"MC\",\"image\":{\"@type\":\"ImageObject\",\"inLanguage\":\"fr-FR\",\"@id\":\"https:\\\/\\\/secure.gravatar.com\\\/avatar\\\/a545bbb6f84efdd5553dbbc2895e3ca8f1d12c5215e00a041c9670b54aa9b18a?s=96&d=mm&r=g\",\"url\":\"https:\\\/\\\/secure.gravatar.com\\\/avatar\\\/a545bbb6f84efdd5553dbbc2895e3ca8f1d12c5215e00a041c9670b54aa9b18a?s=96&d=mm&r=g\",\"contentUrl\":\"https:\\\/\\\/secure.gravatar.com\\\/avatar\\\/a545bbb6f84efdd5553dbbc2895e3ca8f1d12c5215e00a041c9670b54aa9b18a?s=96&d=mm&r=g\",\"caption\":\"MC\"},\"url\":\"https:\\\/\\\/www.webdo.tn\\\/fr\\\/actualite\\\/author\\\/mc\\\/\"}]}<\/script>\n<!-- \/ Yoast SEO Premium plugin. -->","yoast_head_json":{"title":"Etats-Unis : Apr\u00e8s un blocage historique, Kevin McCarthy \u00e0 la t\u00eate de la Chambre des repr\u00e9sentants","description":"La r\u00e9publicain Kevin McCarthy a d\u00e9croch\u00e9 dans la nuit de vendredi \u00e0 samedi les voix n\u00e9cessaires pour \u00eatre \u00e9lu pr\u00e9sident de la Chambre am\u00e9ricaine des repr\u00e9senta...","canonical":"https:\/\/www.webdo.tn\/fr\/actualite\/international\/etats-unis-apres-un-blocage-historique-kevin-mccarthy-a-la-tete-de-la-chambre-des-representants\/201609\/","og_locale":"fr_FR","og_type":"article","og_title":"Etats-Unis : Apr\u00e8s un blocage historique, Kevin McCarthy \u00e0 la t\u00eate de la Chambre des repr\u00e9sentants","og_description":"La r\u00e9publicain Kevin McCarthy a d\u00e9croch\u00e9 dans la nuit de vendredi \u00e0 samedi les voix n\u00e9cessaires pour \u00eatre \u00e9lu pr\u00e9sident de la Chambre am\u00e9ricaine des repr\u00e9senta...","og_url":"https:\/\/www.webdo.tn\/fr\/actualite\/international\/etats-unis-apres-un-blocage-historique-kevin-mccarthy-a-la-tete-de-la-chambre-des-representants\/201609\/","og_site_name":"webdo","article_publisher":"https:\/\/www.facebook.com\/webdotn","article_published_time":"2023-01-07T09:52:00+00:00","article_modified_time":"2025-05-20T22:06:44+00:00","og_image":[{"width":750,"height":400,"url":"https:\/\/www.webdo.tn\/fr\/wp-content\/uploads\/2023\/01\/f4aaecf0114c50dc0676b3d3074f5638.jpg","type":"image\/jpeg"}],"author":"MC","twitter_card":"summary_large_image","twitter_creator":"@webdo_tn","twitter_site":"@webdo_tn","twitter_misc":{"\u00c9crit par":"MC","Dur\u00e9e de lecture estim\u00e9e":"1 minute"},"schema":{"@context":"https:\/\/schema.org","@graph":[{"@type":"NewsArticle","@id":"https:\/\/www.webdo.tn\/fr\/actualite\/international\/etats-unis-apres-un-blocage-historique-kevin-mccarthy-a-la-tete-de-la-chambre-des-representants\/201609\/#article","isPartOf":{"@id":"https:\/\/www.webdo.tn\/fr\/actualite\/international\/etats-unis-apres-un-blocage-historique-kevin-mccarthy-a-la-tete-de-la-chambre-des-representants\/201609\/"},"author":{"name":"MC","@id":"https:\/\/www.webdo.tn\/fr\/#\/schema\/person\/2c4929cbf5a809e3bd38617c6ce150f6"},"headline":"Etats-Unis : Apr\u00e8s un blocage historique, Kevin McCarthy \u00e0 la t\u00eate de la Chambre des repr\u00e9sentants","datePublished":"2023-01-07T09:52:00+00:00","dateModified":"2025-05-20T22:06:44+00:00","mainEntityOfPage":{"@id":"https:\/\/www.webdo.tn\/fr\/actualite\/international\/etats-unis-apres-un-blocage-historique-kevin-mccarthy-a-la-tete-de-la-chambre-des-representants\/201609\/"},"wordCount":182,"commentCount":0,"publisher":{"@id":"https:\/\/www.webdo.tn\/fr\/#organization"},"image":{"@id":"https:\/\/www.webdo.tn\/fr\/actualite\/international\/etats-unis-apres-un-blocage-historique-kevin-mccarthy-a-la-tete-de-la-chambre-des-representants\/201609\/#primaryimage"},"thumbnailUrl":"https:\/\/www.webdo.tn\/fr\/wp-content\/uploads\/2023\/01\/f4aaecf0114c50dc0676b3d3074f5638.jpg","keywords":["chambre des repr\u00e9sentants","Etats-Unis","Kevin McCarthy"],"articleSection":["International"],"inLanguage":"fr-FR"},{"@type":"WebPage","@id":"https:\/\/www.webdo.tn\/fr\/actualite\/international\/etats-unis-apres-un-blocage-historique-kevin-mccarthy-a-la-tete-de-la-chambre-des-representants\/201609\/","url":"https:\/\/www.webdo.tn\/fr\/actualite\/international\/etats-unis-apres-un-blocage-historique-kevin-mccarthy-a-la-tete-de-la-chambre-des-representants\/201609\/","name":"Etats-Unis : Apr\u00e8s un blocage historique, Kevin McCarthy \u00e0 la t\u00eate de la Chambre des repr\u00e9sentants","isPartOf":{"@id":"https:\/\/www.webdo.tn\/fr\/#website"},"primaryImageOfPage":{"@id":"https:\/\/www.webdo.tn\/fr\/actualite\/international\/etats-unis-apres-un-blocage-historique-kevin-mccarthy-a-la-tete-de-la-chambre-des-representants\/201609\/#primaryimage"},"image":{"@id":"https:\/\/www.webdo.tn\/fr\/actualite\/international\/etats-unis-apres-un-blocage-historique-kevin-mccarthy-a-la-tete-de-la-chambre-des-representants\/201609\/#primaryimage"},"thumbnailUrl":"https:\/\/www.webdo.tn\/fr\/wp-content\/uploads\/2023\/01\/f4aaecf0114c50dc0676b3d3074f5638.jpg","datePublished":"2023-01-07T09:52:00+00:00","dateModified":"2025-05-20T22:06:44+00:00","description":"La r\u00e9publicain Kevin McCarthy a d\u00e9croch\u00e9 dans la nuit de vendredi \u00e0 samedi les voix n\u00e9cessaires pour \u00eatre \u00e9lu pr\u00e9sident de la Chambre am\u00e9ricaine des repr\u00e9senta...","breadcrumb":{"@id":"https:\/\/www.webdo.tn\/fr\/actualite\/international\/etats-unis-apres-un-blocage-historique-kevin-mccarthy-a-la-tete-de-la-chambre-des-representants\/201609\/#breadcrumb"},"inLanguage":"fr-FR","potentialAction":[{"@type":"ReadAction","target":["https:\/\/www.webdo.tn\/fr\/actualite\/international\/etats-unis-apres-un-blocage-historique-kevin-mccarthy-a-la-tete-de-la-chambre-des-representants\/201609\/"]}]},{"@type":"ImageObject","inLanguage":"fr-FR","@id":"https:\/\/www.webdo.tn\/fr\/actualite\/international\/etats-unis-apres-un-blocage-historique-kevin-mccarthy-a-la-tete-de-la-chambre-des-representants\/201609\/#primaryimage","url":"https:\/\/www.webdo.tn\/fr\/wp-content\/uploads\/2023\/01\/f4aaecf0114c50dc0676b3d3074f5638.jpg","contentUrl":"https:\/\/www.webdo.tn\/fr\/wp-content\/uploads\/2023\/01\/f4aaecf0114c50dc0676b3d3074f5638.jpg","width":750,"height":400,"caption":"Etats-Unis : Apr\u00e8s un blocage historique, Kevin McCarthy \u00e0 la t\u00eate de la Chambre des repr\u00e9sentants"},{"@type":"BreadcrumbList","@id":"https:\/\/www.webdo.tn\/fr\/actualite\/international\/etats-unis-apres-un-blocage-historique-kevin-mccarthy-a-la-tete-de-la-chambre-des-representants\/201609\/#breadcrumb","itemListElement":[{"@type":"ListItem","position":1,"name":"Accueil","item":"https:\/\/www.webdo.tn\/fr\/"},{"@type":"ListItem","position":2,"name":"Etats-Unis : Apr\u00e8s un blocage historique, Kevin McCarthy \u00e0 la t\u00eate de la Chambre des repr\u00e9sentants"}]},{"@type":"WebSite","@id":"https:\/\/www.webdo.tn\/fr\/#website","url":"https:\/\/www.webdo.tn\/fr\/","name":"webdo","description":"Tunisie - News en Tunisie et \u00e0 l&#039;international sur Webdo.tn","publisher":{"@id":"https:\/\/www.webdo.tn\/fr\/#organization"},"potentialAction":[{"@type":"SearchAction","target":{"@type":"EntryPoint","urlTemplate":"https:\/\/www.webdo.tn\/fr\/?s={search_term_string}"},"query-input":{"@type":"PropertyValueSpecification","valueRequired":true,"valueName":"search_term_string"}}],"inLanguage":"fr-FR"},{"@type":"Organization","@id":"https:\/\/www.webdo.tn\/fr\/#organization","name":"Webdo","alternateName":"Webdo.tn","url":"https:\/\/www.webdo.tn\/fr\/","logo":{"@type":"ImageObject","inLanguage":"fr-FR","@id":"https:\/\/www.webdo.tn\/fr\/#\/schema\/logo\/image\/","url":"https:\/\/www.webdo.tn\/fr\/wp-content\/uploads\/2025\/06\/Webdo-Tunisie_168377.jpg","contentUrl":"https:\/\/www.webdo.tn\/fr\/wp-content\/uploads\/2025\/06\/Webdo-Tunisie_168377.jpg","width":301,"height":301,"caption":"Webdo"},"image":{"@id":"https:\/\/www.webdo.tn\/fr\/#\/schema\/logo\/image\/"},"sameAs":["https:\/\/www.facebook.com\/webdotn","https:\/\/x.com\/webdo_tn"],"description":"Webdo est un m\u00e9dia num\u00e9rique tunisien fond\u00e9 en 2010, sp\u00e9cialis\u00e9 dans l\u2019actualit\u00e9 nationale et internationale, l\u2019\u00e9conomie, la soci\u00e9t\u00e9 et les analyses politiques. Le site s\u2019adresse \u00e0 un large public francophone et couvre l\u2019information tunisienne en temps r\u00e9el.","email":"redac@webdo.tn","legalName":"YNJ SARL","foundingDate":"2010-09-06","numberOfEmployees":{"@type":"QuantitativeValue","minValue":"11","maxValue":"50"}},{"@type":"Person","@id":"https:\/\/www.webdo.tn\/fr\/#\/schema\/person\/2c4929cbf5a809e3bd38617c6ce150f6","name":"MC","image":{"@type":"ImageObject","inLanguage":"fr-FR","@id":"https:\/\/secure.gravatar.com\/avatar\/a545bbb6f84efdd5553dbbc2895e3ca8f1d12c5215e00a041c9670b54aa9b18a?s=96&d=mm&r=g","url":"https:\/\/secure.gravatar.com\/avatar\/a545bbb6f84efdd5553dbbc2895e3ca8f1d12c5215e00a041c9670b54aa9b18a?s=96&d=mm&r=g","contentUrl":"https:\/\/secure.gravatar.com\/avatar\/a545bbb6f84efdd5553dbbc2895e3ca8f1d12c5215e00a041c9670b54aa9b18a?s=96&d=mm&r=g","caption":"MC"},"url":"https:\/\/www.webdo.tn\/fr\/actualite\/author\/mc\/"}]}},"_links":{"self":[{"href":"https:\/\/www.webdo.tn\/fr\/wp-json\/wp\/v2\/posts\/201609","targetHints":{"allow":["GET"]}}],"collection":[{"href":"https:\/\/www.webdo.tn\/fr\/wp-json\/wp\/v2\/posts"}],"about":[{"href":"https:\/\/www.webdo.tn\/fr\/wp-json\/wp\/v2\/types\/post"}],"author":[{"embeddable":true,"href":"https:\/\/www.webdo.tn\/fr\/wp-json\/wp\/v2\/users\/3162"}],"replies":[{"embeddable":true,"href":"https:\/\/www.webdo.tn\/fr\/wp-json\/wp\/v2\/comments?post=201609"}],"version-history":[{"count":0,"href":"https:\/\/www.webdo.tn\/fr\/wp-json\/wp\/v2\/posts\/201609\/revisions"}],"wp:featuredmedia":[{"embeddable":true,"href":"https:\/\/www.webdo.tn\/fr\/wp-json\/wp\/v2\/media\/277545"}],"wp:attachment":[{"href":"https:\/\/www.webdo.tn\/fr\/wp-json\/wp\/v2\/media?parent=201609"}],"wp:term":[{"taxonomy":"category","embeddable":true,"href":"https:\/\/www.webdo.tn\/fr\/wp-json\/wp\/v2\/categories?post=201609"},{"taxonomy":"post_tag","embeddable":true,"href":"https:\/\/www.webdo.tn\/fr\/wp-json\/wp\/v2\/tags?post=201609"}],"curies":[{"name":"wp","href":"https:\/\/api.w.org\/{rel}","templated":true}]}}