{"id":201581,"date":"2023-01-06T15:00:00","date_gmt":"2023-01-06T15:00:00","guid":{"rendered":"https:\/\/www.webdo.tn\/fr\/actualite\/blog\/rassemblement-de-protestation-pour-pour-la-liberation-d-ali-laarayedh\/201581\/"},"modified":"2025-05-22T11:39:00","modified_gmt":"2025-05-22T11:39:00","slug":"rassemblement-de-protestation-pour-pour-la-liberation-d-ali-laarayedh","status":"publish","type":"post","link":"https:\/\/www.webdo.tn\/fr\/actualite\/national\/rassemblement-de-protestation-pour-pour-la-liberation-d-ali-laarayedh\/201581\/","title":{"rendered":"Rassemblement de protestation pour pour la lib\u00e9ration d&rsquo;Ali La\u00e2rayedh"},"content":{"rendered":"<p>Des dirigeants et des partisans du mouvement Ennahdha ont observ\u00e9, ce vendredi 6 janvier 2023, un rassemblement de protestation devant le si\u00e8ge du minist\u00e8re de la Justice \u00e0 Tunis, pour d\u00e9noncer l&rsquo;arrestation du vice-pr\u00e9sident du parti, Ali La\u00e2rayedh et appeler \u00e0 sa lib\u00e9ration.<\/p>\n<p> Au cours de ce rassemblement, les partisans d&rsquo;Ennahdha ont notamment scand\u00e9 des slogans hostiles au pr\u00e9sident de la R\u00e9publique, Kais Saied et au processus du 25 juillet.<\/p>\n<p>Prenant part \u00e0 cette mobilisation, Imed Kh\u00e9miri, membre du bureau politique d&rsquo;Ennahdha, a estim\u00e9, dans une d\u00e9claration \u00e0 l&rsquo;agence TAP, que \u00ab\u00a0la pr\u00e9sidence de la R\u00e9publique tente de semer la terreur dans les c\u0153urs de tous ceux qui s&rsquo;opposent au r\u00e8gne de Ka\u00efs Saied et r\u00e9clament le retour \u00e0 la d\u00e9mocratie\u00a0\u00bb.<\/p>\n<p>De son c\u00f4t\u00e9, Riadh Chaibi, membre du bureau politique d&rsquo;Ennahdha a estim\u00e9 qu&rsquo;il s&rsquo;agit d&rsquo;une \u00ab\u00a0d\u00e9tention politique, sur instructions du pr\u00e9sident de la R\u00e9publique Kais Saied\u00a0\u00bb, ajoutant que le chef de l&rsquo;Etat instrumentalise la justice pour \u00e9liminer ses \u00ab\u00a0adversaires politiques\u00a0\u00bb.<\/p>\n<p>Le juge d\u2019instruction du bureau 12 du p\u00f4le judiciaire antiterroriste a \u00e9mis un mandat de d\u00e9p\u00f4t, le 19 d\u00e9cembre dernier \u00e0 l\u2019encontre de l\u2019ancien chef du gouvernement dans l\u2019affaire des r\u00e9seaux d\u2019embrigadement.<\/p>\n<p>Ali La\u00e2rayedh avait d\u00e9j\u00e0 \u00e9t\u00e9 auditionn\u00e9 dans le cadre de cette affaire d&rsquo;envoi de jeunes tunisiens dans les zones de tension. Il avait \u00e9t\u00e9 plac\u00e9 en garde \u00e0 vue le 19 septembre 2022, par le juge d&rsquo;instruction pr\u00e8s le p\u00f4le judiciaire antiterroriste avant d&rsquo;\u00eatre lib\u00e9r\u00e9 le 22 septembre. Son audience avait \u00e9t\u00e9 report\u00e9e au 19 d\u00e9cembre.<\/p>\n<p>Notons que dans la m\u00eame affaire, le pr\u00e9sident d\u2019Ennahdha Rached Ghannouchi avait \u00e9t\u00e9 maintenu en \u00e9tat de libert\u00e9 en marge de son audition, le 21 septembre dernier.<\/p>\n<p>Rappelons que l&rsquo;enqu\u00eate en cours\u00a0 concerne 820 suspects alors que 39 accus\u00e9s ont \u00e9t\u00e9 maintenus en \u00e9tat de libert\u00e9 dont Rached Ghannouchi.<\/p>\n","protected":false},"excerpt":{"rendered":"<p>Des dirigeants et des partisans du mouvement Ennahdha ont observ\u00e9, ce vendredi 6 janvier 2023, un rassemblement de protestation devant le si\u00e8ge du minist\u00e8re de&#8230;<\/p>\n","protected":false},"author":3162,"featured_media":348327,"comment_status":"open","ping_status":"closed","sticky":false,"template":"","format":"standard","meta":{"footnotes":""},"categories":[44],"tags":[3694,11441],"class_list":["post-201581","post","type-post","status-publish","format-standard","has-post-thumbnail","hentry","category-national","tag-ali-laarayedh","tag-envoi-des-jeunes"],"yoast_head":"<!-- This site is optimized with the Yoast SEO Premium plugin v27.5 (Yoast SEO v27.5) - https:\/\/yoast.com\/product\/yoast-seo-premium-wordpress\/ -->\n<title>Rassemblement de protestation pour pour la lib\u00e9ration d&#039;Ali La\u00e2rayedh<\/title>\n<meta name=\"description\" content=\"Des dirigeants et des partisans du mouvement Ennahdha ont observ\u00e9, ce vendredi 6 janvier 2023, un rassemblement de protestation devant le si\u00e8ge du minist\u00e8re de...\" \/>\n<link rel=\"canonical\" href=\"https:\/\/www.webdo.tn\/fr\/actualite\/national-45\/rassemblement-de-protestation-pour-pour-la-liberation-d-ali-laarayedh\/201581\/\" \/>\n<meta property=\"og:locale\" content=\"fr_FR\" \/>\n<meta property=\"og:type\" content=\"article\" \/>\n<meta property=\"og:title\" content=\"Rassemblement de protestation pour pour la lib\u00e9ration d&#039;Ali La\u00e2rayedh\" \/>\n<meta property=\"og:description\" content=\"Des dirigeants et des partisans du mouvement Ennahdha ont observ\u00e9, ce vendredi 6 janvier 2023, un rassemblement de protestation devant le si\u00e8ge du minist\u00e8re de...\" \/>\n<meta property=\"og:url\" content=\"https:\/\/www.webdo.tn\/fr\/actualite\/national-45\/rassemblement-de-protestation-pour-pour-la-liberation-d-ali-laarayedh\/201581\/\" \/>\n<meta property=\"og:site_name\" content=\"webdo\" \/>\n<meta property=\"article:publisher\" content=\"https:\/\/www.facebook.com\/webdotn\" \/>\n<meta property=\"article:published_time\" content=\"2023-01-06T15:00:00+00:00\" \/>\n<meta property=\"article:modified_time\" content=\"2025-05-22T11:39:00+00:00\" \/>\n<meta property=\"og:image\" content=\"https:\/\/www.webdo.tn\/fr\/wp-content\/uploads\/2023\/01\/f3c617141d344271427602d7ba2b4c12.jpg\" \/>\n\t<meta property=\"og:image:width\" content=\"750\" \/>\n\t<meta property=\"og:image:height\" content=\"400\" \/>\n\t<meta property=\"og:image:type\" content=\"image\/jpeg\" \/>\n<meta name=\"author\" content=\"MC\" \/>\n<meta name=\"twitter:card\" content=\"summary_large_image\" \/>\n<meta name=\"twitter:creator\" content=\"@webdo_tn\" \/>\n<meta name=\"twitter:site\" content=\"@webdo_tn\" \/>\n<meta name=\"twitter:label1\" content=\"\u00c9crit par\" \/>\n\t<meta name=\"twitter:data1\" content=\"MC\" \/>\n\t<meta name=\"twitter:label2\" content=\"Dur\u00e9e de lecture estim\u00e9e\" \/>\n\t<meta name=\"twitter:data2\" content=\"2 minutes\" \/>\n<script type=\"application\/ld+json\" class=\"yoast-schema-graph\">{\"@context\":\"https:\\\/\\\/schema.org\",\"@graph\":[{\"@type\":\"NewsArticle\",\"@id\":\"https:\\\/\\\/www.webdo.tn\\\/fr\\\/actualite\\\/national-45\\\/rassemblement-de-protestation-pour-pour-la-liberation-d-ali-laarayedh\\\/201581\\\/#article\",\"isPartOf\":{\"@id\":\"https:\\\/\\\/www.webdo.tn\\\/fr\\\/actualite\\\/national-45\\\/rassemblement-de-protestation-pour-pour-la-liberation-d-ali-laarayedh\\\/201581\\\/\"},\"author\":{\"name\":\"MC\",\"@id\":\"https:\\\/\\\/www.webdo.tn\\\/fr\\\/#\\\/schema\\\/person\\\/2c4929cbf5a809e3bd38617c6ce150f6\"},\"headline\":\"Rassemblement de protestation pour pour la lib\u00e9ration d&rsquo;Ali La\u00e2rayedh\",\"datePublished\":\"2023-01-06T15:00:00+00:00\",\"dateModified\":\"2025-05-22T11:39:00+00:00\",\"mainEntityOfPage\":{\"@id\":\"https:\\\/\\\/www.webdo.tn\\\/fr\\\/actualite\\\/national-45\\\/rassemblement-de-protestation-pour-pour-la-liberation-d-ali-laarayedh\\\/201581\\\/\"},\"wordCount\":348,\"commentCount\":0,\"publisher\":{\"@id\":\"https:\\\/\\\/www.webdo.tn\\\/fr\\\/#organization\"},\"image\":{\"@id\":\"https:\\\/\\\/www.webdo.tn\\\/fr\\\/actualite\\\/national-45\\\/rassemblement-de-protestation-pour-pour-la-liberation-d-ali-laarayedh\\\/201581\\\/#primaryimage\"},\"thumbnailUrl\":\"https:\\\/\\\/www.webdo.tn\\\/fr\\\/wp-content\\\/uploads\\\/2023\\\/01\\\/f3c617141d344271427602d7ba2b4c12.jpg\",\"keywords\":[\"Ali La\u00e2rayedh\",\"envoi des jeunes\"],\"articleSection\":[\"National\"],\"inLanguage\":\"fr-FR\"},{\"@type\":\"WebPage\",\"@id\":\"https:\\\/\\\/www.webdo.tn\\\/fr\\\/actualite\\\/national-45\\\/rassemblement-de-protestation-pour-pour-la-liberation-d-ali-laarayedh\\\/201581\\\/\",\"url\":\"https:\\\/\\\/www.webdo.tn\\\/fr\\\/actualite\\\/national-45\\\/rassemblement-de-protestation-pour-pour-la-liberation-d-ali-laarayedh\\\/201581\\\/\",\"name\":\"Rassemblement de protestation pour pour la lib\u00e9ration d'Ali La\u00e2rayedh\",\"isPartOf\":{\"@id\":\"https:\\\/\\\/www.webdo.tn\\\/fr\\\/#website\"},\"primaryImageOfPage\":{\"@id\":\"https:\\\/\\\/www.webdo.tn\\\/fr\\\/actualite\\\/national-45\\\/rassemblement-de-protestation-pour-pour-la-liberation-d-ali-laarayedh\\\/201581\\\/#primaryimage\"},\"image\":{\"@id\":\"https:\\\/\\\/www.webdo.tn\\\/fr\\\/actualite\\\/national-45\\\/rassemblement-de-protestation-pour-pour-la-liberation-d-ali-laarayedh\\\/201581\\\/#primaryimage\"},\"thumbnailUrl\":\"https:\\\/\\\/www.webdo.tn\\\/fr\\\/wp-content\\\/uploads\\\/2023\\\/01\\\/f3c617141d344271427602d7ba2b4c12.jpg\",\"datePublished\":\"2023-01-06T15:00:00+00:00\",\"dateModified\":\"2025-05-22T11:39:00+00:00\",\"description\":\"Des dirigeants et des partisans du mouvement Ennahdha ont observ\u00e9, ce vendredi 6 janvier 2023, un rassemblement de protestation devant le si\u00e8ge du minist\u00e8re de...\",\"breadcrumb\":{\"@id\":\"https:\\\/\\\/www.webdo.tn\\\/fr\\\/actualite\\\/national-45\\\/rassemblement-de-protestation-pour-pour-la-liberation-d-ali-laarayedh\\\/201581\\\/#breadcrumb\"},\"inLanguage\":\"fr-FR\",\"potentialAction\":[{\"@type\":\"ReadAction\",\"target\":[\"https:\\\/\\\/www.webdo.tn\\\/fr\\\/actualite\\\/national-45\\\/rassemblement-de-protestation-pour-pour-la-liberation-d-ali-laarayedh\\\/201581\\\/\"]}]},{\"@type\":\"ImageObject\",\"inLanguage\":\"fr-FR\",\"@id\":\"https:\\\/\\\/www.webdo.tn\\\/fr\\\/actualite\\\/national-45\\\/rassemblement-de-protestation-pour-pour-la-liberation-d-ali-laarayedh\\\/201581\\\/#primaryimage\",\"url\":\"https:\\\/\\\/www.webdo.tn\\\/fr\\\/wp-content\\\/uploads\\\/2023\\\/01\\\/f3c617141d344271427602d7ba2b4c12.jpg\",\"contentUrl\":\"https:\\\/\\\/www.webdo.tn\\\/fr\\\/wp-content\\\/uploads\\\/2023\\\/01\\\/f3c617141d344271427602d7ba2b4c12.jpg\",\"width\":750,\"height\":400,\"caption\":\"Rassemblement de protestation pour pour la lib\u00e9ration d'Ali La\u00e2rayedh\"},{\"@type\":\"BreadcrumbList\",\"@id\":\"https:\\\/\\\/www.webdo.tn\\\/fr\\\/actualite\\\/national-45\\\/rassemblement-de-protestation-pour-pour-la-liberation-d-ali-laarayedh\\\/201581\\\/#breadcrumb\",\"itemListElement\":[{\"@type\":\"ListItem\",\"position\":1,\"name\":\"Accueil\",\"item\":\"https:\\\/\\\/www.webdo.tn\\\/fr\\\/\"},{\"@type\":\"ListItem\",\"position\":2,\"name\":\"Rassemblement de protestation pour pour la lib\u00e9ration d&rsquo;Ali La\u00e2rayedh\"}]},{\"@type\":\"WebSite\",\"@id\":\"https:\\\/\\\/www.webdo.tn\\\/fr\\\/#website\",\"url\":\"https:\\\/\\\/www.webdo.tn\\\/fr\\\/\",\"name\":\"webdo\",\"description\":\"Tunisie - News en Tunisie et \u00e0 l&#039;international sur Webdo.tn\",\"publisher\":{\"@id\":\"https:\\\/\\\/www.webdo.tn\\\/fr\\\/#organization\"},\"potentialAction\":[{\"@type\":\"SearchAction\",\"target\":{\"@type\":\"EntryPoint\",\"urlTemplate\":\"https:\\\/\\\/www.webdo.tn\\\/fr\\\/?s={search_term_string}\"},\"query-input\":{\"@type\":\"PropertyValueSpecification\",\"valueRequired\":true,\"valueName\":\"search_term_string\"}}],\"inLanguage\":\"fr-FR\"},{\"@type\":\"Organization\",\"@id\":\"https:\\\/\\\/www.webdo.tn\\\/fr\\\/#organization\",\"name\":\"Webdo\",\"alternateName\":\"Webdo.tn\",\"url\":\"https:\\\/\\\/www.webdo.tn\\\/fr\\\/\",\"logo\":{\"@type\":\"ImageObject\",\"inLanguage\":\"fr-FR\",\"@id\":\"https:\\\/\\\/www.webdo.tn\\\/fr\\\/#\\\/schema\\\/logo\\\/image\\\/\",\"url\":\"https:\\\/\\\/www.webdo.tn\\\/fr\\\/wp-content\\\/uploads\\\/2025\\\/06\\\/Webdo-Tunisie_168377.jpg\",\"contentUrl\":\"https:\\\/\\\/www.webdo.tn\\\/fr\\\/wp-content\\\/uploads\\\/2025\\\/06\\\/Webdo-Tunisie_168377.jpg\",\"width\":301,\"height\":301,\"caption\":\"Webdo\"},\"image\":{\"@id\":\"https:\\\/\\\/www.webdo.tn\\\/fr\\\/#\\\/schema\\\/logo\\\/image\\\/\"},\"sameAs\":[\"https:\\\/\\\/www.facebook.com\\\/webdotn\",\"https:\\\/\\\/x.com\\\/webdo_tn\"],\"description\":\"Webdo est un m\u00e9dia num\u00e9rique tunisien fond\u00e9 en 2010, sp\u00e9cialis\u00e9 dans l\u2019actualit\u00e9 nationale et internationale, l\u2019\u00e9conomie, la soci\u00e9t\u00e9 et les analyses politiques. Le site s\u2019adresse \u00e0 un large public francophone et couvre l\u2019information tunisienne en temps r\u00e9el.\",\"email\":\"redac@webdo.tn\",\"legalName\":\"YNJ SARL\",\"foundingDate\":\"2010-09-06\",\"numberOfEmployees\":{\"@type\":\"QuantitativeValue\",\"minValue\":\"11\",\"maxValue\":\"50\"}},{\"@type\":\"Person\",\"@id\":\"https:\\\/\\\/www.webdo.tn\\\/fr\\\/#\\\/schema\\\/person\\\/2c4929cbf5a809e3bd38617c6ce150f6\",\"name\":\"MC\",\"image\":{\"@type\":\"ImageObject\",\"inLanguage\":\"fr-FR\",\"@id\":\"https:\\\/\\\/secure.gravatar.com\\\/avatar\\\/a545bbb6f84efdd5553dbbc2895e3ca8f1d12c5215e00a041c9670b54aa9b18a?s=96&d=mm&r=g\",\"url\":\"https:\\\/\\\/secure.gravatar.com\\\/avatar\\\/a545bbb6f84efdd5553dbbc2895e3ca8f1d12c5215e00a041c9670b54aa9b18a?s=96&d=mm&r=g\",\"contentUrl\":\"https:\\\/\\\/secure.gravatar.com\\\/avatar\\\/a545bbb6f84efdd5553dbbc2895e3ca8f1d12c5215e00a041c9670b54aa9b18a?s=96&d=mm&r=g\",\"caption\":\"MC\"},\"url\":\"https:\\\/\\\/www.webdo.tn\\\/fr\\\/actualite\\\/author\\\/mc\\\/\"}]}<\/script>\n<!-- \/ Yoast SEO Premium plugin. -->","yoast_head_json":{"title":"Rassemblement de protestation pour pour la lib\u00e9ration d'Ali La\u00e2rayedh","description":"Des dirigeants et des partisans du mouvement Ennahdha ont observ\u00e9, ce vendredi 6 janvier 2023, un rassemblement de protestation devant le si\u00e8ge du minist\u00e8re de...","canonical":"https:\/\/www.webdo.tn\/fr\/actualite\/national-45\/rassemblement-de-protestation-pour-pour-la-liberation-d-ali-laarayedh\/201581\/","og_locale":"fr_FR","og_type":"article","og_title":"Rassemblement de protestation pour pour la lib\u00e9ration d'Ali La\u00e2rayedh","og_description":"Des dirigeants et des partisans du mouvement Ennahdha ont observ\u00e9, ce vendredi 6 janvier 2023, un rassemblement de protestation devant le si\u00e8ge du minist\u00e8re de...","og_url":"https:\/\/www.webdo.tn\/fr\/actualite\/national-45\/rassemblement-de-protestation-pour-pour-la-liberation-d-ali-laarayedh\/201581\/","og_site_name":"webdo","article_publisher":"https:\/\/www.facebook.com\/webdotn","article_published_time":"2023-01-06T15:00:00+00:00","article_modified_time":"2025-05-22T11:39:00+00:00","og_image":[{"width":750,"height":400,"url":"https:\/\/www.webdo.tn\/fr\/wp-content\/uploads\/2023\/01\/f3c617141d344271427602d7ba2b4c12.jpg","type":"image\/jpeg"}],"author":"MC","twitter_card":"summary_large_image","twitter_creator":"@webdo_tn","twitter_site":"@webdo_tn","twitter_misc":{"\u00c9crit par":"MC","Dur\u00e9e de lecture estim\u00e9e":"2 minutes"},"schema":{"@context":"https:\/\/schema.org","@graph":[{"@type":"NewsArticle","@id":"https:\/\/www.webdo.tn\/fr\/actualite\/national-45\/rassemblement-de-protestation-pour-pour-la-liberation-d-ali-laarayedh\/201581\/#article","isPartOf":{"@id":"https:\/\/www.webdo.tn\/fr\/actualite\/national-45\/rassemblement-de-protestation-pour-pour-la-liberation-d-ali-laarayedh\/201581\/"},"author":{"name":"MC","@id":"https:\/\/www.webdo.tn\/fr\/#\/schema\/person\/2c4929cbf5a809e3bd38617c6ce150f6"},"headline":"Rassemblement de protestation pour pour la lib\u00e9ration d&rsquo;Ali La\u00e2rayedh","datePublished":"2023-01-06T15:00:00+00:00","dateModified":"2025-05-22T11:39:00+00:00","mainEntityOfPage":{"@id":"https:\/\/www.webdo.tn\/fr\/actualite\/national-45\/rassemblement-de-protestation-pour-pour-la-liberation-d-ali-laarayedh\/201581\/"},"wordCount":348,"commentCount":0,"publisher":{"@id":"https:\/\/www.webdo.tn\/fr\/#organization"},"image":{"@id":"https:\/\/www.webdo.tn\/fr\/actualite\/national-45\/rassemblement-de-protestation-pour-pour-la-liberation-d-ali-laarayedh\/201581\/#primaryimage"},"thumbnailUrl":"https:\/\/www.webdo.tn\/fr\/wp-content\/uploads\/2023\/01\/f3c617141d344271427602d7ba2b4c12.jpg","keywords":["Ali La\u00e2rayedh","envoi des jeunes"],"articleSection":["National"],"inLanguage":"fr-FR"},{"@type":"WebPage","@id":"https:\/\/www.webdo.tn\/fr\/actualite\/national-45\/rassemblement-de-protestation-pour-pour-la-liberation-d-ali-laarayedh\/201581\/","url":"https:\/\/www.webdo.tn\/fr\/actualite\/national-45\/rassemblement-de-protestation-pour-pour-la-liberation-d-ali-laarayedh\/201581\/","name":"Rassemblement de protestation pour pour la lib\u00e9ration d'Ali La\u00e2rayedh","isPartOf":{"@id":"https:\/\/www.webdo.tn\/fr\/#website"},"primaryImageOfPage":{"@id":"https:\/\/www.webdo.tn\/fr\/actualite\/national-45\/rassemblement-de-protestation-pour-pour-la-liberation-d-ali-laarayedh\/201581\/#primaryimage"},"image":{"@id":"https:\/\/www.webdo.tn\/fr\/actualite\/national-45\/rassemblement-de-protestation-pour-pour-la-liberation-d-ali-laarayedh\/201581\/#primaryimage"},"thumbnailUrl":"https:\/\/www.webdo.tn\/fr\/wp-content\/uploads\/2023\/01\/f3c617141d344271427602d7ba2b4c12.jpg","datePublished":"2023-01-06T15:00:00+00:00","dateModified":"2025-05-22T11:39:00+00:00","description":"Des dirigeants et des partisans du mouvement Ennahdha ont observ\u00e9, ce vendredi 6 janvier 2023, un rassemblement de protestation devant le si\u00e8ge du minist\u00e8re de...","breadcrumb":{"@id":"https:\/\/www.webdo.tn\/fr\/actualite\/national-45\/rassemblement-de-protestation-pour-pour-la-liberation-d-ali-laarayedh\/201581\/#breadcrumb"},"inLanguage":"fr-FR","potentialAction":[{"@type":"ReadAction","target":["https:\/\/www.webdo.tn\/fr\/actualite\/national-45\/rassemblement-de-protestation-pour-pour-la-liberation-d-ali-laarayedh\/201581\/"]}]},{"@type":"ImageObject","inLanguage":"fr-FR","@id":"https:\/\/www.webdo.tn\/fr\/actualite\/national-45\/rassemblement-de-protestation-pour-pour-la-liberation-d-ali-laarayedh\/201581\/#primaryimage","url":"https:\/\/www.webdo.tn\/fr\/wp-content\/uploads\/2023\/01\/f3c617141d344271427602d7ba2b4c12.jpg","contentUrl":"https:\/\/www.webdo.tn\/fr\/wp-content\/uploads\/2023\/01\/f3c617141d344271427602d7ba2b4c12.jpg","width":750,"height":400,"caption":"Rassemblement de protestation pour pour la lib\u00e9ration d'Ali La\u00e2rayedh"},{"@type":"BreadcrumbList","@id":"https:\/\/www.webdo.tn\/fr\/actualite\/national-45\/rassemblement-de-protestation-pour-pour-la-liberation-d-ali-laarayedh\/201581\/#breadcrumb","itemListElement":[{"@type":"ListItem","position":1,"name":"Accueil","item":"https:\/\/www.webdo.tn\/fr\/"},{"@type":"ListItem","position":2,"name":"Rassemblement de protestation pour pour la lib\u00e9ration d&rsquo;Ali La\u00e2rayedh"}]},{"@type":"WebSite","@id":"https:\/\/www.webdo.tn\/fr\/#website","url":"https:\/\/www.webdo.tn\/fr\/","name":"webdo","description":"Tunisie - News en Tunisie et \u00e0 l&#039;international sur Webdo.tn","publisher":{"@id":"https:\/\/www.webdo.tn\/fr\/#organization"},"potentialAction":[{"@type":"SearchAction","target":{"@type":"EntryPoint","urlTemplate":"https:\/\/www.webdo.tn\/fr\/?s={search_term_string}"},"query-input":{"@type":"PropertyValueSpecification","valueRequired":true,"valueName":"search_term_string"}}],"inLanguage":"fr-FR"},{"@type":"Organization","@id":"https:\/\/www.webdo.tn\/fr\/#organization","name":"Webdo","alternateName":"Webdo.tn","url":"https:\/\/www.webdo.tn\/fr\/","logo":{"@type":"ImageObject","inLanguage":"fr-FR","@id":"https:\/\/www.webdo.tn\/fr\/#\/schema\/logo\/image\/","url":"https:\/\/www.webdo.tn\/fr\/wp-content\/uploads\/2025\/06\/Webdo-Tunisie_168377.jpg","contentUrl":"https:\/\/www.webdo.tn\/fr\/wp-content\/uploads\/2025\/06\/Webdo-Tunisie_168377.jpg","width":301,"height":301,"caption":"Webdo"},"image":{"@id":"https:\/\/www.webdo.tn\/fr\/#\/schema\/logo\/image\/"},"sameAs":["https:\/\/www.facebook.com\/webdotn","https:\/\/x.com\/webdo_tn"],"description":"Webdo est un m\u00e9dia num\u00e9rique tunisien fond\u00e9 en 2010, sp\u00e9cialis\u00e9 dans l\u2019actualit\u00e9 nationale et internationale, l\u2019\u00e9conomie, la soci\u00e9t\u00e9 et les analyses politiques. Le site s\u2019adresse \u00e0 un large public francophone et couvre l\u2019information tunisienne en temps r\u00e9el.","email":"redac@webdo.tn","legalName":"YNJ SARL","foundingDate":"2010-09-06","numberOfEmployees":{"@type":"QuantitativeValue","minValue":"11","maxValue":"50"}},{"@type":"Person","@id":"https:\/\/www.webdo.tn\/fr\/#\/schema\/person\/2c4929cbf5a809e3bd38617c6ce150f6","name":"MC","image":{"@type":"ImageObject","inLanguage":"fr-FR","@id":"https:\/\/secure.gravatar.com\/avatar\/a545bbb6f84efdd5553dbbc2895e3ca8f1d12c5215e00a041c9670b54aa9b18a?s=96&d=mm&r=g","url":"https:\/\/secure.gravatar.com\/avatar\/a545bbb6f84efdd5553dbbc2895e3ca8f1d12c5215e00a041c9670b54aa9b18a?s=96&d=mm&r=g","contentUrl":"https:\/\/secure.gravatar.com\/avatar\/a545bbb6f84efdd5553dbbc2895e3ca8f1d12c5215e00a041c9670b54aa9b18a?s=96&d=mm&r=g","caption":"MC"},"url":"https:\/\/www.webdo.tn\/fr\/actualite\/author\/mc\/"}]}},"_links":{"self":[{"href":"https:\/\/www.webdo.tn\/fr\/wp-json\/wp\/v2\/posts\/201581","targetHints":{"allow":["GET"]}}],"collection":[{"href":"https:\/\/www.webdo.tn\/fr\/wp-json\/wp\/v2\/posts"}],"about":[{"href":"https:\/\/www.webdo.tn\/fr\/wp-json\/wp\/v2\/types\/post"}],"author":[{"embeddable":true,"href":"https:\/\/www.webdo.tn\/fr\/wp-json\/wp\/v2\/users\/3162"}],"replies":[{"embeddable":true,"href":"https:\/\/www.webdo.tn\/fr\/wp-json\/wp\/v2\/comments?post=201581"}],"version-history":[{"count":0,"href":"https:\/\/www.webdo.tn\/fr\/wp-json\/wp\/v2\/posts\/201581\/revisions"}],"wp:featuredmedia":[{"embeddable":true,"href":"https:\/\/www.webdo.tn\/fr\/wp-json\/wp\/v2\/media\/348327"}],"wp:attachment":[{"href":"https:\/\/www.webdo.tn\/fr\/wp-json\/wp\/v2\/media?parent=201581"}],"wp:term":[{"taxonomy":"category","embeddable":true,"href":"https:\/\/www.webdo.tn\/fr\/wp-json\/wp\/v2\/categories?post=201581"},{"taxonomy":"post_tag","embeddable":true,"href":"https:\/\/www.webdo.tn\/fr\/wp-json\/wp\/v2\/tags?post=201581"}],"curies":[{"name":"wp","href":"https:\/\/api.w.org\/{rel}","templated":true}]}}