{"id":201570,"date":"2023-01-06T11:44:00","date_gmt":"2023-01-06T11:44:00","guid":{"rendered":"https:\/\/www.webdo.tn\/fr\/blog\/augmentation-des-tarifs-des-cartes-de-recharge-certains-revendeurs-pointes-du-doigt\/201570\/"},"modified":"2025-05-20T22:06:43","modified_gmt":"2025-05-20T22:06:43","slug":"augmentation-des-tarifs-des-cartes-de-recharge-certains-revendeurs-pointes-du-doigt","status":"publish","type":"post","link":"https:\/\/www.webdo.tn\/fr\/actualite\/national\/augmentation-des-tarifs-des-cartes-de-recharge-certains-revendeurs-pointes-du-doigt\/201570\/","title":{"rendered":"Augmentation des tarifs des cartes de recharge : Certains revendeurs point\u00e9s du doigt"},"content":{"rendered":"<p>Suite \u00e0 une rumeur, qui s\u2019est propag\u00e9e concernant une augmentation des tarifs des cartes de recharge aupr\u00e8s des op\u00e9rateurs t\u00e9l\u00e9phoniques, les minist\u00e8res du Commerce et des Technologies ont aussit\u00f4t r\u00e9agi pour d\u00e9mentir cette hausse.<\/p>\n<p>\t\t\t\t\t\t\t\t\tDans un nouveau communiqu\u00e9 conjoint, les deux d\u00e9partements ont pr\u00e9cis\u00e9, hier soir, que \u00ab\u00a0certains revendeurs des cartes de recharges t\u00e9l\u00e9phoniques tentent d\u2019appliquer des augmentations des prix\u00a0\u00bb, soulignant que ces derniers sont appel\u00e9s \u00e0 respecter les tarifs fix\u00e9s.<\/p>\n<p>\u00ab\u00a0Les personnes qui appliqueront des hausses des tarifs des cartes de recharges t\u00e9l\u00e9phoniques seront expos\u00e9es \u00e0 des poursuites judiciaires et administratives, conform\u00e9ment \u00e0 la l\u00e9gislation en vigueur\u00a0\u00bb, avertit le communiqu\u00e9.<\/p>\n<p>Le minist\u00e8re du Commerce a, en outre, \u00e9voqu\u00e9 que le consommateur peut lancer une alerte concernant toute hausse des prix des cartes de recharges t\u00e9l\u00e9phoniques en appelant le num\u00e9ro vert de contr\u00f4le \u00e9conomique \u00ab\u00a080100191\u00a0\u00bb ou en contactant les directions r\u00e9gionales du commence et du d\u00e9veloppement des exportations au niveau des diff\u00e9rents gouvernorats .<\/p>\n<p>Et d\u2019expliquer que les services de contr\u00f4le sont en train de poursuivre ces d\u00e9passements.<\/p>\n<p>Mercredi, le minist\u00e8re des Technologies de la communication, avait pr\u00e9cis\u00e9 que les tarifs de recharge aupr\u00e8s des op\u00e9rateurs t\u00e9l\u00e9phoniques n\u2019avaient pas \u00e9t\u00e9 revus \u00e0 la hausse, contrairement \u00e0 ce qui a \u00e9t\u00e9 relay\u00e9.<\/p>\n","protected":false},"excerpt":{"rendered":"<p>Suite \u00e0 une rumeur, qui s\u2019est propag\u00e9e concernant une augmentation des tarifs des cartes de recharge aupr\u00e8s des op\u00e9rateurs t\u00e9l\u00e9phoniques, les minist\u00e8res du Comm&#8230;<\/p>\n","protected":false},"author":3162,"featured_media":277533,"comment_status":"open","ping_status":"closed","sticky":false,"template":"","format":"standard","meta":{"footnotes":""},"categories":[44],"tags":[8838,4608,3410,9251],"class_list":["post-201570","post","type-post","status-publish","format-standard","has-post-thumbnail","hentry","category-national","tag-carte-de-recharge","tag-rumeur","tag-tarif","tag-telephonie"],"yoast_head":"<!-- This site is optimized with the Yoast SEO Premium plugin v27.4 (Yoast SEO v27.5) - https:\/\/yoast.com\/product\/yoast-seo-premium-wordpress\/ -->\n<title>Augmentation des tarifs des cartes de recharge : Certains revendeurs point\u00e9s du doigt<\/title>\n<meta name=\"description\" content=\"Suite \u00e0 une rumeur, qui s\u2019est propag\u00e9e concernant une augmentation des tarifs des cartes de recharge aupr\u00e8s des op\u00e9rateurs t\u00e9l\u00e9phoniques, les minist\u00e8res du Comm...\" \/>\n<link rel=\"canonical\" href=\"https:\/\/www.webdo.tn\/fr\/actualite\/national\/augmentation-des-tarifs-des-cartes-de-recharge-certains-revendeurs-pointes-du-doigt\/201570\/\" \/>\n<meta property=\"og:locale\" content=\"fr_FR\" \/>\n<meta property=\"og:type\" content=\"article\" \/>\n<meta property=\"og:title\" content=\"Augmentation des tarifs des cartes de recharge : Certains revendeurs point\u00e9s du doigt\" \/>\n<meta property=\"og:description\" content=\"Suite \u00e0 une rumeur, qui s\u2019est propag\u00e9e concernant une augmentation des tarifs des cartes de recharge aupr\u00e8s des op\u00e9rateurs t\u00e9l\u00e9phoniques, les minist\u00e8res du Comm...\" \/>\n<meta property=\"og:url\" content=\"https:\/\/www.webdo.tn\/fr\/actualite\/national\/augmentation-des-tarifs-des-cartes-de-recharge-certains-revendeurs-pointes-du-doigt\/201570\/\" \/>\n<meta property=\"og:site_name\" content=\"webdo\" \/>\n<meta property=\"article:publisher\" content=\"https:\/\/www.facebook.com\/webdotn\" \/>\n<meta property=\"article:published_time\" content=\"2023-01-06T11:44:00+00:00\" \/>\n<meta property=\"article:modified_time\" content=\"2025-05-20T22:06:43+00:00\" \/>\n<meta property=\"og:image\" content=\"https:\/\/www.webdo.tn\/fr\/wp-content\/uploads\/2023\/01\/4b2baed634015b26d19066e87a10d2a7.jpg\" \/>\n\t<meta property=\"og:image:width\" content=\"680\" \/>\n\t<meta property=\"og:image:height\" content=\"363\" \/>\n\t<meta property=\"og:image:type\" content=\"image\/jpeg\" \/>\n<meta name=\"author\" content=\"MC\" \/>\n<meta name=\"twitter:card\" content=\"summary_large_image\" \/>\n<meta name=\"twitter:creator\" content=\"@webdo_tn\" \/>\n<meta name=\"twitter:site\" content=\"@webdo_tn\" \/>\n<meta name=\"twitter:label1\" content=\"\u00c9crit par\" \/>\n\t<meta name=\"twitter:data1\" content=\"MC\" \/>\n\t<meta name=\"twitter:label2\" content=\"Dur\u00e9e de lecture estim\u00e9e\" \/>\n\t<meta name=\"twitter:data2\" content=\"1 minute\" \/>\n<script type=\"application\/ld+json\" class=\"yoast-schema-graph\">{\"@context\":\"https:\\\/\\\/schema.org\",\"@graph\":[{\"@type\":\"NewsArticle\",\"@id\":\"https:\\\/\\\/www.webdo.tn\\\/fr\\\/actualite\\\/national\\\/augmentation-des-tarifs-des-cartes-de-recharge-certains-revendeurs-pointes-du-doigt\\\/201570\\\/#article\",\"isPartOf\":{\"@id\":\"https:\\\/\\\/www.webdo.tn\\\/fr\\\/actualite\\\/national\\\/augmentation-des-tarifs-des-cartes-de-recharge-certains-revendeurs-pointes-du-doigt\\\/201570\\\/\"},\"author\":{\"name\":\"MC\",\"@id\":\"https:\\\/\\\/www.webdo.tn\\\/fr\\\/#\\\/schema\\\/person\\\/2c4929cbf5a809e3bd38617c6ce150f6\"},\"headline\":\"Augmentation des tarifs des cartes de recharge : Certains revendeurs point\u00e9s du doigt\",\"datePublished\":\"2023-01-06T11:44:00+00:00\",\"dateModified\":\"2025-05-20T22:06:43+00:00\",\"mainEntityOfPage\":{\"@id\":\"https:\\\/\\\/www.webdo.tn\\\/fr\\\/actualite\\\/national\\\/augmentation-des-tarifs-des-cartes-de-recharge-certains-revendeurs-pointes-du-doigt\\\/201570\\\/\"},\"wordCount\":246,\"commentCount\":0,\"publisher\":{\"@id\":\"https:\\\/\\\/www.webdo.tn\\\/fr\\\/#organization\"},\"image\":{\"@id\":\"https:\\\/\\\/www.webdo.tn\\\/fr\\\/actualite\\\/national\\\/augmentation-des-tarifs-des-cartes-de-recharge-certains-revendeurs-pointes-du-doigt\\\/201570\\\/#primaryimage\"},\"thumbnailUrl\":\"https:\\\/\\\/www.webdo.tn\\\/fr\\\/wp-content\\\/uploads\\\/2023\\\/01\\\/4b2baed634015b26d19066e87a10d2a7.jpg\",\"keywords\":[\"carte de recharge\",\"rumeur\",\"tarif\",\"t\u00e9l\u00e9phonie\"],\"articleSection\":[\"National\"],\"inLanguage\":\"fr-FR\"},{\"@type\":\"WebPage\",\"@id\":\"https:\\\/\\\/www.webdo.tn\\\/fr\\\/actualite\\\/national\\\/augmentation-des-tarifs-des-cartes-de-recharge-certains-revendeurs-pointes-du-doigt\\\/201570\\\/\",\"url\":\"https:\\\/\\\/www.webdo.tn\\\/fr\\\/actualite\\\/national\\\/augmentation-des-tarifs-des-cartes-de-recharge-certains-revendeurs-pointes-du-doigt\\\/201570\\\/\",\"name\":\"Augmentation des tarifs des cartes de recharge : Certains revendeurs point\u00e9s du doigt\",\"isPartOf\":{\"@id\":\"https:\\\/\\\/www.webdo.tn\\\/fr\\\/#website\"},\"primaryImageOfPage\":{\"@id\":\"https:\\\/\\\/www.webdo.tn\\\/fr\\\/actualite\\\/national\\\/augmentation-des-tarifs-des-cartes-de-recharge-certains-revendeurs-pointes-du-doigt\\\/201570\\\/#primaryimage\"},\"image\":{\"@id\":\"https:\\\/\\\/www.webdo.tn\\\/fr\\\/actualite\\\/national\\\/augmentation-des-tarifs-des-cartes-de-recharge-certains-revendeurs-pointes-du-doigt\\\/201570\\\/#primaryimage\"},\"thumbnailUrl\":\"https:\\\/\\\/www.webdo.tn\\\/fr\\\/wp-content\\\/uploads\\\/2023\\\/01\\\/4b2baed634015b26d19066e87a10d2a7.jpg\",\"datePublished\":\"2023-01-06T11:44:00+00:00\",\"dateModified\":\"2025-05-20T22:06:43+00:00\",\"description\":\"Suite \u00e0 une rumeur, qui s\u2019est propag\u00e9e concernant une augmentation des tarifs des cartes de recharge aupr\u00e8s des op\u00e9rateurs t\u00e9l\u00e9phoniques, les minist\u00e8res du Comm...\",\"breadcrumb\":{\"@id\":\"https:\\\/\\\/www.webdo.tn\\\/fr\\\/actualite\\\/national\\\/augmentation-des-tarifs-des-cartes-de-recharge-certains-revendeurs-pointes-du-doigt\\\/201570\\\/#breadcrumb\"},\"inLanguage\":\"fr-FR\",\"potentialAction\":[{\"@type\":\"ReadAction\",\"target\":[\"https:\\\/\\\/www.webdo.tn\\\/fr\\\/actualite\\\/national\\\/augmentation-des-tarifs-des-cartes-de-recharge-certains-revendeurs-pointes-du-doigt\\\/201570\\\/\"]}]},{\"@type\":\"ImageObject\",\"inLanguage\":\"fr-FR\",\"@id\":\"https:\\\/\\\/www.webdo.tn\\\/fr\\\/actualite\\\/national\\\/augmentation-des-tarifs-des-cartes-de-recharge-certains-revendeurs-pointes-du-doigt\\\/201570\\\/#primaryimage\",\"url\":\"https:\\\/\\\/www.webdo.tn\\\/fr\\\/wp-content\\\/uploads\\\/2023\\\/01\\\/4b2baed634015b26d19066e87a10d2a7.jpg\",\"contentUrl\":\"https:\\\/\\\/www.webdo.tn\\\/fr\\\/wp-content\\\/uploads\\\/2023\\\/01\\\/4b2baed634015b26d19066e87a10d2a7.jpg\",\"width\":680,\"height\":363,\"caption\":\"Augmentation des tarifs des cartes de recharge : Certains revendeurs point\u00e9s du doigt\"},{\"@type\":\"BreadcrumbList\",\"@id\":\"https:\\\/\\\/www.webdo.tn\\\/fr\\\/actualite\\\/national\\\/augmentation-des-tarifs-des-cartes-de-recharge-certains-revendeurs-pointes-du-doigt\\\/201570\\\/#breadcrumb\",\"itemListElement\":[{\"@type\":\"ListItem\",\"position\":1,\"name\":\"Accueil\",\"item\":\"https:\\\/\\\/www.webdo.tn\\\/fr\\\/\"},{\"@type\":\"ListItem\",\"position\":2,\"name\":\"Augmentation des tarifs des cartes de recharge : Certains revendeurs point\u00e9s du doigt\"}]},{\"@type\":\"WebSite\",\"@id\":\"https:\\\/\\\/www.webdo.tn\\\/fr\\\/#website\",\"url\":\"https:\\\/\\\/www.webdo.tn\\\/fr\\\/\",\"name\":\"webdo\",\"description\":\"Tunisie - News en Tunisie et \u00e0 l&#039;international sur Webdo.tn\",\"publisher\":{\"@id\":\"https:\\\/\\\/www.webdo.tn\\\/fr\\\/#organization\"},\"potentialAction\":[{\"@type\":\"SearchAction\",\"target\":{\"@type\":\"EntryPoint\",\"urlTemplate\":\"https:\\\/\\\/www.webdo.tn\\\/fr\\\/?s={search_term_string}\"},\"query-input\":{\"@type\":\"PropertyValueSpecification\",\"valueRequired\":true,\"valueName\":\"search_term_string\"}}],\"inLanguage\":\"fr-FR\"},{\"@type\":\"Organization\",\"@id\":\"https:\\\/\\\/www.webdo.tn\\\/fr\\\/#organization\",\"name\":\"Webdo\",\"alternateName\":\"Webdo.tn\",\"url\":\"https:\\\/\\\/www.webdo.tn\\\/fr\\\/\",\"logo\":{\"@type\":\"ImageObject\",\"inLanguage\":\"fr-FR\",\"@id\":\"https:\\\/\\\/www.webdo.tn\\\/fr\\\/#\\\/schema\\\/logo\\\/image\\\/\",\"url\":\"https:\\\/\\\/www.webdo.tn\\\/fr\\\/wp-content\\\/uploads\\\/2025\\\/06\\\/Webdo-Tunisie_168377.jpg\",\"contentUrl\":\"https:\\\/\\\/www.webdo.tn\\\/fr\\\/wp-content\\\/uploads\\\/2025\\\/06\\\/Webdo-Tunisie_168377.jpg\",\"width\":301,\"height\":301,\"caption\":\"Webdo\"},\"image\":{\"@id\":\"https:\\\/\\\/www.webdo.tn\\\/fr\\\/#\\\/schema\\\/logo\\\/image\\\/\"},\"sameAs\":[\"https:\\\/\\\/www.facebook.com\\\/webdotn\",\"https:\\\/\\\/x.com\\\/webdo_tn\"],\"description\":\"Webdo est un m\u00e9dia num\u00e9rique tunisien fond\u00e9 en 2010, sp\u00e9cialis\u00e9 dans l\u2019actualit\u00e9 nationale et internationale, l\u2019\u00e9conomie, la soci\u00e9t\u00e9 et les analyses politiques. Le site s\u2019adresse \u00e0 un large public francophone et couvre l\u2019information tunisienne en temps r\u00e9el.\",\"email\":\"redac@webdo.tn\",\"legalName\":\"YNJ SARL\",\"foundingDate\":\"2010-09-06\",\"numberOfEmployees\":{\"@type\":\"QuantitativeValue\",\"minValue\":\"11\",\"maxValue\":\"50\"}},{\"@type\":\"Person\",\"@id\":\"https:\\\/\\\/www.webdo.tn\\\/fr\\\/#\\\/schema\\\/person\\\/2c4929cbf5a809e3bd38617c6ce150f6\",\"name\":\"MC\",\"image\":{\"@type\":\"ImageObject\",\"inLanguage\":\"fr-FR\",\"@id\":\"https:\\\/\\\/secure.gravatar.com\\\/avatar\\\/a545bbb6f84efdd5553dbbc2895e3ca8f1d12c5215e00a041c9670b54aa9b18a?s=96&d=mm&r=g\",\"url\":\"https:\\\/\\\/secure.gravatar.com\\\/avatar\\\/a545bbb6f84efdd5553dbbc2895e3ca8f1d12c5215e00a041c9670b54aa9b18a?s=96&d=mm&r=g\",\"contentUrl\":\"https:\\\/\\\/secure.gravatar.com\\\/avatar\\\/a545bbb6f84efdd5553dbbc2895e3ca8f1d12c5215e00a041c9670b54aa9b18a?s=96&d=mm&r=g\",\"caption\":\"MC\"},\"url\":\"https:\\\/\\\/www.webdo.tn\\\/fr\\\/actualite\\\/author\\\/mc\\\/\"}]}<\/script>\n<!-- \/ Yoast SEO Premium plugin. -->","yoast_head_json":{"title":"Augmentation des tarifs des cartes de recharge : Certains revendeurs point\u00e9s du doigt","description":"Suite \u00e0 une rumeur, qui s\u2019est propag\u00e9e concernant une augmentation des tarifs des cartes de recharge aupr\u00e8s des op\u00e9rateurs t\u00e9l\u00e9phoniques, les minist\u00e8res du Comm...","canonical":"https:\/\/www.webdo.tn\/fr\/actualite\/national\/augmentation-des-tarifs-des-cartes-de-recharge-certains-revendeurs-pointes-du-doigt\/201570\/","og_locale":"fr_FR","og_type":"article","og_title":"Augmentation des tarifs des cartes de recharge : Certains revendeurs point\u00e9s du doigt","og_description":"Suite \u00e0 une rumeur, qui s\u2019est propag\u00e9e concernant une augmentation des tarifs des cartes de recharge aupr\u00e8s des op\u00e9rateurs t\u00e9l\u00e9phoniques, les minist\u00e8res du Comm...","og_url":"https:\/\/www.webdo.tn\/fr\/actualite\/national\/augmentation-des-tarifs-des-cartes-de-recharge-certains-revendeurs-pointes-du-doigt\/201570\/","og_site_name":"webdo","article_publisher":"https:\/\/www.facebook.com\/webdotn","article_published_time":"2023-01-06T11:44:00+00:00","article_modified_time":"2025-05-20T22:06:43+00:00","og_image":[{"width":680,"height":363,"url":"https:\/\/www.webdo.tn\/fr\/wp-content\/uploads\/2023\/01\/4b2baed634015b26d19066e87a10d2a7.jpg","type":"image\/jpeg"}],"author":"MC","twitter_card":"summary_large_image","twitter_creator":"@webdo_tn","twitter_site":"@webdo_tn","twitter_misc":{"\u00c9crit par":"MC","Dur\u00e9e de lecture estim\u00e9e":"1 minute"},"schema":{"@context":"https:\/\/schema.org","@graph":[{"@type":"NewsArticle","@id":"https:\/\/www.webdo.tn\/fr\/actualite\/national\/augmentation-des-tarifs-des-cartes-de-recharge-certains-revendeurs-pointes-du-doigt\/201570\/#article","isPartOf":{"@id":"https:\/\/www.webdo.tn\/fr\/actualite\/national\/augmentation-des-tarifs-des-cartes-de-recharge-certains-revendeurs-pointes-du-doigt\/201570\/"},"author":{"name":"MC","@id":"https:\/\/www.webdo.tn\/fr\/#\/schema\/person\/2c4929cbf5a809e3bd38617c6ce150f6"},"headline":"Augmentation des tarifs des cartes de recharge : Certains revendeurs point\u00e9s du doigt","datePublished":"2023-01-06T11:44:00+00:00","dateModified":"2025-05-20T22:06:43+00:00","mainEntityOfPage":{"@id":"https:\/\/www.webdo.tn\/fr\/actualite\/national\/augmentation-des-tarifs-des-cartes-de-recharge-certains-revendeurs-pointes-du-doigt\/201570\/"},"wordCount":246,"commentCount":0,"publisher":{"@id":"https:\/\/www.webdo.tn\/fr\/#organization"},"image":{"@id":"https:\/\/www.webdo.tn\/fr\/actualite\/national\/augmentation-des-tarifs-des-cartes-de-recharge-certains-revendeurs-pointes-du-doigt\/201570\/#primaryimage"},"thumbnailUrl":"https:\/\/www.webdo.tn\/fr\/wp-content\/uploads\/2023\/01\/4b2baed634015b26d19066e87a10d2a7.jpg","keywords":["carte de recharge","rumeur","tarif","t\u00e9l\u00e9phonie"],"articleSection":["National"],"inLanguage":"fr-FR"},{"@type":"WebPage","@id":"https:\/\/www.webdo.tn\/fr\/actualite\/national\/augmentation-des-tarifs-des-cartes-de-recharge-certains-revendeurs-pointes-du-doigt\/201570\/","url":"https:\/\/www.webdo.tn\/fr\/actualite\/national\/augmentation-des-tarifs-des-cartes-de-recharge-certains-revendeurs-pointes-du-doigt\/201570\/","name":"Augmentation des tarifs des cartes de recharge : Certains revendeurs point\u00e9s du doigt","isPartOf":{"@id":"https:\/\/www.webdo.tn\/fr\/#website"},"primaryImageOfPage":{"@id":"https:\/\/www.webdo.tn\/fr\/actualite\/national\/augmentation-des-tarifs-des-cartes-de-recharge-certains-revendeurs-pointes-du-doigt\/201570\/#primaryimage"},"image":{"@id":"https:\/\/www.webdo.tn\/fr\/actualite\/national\/augmentation-des-tarifs-des-cartes-de-recharge-certains-revendeurs-pointes-du-doigt\/201570\/#primaryimage"},"thumbnailUrl":"https:\/\/www.webdo.tn\/fr\/wp-content\/uploads\/2023\/01\/4b2baed634015b26d19066e87a10d2a7.jpg","datePublished":"2023-01-06T11:44:00+00:00","dateModified":"2025-05-20T22:06:43+00:00","description":"Suite \u00e0 une rumeur, qui s\u2019est propag\u00e9e concernant une augmentation des tarifs des cartes de recharge aupr\u00e8s des op\u00e9rateurs t\u00e9l\u00e9phoniques, les minist\u00e8res du Comm...","breadcrumb":{"@id":"https:\/\/www.webdo.tn\/fr\/actualite\/national\/augmentation-des-tarifs-des-cartes-de-recharge-certains-revendeurs-pointes-du-doigt\/201570\/#breadcrumb"},"inLanguage":"fr-FR","potentialAction":[{"@type":"ReadAction","target":["https:\/\/www.webdo.tn\/fr\/actualite\/national\/augmentation-des-tarifs-des-cartes-de-recharge-certains-revendeurs-pointes-du-doigt\/201570\/"]}]},{"@type":"ImageObject","inLanguage":"fr-FR","@id":"https:\/\/www.webdo.tn\/fr\/actualite\/national\/augmentation-des-tarifs-des-cartes-de-recharge-certains-revendeurs-pointes-du-doigt\/201570\/#primaryimage","url":"https:\/\/www.webdo.tn\/fr\/wp-content\/uploads\/2023\/01\/4b2baed634015b26d19066e87a10d2a7.jpg","contentUrl":"https:\/\/www.webdo.tn\/fr\/wp-content\/uploads\/2023\/01\/4b2baed634015b26d19066e87a10d2a7.jpg","width":680,"height":363,"caption":"Augmentation des tarifs des cartes de recharge : Certains revendeurs point\u00e9s du doigt"},{"@type":"BreadcrumbList","@id":"https:\/\/www.webdo.tn\/fr\/actualite\/national\/augmentation-des-tarifs-des-cartes-de-recharge-certains-revendeurs-pointes-du-doigt\/201570\/#breadcrumb","itemListElement":[{"@type":"ListItem","position":1,"name":"Accueil","item":"https:\/\/www.webdo.tn\/fr\/"},{"@type":"ListItem","position":2,"name":"Augmentation des tarifs des cartes de recharge : Certains revendeurs point\u00e9s du doigt"}]},{"@type":"WebSite","@id":"https:\/\/www.webdo.tn\/fr\/#website","url":"https:\/\/www.webdo.tn\/fr\/","name":"webdo","description":"Tunisie - News en Tunisie et \u00e0 l&#039;international sur Webdo.tn","publisher":{"@id":"https:\/\/www.webdo.tn\/fr\/#organization"},"potentialAction":[{"@type":"SearchAction","target":{"@type":"EntryPoint","urlTemplate":"https:\/\/www.webdo.tn\/fr\/?s={search_term_string}"},"query-input":{"@type":"PropertyValueSpecification","valueRequired":true,"valueName":"search_term_string"}}],"inLanguage":"fr-FR"},{"@type":"Organization","@id":"https:\/\/www.webdo.tn\/fr\/#organization","name":"Webdo","alternateName":"Webdo.tn","url":"https:\/\/www.webdo.tn\/fr\/","logo":{"@type":"ImageObject","inLanguage":"fr-FR","@id":"https:\/\/www.webdo.tn\/fr\/#\/schema\/logo\/image\/","url":"https:\/\/www.webdo.tn\/fr\/wp-content\/uploads\/2025\/06\/Webdo-Tunisie_168377.jpg","contentUrl":"https:\/\/www.webdo.tn\/fr\/wp-content\/uploads\/2025\/06\/Webdo-Tunisie_168377.jpg","width":301,"height":301,"caption":"Webdo"},"image":{"@id":"https:\/\/www.webdo.tn\/fr\/#\/schema\/logo\/image\/"},"sameAs":["https:\/\/www.facebook.com\/webdotn","https:\/\/x.com\/webdo_tn"],"description":"Webdo est un m\u00e9dia num\u00e9rique tunisien fond\u00e9 en 2010, sp\u00e9cialis\u00e9 dans l\u2019actualit\u00e9 nationale et internationale, l\u2019\u00e9conomie, la soci\u00e9t\u00e9 et les analyses politiques. Le site s\u2019adresse \u00e0 un large public francophone et couvre l\u2019information tunisienne en temps r\u00e9el.","email":"redac@webdo.tn","legalName":"YNJ SARL","foundingDate":"2010-09-06","numberOfEmployees":{"@type":"QuantitativeValue","minValue":"11","maxValue":"50"}},{"@type":"Person","@id":"https:\/\/www.webdo.tn\/fr\/#\/schema\/person\/2c4929cbf5a809e3bd38617c6ce150f6","name":"MC","image":{"@type":"ImageObject","inLanguage":"fr-FR","@id":"https:\/\/secure.gravatar.com\/avatar\/a545bbb6f84efdd5553dbbc2895e3ca8f1d12c5215e00a041c9670b54aa9b18a?s=96&d=mm&r=g","url":"https:\/\/secure.gravatar.com\/avatar\/a545bbb6f84efdd5553dbbc2895e3ca8f1d12c5215e00a041c9670b54aa9b18a?s=96&d=mm&r=g","contentUrl":"https:\/\/secure.gravatar.com\/avatar\/a545bbb6f84efdd5553dbbc2895e3ca8f1d12c5215e00a041c9670b54aa9b18a?s=96&d=mm&r=g","caption":"MC"},"url":"https:\/\/www.webdo.tn\/fr\/actualite\/author\/mc\/"}]}},"_links":{"self":[{"href":"https:\/\/www.webdo.tn\/fr\/wp-json\/wp\/v2\/posts\/201570","targetHints":{"allow":["GET"]}}],"collection":[{"href":"https:\/\/www.webdo.tn\/fr\/wp-json\/wp\/v2\/posts"}],"about":[{"href":"https:\/\/www.webdo.tn\/fr\/wp-json\/wp\/v2\/types\/post"}],"author":[{"embeddable":true,"href":"https:\/\/www.webdo.tn\/fr\/wp-json\/wp\/v2\/users\/3162"}],"replies":[{"embeddable":true,"href":"https:\/\/www.webdo.tn\/fr\/wp-json\/wp\/v2\/comments?post=201570"}],"version-history":[{"count":0,"href":"https:\/\/www.webdo.tn\/fr\/wp-json\/wp\/v2\/posts\/201570\/revisions"}],"wp:featuredmedia":[{"embeddable":true,"href":"https:\/\/www.webdo.tn\/fr\/wp-json\/wp\/v2\/media\/277533"}],"wp:attachment":[{"href":"https:\/\/www.webdo.tn\/fr\/wp-json\/wp\/v2\/media?parent=201570"}],"wp:term":[{"taxonomy":"category","embeddable":true,"href":"https:\/\/www.webdo.tn\/fr\/wp-json\/wp\/v2\/categories?post=201570"},{"taxonomy":"post_tag","embeddable":true,"href":"https:\/\/www.webdo.tn\/fr\/wp-json\/wp\/v2\/tags?post=201570"}],"curies":[{"name":"wp","href":"https:\/\/api.w.org\/{rel}","templated":true}]}}