{"id":201559,"date":"2023-01-06T08:37:00","date_gmt":"2023-01-06T08:37:00","guid":{"rendered":"https:\/\/www.webdo.tn\/fr\/blog\/dans-nos-medinas-tahar-ben-moussa-herboriste-de-pere-en-fils\/201559\/"},"modified":"2023-01-06T08:37:00","modified_gmt":"2023-01-06T08:37:00","slug":"dans-nos-medinas-tahar-ben-moussa-herboriste-de-pere-en-fils","status":"publish","type":"post","link":"https:\/\/www.webdo.tn\/fr\/actualite\/chroniques\/dans-nos-medinas-tahar-ben-moussa-herboriste-de-pere-en-fils\/201559\/","title":{"rendered":"Dans nos m\u00e9dinas : Fathi Ben Moussa, herboriste de p\u00e8re en fils"},"content":{"rendered":"<p>Du c\u00f4t\u00e9 de Souk El Blat, les herboristes sont l\u00e9gion et proposent tisanes et autres d\u00e9coctions.<\/p>\n<p>\t\t\t\t\t\t\t\t\tIl faut d\u00e9ambuler dans le r\u00e9seau des ruelles alentour pour s&rsquo;impr\u00e9gner de ce qui fait la gr\u00e2ce si particuli\u00e8re de ces herboristes \u00e0 l&rsquo;ancienne.<\/p>\n<p>Des bouquets de feuilles et de branches s\u00e8chent en haut de la devanture des \u00e9choppes, des balais rudimentaires sont \u00e9galement accroch\u00e9s et pendent au-dessus d&rsquo;un v\u00e9ritable po\u00e8me \u00e0 la Pr\u00e9vert.<\/p>\n<p>Verveine, caroube, encens, pelures de grenade s\u00e9ch\u00e9es, gomme arabique, cam\u00e9l\u00e9ons ratatin\u00e9s, tortues vivantes, rem\u00e8des de rebouteux et onguents des quatre saisons.<\/p>\n<p>Certaines boutiques ressemblent \u00e0 s&rsquo;y m\u00e9prendre \u00e0 l&rsquo;antre d&rsquo;un magicien ou \u00e0 la tani\u00e8re secr\u00e8te d&rsquo;un sorcier. L&rsquo;impression d&rsquo;un univers insaisissable vous prend alors qu&rsquo;une noria de patients assaille les m\u00e9decins du peuple.<\/p>\n<p>Dans ce souk, la famille Ben Moussa a une place \u00e0 part. Depuis quasiment un si\u00e8cle, les g\u00e9n\u00e9rations se relaient et cultivent le savoir-faire de la m\u00e9decine par les plantes.<\/p>\n<p>Fathi Ben Moussa a une faconde rare. Il sait d\u00e9crire tout ce qui l&rsquo;entoure en d\u00e9bitant de v\u00e9ritables ordonnances. Avec une bonne humeur toujours contagieuse.<\/p>\n<p>Les plantes et leur usage th\u00e9rapeutique n&rsquo;ont pas de secret pour lui et il sait toutes les nommer en arabe et en fran\u00e7ais tout en sp\u00e9cifiant leurs vertus les plus m\u00e9connues.<\/p>\n<p>L&rsquo;\u00e9couter est toujours un plaisir doubl\u00e9 d&rsquo;un zeste d&rsquo;admiration pour son sens de l&rsquo;\u00e9coute, sa patience et sa p\u00e9dagogie.<\/p>\n<p>Dans ce souk El Blat qui s&rsquo;\u00e9tend jusqu&rsquo;aux ateliers des teinturiers, l&rsquo;ambiance est d&rsquo;une l\u00e9g\u00e8ret\u00e9 inou\u00efe m\u00eame si la pr\u00e9pond\u00e9rance des herboristes conna\u00eet \u00e0 la fois un regain et un recul.<\/p>\n<p>Regain parmi les nombreux \u00ab\u00a0patients\u00a0\u00bb d&rsquo;origine rurale et recul car plusieurs boutiques ferment et se convertissent en friperie ou en capharna\u00fcm de produits de contrefa\u00e7on.<\/p>\n<p>Chez Fathi Ben Moussa, l&rsquo;immuable est \u00e0 port\u00e9e de main et de parfum. Au point o\u00f9 on se croirait projet\u00e9 dans un tableau de Yahia ou Khayachi. Ici, la passion des herboristes revit en permanence et, comme ce qui est pr\u00e9cieux, elle transfigure les \u00eatres, les choses et le temps.<\/p>\n","protected":false},"excerpt":{"rendered":"<p>Du c\u00f4t\u00e9 de Souk El Blat, les herboristes sont l\u00e9gion et proposent tisanes et autres d\u00e9coctions.<\/p>\n","protected":false},"author":3229,"featured_media":252615,"comment_status":"open","ping_status":"closed","sticky":false,"template":"","format":"standard","meta":{"footnotes":""},"categories":[2596],"tags":[8882,3165,8884,2640],"class_list":["post-201559","post","type-post","status-publish","format-standard","has-post-thumbnail","hentry","category-chroniques","tag-herboriste","tag-medina","tag-tahar-ben-moussa","tag-tunis"],"yoast_head":"<!-- This site is optimized with the Yoast SEO Premium plugin v27.5 (Yoast SEO v27.5) - https:\/\/yoast.com\/product\/yoast-seo-premium-wordpress\/ -->\n<title>Dans nos m\u00e9dinas : Fathi Ben Moussa, herboriste de p\u00e8re en fils<\/title>\n<meta name=\"description\" content=\"Du c\u00f4t\u00e9 de Souk El Blat, les herboristes sont l\u00e9gion et proposent tisanes et autres d\u00e9coctions.\" \/>\n<link rel=\"canonical\" href=\"https:\/\/www.webdo.tn\/fr\/actualite\/chroniques\/dans-nos-medinas-tahar-ben-moussa-herboriste-de-pere-en-fils\/201559\/\" \/>\n<meta property=\"og:locale\" content=\"fr_FR\" \/>\n<meta property=\"og:type\" content=\"article\" \/>\n<meta property=\"og:title\" content=\"Dans nos m\u00e9dinas : Fathi Ben Moussa, herboriste de p\u00e8re en fils\" \/>\n<meta property=\"og:description\" content=\"Du c\u00f4t\u00e9 de Souk El Blat, les herboristes sont l\u00e9gion et proposent tisanes et autres d\u00e9coctions.\" \/>\n<meta property=\"og:url\" content=\"https:\/\/www.webdo.tn\/fr\/actualite\/chroniques\/dans-nos-medinas-tahar-ben-moussa-herboriste-de-pere-en-fils\/201559\/\" \/>\n<meta property=\"og:site_name\" content=\"webdo\" \/>\n<meta property=\"article:publisher\" content=\"https:\/\/www.facebook.com\/webdotn\" \/>\n<meta property=\"article:author\" content=\"https:\/\/www.facebook.com\/hatem.bourial.2025\" \/>\n<meta property=\"article:published_time\" content=\"2023-01-06T08:37:00+00:00\" \/>\n<meta property=\"og:image\" content=\"https:\/\/www.webdo.tn\/fr\/wp-content\/uploads\/2023\/01\/97b19147f1da31e73118dccdb8e858d3-1.jpg\" \/>\n\t<meta property=\"og:image:width\" content=\"750\" \/>\n\t<meta property=\"og:image:height\" content=\"400\" \/>\n\t<meta property=\"og:image:type\" content=\"image\/jpeg\" \/>\n<meta name=\"author\" content=\"Hatem Bourial\" \/>\n<meta name=\"twitter:card\" content=\"summary_large_image\" \/>\n<meta name=\"twitter:creator\" content=\"@webdo_tn\" \/>\n<meta name=\"twitter:site\" content=\"@webdo_tn\" \/>\n<meta name=\"twitter:label1\" content=\"\u00c9crit par\" \/>\n\t<meta name=\"twitter:data1\" content=\"Hatem Bourial\" \/>\n\t<meta name=\"twitter:label2\" content=\"Dur\u00e9e de lecture estim\u00e9e\" \/>\n\t<meta name=\"twitter:data2\" content=\"2 minutes\" \/>\n<script type=\"application\/ld+json\" class=\"yoast-schema-graph\">{\"@context\":\"https:\\\/\\\/schema.org\",\"@graph\":[{\"@type\":\"NewsArticle\",\"@id\":\"https:\\\/\\\/www.webdo.tn\\\/fr\\\/actualite\\\/chroniques\\\/dans-nos-medinas-tahar-ben-moussa-herboriste-de-pere-en-fils\\\/201559\\\/#article\",\"isPartOf\":{\"@id\":\"https:\\\/\\\/www.webdo.tn\\\/fr\\\/actualite\\\/chroniques\\\/dans-nos-medinas-tahar-ben-moussa-herboriste-de-pere-en-fils\\\/201559\\\/\"},\"author\":{\"name\":\"Hatem Bourial\",\"@id\":\"https:\\\/\\\/www.webdo.tn\\\/fr\\\/#\\\/schema\\\/person\\\/6bc0beba2cd23aec27cb5df85ca2554f\"},\"headline\":\"Dans nos m\u00e9dinas : Fathi Ben Moussa, herboriste de p\u00e8re en fils\",\"datePublished\":\"2023-01-06T08:37:00+00:00\",\"mainEntityOfPage\":{\"@id\":\"https:\\\/\\\/www.webdo.tn\\\/fr\\\/actualite\\\/chroniques\\\/dans-nos-medinas-tahar-ben-moussa-herboriste-de-pere-en-fils\\\/201559\\\/\"},\"wordCount\":408,\"commentCount\":0,\"publisher\":{\"@id\":\"https:\\\/\\\/www.webdo.tn\\\/fr\\\/#organization\"},\"image\":{\"@id\":\"https:\\\/\\\/www.webdo.tn\\\/fr\\\/actualite\\\/chroniques\\\/dans-nos-medinas-tahar-ben-moussa-herboriste-de-pere-en-fils\\\/201559\\\/#primaryimage\"},\"thumbnailUrl\":\"https:\\\/\\\/www.webdo.tn\\\/fr\\\/wp-content\\\/uploads\\\/2023\\\/01\\\/97b19147f1da31e73118dccdb8e858d3-1.jpg\",\"keywords\":[\"herboriste\",\"m\u00e9dina\",\"tahar ben moussa\",\"Tunis\"],\"articleSection\":[\"Chroniques\"],\"inLanguage\":\"fr-FR\"},{\"@type\":\"WebPage\",\"@id\":\"https:\\\/\\\/www.webdo.tn\\\/fr\\\/actualite\\\/chroniques\\\/dans-nos-medinas-tahar-ben-moussa-herboriste-de-pere-en-fils\\\/201559\\\/\",\"url\":\"https:\\\/\\\/www.webdo.tn\\\/fr\\\/actualite\\\/chroniques\\\/dans-nos-medinas-tahar-ben-moussa-herboriste-de-pere-en-fils\\\/201559\\\/\",\"name\":\"Dans nos m\u00e9dinas : Fathi Ben Moussa, herboriste de p\u00e8re en fils\",\"isPartOf\":{\"@id\":\"https:\\\/\\\/www.webdo.tn\\\/fr\\\/#website\"},\"primaryImageOfPage\":{\"@id\":\"https:\\\/\\\/www.webdo.tn\\\/fr\\\/actualite\\\/chroniques\\\/dans-nos-medinas-tahar-ben-moussa-herboriste-de-pere-en-fils\\\/201559\\\/#primaryimage\"},\"image\":{\"@id\":\"https:\\\/\\\/www.webdo.tn\\\/fr\\\/actualite\\\/chroniques\\\/dans-nos-medinas-tahar-ben-moussa-herboriste-de-pere-en-fils\\\/201559\\\/#primaryimage\"},\"thumbnailUrl\":\"https:\\\/\\\/www.webdo.tn\\\/fr\\\/wp-content\\\/uploads\\\/2023\\\/01\\\/97b19147f1da31e73118dccdb8e858d3-1.jpg\",\"datePublished\":\"2023-01-06T08:37:00+00:00\",\"description\":\"Du c\u00f4t\u00e9 de Souk El Blat, les herboristes sont l\u00e9gion et proposent tisanes et autres d\u00e9coctions.\",\"breadcrumb\":{\"@id\":\"https:\\\/\\\/www.webdo.tn\\\/fr\\\/actualite\\\/chroniques\\\/dans-nos-medinas-tahar-ben-moussa-herboriste-de-pere-en-fils\\\/201559\\\/#breadcrumb\"},\"inLanguage\":\"fr-FR\",\"potentialAction\":[{\"@type\":\"ReadAction\",\"target\":[\"https:\\\/\\\/www.webdo.tn\\\/fr\\\/actualite\\\/chroniques\\\/dans-nos-medinas-tahar-ben-moussa-herboriste-de-pere-en-fils\\\/201559\\\/\"]}]},{\"@type\":\"ImageObject\",\"inLanguage\":\"fr-FR\",\"@id\":\"https:\\\/\\\/www.webdo.tn\\\/fr\\\/actualite\\\/chroniques\\\/dans-nos-medinas-tahar-ben-moussa-herboriste-de-pere-en-fils\\\/201559\\\/#primaryimage\",\"url\":\"https:\\\/\\\/www.webdo.tn\\\/fr\\\/wp-content\\\/uploads\\\/2023\\\/01\\\/97b19147f1da31e73118dccdb8e858d3-1.jpg\",\"contentUrl\":\"https:\\\/\\\/www.webdo.tn\\\/fr\\\/wp-content\\\/uploads\\\/2023\\\/01\\\/97b19147f1da31e73118dccdb8e858d3-1.jpg\",\"width\":750,\"height\":400,\"caption\":\"Dans nos m\u00e9dinas : Fathi Ben Moussa, herboriste de p\u00e8re en fils\"},{\"@type\":\"BreadcrumbList\",\"@id\":\"https:\\\/\\\/www.webdo.tn\\\/fr\\\/actualite\\\/chroniques\\\/dans-nos-medinas-tahar-ben-moussa-herboriste-de-pere-en-fils\\\/201559\\\/#breadcrumb\",\"itemListElement\":[{\"@type\":\"ListItem\",\"position\":1,\"name\":\"Accueil\",\"item\":\"https:\\\/\\\/www.webdo.tn\\\/fr\\\/\"},{\"@type\":\"ListItem\",\"position\":2,\"name\":\"Dans nos m\u00e9dinas : Fathi Ben Moussa, herboriste de p\u00e8re en fils\"}]},{\"@type\":\"WebSite\",\"@id\":\"https:\\\/\\\/www.webdo.tn\\\/fr\\\/#website\",\"url\":\"https:\\\/\\\/www.webdo.tn\\\/fr\\\/\",\"name\":\"webdo\",\"description\":\"Tunisie - News en Tunisie et \u00e0 l&#039;international sur Webdo.tn\",\"publisher\":{\"@id\":\"https:\\\/\\\/www.webdo.tn\\\/fr\\\/#organization\"},\"potentialAction\":[{\"@type\":\"SearchAction\",\"target\":{\"@type\":\"EntryPoint\",\"urlTemplate\":\"https:\\\/\\\/www.webdo.tn\\\/fr\\\/?s={search_term_string}\"},\"query-input\":{\"@type\":\"PropertyValueSpecification\",\"valueRequired\":true,\"valueName\":\"search_term_string\"}}],\"inLanguage\":\"fr-FR\"},{\"@type\":\"Organization\",\"@id\":\"https:\\\/\\\/www.webdo.tn\\\/fr\\\/#organization\",\"name\":\"Webdo\",\"alternateName\":\"Webdo.tn\",\"url\":\"https:\\\/\\\/www.webdo.tn\\\/fr\\\/\",\"logo\":{\"@type\":\"ImageObject\",\"inLanguage\":\"fr-FR\",\"@id\":\"https:\\\/\\\/www.webdo.tn\\\/fr\\\/#\\\/schema\\\/logo\\\/image\\\/\",\"url\":\"https:\\\/\\\/www.webdo.tn\\\/fr\\\/wp-content\\\/uploads\\\/2025\\\/06\\\/Webdo-Tunisie_168377.jpg\",\"contentUrl\":\"https:\\\/\\\/www.webdo.tn\\\/fr\\\/wp-content\\\/uploads\\\/2025\\\/06\\\/Webdo-Tunisie_168377.jpg\",\"width\":301,\"height\":301,\"caption\":\"Webdo\"},\"image\":{\"@id\":\"https:\\\/\\\/www.webdo.tn\\\/fr\\\/#\\\/schema\\\/logo\\\/image\\\/\"},\"sameAs\":[\"https:\\\/\\\/www.facebook.com\\\/webdotn\",\"https:\\\/\\\/x.com\\\/webdo_tn\"],\"description\":\"Webdo est un m\u00e9dia num\u00e9rique tunisien fond\u00e9 en 2010, sp\u00e9cialis\u00e9 dans l\u2019actualit\u00e9 nationale et internationale, l\u2019\u00e9conomie, la soci\u00e9t\u00e9 et les analyses politiques. Le site s\u2019adresse \u00e0 un large public francophone et couvre l\u2019information tunisienne en temps r\u00e9el.\",\"email\":\"redac@webdo.tn\",\"legalName\":\"YNJ SARL\",\"foundingDate\":\"2010-09-06\",\"numberOfEmployees\":{\"@type\":\"QuantitativeValue\",\"minValue\":\"11\",\"maxValue\":\"50\"}},{\"@type\":\"Person\",\"@id\":\"https:\\\/\\\/www.webdo.tn\\\/fr\\\/#\\\/schema\\\/person\\\/6bc0beba2cd23aec27cb5df85ca2554f\",\"name\":\"Hatem Bourial\",\"image\":{\"@type\":\"ImageObject\",\"inLanguage\":\"fr-FR\",\"@id\":\"https:\\\/\\\/www.webdo.tn\\\/fr\\\/wp-content\\\/uploads\\\/2026\\\/04\\\/hatem-bourial_avatar-96x96.jpg\",\"url\":\"https:\\\/\\\/www.webdo.tn\\\/fr\\\/wp-content\\\/uploads\\\/2026\\\/04\\\/hatem-bourial_avatar-96x96.jpg\",\"contentUrl\":\"https:\\\/\\\/www.webdo.tn\\\/fr\\\/wp-content\\\/uploads\\\/2026\\\/04\\\/hatem-bourial_avatar-96x96.jpg\",\"caption\":\"Hatem Bourial\"},\"description\":\"Hatem Bourial est journaliste, \u00e9crivain et chroniqueur tunisien. Actif depuis plusieurs d\u00e9cennies, il s\u2019est impos\u00e9 comme un observateur attentif de la soci\u00e9t\u00e9 tunisienne, m\u00ealant dans ses \u00e9crits m\u00e9moire, culture et analyse du quotidien. Auteur de nombreux ouvrages, il d\u00e9veloppe une \u0153uvre \u00e0 la crois\u00e9e du r\u00e9cit, de la po\u00e9sie et de l\u2019observation sociologique. Parall\u00e8lement \u00e0 ses contributions dans la presse, il intervient r\u00e9guli\u00e8rement \u00e0 la radio et dans des espaces culturels, o\u00f9 il explore les enjeux li\u00e9s au patrimoine, \u00e0 l\u2019identit\u00e9 et aux transformations du monde contemporain. \u00c0 travers ses chroniques, Hatem Bourial propose une lecture sensible et approfondie de l\u2019actualit\u00e9, nourrie par une exp\u00e9rience journalistique et litt\u00e9raire reconnue. \ud83d\udd17 Facebook : https:\\\/\\\/www.facebook.com\\\/hatem.bourial.2025\",\"sameAs\":[\"https:\\\/\\\/www.facebook.com\\\/hatem.bourial.2025\",\"https:\\\/\\\/fr.wikipedia.org\\\/wiki\\\/Fichier:Hatem_Bourial.jpg\"],\"knowsAbout\":[\"Culture & patrimoine tunisien\",\"Chronique soci\u00e9tale\",\"Litt\u00e9rature & m\u00e9moire\",\"Cin\u00e9ma & critique culturelle\",\"Identit\u00e9 & mutations sociales\"],\"knowsLanguage\":[\"Arabe\",\"Fran\u00e7ais\",\"Anglais\",\"Italien\",\"Polonais\"],\"jobTitle\":\"Journaliste, \u00e9crivain et chroniqueur culturel\",\"worksFor\":\"Webdo\",\"url\":\"https:\\\/\\\/www.webdo.tn\\\/fr\\\/actualite\\\/author\\\/hatem-bourial-2\\\/\"}]}<\/script>\n<!-- \/ Yoast SEO Premium plugin. -->","yoast_head_json":{"title":"Dans nos m\u00e9dinas : Fathi Ben Moussa, herboriste de p\u00e8re en fils","description":"Du c\u00f4t\u00e9 de Souk El Blat, les herboristes sont l\u00e9gion et proposent tisanes et autres d\u00e9coctions.","canonical":"https:\/\/www.webdo.tn\/fr\/actualite\/chroniques\/dans-nos-medinas-tahar-ben-moussa-herboriste-de-pere-en-fils\/201559\/","og_locale":"fr_FR","og_type":"article","og_title":"Dans nos m\u00e9dinas : Fathi Ben Moussa, herboriste de p\u00e8re en fils","og_description":"Du c\u00f4t\u00e9 de Souk El Blat, les herboristes sont l\u00e9gion et proposent tisanes et autres d\u00e9coctions.","og_url":"https:\/\/www.webdo.tn\/fr\/actualite\/chroniques\/dans-nos-medinas-tahar-ben-moussa-herboriste-de-pere-en-fils\/201559\/","og_site_name":"webdo","article_publisher":"https:\/\/www.facebook.com\/webdotn","article_author":"https:\/\/www.facebook.com\/hatem.bourial.2025","article_published_time":"2023-01-06T08:37:00+00:00","og_image":[{"width":750,"height":400,"url":"https:\/\/www.webdo.tn\/fr\/wp-content\/uploads\/2023\/01\/97b19147f1da31e73118dccdb8e858d3-1.jpg","type":"image\/jpeg"}],"author":"Hatem Bourial","twitter_card":"summary_large_image","twitter_creator":"@webdo_tn","twitter_site":"@webdo_tn","twitter_misc":{"\u00c9crit par":"Hatem Bourial","Dur\u00e9e de lecture estim\u00e9e":"2 minutes"},"schema":{"@context":"https:\/\/schema.org","@graph":[{"@type":"NewsArticle","@id":"https:\/\/www.webdo.tn\/fr\/actualite\/chroniques\/dans-nos-medinas-tahar-ben-moussa-herboriste-de-pere-en-fils\/201559\/#article","isPartOf":{"@id":"https:\/\/www.webdo.tn\/fr\/actualite\/chroniques\/dans-nos-medinas-tahar-ben-moussa-herboriste-de-pere-en-fils\/201559\/"},"author":{"name":"Hatem Bourial","@id":"https:\/\/www.webdo.tn\/fr\/#\/schema\/person\/6bc0beba2cd23aec27cb5df85ca2554f"},"headline":"Dans nos m\u00e9dinas : Fathi Ben Moussa, herboriste de p\u00e8re en fils","datePublished":"2023-01-06T08:37:00+00:00","mainEntityOfPage":{"@id":"https:\/\/www.webdo.tn\/fr\/actualite\/chroniques\/dans-nos-medinas-tahar-ben-moussa-herboriste-de-pere-en-fils\/201559\/"},"wordCount":408,"commentCount":0,"publisher":{"@id":"https:\/\/www.webdo.tn\/fr\/#organization"},"image":{"@id":"https:\/\/www.webdo.tn\/fr\/actualite\/chroniques\/dans-nos-medinas-tahar-ben-moussa-herboriste-de-pere-en-fils\/201559\/#primaryimage"},"thumbnailUrl":"https:\/\/www.webdo.tn\/fr\/wp-content\/uploads\/2023\/01\/97b19147f1da31e73118dccdb8e858d3-1.jpg","keywords":["herboriste","m\u00e9dina","tahar ben moussa","Tunis"],"articleSection":["Chroniques"],"inLanguage":"fr-FR"},{"@type":"WebPage","@id":"https:\/\/www.webdo.tn\/fr\/actualite\/chroniques\/dans-nos-medinas-tahar-ben-moussa-herboriste-de-pere-en-fils\/201559\/","url":"https:\/\/www.webdo.tn\/fr\/actualite\/chroniques\/dans-nos-medinas-tahar-ben-moussa-herboriste-de-pere-en-fils\/201559\/","name":"Dans nos m\u00e9dinas : Fathi Ben Moussa, herboriste de p\u00e8re en fils","isPartOf":{"@id":"https:\/\/www.webdo.tn\/fr\/#website"},"primaryImageOfPage":{"@id":"https:\/\/www.webdo.tn\/fr\/actualite\/chroniques\/dans-nos-medinas-tahar-ben-moussa-herboriste-de-pere-en-fils\/201559\/#primaryimage"},"image":{"@id":"https:\/\/www.webdo.tn\/fr\/actualite\/chroniques\/dans-nos-medinas-tahar-ben-moussa-herboriste-de-pere-en-fils\/201559\/#primaryimage"},"thumbnailUrl":"https:\/\/www.webdo.tn\/fr\/wp-content\/uploads\/2023\/01\/97b19147f1da31e73118dccdb8e858d3-1.jpg","datePublished":"2023-01-06T08:37:00+00:00","description":"Du c\u00f4t\u00e9 de Souk El Blat, les herboristes sont l\u00e9gion et proposent tisanes et autres d\u00e9coctions.","breadcrumb":{"@id":"https:\/\/www.webdo.tn\/fr\/actualite\/chroniques\/dans-nos-medinas-tahar-ben-moussa-herboriste-de-pere-en-fils\/201559\/#breadcrumb"},"inLanguage":"fr-FR","potentialAction":[{"@type":"ReadAction","target":["https:\/\/www.webdo.tn\/fr\/actualite\/chroniques\/dans-nos-medinas-tahar-ben-moussa-herboriste-de-pere-en-fils\/201559\/"]}]},{"@type":"ImageObject","inLanguage":"fr-FR","@id":"https:\/\/www.webdo.tn\/fr\/actualite\/chroniques\/dans-nos-medinas-tahar-ben-moussa-herboriste-de-pere-en-fils\/201559\/#primaryimage","url":"https:\/\/www.webdo.tn\/fr\/wp-content\/uploads\/2023\/01\/97b19147f1da31e73118dccdb8e858d3-1.jpg","contentUrl":"https:\/\/www.webdo.tn\/fr\/wp-content\/uploads\/2023\/01\/97b19147f1da31e73118dccdb8e858d3-1.jpg","width":750,"height":400,"caption":"Dans nos m\u00e9dinas : Fathi Ben Moussa, herboriste de p\u00e8re en fils"},{"@type":"BreadcrumbList","@id":"https:\/\/www.webdo.tn\/fr\/actualite\/chroniques\/dans-nos-medinas-tahar-ben-moussa-herboriste-de-pere-en-fils\/201559\/#breadcrumb","itemListElement":[{"@type":"ListItem","position":1,"name":"Accueil","item":"https:\/\/www.webdo.tn\/fr\/"},{"@type":"ListItem","position":2,"name":"Dans nos m\u00e9dinas : Fathi Ben Moussa, herboriste de p\u00e8re en fils"}]},{"@type":"WebSite","@id":"https:\/\/www.webdo.tn\/fr\/#website","url":"https:\/\/www.webdo.tn\/fr\/","name":"webdo","description":"Tunisie - News en Tunisie et \u00e0 l&#039;international sur Webdo.tn","publisher":{"@id":"https:\/\/www.webdo.tn\/fr\/#organization"},"potentialAction":[{"@type":"SearchAction","target":{"@type":"EntryPoint","urlTemplate":"https:\/\/www.webdo.tn\/fr\/?s={search_term_string}"},"query-input":{"@type":"PropertyValueSpecification","valueRequired":true,"valueName":"search_term_string"}}],"inLanguage":"fr-FR"},{"@type":"Organization","@id":"https:\/\/www.webdo.tn\/fr\/#organization","name":"Webdo","alternateName":"Webdo.tn","url":"https:\/\/www.webdo.tn\/fr\/","logo":{"@type":"ImageObject","inLanguage":"fr-FR","@id":"https:\/\/www.webdo.tn\/fr\/#\/schema\/logo\/image\/","url":"https:\/\/www.webdo.tn\/fr\/wp-content\/uploads\/2025\/06\/Webdo-Tunisie_168377.jpg","contentUrl":"https:\/\/www.webdo.tn\/fr\/wp-content\/uploads\/2025\/06\/Webdo-Tunisie_168377.jpg","width":301,"height":301,"caption":"Webdo"},"image":{"@id":"https:\/\/www.webdo.tn\/fr\/#\/schema\/logo\/image\/"},"sameAs":["https:\/\/www.facebook.com\/webdotn","https:\/\/x.com\/webdo_tn"],"description":"Webdo est un m\u00e9dia num\u00e9rique tunisien fond\u00e9 en 2010, sp\u00e9cialis\u00e9 dans l\u2019actualit\u00e9 nationale et internationale, l\u2019\u00e9conomie, la soci\u00e9t\u00e9 et les analyses politiques. Le site s\u2019adresse \u00e0 un large public francophone et couvre l\u2019information tunisienne en temps r\u00e9el.","email":"redac@webdo.tn","legalName":"YNJ SARL","foundingDate":"2010-09-06","numberOfEmployees":{"@type":"QuantitativeValue","minValue":"11","maxValue":"50"}},{"@type":"Person","@id":"https:\/\/www.webdo.tn\/fr\/#\/schema\/person\/6bc0beba2cd23aec27cb5df85ca2554f","name":"Hatem Bourial","image":{"@type":"ImageObject","inLanguage":"fr-FR","@id":"https:\/\/www.webdo.tn\/fr\/wp-content\/uploads\/2026\/04\/hatem-bourial_avatar-96x96.jpg","url":"https:\/\/www.webdo.tn\/fr\/wp-content\/uploads\/2026\/04\/hatem-bourial_avatar-96x96.jpg","contentUrl":"https:\/\/www.webdo.tn\/fr\/wp-content\/uploads\/2026\/04\/hatem-bourial_avatar-96x96.jpg","caption":"Hatem Bourial"},"description":"Hatem Bourial est journaliste, \u00e9crivain et chroniqueur tunisien. Actif depuis plusieurs d\u00e9cennies, il s\u2019est impos\u00e9 comme un observateur attentif de la soci\u00e9t\u00e9 tunisienne, m\u00ealant dans ses \u00e9crits m\u00e9moire, culture et analyse du quotidien. Auteur de nombreux ouvrages, il d\u00e9veloppe une \u0153uvre \u00e0 la crois\u00e9e du r\u00e9cit, de la po\u00e9sie et de l\u2019observation sociologique. Parall\u00e8lement \u00e0 ses contributions dans la presse, il intervient r\u00e9guli\u00e8rement \u00e0 la radio et dans des espaces culturels, o\u00f9 il explore les enjeux li\u00e9s au patrimoine, \u00e0 l\u2019identit\u00e9 et aux transformations du monde contemporain. \u00c0 travers ses chroniques, Hatem Bourial propose une lecture sensible et approfondie de l\u2019actualit\u00e9, nourrie par une exp\u00e9rience journalistique et litt\u00e9raire reconnue. \ud83d\udd17 Facebook : https:\/\/www.facebook.com\/hatem.bourial.2025","sameAs":["https:\/\/www.facebook.com\/hatem.bourial.2025","https:\/\/fr.wikipedia.org\/wiki\/Fichier:Hatem_Bourial.jpg"],"knowsAbout":["Culture & patrimoine tunisien","Chronique soci\u00e9tale","Litt\u00e9rature & m\u00e9moire","Cin\u00e9ma & critique culturelle","Identit\u00e9 & mutations sociales"],"knowsLanguage":["Arabe","Fran\u00e7ais","Anglais","Italien","Polonais"],"jobTitle":"Journaliste, \u00e9crivain et chroniqueur culturel","worksFor":"Webdo","url":"https:\/\/www.webdo.tn\/fr\/actualite\/author\/hatem-bourial-2\/"}]}},"_links":{"self":[{"href":"https:\/\/www.webdo.tn\/fr\/wp-json\/wp\/v2\/posts\/201559","targetHints":{"allow":["GET"]}}],"collection":[{"href":"https:\/\/www.webdo.tn\/fr\/wp-json\/wp\/v2\/posts"}],"about":[{"href":"https:\/\/www.webdo.tn\/fr\/wp-json\/wp\/v2\/types\/post"}],"author":[{"embeddable":true,"href":"https:\/\/www.webdo.tn\/fr\/wp-json\/wp\/v2\/users\/3229"}],"replies":[{"embeddable":true,"href":"https:\/\/www.webdo.tn\/fr\/wp-json\/wp\/v2\/comments?post=201559"}],"version-history":[{"count":0,"href":"https:\/\/www.webdo.tn\/fr\/wp-json\/wp\/v2\/posts\/201559\/revisions"}],"wp:featuredmedia":[{"embeddable":true,"href":"https:\/\/www.webdo.tn\/fr\/wp-json\/wp\/v2\/media\/252615"}],"wp:attachment":[{"href":"https:\/\/www.webdo.tn\/fr\/wp-json\/wp\/v2\/media?parent=201559"}],"wp:term":[{"taxonomy":"category","embeddable":true,"href":"https:\/\/www.webdo.tn\/fr\/wp-json\/wp\/v2\/categories?post=201559"},{"taxonomy":"post_tag","embeddable":true,"href":"https:\/\/www.webdo.tn\/fr\/wp-json\/wp\/v2\/tags?post=201559"}],"curies":[{"name":"wp","href":"https:\/\/api.w.org\/{rel}","templated":true}]}}