{"id":201546,"date":"2023-01-05T18:41:00","date_gmt":"2023-01-05T18:41:00","guid":{"rendered":"https:\/\/www.webdo.tn\/fr\/blog\/vers-une-greve-generale-dans-la-fonction-publique\/201546\/"},"modified":"2025-05-22T11:39:05","modified_gmt":"2025-05-22T11:39:05","slug":"vers-une-greve-generale-dans-la-fonction-publique","status":"publish","type":"post","link":"https:\/\/www.webdo.tn\/fr\/actualite\/national\/vers-une-greve-generale-dans-la-fonction-publique\/201546\/","title":{"rendered":"Vers une gr\u00e8ve g\u00e9n\u00e9rale dans la fonction publique"},"content":{"rendered":"<p>Le groupement de la fonction publique relevant de l&rsquo;union g\u00e9n\u00e9rale tunisienne du travail (UGTT) a recommand\u00e9 au bureau ex\u00e9cutif de la centrale syndicale, de d\u00e9cider une gr\u00e8ve g\u00e9n\u00e9rale dans la fonction publique.<\/p>\n<p> Dans un communiqu\u00e9 publi\u00e9, ce jeudi 5 janvier 2022, le groupement de la fonction publique \u00e0 expliqu\u00e9 que cette gr\u00e8ve sera d\u00e9cr\u00e9t\u00e9e pour protester contre le report de l&rsquo;application de l&rsquo;accord du 6 f\u00e9vrier 2021. Il y est aussi \u00e9tat de l&rsquo;organisation des mouvements de protestation sectorielle dans la fonction publique jusqu&rsquo;\u00e0 la place de la Kasbah.<\/p>\n<p>Le groupement a exprim\u00e9 son attachement \u00e0 appliquer l&rsquo;accord du 6 f\u00e9vrier 2021 selon les termes mentionn\u00e9s dans l&rsquo;accord du 14 septembre 2022 et sign\u00e9 par le gouvernement actuel et la centrale syndicale. Tout\u00a0nouveau report de l&rsquo;application de cet accord sera donc rejet\u00e9.<\/p>\n<p>Dans le m\u00eame communiqu\u00e9, le groupement de la fonction publique a appel\u00e9 le gouvernement \u00e0 annuler imm\u00e9diatement les deux circulaires 20 et 21 qui sont en infraction avec le droit de n\u00e9gociation entre la partie syndicale et le gouvernement.<\/p>\n","protected":false},"excerpt":{"rendered":"<p>Le groupement de la fonction publique relevant de l&rsquo;union g\u00e9n\u00e9rale tunisienne du travail (UGTT) a recommand\u00e9 au bureau ex\u00e9cutif de la centrale syndicale, de d\u00e9c&#8230;<\/p>\n","protected":false},"author":3195,"featured_media":252622,"comment_status":"open","ping_status":"closed","sticky":false,"template":"","format":"standard","meta":{"footnotes":""},"categories":[44],"tags":[3467,2782,2796,2608,2649],"class_list":["post-201546","post","type-post","status-publish","format-standard","has-post-thumbnail","hentry","category-national","tag-fonction-publique","tag-greve-generale","tag-protestation","tag-tunisie","tag-ugtt"],"yoast_head":"<!-- This site is optimized with the Yoast SEO Premium plugin v27.4 (Yoast SEO v27.5) - https:\/\/yoast.com\/product\/yoast-seo-premium-wordpress\/ -->\n<title>Vers une gr\u00e8ve g\u00e9n\u00e9rale dans la fonction publique<\/title>\n<meta name=\"description\" content=\"Le groupement de la fonction publique relevant de l&#039;union g\u00e9n\u00e9rale tunisienne du travail (UGTT) a recommand\u00e9 au bureau ex\u00e9cutif de la centrale syndicale, de d\u00e9c...\" \/>\n<link rel=\"canonical\" href=\"https:\/\/www.webdo.tn\/fr\/actualite\/national-45\/vers-une-greve-generale-dans-la-fonction-publique\/201546\/\" \/>\n<meta property=\"og:locale\" content=\"fr_FR\" \/>\n<meta property=\"og:type\" content=\"article\" \/>\n<meta property=\"og:title\" content=\"Vers une gr\u00e8ve g\u00e9n\u00e9rale dans la fonction publique\" \/>\n<meta property=\"og:description\" content=\"Le groupement de la fonction publique relevant de l&#039;union g\u00e9n\u00e9rale tunisienne du travail (UGTT) a recommand\u00e9 au bureau ex\u00e9cutif de la centrale syndicale, de d\u00e9c...\" \/>\n<meta property=\"og:url\" content=\"https:\/\/www.webdo.tn\/fr\/actualite\/national-45\/vers-une-greve-generale-dans-la-fonction-publique\/201546\/\" \/>\n<meta property=\"og:site_name\" content=\"webdo\" \/>\n<meta property=\"article:publisher\" content=\"https:\/\/www.facebook.com\/webdotn\" \/>\n<meta property=\"article:published_time\" content=\"2023-01-05T18:41:00+00:00\" \/>\n<meta property=\"article:modified_time\" content=\"2025-05-22T11:39:05+00:00\" \/>\n<meta property=\"og:image\" content=\"https:\/\/www.webdo.tn\/fr\/wp-content\/uploads\/2023\/01\/316133e3a36b4681cb7c414b3eb53803.jpg\" \/>\n\t<meta property=\"og:image:width\" content=\"750\" \/>\n\t<meta property=\"og:image:height\" content=\"400\" \/>\n\t<meta property=\"og:image:type\" content=\"image\/jpeg\" \/>\n<meta name=\"author\" content=\"NJ\" \/>\n<meta name=\"twitter:card\" content=\"summary_large_image\" \/>\n<meta name=\"twitter:creator\" content=\"@webdo_tn\" \/>\n<meta name=\"twitter:site\" content=\"@webdo_tn\" \/>\n<meta name=\"twitter:label1\" content=\"\u00c9crit par\" \/>\n\t<meta name=\"twitter:data1\" content=\"NJ\" \/>\n\t<meta name=\"twitter:label2\" content=\"Dur\u00e9e de lecture estim\u00e9e\" \/>\n\t<meta name=\"twitter:data2\" content=\"1 minute\" \/>\n<script type=\"application\/ld+json\" class=\"yoast-schema-graph\">{\"@context\":\"https:\\\/\\\/schema.org\",\"@graph\":[{\"@type\":\"NewsArticle\",\"@id\":\"https:\\\/\\\/www.webdo.tn\\\/fr\\\/actualite\\\/national-45\\\/vers-une-greve-generale-dans-la-fonction-publique\\\/201546\\\/#article\",\"isPartOf\":{\"@id\":\"https:\\\/\\\/www.webdo.tn\\\/fr\\\/actualite\\\/national-45\\\/vers-une-greve-generale-dans-la-fonction-publique\\\/201546\\\/\"},\"author\":{\"name\":\"NJ\",\"@id\":\"https:\\\/\\\/www.webdo.tn\\\/fr\\\/#\\\/schema\\\/person\\\/646f7c4406ab78299805d9d39b2636d8\"},\"headline\":\"Vers une gr\u00e8ve g\u00e9n\u00e9rale dans la fonction publique\",\"datePublished\":\"2023-01-05T18:41:00+00:00\",\"dateModified\":\"2025-05-22T11:39:05+00:00\",\"mainEntityOfPage\":{\"@id\":\"https:\\\/\\\/www.webdo.tn\\\/fr\\\/actualite\\\/national-45\\\/vers-une-greve-generale-dans-la-fonction-publique\\\/201546\\\/\"},\"wordCount\":194,\"commentCount\":0,\"publisher\":{\"@id\":\"https:\\\/\\\/www.webdo.tn\\\/fr\\\/#organization\"},\"image\":{\"@id\":\"https:\\\/\\\/www.webdo.tn\\\/fr\\\/actualite\\\/national-45\\\/vers-une-greve-generale-dans-la-fonction-publique\\\/201546\\\/#primaryimage\"},\"thumbnailUrl\":\"https:\\\/\\\/www.webdo.tn\\\/fr\\\/wp-content\\\/uploads\\\/2023\\\/01\\\/316133e3a36b4681cb7c414b3eb53803.jpg\",\"keywords\":[\"fonction publique\",\"Gr\u00e8ve g\u00e9n\u00e9rale\",\"protestation\",\"Tunisie\",\"UGTT\"],\"articleSection\":[\"National\"],\"inLanguage\":\"fr-FR\"},{\"@type\":\"WebPage\",\"@id\":\"https:\\\/\\\/www.webdo.tn\\\/fr\\\/actualite\\\/national-45\\\/vers-une-greve-generale-dans-la-fonction-publique\\\/201546\\\/\",\"url\":\"https:\\\/\\\/www.webdo.tn\\\/fr\\\/actualite\\\/national-45\\\/vers-une-greve-generale-dans-la-fonction-publique\\\/201546\\\/\",\"name\":\"Vers une gr\u00e8ve g\u00e9n\u00e9rale dans la fonction publique\",\"isPartOf\":{\"@id\":\"https:\\\/\\\/www.webdo.tn\\\/fr\\\/#website\"},\"primaryImageOfPage\":{\"@id\":\"https:\\\/\\\/www.webdo.tn\\\/fr\\\/actualite\\\/national-45\\\/vers-une-greve-generale-dans-la-fonction-publique\\\/201546\\\/#primaryimage\"},\"image\":{\"@id\":\"https:\\\/\\\/www.webdo.tn\\\/fr\\\/actualite\\\/national-45\\\/vers-une-greve-generale-dans-la-fonction-publique\\\/201546\\\/#primaryimage\"},\"thumbnailUrl\":\"https:\\\/\\\/www.webdo.tn\\\/fr\\\/wp-content\\\/uploads\\\/2023\\\/01\\\/316133e3a36b4681cb7c414b3eb53803.jpg\",\"datePublished\":\"2023-01-05T18:41:00+00:00\",\"dateModified\":\"2025-05-22T11:39:05+00:00\",\"description\":\"Le groupement de la fonction publique relevant de l'union g\u00e9n\u00e9rale tunisienne du travail (UGTT) a recommand\u00e9 au bureau ex\u00e9cutif de la centrale syndicale, de d\u00e9c...\",\"breadcrumb\":{\"@id\":\"https:\\\/\\\/www.webdo.tn\\\/fr\\\/actualite\\\/national-45\\\/vers-une-greve-generale-dans-la-fonction-publique\\\/201546\\\/#breadcrumb\"},\"inLanguage\":\"fr-FR\",\"potentialAction\":[{\"@type\":\"ReadAction\",\"target\":[\"https:\\\/\\\/www.webdo.tn\\\/fr\\\/actualite\\\/national-45\\\/vers-une-greve-generale-dans-la-fonction-publique\\\/201546\\\/\"]}]},{\"@type\":\"ImageObject\",\"inLanguage\":\"fr-FR\",\"@id\":\"https:\\\/\\\/www.webdo.tn\\\/fr\\\/actualite\\\/national-45\\\/vers-une-greve-generale-dans-la-fonction-publique\\\/201546\\\/#primaryimage\",\"url\":\"https:\\\/\\\/www.webdo.tn\\\/fr\\\/wp-content\\\/uploads\\\/2023\\\/01\\\/316133e3a36b4681cb7c414b3eb53803.jpg\",\"contentUrl\":\"https:\\\/\\\/www.webdo.tn\\\/fr\\\/wp-content\\\/uploads\\\/2023\\\/01\\\/316133e3a36b4681cb7c414b3eb53803.jpg\",\"width\":750,\"height\":400,\"caption\":\"Vers une gr\u00e8ve g\u00e9n\u00e9rale dans la fonction publique\"},{\"@type\":\"BreadcrumbList\",\"@id\":\"https:\\\/\\\/www.webdo.tn\\\/fr\\\/actualite\\\/national-45\\\/vers-une-greve-generale-dans-la-fonction-publique\\\/201546\\\/#breadcrumb\",\"itemListElement\":[{\"@type\":\"ListItem\",\"position\":1,\"name\":\"Accueil\",\"item\":\"https:\\\/\\\/www.webdo.tn\\\/fr\\\/\"},{\"@type\":\"ListItem\",\"position\":2,\"name\":\"Vers une gr\u00e8ve g\u00e9n\u00e9rale dans la fonction publique\"}]},{\"@type\":\"WebSite\",\"@id\":\"https:\\\/\\\/www.webdo.tn\\\/fr\\\/#website\",\"url\":\"https:\\\/\\\/www.webdo.tn\\\/fr\\\/\",\"name\":\"webdo\",\"description\":\"Tunisie - News en Tunisie et \u00e0 l&#039;international sur Webdo.tn\",\"publisher\":{\"@id\":\"https:\\\/\\\/www.webdo.tn\\\/fr\\\/#organization\"},\"potentialAction\":[{\"@type\":\"SearchAction\",\"target\":{\"@type\":\"EntryPoint\",\"urlTemplate\":\"https:\\\/\\\/www.webdo.tn\\\/fr\\\/?s={search_term_string}\"},\"query-input\":{\"@type\":\"PropertyValueSpecification\",\"valueRequired\":true,\"valueName\":\"search_term_string\"}}],\"inLanguage\":\"fr-FR\"},{\"@type\":\"Organization\",\"@id\":\"https:\\\/\\\/www.webdo.tn\\\/fr\\\/#organization\",\"name\":\"Webdo\",\"alternateName\":\"Webdo.tn\",\"url\":\"https:\\\/\\\/www.webdo.tn\\\/fr\\\/\",\"logo\":{\"@type\":\"ImageObject\",\"inLanguage\":\"fr-FR\",\"@id\":\"https:\\\/\\\/www.webdo.tn\\\/fr\\\/#\\\/schema\\\/logo\\\/image\\\/\",\"url\":\"https:\\\/\\\/www.webdo.tn\\\/fr\\\/wp-content\\\/uploads\\\/2025\\\/06\\\/Webdo-Tunisie_168377.jpg\",\"contentUrl\":\"https:\\\/\\\/www.webdo.tn\\\/fr\\\/wp-content\\\/uploads\\\/2025\\\/06\\\/Webdo-Tunisie_168377.jpg\",\"width\":301,\"height\":301,\"caption\":\"Webdo\"},\"image\":{\"@id\":\"https:\\\/\\\/www.webdo.tn\\\/fr\\\/#\\\/schema\\\/logo\\\/image\\\/\"},\"sameAs\":[\"https:\\\/\\\/www.facebook.com\\\/webdotn\",\"https:\\\/\\\/x.com\\\/webdo_tn\"],\"description\":\"Webdo est un m\u00e9dia num\u00e9rique tunisien fond\u00e9 en 2010, sp\u00e9cialis\u00e9 dans l\u2019actualit\u00e9 nationale et internationale, l\u2019\u00e9conomie, la soci\u00e9t\u00e9 et les analyses politiques. Le site s\u2019adresse \u00e0 un large public francophone et couvre l\u2019information tunisienne en temps r\u00e9el.\",\"email\":\"redac@webdo.tn\",\"legalName\":\"YNJ SARL\",\"foundingDate\":\"2010-09-06\",\"numberOfEmployees\":{\"@type\":\"QuantitativeValue\",\"minValue\":\"11\",\"maxValue\":\"50\"}},{\"@type\":\"Person\",\"@id\":\"https:\\\/\\\/www.webdo.tn\\\/fr\\\/#\\\/schema\\\/person\\\/646f7c4406ab78299805d9d39b2636d8\",\"name\":\"NJ\",\"image\":{\"@type\":\"ImageObject\",\"inLanguage\":\"fr-FR\",\"@id\":\"https:\\\/\\\/secure.gravatar.com\\\/avatar\\\/57ee8a7cee8271948beede1dd4413f641d3b749a42dfabf45a3352af812389e1?s=96&d=mm&r=g\",\"url\":\"https:\\\/\\\/secure.gravatar.com\\\/avatar\\\/57ee8a7cee8271948beede1dd4413f641d3b749a42dfabf45a3352af812389e1?s=96&d=mm&r=g\",\"contentUrl\":\"https:\\\/\\\/secure.gravatar.com\\\/avatar\\\/57ee8a7cee8271948beede1dd4413f641d3b749a42dfabf45a3352af812389e1?s=96&d=mm&r=g\",\"caption\":\"NJ\"},\"url\":\"https:\\\/\\\/www.webdo.tn\\\/fr\\\/actualite\\\/author\\\/nj\\\/\"}]}<\/script>\n<!-- \/ Yoast SEO Premium plugin. -->","yoast_head_json":{"title":"Vers une gr\u00e8ve g\u00e9n\u00e9rale dans la fonction publique","description":"Le groupement de la fonction publique relevant de l'union g\u00e9n\u00e9rale tunisienne du travail (UGTT) a recommand\u00e9 au bureau ex\u00e9cutif de la centrale syndicale, de d\u00e9c...","canonical":"https:\/\/www.webdo.tn\/fr\/actualite\/national-45\/vers-une-greve-generale-dans-la-fonction-publique\/201546\/","og_locale":"fr_FR","og_type":"article","og_title":"Vers une gr\u00e8ve g\u00e9n\u00e9rale dans la fonction publique","og_description":"Le groupement de la fonction publique relevant de l'union g\u00e9n\u00e9rale tunisienne du travail (UGTT) a recommand\u00e9 au bureau ex\u00e9cutif de la centrale syndicale, de d\u00e9c...","og_url":"https:\/\/www.webdo.tn\/fr\/actualite\/national-45\/vers-une-greve-generale-dans-la-fonction-publique\/201546\/","og_site_name":"webdo","article_publisher":"https:\/\/www.facebook.com\/webdotn","article_published_time":"2023-01-05T18:41:00+00:00","article_modified_time":"2025-05-22T11:39:05+00:00","og_image":[{"width":750,"height":400,"url":"https:\/\/www.webdo.tn\/fr\/wp-content\/uploads\/2023\/01\/316133e3a36b4681cb7c414b3eb53803.jpg","type":"image\/jpeg"}],"author":"NJ","twitter_card":"summary_large_image","twitter_creator":"@webdo_tn","twitter_site":"@webdo_tn","twitter_misc":{"\u00c9crit par":"NJ","Dur\u00e9e de lecture estim\u00e9e":"1 minute"},"schema":{"@context":"https:\/\/schema.org","@graph":[{"@type":"NewsArticle","@id":"https:\/\/www.webdo.tn\/fr\/actualite\/national-45\/vers-une-greve-generale-dans-la-fonction-publique\/201546\/#article","isPartOf":{"@id":"https:\/\/www.webdo.tn\/fr\/actualite\/national-45\/vers-une-greve-generale-dans-la-fonction-publique\/201546\/"},"author":{"name":"NJ","@id":"https:\/\/www.webdo.tn\/fr\/#\/schema\/person\/646f7c4406ab78299805d9d39b2636d8"},"headline":"Vers une gr\u00e8ve g\u00e9n\u00e9rale dans la fonction publique","datePublished":"2023-01-05T18:41:00+00:00","dateModified":"2025-05-22T11:39:05+00:00","mainEntityOfPage":{"@id":"https:\/\/www.webdo.tn\/fr\/actualite\/national-45\/vers-une-greve-generale-dans-la-fonction-publique\/201546\/"},"wordCount":194,"commentCount":0,"publisher":{"@id":"https:\/\/www.webdo.tn\/fr\/#organization"},"image":{"@id":"https:\/\/www.webdo.tn\/fr\/actualite\/national-45\/vers-une-greve-generale-dans-la-fonction-publique\/201546\/#primaryimage"},"thumbnailUrl":"https:\/\/www.webdo.tn\/fr\/wp-content\/uploads\/2023\/01\/316133e3a36b4681cb7c414b3eb53803.jpg","keywords":["fonction publique","Gr\u00e8ve g\u00e9n\u00e9rale","protestation","Tunisie","UGTT"],"articleSection":["National"],"inLanguage":"fr-FR"},{"@type":"WebPage","@id":"https:\/\/www.webdo.tn\/fr\/actualite\/national-45\/vers-une-greve-generale-dans-la-fonction-publique\/201546\/","url":"https:\/\/www.webdo.tn\/fr\/actualite\/national-45\/vers-une-greve-generale-dans-la-fonction-publique\/201546\/","name":"Vers une gr\u00e8ve g\u00e9n\u00e9rale dans la fonction publique","isPartOf":{"@id":"https:\/\/www.webdo.tn\/fr\/#website"},"primaryImageOfPage":{"@id":"https:\/\/www.webdo.tn\/fr\/actualite\/national-45\/vers-une-greve-generale-dans-la-fonction-publique\/201546\/#primaryimage"},"image":{"@id":"https:\/\/www.webdo.tn\/fr\/actualite\/national-45\/vers-une-greve-generale-dans-la-fonction-publique\/201546\/#primaryimage"},"thumbnailUrl":"https:\/\/www.webdo.tn\/fr\/wp-content\/uploads\/2023\/01\/316133e3a36b4681cb7c414b3eb53803.jpg","datePublished":"2023-01-05T18:41:00+00:00","dateModified":"2025-05-22T11:39:05+00:00","description":"Le groupement de la fonction publique relevant de l'union g\u00e9n\u00e9rale tunisienne du travail (UGTT) a recommand\u00e9 au bureau ex\u00e9cutif de la centrale syndicale, de d\u00e9c...","breadcrumb":{"@id":"https:\/\/www.webdo.tn\/fr\/actualite\/national-45\/vers-une-greve-generale-dans-la-fonction-publique\/201546\/#breadcrumb"},"inLanguage":"fr-FR","potentialAction":[{"@type":"ReadAction","target":["https:\/\/www.webdo.tn\/fr\/actualite\/national-45\/vers-une-greve-generale-dans-la-fonction-publique\/201546\/"]}]},{"@type":"ImageObject","inLanguage":"fr-FR","@id":"https:\/\/www.webdo.tn\/fr\/actualite\/national-45\/vers-une-greve-generale-dans-la-fonction-publique\/201546\/#primaryimage","url":"https:\/\/www.webdo.tn\/fr\/wp-content\/uploads\/2023\/01\/316133e3a36b4681cb7c414b3eb53803.jpg","contentUrl":"https:\/\/www.webdo.tn\/fr\/wp-content\/uploads\/2023\/01\/316133e3a36b4681cb7c414b3eb53803.jpg","width":750,"height":400,"caption":"Vers une gr\u00e8ve g\u00e9n\u00e9rale dans la fonction publique"},{"@type":"BreadcrumbList","@id":"https:\/\/www.webdo.tn\/fr\/actualite\/national-45\/vers-une-greve-generale-dans-la-fonction-publique\/201546\/#breadcrumb","itemListElement":[{"@type":"ListItem","position":1,"name":"Accueil","item":"https:\/\/www.webdo.tn\/fr\/"},{"@type":"ListItem","position":2,"name":"Vers une gr\u00e8ve g\u00e9n\u00e9rale dans la fonction publique"}]},{"@type":"WebSite","@id":"https:\/\/www.webdo.tn\/fr\/#website","url":"https:\/\/www.webdo.tn\/fr\/","name":"webdo","description":"Tunisie - News en Tunisie et \u00e0 l&#039;international sur Webdo.tn","publisher":{"@id":"https:\/\/www.webdo.tn\/fr\/#organization"},"potentialAction":[{"@type":"SearchAction","target":{"@type":"EntryPoint","urlTemplate":"https:\/\/www.webdo.tn\/fr\/?s={search_term_string}"},"query-input":{"@type":"PropertyValueSpecification","valueRequired":true,"valueName":"search_term_string"}}],"inLanguage":"fr-FR"},{"@type":"Organization","@id":"https:\/\/www.webdo.tn\/fr\/#organization","name":"Webdo","alternateName":"Webdo.tn","url":"https:\/\/www.webdo.tn\/fr\/","logo":{"@type":"ImageObject","inLanguage":"fr-FR","@id":"https:\/\/www.webdo.tn\/fr\/#\/schema\/logo\/image\/","url":"https:\/\/www.webdo.tn\/fr\/wp-content\/uploads\/2025\/06\/Webdo-Tunisie_168377.jpg","contentUrl":"https:\/\/www.webdo.tn\/fr\/wp-content\/uploads\/2025\/06\/Webdo-Tunisie_168377.jpg","width":301,"height":301,"caption":"Webdo"},"image":{"@id":"https:\/\/www.webdo.tn\/fr\/#\/schema\/logo\/image\/"},"sameAs":["https:\/\/www.facebook.com\/webdotn","https:\/\/x.com\/webdo_tn"],"description":"Webdo est un m\u00e9dia num\u00e9rique tunisien fond\u00e9 en 2010, sp\u00e9cialis\u00e9 dans l\u2019actualit\u00e9 nationale et internationale, l\u2019\u00e9conomie, la soci\u00e9t\u00e9 et les analyses politiques. Le site s\u2019adresse \u00e0 un large public francophone et couvre l\u2019information tunisienne en temps r\u00e9el.","email":"redac@webdo.tn","legalName":"YNJ SARL","foundingDate":"2010-09-06","numberOfEmployees":{"@type":"QuantitativeValue","minValue":"11","maxValue":"50"}},{"@type":"Person","@id":"https:\/\/www.webdo.tn\/fr\/#\/schema\/person\/646f7c4406ab78299805d9d39b2636d8","name":"NJ","image":{"@type":"ImageObject","inLanguage":"fr-FR","@id":"https:\/\/secure.gravatar.com\/avatar\/57ee8a7cee8271948beede1dd4413f641d3b749a42dfabf45a3352af812389e1?s=96&d=mm&r=g","url":"https:\/\/secure.gravatar.com\/avatar\/57ee8a7cee8271948beede1dd4413f641d3b749a42dfabf45a3352af812389e1?s=96&d=mm&r=g","contentUrl":"https:\/\/secure.gravatar.com\/avatar\/57ee8a7cee8271948beede1dd4413f641d3b749a42dfabf45a3352af812389e1?s=96&d=mm&r=g","caption":"NJ"},"url":"https:\/\/www.webdo.tn\/fr\/actualite\/author\/nj\/"}]}},"_links":{"self":[{"href":"https:\/\/www.webdo.tn\/fr\/wp-json\/wp\/v2\/posts\/201546","targetHints":{"allow":["GET"]}}],"collection":[{"href":"https:\/\/www.webdo.tn\/fr\/wp-json\/wp\/v2\/posts"}],"about":[{"href":"https:\/\/www.webdo.tn\/fr\/wp-json\/wp\/v2\/types\/post"}],"author":[{"embeddable":true,"href":"https:\/\/www.webdo.tn\/fr\/wp-json\/wp\/v2\/users\/3195"}],"replies":[{"embeddable":true,"href":"https:\/\/www.webdo.tn\/fr\/wp-json\/wp\/v2\/comments?post=201546"}],"version-history":[{"count":0,"href":"https:\/\/www.webdo.tn\/fr\/wp-json\/wp\/v2\/posts\/201546\/revisions"}],"wp:featuredmedia":[{"embeddable":true,"href":"https:\/\/www.webdo.tn\/fr\/wp-json\/wp\/v2\/media\/252622"}],"wp:attachment":[{"href":"https:\/\/www.webdo.tn\/fr\/wp-json\/wp\/v2\/media?parent=201546"}],"wp:term":[{"taxonomy":"category","embeddable":true,"href":"https:\/\/www.webdo.tn\/fr\/wp-json\/wp\/v2\/categories?post=201546"},{"taxonomy":"post_tag","embeddable":true,"href":"https:\/\/www.webdo.tn\/fr\/wp-json\/wp\/v2\/tags?post=201546"}],"curies":[{"name":"wp","href":"https:\/\/api.w.org\/{rel}","templated":true}]}}