{"id":201537,"date":"2023-01-05T14:08:00","date_gmt":"2023-01-05T14:08:00","guid":{"rendered":"https:\/\/www.webdo.tn\/fr\/blog\/ennahdha-appelle-a-une-protestation-en-soutien-avec-ali-laarayedh\/201537\/"},"modified":"2025-05-20T22:46:12","modified_gmt":"2025-05-20T22:46:12","slug":"ennahdha-appelle-a-une-protestation-en-soutien-avec-ali-laarayedh","status":"publish","type":"post","link":"https:\/\/www.webdo.tn\/fr\/actualite\/national\/ennahdha-appelle-a-une-protestation-en-soutien-avec-ali-laarayedh\/201537\/","title":{"rendered":"Ennahdha appelle \u00e0 une protestation en soutien \u00e0 Ali La\u00e2rayedh"},"content":{"rendered":"<p>Dans un communiqu\u00e9 rendu public ce jeudi 5 janvier 2023, le mouvement Ennahdha appelle \u00e0 une marche protestataire pour soutenir son leader Ali La\u00e2rayedh  arr\u00eat\u00e9 il y a quelques jours.<\/p>\n<p>Ennahdha qui rappelle que l\u2019arrestation de l\u2019ancien chef du gouvernement est ill\u00e9gale appelle ses sympathisants \u00e0 une protestation demain vendredi devant le si\u00e8ge du minist\u00e8re de la Justice.\u00a0<\/p>\n<p>Le juge d\u2019instruction du bureau 12 du p\u00f4le judiciaire antiterroriste a \u00e9mis, le 20 d\u00e9cembre dernier, un mandat de d\u00e9p\u00f4t \u00e0 l\u2019encontre de l\u2019ancien chef du gouvernement et vice-pr\u00e9sident d\u2019Ennahdha, Ali La\u00e2rayedh.<\/p>\n<p>L\u2019avocate In\u00e8s Harrath, avait annonc\u00e9, dans la nuit de lundi 19 \u00e0 mardi 20 d\u00e9cembre 2022, qu\u2019Ali La\u00e2rayedh avait \u00e9t\u00e9 interrog\u00e9, en \u00e9tat de libert\u00e9, durant plusieurs heures, dans l\u2019affaire des r\u00e9seaux d\u2019embrigadement.<\/p>\n<p>Le parti Ennahdha a aussit\u00f4t r\u00e9agi \u00e0 cette mise en d\u00e9tention, qualifiant cette d\u00e9cision de \u00ab\u00a0tentative d\u00e9sesp\u00e9r\u00e9e du pouvoir\u00a0\u00bb apr\u00e8s \u00ab\u00a0l\u2019\u00e9chec des \u00e9lections l\u00e9gislatives boycott\u00e9es par 90% des \u00e9lecteurs\u00a0\u00bb.<\/p>\n<p>Ali La\u00e2rayedh avait d\u00e9j\u00e0 \u00e9t\u00e9 auditionn\u00e9 dans le cadre de cette affaire d&rsquo;envoi de jeunes tunisiens dans les zones de tension. Il avait \u00e9t\u00e9 plac\u00e9 en garde \u00e0 vue le 19 septembre 2022, par le juge d&rsquo;instruction pr\u00e8s le p\u00f4le judiciaire antiterroriste avant d&rsquo;\u00eatre lib\u00e9r\u00e9 le 22 septembre. Son audience avait \u00e9t\u00e9 report\u00e9e au 19 d\u00e9cembre.<\/p>\n","protected":false},"excerpt":{"rendered":"<p>Dans un communiqu\u00e9 rendu public ce jeudi 5 janvier 2023, le mouvement Ennahdha appelle \u00e0 une marche protestataire pour soutenir son leader Ali La\u00e2rayedh  arr\u00eat\u00e9&#8230;<\/p>\n","protected":false},"author":3175,"featured_media":252599,"comment_status":"open","ping_status":"closed","sticky":false,"template":"","format":"standard","meta":{"footnotes":""},"categories":[44],"tags":[3694,3057,2608],"class_list":["post-201537","post","type-post","status-publish","format-standard","has-post-thumbnail","hentry","category-national","tag-ali-laarayedh","tag-ennahdha","tag-tunisie"],"yoast_head":"<!-- This site is optimized with the Yoast SEO Premium plugin v27.5 (Yoast SEO v27.5) - https:\/\/yoast.com\/product\/yoast-seo-premium-wordpress\/ -->\n<title>Ennahdha appelle \u00e0 une protestation en soutien \u00e0 Ali La\u00e2rayedh<\/title>\n<meta name=\"description\" content=\"Dans un communiqu\u00e9 rendu public ce jeudi 5 janvier 2023, le mouvement Ennahdha appelle \u00e0 une marche protestataire pour soutenir son leader Ali La\u00e2rayedh arr\u00eat\u00e9...\" \/>\n<link rel=\"canonical\" href=\"https:\/\/www.webdo.tn\/fr\/actualite\/national\/ennahdha-appelle-a-une-protestation-en-soutien-avec-ali-laarayedh\/201537\/\" \/>\n<meta property=\"og:locale\" content=\"fr_FR\" \/>\n<meta property=\"og:type\" content=\"article\" \/>\n<meta property=\"og:title\" content=\"Ennahdha appelle \u00e0 une protestation en soutien \u00e0 Ali La\u00e2rayedh\" \/>\n<meta property=\"og:description\" content=\"Dans un communiqu\u00e9 rendu public ce jeudi 5 janvier 2023, le mouvement Ennahdha appelle \u00e0 une marche protestataire pour soutenir son leader Ali La\u00e2rayedh arr\u00eat\u00e9...\" \/>\n<meta property=\"og:url\" content=\"https:\/\/www.webdo.tn\/fr\/actualite\/national\/ennahdha-appelle-a-une-protestation-en-soutien-avec-ali-laarayedh\/201537\/\" \/>\n<meta property=\"og:site_name\" content=\"webdo\" \/>\n<meta property=\"article:publisher\" content=\"https:\/\/www.facebook.com\/webdotn\" \/>\n<meta property=\"article:published_time\" content=\"2023-01-05T14:08:00+00:00\" \/>\n<meta property=\"article:modified_time\" content=\"2025-05-20T22:46:12+00:00\" \/>\n<meta property=\"og:image\" content=\"https:\/\/www.webdo.tn\/fr\/wp-content\/uploads\/2023\/01\/7bd13a2dca06cb379586552a273f6984.jpg\" \/>\n\t<meta property=\"og:image:width\" content=\"750\" \/>\n\t<meta property=\"og:image:height\" content=\"400\" \/>\n\t<meta property=\"og:image:type\" content=\"image\/jpeg\" \/>\n<meta name=\"author\" content=\"CL\" \/>\n<meta name=\"twitter:card\" content=\"summary_large_image\" \/>\n<meta name=\"twitter:creator\" content=\"@webdo_tn\" \/>\n<meta name=\"twitter:site\" content=\"@webdo_tn\" \/>\n<meta name=\"twitter:label1\" content=\"\u00c9crit par\" \/>\n\t<meta name=\"twitter:data1\" content=\"CL\" \/>\n\t<meta name=\"twitter:label2\" content=\"Dur\u00e9e de lecture estim\u00e9e\" \/>\n\t<meta name=\"twitter:data2\" content=\"1 minute\" \/>\n<script type=\"application\/ld+json\" class=\"yoast-schema-graph\">{\"@context\":\"https:\\\/\\\/schema.org\",\"@graph\":[{\"@type\":\"NewsArticle\",\"@id\":\"https:\\\/\\\/www.webdo.tn\\\/fr\\\/actualite\\\/national\\\/ennahdha-appelle-a-une-protestation-en-soutien-avec-ali-laarayedh\\\/201537\\\/#article\",\"isPartOf\":{\"@id\":\"https:\\\/\\\/www.webdo.tn\\\/fr\\\/actualite\\\/national\\\/ennahdha-appelle-a-une-protestation-en-soutien-avec-ali-laarayedh\\\/201537\\\/\"},\"author\":{\"name\":\"CL\",\"@id\":\"https:\\\/\\\/www.webdo.tn\\\/fr\\\/#\\\/schema\\\/person\\\/f35b42a42c5e2511bbd282959d6385cc\"},\"headline\":\"Ennahdha appelle \u00e0 une protestation en soutien \u00e0 Ali La\u00e2rayedh\",\"datePublished\":\"2023-01-05T14:08:00+00:00\",\"dateModified\":\"2025-05-20T22:46:12+00:00\",\"mainEntityOfPage\":{\"@id\":\"https:\\\/\\\/www.webdo.tn\\\/fr\\\/actualite\\\/national\\\/ennahdha-appelle-a-une-protestation-en-soutien-avec-ali-laarayedh\\\/201537\\\/\"},\"wordCount\":245,\"commentCount\":0,\"publisher\":{\"@id\":\"https:\\\/\\\/www.webdo.tn\\\/fr\\\/#organization\"},\"image\":{\"@id\":\"https:\\\/\\\/www.webdo.tn\\\/fr\\\/actualite\\\/national\\\/ennahdha-appelle-a-une-protestation-en-soutien-avec-ali-laarayedh\\\/201537\\\/#primaryimage\"},\"thumbnailUrl\":\"https:\\\/\\\/www.webdo.tn\\\/fr\\\/wp-content\\\/uploads\\\/2023\\\/01\\\/7bd13a2dca06cb379586552a273f6984.jpg\",\"keywords\":[\"Ali La\u00e2rayedh\",\"Ennahdha\",\"Tunisie\"],\"articleSection\":[\"National\"],\"inLanguage\":\"fr-FR\"},{\"@type\":\"WebPage\",\"@id\":\"https:\\\/\\\/www.webdo.tn\\\/fr\\\/actualite\\\/national\\\/ennahdha-appelle-a-une-protestation-en-soutien-avec-ali-laarayedh\\\/201537\\\/\",\"url\":\"https:\\\/\\\/www.webdo.tn\\\/fr\\\/actualite\\\/national\\\/ennahdha-appelle-a-une-protestation-en-soutien-avec-ali-laarayedh\\\/201537\\\/\",\"name\":\"Ennahdha appelle \u00e0 une protestation en soutien \u00e0 Ali La\u00e2rayedh\",\"isPartOf\":{\"@id\":\"https:\\\/\\\/www.webdo.tn\\\/fr\\\/#website\"},\"primaryImageOfPage\":{\"@id\":\"https:\\\/\\\/www.webdo.tn\\\/fr\\\/actualite\\\/national\\\/ennahdha-appelle-a-une-protestation-en-soutien-avec-ali-laarayedh\\\/201537\\\/#primaryimage\"},\"image\":{\"@id\":\"https:\\\/\\\/www.webdo.tn\\\/fr\\\/actualite\\\/national\\\/ennahdha-appelle-a-une-protestation-en-soutien-avec-ali-laarayedh\\\/201537\\\/#primaryimage\"},\"thumbnailUrl\":\"https:\\\/\\\/www.webdo.tn\\\/fr\\\/wp-content\\\/uploads\\\/2023\\\/01\\\/7bd13a2dca06cb379586552a273f6984.jpg\",\"datePublished\":\"2023-01-05T14:08:00+00:00\",\"dateModified\":\"2025-05-20T22:46:12+00:00\",\"description\":\"Dans un communiqu\u00e9 rendu public ce jeudi 5 janvier 2023, le mouvement Ennahdha appelle \u00e0 une marche protestataire pour soutenir son leader Ali La\u00e2rayedh arr\u00eat\u00e9...\",\"breadcrumb\":{\"@id\":\"https:\\\/\\\/www.webdo.tn\\\/fr\\\/actualite\\\/national\\\/ennahdha-appelle-a-une-protestation-en-soutien-avec-ali-laarayedh\\\/201537\\\/#breadcrumb\"},\"inLanguage\":\"fr-FR\",\"potentialAction\":[{\"@type\":\"ReadAction\",\"target\":[\"https:\\\/\\\/www.webdo.tn\\\/fr\\\/actualite\\\/national\\\/ennahdha-appelle-a-une-protestation-en-soutien-avec-ali-laarayedh\\\/201537\\\/\"]}]},{\"@type\":\"ImageObject\",\"inLanguage\":\"fr-FR\",\"@id\":\"https:\\\/\\\/www.webdo.tn\\\/fr\\\/actualite\\\/national\\\/ennahdha-appelle-a-une-protestation-en-soutien-avec-ali-laarayedh\\\/201537\\\/#primaryimage\",\"url\":\"https:\\\/\\\/www.webdo.tn\\\/fr\\\/wp-content\\\/uploads\\\/2023\\\/01\\\/7bd13a2dca06cb379586552a273f6984.jpg\",\"contentUrl\":\"https:\\\/\\\/www.webdo.tn\\\/fr\\\/wp-content\\\/uploads\\\/2023\\\/01\\\/7bd13a2dca06cb379586552a273f6984.jpg\",\"width\":750,\"height\":400,\"caption\":\"Ali Laarayedh\"},{\"@type\":\"BreadcrumbList\",\"@id\":\"https:\\\/\\\/www.webdo.tn\\\/fr\\\/actualite\\\/national\\\/ennahdha-appelle-a-une-protestation-en-soutien-avec-ali-laarayedh\\\/201537\\\/#breadcrumb\",\"itemListElement\":[{\"@type\":\"ListItem\",\"position\":1,\"name\":\"Accueil\",\"item\":\"https:\\\/\\\/www.webdo.tn\\\/fr\\\/\"},{\"@type\":\"ListItem\",\"position\":2,\"name\":\"Ennahdha appelle \u00e0 une protestation en soutien \u00e0 Ali La\u00e2rayedh\"}]},{\"@type\":\"WebSite\",\"@id\":\"https:\\\/\\\/www.webdo.tn\\\/fr\\\/#website\",\"url\":\"https:\\\/\\\/www.webdo.tn\\\/fr\\\/\",\"name\":\"webdo\",\"description\":\"Tunisie - News en Tunisie et \u00e0 l&#039;international sur Webdo.tn\",\"publisher\":{\"@id\":\"https:\\\/\\\/www.webdo.tn\\\/fr\\\/#organization\"},\"potentialAction\":[{\"@type\":\"SearchAction\",\"target\":{\"@type\":\"EntryPoint\",\"urlTemplate\":\"https:\\\/\\\/www.webdo.tn\\\/fr\\\/?s={search_term_string}\"},\"query-input\":{\"@type\":\"PropertyValueSpecification\",\"valueRequired\":true,\"valueName\":\"search_term_string\"}}],\"inLanguage\":\"fr-FR\"},{\"@type\":\"Organization\",\"@id\":\"https:\\\/\\\/www.webdo.tn\\\/fr\\\/#organization\",\"name\":\"Webdo\",\"alternateName\":\"Webdo.tn\",\"url\":\"https:\\\/\\\/www.webdo.tn\\\/fr\\\/\",\"logo\":{\"@type\":\"ImageObject\",\"inLanguage\":\"fr-FR\",\"@id\":\"https:\\\/\\\/www.webdo.tn\\\/fr\\\/#\\\/schema\\\/logo\\\/image\\\/\",\"url\":\"https:\\\/\\\/www.webdo.tn\\\/fr\\\/wp-content\\\/uploads\\\/2025\\\/06\\\/Webdo-Tunisie_168377.jpg\",\"contentUrl\":\"https:\\\/\\\/www.webdo.tn\\\/fr\\\/wp-content\\\/uploads\\\/2025\\\/06\\\/Webdo-Tunisie_168377.jpg\",\"width\":301,\"height\":301,\"caption\":\"Webdo\"},\"image\":{\"@id\":\"https:\\\/\\\/www.webdo.tn\\\/fr\\\/#\\\/schema\\\/logo\\\/image\\\/\"},\"sameAs\":[\"https:\\\/\\\/www.facebook.com\\\/webdotn\",\"https:\\\/\\\/x.com\\\/webdo_tn\"],\"description\":\"Webdo est un m\u00e9dia num\u00e9rique tunisien fond\u00e9 en 2010, sp\u00e9cialis\u00e9 dans l\u2019actualit\u00e9 nationale et internationale, l\u2019\u00e9conomie, la soci\u00e9t\u00e9 et les analyses politiques. Le site s\u2019adresse \u00e0 un large public francophone et couvre l\u2019information tunisienne en temps r\u00e9el.\",\"email\":\"redac@webdo.tn\",\"legalName\":\"YNJ SARL\",\"foundingDate\":\"2010-09-06\",\"numberOfEmployees\":{\"@type\":\"QuantitativeValue\",\"minValue\":\"11\",\"maxValue\":\"50\"}},{\"@type\":\"Person\",\"@id\":\"https:\\\/\\\/www.webdo.tn\\\/fr\\\/#\\\/schema\\\/person\\\/f35b42a42c5e2511bbd282959d6385cc\",\"name\":\"CL\",\"image\":{\"@type\":\"ImageObject\",\"inLanguage\":\"fr-FR\",\"@id\":\"https:\\\/\\\/secure.gravatar.com\\\/avatar\\\/1447a49909b67aa657c488aec6512e1dd6143a480c1ecfee9b5b5cd74eb3b59e?s=96&d=mm&r=g\",\"url\":\"https:\\\/\\\/secure.gravatar.com\\\/avatar\\\/1447a49909b67aa657c488aec6512e1dd6143a480c1ecfee9b5b5cd74eb3b59e?s=96&d=mm&r=g\",\"contentUrl\":\"https:\\\/\\\/secure.gravatar.com\\\/avatar\\\/1447a49909b67aa657c488aec6512e1dd6143a480c1ecfee9b5b5cd74eb3b59e?s=96&d=mm&r=g\",\"caption\":\"CL\"},\"url\":\"https:\\\/\\\/www.webdo.tn\\\/fr\\\/actualite\\\/author\\\/cl\\\/\"}]}<\/script>\n<!-- \/ Yoast SEO Premium plugin. -->","yoast_head_json":{"title":"Ennahdha appelle \u00e0 une protestation en soutien \u00e0 Ali La\u00e2rayedh","description":"Dans un communiqu\u00e9 rendu public ce jeudi 5 janvier 2023, le mouvement Ennahdha appelle \u00e0 une marche protestataire pour soutenir son leader Ali La\u00e2rayedh arr\u00eat\u00e9...","canonical":"https:\/\/www.webdo.tn\/fr\/actualite\/national\/ennahdha-appelle-a-une-protestation-en-soutien-avec-ali-laarayedh\/201537\/","og_locale":"fr_FR","og_type":"article","og_title":"Ennahdha appelle \u00e0 une protestation en soutien \u00e0 Ali La\u00e2rayedh","og_description":"Dans un communiqu\u00e9 rendu public ce jeudi 5 janvier 2023, le mouvement Ennahdha appelle \u00e0 une marche protestataire pour soutenir son leader Ali La\u00e2rayedh arr\u00eat\u00e9...","og_url":"https:\/\/www.webdo.tn\/fr\/actualite\/national\/ennahdha-appelle-a-une-protestation-en-soutien-avec-ali-laarayedh\/201537\/","og_site_name":"webdo","article_publisher":"https:\/\/www.facebook.com\/webdotn","article_published_time":"2023-01-05T14:08:00+00:00","article_modified_time":"2025-05-20T22:46:12+00:00","og_image":[{"width":750,"height":400,"url":"https:\/\/www.webdo.tn\/fr\/wp-content\/uploads\/2023\/01\/7bd13a2dca06cb379586552a273f6984.jpg","type":"image\/jpeg"}],"author":"CL","twitter_card":"summary_large_image","twitter_creator":"@webdo_tn","twitter_site":"@webdo_tn","twitter_misc":{"\u00c9crit par":"CL","Dur\u00e9e de lecture estim\u00e9e":"1 minute"},"schema":{"@context":"https:\/\/schema.org","@graph":[{"@type":"NewsArticle","@id":"https:\/\/www.webdo.tn\/fr\/actualite\/national\/ennahdha-appelle-a-une-protestation-en-soutien-avec-ali-laarayedh\/201537\/#article","isPartOf":{"@id":"https:\/\/www.webdo.tn\/fr\/actualite\/national\/ennahdha-appelle-a-une-protestation-en-soutien-avec-ali-laarayedh\/201537\/"},"author":{"name":"CL","@id":"https:\/\/www.webdo.tn\/fr\/#\/schema\/person\/f35b42a42c5e2511bbd282959d6385cc"},"headline":"Ennahdha appelle \u00e0 une protestation en soutien \u00e0 Ali La\u00e2rayedh","datePublished":"2023-01-05T14:08:00+00:00","dateModified":"2025-05-20T22:46:12+00:00","mainEntityOfPage":{"@id":"https:\/\/www.webdo.tn\/fr\/actualite\/national\/ennahdha-appelle-a-une-protestation-en-soutien-avec-ali-laarayedh\/201537\/"},"wordCount":245,"commentCount":0,"publisher":{"@id":"https:\/\/www.webdo.tn\/fr\/#organization"},"image":{"@id":"https:\/\/www.webdo.tn\/fr\/actualite\/national\/ennahdha-appelle-a-une-protestation-en-soutien-avec-ali-laarayedh\/201537\/#primaryimage"},"thumbnailUrl":"https:\/\/www.webdo.tn\/fr\/wp-content\/uploads\/2023\/01\/7bd13a2dca06cb379586552a273f6984.jpg","keywords":["Ali La\u00e2rayedh","Ennahdha","Tunisie"],"articleSection":["National"],"inLanguage":"fr-FR"},{"@type":"WebPage","@id":"https:\/\/www.webdo.tn\/fr\/actualite\/national\/ennahdha-appelle-a-une-protestation-en-soutien-avec-ali-laarayedh\/201537\/","url":"https:\/\/www.webdo.tn\/fr\/actualite\/national\/ennahdha-appelle-a-une-protestation-en-soutien-avec-ali-laarayedh\/201537\/","name":"Ennahdha appelle \u00e0 une protestation en soutien \u00e0 Ali La\u00e2rayedh","isPartOf":{"@id":"https:\/\/www.webdo.tn\/fr\/#website"},"primaryImageOfPage":{"@id":"https:\/\/www.webdo.tn\/fr\/actualite\/national\/ennahdha-appelle-a-une-protestation-en-soutien-avec-ali-laarayedh\/201537\/#primaryimage"},"image":{"@id":"https:\/\/www.webdo.tn\/fr\/actualite\/national\/ennahdha-appelle-a-une-protestation-en-soutien-avec-ali-laarayedh\/201537\/#primaryimage"},"thumbnailUrl":"https:\/\/www.webdo.tn\/fr\/wp-content\/uploads\/2023\/01\/7bd13a2dca06cb379586552a273f6984.jpg","datePublished":"2023-01-05T14:08:00+00:00","dateModified":"2025-05-20T22:46:12+00:00","description":"Dans un communiqu\u00e9 rendu public ce jeudi 5 janvier 2023, le mouvement Ennahdha appelle \u00e0 une marche protestataire pour soutenir son leader Ali La\u00e2rayedh arr\u00eat\u00e9...","breadcrumb":{"@id":"https:\/\/www.webdo.tn\/fr\/actualite\/national\/ennahdha-appelle-a-une-protestation-en-soutien-avec-ali-laarayedh\/201537\/#breadcrumb"},"inLanguage":"fr-FR","potentialAction":[{"@type":"ReadAction","target":["https:\/\/www.webdo.tn\/fr\/actualite\/national\/ennahdha-appelle-a-une-protestation-en-soutien-avec-ali-laarayedh\/201537\/"]}]},{"@type":"ImageObject","inLanguage":"fr-FR","@id":"https:\/\/www.webdo.tn\/fr\/actualite\/national\/ennahdha-appelle-a-une-protestation-en-soutien-avec-ali-laarayedh\/201537\/#primaryimage","url":"https:\/\/www.webdo.tn\/fr\/wp-content\/uploads\/2023\/01\/7bd13a2dca06cb379586552a273f6984.jpg","contentUrl":"https:\/\/www.webdo.tn\/fr\/wp-content\/uploads\/2023\/01\/7bd13a2dca06cb379586552a273f6984.jpg","width":750,"height":400,"caption":"Ali Laarayedh"},{"@type":"BreadcrumbList","@id":"https:\/\/www.webdo.tn\/fr\/actualite\/national\/ennahdha-appelle-a-une-protestation-en-soutien-avec-ali-laarayedh\/201537\/#breadcrumb","itemListElement":[{"@type":"ListItem","position":1,"name":"Accueil","item":"https:\/\/www.webdo.tn\/fr\/"},{"@type":"ListItem","position":2,"name":"Ennahdha appelle \u00e0 une protestation en soutien \u00e0 Ali La\u00e2rayedh"}]},{"@type":"WebSite","@id":"https:\/\/www.webdo.tn\/fr\/#website","url":"https:\/\/www.webdo.tn\/fr\/","name":"webdo","description":"Tunisie - News en Tunisie et \u00e0 l&#039;international sur Webdo.tn","publisher":{"@id":"https:\/\/www.webdo.tn\/fr\/#organization"},"potentialAction":[{"@type":"SearchAction","target":{"@type":"EntryPoint","urlTemplate":"https:\/\/www.webdo.tn\/fr\/?s={search_term_string}"},"query-input":{"@type":"PropertyValueSpecification","valueRequired":true,"valueName":"search_term_string"}}],"inLanguage":"fr-FR"},{"@type":"Organization","@id":"https:\/\/www.webdo.tn\/fr\/#organization","name":"Webdo","alternateName":"Webdo.tn","url":"https:\/\/www.webdo.tn\/fr\/","logo":{"@type":"ImageObject","inLanguage":"fr-FR","@id":"https:\/\/www.webdo.tn\/fr\/#\/schema\/logo\/image\/","url":"https:\/\/www.webdo.tn\/fr\/wp-content\/uploads\/2025\/06\/Webdo-Tunisie_168377.jpg","contentUrl":"https:\/\/www.webdo.tn\/fr\/wp-content\/uploads\/2025\/06\/Webdo-Tunisie_168377.jpg","width":301,"height":301,"caption":"Webdo"},"image":{"@id":"https:\/\/www.webdo.tn\/fr\/#\/schema\/logo\/image\/"},"sameAs":["https:\/\/www.facebook.com\/webdotn","https:\/\/x.com\/webdo_tn"],"description":"Webdo est un m\u00e9dia num\u00e9rique tunisien fond\u00e9 en 2010, sp\u00e9cialis\u00e9 dans l\u2019actualit\u00e9 nationale et internationale, l\u2019\u00e9conomie, la soci\u00e9t\u00e9 et les analyses politiques. Le site s\u2019adresse \u00e0 un large public francophone et couvre l\u2019information tunisienne en temps r\u00e9el.","email":"redac@webdo.tn","legalName":"YNJ SARL","foundingDate":"2010-09-06","numberOfEmployees":{"@type":"QuantitativeValue","minValue":"11","maxValue":"50"}},{"@type":"Person","@id":"https:\/\/www.webdo.tn\/fr\/#\/schema\/person\/f35b42a42c5e2511bbd282959d6385cc","name":"CL","image":{"@type":"ImageObject","inLanguage":"fr-FR","@id":"https:\/\/secure.gravatar.com\/avatar\/1447a49909b67aa657c488aec6512e1dd6143a480c1ecfee9b5b5cd74eb3b59e?s=96&d=mm&r=g","url":"https:\/\/secure.gravatar.com\/avatar\/1447a49909b67aa657c488aec6512e1dd6143a480c1ecfee9b5b5cd74eb3b59e?s=96&d=mm&r=g","contentUrl":"https:\/\/secure.gravatar.com\/avatar\/1447a49909b67aa657c488aec6512e1dd6143a480c1ecfee9b5b5cd74eb3b59e?s=96&d=mm&r=g","caption":"CL"},"url":"https:\/\/www.webdo.tn\/fr\/actualite\/author\/cl\/"}]}},"_links":{"self":[{"href":"https:\/\/www.webdo.tn\/fr\/wp-json\/wp\/v2\/posts\/201537","targetHints":{"allow":["GET"]}}],"collection":[{"href":"https:\/\/www.webdo.tn\/fr\/wp-json\/wp\/v2\/posts"}],"about":[{"href":"https:\/\/www.webdo.tn\/fr\/wp-json\/wp\/v2\/types\/post"}],"author":[{"embeddable":true,"href":"https:\/\/www.webdo.tn\/fr\/wp-json\/wp\/v2\/users\/3175"}],"replies":[{"embeddable":true,"href":"https:\/\/www.webdo.tn\/fr\/wp-json\/wp\/v2\/comments?post=201537"}],"version-history":[{"count":0,"href":"https:\/\/www.webdo.tn\/fr\/wp-json\/wp\/v2\/posts\/201537\/revisions"}],"wp:featuredmedia":[{"embeddable":true,"href":"https:\/\/www.webdo.tn\/fr\/wp-json\/wp\/v2\/media\/252599"}],"wp:attachment":[{"href":"https:\/\/www.webdo.tn\/fr\/wp-json\/wp\/v2\/media?parent=201537"}],"wp:term":[{"taxonomy":"category","embeddable":true,"href":"https:\/\/www.webdo.tn\/fr\/wp-json\/wp\/v2\/categories?post=201537"},{"taxonomy":"post_tag","embeddable":true,"href":"https:\/\/www.webdo.tn\/fr\/wp-json\/wp\/v2\/tags?post=201537"}],"curies":[{"name":"wp","href":"https:\/\/api.w.org\/{rel}","templated":true}]}}