{"id":201535,"date":"2023-01-05T13:41:00","date_gmt":"2023-01-05T13:41:00","guid":{"rendered":"https:\/\/www.webdo.tn\/fr\/blog\/al-irada-l-etat-d-urgence-decrete-en-prevision-des-protestations\/201535\/"},"modified":"2025-05-20T22:46:13","modified_gmt":"2025-05-20T22:46:13","slug":"al-irada-l-etat-d-urgence-decrete-en-prevision-des-protestations","status":"publish","type":"post","link":"https:\/\/www.webdo.tn\/fr\/actualite\/national\/al-irada-l-etat-d-urgence-decrete-en-prevision-des-protestations\/201535\/","title":{"rendered":"Al-Irada : L&rsquo;\u00e9tat d&rsquo;urgence d\u00e9cr\u00e9t\u00e9 en pr\u00e9vision des protestations"},"content":{"rendered":"<p>Le mouvement Tounes Al-Irada a estim\u00e9 que l&rsquo;\u00e9tat d&rsquo;urgence d\u00e9cr\u00e9t\u00e9 r\u00e9cemment est une mesure pr\u00e9ventive en pr\u00e9vision des mouvements populaires attendus, mettant en garde contre toute tentative de mettre les institutions souveraines de l&rsquo;Etat en confrontation avec la population.<\/p>\n<p>\t\t\t\t\t\t\t\t\t\u00a0\u00bb Il s&rsquo;agit d&rsquo;une mesure grave qui menace la stabilit\u00e9 de l&rsquo;Etat d&rsquo;une mani\u00e8re in\u00e9dite \u00ab\u00a0, avertit le parti dans un communiqu\u00e9 publi\u00e9 ce jeudi.<br \/>\nAl Irada a invit\u00e9 l&rsquo;ensemble des Tunisiens \u00e0 faire preuve de vigilance et \u00e0 faire front commun contre tous les discours de division de la haine que diffuse le pr\u00e9sident de la R\u00e9publique, Kais Saied, selon le texte du communiqu\u00e9.<\/p>\n<p>Le pr\u00e9sident de la R\u00e9publique avait d\u00e9cid\u00e9 de prolonger l&rsquo;\u00e9tat d&rsquo;urgence d&rsquo;un mois sur tout le territoire national \u00e0 compter du 1er 2023. Cette d\u00e9cision est publi\u00e9e le 30 d\u00e9cembre dernier au Journal officiel de la R\u00e9publique tunisienne.<\/p>\n<p>Pour le parti, la feuille de route \u00e9tablie par l&rsquo;autorit\u00e9 \u00a0\u00bb putschiste \u00a0\u00bb a s\u00e9rieusement exacerb\u00e9 la crise politique et d\u00e9stabilis\u00e9 le pays, surtout apr\u00e8s l&rsquo;\u00e9chec des derni\u00e8res L\u00e9gislatives.\u00a0\u00bb<\/p>\n<p>Al Irada a \u00e9galement d\u00e9nonc\u00e9 ce qu&rsquo;il a qualifi\u00e9 de \u00a0\u00bb r\u00e9pression \u00a0\u00bb de l&rsquo;opposition au moyen de dossiers mont\u00e9s de toutes pi\u00e8ces et d\u00e9pourvus de tout fondement.<\/p>\n","protected":false},"excerpt":{"rendered":"<p>Le mouvement Tounes Al-Irada a estim\u00e9 que l&rsquo;\u00e9tat d&rsquo;urgence d\u00e9cr\u00e9t\u00e9 r\u00e9cemment est une mesure pr\u00e9ventive en pr\u00e9vision des mouvements populaires attendus, mettant&#8230;<\/p>\n","protected":false},"author":3175,"featured_media":252603,"comment_status":"open","ping_status":"closed","sticky":false,"template":"","format":"standard","meta":{"footnotes":""},"categories":[44],"tags":[4179,2608],"class_list":["post-201535","post","type-post","status-publish","format-standard","has-post-thumbnail","hentry","category-national","tag-etat-durgence","tag-tunisie"],"yoast_head":"<!-- This site is optimized with the Yoast SEO Premium plugin v27.4 (Yoast SEO v27.5) - https:\/\/yoast.com\/product\/yoast-seo-premium-wordpress\/ -->\n<title>Al-Irada : L&#039;\u00e9tat d&#039;urgence d\u00e9cr\u00e9t\u00e9 en pr\u00e9vision des protestations<\/title>\n<meta name=\"description\" content=\"Le mouvement Tounes Al-Irada a estim\u00e9 que l&#039;\u00e9tat d&#039;urgence d\u00e9cr\u00e9t\u00e9 r\u00e9cemment est une mesure pr\u00e9ventive en pr\u00e9vision des mouvements populaires attendus, mettant...\" \/>\n<link rel=\"canonical\" href=\"https:\/\/www.webdo.tn\/fr\/actualite\/national\/al-irada-l-etat-d-urgence-decrete-en-prevision-des-protestations\/201535\/\" \/>\n<meta property=\"og:locale\" content=\"fr_FR\" \/>\n<meta property=\"og:type\" content=\"article\" \/>\n<meta property=\"og:title\" content=\"Al-Irada : L&#039;\u00e9tat d&#039;urgence d\u00e9cr\u00e9t\u00e9 en pr\u00e9vision des protestations\" \/>\n<meta property=\"og:description\" content=\"Le mouvement Tounes Al-Irada a estim\u00e9 que l&#039;\u00e9tat d&#039;urgence d\u00e9cr\u00e9t\u00e9 r\u00e9cemment est une mesure pr\u00e9ventive en pr\u00e9vision des mouvements populaires attendus, mettant...\" \/>\n<meta property=\"og:url\" content=\"https:\/\/www.webdo.tn\/fr\/actualite\/national\/al-irada-l-etat-d-urgence-decrete-en-prevision-des-protestations\/201535\/\" \/>\n<meta property=\"og:site_name\" content=\"webdo\" \/>\n<meta property=\"article:publisher\" content=\"https:\/\/www.facebook.com\/webdotn\" \/>\n<meta property=\"article:published_time\" content=\"2023-01-05T13:41:00+00:00\" \/>\n<meta property=\"article:modified_time\" content=\"2025-05-20T22:46:13+00:00\" \/>\n<meta property=\"og:image\" content=\"https:\/\/www.webdo.tn\/fr\/wp-content\/uploads\/2023\/01\/c7c81444409910986217bfff012191a8.png\" \/>\n\t<meta property=\"og:image:width\" content=\"750\" \/>\n\t<meta property=\"og:image:height\" content=\"400\" \/>\n\t<meta property=\"og:image:type\" content=\"image\/png\" \/>\n<meta name=\"author\" content=\"CL\" \/>\n<meta name=\"twitter:card\" content=\"summary_large_image\" \/>\n<meta name=\"twitter:creator\" content=\"@webdo_tn\" \/>\n<meta name=\"twitter:site\" content=\"@webdo_tn\" \/>\n<meta name=\"twitter:label1\" content=\"\u00c9crit par\" \/>\n\t<meta name=\"twitter:data1\" content=\"CL\" \/>\n\t<meta name=\"twitter:label2\" content=\"Dur\u00e9e de lecture estim\u00e9e\" \/>\n\t<meta name=\"twitter:data2\" content=\"1 minute\" \/>\n<script type=\"application\/ld+json\" class=\"yoast-schema-graph\">{\"@context\":\"https:\\\/\\\/schema.org\",\"@graph\":[{\"@type\":\"NewsArticle\",\"@id\":\"https:\\\/\\\/www.webdo.tn\\\/fr\\\/actualite\\\/national\\\/al-irada-l-etat-d-urgence-decrete-en-prevision-des-protestations\\\/201535\\\/#article\",\"isPartOf\":{\"@id\":\"https:\\\/\\\/www.webdo.tn\\\/fr\\\/actualite\\\/national\\\/al-irada-l-etat-d-urgence-decrete-en-prevision-des-protestations\\\/201535\\\/\"},\"author\":{\"name\":\"CL\",\"@id\":\"https:\\\/\\\/www.webdo.tn\\\/fr\\\/#\\\/schema\\\/person\\\/f35b42a42c5e2511bbd282959d6385cc\"},\"headline\":\"Al-Irada : L&rsquo;\u00e9tat d&rsquo;urgence d\u00e9cr\u00e9t\u00e9 en pr\u00e9vision des protestations\",\"datePublished\":\"2023-01-05T13:41:00+00:00\",\"dateModified\":\"2025-05-20T22:46:13+00:00\",\"mainEntityOfPage\":{\"@id\":\"https:\\\/\\\/www.webdo.tn\\\/fr\\\/actualite\\\/national\\\/al-irada-l-etat-d-urgence-decrete-en-prevision-des-protestations\\\/201535\\\/\"},\"wordCount\":242,\"commentCount\":0,\"publisher\":{\"@id\":\"https:\\\/\\\/www.webdo.tn\\\/fr\\\/#organization\"},\"image\":{\"@id\":\"https:\\\/\\\/www.webdo.tn\\\/fr\\\/actualite\\\/national\\\/al-irada-l-etat-d-urgence-decrete-en-prevision-des-protestations\\\/201535\\\/#primaryimage\"},\"thumbnailUrl\":\"https:\\\/\\\/www.webdo.tn\\\/fr\\\/wp-content\\\/uploads\\\/2023\\\/01\\\/c7c81444409910986217bfff012191a8.png\",\"keywords\":[\"\u00e9tat d'urgence\",\"Tunisie\"],\"articleSection\":[\"National\"],\"inLanguage\":\"fr-FR\"},{\"@type\":\"WebPage\",\"@id\":\"https:\\\/\\\/www.webdo.tn\\\/fr\\\/actualite\\\/national\\\/al-irada-l-etat-d-urgence-decrete-en-prevision-des-protestations\\\/201535\\\/\",\"url\":\"https:\\\/\\\/www.webdo.tn\\\/fr\\\/actualite\\\/national\\\/al-irada-l-etat-d-urgence-decrete-en-prevision-des-protestations\\\/201535\\\/\",\"name\":\"Al-Irada : L'\u00e9tat d'urgence d\u00e9cr\u00e9t\u00e9 en pr\u00e9vision des protestations\",\"isPartOf\":{\"@id\":\"https:\\\/\\\/www.webdo.tn\\\/fr\\\/#website\"},\"primaryImageOfPage\":{\"@id\":\"https:\\\/\\\/www.webdo.tn\\\/fr\\\/actualite\\\/national\\\/al-irada-l-etat-d-urgence-decrete-en-prevision-des-protestations\\\/201535\\\/#primaryimage\"},\"image\":{\"@id\":\"https:\\\/\\\/www.webdo.tn\\\/fr\\\/actualite\\\/national\\\/al-irada-l-etat-d-urgence-decrete-en-prevision-des-protestations\\\/201535\\\/#primaryimage\"},\"thumbnailUrl\":\"https:\\\/\\\/www.webdo.tn\\\/fr\\\/wp-content\\\/uploads\\\/2023\\\/01\\\/c7c81444409910986217bfff012191a8.png\",\"datePublished\":\"2023-01-05T13:41:00+00:00\",\"dateModified\":\"2025-05-20T22:46:13+00:00\",\"description\":\"Le mouvement Tounes Al-Irada a estim\u00e9 que l'\u00e9tat d'urgence d\u00e9cr\u00e9t\u00e9 r\u00e9cemment est une mesure pr\u00e9ventive en pr\u00e9vision des mouvements populaires attendus, mettant...\",\"breadcrumb\":{\"@id\":\"https:\\\/\\\/www.webdo.tn\\\/fr\\\/actualite\\\/national\\\/al-irada-l-etat-d-urgence-decrete-en-prevision-des-protestations\\\/201535\\\/#breadcrumb\"},\"inLanguage\":\"fr-FR\",\"potentialAction\":[{\"@type\":\"ReadAction\",\"target\":[\"https:\\\/\\\/www.webdo.tn\\\/fr\\\/actualite\\\/national\\\/al-irada-l-etat-d-urgence-decrete-en-prevision-des-protestations\\\/201535\\\/\"]}]},{\"@type\":\"ImageObject\",\"inLanguage\":\"fr-FR\",\"@id\":\"https:\\\/\\\/www.webdo.tn\\\/fr\\\/actualite\\\/national\\\/al-irada-l-etat-d-urgence-decrete-en-prevision-des-protestations\\\/201535\\\/#primaryimage\",\"url\":\"https:\\\/\\\/www.webdo.tn\\\/fr\\\/wp-content\\\/uploads\\\/2023\\\/01\\\/c7c81444409910986217bfff012191a8.png\",\"contentUrl\":\"https:\\\/\\\/www.webdo.tn\\\/fr\\\/wp-content\\\/uploads\\\/2023\\\/01\\\/c7c81444409910986217bfff012191a8.png\",\"width\":750,\"height\":400,\"caption\":\"Marzouki\"},{\"@type\":\"BreadcrumbList\",\"@id\":\"https:\\\/\\\/www.webdo.tn\\\/fr\\\/actualite\\\/national\\\/al-irada-l-etat-d-urgence-decrete-en-prevision-des-protestations\\\/201535\\\/#breadcrumb\",\"itemListElement\":[{\"@type\":\"ListItem\",\"position\":1,\"name\":\"Accueil\",\"item\":\"https:\\\/\\\/www.webdo.tn\\\/fr\\\/\"},{\"@type\":\"ListItem\",\"position\":2,\"name\":\"Al-Irada : L&#8217;\u00e9tat d&#8217;urgence d\u00e9cr\u00e9t\u00e9 en pr\u00e9vision des protestations\"}]},{\"@type\":\"WebSite\",\"@id\":\"https:\\\/\\\/www.webdo.tn\\\/fr\\\/#website\",\"url\":\"https:\\\/\\\/www.webdo.tn\\\/fr\\\/\",\"name\":\"webdo\",\"description\":\"Tunisie - News en Tunisie et \u00e0 l&#039;international sur Webdo.tn\",\"publisher\":{\"@id\":\"https:\\\/\\\/www.webdo.tn\\\/fr\\\/#organization\"},\"potentialAction\":[{\"@type\":\"SearchAction\",\"target\":{\"@type\":\"EntryPoint\",\"urlTemplate\":\"https:\\\/\\\/www.webdo.tn\\\/fr\\\/?s={search_term_string}\"},\"query-input\":{\"@type\":\"PropertyValueSpecification\",\"valueRequired\":true,\"valueName\":\"search_term_string\"}}],\"inLanguage\":\"fr-FR\"},{\"@type\":\"Organization\",\"@id\":\"https:\\\/\\\/www.webdo.tn\\\/fr\\\/#organization\",\"name\":\"Webdo\",\"alternateName\":\"Webdo.tn\",\"url\":\"https:\\\/\\\/www.webdo.tn\\\/fr\\\/\",\"logo\":{\"@type\":\"ImageObject\",\"inLanguage\":\"fr-FR\",\"@id\":\"https:\\\/\\\/www.webdo.tn\\\/fr\\\/#\\\/schema\\\/logo\\\/image\\\/\",\"url\":\"https:\\\/\\\/www.webdo.tn\\\/fr\\\/wp-content\\\/uploads\\\/2025\\\/06\\\/Webdo-Tunisie_168377.jpg\",\"contentUrl\":\"https:\\\/\\\/www.webdo.tn\\\/fr\\\/wp-content\\\/uploads\\\/2025\\\/06\\\/Webdo-Tunisie_168377.jpg\",\"width\":301,\"height\":301,\"caption\":\"Webdo\"},\"image\":{\"@id\":\"https:\\\/\\\/www.webdo.tn\\\/fr\\\/#\\\/schema\\\/logo\\\/image\\\/\"},\"sameAs\":[\"https:\\\/\\\/www.facebook.com\\\/webdotn\",\"https:\\\/\\\/x.com\\\/webdo_tn\"],\"description\":\"Webdo est un m\u00e9dia num\u00e9rique tunisien fond\u00e9 en 2010, sp\u00e9cialis\u00e9 dans l\u2019actualit\u00e9 nationale et internationale, l\u2019\u00e9conomie, la soci\u00e9t\u00e9 et les analyses politiques. Le site s\u2019adresse \u00e0 un large public francophone et couvre l\u2019information tunisienne en temps r\u00e9el.\",\"email\":\"redac@webdo.tn\",\"legalName\":\"YNJ SARL\",\"foundingDate\":\"2010-09-06\",\"numberOfEmployees\":{\"@type\":\"QuantitativeValue\",\"minValue\":\"11\",\"maxValue\":\"50\"}},{\"@type\":\"Person\",\"@id\":\"https:\\\/\\\/www.webdo.tn\\\/fr\\\/#\\\/schema\\\/person\\\/f35b42a42c5e2511bbd282959d6385cc\",\"name\":\"CL\",\"image\":{\"@type\":\"ImageObject\",\"inLanguage\":\"fr-FR\",\"@id\":\"https:\\\/\\\/secure.gravatar.com\\\/avatar\\\/1447a49909b67aa657c488aec6512e1dd6143a480c1ecfee9b5b5cd74eb3b59e?s=96&d=mm&r=g\",\"url\":\"https:\\\/\\\/secure.gravatar.com\\\/avatar\\\/1447a49909b67aa657c488aec6512e1dd6143a480c1ecfee9b5b5cd74eb3b59e?s=96&d=mm&r=g\",\"contentUrl\":\"https:\\\/\\\/secure.gravatar.com\\\/avatar\\\/1447a49909b67aa657c488aec6512e1dd6143a480c1ecfee9b5b5cd74eb3b59e?s=96&d=mm&r=g\",\"caption\":\"CL\"},\"url\":\"https:\\\/\\\/www.webdo.tn\\\/fr\\\/actualite\\\/author\\\/cl\\\/\"}]}<\/script>\n<!-- \/ Yoast SEO Premium plugin. -->","yoast_head_json":{"title":"Al-Irada : L'\u00e9tat d'urgence d\u00e9cr\u00e9t\u00e9 en pr\u00e9vision des protestations","description":"Le mouvement Tounes Al-Irada a estim\u00e9 que l'\u00e9tat d'urgence d\u00e9cr\u00e9t\u00e9 r\u00e9cemment est une mesure pr\u00e9ventive en pr\u00e9vision des mouvements populaires attendus, mettant...","canonical":"https:\/\/www.webdo.tn\/fr\/actualite\/national\/al-irada-l-etat-d-urgence-decrete-en-prevision-des-protestations\/201535\/","og_locale":"fr_FR","og_type":"article","og_title":"Al-Irada : L'\u00e9tat d'urgence d\u00e9cr\u00e9t\u00e9 en pr\u00e9vision des protestations","og_description":"Le mouvement Tounes Al-Irada a estim\u00e9 que l'\u00e9tat d'urgence d\u00e9cr\u00e9t\u00e9 r\u00e9cemment est une mesure pr\u00e9ventive en pr\u00e9vision des mouvements populaires attendus, mettant...","og_url":"https:\/\/www.webdo.tn\/fr\/actualite\/national\/al-irada-l-etat-d-urgence-decrete-en-prevision-des-protestations\/201535\/","og_site_name":"webdo","article_publisher":"https:\/\/www.facebook.com\/webdotn","article_published_time":"2023-01-05T13:41:00+00:00","article_modified_time":"2025-05-20T22:46:13+00:00","og_image":[{"width":750,"height":400,"url":"https:\/\/www.webdo.tn\/fr\/wp-content\/uploads\/2023\/01\/c7c81444409910986217bfff012191a8.png","type":"image\/png"}],"author":"CL","twitter_card":"summary_large_image","twitter_creator":"@webdo_tn","twitter_site":"@webdo_tn","twitter_misc":{"\u00c9crit par":"CL","Dur\u00e9e de lecture estim\u00e9e":"1 minute"},"schema":{"@context":"https:\/\/schema.org","@graph":[{"@type":"NewsArticle","@id":"https:\/\/www.webdo.tn\/fr\/actualite\/national\/al-irada-l-etat-d-urgence-decrete-en-prevision-des-protestations\/201535\/#article","isPartOf":{"@id":"https:\/\/www.webdo.tn\/fr\/actualite\/national\/al-irada-l-etat-d-urgence-decrete-en-prevision-des-protestations\/201535\/"},"author":{"name":"CL","@id":"https:\/\/www.webdo.tn\/fr\/#\/schema\/person\/f35b42a42c5e2511bbd282959d6385cc"},"headline":"Al-Irada : L&rsquo;\u00e9tat d&rsquo;urgence d\u00e9cr\u00e9t\u00e9 en pr\u00e9vision des protestations","datePublished":"2023-01-05T13:41:00+00:00","dateModified":"2025-05-20T22:46:13+00:00","mainEntityOfPage":{"@id":"https:\/\/www.webdo.tn\/fr\/actualite\/national\/al-irada-l-etat-d-urgence-decrete-en-prevision-des-protestations\/201535\/"},"wordCount":242,"commentCount":0,"publisher":{"@id":"https:\/\/www.webdo.tn\/fr\/#organization"},"image":{"@id":"https:\/\/www.webdo.tn\/fr\/actualite\/national\/al-irada-l-etat-d-urgence-decrete-en-prevision-des-protestations\/201535\/#primaryimage"},"thumbnailUrl":"https:\/\/www.webdo.tn\/fr\/wp-content\/uploads\/2023\/01\/c7c81444409910986217bfff012191a8.png","keywords":["\u00e9tat d'urgence","Tunisie"],"articleSection":["National"],"inLanguage":"fr-FR"},{"@type":"WebPage","@id":"https:\/\/www.webdo.tn\/fr\/actualite\/national\/al-irada-l-etat-d-urgence-decrete-en-prevision-des-protestations\/201535\/","url":"https:\/\/www.webdo.tn\/fr\/actualite\/national\/al-irada-l-etat-d-urgence-decrete-en-prevision-des-protestations\/201535\/","name":"Al-Irada : L'\u00e9tat d'urgence d\u00e9cr\u00e9t\u00e9 en pr\u00e9vision des protestations","isPartOf":{"@id":"https:\/\/www.webdo.tn\/fr\/#website"},"primaryImageOfPage":{"@id":"https:\/\/www.webdo.tn\/fr\/actualite\/national\/al-irada-l-etat-d-urgence-decrete-en-prevision-des-protestations\/201535\/#primaryimage"},"image":{"@id":"https:\/\/www.webdo.tn\/fr\/actualite\/national\/al-irada-l-etat-d-urgence-decrete-en-prevision-des-protestations\/201535\/#primaryimage"},"thumbnailUrl":"https:\/\/www.webdo.tn\/fr\/wp-content\/uploads\/2023\/01\/c7c81444409910986217bfff012191a8.png","datePublished":"2023-01-05T13:41:00+00:00","dateModified":"2025-05-20T22:46:13+00:00","description":"Le mouvement Tounes Al-Irada a estim\u00e9 que l'\u00e9tat d'urgence d\u00e9cr\u00e9t\u00e9 r\u00e9cemment est une mesure pr\u00e9ventive en pr\u00e9vision des mouvements populaires attendus, mettant...","breadcrumb":{"@id":"https:\/\/www.webdo.tn\/fr\/actualite\/national\/al-irada-l-etat-d-urgence-decrete-en-prevision-des-protestations\/201535\/#breadcrumb"},"inLanguage":"fr-FR","potentialAction":[{"@type":"ReadAction","target":["https:\/\/www.webdo.tn\/fr\/actualite\/national\/al-irada-l-etat-d-urgence-decrete-en-prevision-des-protestations\/201535\/"]}]},{"@type":"ImageObject","inLanguage":"fr-FR","@id":"https:\/\/www.webdo.tn\/fr\/actualite\/national\/al-irada-l-etat-d-urgence-decrete-en-prevision-des-protestations\/201535\/#primaryimage","url":"https:\/\/www.webdo.tn\/fr\/wp-content\/uploads\/2023\/01\/c7c81444409910986217bfff012191a8.png","contentUrl":"https:\/\/www.webdo.tn\/fr\/wp-content\/uploads\/2023\/01\/c7c81444409910986217bfff012191a8.png","width":750,"height":400,"caption":"Marzouki"},{"@type":"BreadcrumbList","@id":"https:\/\/www.webdo.tn\/fr\/actualite\/national\/al-irada-l-etat-d-urgence-decrete-en-prevision-des-protestations\/201535\/#breadcrumb","itemListElement":[{"@type":"ListItem","position":1,"name":"Accueil","item":"https:\/\/www.webdo.tn\/fr\/"},{"@type":"ListItem","position":2,"name":"Al-Irada : L&#8217;\u00e9tat d&#8217;urgence d\u00e9cr\u00e9t\u00e9 en pr\u00e9vision des protestations"}]},{"@type":"WebSite","@id":"https:\/\/www.webdo.tn\/fr\/#website","url":"https:\/\/www.webdo.tn\/fr\/","name":"webdo","description":"Tunisie - News en Tunisie et \u00e0 l&#039;international sur Webdo.tn","publisher":{"@id":"https:\/\/www.webdo.tn\/fr\/#organization"},"potentialAction":[{"@type":"SearchAction","target":{"@type":"EntryPoint","urlTemplate":"https:\/\/www.webdo.tn\/fr\/?s={search_term_string}"},"query-input":{"@type":"PropertyValueSpecification","valueRequired":true,"valueName":"search_term_string"}}],"inLanguage":"fr-FR"},{"@type":"Organization","@id":"https:\/\/www.webdo.tn\/fr\/#organization","name":"Webdo","alternateName":"Webdo.tn","url":"https:\/\/www.webdo.tn\/fr\/","logo":{"@type":"ImageObject","inLanguage":"fr-FR","@id":"https:\/\/www.webdo.tn\/fr\/#\/schema\/logo\/image\/","url":"https:\/\/www.webdo.tn\/fr\/wp-content\/uploads\/2025\/06\/Webdo-Tunisie_168377.jpg","contentUrl":"https:\/\/www.webdo.tn\/fr\/wp-content\/uploads\/2025\/06\/Webdo-Tunisie_168377.jpg","width":301,"height":301,"caption":"Webdo"},"image":{"@id":"https:\/\/www.webdo.tn\/fr\/#\/schema\/logo\/image\/"},"sameAs":["https:\/\/www.facebook.com\/webdotn","https:\/\/x.com\/webdo_tn"],"description":"Webdo est un m\u00e9dia num\u00e9rique tunisien fond\u00e9 en 2010, sp\u00e9cialis\u00e9 dans l\u2019actualit\u00e9 nationale et internationale, l\u2019\u00e9conomie, la soci\u00e9t\u00e9 et les analyses politiques. Le site s\u2019adresse \u00e0 un large public francophone et couvre l\u2019information tunisienne en temps r\u00e9el.","email":"redac@webdo.tn","legalName":"YNJ SARL","foundingDate":"2010-09-06","numberOfEmployees":{"@type":"QuantitativeValue","minValue":"11","maxValue":"50"}},{"@type":"Person","@id":"https:\/\/www.webdo.tn\/fr\/#\/schema\/person\/f35b42a42c5e2511bbd282959d6385cc","name":"CL","image":{"@type":"ImageObject","inLanguage":"fr-FR","@id":"https:\/\/secure.gravatar.com\/avatar\/1447a49909b67aa657c488aec6512e1dd6143a480c1ecfee9b5b5cd74eb3b59e?s=96&d=mm&r=g","url":"https:\/\/secure.gravatar.com\/avatar\/1447a49909b67aa657c488aec6512e1dd6143a480c1ecfee9b5b5cd74eb3b59e?s=96&d=mm&r=g","contentUrl":"https:\/\/secure.gravatar.com\/avatar\/1447a49909b67aa657c488aec6512e1dd6143a480c1ecfee9b5b5cd74eb3b59e?s=96&d=mm&r=g","caption":"CL"},"url":"https:\/\/www.webdo.tn\/fr\/actualite\/author\/cl\/"}]}},"_links":{"self":[{"href":"https:\/\/www.webdo.tn\/fr\/wp-json\/wp\/v2\/posts\/201535","targetHints":{"allow":["GET"]}}],"collection":[{"href":"https:\/\/www.webdo.tn\/fr\/wp-json\/wp\/v2\/posts"}],"about":[{"href":"https:\/\/www.webdo.tn\/fr\/wp-json\/wp\/v2\/types\/post"}],"author":[{"embeddable":true,"href":"https:\/\/www.webdo.tn\/fr\/wp-json\/wp\/v2\/users\/3175"}],"replies":[{"embeddable":true,"href":"https:\/\/www.webdo.tn\/fr\/wp-json\/wp\/v2\/comments?post=201535"}],"version-history":[{"count":0,"href":"https:\/\/www.webdo.tn\/fr\/wp-json\/wp\/v2\/posts\/201535\/revisions"}],"wp:featuredmedia":[{"embeddable":true,"href":"https:\/\/www.webdo.tn\/fr\/wp-json\/wp\/v2\/media\/252603"}],"wp:attachment":[{"href":"https:\/\/www.webdo.tn\/fr\/wp-json\/wp\/v2\/media?parent=201535"}],"wp:term":[{"taxonomy":"category","embeddable":true,"href":"https:\/\/www.webdo.tn\/fr\/wp-json\/wp\/v2\/categories?post=201535"},{"taxonomy":"post_tag","embeddable":true,"href":"https:\/\/www.webdo.tn\/fr\/wp-json\/wp\/v2\/tags?post=201535"}],"curies":[{"name":"wp","href":"https:\/\/api.w.org\/{rel}","templated":true}]}}