{"id":201523,"date":"2023-01-05T09:49:00","date_gmt":"2023-01-05T09:49:00","guid":{"rendered":"https:\/\/www.webdo.tn\/fr\/blog\/loi-de-finances-les-avocats-observent-un-jour-de-colere\/201523\/"},"modified":"2025-05-20T22:48:31","modified_gmt":"2025-05-20T22:48:31","slug":"loi-de-finances-les-avocats-observent-un-jour-de-colere","status":"publish","type":"post","link":"https:\/\/www.webdo.tn\/fr\/actualite\/national\/loi-de-finances-les-avocats-observent-un-jour-de-colere\/201523\/","title":{"rendered":"Loi de Finances : Les avocats observent un jour de col\u00e8re"},"content":{"rendered":"<p>A cause de la loi de Finances fraichement adopt\u00e9e, les avocats promettent l\u2019escalade.<\/p>\n<p>\t\t\t\t\t\t\t\t\tUn jour de col\u00e8re sera observ\u00e9 au Palais de la Justice \u00e0 Tunis ce jeudi 5 janvier 2023 par les avocats pour rejeter encore une fois la loi de Finances.\u00a0<\/p>\n<p>Selon le b\u00e2tonnier des avocats, cette d\u00e9cision intervient suite au blocage avec les autorit\u00e9s notamment en ce qui concerne la possibilit\u00e9 de r\u00e9viser ladite loi.\u00a0<\/p>\n<p>Hatem Mziou a promis l\u2019escalade si les autorit\u00e9s ne r\u00e9agissent pas aux revendications des avocats.<\/p>\n<p>Rappelons que\u00a0le conseil de l&rsquo;ordre des avocats a appel\u00e9 les avocats \u00e0 ne pas s\u2019acquitter de la TVA que lorsqu\u2019elle est r\u00e9ellement pay\u00e9e par le client en plus de leurs honoraires. Il a, \u00e9galement, annonc\u00e9 l\u2019organisation d\u2019une journ\u00e9e de col\u00e8re nationale le 5 janvier 2023, ainsi que des manifestations devant les tribunaux.<\/p>\n<p>Enfin, le conseil de l\u2019Ordre des avocats a insist\u00e9 sur l\u2019importance du dialogue face \u00e0 la crise que subit la Tunisie, appelant par la m\u00eame occasion le pr\u00e9sident de la R\u00e9publique \u00e0 interagir positivement avec l\u2019initiative nationale, afin de surmonter la crise et ne pas l\u2019approfondir, tout en tenant le gouvernement pleinement responsable de la d\u00e9t\u00e9rioration de la situation dans le pays.<\/p>\n<p>Lors d&rsquo;un pr\u00e9c\u00e9dent communiqu\u00e9, le S\u00e9minaire des sections r\u00e9gionales des avocats avait donn\u00e9 son feu vert au Conseil de l&rsquo;ordre national des avocats de Tunisie pour recourir \u00e0 toutes les formes de lutte possibles contre la Loi de Finances 2023 quitte \u00e0 d\u00e9clarer la d\u00e9sob\u00e9issance fiscale.<\/p>\n","protected":false},"excerpt":{"rendered":"<p>A cause de la loi de Finances fraichement adopt\u00e9e, les avocats promettent l\u2019escalade.<\/p>\n","protected":false},"author":3175,"featured_media":277525,"comment_status":"open","ping_status":"closed","sticky":false,"template":"","format":"standard","meta":{"footnotes":""},"categories":[44],"tags":[4962,2608],"class_list":["post-201523","post","type-post","status-publish","format-standard","has-post-thumbnail","hentry","category-national","tag-avocats","tag-tunisie"],"yoast_head":"<!-- This site is optimized with the Yoast SEO Premium plugin v27.4 (Yoast SEO v27.5) - https:\/\/yoast.com\/product\/yoast-seo-premium-wordpress\/ -->\n<title>Loi de Finances : Les avocats observent un jour de col\u00e8re<\/title>\n<meta name=\"description\" content=\"A cause de la loi de Finances fraichement adopt\u00e9e, les avocats promettent l\u2019escalade.\" \/>\n<link rel=\"canonical\" href=\"https:\/\/www.webdo.tn\/fr\/actualite\/national\/loi-de-finances-les-avocats-observent-un-jour-de-colere\/201523\/\" \/>\n<meta property=\"og:locale\" content=\"fr_FR\" \/>\n<meta property=\"og:type\" content=\"article\" \/>\n<meta property=\"og:title\" content=\"Loi de Finances : Les avocats observent un jour de col\u00e8re\" \/>\n<meta property=\"og:description\" content=\"A cause de la loi de Finances fraichement adopt\u00e9e, les avocats promettent l\u2019escalade.\" \/>\n<meta property=\"og:url\" content=\"https:\/\/www.webdo.tn\/fr\/actualite\/national\/loi-de-finances-les-avocats-observent-un-jour-de-colere\/201523\/\" \/>\n<meta property=\"og:site_name\" content=\"webdo\" \/>\n<meta property=\"article:publisher\" content=\"https:\/\/www.facebook.com\/webdotn\" \/>\n<meta property=\"article:published_time\" content=\"2023-01-05T09:49:00+00:00\" \/>\n<meta property=\"article:modified_time\" content=\"2025-05-20T22:48:31+00:00\" \/>\n<meta property=\"og:image\" content=\"https:\/\/www.webdo.tn\/fr\/wp-content\/uploads\/2023\/01\/749798c6866cc7d517085da37705c571.png\" \/>\n\t<meta property=\"og:image:width\" content=\"660\" \/>\n\t<meta property=\"og:image:height\" content=\"352\" \/>\n\t<meta property=\"og:image:type\" content=\"image\/png\" \/>\n<meta name=\"author\" content=\"CL\" \/>\n<meta name=\"twitter:card\" content=\"summary_large_image\" \/>\n<meta name=\"twitter:creator\" content=\"@webdo_tn\" \/>\n<meta name=\"twitter:site\" content=\"@webdo_tn\" \/>\n<meta name=\"twitter:label1\" content=\"\u00c9crit par\" \/>\n\t<meta name=\"twitter:data1\" content=\"CL\" \/>\n\t<meta name=\"twitter:label2\" content=\"Dur\u00e9e de lecture estim\u00e9e\" \/>\n\t<meta name=\"twitter:data2\" content=\"1 minute\" \/>\n<script type=\"application\/ld+json\" class=\"yoast-schema-graph\">{\"@context\":\"https:\\\/\\\/schema.org\",\"@graph\":[{\"@type\":\"NewsArticle\",\"@id\":\"https:\\\/\\\/www.webdo.tn\\\/fr\\\/actualite\\\/national\\\/loi-de-finances-les-avocats-observent-un-jour-de-colere\\\/201523\\\/#article\",\"isPartOf\":{\"@id\":\"https:\\\/\\\/www.webdo.tn\\\/fr\\\/actualite\\\/national\\\/loi-de-finances-les-avocats-observent-un-jour-de-colere\\\/201523\\\/\"},\"author\":{\"name\":\"CL\",\"@id\":\"https:\\\/\\\/www.webdo.tn\\\/fr\\\/#\\\/schema\\\/person\\\/f35b42a42c5e2511bbd282959d6385cc\"},\"headline\":\"Loi de Finances : Les avocats observent un jour de col\u00e8re\",\"datePublished\":\"2023-01-05T09:49:00+00:00\",\"dateModified\":\"2025-05-20T22:48:31+00:00\",\"mainEntityOfPage\":{\"@id\":\"https:\\\/\\\/www.webdo.tn\\\/fr\\\/actualite\\\/national\\\/loi-de-finances-les-avocats-observent-un-jour-de-colere\\\/201523\\\/\"},\"wordCount\":281,\"commentCount\":0,\"publisher\":{\"@id\":\"https:\\\/\\\/www.webdo.tn\\\/fr\\\/#organization\"},\"image\":{\"@id\":\"https:\\\/\\\/www.webdo.tn\\\/fr\\\/actualite\\\/national\\\/loi-de-finances-les-avocats-observent-un-jour-de-colere\\\/201523\\\/#primaryimage\"},\"thumbnailUrl\":\"https:\\\/\\\/www.webdo.tn\\\/fr\\\/wp-content\\\/uploads\\\/2023\\\/01\\\/749798c6866cc7d517085da37705c571.png\",\"keywords\":[\"avocats\",\"Tunisie\"],\"articleSection\":[\"National\"],\"inLanguage\":\"fr-FR\"},{\"@type\":\"WebPage\",\"@id\":\"https:\\\/\\\/www.webdo.tn\\\/fr\\\/actualite\\\/national\\\/loi-de-finances-les-avocats-observent-un-jour-de-colere\\\/201523\\\/\",\"url\":\"https:\\\/\\\/www.webdo.tn\\\/fr\\\/actualite\\\/national\\\/loi-de-finances-les-avocats-observent-un-jour-de-colere\\\/201523\\\/\",\"name\":\"Loi de Finances : Les avocats observent un jour de col\u00e8re\",\"isPartOf\":{\"@id\":\"https:\\\/\\\/www.webdo.tn\\\/fr\\\/#website\"},\"primaryImageOfPage\":{\"@id\":\"https:\\\/\\\/www.webdo.tn\\\/fr\\\/actualite\\\/national\\\/loi-de-finances-les-avocats-observent-un-jour-de-colere\\\/201523\\\/#primaryimage\"},\"image\":{\"@id\":\"https:\\\/\\\/www.webdo.tn\\\/fr\\\/actualite\\\/national\\\/loi-de-finances-les-avocats-observent-un-jour-de-colere\\\/201523\\\/#primaryimage\"},\"thumbnailUrl\":\"https:\\\/\\\/www.webdo.tn\\\/fr\\\/wp-content\\\/uploads\\\/2023\\\/01\\\/749798c6866cc7d517085da37705c571.png\",\"datePublished\":\"2023-01-05T09:49:00+00:00\",\"dateModified\":\"2025-05-20T22:48:31+00:00\",\"description\":\"A cause de la loi de Finances fraichement adopt\u00e9e, les avocats promettent l\u2019escalade.\",\"breadcrumb\":{\"@id\":\"https:\\\/\\\/www.webdo.tn\\\/fr\\\/actualite\\\/national\\\/loi-de-finances-les-avocats-observent-un-jour-de-colere\\\/201523\\\/#breadcrumb\"},\"inLanguage\":\"fr-FR\",\"potentialAction\":[{\"@type\":\"ReadAction\",\"target\":[\"https:\\\/\\\/www.webdo.tn\\\/fr\\\/actualite\\\/national\\\/loi-de-finances-les-avocats-observent-un-jour-de-colere\\\/201523\\\/\"]}]},{\"@type\":\"ImageObject\",\"inLanguage\":\"fr-FR\",\"@id\":\"https:\\\/\\\/www.webdo.tn\\\/fr\\\/actualite\\\/national\\\/loi-de-finances-les-avocats-observent-un-jour-de-colere\\\/201523\\\/#primaryimage\",\"url\":\"https:\\\/\\\/www.webdo.tn\\\/fr\\\/wp-content\\\/uploads\\\/2023\\\/01\\\/749798c6866cc7d517085da37705c571.png\",\"contentUrl\":\"https:\\\/\\\/www.webdo.tn\\\/fr\\\/wp-content\\\/uploads\\\/2023\\\/01\\\/749798c6866cc7d517085da37705c571.png\",\"width\":660,\"height\":352,\"caption\":\"avocats\"},{\"@type\":\"BreadcrumbList\",\"@id\":\"https:\\\/\\\/www.webdo.tn\\\/fr\\\/actualite\\\/national\\\/loi-de-finances-les-avocats-observent-un-jour-de-colere\\\/201523\\\/#breadcrumb\",\"itemListElement\":[{\"@type\":\"ListItem\",\"position\":1,\"name\":\"Accueil\",\"item\":\"https:\\\/\\\/www.webdo.tn\\\/fr\\\/\"},{\"@type\":\"ListItem\",\"position\":2,\"name\":\"Loi de Finances : Les avocats observent un jour de col\u00e8re\"}]},{\"@type\":\"WebSite\",\"@id\":\"https:\\\/\\\/www.webdo.tn\\\/fr\\\/#website\",\"url\":\"https:\\\/\\\/www.webdo.tn\\\/fr\\\/\",\"name\":\"webdo\",\"description\":\"Tunisie - News en Tunisie et \u00e0 l&#039;international sur Webdo.tn\",\"publisher\":{\"@id\":\"https:\\\/\\\/www.webdo.tn\\\/fr\\\/#organization\"},\"potentialAction\":[{\"@type\":\"SearchAction\",\"target\":{\"@type\":\"EntryPoint\",\"urlTemplate\":\"https:\\\/\\\/www.webdo.tn\\\/fr\\\/?s={search_term_string}\"},\"query-input\":{\"@type\":\"PropertyValueSpecification\",\"valueRequired\":true,\"valueName\":\"search_term_string\"}}],\"inLanguage\":\"fr-FR\"},{\"@type\":\"Organization\",\"@id\":\"https:\\\/\\\/www.webdo.tn\\\/fr\\\/#organization\",\"name\":\"Webdo\",\"alternateName\":\"Webdo.tn\",\"url\":\"https:\\\/\\\/www.webdo.tn\\\/fr\\\/\",\"logo\":{\"@type\":\"ImageObject\",\"inLanguage\":\"fr-FR\",\"@id\":\"https:\\\/\\\/www.webdo.tn\\\/fr\\\/#\\\/schema\\\/logo\\\/image\\\/\",\"url\":\"https:\\\/\\\/www.webdo.tn\\\/fr\\\/wp-content\\\/uploads\\\/2025\\\/06\\\/Webdo-Tunisie_168377.jpg\",\"contentUrl\":\"https:\\\/\\\/www.webdo.tn\\\/fr\\\/wp-content\\\/uploads\\\/2025\\\/06\\\/Webdo-Tunisie_168377.jpg\",\"width\":301,\"height\":301,\"caption\":\"Webdo\"},\"image\":{\"@id\":\"https:\\\/\\\/www.webdo.tn\\\/fr\\\/#\\\/schema\\\/logo\\\/image\\\/\"},\"sameAs\":[\"https:\\\/\\\/www.facebook.com\\\/webdotn\",\"https:\\\/\\\/x.com\\\/webdo_tn\"],\"description\":\"Webdo est un m\u00e9dia num\u00e9rique tunisien fond\u00e9 en 2010, sp\u00e9cialis\u00e9 dans l\u2019actualit\u00e9 nationale et internationale, l\u2019\u00e9conomie, la soci\u00e9t\u00e9 et les analyses politiques. Le site s\u2019adresse \u00e0 un large public francophone et couvre l\u2019information tunisienne en temps r\u00e9el.\",\"email\":\"redac@webdo.tn\",\"legalName\":\"YNJ SARL\",\"foundingDate\":\"2010-09-06\",\"numberOfEmployees\":{\"@type\":\"QuantitativeValue\",\"minValue\":\"11\",\"maxValue\":\"50\"}},{\"@type\":\"Person\",\"@id\":\"https:\\\/\\\/www.webdo.tn\\\/fr\\\/#\\\/schema\\\/person\\\/f35b42a42c5e2511bbd282959d6385cc\",\"name\":\"CL\",\"image\":{\"@type\":\"ImageObject\",\"inLanguage\":\"fr-FR\",\"@id\":\"https:\\\/\\\/secure.gravatar.com\\\/avatar\\\/1447a49909b67aa657c488aec6512e1dd6143a480c1ecfee9b5b5cd74eb3b59e?s=96&d=mm&r=g\",\"url\":\"https:\\\/\\\/secure.gravatar.com\\\/avatar\\\/1447a49909b67aa657c488aec6512e1dd6143a480c1ecfee9b5b5cd74eb3b59e?s=96&d=mm&r=g\",\"contentUrl\":\"https:\\\/\\\/secure.gravatar.com\\\/avatar\\\/1447a49909b67aa657c488aec6512e1dd6143a480c1ecfee9b5b5cd74eb3b59e?s=96&d=mm&r=g\",\"caption\":\"CL\"},\"url\":\"https:\\\/\\\/www.webdo.tn\\\/fr\\\/actualite\\\/author\\\/cl\\\/\"}]}<\/script>\n<!-- \/ Yoast SEO Premium plugin. -->","yoast_head_json":{"title":"Loi de Finances : Les avocats observent un jour de col\u00e8re","description":"A cause de la loi de Finances fraichement adopt\u00e9e, les avocats promettent l\u2019escalade.","canonical":"https:\/\/www.webdo.tn\/fr\/actualite\/national\/loi-de-finances-les-avocats-observent-un-jour-de-colere\/201523\/","og_locale":"fr_FR","og_type":"article","og_title":"Loi de Finances : Les avocats observent un jour de col\u00e8re","og_description":"A cause de la loi de Finances fraichement adopt\u00e9e, les avocats promettent l\u2019escalade.","og_url":"https:\/\/www.webdo.tn\/fr\/actualite\/national\/loi-de-finances-les-avocats-observent-un-jour-de-colere\/201523\/","og_site_name":"webdo","article_publisher":"https:\/\/www.facebook.com\/webdotn","article_published_time":"2023-01-05T09:49:00+00:00","article_modified_time":"2025-05-20T22:48:31+00:00","og_image":[{"width":660,"height":352,"url":"https:\/\/www.webdo.tn\/fr\/wp-content\/uploads\/2023\/01\/749798c6866cc7d517085da37705c571.png","type":"image\/png"}],"author":"CL","twitter_card":"summary_large_image","twitter_creator":"@webdo_tn","twitter_site":"@webdo_tn","twitter_misc":{"\u00c9crit par":"CL","Dur\u00e9e de lecture estim\u00e9e":"1 minute"},"schema":{"@context":"https:\/\/schema.org","@graph":[{"@type":"NewsArticle","@id":"https:\/\/www.webdo.tn\/fr\/actualite\/national\/loi-de-finances-les-avocats-observent-un-jour-de-colere\/201523\/#article","isPartOf":{"@id":"https:\/\/www.webdo.tn\/fr\/actualite\/national\/loi-de-finances-les-avocats-observent-un-jour-de-colere\/201523\/"},"author":{"name":"CL","@id":"https:\/\/www.webdo.tn\/fr\/#\/schema\/person\/f35b42a42c5e2511bbd282959d6385cc"},"headline":"Loi de Finances : Les avocats observent un jour de col\u00e8re","datePublished":"2023-01-05T09:49:00+00:00","dateModified":"2025-05-20T22:48:31+00:00","mainEntityOfPage":{"@id":"https:\/\/www.webdo.tn\/fr\/actualite\/national\/loi-de-finances-les-avocats-observent-un-jour-de-colere\/201523\/"},"wordCount":281,"commentCount":0,"publisher":{"@id":"https:\/\/www.webdo.tn\/fr\/#organization"},"image":{"@id":"https:\/\/www.webdo.tn\/fr\/actualite\/national\/loi-de-finances-les-avocats-observent-un-jour-de-colere\/201523\/#primaryimage"},"thumbnailUrl":"https:\/\/www.webdo.tn\/fr\/wp-content\/uploads\/2023\/01\/749798c6866cc7d517085da37705c571.png","keywords":["avocats","Tunisie"],"articleSection":["National"],"inLanguage":"fr-FR"},{"@type":"WebPage","@id":"https:\/\/www.webdo.tn\/fr\/actualite\/national\/loi-de-finances-les-avocats-observent-un-jour-de-colere\/201523\/","url":"https:\/\/www.webdo.tn\/fr\/actualite\/national\/loi-de-finances-les-avocats-observent-un-jour-de-colere\/201523\/","name":"Loi de Finances : Les avocats observent un jour de col\u00e8re","isPartOf":{"@id":"https:\/\/www.webdo.tn\/fr\/#website"},"primaryImageOfPage":{"@id":"https:\/\/www.webdo.tn\/fr\/actualite\/national\/loi-de-finances-les-avocats-observent-un-jour-de-colere\/201523\/#primaryimage"},"image":{"@id":"https:\/\/www.webdo.tn\/fr\/actualite\/national\/loi-de-finances-les-avocats-observent-un-jour-de-colere\/201523\/#primaryimage"},"thumbnailUrl":"https:\/\/www.webdo.tn\/fr\/wp-content\/uploads\/2023\/01\/749798c6866cc7d517085da37705c571.png","datePublished":"2023-01-05T09:49:00+00:00","dateModified":"2025-05-20T22:48:31+00:00","description":"A cause de la loi de Finances fraichement adopt\u00e9e, les avocats promettent l\u2019escalade.","breadcrumb":{"@id":"https:\/\/www.webdo.tn\/fr\/actualite\/national\/loi-de-finances-les-avocats-observent-un-jour-de-colere\/201523\/#breadcrumb"},"inLanguage":"fr-FR","potentialAction":[{"@type":"ReadAction","target":["https:\/\/www.webdo.tn\/fr\/actualite\/national\/loi-de-finances-les-avocats-observent-un-jour-de-colere\/201523\/"]}]},{"@type":"ImageObject","inLanguage":"fr-FR","@id":"https:\/\/www.webdo.tn\/fr\/actualite\/national\/loi-de-finances-les-avocats-observent-un-jour-de-colere\/201523\/#primaryimage","url":"https:\/\/www.webdo.tn\/fr\/wp-content\/uploads\/2023\/01\/749798c6866cc7d517085da37705c571.png","contentUrl":"https:\/\/www.webdo.tn\/fr\/wp-content\/uploads\/2023\/01\/749798c6866cc7d517085da37705c571.png","width":660,"height":352,"caption":"avocats"},{"@type":"BreadcrumbList","@id":"https:\/\/www.webdo.tn\/fr\/actualite\/national\/loi-de-finances-les-avocats-observent-un-jour-de-colere\/201523\/#breadcrumb","itemListElement":[{"@type":"ListItem","position":1,"name":"Accueil","item":"https:\/\/www.webdo.tn\/fr\/"},{"@type":"ListItem","position":2,"name":"Loi de Finances : Les avocats observent un jour de col\u00e8re"}]},{"@type":"WebSite","@id":"https:\/\/www.webdo.tn\/fr\/#website","url":"https:\/\/www.webdo.tn\/fr\/","name":"webdo","description":"Tunisie - News en Tunisie et \u00e0 l&#039;international sur Webdo.tn","publisher":{"@id":"https:\/\/www.webdo.tn\/fr\/#organization"},"potentialAction":[{"@type":"SearchAction","target":{"@type":"EntryPoint","urlTemplate":"https:\/\/www.webdo.tn\/fr\/?s={search_term_string}"},"query-input":{"@type":"PropertyValueSpecification","valueRequired":true,"valueName":"search_term_string"}}],"inLanguage":"fr-FR"},{"@type":"Organization","@id":"https:\/\/www.webdo.tn\/fr\/#organization","name":"Webdo","alternateName":"Webdo.tn","url":"https:\/\/www.webdo.tn\/fr\/","logo":{"@type":"ImageObject","inLanguage":"fr-FR","@id":"https:\/\/www.webdo.tn\/fr\/#\/schema\/logo\/image\/","url":"https:\/\/www.webdo.tn\/fr\/wp-content\/uploads\/2025\/06\/Webdo-Tunisie_168377.jpg","contentUrl":"https:\/\/www.webdo.tn\/fr\/wp-content\/uploads\/2025\/06\/Webdo-Tunisie_168377.jpg","width":301,"height":301,"caption":"Webdo"},"image":{"@id":"https:\/\/www.webdo.tn\/fr\/#\/schema\/logo\/image\/"},"sameAs":["https:\/\/www.facebook.com\/webdotn","https:\/\/x.com\/webdo_tn"],"description":"Webdo est un m\u00e9dia num\u00e9rique tunisien fond\u00e9 en 2010, sp\u00e9cialis\u00e9 dans l\u2019actualit\u00e9 nationale et internationale, l\u2019\u00e9conomie, la soci\u00e9t\u00e9 et les analyses politiques. Le site s\u2019adresse \u00e0 un large public francophone et couvre l\u2019information tunisienne en temps r\u00e9el.","email":"redac@webdo.tn","legalName":"YNJ SARL","foundingDate":"2010-09-06","numberOfEmployees":{"@type":"QuantitativeValue","minValue":"11","maxValue":"50"}},{"@type":"Person","@id":"https:\/\/www.webdo.tn\/fr\/#\/schema\/person\/f35b42a42c5e2511bbd282959d6385cc","name":"CL","image":{"@type":"ImageObject","inLanguage":"fr-FR","@id":"https:\/\/secure.gravatar.com\/avatar\/1447a49909b67aa657c488aec6512e1dd6143a480c1ecfee9b5b5cd74eb3b59e?s=96&d=mm&r=g","url":"https:\/\/secure.gravatar.com\/avatar\/1447a49909b67aa657c488aec6512e1dd6143a480c1ecfee9b5b5cd74eb3b59e?s=96&d=mm&r=g","contentUrl":"https:\/\/secure.gravatar.com\/avatar\/1447a49909b67aa657c488aec6512e1dd6143a480c1ecfee9b5b5cd74eb3b59e?s=96&d=mm&r=g","caption":"CL"},"url":"https:\/\/www.webdo.tn\/fr\/actualite\/author\/cl\/"}]}},"_links":{"self":[{"href":"https:\/\/www.webdo.tn\/fr\/wp-json\/wp\/v2\/posts\/201523","targetHints":{"allow":["GET"]}}],"collection":[{"href":"https:\/\/www.webdo.tn\/fr\/wp-json\/wp\/v2\/posts"}],"about":[{"href":"https:\/\/www.webdo.tn\/fr\/wp-json\/wp\/v2\/types\/post"}],"author":[{"embeddable":true,"href":"https:\/\/www.webdo.tn\/fr\/wp-json\/wp\/v2\/users\/3175"}],"replies":[{"embeddable":true,"href":"https:\/\/www.webdo.tn\/fr\/wp-json\/wp\/v2\/comments?post=201523"}],"version-history":[{"count":0,"href":"https:\/\/www.webdo.tn\/fr\/wp-json\/wp\/v2\/posts\/201523\/revisions"}],"wp:featuredmedia":[{"embeddable":true,"href":"https:\/\/www.webdo.tn\/fr\/wp-json\/wp\/v2\/media\/277525"}],"wp:attachment":[{"href":"https:\/\/www.webdo.tn\/fr\/wp-json\/wp\/v2\/media?parent=201523"}],"wp:term":[{"taxonomy":"category","embeddable":true,"href":"https:\/\/www.webdo.tn\/fr\/wp-json\/wp\/v2\/categories?post=201523"},{"taxonomy":"post_tag","embeddable":true,"href":"https:\/\/www.webdo.tn\/fr\/wp-json\/wp\/v2\/tags?post=201523"}],"curies":[{"name":"wp","href":"https:\/\/api.w.org\/{rel}","templated":true}]}}