{"id":201520,"date":"2023-01-05T09:04:00","date_gmt":"2023-01-05T09:04:00","guid":{"rendered":"https:\/\/www.webdo.tn\/fr\/blog\/augmentation-des-tarifs-des-cartes-de-recharge-une-intox\/201520\/"},"modified":"2025-05-20T22:06:41","modified_gmt":"2025-05-20T22:06:41","slug":"augmentation-des-tarifs-des-cartes-de-recharge-une-intox","status":"publish","type":"post","link":"https:\/\/www.webdo.tn\/fr\/actualite\/national\/augmentation-des-tarifs-des-cartes-de-recharge-une-intox\/201520\/","title":{"rendered":"Augmentation des tarifs des cartes de recharge, une intox"},"content":{"rendered":"<p>Une rumeur s\u2019est propag\u00e9e concernant une augmentation des tarifs des cartes de recharge aupr\u00e8s des op\u00e9rateurs t\u00e9l\u00e9phoniques.<\/p>\n<p>\t\t\t\t\t\t\t\t\tFace \u00e0 la persistance de la rumeur, le minist\u00e8re des Technologies de la Communication s\u2019est retrouv\u00e9 dans l\u2019obligation de r\u00e9agir et a d\u00e9menti toute augmentation des tarifs des cartes de recharge.<\/p>\n<p>Dans un communiqu\u00e9 publi\u00e9 dans la soir\u00e9e de mercredi 4 janvier 2023, le minist\u00e8re a pr\u00e9cis\u00e9 que les tarifs de recharge aupr\u00e8s des op\u00e9rateurs t\u00e9l\u00e9phoniques n\u2019ont pas \u00e9t\u00e9 revus \u00e0 la hausse, contrairement \u00e0 ce qui est relay\u00e9.<\/p>\n<p>Le minist\u00e8re appelle en outre les utilisateurs du t\u00e9l\u00e9phone portable \u00ab \u00e0 s\u2019assurer du non changement des tarifs appliqu\u00e9s, lors de l\u2019op\u00e9ration de chargement du solde en ligne \u00bb.<\/p>\n","protected":false},"excerpt":{"rendered":"<p>Une rumeur s\u2019est propag\u00e9e concernant une augmentation des tarifs des cartes de recharge aupr\u00e8s des op\u00e9rateurs t\u00e9l\u00e9phoniques.<\/p>\n","protected":false},"author":3162,"featured_media":277520,"comment_status":"open","ping_status":"closed","sticky":false,"template":"","format":"standard","meta":{"footnotes":""},"categories":[44],"tags":[7310,9247,6176,3410],"class_list":["post-201520","post","type-post","status-publish","format-standard","has-post-thumbnail","hentry","category-national","tag-carte","tag-operateur-telephonique","tag-recharge","tag-tarif"],"yoast_head":"<!-- This site is optimized with the Yoast SEO Premium plugin v27.4 (Yoast SEO v27.5) - https:\/\/yoast.com\/product\/yoast-seo-premium-wordpress\/ -->\n<title>Augmentation des tarifs des cartes de recharge, une intox<\/title>\n<meta name=\"description\" content=\"Une rumeur s\u2019est propag\u00e9e concernant une augmentation des tarifs des cartes de recharge aupr\u00e8s des op\u00e9rateurs t\u00e9l\u00e9phoniques.\" \/>\n<link rel=\"canonical\" href=\"https:\/\/www.webdo.tn\/fr\/actualite\/national\/augmentation-des-tarifs-des-cartes-de-recharge-une-intox\/201520\/\" \/>\n<meta property=\"og:locale\" content=\"fr_FR\" \/>\n<meta property=\"og:type\" content=\"article\" \/>\n<meta property=\"og:title\" content=\"Augmentation des tarifs des cartes de recharge, une intox\" \/>\n<meta property=\"og:description\" content=\"Une rumeur s\u2019est propag\u00e9e concernant une augmentation des tarifs des cartes de recharge aupr\u00e8s des op\u00e9rateurs t\u00e9l\u00e9phoniques.\" \/>\n<meta property=\"og:url\" content=\"https:\/\/www.webdo.tn\/fr\/actualite\/national\/augmentation-des-tarifs-des-cartes-de-recharge-une-intox\/201520\/\" \/>\n<meta property=\"og:site_name\" content=\"webdo\" \/>\n<meta property=\"article:publisher\" content=\"https:\/\/www.facebook.com\/webdotn\" \/>\n<meta property=\"article:published_time\" content=\"2023-01-05T09:04:00+00:00\" \/>\n<meta property=\"article:modified_time\" content=\"2025-05-20T22:06:41+00:00\" \/>\n<meta property=\"og:image\" content=\"https:\/\/www.webdo.tn\/fr\/wp-content\/uploads\/2023\/01\/e58d88ba183a94b29f2122d1e660de12.jpg\" \/>\n\t<meta property=\"og:image:width\" content=\"680\" \/>\n\t<meta property=\"og:image:height\" content=\"363\" \/>\n\t<meta property=\"og:image:type\" content=\"image\/jpeg\" \/>\n<meta name=\"author\" content=\"MC\" \/>\n<meta name=\"twitter:card\" content=\"summary_large_image\" \/>\n<meta name=\"twitter:creator\" content=\"@webdo_tn\" \/>\n<meta name=\"twitter:site\" content=\"@webdo_tn\" \/>\n<meta name=\"twitter:label1\" content=\"\u00c9crit par\" \/>\n\t<meta name=\"twitter:data1\" content=\"MC\" \/>\n\t<meta name=\"twitter:label2\" content=\"Dur\u00e9e de lecture estim\u00e9e\" \/>\n\t<meta name=\"twitter:data2\" content=\"1 minute\" \/>\n<script type=\"application\/ld+json\" class=\"yoast-schema-graph\">{\"@context\":\"https:\\\/\\\/schema.org\",\"@graph\":[{\"@type\":\"NewsArticle\",\"@id\":\"https:\\\/\\\/www.webdo.tn\\\/fr\\\/actualite\\\/national\\\/augmentation-des-tarifs-des-cartes-de-recharge-une-intox\\\/201520\\\/#article\",\"isPartOf\":{\"@id\":\"https:\\\/\\\/www.webdo.tn\\\/fr\\\/actualite\\\/national\\\/augmentation-des-tarifs-des-cartes-de-recharge-une-intox\\\/201520\\\/\"},\"author\":{\"name\":\"MC\",\"@id\":\"https:\\\/\\\/www.webdo.tn\\\/fr\\\/#\\\/schema\\\/person\\\/2c4929cbf5a809e3bd38617c6ce150f6\"},\"headline\":\"Augmentation des tarifs des cartes de recharge, une intox\",\"datePublished\":\"2023-01-05T09:04:00+00:00\",\"dateModified\":\"2025-05-20T22:06:41+00:00\",\"mainEntityOfPage\":{\"@id\":\"https:\\\/\\\/www.webdo.tn\\\/fr\\\/actualite\\\/national\\\/augmentation-des-tarifs-des-cartes-de-recharge-une-intox\\\/201520\\\/\"},\"wordCount\":142,\"commentCount\":0,\"publisher\":{\"@id\":\"https:\\\/\\\/www.webdo.tn\\\/fr\\\/#organization\"},\"image\":{\"@id\":\"https:\\\/\\\/www.webdo.tn\\\/fr\\\/actualite\\\/national\\\/augmentation-des-tarifs-des-cartes-de-recharge-une-intox\\\/201520\\\/#primaryimage\"},\"thumbnailUrl\":\"https:\\\/\\\/www.webdo.tn\\\/fr\\\/wp-content\\\/uploads\\\/2023\\\/01\\\/e58d88ba183a94b29f2122d1e660de12.jpg\",\"keywords\":[\"carte\",\"op\u00e9rateur t\u00e9l\u00e9phonique\",\"recharge\",\"tarif\"],\"articleSection\":[\"National\"],\"inLanguage\":\"fr-FR\"},{\"@type\":\"WebPage\",\"@id\":\"https:\\\/\\\/www.webdo.tn\\\/fr\\\/actualite\\\/national\\\/augmentation-des-tarifs-des-cartes-de-recharge-une-intox\\\/201520\\\/\",\"url\":\"https:\\\/\\\/www.webdo.tn\\\/fr\\\/actualite\\\/national\\\/augmentation-des-tarifs-des-cartes-de-recharge-une-intox\\\/201520\\\/\",\"name\":\"Augmentation des tarifs des cartes de recharge, une intox\",\"isPartOf\":{\"@id\":\"https:\\\/\\\/www.webdo.tn\\\/fr\\\/#website\"},\"primaryImageOfPage\":{\"@id\":\"https:\\\/\\\/www.webdo.tn\\\/fr\\\/actualite\\\/national\\\/augmentation-des-tarifs-des-cartes-de-recharge-une-intox\\\/201520\\\/#primaryimage\"},\"image\":{\"@id\":\"https:\\\/\\\/www.webdo.tn\\\/fr\\\/actualite\\\/national\\\/augmentation-des-tarifs-des-cartes-de-recharge-une-intox\\\/201520\\\/#primaryimage\"},\"thumbnailUrl\":\"https:\\\/\\\/www.webdo.tn\\\/fr\\\/wp-content\\\/uploads\\\/2023\\\/01\\\/e58d88ba183a94b29f2122d1e660de12.jpg\",\"datePublished\":\"2023-01-05T09:04:00+00:00\",\"dateModified\":\"2025-05-20T22:06:41+00:00\",\"description\":\"Une rumeur s\u2019est propag\u00e9e concernant une augmentation des tarifs des cartes de recharge aupr\u00e8s des op\u00e9rateurs t\u00e9l\u00e9phoniques.\",\"breadcrumb\":{\"@id\":\"https:\\\/\\\/www.webdo.tn\\\/fr\\\/actualite\\\/national\\\/augmentation-des-tarifs-des-cartes-de-recharge-une-intox\\\/201520\\\/#breadcrumb\"},\"inLanguage\":\"fr-FR\",\"potentialAction\":[{\"@type\":\"ReadAction\",\"target\":[\"https:\\\/\\\/www.webdo.tn\\\/fr\\\/actualite\\\/national\\\/augmentation-des-tarifs-des-cartes-de-recharge-une-intox\\\/201520\\\/\"]}]},{\"@type\":\"ImageObject\",\"inLanguage\":\"fr-FR\",\"@id\":\"https:\\\/\\\/www.webdo.tn\\\/fr\\\/actualite\\\/national\\\/augmentation-des-tarifs-des-cartes-de-recharge-une-intox\\\/201520\\\/#primaryimage\",\"url\":\"https:\\\/\\\/www.webdo.tn\\\/fr\\\/wp-content\\\/uploads\\\/2023\\\/01\\\/e58d88ba183a94b29f2122d1e660de12.jpg\",\"contentUrl\":\"https:\\\/\\\/www.webdo.tn\\\/fr\\\/wp-content\\\/uploads\\\/2023\\\/01\\\/e58d88ba183a94b29f2122d1e660de12.jpg\",\"width\":680,\"height\":363,\"caption\":\"Augmentation des tarifs des cartes de recharge, une intox\"},{\"@type\":\"BreadcrumbList\",\"@id\":\"https:\\\/\\\/www.webdo.tn\\\/fr\\\/actualite\\\/national\\\/augmentation-des-tarifs-des-cartes-de-recharge-une-intox\\\/201520\\\/#breadcrumb\",\"itemListElement\":[{\"@type\":\"ListItem\",\"position\":1,\"name\":\"Accueil\",\"item\":\"https:\\\/\\\/www.webdo.tn\\\/fr\\\/\"},{\"@type\":\"ListItem\",\"position\":2,\"name\":\"Augmentation des tarifs des cartes de recharge, une intox\"}]},{\"@type\":\"WebSite\",\"@id\":\"https:\\\/\\\/www.webdo.tn\\\/fr\\\/#website\",\"url\":\"https:\\\/\\\/www.webdo.tn\\\/fr\\\/\",\"name\":\"webdo\",\"description\":\"Tunisie - News en Tunisie et \u00e0 l&#039;international sur Webdo.tn\",\"publisher\":{\"@id\":\"https:\\\/\\\/www.webdo.tn\\\/fr\\\/#organization\"},\"potentialAction\":[{\"@type\":\"SearchAction\",\"target\":{\"@type\":\"EntryPoint\",\"urlTemplate\":\"https:\\\/\\\/www.webdo.tn\\\/fr\\\/?s={search_term_string}\"},\"query-input\":{\"@type\":\"PropertyValueSpecification\",\"valueRequired\":true,\"valueName\":\"search_term_string\"}}],\"inLanguage\":\"fr-FR\"},{\"@type\":\"Organization\",\"@id\":\"https:\\\/\\\/www.webdo.tn\\\/fr\\\/#organization\",\"name\":\"Webdo\",\"alternateName\":\"Webdo.tn\",\"url\":\"https:\\\/\\\/www.webdo.tn\\\/fr\\\/\",\"logo\":{\"@type\":\"ImageObject\",\"inLanguage\":\"fr-FR\",\"@id\":\"https:\\\/\\\/www.webdo.tn\\\/fr\\\/#\\\/schema\\\/logo\\\/image\\\/\",\"url\":\"https:\\\/\\\/www.webdo.tn\\\/fr\\\/wp-content\\\/uploads\\\/2025\\\/06\\\/Webdo-Tunisie_168377.jpg\",\"contentUrl\":\"https:\\\/\\\/www.webdo.tn\\\/fr\\\/wp-content\\\/uploads\\\/2025\\\/06\\\/Webdo-Tunisie_168377.jpg\",\"width\":301,\"height\":301,\"caption\":\"Webdo\"},\"image\":{\"@id\":\"https:\\\/\\\/www.webdo.tn\\\/fr\\\/#\\\/schema\\\/logo\\\/image\\\/\"},\"sameAs\":[\"https:\\\/\\\/www.facebook.com\\\/webdotn\",\"https:\\\/\\\/x.com\\\/webdo_tn\"],\"description\":\"Webdo est un m\u00e9dia num\u00e9rique tunisien fond\u00e9 en 2010, sp\u00e9cialis\u00e9 dans l\u2019actualit\u00e9 nationale et internationale, l\u2019\u00e9conomie, la soci\u00e9t\u00e9 et les analyses politiques. Le site s\u2019adresse \u00e0 un large public francophone et couvre l\u2019information tunisienne en temps r\u00e9el.\",\"email\":\"redac@webdo.tn\",\"legalName\":\"YNJ SARL\",\"foundingDate\":\"2010-09-06\",\"numberOfEmployees\":{\"@type\":\"QuantitativeValue\",\"minValue\":\"11\",\"maxValue\":\"50\"}},{\"@type\":\"Person\",\"@id\":\"https:\\\/\\\/www.webdo.tn\\\/fr\\\/#\\\/schema\\\/person\\\/2c4929cbf5a809e3bd38617c6ce150f6\",\"name\":\"MC\",\"image\":{\"@type\":\"ImageObject\",\"inLanguage\":\"fr-FR\",\"@id\":\"https:\\\/\\\/secure.gravatar.com\\\/avatar\\\/a545bbb6f84efdd5553dbbc2895e3ca8f1d12c5215e00a041c9670b54aa9b18a?s=96&d=mm&r=g\",\"url\":\"https:\\\/\\\/secure.gravatar.com\\\/avatar\\\/a545bbb6f84efdd5553dbbc2895e3ca8f1d12c5215e00a041c9670b54aa9b18a?s=96&d=mm&r=g\",\"contentUrl\":\"https:\\\/\\\/secure.gravatar.com\\\/avatar\\\/a545bbb6f84efdd5553dbbc2895e3ca8f1d12c5215e00a041c9670b54aa9b18a?s=96&d=mm&r=g\",\"caption\":\"MC\"},\"url\":\"https:\\\/\\\/www.webdo.tn\\\/fr\\\/actualite\\\/author\\\/mc\\\/\"}]}<\/script>\n<!-- \/ Yoast SEO Premium plugin. -->","yoast_head_json":{"title":"Augmentation des tarifs des cartes de recharge, une intox","description":"Une rumeur s\u2019est propag\u00e9e concernant une augmentation des tarifs des cartes de recharge aupr\u00e8s des op\u00e9rateurs t\u00e9l\u00e9phoniques.","canonical":"https:\/\/www.webdo.tn\/fr\/actualite\/national\/augmentation-des-tarifs-des-cartes-de-recharge-une-intox\/201520\/","og_locale":"fr_FR","og_type":"article","og_title":"Augmentation des tarifs des cartes de recharge, une intox","og_description":"Une rumeur s\u2019est propag\u00e9e concernant une augmentation des tarifs des cartes de recharge aupr\u00e8s des op\u00e9rateurs t\u00e9l\u00e9phoniques.","og_url":"https:\/\/www.webdo.tn\/fr\/actualite\/national\/augmentation-des-tarifs-des-cartes-de-recharge-une-intox\/201520\/","og_site_name":"webdo","article_publisher":"https:\/\/www.facebook.com\/webdotn","article_published_time":"2023-01-05T09:04:00+00:00","article_modified_time":"2025-05-20T22:06:41+00:00","og_image":[{"width":680,"height":363,"url":"https:\/\/www.webdo.tn\/fr\/wp-content\/uploads\/2023\/01\/e58d88ba183a94b29f2122d1e660de12.jpg","type":"image\/jpeg"}],"author":"MC","twitter_card":"summary_large_image","twitter_creator":"@webdo_tn","twitter_site":"@webdo_tn","twitter_misc":{"\u00c9crit par":"MC","Dur\u00e9e de lecture estim\u00e9e":"1 minute"},"schema":{"@context":"https:\/\/schema.org","@graph":[{"@type":"NewsArticle","@id":"https:\/\/www.webdo.tn\/fr\/actualite\/national\/augmentation-des-tarifs-des-cartes-de-recharge-une-intox\/201520\/#article","isPartOf":{"@id":"https:\/\/www.webdo.tn\/fr\/actualite\/national\/augmentation-des-tarifs-des-cartes-de-recharge-une-intox\/201520\/"},"author":{"name":"MC","@id":"https:\/\/www.webdo.tn\/fr\/#\/schema\/person\/2c4929cbf5a809e3bd38617c6ce150f6"},"headline":"Augmentation des tarifs des cartes de recharge, une intox","datePublished":"2023-01-05T09:04:00+00:00","dateModified":"2025-05-20T22:06:41+00:00","mainEntityOfPage":{"@id":"https:\/\/www.webdo.tn\/fr\/actualite\/national\/augmentation-des-tarifs-des-cartes-de-recharge-une-intox\/201520\/"},"wordCount":142,"commentCount":0,"publisher":{"@id":"https:\/\/www.webdo.tn\/fr\/#organization"},"image":{"@id":"https:\/\/www.webdo.tn\/fr\/actualite\/national\/augmentation-des-tarifs-des-cartes-de-recharge-une-intox\/201520\/#primaryimage"},"thumbnailUrl":"https:\/\/www.webdo.tn\/fr\/wp-content\/uploads\/2023\/01\/e58d88ba183a94b29f2122d1e660de12.jpg","keywords":["carte","op\u00e9rateur t\u00e9l\u00e9phonique","recharge","tarif"],"articleSection":["National"],"inLanguage":"fr-FR"},{"@type":"WebPage","@id":"https:\/\/www.webdo.tn\/fr\/actualite\/national\/augmentation-des-tarifs-des-cartes-de-recharge-une-intox\/201520\/","url":"https:\/\/www.webdo.tn\/fr\/actualite\/national\/augmentation-des-tarifs-des-cartes-de-recharge-une-intox\/201520\/","name":"Augmentation des tarifs des cartes de recharge, une intox","isPartOf":{"@id":"https:\/\/www.webdo.tn\/fr\/#website"},"primaryImageOfPage":{"@id":"https:\/\/www.webdo.tn\/fr\/actualite\/national\/augmentation-des-tarifs-des-cartes-de-recharge-une-intox\/201520\/#primaryimage"},"image":{"@id":"https:\/\/www.webdo.tn\/fr\/actualite\/national\/augmentation-des-tarifs-des-cartes-de-recharge-une-intox\/201520\/#primaryimage"},"thumbnailUrl":"https:\/\/www.webdo.tn\/fr\/wp-content\/uploads\/2023\/01\/e58d88ba183a94b29f2122d1e660de12.jpg","datePublished":"2023-01-05T09:04:00+00:00","dateModified":"2025-05-20T22:06:41+00:00","description":"Une rumeur s\u2019est propag\u00e9e concernant une augmentation des tarifs des cartes de recharge aupr\u00e8s des op\u00e9rateurs t\u00e9l\u00e9phoniques.","breadcrumb":{"@id":"https:\/\/www.webdo.tn\/fr\/actualite\/national\/augmentation-des-tarifs-des-cartes-de-recharge-une-intox\/201520\/#breadcrumb"},"inLanguage":"fr-FR","potentialAction":[{"@type":"ReadAction","target":["https:\/\/www.webdo.tn\/fr\/actualite\/national\/augmentation-des-tarifs-des-cartes-de-recharge-une-intox\/201520\/"]}]},{"@type":"ImageObject","inLanguage":"fr-FR","@id":"https:\/\/www.webdo.tn\/fr\/actualite\/national\/augmentation-des-tarifs-des-cartes-de-recharge-une-intox\/201520\/#primaryimage","url":"https:\/\/www.webdo.tn\/fr\/wp-content\/uploads\/2023\/01\/e58d88ba183a94b29f2122d1e660de12.jpg","contentUrl":"https:\/\/www.webdo.tn\/fr\/wp-content\/uploads\/2023\/01\/e58d88ba183a94b29f2122d1e660de12.jpg","width":680,"height":363,"caption":"Augmentation des tarifs des cartes de recharge, une intox"},{"@type":"BreadcrumbList","@id":"https:\/\/www.webdo.tn\/fr\/actualite\/national\/augmentation-des-tarifs-des-cartes-de-recharge-une-intox\/201520\/#breadcrumb","itemListElement":[{"@type":"ListItem","position":1,"name":"Accueil","item":"https:\/\/www.webdo.tn\/fr\/"},{"@type":"ListItem","position":2,"name":"Augmentation des tarifs des cartes de recharge, une intox"}]},{"@type":"WebSite","@id":"https:\/\/www.webdo.tn\/fr\/#website","url":"https:\/\/www.webdo.tn\/fr\/","name":"webdo","description":"Tunisie - News en Tunisie et \u00e0 l&#039;international sur Webdo.tn","publisher":{"@id":"https:\/\/www.webdo.tn\/fr\/#organization"},"potentialAction":[{"@type":"SearchAction","target":{"@type":"EntryPoint","urlTemplate":"https:\/\/www.webdo.tn\/fr\/?s={search_term_string}"},"query-input":{"@type":"PropertyValueSpecification","valueRequired":true,"valueName":"search_term_string"}}],"inLanguage":"fr-FR"},{"@type":"Organization","@id":"https:\/\/www.webdo.tn\/fr\/#organization","name":"Webdo","alternateName":"Webdo.tn","url":"https:\/\/www.webdo.tn\/fr\/","logo":{"@type":"ImageObject","inLanguage":"fr-FR","@id":"https:\/\/www.webdo.tn\/fr\/#\/schema\/logo\/image\/","url":"https:\/\/www.webdo.tn\/fr\/wp-content\/uploads\/2025\/06\/Webdo-Tunisie_168377.jpg","contentUrl":"https:\/\/www.webdo.tn\/fr\/wp-content\/uploads\/2025\/06\/Webdo-Tunisie_168377.jpg","width":301,"height":301,"caption":"Webdo"},"image":{"@id":"https:\/\/www.webdo.tn\/fr\/#\/schema\/logo\/image\/"},"sameAs":["https:\/\/www.facebook.com\/webdotn","https:\/\/x.com\/webdo_tn"],"description":"Webdo est un m\u00e9dia num\u00e9rique tunisien fond\u00e9 en 2010, sp\u00e9cialis\u00e9 dans l\u2019actualit\u00e9 nationale et internationale, l\u2019\u00e9conomie, la soci\u00e9t\u00e9 et les analyses politiques. Le site s\u2019adresse \u00e0 un large public francophone et couvre l\u2019information tunisienne en temps r\u00e9el.","email":"redac@webdo.tn","legalName":"YNJ SARL","foundingDate":"2010-09-06","numberOfEmployees":{"@type":"QuantitativeValue","minValue":"11","maxValue":"50"}},{"@type":"Person","@id":"https:\/\/www.webdo.tn\/fr\/#\/schema\/person\/2c4929cbf5a809e3bd38617c6ce150f6","name":"MC","image":{"@type":"ImageObject","inLanguage":"fr-FR","@id":"https:\/\/secure.gravatar.com\/avatar\/a545bbb6f84efdd5553dbbc2895e3ca8f1d12c5215e00a041c9670b54aa9b18a?s=96&d=mm&r=g","url":"https:\/\/secure.gravatar.com\/avatar\/a545bbb6f84efdd5553dbbc2895e3ca8f1d12c5215e00a041c9670b54aa9b18a?s=96&d=mm&r=g","contentUrl":"https:\/\/secure.gravatar.com\/avatar\/a545bbb6f84efdd5553dbbc2895e3ca8f1d12c5215e00a041c9670b54aa9b18a?s=96&d=mm&r=g","caption":"MC"},"url":"https:\/\/www.webdo.tn\/fr\/actualite\/author\/mc\/"}]}},"_links":{"self":[{"href":"https:\/\/www.webdo.tn\/fr\/wp-json\/wp\/v2\/posts\/201520","targetHints":{"allow":["GET"]}}],"collection":[{"href":"https:\/\/www.webdo.tn\/fr\/wp-json\/wp\/v2\/posts"}],"about":[{"href":"https:\/\/www.webdo.tn\/fr\/wp-json\/wp\/v2\/types\/post"}],"author":[{"embeddable":true,"href":"https:\/\/www.webdo.tn\/fr\/wp-json\/wp\/v2\/users\/3162"}],"replies":[{"embeddable":true,"href":"https:\/\/www.webdo.tn\/fr\/wp-json\/wp\/v2\/comments?post=201520"}],"version-history":[{"count":0,"href":"https:\/\/www.webdo.tn\/fr\/wp-json\/wp\/v2\/posts\/201520\/revisions"}],"wp:featuredmedia":[{"embeddable":true,"href":"https:\/\/www.webdo.tn\/fr\/wp-json\/wp\/v2\/media\/277520"}],"wp:attachment":[{"href":"https:\/\/www.webdo.tn\/fr\/wp-json\/wp\/v2\/media?parent=201520"}],"wp:term":[{"taxonomy":"category","embeddable":true,"href":"https:\/\/www.webdo.tn\/fr\/wp-json\/wp\/v2\/categories?post=201520"},{"taxonomy":"post_tag","embeddable":true,"href":"https:\/\/www.webdo.tn\/fr\/wp-json\/wp\/v2\/tags?post=201520"}],"curies":[{"name":"wp","href":"https:\/\/api.w.org\/{rel}","templated":true}]}}