{"id":201502,"date":"2023-01-04T18:59:00","date_gmt":"2023-01-04T18:59:00","guid":{"rendered":"https:\/\/www.webdo.tn\/fr\/blog\/tunisie-appel-d-offres-pour-l-achat-de-175-mille-tonnes-de-cereales\/201502\/"},"modified":"2025-05-20T22:48:28","modified_gmt":"2025-05-20T22:48:28","slug":"tunisie-appel-d-offres-pour-l-achat-de-175-mille-tonnes-de-cereales","status":"publish","type":"post","link":"https:\/\/www.webdo.tn\/fr\/actualite\/national\/tunisie-appel-d-offres-pour-l-achat-de-175-mille-tonnes-de-cereales\/201502\/","title":{"rendered":"Tunisie : Appel d\u2019offres pour l\u2019achat de 175 mille tonnes de c\u00e9r\u00e9ales"},"content":{"rendered":"<p>La Tunisie vient de lancer un appel d\u2019offres pour l\u2019achat de 100 mille tonnes de bl\u00e9 tendre et de 75 mille tonnes d\u2019orge fourrag\u00e8re.<\/p>\n<p>\t\t\t\t\t\t\t\t\tC\u2019est l\u2019Office tunisien des c\u00e9r\u00e9ales qui a lanc\u00e9 cet appel d\u2019offres, selon l\u2019agence de presse Reuters.\u00a0<\/p>\n<p>Le dernier d\u00e9lai pour la pr\u00e9sentation des offres a \u00e9t\u00e9 fix\u00e9 pour demain jeudi 5 janvier.\u00a0<\/p>\n<p>Il faut rappeler qu\u2019un d\u00e9cret pr\u00e9sidentiel portant ratification de l&rsquo;accord de garantie conclu le 11 ao\u00fbt 2022 entre la R\u00e9publique tunisienne et la Banque europ\u00e9enne pour la reconstruction et le d\u00e9veloppement (BERD) est paru dans le Journal officiel de la r\u00e9publique tunisienne (JORT).\u00a0<\/p>\n<p>Ce d\u00e9cret est relatif au pr\u00eat accord\u00e9 par la BERD, d&rsquo;un montant de 150,5 millions d&rsquo;euros, \u00e0 l&rsquo;Office des c\u00e9r\u00e9ales, pour la contribution au financement du projet de la r\u00e9ponse \u00e0 la r\u00e9silience de la s\u00e9curit\u00e9 alimentaire.<\/p>\n","protected":false},"excerpt":{"rendered":"<p>La Tunisie vient de lancer un appel d\u2019offres pour l\u2019achat de 100 mille tonnes de bl\u00e9 tendre et de 75 mille tonnes d\u2019orge fourrag\u00e8re.<\/p>\n","protected":false},"author":3175,"featured_media":277514,"comment_status":"open","ping_status":"closed","sticky":false,"template":"","format":"standard","meta":{"footnotes":""},"categories":[44],"tags":[3415,2608],"class_list":["post-201502","post","type-post","status-publish","format-standard","has-post-thumbnail","hentry","category-national","tag-cereales","tag-tunisie"],"yoast_head":"<!-- This site is optimized with the Yoast SEO Premium plugin v27.5 (Yoast SEO v27.5) - https:\/\/yoast.com\/product\/yoast-seo-premium-wordpress\/ -->\n<title>Tunisie : Appel d\u2019offres pour l\u2019achat de 175 mille tonnes de c\u00e9r\u00e9ales<\/title>\n<meta name=\"description\" content=\"La Tunisie vient de lancer un appel d\u2019offres pour l\u2019achat de 100 mille tonnes de bl\u00e9 tendre et de 75 mille tonnes d\u2019orge fourrag\u00e8re.\" \/>\n<link rel=\"canonical\" href=\"https:\/\/www.webdo.tn\/fr\/actualite\/national\/tunisie-appel-d-offres-pour-l-achat-de-175-mille-tonnes-de-cereales\/201502\/\" \/>\n<meta property=\"og:locale\" content=\"fr_FR\" \/>\n<meta property=\"og:type\" content=\"article\" \/>\n<meta property=\"og:title\" content=\"Tunisie : Appel d\u2019offres pour l\u2019achat de 175 mille tonnes de c\u00e9r\u00e9ales\" \/>\n<meta property=\"og:description\" content=\"La Tunisie vient de lancer un appel d\u2019offres pour l\u2019achat de 100 mille tonnes de bl\u00e9 tendre et de 75 mille tonnes d\u2019orge fourrag\u00e8re.\" \/>\n<meta property=\"og:url\" content=\"https:\/\/www.webdo.tn\/fr\/actualite\/national\/tunisie-appel-d-offres-pour-l-achat-de-175-mille-tonnes-de-cereales\/201502\/\" \/>\n<meta property=\"og:site_name\" content=\"webdo\" \/>\n<meta property=\"article:publisher\" content=\"https:\/\/www.facebook.com\/webdotn\" \/>\n<meta property=\"article:published_time\" content=\"2023-01-04T18:59:00+00:00\" \/>\n<meta property=\"article:modified_time\" content=\"2025-05-20T22:48:28+00:00\" \/>\n<meta property=\"og:image\" content=\"https:\/\/www.webdo.tn\/fr\/wp-content\/uploads\/2023\/01\/6a7973fd7140d60acce1b6bfb5f5dc90.jpg\" \/>\n\t<meta property=\"og:image:width\" content=\"626\" \/>\n\t<meta property=\"og:image:height\" content=\"334\" \/>\n\t<meta property=\"og:image:type\" content=\"image\/jpeg\" \/>\n<meta name=\"author\" content=\"CL\" \/>\n<meta name=\"twitter:card\" content=\"summary_large_image\" \/>\n<meta name=\"twitter:creator\" content=\"@webdo_tn\" \/>\n<meta name=\"twitter:site\" content=\"@webdo_tn\" \/>\n<meta name=\"twitter:label1\" content=\"\u00c9crit par\" \/>\n\t<meta name=\"twitter:data1\" content=\"CL\" \/>\n\t<meta name=\"twitter:label2\" content=\"Dur\u00e9e de lecture estim\u00e9e\" \/>\n\t<meta name=\"twitter:data2\" content=\"1 minute\" \/>\n<script type=\"application\/ld+json\" class=\"yoast-schema-graph\">{\"@context\":\"https:\\\/\\\/schema.org\",\"@graph\":[{\"@type\":\"NewsArticle\",\"@id\":\"https:\\\/\\\/www.webdo.tn\\\/fr\\\/actualite\\\/national\\\/tunisie-appel-d-offres-pour-l-achat-de-175-mille-tonnes-de-cereales\\\/201502\\\/#article\",\"isPartOf\":{\"@id\":\"https:\\\/\\\/www.webdo.tn\\\/fr\\\/actualite\\\/national\\\/tunisie-appel-d-offres-pour-l-achat-de-175-mille-tonnes-de-cereales\\\/201502\\\/\"},\"author\":{\"name\":\"CL\",\"@id\":\"https:\\\/\\\/www.webdo.tn\\\/fr\\\/#\\\/schema\\\/person\\\/f35b42a42c5e2511bbd282959d6385cc\"},\"headline\":\"Tunisie : Appel d\u2019offres pour l\u2019achat de 175 mille tonnes de c\u00e9r\u00e9ales\",\"datePublished\":\"2023-01-04T18:59:00+00:00\",\"dateModified\":\"2025-05-20T22:48:28+00:00\",\"mainEntityOfPage\":{\"@id\":\"https:\\\/\\\/www.webdo.tn\\\/fr\\\/actualite\\\/national\\\/tunisie-appel-d-offres-pour-l-achat-de-175-mille-tonnes-de-cereales\\\/201502\\\/\"},\"wordCount\":173,\"commentCount\":0,\"publisher\":{\"@id\":\"https:\\\/\\\/www.webdo.tn\\\/fr\\\/#organization\"},\"image\":{\"@id\":\"https:\\\/\\\/www.webdo.tn\\\/fr\\\/actualite\\\/national\\\/tunisie-appel-d-offres-pour-l-achat-de-175-mille-tonnes-de-cereales\\\/201502\\\/#primaryimage\"},\"thumbnailUrl\":\"https:\\\/\\\/www.webdo.tn\\\/fr\\\/wp-content\\\/uploads\\\/2023\\\/01\\\/6a7973fd7140d60acce1b6bfb5f5dc90.jpg\",\"keywords\":[\"c\u00e9r\u00e9ales\",\"Tunisie\"],\"articleSection\":[\"National\"],\"inLanguage\":\"fr-FR\"},{\"@type\":\"WebPage\",\"@id\":\"https:\\\/\\\/www.webdo.tn\\\/fr\\\/actualite\\\/national\\\/tunisie-appel-d-offres-pour-l-achat-de-175-mille-tonnes-de-cereales\\\/201502\\\/\",\"url\":\"https:\\\/\\\/www.webdo.tn\\\/fr\\\/actualite\\\/national\\\/tunisie-appel-d-offres-pour-l-achat-de-175-mille-tonnes-de-cereales\\\/201502\\\/\",\"name\":\"Tunisie : Appel d\u2019offres pour l\u2019achat de 175 mille tonnes de c\u00e9r\u00e9ales\",\"isPartOf\":{\"@id\":\"https:\\\/\\\/www.webdo.tn\\\/fr\\\/#website\"},\"primaryImageOfPage\":{\"@id\":\"https:\\\/\\\/www.webdo.tn\\\/fr\\\/actualite\\\/national\\\/tunisie-appel-d-offres-pour-l-achat-de-175-mille-tonnes-de-cereales\\\/201502\\\/#primaryimage\"},\"image\":{\"@id\":\"https:\\\/\\\/www.webdo.tn\\\/fr\\\/actualite\\\/national\\\/tunisie-appel-d-offres-pour-l-achat-de-175-mille-tonnes-de-cereales\\\/201502\\\/#primaryimage\"},\"thumbnailUrl\":\"https:\\\/\\\/www.webdo.tn\\\/fr\\\/wp-content\\\/uploads\\\/2023\\\/01\\\/6a7973fd7140d60acce1b6bfb5f5dc90.jpg\",\"datePublished\":\"2023-01-04T18:59:00+00:00\",\"dateModified\":\"2025-05-20T22:48:28+00:00\",\"description\":\"La Tunisie vient de lancer un appel d\u2019offres pour l\u2019achat de 100 mille tonnes de bl\u00e9 tendre et de 75 mille tonnes d\u2019orge fourrag\u00e8re.\",\"breadcrumb\":{\"@id\":\"https:\\\/\\\/www.webdo.tn\\\/fr\\\/actualite\\\/national\\\/tunisie-appel-d-offres-pour-l-achat-de-175-mille-tonnes-de-cereales\\\/201502\\\/#breadcrumb\"},\"inLanguage\":\"fr-FR\",\"potentialAction\":[{\"@type\":\"ReadAction\",\"target\":[\"https:\\\/\\\/www.webdo.tn\\\/fr\\\/actualite\\\/national\\\/tunisie-appel-d-offres-pour-l-achat-de-175-mille-tonnes-de-cereales\\\/201502\\\/\"]}]},{\"@type\":\"ImageObject\",\"inLanguage\":\"fr-FR\",\"@id\":\"https:\\\/\\\/www.webdo.tn\\\/fr\\\/actualite\\\/national\\\/tunisie-appel-d-offres-pour-l-achat-de-175-mille-tonnes-de-cereales\\\/201502\\\/#primaryimage\",\"url\":\"https:\\\/\\\/www.webdo.tn\\\/fr\\\/wp-content\\\/uploads\\\/2023\\\/01\\\/6a7973fd7140d60acce1b6bfb5f5dc90.jpg\",\"contentUrl\":\"https:\\\/\\\/www.webdo.tn\\\/fr\\\/wp-content\\\/uploads\\\/2023\\\/01\\\/6a7973fd7140d60acce1b6bfb5f5dc90.jpg\",\"width\":626,\"height\":334,\"caption\":\"Bl\u00e9\"},{\"@type\":\"BreadcrumbList\",\"@id\":\"https:\\\/\\\/www.webdo.tn\\\/fr\\\/actualite\\\/national\\\/tunisie-appel-d-offres-pour-l-achat-de-175-mille-tonnes-de-cereales\\\/201502\\\/#breadcrumb\",\"itemListElement\":[{\"@type\":\"ListItem\",\"position\":1,\"name\":\"Accueil\",\"item\":\"https:\\\/\\\/www.webdo.tn\\\/fr\\\/\"},{\"@type\":\"ListItem\",\"position\":2,\"name\":\"Tunisie : Appel d\u2019offres pour l\u2019achat de 175 mille tonnes de c\u00e9r\u00e9ales\"}]},{\"@type\":\"WebSite\",\"@id\":\"https:\\\/\\\/www.webdo.tn\\\/fr\\\/#website\",\"url\":\"https:\\\/\\\/www.webdo.tn\\\/fr\\\/\",\"name\":\"webdo\",\"description\":\"Tunisie - News en Tunisie et \u00e0 l&#039;international sur Webdo.tn\",\"publisher\":{\"@id\":\"https:\\\/\\\/www.webdo.tn\\\/fr\\\/#organization\"},\"potentialAction\":[{\"@type\":\"SearchAction\",\"target\":{\"@type\":\"EntryPoint\",\"urlTemplate\":\"https:\\\/\\\/www.webdo.tn\\\/fr\\\/?s={search_term_string}\"},\"query-input\":{\"@type\":\"PropertyValueSpecification\",\"valueRequired\":true,\"valueName\":\"search_term_string\"}}],\"inLanguage\":\"fr-FR\"},{\"@type\":\"Organization\",\"@id\":\"https:\\\/\\\/www.webdo.tn\\\/fr\\\/#organization\",\"name\":\"Webdo\",\"alternateName\":\"Webdo.tn\",\"url\":\"https:\\\/\\\/www.webdo.tn\\\/fr\\\/\",\"logo\":{\"@type\":\"ImageObject\",\"inLanguage\":\"fr-FR\",\"@id\":\"https:\\\/\\\/www.webdo.tn\\\/fr\\\/#\\\/schema\\\/logo\\\/image\\\/\",\"url\":\"https:\\\/\\\/www.webdo.tn\\\/fr\\\/wp-content\\\/uploads\\\/2025\\\/06\\\/Webdo-Tunisie_168377.jpg\",\"contentUrl\":\"https:\\\/\\\/www.webdo.tn\\\/fr\\\/wp-content\\\/uploads\\\/2025\\\/06\\\/Webdo-Tunisie_168377.jpg\",\"width\":301,\"height\":301,\"caption\":\"Webdo\"},\"image\":{\"@id\":\"https:\\\/\\\/www.webdo.tn\\\/fr\\\/#\\\/schema\\\/logo\\\/image\\\/\"},\"sameAs\":[\"https:\\\/\\\/www.facebook.com\\\/webdotn\",\"https:\\\/\\\/x.com\\\/webdo_tn\"],\"description\":\"Webdo est un m\u00e9dia num\u00e9rique tunisien fond\u00e9 en 2010, sp\u00e9cialis\u00e9 dans l\u2019actualit\u00e9 nationale et internationale, l\u2019\u00e9conomie, la soci\u00e9t\u00e9 et les analyses politiques. Le site s\u2019adresse \u00e0 un large public francophone et couvre l\u2019information tunisienne en temps r\u00e9el.\",\"email\":\"redac@webdo.tn\",\"legalName\":\"YNJ SARL\",\"foundingDate\":\"2010-09-06\",\"numberOfEmployees\":{\"@type\":\"QuantitativeValue\",\"minValue\":\"11\",\"maxValue\":\"50\"}},{\"@type\":\"Person\",\"@id\":\"https:\\\/\\\/www.webdo.tn\\\/fr\\\/#\\\/schema\\\/person\\\/f35b42a42c5e2511bbd282959d6385cc\",\"name\":\"CL\",\"image\":{\"@type\":\"ImageObject\",\"inLanguage\":\"fr-FR\",\"@id\":\"https:\\\/\\\/secure.gravatar.com\\\/avatar\\\/1447a49909b67aa657c488aec6512e1dd6143a480c1ecfee9b5b5cd74eb3b59e?s=96&d=mm&r=g\",\"url\":\"https:\\\/\\\/secure.gravatar.com\\\/avatar\\\/1447a49909b67aa657c488aec6512e1dd6143a480c1ecfee9b5b5cd74eb3b59e?s=96&d=mm&r=g\",\"contentUrl\":\"https:\\\/\\\/secure.gravatar.com\\\/avatar\\\/1447a49909b67aa657c488aec6512e1dd6143a480c1ecfee9b5b5cd74eb3b59e?s=96&d=mm&r=g\",\"caption\":\"CL\"},\"url\":\"https:\\\/\\\/www.webdo.tn\\\/fr\\\/actualite\\\/author\\\/cl\\\/\"}]}<\/script>\n<!-- \/ Yoast SEO Premium plugin. -->","yoast_head_json":{"title":"Tunisie : Appel d\u2019offres pour l\u2019achat de 175 mille tonnes de c\u00e9r\u00e9ales","description":"La Tunisie vient de lancer un appel d\u2019offres pour l\u2019achat de 100 mille tonnes de bl\u00e9 tendre et de 75 mille tonnes d\u2019orge fourrag\u00e8re.","canonical":"https:\/\/www.webdo.tn\/fr\/actualite\/national\/tunisie-appel-d-offres-pour-l-achat-de-175-mille-tonnes-de-cereales\/201502\/","og_locale":"fr_FR","og_type":"article","og_title":"Tunisie : Appel d\u2019offres pour l\u2019achat de 175 mille tonnes de c\u00e9r\u00e9ales","og_description":"La Tunisie vient de lancer un appel d\u2019offres pour l\u2019achat de 100 mille tonnes de bl\u00e9 tendre et de 75 mille tonnes d\u2019orge fourrag\u00e8re.","og_url":"https:\/\/www.webdo.tn\/fr\/actualite\/national\/tunisie-appel-d-offres-pour-l-achat-de-175-mille-tonnes-de-cereales\/201502\/","og_site_name":"webdo","article_publisher":"https:\/\/www.facebook.com\/webdotn","article_published_time":"2023-01-04T18:59:00+00:00","article_modified_time":"2025-05-20T22:48:28+00:00","og_image":[{"width":626,"height":334,"url":"https:\/\/www.webdo.tn\/fr\/wp-content\/uploads\/2023\/01\/6a7973fd7140d60acce1b6bfb5f5dc90.jpg","type":"image\/jpeg"}],"author":"CL","twitter_card":"summary_large_image","twitter_creator":"@webdo_tn","twitter_site":"@webdo_tn","twitter_misc":{"\u00c9crit par":"CL","Dur\u00e9e de lecture estim\u00e9e":"1 minute"},"schema":{"@context":"https:\/\/schema.org","@graph":[{"@type":"NewsArticle","@id":"https:\/\/www.webdo.tn\/fr\/actualite\/national\/tunisie-appel-d-offres-pour-l-achat-de-175-mille-tonnes-de-cereales\/201502\/#article","isPartOf":{"@id":"https:\/\/www.webdo.tn\/fr\/actualite\/national\/tunisie-appel-d-offres-pour-l-achat-de-175-mille-tonnes-de-cereales\/201502\/"},"author":{"name":"CL","@id":"https:\/\/www.webdo.tn\/fr\/#\/schema\/person\/f35b42a42c5e2511bbd282959d6385cc"},"headline":"Tunisie : Appel d\u2019offres pour l\u2019achat de 175 mille tonnes de c\u00e9r\u00e9ales","datePublished":"2023-01-04T18:59:00+00:00","dateModified":"2025-05-20T22:48:28+00:00","mainEntityOfPage":{"@id":"https:\/\/www.webdo.tn\/fr\/actualite\/national\/tunisie-appel-d-offres-pour-l-achat-de-175-mille-tonnes-de-cereales\/201502\/"},"wordCount":173,"commentCount":0,"publisher":{"@id":"https:\/\/www.webdo.tn\/fr\/#organization"},"image":{"@id":"https:\/\/www.webdo.tn\/fr\/actualite\/national\/tunisie-appel-d-offres-pour-l-achat-de-175-mille-tonnes-de-cereales\/201502\/#primaryimage"},"thumbnailUrl":"https:\/\/www.webdo.tn\/fr\/wp-content\/uploads\/2023\/01\/6a7973fd7140d60acce1b6bfb5f5dc90.jpg","keywords":["c\u00e9r\u00e9ales","Tunisie"],"articleSection":["National"],"inLanguage":"fr-FR"},{"@type":"WebPage","@id":"https:\/\/www.webdo.tn\/fr\/actualite\/national\/tunisie-appel-d-offres-pour-l-achat-de-175-mille-tonnes-de-cereales\/201502\/","url":"https:\/\/www.webdo.tn\/fr\/actualite\/national\/tunisie-appel-d-offres-pour-l-achat-de-175-mille-tonnes-de-cereales\/201502\/","name":"Tunisie : Appel d\u2019offres pour l\u2019achat de 175 mille tonnes de c\u00e9r\u00e9ales","isPartOf":{"@id":"https:\/\/www.webdo.tn\/fr\/#website"},"primaryImageOfPage":{"@id":"https:\/\/www.webdo.tn\/fr\/actualite\/national\/tunisie-appel-d-offres-pour-l-achat-de-175-mille-tonnes-de-cereales\/201502\/#primaryimage"},"image":{"@id":"https:\/\/www.webdo.tn\/fr\/actualite\/national\/tunisie-appel-d-offres-pour-l-achat-de-175-mille-tonnes-de-cereales\/201502\/#primaryimage"},"thumbnailUrl":"https:\/\/www.webdo.tn\/fr\/wp-content\/uploads\/2023\/01\/6a7973fd7140d60acce1b6bfb5f5dc90.jpg","datePublished":"2023-01-04T18:59:00+00:00","dateModified":"2025-05-20T22:48:28+00:00","description":"La Tunisie vient de lancer un appel d\u2019offres pour l\u2019achat de 100 mille tonnes de bl\u00e9 tendre et de 75 mille tonnes d\u2019orge fourrag\u00e8re.","breadcrumb":{"@id":"https:\/\/www.webdo.tn\/fr\/actualite\/national\/tunisie-appel-d-offres-pour-l-achat-de-175-mille-tonnes-de-cereales\/201502\/#breadcrumb"},"inLanguage":"fr-FR","potentialAction":[{"@type":"ReadAction","target":["https:\/\/www.webdo.tn\/fr\/actualite\/national\/tunisie-appel-d-offres-pour-l-achat-de-175-mille-tonnes-de-cereales\/201502\/"]}]},{"@type":"ImageObject","inLanguage":"fr-FR","@id":"https:\/\/www.webdo.tn\/fr\/actualite\/national\/tunisie-appel-d-offres-pour-l-achat-de-175-mille-tonnes-de-cereales\/201502\/#primaryimage","url":"https:\/\/www.webdo.tn\/fr\/wp-content\/uploads\/2023\/01\/6a7973fd7140d60acce1b6bfb5f5dc90.jpg","contentUrl":"https:\/\/www.webdo.tn\/fr\/wp-content\/uploads\/2023\/01\/6a7973fd7140d60acce1b6bfb5f5dc90.jpg","width":626,"height":334,"caption":"Bl\u00e9"},{"@type":"BreadcrumbList","@id":"https:\/\/www.webdo.tn\/fr\/actualite\/national\/tunisie-appel-d-offres-pour-l-achat-de-175-mille-tonnes-de-cereales\/201502\/#breadcrumb","itemListElement":[{"@type":"ListItem","position":1,"name":"Accueil","item":"https:\/\/www.webdo.tn\/fr\/"},{"@type":"ListItem","position":2,"name":"Tunisie : Appel d\u2019offres pour l\u2019achat de 175 mille tonnes de c\u00e9r\u00e9ales"}]},{"@type":"WebSite","@id":"https:\/\/www.webdo.tn\/fr\/#website","url":"https:\/\/www.webdo.tn\/fr\/","name":"webdo","description":"Tunisie - News en Tunisie et \u00e0 l&#039;international sur Webdo.tn","publisher":{"@id":"https:\/\/www.webdo.tn\/fr\/#organization"},"potentialAction":[{"@type":"SearchAction","target":{"@type":"EntryPoint","urlTemplate":"https:\/\/www.webdo.tn\/fr\/?s={search_term_string}"},"query-input":{"@type":"PropertyValueSpecification","valueRequired":true,"valueName":"search_term_string"}}],"inLanguage":"fr-FR"},{"@type":"Organization","@id":"https:\/\/www.webdo.tn\/fr\/#organization","name":"Webdo","alternateName":"Webdo.tn","url":"https:\/\/www.webdo.tn\/fr\/","logo":{"@type":"ImageObject","inLanguage":"fr-FR","@id":"https:\/\/www.webdo.tn\/fr\/#\/schema\/logo\/image\/","url":"https:\/\/www.webdo.tn\/fr\/wp-content\/uploads\/2025\/06\/Webdo-Tunisie_168377.jpg","contentUrl":"https:\/\/www.webdo.tn\/fr\/wp-content\/uploads\/2025\/06\/Webdo-Tunisie_168377.jpg","width":301,"height":301,"caption":"Webdo"},"image":{"@id":"https:\/\/www.webdo.tn\/fr\/#\/schema\/logo\/image\/"},"sameAs":["https:\/\/www.facebook.com\/webdotn","https:\/\/x.com\/webdo_tn"],"description":"Webdo est un m\u00e9dia num\u00e9rique tunisien fond\u00e9 en 2010, sp\u00e9cialis\u00e9 dans l\u2019actualit\u00e9 nationale et internationale, l\u2019\u00e9conomie, la soci\u00e9t\u00e9 et les analyses politiques. Le site s\u2019adresse \u00e0 un large public francophone et couvre l\u2019information tunisienne en temps r\u00e9el.","email":"redac@webdo.tn","legalName":"YNJ SARL","foundingDate":"2010-09-06","numberOfEmployees":{"@type":"QuantitativeValue","minValue":"11","maxValue":"50"}},{"@type":"Person","@id":"https:\/\/www.webdo.tn\/fr\/#\/schema\/person\/f35b42a42c5e2511bbd282959d6385cc","name":"CL","image":{"@type":"ImageObject","inLanguage":"fr-FR","@id":"https:\/\/secure.gravatar.com\/avatar\/1447a49909b67aa657c488aec6512e1dd6143a480c1ecfee9b5b5cd74eb3b59e?s=96&d=mm&r=g","url":"https:\/\/secure.gravatar.com\/avatar\/1447a49909b67aa657c488aec6512e1dd6143a480c1ecfee9b5b5cd74eb3b59e?s=96&d=mm&r=g","contentUrl":"https:\/\/secure.gravatar.com\/avatar\/1447a49909b67aa657c488aec6512e1dd6143a480c1ecfee9b5b5cd74eb3b59e?s=96&d=mm&r=g","caption":"CL"},"url":"https:\/\/www.webdo.tn\/fr\/actualite\/author\/cl\/"}]}},"_links":{"self":[{"href":"https:\/\/www.webdo.tn\/fr\/wp-json\/wp\/v2\/posts\/201502","targetHints":{"allow":["GET"]}}],"collection":[{"href":"https:\/\/www.webdo.tn\/fr\/wp-json\/wp\/v2\/posts"}],"about":[{"href":"https:\/\/www.webdo.tn\/fr\/wp-json\/wp\/v2\/types\/post"}],"author":[{"embeddable":true,"href":"https:\/\/www.webdo.tn\/fr\/wp-json\/wp\/v2\/users\/3175"}],"replies":[{"embeddable":true,"href":"https:\/\/www.webdo.tn\/fr\/wp-json\/wp\/v2\/comments?post=201502"}],"version-history":[{"count":0,"href":"https:\/\/www.webdo.tn\/fr\/wp-json\/wp\/v2\/posts\/201502\/revisions"}],"wp:featuredmedia":[{"embeddable":true,"href":"https:\/\/www.webdo.tn\/fr\/wp-json\/wp\/v2\/media\/277514"}],"wp:attachment":[{"href":"https:\/\/www.webdo.tn\/fr\/wp-json\/wp\/v2\/media?parent=201502"}],"wp:term":[{"taxonomy":"category","embeddable":true,"href":"https:\/\/www.webdo.tn\/fr\/wp-json\/wp\/v2\/categories?post=201502"},{"taxonomy":"post_tag","embeddable":true,"href":"https:\/\/www.webdo.tn\/fr\/wp-json\/wp\/v2\/tags?post=201502"}],"curies":[{"name":"wp","href":"https:\/\/api.w.org\/{rel}","templated":true}]}}