{"id":201497,"date":"2023-01-04T15:10:00","date_gmt":"2023-01-04T15:10:00","guid":{"rendered":"https:\/\/www.webdo.tn\/fr\/blog\/envoi-des-tunisiens-vers-les-zones-de-conflit-abir-moussi-auditionnee\/201497\/"},"modified":"2025-05-20T22:03:30","modified_gmt":"2025-05-20T22:03:30","slug":"envoi-des-tunisiens-vers-les-zones-de-conflit-abir-moussi-auditionnee","status":"publish","type":"post","link":"https:\/\/www.webdo.tn\/fr\/actualite\/national\/envoi-des-tunisiens-vers-les-zones-de-conflit-abir-moussi-auditionnee\/201497\/","title":{"rendered":"Envoi des tunisiens vers les zones de conflit : Abir Moussi auditionn\u00e9e"},"content":{"rendered":"<p>La pr\u00e9sidente du Parti destourien libre (PDL), Abir Moussi, doit \u00eatre auditionn\u00e9e, ce mercredi 4 janvier 2023, par le parquet pr\u00e8s le p\u00f4le judiciaire de lutte contre le terrorisme, en tant que plaignante, dans une affaire relative \u00e0 une plainte qu&rsquo;elle avait d\u00e9pos\u00e9e, en 2018, contre des dirigeants du mouvement Ennahdha.<\/p>\n<p>\t\t\t\t\t\t\t\t\tDans une vid\u00e9o publi\u00e9e sur sa page Facebook, Abir Moussi pr\u00e9cise que l&rsquo;affaire est fond\u00e9e sur des accusations d&rsquo;appartenance \u00e0 un organisme terroriste impliqu\u00e9 dans plusieurs crimes dont notamment l&rsquo;envoi de jeunes tunisiens vers des zones de conflit.<\/p>\n<p>Parmi les dirigeants concern\u00e9s, la cheffe du PDL a cit\u00e9, dans son enregistrement vid\u00e9o, Rached Ghannouchi, Ali La\u00e2rayedh, Hammadi Jebali, Habib Ellouz et le repr\u00e9sentant l\u00e9gal du parti Ennahdha.<\/p>\n","protected":false},"excerpt":{"rendered":"<p>La pr\u00e9sidente du Parti destourien libre (PDL), Abir Moussi, doit \u00eatre auditionn\u00e9e, ce mercredi 4 janvier 2023, par le parquet pr\u00e8s le p\u00f4le judiciaire de lutte c&#8230;<\/p>\n","protected":false},"author":3162,"featured_media":252635,"comment_status":"open","ping_status":"closed","sticky":false,"template":"","format":"standard","meta":{"footnotes":""},"categories":[44],"tags":[2926,3693,2844],"class_list":["post-201497","post","type-post","status-publish","format-standard","has-post-thumbnail","hentry","category-national","tag-abir-moussi","tag-envoi","tag-zones-de-conflit"],"yoast_head":"<!-- This site is optimized with the Yoast SEO Premium plugin v27.4 (Yoast SEO v27.5) - https:\/\/yoast.com\/product\/yoast-seo-premium-wordpress\/ -->\n<title>Envoi des tunisiens vers les zones de conflit : Abir Moussi auditionn\u00e9e<\/title>\n<meta name=\"description\" content=\"La pr\u00e9sidente du Parti destourien libre (PDL), Abir Moussi, doit \u00eatre auditionn\u00e9e, ce mercredi 4 janvier 2023, par le parquet pr\u00e8s le p\u00f4le judiciaire de lutte c...\" \/>\n<link rel=\"canonical\" href=\"https:\/\/www.webdo.tn\/fr\/actualite\/national\/envoi-des-tunisiens-vers-les-zones-de-conflit-abir-moussi-auditionnee\/201497\/\" \/>\n<meta property=\"og:locale\" content=\"fr_FR\" \/>\n<meta property=\"og:type\" content=\"article\" \/>\n<meta property=\"og:title\" content=\"Envoi des tunisiens vers les zones de conflit : Abir Moussi auditionn\u00e9e\" \/>\n<meta property=\"og:description\" content=\"La pr\u00e9sidente du Parti destourien libre (PDL), Abir Moussi, doit \u00eatre auditionn\u00e9e, ce mercredi 4 janvier 2023, par le parquet pr\u00e8s le p\u00f4le judiciaire de lutte c...\" \/>\n<meta property=\"og:url\" content=\"https:\/\/www.webdo.tn\/fr\/actualite\/national\/envoi-des-tunisiens-vers-les-zones-de-conflit-abir-moussi-auditionnee\/201497\/\" \/>\n<meta property=\"og:site_name\" content=\"webdo\" \/>\n<meta property=\"article:publisher\" content=\"https:\/\/www.facebook.com\/webdotn\" \/>\n<meta property=\"article:published_time\" content=\"2023-01-04T15:10:00+00:00\" \/>\n<meta property=\"article:modified_time\" content=\"2025-05-20T22:03:30+00:00\" \/>\n<meta property=\"og:image\" content=\"https:\/\/www.webdo.tn\/fr\/wp-content\/uploads\/2023\/01\/1ea254e20b62e2b6abdfa3d561bcbb35.jpg\" \/>\n\t<meta property=\"og:image:width\" content=\"711\" \/>\n\t<meta property=\"og:image:height\" content=\"379\" \/>\n\t<meta property=\"og:image:type\" content=\"image\/jpeg\" \/>\n<meta name=\"author\" content=\"MC\" \/>\n<meta name=\"twitter:card\" content=\"summary_large_image\" \/>\n<meta name=\"twitter:creator\" content=\"@webdo_tn\" \/>\n<meta name=\"twitter:site\" content=\"@webdo_tn\" \/>\n<meta name=\"twitter:label1\" content=\"\u00c9crit par\" \/>\n\t<meta name=\"twitter:data1\" content=\"MC\" \/>\n\t<meta name=\"twitter:label2\" content=\"Dur\u00e9e de lecture estim\u00e9e\" \/>\n\t<meta name=\"twitter:data2\" content=\"1 minute\" \/>\n<script type=\"application\/ld+json\" class=\"yoast-schema-graph\">{\"@context\":\"https:\\\/\\\/schema.org\",\"@graph\":[{\"@type\":\"NewsArticle\",\"@id\":\"https:\\\/\\\/www.webdo.tn\\\/fr\\\/actualite\\\/national\\\/envoi-des-tunisiens-vers-les-zones-de-conflit-abir-moussi-auditionnee\\\/201497\\\/#article\",\"isPartOf\":{\"@id\":\"https:\\\/\\\/www.webdo.tn\\\/fr\\\/actualite\\\/national\\\/envoi-des-tunisiens-vers-les-zones-de-conflit-abir-moussi-auditionnee\\\/201497\\\/\"},\"author\":{\"name\":\"MC\",\"@id\":\"https:\\\/\\\/www.webdo.tn\\\/fr\\\/#\\\/schema\\\/person\\\/2c4929cbf5a809e3bd38617c6ce150f6\"},\"headline\":\"Envoi des tunisiens vers les zones de conflit : Abir Moussi auditionn\u00e9e\",\"datePublished\":\"2023-01-04T15:10:00+00:00\",\"dateModified\":\"2025-05-20T22:03:30+00:00\",\"mainEntityOfPage\":{\"@id\":\"https:\\\/\\\/www.webdo.tn\\\/fr\\\/actualite\\\/national\\\/envoi-des-tunisiens-vers-les-zones-de-conflit-abir-moussi-auditionnee\\\/201497\\\/\"},\"wordCount\":144,\"commentCount\":0,\"publisher\":{\"@id\":\"https:\\\/\\\/www.webdo.tn\\\/fr\\\/#organization\"},\"image\":{\"@id\":\"https:\\\/\\\/www.webdo.tn\\\/fr\\\/actualite\\\/national\\\/envoi-des-tunisiens-vers-les-zones-de-conflit-abir-moussi-auditionnee\\\/201497\\\/#primaryimage\"},\"thumbnailUrl\":\"https:\\\/\\\/www.webdo.tn\\\/fr\\\/wp-content\\\/uploads\\\/2023\\\/01\\\/1ea254e20b62e2b6abdfa3d561bcbb35.jpg\",\"keywords\":[\"Abir Moussi\",\"envoi\",\"zones de conflit\"],\"articleSection\":[\"National\"],\"inLanguage\":\"fr-FR\"},{\"@type\":\"WebPage\",\"@id\":\"https:\\\/\\\/www.webdo.tn\\\/fr\\\/actualite\\\/national\\\/envoi-des-tunisiens-vers-les-zones-de-conflit-abir-moussi-auditionnee\\\/201497\\\/\",\"url\":\"https:\\\/\\\/www.webdo.tn\\\/fr\\\/actualite\\\/national\\\/envoi-des-tunisiens-vers-les-zones-de-conflit-abir-moussi-auditionnee\\\/201497\\\/\",\"name\":\"Envoi des tunisiens vers les zones de conflit : Abir Moussi auditionn\u00e9e\",\"isPartOf\":{\"@id\":\"https:\\\/\\\/www.webdo.tn\\\/fr\\\/#website\"},\"primaryImageOfPage\":{\"@id\":\"https:\\\/\\\/www.webdo.tn\\\/fr\\\/actualite\\\/national\\\/envoi-des-tunisiens-vers-les-zones-de-conflit-abir-moussi-auditionnee\\\/201497\\\/#primaryimage\"},\"image\":{\"@id\":\"https:\\\/\\\/www.webdo.tn\\\/fr\\\/actualite\\\/national\\\/envoi-des-tunisiens-vers-les-zones-de-conflit-abir-moussi-auditionnee\\\/201497\\\/#primaryimage\"},\"thumbnailUrl\":\"https:\\\/\\\/www.webdo.tn\\\/fr\\\/wp-content\\\/uploads\\\/2023\\\/01\\\/1ea254e20b62e2b6abdfa3d561bcbb35.jpg\",\"datePublished\":\"2023-01-04T15:10:00+00:00\",\"dateModified\":\"2025-05-20T22:03:30+00:00\",\"description\":\"La pr\u00e9sidente du Parti destourien libre (PDL), Abir Moussi, doit \u00eatre auditionn\u00e9e, ce mercredi 4 janvier 2023, par le parquet pr\u00e8s le p\u00f4le judiciaire de lutte c...\",\"breadcrumb\":{\"@id\":\"https:\\\/\\\/www.webdo.tn\\\/fr\\\/actualite\\\/national\\\/envoi-des-tunisiens-vers-les-zones-de-conflit-abir-moussi-auditionnee\\\/201497\\\/#breadcrumb\"},\"inLanguage\":\"fr-FR\",\"potentialAction\":[{\"@type\":\"ReadAction\",\"target\":[\"https:\\\/\\\/www.webdo.tn\\\/fr\\\/actualite\\\/national\\\/envoi-des-tunisiens-vers-les-zones-de-conflit-abir-moussi-auditionnee\\\/201497\\\/\"]}]},{\"@type\":\"ImageObject\",\"inLanguage\":\"fr-FR\",\"@id\":\"https:\\\/\\\/www.webdo.tn\\\/fr\\\/actualite\\\/national\\\/envoi-des-tunisiens-vers-les-zones-de-conflit-abir-moussi-auditionnee\\\/201497\\\/#primaryimage\",\"url\":\"https:\\\/\\\/www.webdo.tn\\\/fr\\\/wp-content\\\/uploads\\\/2023\\\/01\\\/1ea254e20b62e2b6abdfa3d561bcbb35.jpg\",\"contentUrl\":\"https:\\\/\\\/www.webdo.tn\\\/fr\\\/wp-content\\\/uploads\\\/2023\\\/01\\\/1ea254e20b62e2b6abdfa3d561bcbb35.jpg\",\"width\":711,\"height\":379,\"caption\":\"Envoi des tunisiens vers les zones de conflit : Abir Moussi auditionn\u00e9e\"},{\"@type\":\"BreadcrumbList\",\"@id\":\"https:\\\/\\\/www.webdo.tn\\\/fr\\\/actualite\\\/national\\\/envoi-des-tunisiens-vers-les-zones-de-conflit-abir-moussi-auditionnee\\\/201497\\\/#breadcrumb\",\"itemListElement\":[{\"@type\":\"ListItem\",\"position\":1,\"name\":\"Accueil\",\"item\":\"https:\\\/\\\/www.webdo.tn\\\/fr\\\/\"},{\"@type\":\"ListItem\",\"position\":2,\"name\":\"Envoi des tunisiens vers les zones de conflit : Abir Moussi auditionn\u00e9e\"}]},{\"@type\":\"WebSite\",\"@id\":\"https:\\\/\\\/www.webdo.tn\\\/fr\\\/#website\",\"url\":\"https:\\\/\\\/www.webdo.tn\\\/fr\\\/\",\"name\":\"webdo\",\"description\":\"Tunisie - News en Tunisie et \u00e0 l&#039;international sur Webdo.tn\",\"publisher\":{\"@id\":\"https:\\\/\\\/www.webdo.tn\\\/fr\\\/#organization\"},\"potentialAction\":[{\"@type\":\"SearchAction\",\"target\":{\"@type\":\"EntryPoint\",\"urlTemplate\":\"https:\\\/\\\/www.webdo.tn\\\/fr\\\/?s={search_term_string}\"},\"query-input\":{\"@type\":\"PropertyValueSpecification\",\"valueRequired\":true,\"valueName\":\"search_term_string\"}}],\"inLanguage\":\"fr-FR\"},{\"@type\":\"Organization\",\"@id\":\"https:\\\/\\\/www.webdo.tn\\\/fr\\\/#organization\",\"name\":\"Webdo\",\"alternateName\":\"Webdo.tn\",\"url\":\"https:\\\/\\\/www.webdo.tn\\\/fr\\\/\",\"logo\":{\"@type\":\"ImageObject\",\"inLanguage\":\"fr-FR\",\"@id\":\"https:\\\/\\\/www.webdo.tn\\\/fr\\\/#\\\/schema\\\/logo\\\/image\\\/\",\"url\":\"https:\\\/\\\/www.webdo.tn\\\/fr\\\/wp-content\\\/uploads\\\/2025\\\/06\\\/Webdo-Tunisie_168377.jpg\",\"contentUrl\":\"https:\\\/\\\/www.webdo.tn\\\/fr\\\/wp-content\\\/uploads\\\/2025\\\/06\\\/Webdo-Tunisie_168377.jpg\",\"width\":301,\"height\":301,\"caption\":\"Webdo\"},\"image\":{\"@id\":\"https:\\\/\\\/www.webdo.tn\\\/fr\\\/#\\\/schema\\\/logo\\\/image\\\/\"},\"sameAs\":[\"https:\\\/\\\/www.facebook.com\\\/webdotn\",\"https:\\\/\\\/x.com\\\/webdo_tn\"],\"description\":\"Webdo est un m\u00e9dia num\u00e9rique tunisien fond\u00e9 en 2010, sp\u00e9cialis\u00e9 dans l\u2019actualit\u00e9 nationale et internationale, l\u2019\u00e9conomie, la soci\u00e9t\u00e9 et les analyses politiques. Le site s\u2019adresse \u00e0 un large public francophone et couvre l\u2019information tunisienne en temps r\u00e9el.\",\"email\":\"redac@webdo.tn\",\"legalName\":\"YNJ SARL\",\"foundingDate\":\"2010-09-06\",\"numberOfEmployees\":{\"@type\":\"QuantitativeValue\",\"minValue\":\"11\",\"maxValue\":\"50\"}},{\"@type\":\"Person\",\"@id\":\"https:\\\/\\\/www.webdo.tn\\\/fr\\\/#\\\/schema\\\/person\\\/2c4929cbf5a809e3bd38617c6ce150f6\",\"name\":\"MC\",\"image\":{\"@type\":\"ImageObject\",\"inLanguage\":\"fr-FR\",\"@id\":\"https:\\\/\\\/secure.gravatar.com\\\/avatar\\\/a545bbb6f84efdd5553dbbc2895e3ca8f1d12c5215e00a041c9670b54aa9b18a?s=96&d=mm&r=g\",\"url\":\"https:\\\/\\\/secure.gravatar.com\\\/avatar\\\/a545bbb6f84efdd5553dbbc2895e3ca8f1d12c5215e00a041c9670b54aa9b18a?s=96&d=mm&r=g\",\"contentUrl\":\"https:\\\/\\\/secure.gravatar.com\\\/avatar\\\/a545bbb6f84efdd5553dbbc2895e3ca8f1d12c5215e00a041c9670b54aa9b18a?s=96&d=mm&r=g\",\"caption\":\"MC\"},\"url\":\"https:\\\/\\\/www.webdo.tn\\\/fr\\\/actualite\\\/author\\\/mc\\\/\"}]}<\/script>\n<!-- \/ Yoast SEO Premium plugin. -->","yoast_head_json":{"title":"Envoi des tunisiens vers les zones de conflit : Abir Moussi auditionn\u00e9e","description":"La pr\u00e9sidente du Parti destourien libre (PDL), Abir Moussi, doit \u00eatre auditionn\u00e9e, ce mercredi 4 janvier 2023, par le parquet pr\u00e8s le p\u00f4le judiciaire de lutte c...","canonical":"https:\/\/www.webdo.tn\/fr\/actualite\/national\/envoi-des-tunisiens-vers-les-zones-de-conflit-abir-moussi-auditionnee\/201497\/","og_locale":"fr_FR","og_type":"article","og_title":"Envoi des tunisiens vers les zones de conflit : Abir Moussi auditionn\u00e9e","og_description":"La pr\u00e9sidente du Parti destourien libre (PDL), Abir Moussi, doit \u00eatre auditionn\u00e9e, ce mercredi 4 janvier 2023, par le parquet pr\u00e8s le p\u00f4le judiciaire de lutte c...","og_url":"https:\/\/www.webdo.tn\/fr\/actualite\/national\/envoi-des-tunisiens-vers-les-zones-de-conflit-abir-moussi-auditionnee\/201497\/","og_site_name":"webdo","article_publisher":"https:\/\/www.facebook.com\/webdotn","article_published_time":"2023-01-04T15:10:00+00:00","article_modified_time":"2025-05-20T22:03:30+00:00","og_image":[{"width":711,"height":379,"url":"https:\/\/www.webdo.tn\/fr\/wp-content\/uploads\/2023\/01\/1ea254e20b62e2b6abdfa3d561bcbb35.jpg","type":"image\/jpeg"}],"author":"MC","twitter_card":"summary_large_image","twitter_creator":"@webdo_tn","twitter_site":"@webdo_tn","twitter_misc":{"\u00c9crit par":"MC","Dur\u00e9e de lecture estim\u00e9e":"1 minute"},"schema":{"@context":"https:\/\/schema.org","@graph":[{"@type":"NewsArticle","@id":"https:\/\/www.webdo.tn\/fr\/actualite\/national\/envoi-des-tunisiens-vers-les-zones-de-conflit-abir-moussi-auditionnee\/201497\/#article","isPartOf":{"@id":"https:\/\/www.webdo.tn\/fr\/actualite\/national\/envoi-des-tunisiens-vers-les-zones-de-conflit-abir-moussi-auditionnee\/201497\/"},"author":{"name":"MC","@id":"https:\/\/www.webdo.tn\/fr\/#\/schema\/person\/2c4929cbf5a809e3bd38617c6ce150f6"},"headline":"Envoi des tunisiens vers les zones de conflit : Abir Moussi auditionn\u00e9e","datePublished":"2023-01-04T15:10:00+00:00","dateModified":"2025-05-20T22:03:30+00:00","mainEntityOfPage":{"@id":"https:\/\/www.webdo.tn\/fr\/actualite\/national\/envoi-des-tunisiens-vers-les-zones-de-conflit-abir-moussi-auditionnee\/201497\/"},"wordCount":144,"commentCount":0,"publisher":{"@id":"https:\/\/www.webdo.tn\/fr\/#organization"},"image":{"@id":"https:\/\/www.webdo.tn\/fr\/actualite\/national\/envoi-des-tunisiens-vers-les-zones-de-conflit-abir-moussi-auditionnee\/201497\/#primaryimage"},"thumbnailUrl":"https:\/\/www.webdo.tn\/fr\/wp-content\/uploads\/2023\/01\/1ea254e20b62e2b6abdfa3d561bcbb35.jpg","keywords":["Abir Moussi","envoi","zones de conflit"],"articleSection":["National"],"inLanguage":"fr-FR"},{"@type":"WebPage","@id":"https:\/\/www.webdo.tn\/fr\/actualite\/national\/envoi-des-tunisiens-vers-les-zones-de-conflit-abir-moussi-auditionnee\/201497\/","url":"https:\/\/www.webdo.tn\/fr\/actualite\/national\/envoi-des-tunisiens-vers-les-zones-de-conflit-abir-moussi-auditionnee\/201497\/","name":"Envoi des tunisiens vers les zones de conflit : Abir Moussi auditionn\u00e9e","isPartOf":{"@id":"https:\/\/www.webdo.tn\/fr\/#website"},"primaryImageOfPage":{"@id":"https:\/\/www.webdo.tn\/fr\/actualite\/national\/envoi-des-tunisiens-vers-les-zones-de-conflit-abir-moussi-auditionnee\/201497\/#primaryimage"},"image":{"@id":"https:\/\/www.webdo.tn\/fr\/actualite\/national\/envoi-des-tunisiens-vers-les-zones-de-conflit-abir-moussi-auditionnee\/201497\/#primaryimage"},"thumbnailUrl":"https:\/\/www.webdo.tn\/fr\/wp-content\/uploads\/2023\/01\/1ea254e20b62e2b6abdfa3d561bcbb35.jpg","datePublished":"2023-01-04T15:10:00+00:00","dateModified":"2025-05-20T22:03:30+00:00","description":"La pr\u00e9sidente du Parti destourien libre (PDL), Abir Moussi, doit \u00eatre auditionn\u00e9e, ce mercredi 4 janvier 2023, par le parquet pr\u00e8s le p\u00f4le judiciaire de lutte c...","breadcrumb":{"@id":"https:\/\/www.webdo.tn\/fr\/actualite\/national\/envoi-des-tunisiens-vers-les-zones-de-conflit-abir-moussi-auditionnee\/201497\/#breadcrumb"},"inLanguage":"fr-FR","potentialAction":[{"@type":"ReadAction","target":["https:\/\/www.webdo.tn\/fr\/actualite\/national\/envoi-des-tunisiens-vers-les-zones-de-conflit-abir-moussi-auditionnee\/201497\/"]}]},{"@type":"ImageObject","inLanguage":"fr-FR","@id":"https:\/\/www.webdo.tn\/fr\/actualite\/national\/envoi-des-tunisiens-vers-les-zones-de-conflit-abir-moussi-auditionnee\/201497\/#primaryimage","url":"https:\/\/www.webdo.tn\/fr\/wp-content\/uploads\/2023\/01\/1ea254e20b62e2b6abdfa3d561bcbb35.jpg","contentUrl":"https:\/\/www.webdo.tn\/fr\/wp-content\/uploads\/2023\/01\/1ea254e20b62e2b6abdfa3d561bcbb35.jpg","width":711,"height":379,"caption":"Envoi des tunisiens vers les zones de conflit : Abir Moussi auditionn\u00e9e"},{"@type":"BreadcrumbList","@id":"https:\/\/www.webdo.tn\/fr\/actualite\/national\/envoi-des-tunisiens-vers-les-zones-de-conflit-abir-moussi-auditionnee\/201497\/#breadcrumb","itemListElement":[{"@type":"ListItem","position":1,"name":"Accueil","item":"https:\/\/www.webdo.tn\/fr\/"},{"@type":"ListItem","position":2,"name":"Envoi des tunisiens vers les zones de conflit : Abir Moussi auditionn\u00e9e"}]},{"@type":"WebSite","@id":"https:\/\/www.webdo.tn\/fr\/#website","url":"https:\/\/www.webdo.tn\/fr\/","name":"webdo","description":"Tunisie - News en Tunisie et \u00e0 l&#039;international sur Webdo.tn","publisher":{"@id":"https:\/\/www.webdo.tn\/fr\/#organization"},"potentialAction":[{"@type":"SearchAction","target":{"@type":"EntryPoint","urlTemplate":"https:\/\/www.webdo.tn\/fr\/?s={search_term_string}"},"query-input":{"@type":"PropertyValueSpecification","valueRequired":true,"valueName":"search_term_string"}}],"inLanguage":"fr-FR"},{"@type":"Organization","@id":"https:\/\/www.webdo.tn\/fr\/#organization","name":"Webdo","alternateName":"Webdo.tn","url":"https:\/\/www.webdo.tn\/fr\/","logo":{"@type":"ImageObject","inLanguage":"fr-FR","@id":"https:\/\/www.webdo.tn\/fr\/#\/schema\/logo\/image\/","url":"https:\/\/www.webdo.tn\/fr\/wp-content\/uploads\/2025\/06\/Webdo-Tunisie_168377.jpg","contentUrl":"https:\/\/www.webdo.tn\/fr\/wp-content\/uploads\/2025\/06\/Webdo-Tunisie_168377.jpg","width":301,"height":301,"caption":"Webdo"},"image":{"@id":"https:\/\/www.webdo.tn\/fr\/#\/schema\/logo\/image\/"},"sameAs":["https:\/\/www.facebook.com\/webdotn","https:\/\/x.com\/webdo_tn"],"description":"Webdo est un m\u00e9dia num\u00e9rique tunisien fond\u00e9 en 2010, sp\u00e9cialis\u00e9 dans l\u2019actualit\u00e9 nationale et internationale, l\u2019\u00e9conomie, la soci\u00e9t\u00e9 et les analyses politiques. Le site s\u2019adresse \u00e0 un large public francophone et couvre l\u2019information tunisienne en temps r\u00e9el.","email":"redac@webdo.tn","legalName":"YNJ SARL","foundingDate":"2010-09-06","numberOfEmployees":{"@type":"QuantitativeValue","minValue":"11","maxValue":"50"}},{"@type":"Person","@id":"https:\/\/www.webdo.tn\/fr\/#\/schema\/person\/2c4929cbf5a809e3bd38617c6ce150f6","name":"MC","image":{"@type":"ImageObject","inLanguage":"fr-FR","@id":"https:\/\/secure.gravatar.com\/avatar\/a545bbb6f84efdd5553dbbc2895e3ca8f1d12c5215e00a041c9670b54aa9b18a?s=96&d=mm&r=g","url":"https:\/\/secure.gravatar.com\/avatar\/a545bbb6f84efdd5553dbbc2895e3ca8f1d12c5215e00a041c9670b54aa9b18a?s=96&d=mm&r=g","contentUrl":"https:\/\/secure.gravatar.com\/avatar\/a545bbb6f84efdd5553dbbc2895e3ca8f1d12c5215e00a041c9670b54aa9b18a?s=96&d=mm&r=g","caption":"MC"},"url":"https:\/\/www.webdo.tn\/fr\/actualite\/author\/mc\/"}]}},"_links":{"self":[{"href":"https:\/\/www.webdo.tn\/fr\/wp-json\/wp\/v2\/posts\/201497","targetHints":{"allow":["GET"]}}],"collection":[{"href":"https:\/\/www.webdo.tn\/fr\/wp-json\/wp\/v2\/posts"}],"about":[{"href":"https:\/\/www.webdo.tn\/fr\/wp-json\/wp\/v2\/types\/post"}],"author":[{"embeddable":true,"href":"https:\/\/www.webdo.tn\/fr\/wp-json\/wp\/v2\/users\/3162"}],"replies":[{"embeddable":true,"href":"https:\/\/www.webdo.tn\/fr\/wp-json\/wp\/v2\/comments?post=201497"}],"version-history":[{"count":0,"href":"https:\/\/www.webdo.tn\/fr\/wp-json\/wp\/v2\/posts\/201497\/revisions"}],"wp:featuredmedia":[{"embeddable":true,"href":"https:\/\/www.webdo.tn\/fr\/wp-json\/wp\/v2\/media\/252635"}],"wp:attachment":[{"href":"https:\/\/www.webdo.tn\/fr\/wp-json\/wp\/v2\/media?parent=201497"}],"wp:term":[{"taxonomy":"category","embeddable":true,"href":"https:\/\/www.webdo.tn\/fr\/wp-json\/wp\/v2\/categories?post=201497"},{"taxonomy":"post_tag","embeddable":true,"href":"https:\/\/www.webdo.tn\/fr\/wp-json\/wp\/v2\/tags?post=201497"}],"curies":[{"name":"wp","href":"https:\/\/api.w.org\/{rel}","templated":true}]}}