{"id":201496,"date":"2023-01-04T14:54:00","date_gmt":"2023-01-04T14:54:00","guid":{"rendered":"https:\/\/www.webdo.tn\/fr\/blog\/coupure-d-eau-dans-cinq-gouvernorats-dans-les-prochains-jours\/201496\/"},"modified":"2025-05-20T22:03:30","modified_gmt":"2025-05-20T22:03:30","slug":"coupure-d-eau-dans-cinq-gouvernorats-dans-les-prochains-jours","status":"publish","type":"post","link":"https:\/\/www.webdo.tn\/fr\/actualite\/national\/coupure-d-eau-dans-cinq-gouvernorats-dans-les-prochains-jours\/201496\/","title":{"rendered":"Coupure d&rsquo;eau dans cinq gouvernorats dans les prochains jours"},"content":{"rendered":"<p>La Soci\u00e9t\u00e9 nationale d&rsquo;exploitation et de distribution des eaux (SONEDE) annonce qu&rsquo;une perturbation et une coupure dans la distribution de l&rsquo;eau courante sera enregistr\u00e9e entre le 10 janvier et le 1er f\u00e9vrier 2023 dans plusieurs d\u00e9l\u00e9gations des gouvernorats de Nabeul, Sousse, Monatsir, Mahdia et Sfax.<\/p>\n<p>\t\t\t\t\t\t\t\t\tDans un communiqu\u00e9, la SONEDE pr\u00e9cise que les zones concern\u00e9es seront approvisionn\u00e9es en eau \u00e0 partir des ressources en eau disponibles qui couvrent environ 75% des besoins.<\/p>\n<p>Elle explique que ces perturbations sont dues au programme annuel de maintenance des r\u00e9seaux et des \u00e9quipements hydrauliques, pr\u00e9cisant que l&rsquo;approvisionnement reprendra progressivement \u00e0 partir du mercredi 1er f\u00e9vrier.<\/p>\n","protected":false},"excerpt":{"rendered":"<p>La Soci\u00e9t\u00e9 nationale d&rsquo;exploitation et de distribution des eaux (SONEDE) annonce qu&rsquo;une perturbation et une coupure dans la distribution de l&rsquo;eau courante sera&#8230;<\/p>\n","protected":false},"author":3162,"featured_media":252639,"comment_status":"open","ping_status":"closed","sticky":false,"template":"","format":"standard","meta":{"footnotes":""},"categories":[44],"tags":[4243,2631,2752],"class_list":["post-201496","post","type-post","status-publish","format-standard","has-post-thumbnail","hentry","category-national","tag-coupure","tag-eau","tag-sonede"],"yoast_head":"<!-- This site is optimized with the Yoast SEO Premium plugin v27.4 (Yoast SEO v27.5) - https:\/\/yoast.com\/product\/yoast-seo-premium-wordpress\/ -->\n<title>Coupure d&#039;eau dans cinq gouvernorats dans les prochains jours<\/title>\n<meta name=\"description\" content=\"La Soci\u00e9t\u00e9 nationale d&#039;exploitation et de distribution des eaux (SONEDE) annonce qu&#039;une perturbation et une coupure dans la distribution de l&#039;eau courante sera...\" \/>\n<link rel=\"canonical\" href=\"https:\/\/www.webdo.tn\/fr\/actualite\/national\/coupure-d-eau-dans-cinq-gouvernorats-dans-les-prochains-jours\/201496\/\" \/>\n<meta property=\"og:locale\" content=\"fr_FR\" \/>\n<meta property=\"og:type\" content=\"article\" \/>\n<meta property=\"og:title\" content=\"Coupure d&#039;eau dans cinq gouvernorats dans les prochains jours\" \/>\n<meta property=\"og:description\" content=\"La Soci\u00e9t\u00e9 nationale d&#039;exploitation et de distribution des eaux (SONEDE) annonce qu&#039;une perturbation et une coupure dans la distribution de l&#039;eau courante sera...\" \/>\n<meta property=\"og:url\" content=\"https:\/\/www.webdo.tn\/fr\/actualite\/national\/coupure-d-eau-dans-cinq-gouvernorats-dans-les-prochains-jours\/201496\/\" \/>\n<meta property=\"og:site_name\" content=\"webdo\" \/>\n<meta property=\"article:publisher\" content=\"https:\/\/www.facebook.com\/webdotn\" \/>\n<meta property=\"article:published_time\" content=\"2023-01-04T14:54:00+00:00\" \/>\n<meta property=\"article:modified_time\" content=\"2025-05-20T22:03:30+00:00\" \/>\n<meta property=\"og:image\" content=\"https:\/\/www.webdo.tn\/fr\/wp-content\/uploads\/2023\/01\/9e238f624decac17bd16b7a0561870a6-1.jpg\" \/>\n\t<meta property=\"og:image:width\" content=\"566\" \/>\n\t<meta property=\"og:image:height\" content=\"302\" \/>\n\t<meta property=\"og:image:type\" content=\"image\/jpeg\" \/>\n<meta name=\"author\" content=\"MC\" \/>\n<meta name=\"twitter:card\" content=\"summary_large_image\" \/>\n<meta name=\"twitter:creator\" content=\"@webdo_tn\" \/>\n<meta name=\"twitter:site\" content=\"@webdo_tn\" \/>\n<meta name=\"twitter:label1\" content=\"\u00c9crit par\" \/>\n\t<meta name=\"twitter:data1\" content=\"MC\" \/>\n\t<meta name=\"twitter:label2\" content=\"Dur\u00e9e de lecture estim\u00e9e\" \/>\n\t<meta name=\"twitter:data2\" content=\"1 minute\" \/>\n<script type=\"application\/ld+json\" class=\"yoast-schema-graph\">{\"@context\":\"https:\\\/\\\/schema.org\",\"@graph\":[{\"@type\":\"NewsArticle\",\"@id\":\"https:\\\/\\\/www.webdo.tn\\\/fr\\\/actualite\\\/national\\\/coupure-d-eau-dans-cinq-gouvernorats-dans-les-prochains-jours\\\/201496\\\/#article\",\"isPartOf\":{\"@id\":\"https:\\\/\\\/www.webdo.tn\\\/fr\\\/actualite\\\/national\\\/coupure-d-eau-dans-cinq-gouvernorats-dans-les-prochains-jours\\\/201496\\\/\"},\"author\":{\"name\":\"MC\",\"@id\":\"https:\\\/\\\/www.webdo.tn\\\/fr\\\/#\\\/schema\\\/person\\\/2c4929cbf5a809e3bd38617c6ce150f6\"},\"headline\":\"Coupure d&rsquo;eau dans cinq gouvernorats dans les prochains jours\",\"datePublished\":\"2023-01-04T14:54:00+00:00\",\"dateModified\":\"2025-05-20T22:03:30+00:00\",\"mainEntityOfPage\":{\"@id\":\"https:\\\/\\\/www.webdo.tn\\\/fr\\\/actualite\\\/national\\\/coupure-d-eau-dans-cinq-gouvernorats-dans-les-prochains-jours\\\/201496\\\/\"},\"wordCount\":121,\"commentCount\":0,\"publisher\":{\"@id\":\"https:\\\/\\\/www.webdo.tn\\\/fr\\\/#organization\"},\"image\":{\"@id\":\"https:\\\/\\\/www.webdo.tn\\\/fr\\\/actualite\\\/national\\\/coupure-d-eau-dans-cinq-gouvernorats-dans-les-prochains-jours\\\/201496\\\/#primaryimage\"},\"thumbnailUrl\":\"https:\\\/\\\/www.webdo.tn\\\/fr\\\/wp-content\\\/uploads\\\/2023\\\/01\\\/9e238f624decac17bd16b7a0561870a6-1.jpg\",\"keywords\":[\"coupure\",\"eau\",\"Sonede\"],\"articleSection\":[\"National\"],\"inLanguage\":\"fr-FR\"},{\"@type\":\"WebPage\",\"@id\":\"https:\\\/\\\/www.webdo.tn\\\/fr\\\/actualite\\\/national\\\/coupure-d-eau-dans-cinq-gouvernorats-dans-les-prochains-jours\\\/201496\\\/\",\"url\":\"https:\\\/\\\/www.webdo.tn\\\/fr\\\/actualite\\\/national\\\/coupure-d-eau-dans-cinq-gouvernorats-dans-les-prochains-jours\\\/201496\\\/\",\"name\":\"Coupure d'eau dans cinq gouvernorats dans les prochains jours\",\"isPartOf\":{\"@id\":\"https:\\\/\\\/www.webdo.tn\\\/fr\\\/#website\"},\"primaryImageOfPage\":{\"@id\":\"https:\\\/\\\/www.webdo.tn\\\/fr\\\/actualite\\\/national\\\/coupure-d-eau-dans-cinq-gouvernorats-dans-les-prochains-jours\\\/201496\\\/#primaryimage\"},\"image\":{\"@id\":\"https:\\\/\\\/www.webdo.tn\\\/fr\\\/actualite\\\/national\\\/coupure-d-eau-dans-cinq-gouvernorats-dans-les-prochains-jours\\\/201496\\\/#primaryimage\"},\"thumbnailUrl\":\"https:\\\/\\\/www.webdo.tn\\\/fr\\\/wp-content\\\/uploads\\\/2023\\\/01\\\/9e238f624decac17bd16b7a0561870a6-1.jpg\",\"datePublished\":\"2023-01-04T14:54:00+00:00\",\"dateModified\":\"2025-05-20T22:03:30+00:00\",\"description\":\"La Soci\u00e9t\u00e9 nationale d'exploitation et de distribution des eaux (SONEDE) annonce qu'une perturbation et une coupure dans la distribution de l'eau courante sera...\",\"breadcrumb\":{\"@id\":\"https:\\\/\\\/www.webdo.tn\\\/fr\\\/actualite\\\/national\\\/coupure-d-eau-dans-cinq-gouvernorats-dans-les-prochains-jours\\\/201496\\\/#breadcrumb\"},\"inLanguage\":\"fr-FR\",\"potentialAction\":[{\"@type\":\"ReadAction\",\"target\":[\"https:\\\/\\\/www.webdo.tn\\\/fr\\\/actualite\\\/national\\\/coupure-d-eau-dans-cinq-gouvernorats-dans-les-prochains-jours\\\/201496\\\/\"]}]},{\"@type\":\"ImageObject\",\"inLanguage\":\"fr-FR\",\"@id\":\"https:\\\/\\\/www.webdo.tn\\\/fr\\\/actualite\\\/national\\\/coupure-d-eau-dans-cinq-gouvernorats-dans-les-prochains-jours\\\/201496\\\/#primaryimage\",\"url\":\"https:\\\/\\\/www.webdo.tn\\\/fr\\\/wp-content\\\/uploads\\\/2023\\\/01\\\/9e238f624decac17bd16b7a0561870a6-1.jpg\",\"contentUrl\":\"https:\\\/\\\/www.webdo.tn\\\/fr\\\/wp-content\\\/uploads\\\/2023\\\/01\\\/9e238f624decac17bd16b7a0561870a6-1.jpg\",\"width\":566,\"height\":302,\"caption\":\"Coupure d'eau dans cinq gouvernorats dans les prochains jours\"},{\"@type\":\"BreadcrumbList\",\"@id\":\"https:\\\/\\\/www.webdo.tn\\\/fr\\\/actualite\\\/national\\\/coupure-d-eau-dans-cinq-gouvernorats-dans-les-prochains-jours\\\/201496\\\/#breadcrumb\",\"itemListElement\":[{\"@type\":\"ListItem\",\"position\":1,\"name\":\"Accueil\",\"item\":\"https:\\\/\\\/www.webdo.tn\\\/fr\\\/\"},{\"@type\":\"ListItem\",\"position\":2,\"name\":\"Coupure d&#8217;eau dans cinq gouvernorats dans les prochains jours\"}]},{\"@type\":\"WebSite\",\"@id\":\"https:\\\/\\\/www.webdo.tn\\\/fr\\\/#website\",\"url\":\"https:\\\/\\\/www.webdo.tn\\\/fr\\\/\",\"name\":\"webdo\",\"description\":\"Tunisie - News en Tunisie et \u00e0 l&#039;international sur Webdo.tn\",\"publisher\":{\"@id\":\"https:\\\/\\\/www.webdo.tn\\\/fr\\\/#organization\"},\"potentialAction\":[{\"@type\":\"SearchAction\",\"target\":{\"@type\":\"EntryPoint\",\"urlTemplate\":\"https:\\\/\\\/www.webdo.tn\\\/fr\\\/?s={search_term_string}\"},\"query-input\":{\"@type\":\"PropertyValueSpecification\",\"valueRequired\":true,\"valueName\":\"search_term_string\"}}],\"inLanguage\":\"fr-FR\"},{\"@type\":\"Organization\",\"@id\":\"https:\\\/\\\/www.webdo.tn\\\/fr\\\/#organization\",\"name\":\"Webdo\",\"alternateName\":\"Webdo.tn\",\"url\":\"https:\\\/\\\/www.webdo.tn\\\/fr\\\/\",\"logo\":{\"@type\":\"ImageObject\",\"inLanguage\":\"fr-FR\",\"@id\":\"https:\\\/\\\/www.webdo.tn\\\/fr\\\/#\\\/schema\\\/logo\\\/image\\\/\",\"url\":\"https:\\\/\\\/www.webdo.tn\\\/fr\\\/wp-content\\\/uploads\\\/2025\\\/06\\\/Webdo-Tunisie_168377.jpg\",\"contentUrl\":\"https:\\\/\\\/www.webdo.tn\\\/fr\\\/wp-content\\\/uploads\\\/2025\\\/06\\\/Webdo-Tunisie_168377.jpg\",\"width\":301,\"height\":301,\"caption\":\"Webdo\"},\"image\":{\"@id\":\"https:\\\/\\\/www.webdo.tn\\\/fr\\\/#\\\/schema\\\/logo\\\/image\\\/\"},\"sameAs\":[\"https:\\\/\\\/www.facebook.com\\\/webdotn\",\"https:\\\/\\\/x.com\\\/webdo_tn\"],\"description\":\"Webdo est un m\u00e9dia num\u00e9rique tunisien fond\u00e9 en 2010, sp\u00e9cialis\u00e9 dans l\u2019actualit\u00e9 nationale et internationale, l\u2019\u00e9conomie, la soci\u00e9t\u00e9 et les analyses politiques. Le site s\u2019adresse \u00e0 un large public francophone et couvre l\u2019information tunisienne en temps r\u00e9el.\",\"email\":\"redac@webdo.tn\",\"legalName\":\"YNJ SARL\",\"foundingDate\":\"2010-09-06\",\"numberOfEmployees\":{\"@type\":\"QuantitativeValue\",\"minValue\":\"11\",\"maxValue\":\"50\"}},{\"@type\":\"Person\",\"@id\":\"https:\\\/\\\/www.webdo.tn\\\/fr\\\/#\\\/schema\\\/person\\\/2c4929cbf5a809e3bd38617c6ce150f6\",\"name\":\"MC\",\"image\":{\"@type\":\"ImageObject\",\"inLanguage\":\"fr-FR\",\"@id\":\"https:\\\/\\\/secure.gravatar.com\\\/avatar\\\/a545bbb6f84efdd5553dbbc2895e3ca8f1d12c5215e00a041c9670b54aa9b18a?s=96&d=mm&r=g\",\"url\":\"https:\\\/\\\/secure.gravatar.com\\\/avatar\\\/a545bbb6f84efdd5553dbbc2895e3ca8f1d12c5215e00a041c9670b54aa9b18a?s=96&d=mm&r=g\",\"contentUrl\":\"https:\\\/\\\/secure.gravatar.com\\\/avatar\\\/a545bbb6f84efdd5553dbbc2895e3ca8f1d12c5215e00a041c9670b54aa9b18a?s=96&d=mm&r=g\",\"caption\":\"MC\"},\"url\":\"https:\\\/\\\/www.webdo.tn\\\/fr\\\/actualite\\\/author\\\/mc\\\/\"}]}<\/script>\n<!-- \/ Yoast SEO Premium plugin. -->","yoast_head_json":{"title":"Coupure d'eau dans cinq gouvernorats dans les prochains jours","description":"La Soci\u00e9t\u00e9 nationale d'exploitation et de distribution des eaux (SONEDE) annonce qu'une perturbation et une coupure dans la distribution de l'eau courante sera...","canonical":"https:\/\/www.webdo.tn\/fr\/actualite\/national\/coupure-d-eau-dans-cinq-gouvernorats-dans-les-prochains-jours\/201496\/","og_locale":"fr_FR","og_type":"article","og_title":"Coupure d'eau dans cinq gouvernorats dans les prochains jours","og_description":"La Soci\u00e9t\u00e9 nationale d'exploitation et de distribution des eaux (SONEDE) annonce qu'une perturbation et une coupure dans la distribution de l'eau courante sera...","og_url":"https:\/\/www.webdo.tn\/fr\/actualite\/national\/coupure-d-eau-dans-cinq-gouvernorats-dans-les-prochains-jours\/201496\/","og_site_name":"webdo","article_publisher":"https:\/\/www.facebook.com\/webdotn","article_published_time":"2023-01-04T14:54:00+00:00","article_modified_time":"2025-05-20T22:03:30+00:00","og_image":[{"width":566,"height":302,"url":"https:\/\/www.webdo.tn\/fr\/wp-content\/uploads\/2023\/01\/9e238f624decac17bd16b7a0561870a6-1.jpg","type":"image\/jpeg"}],"author":"MC","twitter_card":"summary_large_image","twitter_creator":"@webdo_tn","twitter_site":"@webdo_tn","twitter_misc":{"\u00c9crit par":"MC","Dur\u00e9e de lecture estim\u00e9e":"1 minute"},"schema":{"@context":"https:\/\/schema.org","@graph":[{"@type":"NewsArticle","@id":"https:\/\/www.webdo.tn\/fr\/actualite\/national\/coupure-d-eau-dans-cinq-gouvernorats-dans-les-prochains-jours\/201496\/#article","isPartOf":{"@id":"https:\/\/www.webdo.tn\/fr\/actualite\/national\/coupure-d-eau-dans-cinq-gouvernorats-dans-les-prochains-jours\/201496\/"},"author":{"name":"MC","@id":"https:\/\/www.webdo.tn\/fr\/#\/schema\/person\/2c4929cbf5a809e3bd38617c6ce150f6"},"headline":"Coupure d&rsquo;eau dans cinq gouvernorats dans les prochains jours","datePublished":"2023-01-04T14:54:00+00:00","dateModified":"2025-05-20T22:03:30+00:00","mainEntityOfPage":{"@id":"https:\/\/www.webdo.tn\/fr\/actualite\/national\/coupure-d-eau-dans-cinq-gouvernorats-dans-les-prochains-jours\/201496\/"},"wordCount":121,"commentCount":0,"publisher":{"@id":"https:\/\/www.webdo.tn\/fr\/#organization"},"image":{"@id":"https:\/\/www.webdo.tn\/fr\/actualite\/national\/coupure-d-eau-dans-cinq-gouvernorats-dans-les-prochains-jours\/201496\/#primaryimage"},"thumbnailUrl":"https:\/\/www.webdo.tn\/fr\/wp-content\/uploads\/2023\/01\/9e238f624decac17bd16b7a0561870a6-1.jpg","keywords":["coupure","eau","Sonede"],"articleSection":["National"],"inLanguage":"fr-FR"},{"@type":"WebPage","@id":"https:\/\/www.webdo.tn\/fr\/actualite\/national\/coupure-d-eau-dans-cinq-gouvernorats-dans-les-prochains-jours\/201496\/","url":"https:\/\/www.webdo.tn\/fr\/actualite\/national\/coupure-d-eau-dans-cinq-gouvernorats-dans-les-prochains-jours\/201496\/","name":"Coupure d'eau dans cinq gouvernorats dans les prochains jours","isPartOf":{"@id":"https:\/\/www.webdo.tn\/fr\/#website"},"primaryImageOfPage":{"@id":"https:\/\/www.webdo.tn\/fr\/actualite\/national\/coupure-d-eau-dans-cinq-gouvernorats-dans-les-prochains-jours\/201496\/#primaryimage"},"image":{"@id":"https:\/\/www.webdo.tn\/fr\/actualite\/national\/coupure-d-eau-dans-cinq-gouvernorats-dans-les-prochains-jours\/201496\/#primaryimage"},"thumbnailUrl":"https:\/\/www.webdo.tn\/fr\/wp-content\/uploads\/2023\/01\/9e238f624decac17bd16b7a0561870a6-1.jpg","datePublished":"2023-01-04T14:54:00+00:00","dateModified":"2025-05-20T22:03:30+00:00","description":"La Soci\u00e9t\u00e9 nationale d'exploitation et de distribution des eaux (SONEDE) annonce qu'une perturbation et une coupure dans la distribution de l'eau courante sera...","breadcrumb":{"@id":"https:\/\/www.webdo.tn\/fr\/actualite\/national\/coupure-d-eau-dans-cinq-gouvernorats-dans-les-prochains-jours\/201496\/#breadcrumb"},"inLanguage":"fr-FR","potentialAction":[{"@type":"ReadAction","target":["https:\/\/www.webdo.tn\/fr\/actualite\/national\/coupure-d-eau-dans-cinq-gouvernorats-dans-les-prochains-jours\/201496\/"]}]},{"@type":"ImageObject","inLanguage":"fr-FR","@id":"https:\/\/www.webdo.tn\/fr\/actualite\/national\/coupure-d-eau-dans-cinq-gouvernorats-dans-les-prochains-jours\/201496\/#primaryimage","url":"https:\/\/www.webdo.tn\/fr\/wp-content\/uploads\/2023\/01\/9e238f624decac17bd16b7a0561870a6-1.jpg","contentUrl":"https:\/\/www.webdo.tn\/fr\/wp-content\/uploads\/2023\/01\/9e238f624decac17bd16b7a0561870a6-1.jpg","width":566,"height":302,"caption":"Coupure d'eau dans cinq gouvernorats dans les prochains jours"},{"@type":"BreadcrumbList","@id":"https:\/\/www.webdo.tn\/fr\/actualite\/national\/coupure-d-eau-dans-cinq-gouvernorats-dans-les-prochains-jours\/201496\/#breadcrumb","itemListElement":[{"@type":"ListItem","position":1,"name":"Accueil","item":"https:\/\/www.webdo.tn\/fr\/"},{"@type":"ListItem","position":2,"name":"Coupure d&#8217;eau dans cinq gouvernorats dans les prochains jours"}]},{"@type":"WebSite","@id":"https:\/\/www.webdo.tn\/fr\/#website","url":"https:\/\/www.webdo.tn\/fr\/","name":"webdo","description":"Tunisie - News en Tunisie et \u00e0 l&#039;international sur Webdo.tn","publisher":{"@id":"https:\/\/www.webdo.tn\/fr\/#organization"},"potentialAction":[{"@type":"SearchAction","target":{"@type":"EntryPoint","urlTemplate":"https:\/\/www.webdo.tn\/fr\/?s={search_term_string}"},"query-input":{"@type":"PropertyValueSpecification","valueRequired":true,"valueName":"search_term_string"}}],"inLanguage":"fr-FR"},{"@type":"Organization","@id":"https:\/\/www.webdo.tn\/fr\/#organization","name":"Webdo","alternateName":"Webdo.tn","url":"https:\/\/www.webdo.tn\/fr\/","logo":{"@type":"ImageObject","inLanguage":"fr-FR","@id":"https:\/\/www.webdo.tn\/fr\/#\/schema\/logo\/image\/","url":"https:\/\/www.webdo.tn\/fr\/wp-content\/uploads\/2025\/06\/Webdo-Tunisie_168377.jpg","contentUrl":"https:\/\/www.webdo.tn\/fr\/wp-content\/uploads\/2025\/06\/Webdo-Tunisie_168377.jpg","width":301,"height":301,"caption":"Webdo"},"image":{"@id":"https:\/\/www.webdo.tn\/fr\/#\/schema\/logo\/image\/"},"sameAs":["https:\/\/www.facebook.com\/webdotn","https:\/\/x.com\/webdo_tn"],"description":"Webdo est un m\u00e9dia num\u00e9rique tunisien fond\u00e9 en 2010, sp\u00e9cialis\u00e9 dans l\u2019actualit\u00e9 nationale et internationale, l\u2019\u00e9conomie, la soci\u00e9t\u00e9 et les analyses politiques. Le site s\u2019adresse \u00e0 un large public francophone et couvre l\u2019information tunisienne en temps r\u00e9el.","email":"redac@webdo.tn","legalName":"YNJ SARL","foundingDate":"2010-09-06","numberOfEmployees":{"@type":"QuantitativeValue","minValue":"11","maxValue":"50"}},{"@type":"Person","@id":"https:\/\/www.webdo.tn\/fr\/#\/schema\/person\/2c4929cbf5a809e3bd38617c6ce150f6","name":"MC","image":{"@type":"ImageObject","inLanguage":"fr-FR","@id":"https:\/\/secure.gravatar.com\/avatar\/a545bbb6f84efdd5553dbbc2895e3ca8f1d12c5215e00a041c9670b54aa9b18a?s=96&d=mm&r=g","url":"https:\/\/secure.gravatar.com\/avatar\/a545bbb6f84efdd5553dbbc2895e3ca8f1d12c5215e00a041c9670b54aa9b18a?s=96&d=mm&r=g","contentUrl":"https:\/\/secure.gravatar.com\/avatar\/a545bbb6f84efdd5553dbbc2895e3ca8f1d12c5215e00a041c9670b54aa9b18a?s=96&d=mm&r=g","caption":"MC"},"url":"https:\/\/www.webdo.tn\/fr\/actualite\/author\/mc\/"}]}},"_links":{"self":[{"href":"https:\/\/www.webdo.tn\/fr\/wp-json\/wp\/v2\/posts\/201496","targetHints":{"allow":["GET"]}}],"collection":[{"href":"https:\/\/www.webdo.tn\/fr\/wp-json\/wp\/v2\/posts"}],"about":[{"href":"https:\/\/www.webdo.tn\/fr\/wp-json\/wp\/v2\/types\/post"}],"author":[{"embeddable":true,"href":"https:\/\/www.webdo.tn\/fr\/wp-json\/wp\/v2\/users\/3162"}],"replies":[{"embeddable":true,"href":"https:\/\/www.webdo.tn\/fr\/wp-json\/wp\/v2\/comments?post=201496"}],"version-history":[{"count":0,"href":"https:\/\/www.webdo.tn\/fr\/wp-json\/wp\/v2\/posts\/201496\/revisions"}],"wp:featuredmedia":[{"embeddable":true,"href":"https:\/\/www.webdo.tn\/fr\/wp-json\/wp\/v2\/media\/252639"}],"wp:attachment":[{"href":"https:\/\/www.webdo.tn\/fr\/wp-json\/wp\/v2\/media?parent=201496"}],"wp:term":[{"taxonomy":"category","embeddable":true,"href":"https:\/\/www.webdo.tn\/fr\/wp-json\/wp\/v2\/categories?post=201496"},{"taxonomy":"post_tag","embeddable":true,"href":"https:\/\/www.webdo.tn\/fr\/wp-json\/wp\/v2\/tags?post=201496"}],"curies":[{"name":"wp","href":"https:\/\/api.w.org\/{rel}","templated":true}]}}