{"id":201489,"date":"2023-01-04T13:10:00","date_gmt":"2023-01-04T13:10:00","guid":{"rendered":"https:\/\/www.webdo.tn\/fr\/blog\/affaire-des-contrats-de-lobbying-rached-ghannouchi-et-rafik-abdessalem-non-presents-a-l-audience\/201489\/"},"modified":"2025-05-20T22:03:32","modified_gmt":"2025-05-20T22:03:32","slug":"affaire-des-contrats-de-lobbying-rached-ghannouchi-et-rafik-abdessalem-non-presents-a-l-audience","status":"publish","type":"post","link":"https:\/\/www.webdo.tn\/fr\/actualite\/national\/affaire-des-contrats-de-lobbying-rached-ghannouchi-et-rafik-abdessalem-non-presents-a-l-audience\/201489\/","title":{"rendered":"Affaire des contrats de lobbying : Rached Ghannouchi et Rafik Abdessalem non pr\u00e9sents \u00e0 l&rsquo;audience"},"content":{"rendered":"<p>La Chambre criminelle aupr\u00e8s du Tribunal de premi\u00e8re instance de Tunis devait examiner, ce mercredi 4 janvier 2023, l&rsquo;affaire des contrats de lobbying dans laquelle sont impliqu\u00e9s le pr\u00e9sident du mouvement Ennahdha, Rached Ghannouchi et son gendre Rafik Abdessalem.<\/p>\n<p>\t\t\t\t\t\t\t\t\tEn raison de l&rsquo;absence des deux pr\u00e9venus, qui ne se sont pr\u00e9sent\u00e9s \u00e0 l&rsquo;audience, la Chambre criminelle a d\u00e9cid\u00e9 de reporter l&rsquo;examen de cette affaire \u00e0 fin janvier et ordonn\u00e9 leur pr\u00e9sence.<\/p>\n<p>Cette affaire, en instance devant le p\u00f4le judiciaire \u00e9conomique et financier, et qui concerne le financement de la campagne l\u00e9gislative de 2019 avait \u00e9t\u00e9 cl\u00f4tur\u00e9e le 11 mars 2022. <\/p>\n<p>Le juge d&rsquo;instruction en charge de l&rsquo;affaire du \u00ab\u00a0Lobbying\u00a0\u00bb avait d\u00e9cid\u00e9 de renvoyer le mouvement Ennahdha devant le Tribunal de premi\u00e8re instance de Tunis.<\/p>\n<p>Ennahdha, en la personne de son repr\u00e9sentant l\u00e9gal et un des membres du parti ayant pris part \u00e0 la signature du contrat de lobbying, doivent donc compara\u00eetre devant la justice.<\/p>\n<p>Le premier, pour obtention de financements \u00e9trangers pour la campagne \u00e9lectorale et r\u00e9ception de fonds d&rsquo;origine inconnue et le deuxi\u00e8me pour participation.<\/p>\n","protected":false},"excerpt":{"rendered":"<p>La Chambre criminelle aupr\u00e8s du Tribunal de premi\u00e8re instance de Tunis devait examiner, ce mercredi 4 janvier 2023, l&rsquo;affaire des contrats de lobbying dans laqu&#8230;<\/p>\n","protected":false},"author":3162,"featured_media":252647,"comment_status":"open","ping_status":"closed","sticky":false,"template":"","format":"standard","meta":{"footnotes":""},"categories":[44],"tags":[3057,2619,5645,5644,5646],"class_list":["post-201489","post","type-post","status-publish","format-standard","has-post-thumbnail","hentry","category-national","tag-ennahdha","tag-justice","tag-lobbying","tag-rached-ghannouchi","tag-rafik-abdessalem"],"yoast_head":"<!-- This site is optimized with the Yoast SEO Premium plugin v27.5 (Yoast SEO v27.5) - https:\/\/yoast.com\/product\/yoast-seo-premium-wordpress\/ -->\n<title>Affaire des contrats de lobbying : Rached Ghannouchi et Rafik Abdessalem non pr\u00e9sents \u00e0 l&#039;audience<\/title>\n<meta name=\"description\" content=\"La Chambre criminelle aupr\u00e8s du Tribunal de premi\u00e8re instance de Tunis devait examiner, ce mercredi 4 janvier 2023, l&#039;affaire des contrats de lobbying dans laqu...\" \/>\n<link rel=\"canonical\" href=\"https:\/\/www.webdo.tn\/fr\/actualite\/national\/affaire-des-contrats-de-lobbying-rached-ghannouchi-et-rafik-abdessalem-non-presents-a-l-audience\/201489\/\" \/>\n<meta property=\"og:locale\" content=\"fr_FR\" \/>\n<meta property=\"og:type\" content=\"article\" \/>\n<meta property=\"og:title\" content=\"Affaire des contrats de lobbying : Rached Ghannouchi et Rafik Abdessalem non pr\u00e9sents \u00e0 l&#039;audience\" \/>\n<meta property=\"og:description\" content=\"La Chambre criminelle aupr\u00e8s du Tribunal de premi\u00e8re instance de Tunis devait examiner, ce mercredi 4 janvier 2023, l&#039;affaire des contrats de lobbying dans laqu...\" \/>\n<meta property=\"og:url\" content=\"https:\/\/www.webdo.tn\/fr\/actualite\/national\/affaire-des-contrats-de-lobbying-rached-ghannouchi-et-rafik-abdessalem-non-presents-a-l-audience\/201489\/\" \/>\n<meta property=\"og:site_name\" content=\"webdo\" \/>\n<meta property=\"article:publisher\" content=\"https:\/\/www.facebook.com\/webdotn\" \/>\n<meta property=\"article:published_time\" content=\"2023-01-04T13:10:00+00:00\" \/>\n<meta property=\"article:modified_time\" content=\"2025-05-20T22:03:32+00:00\" \/>\n<meta property=\"og:image\" content=\"https:\/\/www.webdo.tn\/fr\/wp-content\/uploads\/2023\/01\/e3396d89169519cc0b2709ea3eb3b650.jpg\" \/>\n\t<meta property=\"og:image:width\" content=\"650\" \/>\n\t<meta property=\"og:image:height\" content=\"347\" \/>\n\t<meta property=\"og:image:type\" content=\"image\/jpeg\" \/>\n<meta name=\"author\" content=\"MC\" \/>\n<meta name=\"twitter:card\" content=\"summary_large_image\" \/>\n<meta name=\"twitter:creator\" content=\"@webdo_tn\" \/>\n<meta name=\"twitter:site\" content=\"@webdo_tn\" \/>\n<meta name=\"twitter:label1\" content=\"\u00c9crit par\" \/>\n\t<meta name=\"twitter:data1\" content=\"MC\" \/>\n\t<meta name=\"twitter:label2\" content=\"Dur\u00e9e de lecture estim\u00e9e\" \/>\n\t<meta name=\"twitter:data2\" content=\"1 minute\" \/>\n<script type=\"application\/ld+json\" class=\"yoast-schema-graph\">{\"@context\":\"https:\\\/\\\/schema.org\",\"@graph\":[{\"@type\":\"NewsArticle\",\"@id\":\"https:\\\/\\\/www.webdo.tn\\\/fr\\\/actualite\\\/national\\\/affaire-des-contrats-de-lobbying-rached-ghannouchi-et-rafik-abdessalem-non-presents-a-l-audience\\\/201489\\\/#article\",\"isPartOf\":{\"@id\":\"https:\\\/\\\/www.webdo.tn\\\/fr\\\/actualite\\\/national\\\/affaire-des-contrats-de-lobbying-rached-ghannouchi-et-rafik-abdessalem-non-presents-a-l-audience\\\/201489\\\/\"},\"author\":{\"name\":\"MC\",\"@id\":\"https:\\\/\\\/www.webdo.tn\\\/fr\\\/#\\\/schema\\\/person\\\/2c4929cbf5a809e3bd38617c6ce150f6\"},\"headline\":\"Affaire des contrats de lobbying : Rached Ghannouchi et Rafik Abdessalem non pr\u00e9sents \u00e0 l&rsquo;audience\",\"datePublished\":\"2023-01-04T13:10:00+00:00\",\"dateModified\":\"2025-05-20T22:03:32+00:00\",\"mainEntityOfPage\":{\"@id\":\"https:\\\/\\\/www.webdo.tn\\\/fr\\\/actualite\\\/national\\\/affaire-des-contrats-de-lobbying-rached-ghannouchi-et-rafik-abdessalem-non-presents-a-l-audience\\\/201489\\\/\"},\"wordCount\":210,\"commentCount\":0,\"publisher\":{\"@id\":\"https:\\\/\\\/www.webdo.tn\\\/fr\\\/#organization\"},\"image\":{\"@id\":\"https:\\\/\\\/www.webdo.tn\\\/fr\\\/actualite\\\/national\\\/affaire-des-contrats-de-lobbying-rached-ghannouchi-et-rafik-abdessalem-non-presents-a-l-audience\\\/201489\\\/#primaryimage\"},\"thumbnailUrl\":\"https:\\\/\\\/www.webdo.tn\\\/fr\\\/wp-content\\\/uploads\\\/2023\\\/01\\\/e3396d89169519cc0b2709ea3eb3b650.jpg\",\"keywords\":[\"Ennahdha\",\"justice\",\"lobbying\",\"Rached Ghannouchi\",\"Rafik Abdessalem\"],\"articleSection\":[\"National\"],\"inLanguage\":\"fr-FR\"},{\"@type\":\"WebPage\",\"@id\":\"https:\\\/\\\/www.webdo.tn\\\/fr\\\/actualite\\\/national\\\/affaire-des-contrats-de-lobbying-rached-ghannouchi-et-rafik-abdessalem-non-presents-a-l-audience\\\/201489\\\/\",\"url\":\"https:\\\/\\\/www.webdo.tn\\\/fr\\\/actualite\\\/national\\\/affaire-des-contrats-de-lobbying-rached-ghannouchi-et-rafik-abdessalem-non-presents-a-l-audience\\\/201489\\\/\",\"name\":\"Affaire des contrats de lobbying : Rached Ghannouchi et Rafik Abdessalem non pr\u00e9sents \u00e0 l'audience\",\"isPartOf\":{\"@id\":\"https:\\\/\\\/www.webdo.tn\\\/fr\\\/#website\"},\"primaryImageOfPage\":{\"@id\":\"https:\\\/\\\/www.webdo.tn\\\/fr\\\/actualite\\\/national\\\/affaire-des-contrats-de-lobbying-rached-ghannouchi-et-rafik-abdessalem-non-presents-a-l-audience\\\/201489\\\/#primaryimage\"},\"image\":{\"@id\":\"https:\\\/\\\/www.webdo.tn\\\/fr\\\/actualite\\\/national\\\/affaire-des-contrats-de-lobbying-rached-ghannouchi-et-rafik-abdessalem-non-presents-a-l-audience\\\/201489\\\/#primaryimage\"},\"thumbnailUrl\":\"https:\\\/\\\/www.webdo.tn\\\/fr\\\/wp-content\\\/uploads\\\/2023\\\/01\\\/e3396d89169519cc0b2709ea3eb3b650.jpg\",\"datePublished\":\"2023-01-04T13:10:00+00:00\",\"dateModified\":\"2025-05-20T22:03:32+00:00\",\"description\":\"La Chambre criminelle aupr\u00e8s du Tribunal de premi\u00e8re instance de Tunis devait examiner, ce mercredi 4 janvier 2023, l'affaire des contrats de lobbying dans laqu...\",\"breadcrumb\":{\"@id\":\"https:\\\/\\\/www.webdo.tn\\\/fr\\\/actualite\\\/national\\\/affaire-des-contrats-de-lobbying-rached-ghannouchi-et-rafik-abdessalem-non-presents-a-l-audience\\\/201489\\\/#breadcrumb\"},\"inLanguage\":\"fr-FR\",\"potentialAction\":[{\"@type\":\"ReadAction\",\"target\":[\"https:\\\/\\\/www.webdo.tn\\\/fr\\\/actualite\\\/national\\\/affaire-des-contrats-de-lobbying-rached-ghannouchi-et-rafik-abdessalem-non-presents-a-l-audience\\\/201489\\\/\"]}]},{\"@type\":\"ImageObject\",\"inLanguage\":\"fr-FR\",\"@id\":\"https:\\\/\\\/www.webdo.tn\\\/fr\\\/actualite\\\/national\\\/affaire-des-contrats-de-lobbying-rached-ghannouchi-et-rafik-abdessalem-non-presents-a-l-audience\\\/201489\\\/#primaryimage\",\"url\":\"https:\\\/\\\/www.webdo.tn\\\/fr\\\/wp-content\\\/uploads\\\/2023\\\/01\\\/e3396d89169519cc0b2709ea3eb3b650.jpg\",\"contentUrl\":\"https:\\\/\\\/www.webdo.tn\\\/fr\\\/wp-content\\\/uploads\\\/2023\\\/01\\\/e3396d89169519cc0b2709ea3eb3b650.jpg\",\"width\":650,\"height\":347,\"caption\":\"Affaire des contrats de lobbying : Rached Ghannouchi et Rafik Abdessalem non pr\u00e9sents \u00e0 l'audience\"},{\"@type\":\"BreadcrumbList\",\"@id\":\"https:\\\/\\\/www.webdo.tn\\\/fr\\\/actualite\\\/national\\\/affaire-des-contrats-de-lobbying-rached-ghannouchi-et-rafik-abdessalem-non-presents-a-l-audience\\\/201489\\\/#breadcrumb\",\"itemListElement\":[{\"@type\":\"ListItem\",\"position\":1,\"name\":\"Accueil\",\"item\":\"https:\\\/\\\/www.webdo.tn\\\/fr\\\/\"},{\"@type\":\"ListItem\",\"position\":2,\"name\":\"Affaire des contrats de lobbying : Rached Ghannouchi et Rafik Abdessalem non pr\u00e9sents \u00e0 l&#8217;audience\"}]},{\"@type\":\"WebSite\",\"@id\":\"https:\\\/\\\/www.webdo.tn\\\/fr\\\/#website\",\"url\":\"https:\\\/\\\/www.webdo.tn\\\/fr\\\/\",\"name\":\"webdo\",\"description\":\"Tunisie - News en Tunisie et \u00e0 l&#039;international sur Webdo.tn\",\"publisher\":{\"@id\":\"https:\\\/\\\/www.webdo.tn\\\/fr\\\/#organization\"},\"potentialAction\":[{\"@type\":\"SearchAction\",\"target\":{\"@type\":\"EntryPoint\",\"urlTemplate\":\"https:\\\/\\\/www.webdo.tn\\\/fr\\\/?s={search_term_string}\"},\"query-input\":{\"@type\":\"PropertyValueSpecification\",\"valueRequired\":true,\"valueName\":\"search_term_string\"}}],\"inLanguage\":\"fr-FR\"},{\"@type\":\"Organization\",\"@id\":\"https:\\\/\\\/www.webdo.tn\\\/fr\\\/#organization\",\"name\":\"Webdo\",\"alternateName\":\"Webdo.tn\",\"url\":\"https:\\\/\\\/www.webdo.tn\\\/fr\\\/\",\"logo\":{\"@type\":\"ImageObject\",\"inLanguage\":\"fr-FR\",\"@id\":\"https:\\\/\\\/www.webdo.tn\\\/fr\\\/#\\\/schema\\\/logo\\\/image\\\/\",\"url\":\"https:\\\/\\\/www.webdo.tn\\\/fr\\\/wp-content\\\/uploads\\\/2025\\\/06\\\/Webdo-Tunisie_168377.jpg\",\"contentUrl\":\"https:\\\/\\\/www.webdo.tn\\\/fr\\\/wp-content\\\/uploads\\\/2025\\\/06\\\/Webdo-Tunisie_168377.jpg\",\"width\":301,\"height\":301,\"caption\":\"Webdo\"},\"image\":{\"@id\":\"https:\\\/\\\/www.webdo.tn\\\/fr\\\/#\\\/schema\\\/logo\\\/image\\\/\"},\"sameAs\":[\"https:\\\/\\\/www.facebook.com\\\/webdotn\",\"https:\\\/\\\/x.com\\\/webdo_tn\"],\"description\":\"Webdo est un m\u00e9dia num\u00e9rique tunisien fond\u00e9 en 2010, sp\u00e9cialis\u00e9 dans l\u2019actualit\u00e9 nationale et internationale, l\u2019\u00e9conomie, la soci\u00e9t\u00e9 et les analyses politiques. Le site s\u2019adresse \u00e0 un large public francophone et couvre l\u2019information tunisienne en temps r\u00e9el.\",\"email\":\"redac@webdo.tn\",\"legalName\":\"YNJ SARL\",\"foundingDate\":\"2010-09-06\",\"numberOfEmployees\":{\"@type\":\"QuantitativeValue\",\"minValue\":\"11\",\"maxValue\":\"50\"}},{\"@type\":\"Person\",\"@id\":\"https:\\\/\\\/www.webdo.tn\\\/fr\\\/#\\\/schema\\\/person\\\/2c4929cbf5a809e3bd38617c6ce150f6\",\"name\":\"MC\",\"image\":{\"@type\":\"ImageObject\",\"inLanguage\":\"fr-FR\",\"@id\":\"https:\\\/\\\/secure.gravatar.com\\\/avatar\\\/a545bbb6f84efdd5553dbbc2895e3ca8f1d12c5215e00a041c9670b54aa9b18a?s=96&d=mm&r=g\",\"url\":\"https:\\\/\\\/secure.gravatar.com\\\/avatar\\\/a545bbb6f84efdd5553dbbc2895e3ca8f1d12c5215e00a041c9670b54aa9b18a?s=96&d=mm&r=g\",\"contentUrl\":\"https:\\\/\\\/secure.gravatar.com\\\/avatar\\\/a545bbb6f84efdd5553dbbc2895e3ca8f1d12c5215e00a041c9670b54aa9b18a?s=96&d=mm&r=g\",\"caption\":\"MC\"},\"url\":\"https:\\\/\\\/www.webdo.tn\\\/fr\\\/actualite\\\/author\\\/mc\\\/\"}]}<\/script>\n<!-- \/ Yoast SEO Premium plugin. -->","yoast_head_json":{"title":"Affaire des contrats de lobbying : Rached Ghannouchi et Rafik Abdessalem non pr\u00e9sents \u00e0 l'audience","description":"La Chambre criminelle aupr\u00e8s du Tribunal de premi\u00e8re instance de Tunis devait examiner, ce mercredi 4 janvier 2023, l'affaire des contrats de lobbying dans laqu...","canonical":"https:\/\/www.webdo.tn\/fr\/actualite\/national\/affaire-des-contrats-de-lobbying-rached-ghannouchi-et-rafik-abdessalem-non-presents-a-l-audience\/201489\/","og_locale":"fr_FR","og_type":"article","og_title":"Affaire des contrats de lobbying : Rached Ghannouchi et Rafik Abdessalem non pr\u00e9sents \u00e0 l'audience","og_description":"La Chambre criminelle aupr\u00e8s du Tribunal de premi\u00e8re instance de Tunis devait examiner, ce mercredi 4 janvier 2023, l'affaire des contrats de lobbying dans laqu...","og_url":"https:\/\/www.webdo.tn\/fr\/actualite\/national\/affaire-des-contrats-de-lobbying-rached-ghannouchi-et-rafik-abdessalem-non-presents-a-l-audience\/201489\/","og_site_name":"webdo","article_publisher":"https:\/\/www.facebook.com\/webdotn","article_published_time":"2023-01-04T13:10:00+00:00","article_modified_time":"2025-05-20T22:03:32+00:00","og_image":[{"width":650,"height":347,"url":"https:\/\/www.webdo.tn\/fr\/wp-content\/uploads\/2023\/01\/e3396d89169519cc0b2709ea3eb3b650.jpg","type":"image\/jpeg"}],"author":"MC","twitter_card":"summary_large_image","twitter_creator":"@webdo_tn","twitter_site":"@webdo_tn","twitter_misc":{"\u00c9crit par":"MC","Dur\u00e9e de lecture estim\u00e9e":"1 minute"},"schema":{"@context":"https:\/\/schema.org","@graph":[{"@type":"NewsArticle","@id":"https:\/\/www.webdo.tn\/fr\/actualite\/national\/affaire-des-contrats-de-lobbying-rached-ghannouchi-et-rafik-abdessalem-non-presents-a-l-audience\/201489\/#article","isPartOf":{"@id":"https:\/\/www.webdo.tn\/fr\/actualite\/national\/affaire-des-contrats-de-lobbying-rached-ghannouchi-et-rafik-abdessalem-non-presents-a-l-audience\/201489\/"},"author":{"name":"MC","@id":"https:\/\/www.webdo.tn\/fr\/#\/schema\/person\/2c4929cbf5a809e3bd38617c6ce150f6"},"headline":"Affaire des contrats de lobbying : Rached Ghannouchi et Rafik Abdessalem non pr\u00e9sents \u00e0 l&rsquo;audience","datePublished":"2023-01-04T13:10:00+00:00","dateModified":"2025-05-20T22:03:32+00:00","mainEntityOfPage":{"@id":"https:\/\/www.webdo.tn\/fr\/actualite\/national\/affaire-des-contrats-de-lobbying-rached-ghannouchi-et-rafik-abdessalem-non-presents-a-l-audience\/201489\/"},"wordCount":210,"commentCount":0,"publisher":{"@id":"https:\/\/www.webdo.tn\/fr\/#organization"},"image":{"@id":"https:\/\/www.webdo.tn\/fr\/actualite\/national\/affaire-des-contrats-de-lobbying-rached-ghannouchi-et-rafik-abdessalem-non-presents-a-l-audience\/201489\/#primaryimage"},"thumbnailUrl":"https:\/\/www.webdo.tn\/fr\/wp-content\/uploads\/2023\/01\/e3396d89169519cc0b2709ea3eb3b650.jpg","keywords":["Ennahdha","justice","lobbying","Rached Ghannouchi","Rafik Abdessalem"],"articleSection":["National"],"inLanguage":"fr-FR"},{"@type":"WebPage","@id":"https:\/\/www.webdo.tn\/fr\/actualite\/national\/affaire-des-contrats-de-lobbying-rached-ghannouchi-et-rafik-abdessalem-non-presents-a-l-audience\/201489\/","url":"https:\/\/www.webdo.tn\/fr\/actualite\/national\/affaire-des-contrats-de-lobbying-rached-ghannouchi-et-rafik-abdessalem-non-presents-a-l-audience\/201489\/","name":"Affaire des contrats de lobbying : Rached Ghannouchi et Rafik Abdessalem non pr\u00e9sents \u00e0 l'audience","isPartOf":{"@id":"https:\/\/www.webdo.tn\/fr\/#website"},"primaryImageOfPage":{"@id":"https:\/\/www.webdo.tn\/fr\/actualite\/national\/affaire-des-contrats-de-lobbying-rached-ghannouchi-et-rafik-abdessalem-non-presents-a-l-audience\/201489\/#primaryimage"},"image":{"@id":"https:\/\/www.webdo.tn\/fr\/actualite\/national\/affaire-des-contrats-de-lobbying-rached-ghannouchi-et-rafik-abdessalem-non-presents-a-l-audience\/201489\/#primaryimage"},"thumbnailUrl":"https:\/\/www.webdo.tn\/fr\/wp-content\/uploads\/2023\/01\/e3396d89169519cc0b2709ea3eb3b650.jpg","datePublished":"2023-01-04T13:10:00+00:00","dateModified":"2025-05-20T22:03:32+00:00","description":"La Chambre criminelle aupr\u00e8s du Tribunal de premi\u00e8re instance de Tunis devait examiner, ce mercredi 4 janvier 2023, l'affaire des contrats de lobbying dans laqu...","breadcrumb":{"@id":"https:\/\/www.webdo.tn\/fr\/actualite\/national\/affaire-des-contrats-de-lobbying-rached-ghannouchi-et-rafik-abdessalem-non-presents-a-l-audience\/201489\/#breadcrumb"},"inLanguage":"fr-FR","potentialAction":[{"@type":"ReadAction","target":["https:\/\/www.webdo.tn\/fr\/actualite\/national\/affaire-des-contrats-de-lobbying-rached-ghannouchi-et-rafik-abdessalem-non-presents-a-l-audience\/201489\/"]}]},{"@type":"ImageObject","inLanguage":"fr-FR","@id":"https:\/\/www.webdo.tn\/fr\/actualite\/national\/affaire-des-contrats-de-lobbying-rached-ghannouchi-et-rafik-abdessalem-non-presents-a-l-audience\/201489\/#primaryimage","url":"https:\/\/www.webdo.tn\/fr\/wp-content\/uploads\/2023\/01\/e3396d89169519cc0b2709ea3eb3b650.jpg","contentUrl":"https:\/\/www.webdo.tn\/fr\/wp-content\/uploads\/2023\/01\/e3396d89169519cc0b2709ea3eb3b650.jpg","width":650,"height":347,"caption":"Affaire des contrats de lobbying : Rached Ghannouchi et Rafik Abdessalem non pr\u00e9sents \u00e0 l'audience"},{"@type":"BreadcrumbList","@id":"https:\/\/www.webdo.tn\/fr\/actualite\/national\/affaire-des-contrats-de-lobbying-rached-ghannouchi-et-rafik-abdessalem-non-presents-a-l-audience\/201489\/#breadcrumb","itemListElement":[{"@type":"ListItem","position":1,"name":"Accueil","item":"https:\/\/www.webdo.tn\/fr\/"},{"@type":"ListItem","position":2,"name":"Affaire des contrats de lobbying : Rached Ghannouchi et Rafik Abdessalem non pr\u00e9sents \u00e0 l&#8217;audience"}]},{"@type":"WebSite","@id":"https:\/\/www.webdo.tn\/fr\/#website","url":"https:\/\/www.webdo.tn\/fr\/","name":"webdo","description":"Tunisie - News en Tunisie et \u00e0 l&#039;international sur Webdo.tn","publisher":{"@id":"https:\/\/www.webdo.tn\/fr\/#organization"},"potentialAction":[{"@type":"SearchAction","target":{"@type":"EntryPoint","urlTemplate":"https:\/\/www.webdo.tn\/fr\/?s={search_term_string}"},"query-input":{"@type":"PropertyValueSpecification","valueRequired":true,"valueName":"search_term_string"}}],"inLanguage":"fr-FR"},{"@type":"Organization","@id":"https:\/\/www.webdo.tn\/fr\/#organization","name":"Webdo","alternateName":"Webdo.tn","url":"https:\/\/www.webdo.tn\/fr\/","logo":{"@type":"ImageObject","inLanguage":"fr-FR","@id":"https:\/\/www.webdo.tn\/fr\/#\/schema\/logo\/image\/","url":"https:\/\/www.webdo.tn\/fr\/wp-content\/uploads\/2025\/06\/Webdo-Tunisie_168377.jpg","contentUrl":"https:\/\/www.webdo.tn\/fr\/wp-content\/uploads\/2025\/06\/Webdo-Tunisie_168377.jpg","width":301,"height":301,"caption":"Webdo"},"image":{"@id":"https:\/\/www.webdo.tn\/fr\/#\/schema\/logo\/image\/"},"sameAs":["https:\/\/www.facebook.com\/webdotn","https:\/\/x.com\/webdo_tn"],"description":"Webdo est un m\u00e9dia num\u00e9rique tunisien fond\u00e9 en 2010, sp\u00e9cialis\u00e9 dans l\u2019actualit\u00e9 nationale et internationale, l\u2019\u00e9conomie, la soci\u00e9t\u00e9 et les analyses politiques. Le site s\u2019adresse \u00e0 un large public francophone et couvre l\u2019information tunisienne en temps r\u00e9el.","email":"redac@webdo.tn","legalName":"YNJ SARL","foundingDate":"2010-09-06","numberOfEmployees":{"@type":"QuantitativeValue","minValue":"11","maxValue":"50"}},{"@type":"Person","@id":"https:\/\/www.webdo.tn\/fr\/#\/schema\/person\/2c4929cbf5a809e3bd38617c6ce150f6","name":"MC","image":{"@type":"ImageObject","inLanguage":"fr-FR","@id":"https:\/\/secure.gravatar.com\/avatar\/a545bbb6f84efdd5553dbbc2895e3ca8f1d12c5215e00a041c9670b54aa9b18a?s=96&d=mm&r=g","url":"https:\/\/secure.gravatar.com\/avatar\/a545bbb6f84efdd5553dbbc2895e3ca8f1d12c5215e00a041c9670b54aa9b18a?s=96&d=mm&r=g","contentUrl":"https:\/\/secure.gravatar.com\/avatar\/a545bbb6f84efdd5553dbbc2895e3ca8f1d12c5215e00a041c9670b54aa9b18a?s=96&d=mm&r=g","caption":"MC"},"url":"https:\/\/www.webdo.tn\/fr\/actualite\/author\/mc\/"}]}},"_links":{"self":[{"href":"https:\/\/www.webdo.tn\/fr\/wp-json\/wp\/v2\/posts\/201489","targetHints":{"allow":["GET"]}}],"collection":[{"href":"https:\/\/www.webdo.tn\/fr\/wp-json\/wp\/v2\/posts"}],"about":[{"href":"https:\/\/www.webdo.tn\/fr\/wp-json\/wp\/v2\/types\/post"}],"author":[{"embeddable":true,"href":"https:\/\/www.webdo.tn\/fr\/wp-json\/wp\/v2\/users\/3162"}],"replies":[{"embeddable":true,"href":"https:\/\/www.webdo.tn\/fr\/wp-json\/wp\/v2\/comments?post=201489"}],"version-history":[{"count":0,"href":"https:\/\/www.webdo.tn\/fr\/wp-json\/wp\/v2\/posts\/201489\/revisions"}],"wp:featuredmedia":[{"embeddable":true,"href":"https:\/\/www.webdo.tn\/fr\/wp-json\/wp\/v2\/media\/252647"}],"wp:attachment":[{"href":"https:\/\/www.webdo.tn\/fr\/wp-json\/wp\/v2\/media?parent=201489"}],"wp:term":[{"taxonomy":"category","embeddable":true,"href":"https:\/\/www.webdo.tn\/fr\/wp-json\/wp\/v2\/categories?post=201489"},{"taxonomy":"post_tag","embeddable":true,"href":"https:\/\/www.webdo.tn\/fr\/wp-json\/wp\/v2\/tags?post=201489"}],"curies":[{"name":"wp","href":"https:\/\/api.w.org\/{rel}","templated":true}]}}