{"id":201480,"date":"2023-01-04T11:05:00","date_gmt":"2023-01-04T11:05:00","guid":{"rendered":"https:\/\/www.webdo.tn\/fr\/blog\/la-tunisie-condamne-l-intrusion-d-un-ministre-israelien-dans-l-esplande-d-al-aqsa\/201480\/"},"modified":"2025-05-20T22:03:29","modified_gmt":"2025-05-20T22:03:29","slug":"la-tunisie-condamne-l-intrusion-d-un-ministre-israelien-dans-l-esplande-d-al-aqsa","status":"publish","type":"post","link":"https:\/\/www.webdo.tn\/fr\/actualite\/international\/la-tunisie-condamne-l-intrusion-d-un-ministre-israelien-dans-l-esplande-d-al-aqsa\/201480\/","title":{"rendered":"La Tunisie condamne l&rsquo;intrusion d&rsquo;un ministre isra\u00e9lien dans l&rsquo;esplande d&rsquo;al-Aqsa"},"content":{"rendered":"<p>La Tunisie \u00e0 fermement condamn\u00e9 l&rsquo;intrusion d&rsquo;un ministre isra\u00e9lien sur l&rsquo;esplanade des mosqu\u00e9es \u00e0 al-Aqsa.<\/p>\n<p>\t\t\t\t\t\t\t\t\t\u00ab\u00a0Il s&rsquo;agit d&rsquo;une provocation flagrante du peuple palestinien et des musulmans du monde entier\u00a0\u00bb, lit-on dans une d\u00e9claration publi\u00e9e par le minist\u00e8re des Affaires \u00e9trang\u00e8res.<\/p>\n<p>Le d\u00e9partement a, dans ce contexte, appel\u00e9 la communaut\u00e9 internationale \u00e0 assumer enti\u00e8rement ses responsabilit\u00e9s morales et l\u00e9gales \u00e0 l&rsquo;\u00e9gard des Palestiniens et \u00e0 agir, en urgence, pour emp\u00eacher de telles pratiques d&rsquo;escalade.<\/p>\n<p>La Tunisie a r\u00e9affirm\u00e9 son soutien \u00e0 la Palestine dans sa lutte l\u00e9gitime contre l&rsquo;occupation isra\u00e9lienne, r\u00e9it\u00e9rant son appui permanent au peuple palestinien dans la d\u00e9fense de ses droits l\u00e9gitimes, y compris l&rsquo;\u00e9tablissement d&rsquo;un Etat ind\u00e9pendant avec al-Qods pour capitale.<\/p>\n<p>Accompagn\u00e9 de forces de s\u00e9curit\u00e9, le ministre isra\u00e9lien de la securite nationale, Itmar Ben-Gvir s&rsquo;est rendu mardi \u00e0 l&rsquo;esplanade des mosqu\u00e9es \u00e0 al-Aqsa.<\/p>\n","protected":false},"excerpt":{"rendered":"<p>La Tunisie \u00e0 fermement condamn\u00e9 l&rsquo;intrusion d&rsquo;un ministre isra\u00e9lien sur l&rsquo;esplanade des mosqu\u00e9es \u00e0 al-Aqsa.<\/p>\n","protected":false},"author":3162,"featured_media":252625,"comment_status":"open","ping_status":"closed","sticky":false,"template":"","format":"standard","meta":{"footnotes":""},"categories":[2598],"tags":[7778,2636],"class_list":["post-201480","post","type-post","status-publish","format-standard","has-post-thumbnail","hentry","category-international","tag-al-aqsa","tag-israel"],"yoast_head":"<!-- This site is optimized with the Yoast SEO Premium plugin v27.5 (Yoast SEO v27.5) - https:\/\/yoast.com\/product\/yoast-seo-premium-wordpress\/ -->\n<title>La Tunisie condamne l&#039;intrusion d&#039;un ministre isra\u00e9lien dans l&#039;esplande d&#039;al-Aqsa<\/title>\n<meta name=\"description\" content=\"La Tunisie \u00e0 fermement condamn\u00e9 l&#039;intrusion d&#039;un ministre isra\u00e9lien sur l&#039;esplanade des mosqu\u00e9es \u00e0 al-Aqsa.\" \/>\n<link rel=\"canonical\" href=\"https:\/\/www.webdo.tn\/fr\/actualite\/international\/la-tunisie-condamne-l-intrusion-d-un-ministre-israelien-dans-l-esplande-d-al-aqsa\/201480\/\" \/>\n<meta property=\"og:locale\" content=\"fr_FR\" \/>\n<meta property=\"og:type\" content=\"article\" \/>\n<meta property=\"og:title\" content=\"La Tunisie condamne l&#039;intrusion d&#039;un ministre isra\u00e9lien dans l&#039;esplande d&#039;al-Aqsa\" \/>\n<meta property=\"og:description\" content=\"La Tunisie \u00e0 fermement condamn\u00e9 l&#039;intrusion d&#039;un ministre isra\u00e9lien sur l&#039;esplanade des mosqu\u00e9es \u00e0 al-Aqsa.\" \/>\n<meta property=\"og:url\" content=\"https:\/\/www.webdo.tn\/fr\/actualite\/international\/la-tunisie-condamne-l-intrusion-d-un-ministre-israelien-dans-l-esplande-d-al-aqsa\/201480\/\" \/>\n<meta property=\"og:site_name\" content=\"webdo\" \/>\n<meta property=\"article:publisher\" content=\"https:\/\/www.facebook.com\/webdotn\" \/>\n<meta property=\"article:published_time\" content=\"2023-01-04T11:05:00+00:00\" \/>\n<meta property=\"article:modified_time\" content=\"2025-05-20T22:03:29+00:00\" \/>\n<meta property=\"og:image\" content=\"https:\/\/www.webdo.tn\/fr\/wp-content\/uploads\/2023\/01\/2462ec453603cc10a67637f7676d4872.jpg\" \/>\n\t<meta property=\"og:image:width\" content=\"750\" \/>\n\t<meta property=\"og:image:height\" content=\"400\" \/>\n\t<meta property=\"og:image:type\" content=\"image\/jpeg\" \/>\n<meta name=\"author\" content=\"MC\" \/>\n<meta name=\"twitter:card\" content=\"summary_large_image\" \/>\n<meta name=\"twitter:creator\" content=\"@webdo_tn\" \/>\n<meta name=\"twitter:site\" content=\"@webdo_tn\" \/>\n<meta name=\"twitter:label1\" content=\"\u00c9crit par\" \/>\n\t<meta name=\"twitter:data1\" content=\"MC\" \/>\n\t<meta name=\"twitter:label2\" content=\"Dur\u00e9e de lecture estim\u00e9e\" \/>\n\t<meta name=\"twitter:data2\" content=\"1 minute\" \/>\n<script type=\"application\/ld+json\" class=\"yoast-schema-graph\">{\"@context\":\"https:\\\/\\\/schema.org\",\"@graph\":[{\"@type\":\"NewsArticle\",\"@id\":\"https:\\\/\\\/www.webdo.tn\\\/fr\\\/actualite\\\/international\\\/la-tunisie-condamne-l-intrusion-d-un-ministre-israelien-dans-l-esplande-d-al-aqsa\\\/201480\\\/#article\",\"isPartOf\":{\"@id\":\"https:\\\/\\\/www.webdo.tn\\\/fr\\\/actualite\\\/international\\\/la-tunisie-condamne-l-intrusion-d-un-ministre-israelien-dans-l-esplande-d-al-aqsa\\\/201480\\\/\"},\"author\":{\"name\":\"MC\",\"@id\":\"https:\\\/\\\/www.webdo.tn\\\/fr\\\/#\\\/schema\\\/person\\\/2c4929cbf5a809e3bd38617c6ce150f6\"},\"headline\":\"La Tunisie condamne l&rsquo;intrusion d&rsquo;un ministre isra\u00e9lien dans l&rsquo;esplande d&rsquo;al-Aqsa\",\"datePublished\":\"2023-01-04T11:05:00+00:00\",\"dateModified\":\"2025-05-20T22:03:29+00:00\",\"mainEntityOfPage\":{\"@id\":\"https:\\\/\\\/www.webdo.tn\\\/fr\\\/actualite\\\/international\\\/la-tunisie-condamne-l-intrusion-d-un-ministre-israelien-dans-l-esplande-d-al-aqsa\\\/201480\\\/\"},\"wordCount\":177,\"commentCount\":0,\"publisher\":{\"@id\":\"https:\\\/\\\/www.webdo.tn\\\/fr\\\/#organization\"},\"image\":{\"@id\":\"https:\\\/\\\/www.webdo.tn\\\/fr\\\/actualite\\\/international\\\/la-tunisie-condamne-l-intrusion-d-un-ministre-israelien-dans-l-esplande-d-al-aqsa\\\/201480\\\/#primaryimage\"},\"thumbnailUrl\":\"https:\\\/\\\/www.webdo.tn\\\/fr\\\/wp-content\\\/uploads\\\/2023\\\/01\\\/2462ec453603cc10a67637f7676d4872.jpg\",\"keywords\":[\"al aqsa\",\"isra\u00ebl\"],\"articleSection\":[\"International\"],\"inLanguage\":\"fr-FR\"},{\"@type\":\"WebPage\",\"@id\":\"https:\\\/\\\/www.webdo.tn\\\/fr\\\/actualite\\\/international\\\/la-tunisie-condamne-l-intrusion-d-un-ministre-israelien-dans-l-esplande-d-al-aqsa\\\/201480\\\/\",\"url\":\"https:\\\/\\\/www.webdo.tn\\\/fr\\\/actualite\\\/international\\\/la-tunisie-condamne-l-intrusion-d-un-ministre-israelien-dans-l-esplande-d-al-aqsa\\\/201480\\\/\",\"name\":\"La Tunisie condamne l'intrusion d'un ministre isra\u00e9lien dans l'esplande d'al-Aqsa\",\"isPartOf\":{\"@id\":\"https:\\\/\\\/www.webdo.tn\\\/fr\\\/#website\"},\"primaryImageOfPage\":{\"@id\":\"https:\\\/\\\/www.webdo.tn\\\/fr\\\/actualite\\\/international\\\/la-tunisie-condamne-l-intrusion-d-un-ministre-israelien-dans-l-esplande-d-al-aqsa\\\/201480\\\/#primaryimage\"},\"image\":{\"@id\":\"https:\\\/\\\/www.webdo.tn\\\/fr\\\/actualite\\\/international\\\/la-tunisie-condamne-l-intrusion-d-un-ministre-israelien-dans-l-esplande-d-al-aqsa\\\/201480\\\/#primaryimage\"},\"thumbnailUrl\":\"https:\\\/\\\/www.webdo.tn\\\/fr\\\/wp-content\\\/uploads\\\/2023\\\/01\\\/2462ec453603cc10a67637f7676d4872.jpg\",\"datePublished\":\"2023-01-04T11:05:00+00:00\",\"dateModified\":\"2025-05-20T22:03:29+00:00\",\"description\":\"La Tunisie \u00e0 fermement condamn\u00e9 l'intrusion d'un ministre isra\u00e9lien sur l'esplanade des mosqu\u00e9es \u00e0 al-Aqsa.\",\"breadcrumb\":{\"@id\":\"https:\\\/\\\/www.webdo.tn\\\/fr\\\/actualite\\\/international\\\/la-tunisie-condamne-l-intrusion-d-un-ministre-israelien-dans-l-esplande-d-al-aqsa\\\/201480\\\/#breadcrumb\"},\"inLanguage\":\"fr-FR\",\"potentialAction\":[{\"@type\":\"ReadAction\",\"target\":[\"https:\\\/\\\/www.webdo.tn\\\/fr\\\/actualite\\\/international\\\/la-tunisie-condamne-l-intrusion-d-un-ministre-israelien-dans-l-esplande-d-al-aqsa\\\/201480\\\/\"]}]},{\"@type\":\"ImageObject\",\"inLanguage\":\"fr-FR\",\"@id\":\"https:\\\/\\\/www.webdo.tn\\\/fr\\\/actualite\\\/international\\\/la-tunisie-condamne-l-intrusion-d-un-ministre-israelien-dans-l-esplande-d-al-aqsa\\\/201480\\\/#primaryimage\",\"url\":\"https:\\\/\\\/www.webdo.tn\\\/fr\\\/wp-content\\\/uploads\\\/2023\\\/01\\\/2462ec453603cc10a67637f7676d4872.jpg\",\"contentUrl\":\"https:\\\/\\\/www.webdo.tn\\\/fr\\\/wp-content\\\/uploads\\\/2023\\\/01\\\/2462ec453603cc10a67637f7676d4872.jpg\",\"width\":750,\"height\":400,\"caption\":\"La Tunisie condamne l'intrusion d'un ministre isra\u00e9lien dans l'esplande d'al-Aqsa\"},{\"@type\":\"BreadcrumbList\",\"@id\":\"https:\\\/\\\/www.webdo.tn\\\/fr\\\/actualite\\\/international\\\/la-tunisie-condamne-l-intrusion-d-un-ministre-israelien-dans-l-esplande-d-al-aqsa\\\/201480\\\/#breadcrumb\",\"itemListElement\":[{\"@type\":\"ListItem\",\"position\":1,\"name\":\"Accueil\",\"item\":\"https:\\\/\\\/www.webdo.tn\\\/fr\\\/\"},{\"@type\":\"ListItem\",\"position\":2,\"name\":\"La Tunisie condamne l&rsquo;intrusion d&rsquo;un ministre isra\u00e9lien dans l&rsquo;esplande d&rsquo;al-Aqsa\"}]},{\"@type\":\"WebSite\",\"@id\":\"https:\\\/\\\/www.webdo.tn\\\/fr\\\/#website\",\"url\":\"https:\\\/\\\/www.webdo.tn\\\/fr\\\/\",\"name\":\"webdo\",\"description\":\"Tunisie - News en Tunisie et \u00e0 l&#039;international sur Webdo.tn\",\"publisher\":{\"@id\":\"https:\\\/\\\/www.webdo.tn\\\/fr\\\/#organization\"},\"potentialAction\":[{\"@type\":\"SearchAction\",\"target\":{\"@type\":\"EntryPoint\",\"urlTemplate\":\"https:\\\/\\\/www.webdo.tn\\\/fr\\\/?s={search_term_string}\"},\"query-input\":{\"@type\":\"PropertyValueSpecification\",\"valueRequired\":true,\"valueName\":\"search_term_string\"}}],\"inLanguage\":\"fr-FR\"},{\"@type\":\"Organization\",\"@id\":\"https:\\\/\\\/www.webdo.tn\\\/fr\\\/#organization\",\"name\":\"Webdo\",\"alternateName\":\"Webdo.tn\",\"url\":\"https:\\\/\\\/www.webdo.tn\\\/fr\\\/\",\"logo\":{\"@type\":\"ImageObject\",\"inLanguage\":\"fr-FR\",\"@id\":\"https:\\\/\\\/www.webdo.tn\\\/fr\\\/#\\\/schema\\\/logo\\\/image\\\/\",\"url\":\"https:\\\/\\\/www.webdo.tn\\\/fr\\\/wp-content\\\/uploads\\\/2025\\\/06\\\/Webdo-Tunisie_168377.jpg\",\"contentUrl\":\"https:\\\/\\\/www.webdo.tn\\\/fr\\\/wp-content\\\/uploads\\\/2025\\\/06\\\/Webdo-Tunisie_168377.jpg\",\"width\":301,\"height\":301,\"caption\":\"Webdo\"},\"image\":{\"@id\":\"https:\\\/\\\/www.webdo.tn\\\/fr\\\/#\\\/schema\\\/logo\\\/image\\\/\"},\"sameAs\":[\"https:\\\/\\\/www.facebook.com\\\/webdotn\",\"https:\\\/\\\/x.com\\\/webdo_tn\"],\"description\":\"Webdo est un m\u00e9dia num\u00e9rique tunisien fond\u00e9 en 2010, sp\u00e9cialis\u00e9 dans l\u2019actualit\u00e9 nationale et internationale, l\u2019\u00e9conomie, la soci\u00e9t\u00e9 et les analyses politiques. Le site s\u2019adresse \u00e0 un large public francophone et couvre l\u2019information tunisienne en temps r\u00e9el.\",\"email\":\"redac@webdo.tn\",\"legalName\":\"YNJ SARL\",\"foundingDate\":\"2010-09-06\",\"numberOfEmployees\":{\"@type\":\"QuantitativeValue\",\"minValue\":\"11\",\"maxValue\":\"50\"}},{\"@type\":\"Person\",\"@id\":\"https:\\\/\\\/www.webdo.tn\\\/fr\\\/#\\\/schema\\\/person\\\/2c4929cbf5a809e3bd38617c6ce150f6\",\"name\":\"MC\",\"image\":{\"@type\":\"ImageObject\",\"inLanguage\":\"fr-FR\",\"@id\":\"https:\\\/\\\/secure.gravatar.com\\\/avatar\\\/a545bbb6f84efdd5553dbbc2895e3ca8f1d12c5215e00a041c9670b54aa9b18a?s=96&d=mm&r=g\",\"url\":\"https:\\\/\\\/secure.gravatar.com\\\/avatar\\\/a545bbb6f84efdd5553dbbc2895e3ca8f1d12c5215e00a041c9670b54aa9b18a?s=96&d=mm&r=g\",\"contentUrl\":\"https:\\\/\\\/secure.gravatar.com\\\/avatar\\\/a545bbb6f84efdd5553dbbc2895e3ca8f1d12c5215e00a041c9670b54aa9b18a?s=96&d=mm&r=g\",\"caption\":\"MC\"},\"url\":\"https:\\\/\\\/www.webdo.tn\\\/fr\\\/actualite\\\/author\\\/mc\\\/\"}]}<\/script>\n<!-- \/ Yoast SEO Premium plugin. -->","yoast_head_json":{"title":"La Tunisie condamne l'intrusion d'un ministre isra\u00e9lien dans l'esplande d'al-Aqsa","description":"La Tunisie \u00e0 fermement condamn\u00e9 l'intrusion d'un ministre isra\u00e9lien sur l'esplanade des mosqu\u00e9es \u00e0 al-Aqsa.","canonical":"https:\/\/www.webdo.tn\/fr\/actualite\/international\/la-tunisie-condamne-l-intrusion-d-un-ministre-israelien-dans-l-esplande-d-al-aqsa\/201480\/","og_locale":"fr_FR","og_type":"article","og_title":"La Tunisie condamne l'intrusion d'un ministre isra\u00e9lien dans l'esplande d'al-Aqsa","og_description":"La Tunisie \u00e0 fermement condamn\u00e9 l'intrusion d'un ministre isra\u00e9lien sur l'esplanade des mosqu\u00e9es \u00e0 al-Aqsa.","og_url":"https:\/\/www.webdo.tn\/fr\/actualite\/international\/la-tunisie-condamne-l-intrusion-d-un-ministre-israelien-dans-l-esplande-d-al-aqsa\/201480\/","og_site_name":"webdo","article_publisher":"https:\/\/www.facebook.com\/webdotn","article_published_time":"2023-01-04T11:05:00+00:00","article_modified_time":"2025-05-20T22:03:29+00:00","og_image":[{"width":750,"height":400,"url":"https:\/\/www.webdo.tn\/fr\/wp-content\/uploads\/2023\/01\/2462ec453603cc10a67637f7676d4872.jpg","type":"image\/jpeg"}],"author":"MC","twitter_card":"summary_large_image","twitter_creator":"@webdo_tn","twitter_site":"@webdo_tn","twitter_misc":{"\u00c9crit par":"MC","Dur\u00e9e de lecture estim\u00e9e":"1 minute"},"schema":{"@context":"https:\/\/schema.org","@graph":[{"@type":"NewsArticle","@id":"https:\/\/www.webdo.tn\/fr\/actualite\/international\/la-tunisie-condamne-l-intrusion-d-un-ministre-israelien-dans-l-esplande-d-al-aqsa\/201480\/#article","isPartOf":{"@id":"https:\/\/www.webdo.tn\/fr\/actualite\/international\/la-tunisie-condamne-l-intrusion-d-un-ministre-israelien-dans-l-esplande-d-al-aqsa\/201480\/"},"author":{"name":"MC","@id":"https:\/\/www.webdo.tn\/fr\/#\/schema\/person\/2c4929cbf5a809e3bd38617c6ce150f6"},"headline":"La Tunisie condamne l&rsquo;intrusion d&rsquo;un ministre isra\u00e9lien dans l&rsquo;esplande d&rsquo;al-Aqsa","datePublished":"2023-01-04T11:05:00+00:00","dateModified":"2025-05-20T22:03:29+00:00","mainEntityOfPage":{"@id":"https:\/\/www.webdo.tn\/fr\/actualite\/international\/la-tunisie-condamne-l-intrusion-d-un-ministre-israelien-dans-l-esplande-d-al-aqsa\/201480\/"},"wordCount":177,"commentCount":0,"publisher":{"@id":"https:\/\/www.webdo.tn\/fr\/#organization"},"image":{"@id":"https:\/\/www.webdo.tn\/fr\/actualite\/international\/la-tunisie-condamne-l-intrusion-d-un-ministre-israelien-dans-l-esplande-d-al-aqsa\/201480\/#primaryimage"},"thumbnailUrl":"https:\/\/www.webdo.tn\/fr\/wp-content\/uploads\/2023\/01\/2462ec453603cc10a67637f7676d4872.jpg","keywords":["al aqsa","isra\u00ebl"],"articleSection":["International"],"inLanguage":"fr-FR"},{"@type":"WebPage","@id":"https:\/\/www.webdo.tn\/fr\/actualite\/international\/la-tunisie-condamne-l-intrusion-d-un-ministre-israelien-dans-l-esplande-d-al-aqsa\/201480\/","url":"https:\/\/www.webdo.tn\/fr\/actualite\/international\/la-tunisie-condamne-l-intrusion-d-un-ministre-israelien-dans-l-esplande-d-al-aqsa\/201480\/","name":"La Tunisie condamne l'intrusion d'un ministre isra\u00e9lien dans l'esplande d'al-Aqsa","isPartOf":{"@id":"https:\/\/www.webdo.tn\/fr\/#website"},"primaryImageOfPage":{"@id":"https:\/\/www.webdo.tn\/fr\/actualite\/international\/la-tunisie-condamne-l-intrusion-d-un-ministre-israelien-dans-l-esplande-d-al-aqsa\/201480\/#primaryimage"},"image":{"@id":"https:\/\/www.webdo.tn\/fr\/actualite\/international\/la-tunisie-condamne-l-intrusion-d-un-ministre-israelien-dans-l-esplande-d-al-aqsa\/201480\/#primaryimage"},"thumbnailUrl":"https:\/\/www.webdo.tn\/fr\/wp-content\/uploads\/2023\/01\/2462ec453603cc10a67637f7676d4872.jpg","datePublished":"2023-01-04T11:05:00+00:00","dateModified":"2025-05-20T22:03:29+00:00","description":"La Tunisie \u00e0 fermement condamn\u00e9 l'intrusion d'un ministre isra\u00e9lien sur l'esplanade des mosqu\u00e9es \u00e0 al-Aqsa.","breadcrumb":{"@id":"https:\/\/www.webdo.tn\/fr\/actualite\/international\/la-tunisie-condamne-l-intrusion-d-un-ministre-israelien-dans-l-esplande-d-al-aqsa\/201480\/#breadcrumb"},"inLanguage":"fr-FR","potentialAction":[{"@type":"ReadAction","target":["https:\/\/www.webdo.tn\/fr\/actualite\/international\/la-tunisie-condamne-l-intrusion-d-un-ministre-israelien-dans-l-esplande-d-al-aqsa\/201480\/"]}]},{"@type":"ImageObject","inLanguage":"fr-FR","@id":"https:\/\/www.webdo.tn\/fr\/actualite\/international\/la-tunisie-condamne-l-intrusion-d-un-ministre-israelien-dans-l-esplande-d-al-aqsa\/201480\/#primaryimage","url":"https:\/\/www.webdo.tn\/fr\/wp-content\/uploads\/2023\/01\/2462ec453603cc10a67637f7676d4872.jpg","contentUrl":"https:\/\/www.webdo.tn\/fr\/wp-content\/uploads\/2023\/01\/2462ec453603cc10a67637f7676d4872.jpg","width":750,"height":400,"caption":"La Tunisie condamne l'intrusion d'un ministre isra\u00e9lien dans l'esplande d'al-Aqsa"},{"@type":"BreadcrumbList","@id":"https:\/\/www.webdo.tn\/fr\/actualite\/international\/la-tunisie-condamne-l-intrusion-d-un-ministre-israelien-dans-l-esplande-d-al-aqsa\/201480\/#breadcrumb","itemListElement":[{"@type":"ListItem","position":1,"name":"Accueil","item":"https:\/\/www.webdo.tn\/fr\/"},{"@type":"ListItem","position":2,"name":"La Tunisie condamne l&rsquo;intrusion d&rsquo;un ministre isra\u00e9lien dans l&rsquo;esplande d&rsquo;al-Aqsa"}]},{"@type":"WebSite","@id":"https:\/\/www.webdo.tn\/fr\/#website","url":"https:\/\/www.webdo.tn\/fr\/","name":"webdo","description":"Tunisie - News en Tunisie et \u00e0 l&#039;international sur Webdo.tn","publisher":{"@id":"https:\/\/www.webdo.tn\/fr\/#organization"},"potentialAction":[{"@type":"SearchAction","target":{"@type":"EntryPoint","urlTemplate":"https:\/\/www.webdo.tn\/fr\/?s={search_term_string}"},"query-input":{"@type":"PropertyValueSpecification","valueRequired":true,"valueName":"search_term_string"}}],"inLanguage":"fr-FR"},{"@type":"Organization","@id":"https:\/\/www.webdo.tn\/fr\/#organization","name":"Webdo","alternateName":"Webdo.tn","url":"https:\/\/www.webdo.tn\/fr\/","logo":{"@type":"ImageObject","inLanguage":"fr-FR","@id":"https:\/\/www.webdo.tn\/fr\/#\/schema\/logo\/image\/","url":"https:\/\/www.webdo.tn\/fr\/wp-content\/uploads\/2025\/06\/Webdo-Tunisie_168377.jpg","contentUrl":"https:\/\/www.webdo.tn\/fr\/wp-content\/uploads\/2025\/06\/Webdo-Tunisie_168377.jpg","width":301,"height":301,"caption":"Webdo"},"image":{"@id":"https:\/\/www.webdo.tn\/fr\/#\/schema\/logo\/image\/"},"sameAs":["https:\/\/www.facebook.com\/webdotn","https:\/\/x.com\/webdo_tn"],"description":"Webdo est un m\u00e9dia num\u00e9rique tunisien fond\u00e9 en 2010, sp\u00e9cialis\u00e9 dans l\u2019actualit\u00e9 nationale et internationale, l\u2019\u00e9conomie, la soci\u00e9t\u00e9 et les analyses politiques. Le site s\u2019adresse \u00e0 un large public francophone et couvre l\u2019information tunisienne en temps r\u00e9el.","email":"redac@webdo.tn","legalName":"YNJ SARL","foundingDate":"2010-09-06","numberOfEmployees":{"@type":"QuantitativeValue","minValue":"11","maxValue":"50"}},{"@type":"Person","@id":"https:\/\/www.webdo.tn\/fr\/#\/schema\/person\/2c4929cbf5a809e3bd38617c6ce150f6","name":"MC","image":{"@type":"ImageObject","inLanguage":"fr-FR","@id":"https:\/\/secure.gravatar.com\/avatar\/a545bbb6f84efdd5553dbbc2895e3ca8f1d12c5215e00a041c9670b54aa9b18a?s=96&d=mm&r=g","url":"https:\/\/secure.gravatar.com\/avatar\/a545bbb6f84efdd5553dbbc2895e3ca8f1d12c5215e00a041c9670b54aa9b18a?s=96&d=mm&r=g","contentUrl":"https:\/\/secure.gravatar.com\/avatar\/a545bbb6f84efdd5553dbbc2895e3ca8f1d12c5215e00a041c9670b54aa9b18a?s=96&d=mm&r=g","caption":"MC"},"url":"https:\/\/www.webdo.tn\/fr\/actualite\/author\/mc\/"}]}},"_links":{"self":[{"href":"https:\/\/www.webdo.tn\/fr\/wp-json\/wp\/v2\/posts\/201480","targetHints":{"allow":["GET"]}}],"collection":[{"href":"https:\/\/www.webdo.tn\/fr\/wp-json\/wp\/v2\/posts"}],"about":[{"href":"https:\/\/www.webdo.tn\/fr\/wp-json\/wp\/v2\/types\/post"}],"author":[{"embeddable":true,"href":"https:\/\/www.webdo.tn\/fr\/wp-json\/wp\/v2\/users\/3162"}],"replies":[{"embeddable":true,"href":"https:\/\/www.webdo.tn\/fr\/wp-json\/wp\/v2\/comments?post=201480"}],"version-history":[{"count":0,"href":"https:\/\/www.webdo.tn\/fr\/wp-json\/wp\/v2\/posts\/201480\/revisions"}],"wp:featuredmedia":[{"embeddable":true,"href":"https:\/\/www.webdo.tn\/fr\/wp-json\/wp\/v2\/media\/252625"}],"wp:attachment":[{"href":"https:\/\/www.webdo.tn\/fr\/wp-json\/wp\/v2\/media?parent=201480"}],"wp:term":[{"taxonomy":"category","embeddable":true,"href":"https:\/\/www.webdo.tn\/fr\/wp-json\/wp\/v2\/categories?post=201480"},{"taxonomy":"post_tag","embeddable":true,"href":"https:\/\/www.webdo.tn\/fr\/wp-json\/wp\/v2\/tags?post=201480"}],"curies":[{"name":"wp","href":"https:\/\/api.w.org\/{rel}","templated":true}]}}