{"id":201469,"date":"2023-01-04T08:03:00","date_gmt":"2023-01-04T08:03:00","guid":{"rendered":"https:\/\/www.webdo.tn\/fr\/blog\/tunisie-vers-la-creation-du-cheque-culture\/201469\/"},"modified":"2025-05-20T22:48:28","modified_gmt":"2025-05-20T22:48:28","slug":"tunisie-vers-la-creation-du-cheque-culture","status":"publish","type":"post","link":"https:\/\/www.webdo.tn\/fr\/actualite\/culture\/tunisie-vers-la-creation-du-cheque-culture\/201469\/","title":{"rendered":"Tunisie : Vers la cr\u00e9ation du ch\u00e8que culture"},"content":{"rendered":"<p>Les grands axes de la r\u00e9forme dans le secteur culturel sont au centre du Plan de D\u00e9veloppement triennal, 2023-2025, pr\u00e9sent\u00e9 mardi, lors d&rsquo;une conf\u00e9rence de presse tenue \u00e0 la Cit\u00e9 de la Culture \u00e0 Tunis.<\/p>\n<p>\t\t\t\t\t\t\t\t\tDans son intervention, la ministre des Affaires Culturelles, Hayet Ketat Guermazi, a annonc\u00e9 les diff\u00e9rentes r\u00e9formes dont son d\u00e9partement a entam\u00e9 la mise en place.<\/p>\n<p>Elle a notamment annonc\u00e9 la cr\u00e9ation de \u00a0\u00bb ch\u00e8que culture \u00ab\u00a0, un dispositif qui a pour but d&rsquo;encourager \u00e0 la consommation des produits et services culturels.<\/p>\n<p>Le ch\u00e8que culture est un moyen de paiement permettant d\u2019acc\u00e9der \u00e0 des biens ou des services culturels \u00e0 prix pr\u00e9f\u00e9rentiel. Son fonctionnement est similaire aux ch\u00e8ques cadeaux, mais il est d\u00e9plafonn\u00e9 et ne peut servir qu\u2019\u00e0 l\u2019achat de produit ou de prestations culturels : spectacle, th\u00e9\u00e2tre, cin\u00e9ma, exposition, musique, etc.<\/p>\n<p>La cr\u00e9ation d&rsquo;un conseil sup\u00e9rieur de la culture et du patrimoine et le d\u00e9veloppement des m\u00e9canismes de travail du guichet unique dans le cin\u00e9ma (tournage et num\u00e9risation des services) sont au top des r\u00e9formes en cours.<\/p>\n<p>La ministre a \u00e9voqu\u00e9 des r\u00e9formes qui visent notamment l&rsquo;am\u00e9lioration du climat du travail pour les professionnels du secteur cin\u00e9matographique en lien avec les autorisations de tournage en Tunisie pour les films \u00e9trangers.<\/p>\n<p>L&rsquo;orientation va aussi vers la lev\u00e9e des restrictions sur l&rsquo;exportation des \u0153uvres d&rsquo;art plastiques aussi bien que le rel\u00e8vement du plafond de garantie pour les pr\u00eats accord\u00e9s aux industries culturelles et cr\u00e9atives.<\/p>\n<p>La r\u00e9forme du secteur culturel s&rsquo;att\u00e8lera surtout sur les industries culturelles et cr\u00e9atives comme \u00e9tant un levier de d\u00e9veloppement global et durable et un v\u00e9ritable stimulant pour l&rsquo;investissement.<\/p>\n","protected":false},"excerpt":{"rendered":"<p>Les grands axes de la r\u00e9forme dans le secteur culturel sont au centre du Plan de D\u00e9veloppement triennal, 2023-2025, pr\u00e9sent\u00e9 mardi, lors d&rsquo;une conf\u00e9rence de pre&#8230;<\/p>\n","protected":false},"author":3175,"featured_media":277508,"comment_status":"open","ping_status":"closed","sticky":false,"template":"","format":"standard","meta":{"footnotes":""},"categories":[2594],"tags":[9245,5596,2608],"class_list":["post-201469","post","type-post","status-publish","format-standard","has-post-thumbnail","hentry","category-culture","tag-cheque-culture","tag-culture","tag-tunisie"],"yoast_head":"<!-- This site is optimized with the Yoast SEO Premium plugin v27.4 (Yoast SEO v27.5) - https:\/\/yoast.com\/product\/yoast-seo-premium-wordpress\/ -->\n<title>Tunisie : Vers la cr\u00e9ation du ch\u00e8que culture<\/title>\n<meta name=\"description\" content=\"Les grands axes de la r\u00e9forme dans le secteur culturel sont au centre du Plan de D\u00e9veloppement triennal, 2023-2025, pr\u00e9sent\u00e9 mardi, lors d&#039;une conf\u00e9rence de pre...\" \/>\n<link rel=\"canonical\" href=\"https:\/\/www.webdo.tn\/fr\/actualite\/culture\/tunisie-vers-la-creation-du-cheque-culture\/201469\/\" \/>\n<meta property=\"og:locale\" content=\"fr_FR\" \/>\n<meta property=\"og:type\" content=\"article\" \/>\n<meta property=\"og:title\" content=\"Tunisie : Vers la cr\u00e9ation du ch\u00e8que culture\" \/>\n<meta property=\"og:description\" content=\"Les grands axes de la r\u00e9forme dans le secteur culturel sont au centre du Plan de D\u00e9veloppement triennal, 2023-2025, pr\u00e9sent\u00e9 mardi, lors d&#039;une conf\u00e9rence de pre...\" \/>\n<meta property=\"og:url\" content=\"https:\/\/www.webdo.tn\/fr\/actualite\/culture\/tunisie-vers-la-creation-du-cheque-culture\/201469\/\" \/>\n<meta property=\"og:site_name\" content=\"webdo\" \/>\n<meta property=\"article:publisher\" content=\"https:\/\/www.facebook.com\/webdotn\" \/>\n<meta property=\"article:published_time\" content=\"2023-01-04T08:03:00+00:00\" \/>\n<meta property=\"article:modified_time\" content=\"2025-05-20T22:48:28+00:00\" \/>\n<meta property=\"og:image\" content=\"https:\/\/www.webdo.tn\/fr\/wp-content\/uploads\/2023\/01\/03718d2c3b11d223a0d2a2f89c9d0b41.jpg\" \/>\n\t<meta property=\"og:image:width\" content=\"750\" \/>\n\t<meta property=\"og:image:height\" content=\"400\" \/>\n\t<meta property=\"og:image:type\" content=\"image\/jpeg\" \/>\n<meta name=\"author\" content=\"CL\" \/>\n<meta name=\"twitter:card\" content=\"summary_large_image\" \/>\n<meta name=\"twitter:creator\" content=\"@webdo_tn\" \/>\n<meta name=\"twitter:site\" content=\"@webdo_tn\" \/>\n<meta name=\"twitter:label1\" content=\"\u00c9crit par\" \/>\n\t<meta name=\"twitter:data1\" content=\"CL\" \/>\n\t<meta name=\"twitter:label2\" content=\"Dur\u00e9e de lecture estim\u00e9e\" \/>\n\t<meta name=\"twitter:data2\" content=\"1 minute\" \/>\n<script type=\"application\/ld+json\" class=\"yoast-schema-graph\">{\"@context\":\"https:\\\/\\\/schema.org\",\"@graph\":[{\"@type\":\"NewsArticle\",\"@id\":\"https:\\\/\\\/www.webdo.tn\\\/fr\\\/actualite\\\/culture\\\/tunisie-vers-la-creation-du-cheque-culture\\\/201469\\\/#article\",\"isPartOf\":{\"@id\":\"https:\\\/\\\/www.webdo.tn\\\/fr\\\/actualite\\\/culture\\\/tunisie-vers-la-creation-du-cheque-culture\\\/201469\\\/\"},\"author\":{\"name\":\"CL\",\"@id\":\"https:\\\/\\\/www.webdo.tn\\\/fr\\\/#\\\/schema\\\/person\\\/f35b42a42c5e2511bbd282959d6385cc\"},\"headline\":\"Tunisie : Vers la cr\u00e9ation du ch\u00e8que culture\",\"datePublished\":\"2023-01-04T08:03:00+00:00\",\"dateModified\":\"2025-05-20T22:48:28+00:00\",\"mainEntityOfPage\":{\"@id\":\"https:\\\/\\\/www.webdo.tn\\\/fr\\\/actualite\\\/culture\\\/tunisie-vers-la-creation-du-cheque-culture\\\/201469\\\/\"},\"wordCount\":314,\"commentCount\":0,\"publisher\":{\"@id\":\"https:\\\/\\\/www.webdo.tn\\\/fr\\\/#organization\"},\"image\":{\"@id\":\"https:\\\/\\\/www.webdo.tn\\\/fr\\\/actualite\\\/culture\\\/tunisie-vers-la-creation-du-cheque-culture\\\/201469\\\/#primaryimage\"},\"thumbnailUrl\":\"https:\\\/\\\/www.webdo.tn\\\/fr\\\/wp-content\\\/uploads\\\/2023\\\/01\\\/03718d2c3b11d223a0d2a2f89c9d0b41.jpg\",\"keywords\":[\"ch\u00e8que culture\",\"culture\",\"Tunisie\"],\"articleSection\":[\"Culture\"],\"inLanguage\":\"fr-FR\"},{\"@type\":\"WebPage\",\"@id\":\"https:\\\/\\\/www.webdo.tn\\\/fr\\\/actualite\\\/culture\\\/tunisie-vers-la-creation-du-cheque-culture\\\/201469\\\/\",\"url\":\"https:\\\/\\\/www.webdo.tn\\\/fr\\\/actualite\\\/culture\\\/tunisie-vers-la-creation-du-cheque-culture\\\/201469\\\/\",\"name\":\"Tunisie : Vers la cr\u00e9ation du ch\u00e8que culture\",\"isPartOf\":{\"@id\":\"https:\\\/\\\/www.webdo.tn\\\/fr\\\/#website\"},\"primaryImageOfPage\":{\"@id\":\"https:\\\/\\\/www.webdo.tn\\\/fr\\\/actualite\\\/culture\\\/tunisie-vers-la-creation-du-cheque-culture\\\/201469\\\/#primaryimage\"},\"image\":{\"@id\":\"https:\\\/\\\/www.webdo.tn\\\/fr\\\/actualite\\\/culture\\\/tunisie-vers-la-creation-du-cheque-culture\\\/201469\\\/#primaryimage\"},\"thumbnailUrl\":\"https:\\\/\\\/www.webdo.tn\\\/fr\\\/wp-content\\\/uploads\\\/2023\\\/01\\\/03718d2c3b11d223a0d2a2f89c9d0b41.jpg\",\"datePublished\":\"2023-01-04T08:03:00+00:00\",\"dateModified\":\"2025-05-20T22:48:28+00:00\",\"description\":\"Les grands axes de la r\u00e9forme dans le secteur culturel sont au centre du Plan de D\u00e9veloppement triennal, 2023-2025, pr\u00e9sent\u00e9 mardi, lors d'une conf\u00e9rence de pre...\",\"breadcrumb\":{\"@id\":\"https:\\\/\\\/www.webdo.tn\\\/fr\\\/actualite\\\/culture\\\/tunisie-vers-la-creation-du-cheque-culture\\\/201469\\\/#breadcrumb\"},\"inLanguage\":\"fr-FR\",\"potentialAction\":[{\"@type\":\"ReadAction\",\"target\":[\"https:\\\/\\\/www.webdo.tn\\\/fr\\\/actualite\\\/culture\\\/tunisie-vers-la-creation-du-cheque-culture\\\/201469\\\/\"]}]},{\"@type\":\"ImageObject\",\"inLanguage\":\"fr-FR\",\"@id\":\"https:\\\/\\\/www.webdo.tn\\\/fr\\\/actualite\\\/culture\\\/tunisie-vers-la-creation-du-cheque-culture\\\/201469\\\/#primaryimage\",\"url\":\"https:\\\/\\\/www.webdo.tn\\\/fr\\\/wp-content\\\/uploads\\\/2023\\\/01\\\/03718d2c3b11d223a0d2a2f89c9d0b41.jpg\",\"contentUrl\":\"https:\\\/\\\/www.webdo.tn\\\/fr\\\/wp-content\\\/uploads\\\/2023\\\/01\\\/03718d2c3b11d223a0d2a2f89c9d0b41.jpg\",\"width\":750,\"height\":400,\"caption\":\"Ch\u00e8que culture\"},{\"@type\":\"BreadcrumbList\",\"@id\":\"https:\\\/\\\/www.webdo.tn\\\/fr\\\/actualite\\\/culture\\\/tunisie-vers-la-creation-du-cheque-culture\\\/201469\\\/#breadcrumb\",\"itemListElement\":[{\"@type\":\"ListItem\",\"position\":1,\"name\":\"Accueil\",\"item\":\"https:\\\/\\\/www.webdo.tn\\\/fr\\\/\"},{\"@type\":\"ListItem\",\"position\":2,\"name\":\"Tunisie : Vers la cr\u00e9ation du ch\u00e8que culture\"}]},{\"@type\":\"WebSite\",\"@id\":\"https:\\\/\\\/www.webdo.tn\\\/fr\\\/#website\",\"url\":\"https:\\\/\\\/www.webdo.tn\\\/fr\\\/\",\"name\":\"webdo\",\"description\":\"Tunisie - News en Tunisie et \u00e0 l&#039;international sur Webdo.tn\",\"publisher\":{\"@id\":\"https:\\\/\\\/www.webdo.tn\\\/fr\\\/#organization\"},\"potentialAction\":[{\"@type\":\"SearchAction\",\"target\":{\"@type\":\"EntryPoint\",\"urlTemplate\":\"https:\\\/\\\/www.webdo.tn\\\/fr\\\/?s={search_term_string}\"},\"query-input\":{\"@type\":\"PropertyValueSpecification\",\"valueRequired\":true,\"valueName\":\"search_term_string\"}}],\"inLanguage\":\"fr-FR\"},{\"@type\":\"Organization\",\"@id\":\"https:\\\/\\\/www.webdo.tn\\\/fr\\\/#organization\",\"name\":\"Webdo\",\"alternateName\":\"Webdo.tn\",\"url\":\"https:\\\/\\\/www.webdo.tn\\\/fr\\\/\",\"logo\":{\"@type\":\"ImageObject\",\"inLanguage\":\"fr-FR\",\"@id\":\"https:\\\/\\\/www.webdo.tn\\\/fr\\\/#\\\/schema\\\/logo\\\/image\\\/\",\"url\":\"https:\\\/\\\/www.webdo.tn\\\/fr\\\/wp-content\\\/uploads\\\/2025\\\/06\\\/Webdo-Tunisie_168377.jpg\",\"contentUrl\":\"https:\\\/\\\/www.webdo.tn\\\/fr\\\/wp-content\\\/uploads\\\/2025\\\/06\\\/Webdo-Tunisie_168377.jpg\",\"width\":301,\"height\":301,\"caption\":\"Webdo\"},\"image\":{\"@id\":\"https:\\\/\\\/www.webdo.tn\\\/fr\\\/#\\\/schema\\\/logo\\\/image\\\/\"},\"sameAs\":[\"https:\\\/\\\/www.facebook.com\\\/webdotn\",\"https:\\\/\\\/x.com\\\/webdo_tn\"],\"description\":\"Webdo est un m\u00e9dia num\u00e9rique tunisien fond\u00e9 en 2010, sp\u00e9cialis\u00e9 dans l\u2019actualit\u00e9 nationale et internationale, l\u2019\u00e9conomie, la soci\u00e9t\u00e9 et les analyses politiques. Le site s\u2019adresse \u00e0 un large public francophone et couvre l\u2019information tunisienne en temps r\u00e9el.\",\"email\":\"redac@webdo.tn\",\"legalName\":\"YNJ SARL\",\"foundingDate\":\"2010-09-06\",\"numberOfEmployees\":{\"@type\":\"QuantitativeValue\",\"minValue\":\"11\",\"maxValue\":\"50\"}},{\"@type\":\"Person\",\"@id\":\"https:\\\/\\\/www.webdo.tn\\\/fr\\\/#\\\/schema\\\/person\\\/f35b42a42c5e2511bbd282959d6385cc\",\"name\":\"CL\",\"image\":{\"@type\":\"ImageObject\",\"inLanguage\":\"fr-FR\",\"@id\":\"https:\\\/\\\/secure.gravatar.com\\\/avatar\\\/1447a49909b67aa657c488aec6512e1dd6143a480c1ecfee9b5b5cd74eb3b59e?s=96&d=mm&r=g\",\"url\":\"https:\\\/\\\/secure.gravatar.com\\\/avatar\\\/1447a49909b67aa657c488aec6512e1dd6143a480c1ecfee9b5b5cd74eb3b59e?s=96&d=mm&r=g\",\"contentUrl\":\"https:\\\/\\\/secure.gravatar.com\\\/avatar\\\/1447a49909b67aa657c488aec6512e1dd6143a480c1ecfee9b5b5cd74eb3b59e?s=96&d=mm&r=g\",\"caption\":\"CL\"},\"url\":\"https:\\\/\\\/www.webdo.tn\\\/fr\\\/actualite\\\/author\\\/cl\\\/\"}]}<\/script>\n<!-- \/ Yoast SEO Premium plugin. -->","yoast_head_json":{"title":"Tunisie : Vers la cr\u00e9ation du ch\u00e8que culture","description":"Les grands axes de la r\u00e9forme dans le secteur culturel sont au centre du Plan de D\u00e9veloppement triennal, 2023-2025, pr\u00e9sent\u00e9 mardi, lors d'une conf\u00e9rence de pre...","canonical":"https:\/\/www.webdo.tn\/fr\/actualite\/culture\/tunisie-vers-la-creation-du-cheque-culture\/201469\/","og_locale":"fr_FR","og_type":"article","og_title":"Tunisie : Vers la cr\u00e9ation du ch\u00e8que culture","og_description":"Les grands axes de la r\u00e9forme dans le secteur culturel sont au centre du Plan de D\u00e9veloppement triennal, 2023-2025, pr\u00e9sent\u00e9 mardi, lors d'une conf\u00e9rence de pre...","og_url":"https:\/\/www.webdo.tn\/fr\/actualite\/culture\/tunisie-vers-la-creation-du-cheque-culture\/201469\/","og_site_name":"webdo","article_publisher":"https:\/\/www.facebook.com\/webdotn","article_published_time":"2023-01-04T08:03:00+00:00","article_modified_time":"2025-05-20T22:48:28+00:00","og_image":[{"width":750,"height":400,"url":"https:\/\/www.webdo.tn\/fr\/wp-content\/uploads\/2023\/01\/03718d2c3b11d223a0d2a2f89c9d0b41.jpg","type":"image\/jpeg"}],"author":"CL","twitter_card":"summary_large_image","twitter_creator":"@webdo_tn","twitter_site":"@webdo_tn","twitter_misc":{"\u00c9crit par":"CL","Dur\u00e9e de lecture estim\u00e9e":"1 minute"},"schema":{"@context":"https:\/\/schema.org","@graph":[{"@type":"NewsArticle","@id":"https:\/\/www.webdo.tn\/fr\/actualite\/culture\/tunisie-vers-la-creation-du-cheque-culture\/201469\/#article","isPartOf":{"@id":"https:\/\/www.webdo.tn\/fr\/actualite\/culture\/tunisie-vers-la-creation-du-cheque-culture\/201469\/"},"author":{"name":"CL","@id":"https:\/\/www.webdo.tn\/fr\/#\/schema\/person\/f35b42a42c5e2511bbd282959d6385cc"},"headline":"Tunisie : Vers la cr\u00e9ation du ch\u00e8que culture","datePublished":"2023-01-04T08:03:00+00:00","dateModified":"2025-05-20T22:48:28+00:00","mainEntityOfPage":{"@id":"https:\/\/www.webdo.tn\/fr\/actualite\/culture\/tunisie-vers-la-creation-du-cheque-culture\/201469\/"},"wordCount":314,"commentCount":0,"publisher":{"@id":"https:\/\/www.webdo.tn\/fr\/#organization"},"image":{"@id":"https:\/\/www.webdo.tn\/fr\/actualite\/culture\/tunisie-vers-la-creation-du-cheque-culture\/201469\/#primaryimage"},"thumbnailUrl":"https:\/\/www.webdo.tn\/fr\/wp-content\/uploads\/2023\/01\/03718d2c3b11d223a0d2a2f89c9d0b41.jpg","keywords":["ch\u00e8que culture","culture","Tunisie"],"articleSection":["Culture"],"inLanguage":"fr-FR"},{"@type":"WebPage","@id":"https:\/\/www.webdo.tn\/fr\/actualite\/culture\/tunisie-vers-la-creation-du-cheque-culture\/201469\/","url":"https:\/\/www.webdo.tn\/fr\/actualite\/culture\/tunisie-vers-la-creation-du-cheque-culture\/201469\/","name":"Tunisie : Vers la cr\u00e9ation du ch\u00e8que culture","isPartOf":{"@id":"https:\/\/www.webdo.tn\/fr\/#website"},"primaryImageOfPage":{"@id":"https:\/\/www.webdo.tn\/fr\/actualite\/culture\/tunisie-vers-la-creation-du-cheque-culture\/201469\/#primaryimage"},"image":{"@id":"https:\/\/www.webdo.tn\/fr\/actualite\/culture\/tunisie-vers-la-creation-du-cheque-culture\/201469\/#primaryimage"},"thumbnailUrl":"https:\/\/www.webdo.tn\/fr\/wp-content\/uploads\/2023\/01\/03718d2c3b11d223a0d2a2f89c9d0b41.jpg","datePublished":"2023-01-04T08:03:00+00:00","dateModified":"2025-05-20T22:48:28+00:00","description":"Les grands axes de la r\u00e9forme dans le secteur culturel sont au centre du Plan de D\u00e9veloppement triennal, 2023-2025, pr\u00e9sent\u00e9 mardi, lors d'une conf\u00e9rence de pre...","breadcrumb":{"@id":"https:\/\/www.webdo.tn\/fr\/actualite\/culture\/tunisie-vers-la-creation-du-cheque-culture\/201469\/#breadcrumb"},"inLanguage":"fr-FR","potentialAction":[{"@type":"ReadAction","target":["https:\/\/www.webdo.tn\/fr\/actualite\/culture\/tunisie-vers-la-creation-du-cheque-culture\/201469\/"]}]},{"@type":"ImageObject","inLanguage":"fr-FR","@id":"https:\/\/www.webdo.tn\/fr\/actualite\/culture\/tunisie-vers-la-creation-du-cheque-culture\/201469\/#primaryimage","url":"https:\/\/www.webdo.tn\/fr\/wp-content\/uploads\/2023\/01\/03718d2c3b11d223a0d2a2f89c9d0b41.jpg","contentUrl":"https:\/\/www.webdo.tn\/fr\/wp-content\/uploads\/2023\/01\/03718d2c3b11d223a0d2a2f89c9d0b41.jpg","width":750,"height":400,"caption":"Ch\u00e8que culture"},{"@type":"BreadcrumbList","@id":"https:\/\/www.webdo.tn\/fr\/actualite\/culture\/tunisie-vers-la-creation-du-cheque-culture\/201469\/#breadcrumb","itemListElement":[{"@type":"ListItem","position":1,"name":"Accueil","item":"https:\/\/www.webdo.tn\/fr\/"},{"@type":"ListItem","position":2,"name":"Tunisie : Vers la cr\u00e9ation du ch\u00e8que culture"}]},{"@type":"WebSite","@id":"https:\/\/www.webdo.tn\/fr\/#website","url":"https:\/\/www.webdo.tn\/fr\/","name":"webdo","description":"Tunisie - News en Tunisie et \u00e0 l&#039;international sur Webdo.tn","publisher":{"@id":"https:\/\/www.webdo.tn\/fr\/#organization"},"potentialAction":[{"@type":"SearchAction","target":{"@type":"EntryPoint","urlTemplate":"https:\/\/www.webdo.tn\/fr\/?s={search_term_string}"},"query-input":{"@type":"PropertyValueSpecification","valueRequired":true,"valueName":"search_term_string"}}],"inLanguage":"fr-FR"},{"@type":"Organization","@id":"https:\/\/www.webdo.tn\/fr\/#organization","name":"Webdo","alternateName":"Webdo.tn","url":"https:\/\/www.webdo.tn\/fr\/","logo":{"@type":"ImageObject","inLanguage":"fr-FR","@id":"https:\/\/www.webdo.tn\/fr\/#\/schema\/logo\/image\/","url":"https:\/\/www.webdo.tn\/fr\/wp-content\/uploads\/2025\/06\/Webdo-Tunisie_168377.jpg","contentUrl":"https:\/\/www.webdo.tn\/fr\/wp-content\/uploads\/2025\/06\/Webdo-Tunisie_168377.jpg","width":301,"height":301,"caption":"Webdo"},"image":{"@id":"https:\/\/www.webdo.tn\/fr\/#\/schema\/logo\/image\/"},"sameAs":["https:\/\/www.facebook.com\/webdotn","https:\/\/x.com\/webdo_tn"],"description":"Webdo est un m\u00e9dia num\u00e9rique tunisien fond\u00e9 en 2010, sp\u00e9cialis\u00e9 dans l\u2019actualit\u00e9 nationale et internationale, l\u2019\u00e9conomie, la soci\u00e9t\u00e9 et les analyses politiques. Le site s\u2019adresse \u00e0 un large public francophone et couvre l\u2019information tunisienne en temps r\u00e9el.","email":"redac@webdo.tn","legalName":"YNJ SARL","foundingDate":"2010-09-06","numberOfEmployees":{"@type":"QuantitativeValue","minValue":"11","maxValue":"50"}},{"@type":"Person","@id":"https:\/\/www.webdo.tn\/fr\/#\/schema\/person\/f35b42a42c5e2511bbd282959d6385cc","name":"CL","image":{"@type":"ImageObject","inLanguage":"fr-FR","@id":"https:\/\/secure.gravatar.com\/avatar\/1447a49909b67aa657c488aec6512e1dd6143a480c1ecfee9b5b5cd74eb3b59e?s=96&d=mm&r=g","url":"https:\/\/secure.gravatar.com\/avatar\/1447a49909b67aa657c488aec6512e1dd6143a480c1ecfee9b5b5cd74eb3b59e?s=96&d=mm&r=g","contentUrl":"https:\/\/secure.gravatar.com\/avatar\/1447a49909b67aa657c488aec6512e1dd6143a480c1ecfee9b5b5cd74eb3b59e?s=96&d=mm&r=g","caption":"CL"},"url":"https:\/\/www.webdo.tn\/fr\/actualite\/author\/cl\/"}]}},"_links":{"self":[{"href":"https:\/\/www.webdo.tn\/fr\/wp-json\/wp\/v2\/posts\/201469","targetHints":{"allow":["GET"]}}],"collection":[{"href":"https:\/\/www.webdo.tn\/fr\/wp-json\/wp\/v2\/posts"}],"about":[{"href":"https:\/\/www.webdo.tn\/fr\/wp-json\/wp\/v2\/types\/post"}],"author":[{"embeddable":true,"href":"https:\/\/www.webdo.tn\/fr\/wp-json\/wp\/v2\/users\/3175"}],"replies":[{"embeddable":true,"href":"https:\/\/www.webdo.tn\/fr\/wp-json\/wp\/v2\/comments?post=201469"}],"version-history":[{"count":0,"href":"https:\/\/www.webdo.tn\/fr\/wp-json\/wp\/v2\/posts\/201469\/revisions"}],"wp:featuredmedia":[{"embeddable":true,"href":"https:\/\/www.webdo.tn\/fr\/wp-json\/wp\/v2\/media\/277508"}],"wp:attachment":[{"href":"https:\/\/www.webdo.tn\/fr\/wp-json\/wp\/v2\/media?parent=201469"}],"wp:term":[{"taxonomy":"category","embeddable":true,"href":"https:\/\/www.webdo.tn\/fr\/wp-json\/wp\/v2\/categories?post=201469"},{"taxonomy":"post_tag","embeddable":true,"href":"https:\/\/www.webdo.tn\/fr\/wp-json\/wp\/v2\/tags?post=201469"}],"curies":[{"name":"wp","href":"https:\/\/api.w.org\/{rel}","templated":true}]}}