{"id":201462,"date":"2023-01-03T20:28:00","date_gmt":"2023-01-03T20:28:00","guid":{"rendered":"https:\/\/www.webdo.tn\/fr\/blog\/le-deficit-budgetaire-est-passe-de-3-a-7-7-en-trois-ans\/201462\/"},"modified":"2025-05-20T22:06:40","modified_gmt":"2025-05-20T22:06:40","slug":"le-deficit-budgetaire-est-passe-de-3-a-7-7-en-trois-ans","status":"publish","type":"post","link":"https:\/\/www.webdo.tn\/fr\/actualite\/national\/le-deficit-budgetaire-est-passe-de-3-a-7-7-en-trois-ans\/201462\/","title":{"rendered":"Le d\u00e9ficit budg\u00e9taire est pass\u00e9 de 3 \u00e0 7,7% en trois ans"},"content":{"rendered":"<p>Le d\u00e9ficit budg\u00e9taire s&rsquo;est creus\u00e9, au cours des trois derni\u00e8res ann\u00e9es, passant de 3 \u00e0 7,7%, a d\u00e9clar\u00e9 le minist\u00e8re de l&rsquo;Economie et de la planification, Samir Saied.<\/p>\n<p>\t\t\t\t\t\t\t\t\tLe d\u00e9ficit budg\u00e9taire de l&rsquo;Etat pour l&rsquo;exercice 2023 devrait diminuer \u00e0 5,5% du PIB, pour atteindre 8,8 milliards de dinars, contre 7,7% en 2022, selon un rapport sur le budget de l&rsquo;Etat pour l&rsquo;ann\u00e9e 2023.<\/p>\n<p>Lors d&rsquo;une conf\u00e9rence de presse tenue aujourd&rsquo;hui, le ministre a rappel\u00e9 que la p\u00e9riode s&rsquo;\u00e9talant entre 2016 et 2022 a \u00e9t\u00e9 marqu\u00e9e par la hausse du taux d&rsquo;inflation (9,8% en novembre 2022), la baisse du taux de croissance et le ralentissement du rythme de l&rsquo;investissement priv\u00e9 et public, outre la baisse de l&rsquo;\u00e9pargne et la variation du d\u00e9ficit courant \u00e0 cause de l&rsquo;augmentation des importations.<\/p>\n<p>Il a, \u00e9galement, \u00e9voqu\u00e9 la r\u00e9gression de l&rsquo;indice de d\u00e9veloppement r\u00e9gional, l&rsquo;augmentation du taux de pauvret\u00e9 (environ 20 % en 2022) et du taux d&rsquo;extr\u00eame pauvret\u00e9 (3,4 %).<\/p>\n<p>Pour le ministre, ces indicateurs sont dus notamment \u00e0 l&rsquo;aggravation du ph\u00e9nom\u00e8ne du commerce parall\u00e8le, de l&rsquo;\u00e9conomie de rente et de la corruption,outre l&rsquo;augmentation du taux de ch\u00f4mage des dipl\u00f4m\u00e9s du sup\u00e9rieur, le creusement du d\u00e9ficit commercial , l&rsquo;exacerbation de la pression sur les finances publiques, l&rsquo;augmentation du taux d&rsquo;endettement public et de l&rsquo;inflation.<\/p>\n","protected":false},"excerpt":{"rendered":"<p>Le d\u00e9ficit budg\u00e9taire s&rsquo;est creus\u00e9, au cours des trois derni\u00e8res ann\u00e9es, passant de 3 \u00e0 7,7%, a d\u00e9clar\u00e9 le minist\u00e8re de l&rsquo;Economie et de la planification, Samir&#8230;<\/p>\n","protected":false},"author":3162,"featured_media":277510,"comment_status":"open","ping_status":"closed","sticky":false,"template":"","format":"standard","meta":{"footnotes":""},"categories":[44],"tags":[5401],"class_list":["post-201462","post","type-post","status-publish","format-standard","has-post-thumbnail","hentry","category-national","tag-deficit-budgetaire"],"yoast_head":"<!-- This site is optimized with the Yoast SEO Premium plugin v27.5 (Yoast SEO v27.5) - https:\/\/yoast.com\/product\/yoast-seo-premium-wordpress\/ -->\n<title>Le d\u00e9ficit budg\u00e9taire est pass\u00e9 de 3 \u00e0 7,7% en trois ans<\/title>\n<meta name=\"description\" content=\"Le d\u00e9ficit budg\u00e9taire s&#039;est creus\u00e9, au cours des trois derni\u00e8res ann\u00e9es, passant de 3 \u00e0 7,7%, a d\u00e9clar\u00e9 le minist\u00e8re de l&#039;Economie et de la planification, Samir...\" \/>\n<link rel=\"canonical\" href=\"https:\/\/www.webdo.tn\/fr\/actualite\/national\/le-deficit-budgetaire-est-passe-de-3-a-7-7-en-trois-ans\/201462\/\" \/>\n<meta property=\"og:locale\" content=\"fr_FR\" \/>\n<meta property=\"og:type\" content=\"article\" \/>\n<meta property=\"og:title\" content=\"Le d\u00e9ficit budg\u00e9taire est pass\u00e9 de 3 \u00e0 7,7% en trois ans\" \/>\n<meta property=\"og:description\" content=\"Le d\u00e9ficit budg\u00e9taire s&#039;est creus\u00e9, au cours des trois derni\u00e8res ann\u00e9es, passant de 3 \u00e0 7,7%, a d\u00e9clar\u00e9 le minist\u00e8re de l&#039;Economie et de la planification, Samir...\" \/>\n<meta property=\"og:url\" content=\"https:\/\/www.webdo.tn\/fr\/actualite\/national\/le-deficit-budgetaire-est-passe-de-3-a-7-7-en-trois-ans\/201462\/\" \/>\n<meta property=\"og:site_name\" content=\"webdo\" \/>\n<meta property=\"article:publisher\" content=\"https:\/\/www.facebook.com\/webdotn\" \/>\n<meta property=\"article:published_time\" content=\"2023-01-03T20:28:00+00:00\" \/>\n<meta property=\"article:modified_time\" content=\"2025-05-20T22:06:40+00:00\" \/>\n<meta property=\"og:image\" content=\"https:\/\/www.webdo.tn\/fr\/wp-content\/uploads\/2023\/01\/f9d425dd5e5ce76f58a25c67467c36d1.jpg\" \/>\n\t<meta property=\"og:image:width\" content=\"750\" \/>\n\t<meta property=\"og:image:height\" content=\"400\" \/>\n\t<meta property=\"og:image:type\" content=\"image\/jpeg\" \/>\n<meta name=\"author\" content=\"MC\" \/>\n<meta name=\"twitter:card\" content=\"summary_large_image\" \/>\n<meta name=\"twitter:creator\" content=\"@webdo_tn\" \/>\n<meta name=\"twitter:site\" content=\"@webdo_tn\" \/>\n<meta name=\"twitter:label1\" content=\"\u00c9crit par\" \/>\n\t<meta name=\"twitter:data1\" content=\"MC\" \/>\n\t<meta name=\"twitter:label2\" content=\"Dur\u00e9e de lecture estim\u00e9e\" \/>\n\t<meta name=\"twitter:data2\" content=\"1 minute\" \/>\n<script type=\"application\/ld+json\" class=\"yoast-schema-graph\">{\"@context\":\"https:\\\/\\\/schema.org\",\"@graph\":[{\"@type\":\"NewsArticle\",\"@id\":\"https:\\\/\\\/www.webdo.tn\\\/fr\\\/actualite\\\/national\\\/le-deficit-budgetaire-est-passe-de-3-a-7-7-en-trois-ans\\\/201462\\\/#article\",\"isPartOf\":{\"@id\":\"https:\\\/\\\/www.webdo.tn\\\/fr\\\/actualite\\\/national\\\/le-deficit-budgetaire-est-passe-de-3-a-7-7-en-trois-ans\\\/201462\\\/\"},\"author\":{\"name\":\"MC\",\"@id\":\"https:\\\/\\\/www.webdo.tn\\\/fr\\\/#\\\/schema\\\/person\\\/2c4929cbf5a809e3bd38617c6ce150f6\"},\"headline\":\"Le d\u00e9ficit budg\u00e9taire est pass\u00e9 de 3 \u00e0 7,7% en trois ans\",\"datePublished\":\"2023-01-03T20:28:00+00:00\",\"dateModified\":\"2025-05-20T22:06:40+00:00\",\"mainEntityOfPage\":{\"@id\":\"https:\\\/\\\/www.webdo.tn\\\/fr\\\/actualite\\\/national\\\/le-deficit-budgetaire-est-passe-de-3-a-7-7-en-trois-ans\\\/201462\\\/\"},\"wordCount\":248,\"commentCount\":0,\"publisher\":{\"@id\":\"https:\\\/\\\/www.webdo.tn\\\/fr\\\/#organization\"},\"image\":{\"@id\":\"https:\\\/\\\/www.webdo.tn\\\/fr\\\/actualite\\\/national\\\/le-deficit-budgetaire-est-passe-de-3-a-7-7-en-trois-ans\\\/201462\\\/#primaryimage\"},\"thumbnailUrl\":\"https:\\\/\\\/www.webdo.tn\\\/fr\\\/wp-content\\\/uploads\\\/2023\\\/01\\\/f9d425dd5e5ce76f58a25c67467c36d1.jpg\",\"keywords\":[\"d\u00e9ficit budg\u00e9taire\"],\"articleSection\":[\"National\"],\"inLanguage\":\"fr-FR\"},{\"@type\":\"WebPage\",\"@id\":\"https:\\\/\\\/www.webdo.tn\\\/fr\\\/actualite\\\/national\\\/le-deficit-budgetaire-est-passe-de-3-a-7-7-en-trois-ans\\\/201462\\\/\",\"url\":\"https:\\\/\\\/www.webdo.tn\\\/fr\\\/actualite\\\/national\\\/le-deficit-budgetaire-est-passe-de-3-a-7-7-en-trois-ans\\\/201462\\\/\",\"name\":\"Le d\u00e9ficit budg\u00e9taire est pass\u00e9 de 3 \u00e0 7,7% en trois ans\",\"isPartOf\":{\"@id\":\"https:\\\/\\\/www.webdo.tn\\\/fr\\\/#website\"},\"primaryImageOfPage\":{\"@id\":\"https:\\\/\\\/www.webdo.tn\\\/fr\\\/actualite\\\/national\\\/le-deficit-budgetaire-est-passe-de-3-a-7-7-en-trois-ans\\\/201462\\\/#primaryimage\"},\"image\":{\"@id\":\"https:\\\/\\\/www.webdo.tn\\\/fr\\\/actualite\\\/national\\\/le-deficit-budgetaire-est-passe-de-3-a-7-7-en-trois-ans\\\/201462\\\/#primaryimage\"},\"thumbnailUrl\":\"https:\\\/\\\/www.webdo.tn\\\/fr\\\/wp-content\\\/uploads\\\/2023\\\/01\\\/f9d425dd5e5ce76f58a25c67467c36d1.jpg\",\"datePublished\":\"2023-01-03T20:28:00+00:00\",\"dateModified\":\"2025-05-20T22:06:40+00:00\",\"description\":\"Le d\u00e9ficit budg\u00e9taire s'est creus\u00e9, au cours des trois derni\u00e8res ann\u00e9es, passant de 3 \u00e0 7,7%, a d\u00e9clar\u00e9 le minist\u00e8re de l'Economie et de la planification, Samir...\",\"breadcrumb\":{\"@id\":\"https:\\\/\\\/www.webdo.tn\\\/fr\\\/actualite\\\/national\\\/le-deficit-budgetaire-est-passe-de-3-a-7-7-en-trois-ans\\\/201462\\\/#breadcrumb\"},\"inLanguage\":\"fr-FR\",\"potentialAction\":[{\"@type\":\"ReadAction\",\"target\":[\"https:\\\/\\\/www.webdo.tn\\\/fr\\\/actualite\\\/national\\\/le-deficit-budgetaire-est-passe-de-3-a-7-7-en-trois-ans\\\/201462\\\/\"]}]},{\"@type\":\"ImageObject\",\"inLanguage\":\"fr-FR\",\"@id\":\"https:\\\/\\\/www.webdo.tn\\\/fr\\\/actualite\\\/national\\\/le-deficit-budgetaire-est-passe-de-3-a-7-7-en-trois-ans\\\/201462\\\/#primaryimage\",\"url\":\"https:\\\/\\\/www.webdo.tn\\\/fr\\\/wp-content\\\/uploads\\\/2023\\\/01\\\/f9d425dd5e5ce76f58a25c67467c36d1.jpg\",\"contentUrl\":\"https:\\\/\\\/www.webdo.tn\\\/fr\\\/wp-content\\\/uploads\\\/2023\\\/01\\\/f9d425dd5e5ce76f58a25c67467c36d1.jpg\",\"width\":750,\"height\":400,\"caption\":\"Le d\u00e9ficit budg\u00e9taire est pass\u00e9 de 3 \u00e0 7,7% en trois ans\"},{\"@type\":\"BreadcrumbList\",\"@id\":\"https:\\\/\\\/www.webdo.tn\\\/fr\\\/actualite\\\/national\\\/le-deficit-budgetaire-est-passe-de-3-a-7-7-en-trois-ans\\\/201462\\\/#breadcrumb\",\"itemListElement\":[{\"@type\":\"ListItem\",\"position\":1,\"name\":\"Accueil\",\"item\":\"https:\\\/\\\/www.webdo.tn\\\/fr\\\/\"},{\"@type\":\"ListItem\",\"position\":2,\"name\":\"Le d\u00e9ficit budg\u00e9taire est pass\u00e9 de 3 \u00e0 7,7% en trois ans\"}]},{\"@type\":\"WebSite\",\"@id\":\"https:\\\/\\\/www.webdo.tn\\\/fr\\\/#website\",\"url\":\"https:\\\/\\\/www.webdo.tn\\\/fr\\\/\",\"name\":\"webdo\",\"description\":\"Tunisie - News en Tunisie et \u00e0 l&#039;international sur Webdo.tn\",\"publisher\":{\"@id\":\"https:\\\/\\\/www.webdo.tn\\\/fr\\\/#organization\"},\"potentialAction\":[{\"@type\":\"SearchAction\",\"target\":{\"@type\":\"EntryPoint\",\"urlTemplate\":\"https:\\\/\\\/www.webdo.tn\\\/fr\\\/?s={search_term_string}\"},\"query-input\":{\"@type\":\"PropertyValueSpecification\",\"valueRequired\":true,\"valueName\":\"search_term_string\"}}],\"inLanguage\":\"fr-FR\"},{\"@type\":\"Organization\",\"@id\":\"https:\\\/\\\/www.webdo.tn\\\/fr\\\/#organization\",\"name\":\"Webdo\",\"alternateName\":\"Webdo.tn\",\"url\":\"https:\\\/\\\/www.webdo.tn\\\/fr\\\/\",\"logo\":{\"@type\":\"ImageObject\",\"inLanguage\":\"fr-FR\",\"@id\":\"https:\\\/\\\/www.webdo.tn\\\/fr\\\/#\\\/schema\\\/logo\\\/image\\\/\",\"url\":\"https:\\\/\\\/www.webdo.tn\\\/fr\\\/wp-content\\\/uploads\\\/2025\\\/06\\\/Webdo-Tunisie_168377.jpg\",\"contentUrl\":\"https:\\\/\\\/www.webdo.tn\\\/fr\\\/wp-content\\\/uploads\\\/2025\\\/06\\\/Webdo-Tunisie_168377.jpg\",\"width\":301,\"height\":301,\"caption\":\"Webdo\"},\"image\":{\"@id\":\"https:\\\/\\\/www.webdo.tn\\\/fr\\\/#\\\/schema\\\/logo\\\/image\\\/\"},\"sameAs\":[\"https:\\\/\\\/www.facebook.com\\\/webdotn\",\"https:\\\/\\\/x.com\\\/webdo_tn\"],\"description\":\"Webdo est un m\u00e9dia num\u00e9rique tunisien fond\u00e9 en 2010, sp\u00e9cialis\u00e9 dans l\u2019actualit\u00e9 nationale et internationale, l\u2019\u00e9conomie, la soci\u00e9t\u00e9 et les analyses politiques. Le site s\u2019adresse \u00e0 un large public francophone et couvre l\u2019information tunisienne en temps r\u00e9el.\",\"email\":\"redac@webdo.tn\",\"legalName\":\"YNJ SARL\",\"foundingDate\":\"2010-09-06\",\"numberOfEmployees\":{\"@type\":\"QuantitativeValue\",\"minValue\":\"11\",\"maxValue\":\"50\"}},{\"@type\":\"Person\",\"@id\":\"https:\\\/\\\/www.webdo.tn\\\/fr\\\/#\\\/schema\\\/person\\\/2c4929cbf5a809e3bd38617c6ce150f6\",\"name\":\"MC\",\"image\":{\"@type\":\"ImageObject\",\"inLanguage\":\"fr-FR\",\"@id\":\"https:\\\/\\\/secure.gravatar.com\\\/avatar\\\/a545bbb6f84efdd5553dbbc2895e3ca8f1d12c5215e00a041c9670b54aa9b18a?s=96&d=mm&r=g\",\"url\":\"https:\\\/\\\/secure.gravatar.com\\\/avatar\\\/a545bbb6f84efdd5553dbbc2895e3ca8f1d12c5215e00a041c9670b54aa9b18a?s=96&d=mm&r=g\",\"contentUrl\":\"https:\\\/\\\/secure.gravatar.com\\\/avatar\\\/a545bbb6f84efdd5553dbbc2895e3ca8f1d12c5215e00a041c9670b54aa9b18a?s=96&d=mm&r=g\",\"caption\":\"MC\"},\"url\":\"https:\\\/\\\/www.webdo.tn\\\/fr\\\/actualite\\\/author\\\/mc\\\/\"}]}<\/script>\n<!-- \/ Yoast SEO Premium plugin. -->","yoast_head_json":{"title":"Le d\u00e9ficit budg\u00e9taire est pass\u00e9 de 3 \u00e0 7,7% en trois ans","description":"Le d\u00e9ficit budg\u00e9taire s'est creus\u00e9, au cours des trois derni\u00e8res ann\u00e9es, passant de 3 \u00e0 7,7%, a d\u00e9clar\u00e9 le minist\u00e8re de l'Economie et de la planification, Samir...","canonical":"https:\/\/www.webdo.tn\/fr\/actualite\/national\/le-deficit-budgetaire-est-passe-de-3-a-7-7-en-trois-ans\/201462\/","og_locale":"fr_FR","og_type":"article","og_title":"Le d\u00e9ficit budg\u00e9taire est pass\u00e9 de 3 \u00e0 7,7% en trois ans","og_description":"Le d\u00e9ficit budg\u00e9taire s'est creus\u00e9, au cours des trois derni\u00e8res ann\u00e9es, passant de 3 \u00e0 7,7%, a d\u00e9clar\u00e9 le minist\u00e8re de l'Economie et de la planification, Samir...","og_url":"https:\/\/www.webdo.tn\/fr\/actualite\/national\/le-deficit-budgetaire-est-passe-de-3-a-7-7-en-trois-ans\/201462\/","og_site_name":"webdo","article_publisher":"https:\/\/www.facebook.com\/webdotn","article_published_time":"2023-01-03T20:28:00+00:00","article_modified_time":"2025-05-20T22:06:40+00:00","og_image":[{"width":750,"height":400,"url":"https:\/\/www.webdo.tn\/fr\/wp-content\/uploads\/2023\/01\/f9d425dd5e5ce76f58a25c67467c36d1.jpg","type":"image\/jpeg"}],"author":"MC","twitter_card":"summary_large_image","twitter_creator":"@webdo_tn","twitter_site":"@webdo_tn","twitter_misc":{"\u00c9crit par":"MC","Dur\u00e9e de lecture estim\u00e9e":"1 minute"},"schema":{"@context":"https:\/\/schema.org","@graph":[{"@type":"NewsArticle","@id":"https:\/\/www.webdo.tn\/fr\/actualite\/national\/le-deficit-budgetaire-est-passe-de-3-a-7-7-en-trois-ans\/201462\/#article","isPartOf":{"@id":"https:\/\/www.webdo.tn\/fr\/actualite\/national\/le-deficit-budgetaire-est-passe-de-3-a-7-7-en-trois-ans\/201462\/"},"author":{"name":"MC","@id":"https:\/\/www.webdo.tn\/fr\/#\/schema\/person\/2c4929cbf5a809e3bd38617c6ce150f6"},"headline":"Le d\u00e9ficit budg\u00e9taire est pass\u00e9 de 3 \u00e0 7,7% en trois ans","datePublished":"2023-01-03T20:28:00+00:00","dateModified":"2025-05-20T22:06:40+00:00","mainEntityOfPage":{"@id":"https:\/\/www.webdo.tn\/fr\/actualite\/national\/le-deficit-budgetaire-est-passe-de-3-a-7-7-en-trois-ans\/201462\/"},"wordCount":248,"commentCount":0,"publisher":{"@id":"https:\/\/www.webdo.tn\/fr\/#organization"},"image":{"@id":"https:\/\/www.webdo.tn\/fr\/actualite\/national\/le-deficit-budgetaire-est-passe-de-3-a-7-7-en-trois-ans\/201462\/#primaryimage"},"thumbnailUrl":"https:\/\/www.webdo.tn\/fr\/wp-content\/uploads\/2023\/01\/f9d425dd5e5ce76f58a25c67467c36d1.jpg","keywords":["d\u00e9ficit budg\u00e9taire"],"articleSection":["National"],"inLanguage":"fr-FR"},{"@type":"WebPage","@id":"https:\/\/www.webdo.tn\/fr\/actualite\/national\/le-deficit-budgetaire-est-passe-de-3-a-7-7-en-trois-ans\/201462\/","url":"https:\/\/www.webdo.tn\/fr\/actualite\/national\/le-deficit-budgetaire-est-passe-de-3-a-7-7-en-trois-ans\/201462\/","name":"Le d\u00e9ficit budg\u00e9taire est pass\u00e9 de 3 \u00e0 7,7% en trois ans","isPartOf":{"@id":"https:\/\/www.webdo.tn\/fr\/#website"},"primaryImageOfPage":{"@id":"https:\/\/www.webdo.tn\/fr\/actualite\/national\/le-deficit-budgetaire-est-passe-de-3-a-7-7-en-trois-ans\/201462\/#primaryimage"},"image":{"@id":"https:\/\/www.webdo.tn\/fr\/actualite\/national\/le-deficit-budgetaire-est-passe-de-3-a-7-7-en-trois-ans\/201462\/#primaryimage"},"thumbnailUrl":"https:\/\/www.webdo.tn\/fr\/wp-content\/uploads\/2023\/01\/f9d425dd5e5ce76f58a25c67467c36d1.jpg","datePublished":"2023-01-03T20:28:00+00:00","dateModified":"2025-05-20T22:06:40+00:00","description":"Le d\u00e9ficit budg\u00e9taire s'est creus\u00e9, au cours des trois derni\u00e8res ann\u00e9es, passant de 3 \u00e0 7,7%, a d\u00e9clar\u00e9 le minist\u00e8re de l'Economie et de la planification, Samir...","breadcrumb":{"@id":"https:\/\/www.webdo.tn\/fr\/actualite\/national\/le-deficit-budgetaire-est-passe-de-3-a-7-7-en-trois-ans\/201462\/#breadcrumb"},"inLanguage":"fr-FR","potentialAction":[{"@type":"ReadAction","target":["https:\/\/www.webdo.tn\/fr\/actualite\/national\/le-deficit-budgetaire-est-passe-de-3-a-7-7-en-trois-ans\/201462\/"]}]},{"@type":"ImageObject","inLanguage":"fr-FR","@id":"https:\/\/www.webdo.tn\/fr\/actualite\/national\/le-deficit-budgetaire-est-passe-de-3-a-7-7-en-trois-ans\/201462\/#primaryimage","url":"https:\/\/www.webdo.tn\/fr\/wp-content\/uploads\/2023\/01\/f9d425dd5e5ce76f58a25c67467c36d1.jpg","contentUrl":"https:\/\/www.webdo.tn\/fr\/wp-content\/uploads\/2023\/01\/f9d425dd5e5ce76f58a25c67467c36d1.jpg","width":750,"height":400,"caption":"Le d\u00e9ficit budg\u00e9taire est pass\u00e9 de 3 \u00e0 7,7% en trois ans"},{"@type":"BreadcrumbList","@id":"https:\/\/www.webdo.tn\/fr\/actualite\/national\/le-deficit-budgetaire-est-passe-de-3-a-7-7-en-trois-ans\/201462\/#breadcrumb","itemListElement":[{"@type":"ListItem","position":1,"name":"Accueil","item":"https:\/\/www.webdo.tn\/fr\/"},{"@type":"ListItem","position":2,"name":"Le d\u00e9ficit budg\u00e9taire est pass\u00e9 de 3 \u00e0 7,7% en trois ans"}]},{"@type":"WebSite","@id":"https:\/\/www.webdo.tn\/fr\/#website","url":"https:\/\/www.webdo.tn\/fr\/","name":"webdo","description":"Tunisie - News en Tunisie et \u00e0 l&#039;international sur Webdo.tn","publisher":{"@id":"https:\/\/www.webdo.tn\/fr\/#organization"},"potentialAction":[{"@type":"SearchAction","target":{"@type":"EntryPoint","urlTemplate":"https:\/\/www.webdo.tn\/fr\/?s={search_term_string}"},"query-input":{"@type":"PropertyValueSpecification","valueRequired":true,"valueName":"search_term_string"}}],"inLanguage":"fr-FR"},{"@type":"Organization","@id":"https:\/\/www.webdo.tn\/fr\/#organization","name":"Webdo","alternateName":"Webdo.tn","url":"https:\/\/www.webdo.tn\/fr\/","logo":{"@type":"ImageObject","inLanguage":"fr-FR","@id":"https:\/\/www.webdo.tn\/fr\/#\/schema\/logo\/image\/","url":"https:\/\/www.webdo.tn\/fr\/wp-content\/uploads\/2025\/06\/Webdo-Tunisie_168377.jpg","contentUrl":"https:\/\/www.webdo.tn\/fr\/wp-content\/uploads\/2025\/06\/Webdo-Tunisie_168377.jpg","width":301,"height":301,"caption":"Webdo"},"image":{"@id":"https:\/\/www.webdo.tn\/fr\/#\/schema\/logo\/image\/"},"sameAs":["https:\/\/www.facebook.com\/webdotn","https:\/\/x.com\/webdo_tn"],"description":"Webdo est un m\u00e9dia num\u00e9rique tunisien fond\u00e9 en 2010, sp\u00e9cialis\u00e9 dans l\u2019actualit\u00e9 nationale et internationale, l\u2019\u00e9conomie, la soci\u00e9t\u00e9 et les analyses politiques. Le site s\u2019adresse \u00e0 un large public francophone et couvre l\u2019information tunisienne en temps r\u00e9el.","email":"redac@webdo.tn","legalName":"YNJ SARL","foundingDate":"2010-09-06","numberOfEmployees":{"@type":"QuantitativeValue","minValue":"11","maxValue":"50"}},{"@type":"Person","@id":"https:\/\/www.webdo.tn\/fr\/#\/schema\/person\/2c4929cbf5a809e3bd38617c6ce150f6","name":"MC","image":{"@type":"ImageObject","inLanguage":"fr-FR","@id":"https:\/\/secure.gravatar.com\/avatar\/a545bbb6f84efdd5553dbbc2895e3ca8f1d12c5215e00a041c9670b54aa9b18a?s=96&d=mm&r=g","url":"https:\/\/secure.gravatar.com\/avatar\/a545bbb6f84efdd5553dbbc2895e3ca8f1d12c5215e00a041c9670b54aa9b18a?s=96&d=mm&r=g","contentUrl":"https:\/\/secure.gravatar.com\/avatar\/a545bbb6f84efdd5553dbbc2895e3ca8f1d12c5215e00a041c9670b54aa9b18a?s=96&d=mm&r=g","caption":"MC"},"url":"https:\/\/www.webdo.tn\/fr\/actualite\/author\/mc\/"}]}},"_links":{"self":[{"href":"https:\/\/www.webdo.tn\/fr\/wp-json\/wp\/v2\/posts\/201462","targetHints":{"allow":["GET"]}}],"collection":[{"href":"https:\/\/www.webdo.tn\/fr\/wp-json\/wp\/v2\/posts"}],"about":[{"href":"https:\/\/www.webdo.tn\/fr\/wp-json\/wp\/v2\/types\/post"}],"author":[{"embeddable":true,"href":"https:\/\/www.webdo.tn\/fr\/wp-json\/wp\/v2\/users\/3162"}],"replies":[{"embeddable":true,"href":"https:\/\/www.webdo.tn\/fr\/wp-json\/wp\/v2\/comments?post=201462"}],"version-history":[{"count":0,"href":"https:\/\/www.webdo.tn\/fr\/wp-json\/wp\/v2\/posts\/201462\/revisions"}],"wp:featuredmedia":[{"embeddable":true,"href":"https:\/\/www.webdo.tn\/fr\/wp-json\/wp\/v2\/media\/277510"}],"wp:attachment":[{"href":"https:\/\/www.webdo.tn\/fr\/wp-json\/wp\/v2\/media?parent=201462"}],"wp:term":[{"taxonomy":"category","embeddable":true,"href":"https:\/\/www.webdo.tn\/fr\/wp-json\/wp\/v2\/categories?post=201462"},{"taxonomy":"post_tag","embeddable":true,"href":"https:\/\/www.webdo.tn\/fr\/wp-json\/wp\/v2\/tags?post=201462"}],"curies":[{"name":"wp","href":"https:\/\/api.w.org\/{rel}","templated":true}]}}