{"id":201456,"date":"2023-01-03T19:34:00","date_gmt":"2023-01-03T19:34:00","guid":{"rendered":"https:\/\/www.webdo.tn\/fr\/actualite\/blog\/amour-et-paix-un-oncert-caritatif-signe-lotfi-bouchnak\/201456\/"},"modified":"2025-05-22T11:39:08","modified_gmt":"2025-05-22T11:39:08","slug":"amour-et-paix-un-oncert-caritatif-signe-lotfi-bouchnak","status":"publish","type":"post","link":"https:\/\/www.webdo.tn\/fr\/actualite\/culture\/amour-et-paix-un-oncert-caritatif-signe-lotfi-bouchnak\/201456\/","title":{"rendered":"\u00ab\u00a0Amour et paix\u00a0\u00bb, un concert caritatif sign\u00e9 Lotfi Bouchnak"},"content":{"rendered":"<p>Le Th\u00e9\u00e2tre de l&rsquo;op\u00e9ra de Tunis abritera, la semaine prochaine, soit mercredi 11 janvier, 2023 \u00e0 20h00, un concert caritatif intitul\u00e9 \u00ab\u00a0Amour et paix\u00a0\u00bb qui sera donn\u00e9 par l&rsquo;artiste Lotfi Bouchnak.<\/p>\n<p> Ce concert sera donn\u00e9 au Th\u00e9\u00e2tre de l&rsquo;op\u00e9ra et les b\u00e9n\u00e9fices de ce spectacle iront au profit des enfants atteints de cancer, admis \u00e0 l&rsquo;h\u00f4pital Salah Azaiez \u00e0 Tunis.<\/p>\n<p>Le prix des tickets varie entre 30, 40 et 50 dinars.<\/p>\n","protected":false},"excerpt":{"rendered":"<p>Le Th\u00e9\u00e2tre de l&rsquo;op\u00e9ra de Tunis abritera, la semaine prochaine, soit mercredi 11 janvier, 2023 \u00e0 20h00, un concert caritatif intitul\u00e9  Amour et paix  qui sera do&#8230;<\/p>\n","protected":false},"author":3162,"featured_media":348333,"comment_status":"open","ping_status":"closed","sticky":false,"template":"","format":"standard","meta":{"footnotes":""},"categories":[2594],"tags":[4595,8752],"class_list":["post-201456","post","type-post","status-publish","format-standard","has-post-thumbnail","hentry","category-culture","tag-concert","tag-lotfi-bouchnak"],"yoast_head":"<!-- This site is optimized with the Yoast SEO Premium plugin v27.4 (Yoast SEO v27.5) - https:\/\/yoast.com\/product\/yoast-seo-premium-wordpress\/ -->\n<title>Amour et paix , un concert caritatif sign\u00e9 Lotfi Bouchnak<\/title>\n<meta name=\"description\" content=\"Le Th\u00e9\u00e2tre de l&#039;op\u00e9ra de Tunis abritera, la semaine prochaine, soit mercredi 11 janvier, 2023 \u00e0 20h00, un concert caritatif intitul\u00e9 Amour et paix qui sera do...\" \/>\n<link rel=\"canonical\" href=\"https:\/\/www.webdo.tn\/fr\/actualite\/culture\/amour-et-paix-un-oncert-caritatif-signe-lotfi-bouchnak\/201456\/\" \/>\n<meta property=\"og:locale\" content=\"fr_FR\" \/>\n<meta property=\"og:type\" content=\"article\" \/>\n<meta property=\"og:title\" content=\"&quot;Amour et paix&quot;, un concert caritatif sign\u00e9 Lotfi Bouchnak\" \/>\n<meta property=\"og:description\" content=\"Le Th\u00e9\u00e2tre de l&#039;op\u00e9ra de Tunis abritera, la semaine prochaine, soit mercredi 11 janvier, 2023 \u00e0 20h00, un concert caritatif intitul\u00e9 Amour et paix qui sera do...\" \/>\n<meta property=\"og:url\" content=\"https:\/\/www.webdo.tn\/fr\/actualite\/culture\/amour-et-paix-un-oncert-caritatif-signe-lotfi-bouchnak\/201456\/\" \/>\n<meta property=\"og:site_name\" content=\"webdo\" \/>\n<meta property=\"article:publisher\" content=\"https:\/\/www.facebook.com\/webdotn\" \/>\n<meta property=\"article:published_time\" content=\"2023-01-03T19:34:00+00:00\" \/>\n<meta property=\"article:modified_time\" content=\"2025-05-22T11:39:08+00:00\" \/>\n<meta property=\"og:image\" content=\"https:\/\/www.webdo.tn\/fr\/wp-content\/uploads\/2023\/01\/2a5063e8ccdac5eccbb7f9e70c1c19b2.jpg\" \/>\n\t<meta property=\"og:image:width\" content=\"710\" \/>\n\t<meta property=\"og:image:height\" content=\"379\" \/>\n\t<meta property=\"og:image:type\" content=\"image\/jpeg\" \/>\n<meta name=\"author\" content=\"MC\" \/>\n<meta name=\"twitter:card\" content=\"summary_large_image\" \/>\n<meta name=\"twitter:creator\" content=\"@webdo_tn\" \/>\n<meta name=\"twitter:site\" content=\"@webdo_tn\" \/>\n<meta name=\"twitter:label1\" content=\"\u00c9crit par\" \/>\n\t<meta name=\"twitter:data1\" content=\"MC\" \/>\n<script type=\"application\/ld+json\" class=\"yoast-schema-graph\">{\"@context\":\"https:\\\/\\\/schema.org\",\"@graph\":[{\"@type\":\"NewsArticle\",\"@id\":\"https:\\\/\\\/www.webdo.tn\\\/fr\\\/actualite\\\/culture\\\/amour-et-paix-un-oncert-caritatif-signe-lotfi-bouchnak\\\/201456\\\/#article\",\"isPartOf\":{\"@id\":\"https:\\\/\\\/www.webdo.tn\\\/fr\\\/actualite\\\/culture\\\/amour-et-paix-un-oncert-caritatif-signe-lotfi-bouchnak\\\/201456\\\/\"},\"author\":{\"name\":\"MC\",\"@id\":\"https:\\\/\\\/www.webdo.tn\\\/fr\\\/#\\\/schema\\\/person\\\/2c4929cbf5a809e3bd38617c6ce150f6\"},\"headline\":\"\u00ab\u00a0Amour et paix\u00a0\u00bb, un concert caritatif sign\u00e9 Lotfi Bouchnak\",\"datePublished\":\"2023-01-03T19:34:00+00:00\",\"dateModified\":\"2025-05-22T11:39:08+00:00\",\"mainEntityOfPage\":{\"@id\":\"https:\\\/\\\/www.webdo.tn\\\/fr\\\/actualite\\\/culture\\\/amour-et-paix-un-oncert-caritatif-signe-lotfi-bouchnak\\\/201456\\\/\"},\"wordCount\":83,\"commentCount\":0,\"publisher\":{\"@id\":\"https:\\\/\\\/www.webdo.tn\\\/fr\\\/#organization\"},\"image\":{\"@id\":\"https:\\\/\\\/www.webdo.tn\\\/fr\\\/actualite\\\/culture\\\/amour-et-paix-un-oncert-caritatif-signe-lotfi-bouchnak\\\/201456\\\/#primaryimage\"},\"thumbnailUrl\":\"https:\\\/\\\/www.webdo.tn\\\/fr\\\/wp-content\\\/uploads\\\/2023\\\/01\\\/2a5063e8ccdac5eccbb7f9e70c1c19b2.jpg\",\"keywords\":[\"concert\",\"lotfi bouchnak\"],\"articleSection\":[\"Culture\"],\"inLanguage\":\"fr-FR\"},{\"@type\":\"WebPage\",\"@id\":\"https:\\\/\\\/www.webdo.tn\\\/fr\\\/actualite\\\/culture\\\/amour-et-paix-un-oncert-caritatif-signe-lotfi-bouchnak\\\/201456\\\/\",\"url\":\"https:\\\/\\\/www.webdo.tn\\\/fr\\\/actualite\\\/culture\\\/amour-et-paix-un-oncert-caritatif-signe-lotfi-bouchnak\\\/201456\\\/\",\"name\":\"Amour et paix , un concert caritatif sign\u00e9 Lotfi Bouchnak\",\"isPartOf\":{\"@id\":\"https:\\\/\\\/www.webdo.tn\\\/fr\\\/#website\"},\"primaryImageOfPage\":{\"@id\":\"https:\\\/\\\/www.webdo.tn\\\/fr\\\/actualite\\\/culture\\\/amour-et-paix-un-oncert-caritatif-signe-lotfi-bouchnak\\\/201456\\\/#primaryimage\"},\"image\":{\"@id\":\"https:\\\/\\\/www.webdo.tn\\\/fr\\\/actualite\\\/culture\\\/amour-et-paix-un-oncert-caritatif-signe-lotfi-bouchnak\\\/201456\\\/#primaryimage\"},\"thumbnailUrl\":\"https:\\\/\\\/www.webdo.tn\\\/fr\\\/wp-content\\\/uploads\\\/2023\\\/01\\\/2a5063e8ccdac5eccbb7f9e70c1c19b2.jpg\",\"datePublished\":\"2023-01-03T19:34:00+00:00\",\"dateModified\":\"2025-05-22T11:39:08+00:00\",\"description\":\"Le Th\u00e9\u00e2tre de l'op\u00e9ra de Tunis abritera, la semaine prochaine, soit mercredi 11 janvier, 2023 \u00e0 20h00, un concert caritatif intitul\u00e9 Amour et paix qui sera do...\",\"breadcrumb\":{\"@id\":\"https:\\\/\\\/www.webdo.tn\\\/fr\\\/actualite\\\/culture\\\/amour-et-paix-un-oncert-caritatif-signe-lotfi-bouchnak\\\/201456\\\/#breadcrumb\"},\"inLanguage\":\"fr-FR\",\"potentialAction\":[{\"@type\":\"ReadAction\",\"target\":[\"https:\\\/\\\/www.webdo.tn\\\/fr\\\/actualite\\\/culture\\\/amour-et-paix-un-oncert-caritatif-signe-lotfi-bouchnak\\\/201456\\\/\"]}]},{\"@type\":\"ImageObject\",\"inLanguage\":\"fr-FR\",\"@id\":\"https:\\\/\\\/www.webdo.tn\\\/fr\\\/actualite\\\/culture\\\/amour-et-paix-un-oncert-caritatif-signe-lotfi-bouchnak\\\/201456\\\/#primaryimage\",\"url\":\"https:\\\/\\\/www.webdo.tn\\\/fr\\\/wp-content\\\/uploads\\\/2023\\\/01\\\/2a5063e8ccdac5eccbb7f9e70c1c19b2.jpg\",\"contentUrl\":\"https:\\\/\\\/www.webdo.tn\\\/fr\\\/wp-content\\\/uploads\\\/2023\\\/01\\\/2a5063e8ccdac5eccbb7f9e70c1c19b2.jpg\",\"width\":710,\"height\":379,\"caption\":\"\\\"Amour et paix\\\", un concert caritatif sign\u00e9 Lotfi Bouchnak\"},{\"@type\":\"BreadcrumbList\",\"@id\":\"https:\\\/\\\/www.webdo.tn\\\/fr\\\/actualite\\\/culture\\\/amour-et-paix-un-oncert-caritatif-signe-lotfi-bouchnak\\\/201456\\\/#breadcrumb\",\"itemListElement\":[{\"@type\":\"ListItem\",\"position\":1,\"name\":\"Accueil\",\"item\":\"https:\\\/\\\/www.webdo.tn\\\/fr\\\/\"},{\"@type\":\"ListItem\",\"position\":2,\"name\":\"\u00ab\u00a0Amour et paix\u00a0\u00bb, un concert caritatif sign\u00e9 Lotfi Bouchnak\"}]},{\"@type\":\"WebSite\",\"@id\":\"https:\\\/\\\/www.webdo.tn\\\/fr\\\/#website\",\"url\":\"https:\\\/\\\/www.webdo.tn\\\/fr\\\/\",\"name\":\"webdo\",\"description\":\"Tunisie - News en Tunisie et \u00e0 l&#039;international sur Webdo.tn\",\"publisher\":{\"@id\":\"https:\\\/\\\/www.webdo.tn\\\/fr\\\/#organization\"},\"potentialAction\":[{\"@type\":\"SearchAction\",\"target\":{\"@type\":\"EntryPoint\",\"urlTemplate\":\"https:\\\/\\\/www.webdo.tn\\\/fr\\\/?s={search_term_string}\"},\"query-input\":{\"@type\":\"PropertyValueSpecification\",\"valueRequired\":true,\"valueName\":\"search_term_string\"}}],\"inLanguage\":\"fr-FR\"},{\"@type\":\"Organization\",\"@id\":\"https:\\\/\\\/www.webdo.tn\\\/fr\\\/#organization\",\"name\":\"Webdo\",\"alternateName\":\"Webdo.tn\",\"url\":\"https:\\\/\\\/www.webdo.tn\\\/fr\\\/\",\"logo\":{\"@type\":\"ImageObject\",\"inLanguage\":\"fr-FR\",\"@id\":\"https:\\\/\\\/www.webdo.tn\\\/fr\\\/#\\\/schema\\\/logo\\\/image\\\/\",\"url\":\"https:\\\/\\\/www.webdo.tn\\\/fr\\\/wp-content\\\/uploads\\\/2025\\\/06\\\/Webdo-Tunisie_168377.jpg\",\"contentUrl\":\"https:\\\/\\\/www.webdo.tn\\\/fr\\\/wp-content\\\/uploads\\\/2025\\\/06\\\/Webdo-Tunisie_168377.jpg\",\"width\":301,\"height\":301,\"caption\":\"Webdo\"},\"image\":{\"@id\":\"https:\\\/\\\/www.webdo.tn\\\/fr\\\/#\\\/schema\\\/logo\\\/image\\\/\"},\"sameAs\":[\"https:\\\/\\\/www.facebook.com\\\/webdotn\",\"https:\\\/\\\/x.com\\\/webdo_tn\"],\"description\":\"Webdo est un m\u00e9dia num\u00e9rique tunisien fond\u00e9 en 2010, sp\u00e9cialis\u00e9 dans l\u2019actualit\u00e9 nationale et internationale, l\u2019\u00e9conomie, la soci\u00e9t\u00e9 et les analyses politiques. Le site s\u2019adresse \u00e0 un large public francophone et couvre l\u2019information tunisienne en temps r\u00e9el.\",\"email\":\"redac@webdo.tn\",\"legalName\":\"YNJ SARL\",\"foundingDate\":\"2010-09-06\",\"numberOfEmployees\":{\"@type\":\"QuantitativeValue\",\"minValue\":\"11\",\"maxValue\":\"50\"}},{\"@type\":\"Person\",\"@id\":\"https:\\\/\\\/www.webdo.tn\\\/fr\\\/#\\\/schema\\\/person\\\/2c4929cbf5a809e3bd38617c6ce150f6\",\"name\":\"MC\",\"image\":{\"@type\":\"ImageObject\",\"inLanguage\":\"fr-FR\",\"@id\":\"https:\\\/\\\/secure.gravatar.com\\\/avatar\\\/a545bbb6f84efdd5553dbbc2895e3ca8f1d12c5215e00a041c9670b54aa9b18a?s=96&d=mm&r=g\",\"url\":\"https:\\\/\\\/secure.gravatar.com\\\/avatar\\\/a545bbb6f84efdd5553dbbc2895e3ca8f1d12c5215e00a041c9670b54aa9b18a?s=96&d=mm&r=g\",\"contentUrl\":\"https:\\\/\\\/secure.gravatar.com\\\/avatar\\\/a545bbb6f84efdd5553dbbc2895e3ca8f1d12c5215e00a041c9670b54aa9b18a?s=96&d=mm&r=g\",\"caption\":\"MC\"},\"url\":\"https:\\\/\\\/www.webdo.tn\\\/fr\\\/actualite\\\/author\\\/mc\\\/\"}]}<\/script>\n<!-- \/ Yoast SEO Premium plugin. -->","yoast_head_json":{"title":"Amour et paix , un concert caritatif sign\u00e9 Lotfi Bouchnak","description":"Le Th\u00e9\u00e2tre de l'op\u00e9ra de Tunis abritera, la semaine prochaine, soit mercredi 11 janvier, 2023 \u00e0 20h00, un concert caritatif intitul\u00e9 Amour et paix qui sera do...","canonical":"https:\/\/www.webdo.tn\/fr\/actualite\/culture\/amour-et-paix-un-oncert-caritatif-signe-lotfi-bouchnak\/201456\/","og_locale":"fr_FR","og_type":"article","og_title":"\"Amour et paix\", un concert caritatif sign\u00e9 Lotfi Bouchnak","og_description":"Le Th\u00e9\u00e2tre de l'op\u00e9ra de Tunis abritera, la semaine prochaine, soit mercredi 11 janvier, 2023 \u00e0 20h00, un concert caritatif intitul\u00e9 Amour et paix qui sera do...","og_url":"https:\/\/www.webdo.tn\/fr\/actualite\/culture\/amour-et-paix-un-oncert-caritatif-signe-lotfi-bouchnak\/201456\/","og_site_name":"webdo","article_publisher":"https:\/\/www.facebook.com\/webdotn","article_published_time":"2023-01-03T19:34:00+00:00","article_modified_time":"2025-05-22T11:39:08+00:00","og_image":[{"width":710,"height":379,"url":"https:\/\/www.webdo.tn\/fr\/wp-content\/uploads\/2023\/01\/2a5063e8ccdac5eccbb7f9e70c1c19b2.jpg","type":"image\/jpeg"}],"author":"MC","twitter_card":"summary_large_image","twitter_creator":"@webdo_tn","twitter_site":"@webdo_tn","twitter_misc":{"\u00c9crit par":"MC"},"schema":{"@context":"https:\/\/schema.org","@graph":[{"@type":"NewsArticle","@id":"https:\/\/www.webdo.tn\/fr\/actualite\/culture\/amour-et-paix-un-oncert-caritatif-signe-lotfi-bouchnak\/201456\/#article","isPartOf":{"@id":"https:\/\/www.webdo.tn\/fr\/actualite\/culture\/amour-et-paix-un-oncert-caritatif-signe-lotfi-bouchnak\/201456\/"},"author":{"name":"MC","@id":"https:\/\/www.webdo.tn\/fr\/#\/schema\/person\/2c4929cbf5a809e3bd38617c6ce150f6"},"headline":"\u00ab\u00a0Amour et paix\u00a0\u00bb, un concert caritatif sign\u00e9 Lotfi Bouchnak","datePublished":"2023-01-03T19:34:00+00:00","dateModified":"2025-05-22T11:39:08+00:00","mainEntityOfPage":{"@id":"https:\/\/www.webdo.tn\/fr\/actualite\/culture\/amour-et-paix-un-oncert-caritatif-signe-lotfi-bouchnak\/201456\/"},"wordCount":83,"commentCount":0,"publisher":{"@id":"https:\/\/www.webdo.tn\/fr\/#organization"},"image":{"@id":"https:\/\/www.webdo.tn\/fr\/actualite\/culture\/amour-et-paix-un-oncert-caritatif-signe-lotfi-bouchnak\/201456\/#primaryimage"},"thumbnailUrl":"https:\/\/www.webdo.tn\/fr\/wp-content\/uploads\/2023\/01\/2a5063e8ccdac5eccbb7f9e70c1c19b2.jpg","keywords":["concert","lotfi bouchnak"],"articleSection":["Culture"],"inLanguage":"fr-FR"},{"@type":"WebPage","@id":"https:\/\/www.webdo.tn\/fr\/actualite\/culture\/amour-et-paix-un-oncert-caritatif-signe-lotfi-bouchnak\/201456\/","url":"https:\/\/www.webdo.tn\/fr\/actualite\/culture\/amour-et-paix-un-oncert-caritatif-signe-lotfi-bouchnak\/201456\/","name":"Amour et paix , un concert caritatif sign\u00e9 Lotfi Bouchnak","isPartOf":{"@id":"https:\/\/www.webdo.tn\/fr\/#website"},"primaryImageOfPage":{"@id":"https:\/\/www.webdo.tn\/fr\/actualite\/culture\/amour-et-paix-un-oncert-caritatif-signe-lotfi-bouchnak\/201456\/#primaryimage"},"image":{"@id":"https:\/\/www.webdo.tn\/fr\/actualite\/culture\/amour-et-paix-un-oncert-caritatif-signe-lotfi-bouchnak\/201456\/#primaryimage"},"thumbnailUrl":"https:\/\/www.webdo.tn\/fr\/wp-content\/uploads\/2023\/01\/2a5063e8ccdac5eccbb7f9e70c1c19b2.jpg","datePublished":"2023-01-03T19:34:00+00:00","dateModified":"2025-05-22T11:39:08+00:00","description":"Le Th\u00e9\u00e2tre de l'op\u00e9ra de Tunis abritera, la semaine prochaine, soit mercredi 11 janvier, 2023 \u00e0 20h00, un concert caritatif intitul\u00e9 Amour et paix qui sera do...","breadcrumb":{"@id":"https:\/\/www.webdo.tn\/fr\/actualite\/culture\/amour-et-paix-un-oncert-caritatif-signe-lotfi-bouchnak\/201456\/#breadcrumb"},"inLanguage":"fr-FR","potentialAction":[{"@type":"ReadAction","target":["https:\/\/www.webdo.tn\/fr\/actualite\/culture\/amour-et-paix-un-oncert-caritatif-signe-lotfi-bouchnak\/201456\/"]}]},{"@type":"ImageObject","inLanguage":"fr-FR","@id":"https:\/\/www.webdo.tn\/fr\/actualite\/culture\/amour-et-paix-un-oncert-caritatif-signe-lotfi-bouchnak\/201456\/#primaryimage","url":"https:\/\/www.webdo.tn\/fr\/wp-content\/uploads\/2023\/01\/2a5063e8ccdac5eccbb7f9e70c1c19b2.jpg","contentUrl":"https:\/\/www.webdo.tn\/fr\/wp-content\/uploads\/2023\/01\/2a5063e8ccdac5eccbb7f9e70c1c19b2.jpg","width":710,"height":379,"caption":"\"Amour et paix\", un concert caritatif sign\u00e9 Lotfi Bouchnak"},{"@type":"BreadcrumbList","@id":"https:\/\/www.webdo.tn\/fr\/actualite\/culture\/amour-et-paix-un-oncert-caritatif-signe-lotfi-bouchnak\/201456\/#breadcrumb","itemListElement":[{"@type":"ListItem","position":1,"name":"Accueil","item":"https:\/\/www.webdo.tn\/fr\/"},{"@type":"ListItem","position":2,"name":"\u00ab\u00a0Amour et paix\u00a0\u00bb, un concert caritatif sign\u00e9 Lotfi Bouchnak"}]},{"@type":"WebSite","@id":"https:\/\/www.webdo.tn\/fr\/#website","url":"https:\/\/www.webdo.tn\/fr\/","name":"webdo","description":"Tunisie - News en Tunisie et \u00e0 l&#039;international sur Webdo.tn","publisher":{"@id":"https:\/\/www.webdo.tn\/fr\/#organization"},"potentialAction":[{"@type":"SearchAction","target":{"@type":"EntryPoint","urlTemplate":"https:\/\/www.webdo.tn\/fr\/?s={search_term_string}"},"query-input":{"@type":"PropertyValueSpecification","valueRequired":true,"valueName":"search_term_string"}}],"inLanguage":"fr-FR"},{"@type":"Organization","@id":"https:\/\/www.webdo.tn\/fr\/#organization","name":"Webdo","alternateName":"Webdo.tn","url":"https:\/\/www.webdo.tn\/fr\/","logo":{"@type":"ImageObject","inLanguage":"fr-FR","@id":"https:\/\/www.webdo.tn\/fr\/#\/schema\/logo\/image\/","url":"https:\/\/www.webdo.tn\/fr\/wp-content\/uploads\/2025\/06\/Webdo-Tunisie_168377.jpg","contentUrl":"https:\/\/www.webdo.tn\/fr\/wp-content\/uploads\/2025\/06\/Webdo-Tunisie_168377.jpg","width":301,"height":301,"caption":"Webdo"},"image":{"@id":"https:\/\/www.webdo.tn\/fr\/#\/schema\/logo\/image\/"},"sameAs":["https:\/\/www.facebook.com\/webdotn","https:\/\/x.com\/webdo_tn"],"description":"Webdo est un m\u00e9dia num\u00e9rique tunisien fond\u00e9 en 2010, sp\u00e9cialis\u00e9 dans l\u2019actualit\u00e9 nationale et internationale, l\u2019\u00e9conomie, la soci\u00e9t\u00e9 et les analyses politiques. Le site s\u2019adresse \u00e0 un large public francophone et couvre l\u2019information tunisienne en temps r\u00e9el.","email":"redac@webdo.tn","legalName":"YNJ SARL","foundingDate":"2010-09-06","numberOfEmployees":{"@type":"QuantitativeValue","minValue":"11","maxValue":"50"}},{"@type":"Person","@id":"https:\/\/www.webdo.tn\/fr\/#\/schema\/person\/2c4929cbf5a809e3bd38617c6ce150f6","name":"MC","image":{"@type":"ImageObject","inLanguage":"fr-FR","@id":"https:\/\/secure.gravatar.com\/avatar\/a545bbb6f84efdd5553dbbc2895e3ca8f1d12c5215e00a041c9670b54aa9b18a?s=96&d=mm&r=g","url":"https:\/\/secure.gravatar.com\/avatar\/a545bbb6f84efdd5553dbbc2895e3ca8f1d12c5215e00a041c9670b54aa9b18a?s=96&d=mm&r=g","contentUrl":"https:\/\/secure.gravatar.com\/avatar\/a545bbb6f84efdd5553dbbc2895e3ca8f1d12c5215e00a041c9670b54aa9b18a?s=96&d=mm&r=g","caption":"MC"},"url":"https:\/\/www.webdo.tn\/fr\/actualite\/author\/mc\/"}]}},"_links":{"self":[{"href":"https:\/\/www.webdo.tn\/fr\/wp-json\/wp\/v2\/posts\/201456","targetHints":{"allow":["GET"]}}],"collection":[{"href":"https:\/\/www.webdo.tn\/fr\/wp-json\/wp\/v2\/posts"}],"about":[{"href":"https:\/\/www.webdo.tn\/fr\/wp-json\/wp\/v2\/types\/post"}],"author":[{"embeddable":true,"href":"https:\/\/www.webdo.tn\/fr\/wp-json\/wp\/v2\/users\/3162"}],"replies":[{"embeddable":true,"href":"https:\/\/www.webdo.tn\/fr\/wp-json\/wp\/v2\/comments?post=201456"}],"version-history":[{"count":0,"href":"https:\/\/www.webdo.tn\/fr\/wp-json\/wp\/v2\/posts\/201456\/revisions"}],"wp:featuredmedia":[{"embeddable":true,"href":"https:\/\/www.webdo.tn\/fr\/wp-json\/wp\/v2\/media\/348333"}],"wp:attachment":[{"href":"https:\/\/www.webdo.tn\/fr\/wp-json\/wp\/v2\/media?parent=201456"}],"wp:term":[{"taxonomy":"category","embeddable":true,"href":"https:\/\/www.webdo.tn\/fr\/wp-json\/wp\/v2\/categories?post=201456"},{"taxonomy":"post_tag","embeddable":true,"href":"https:\/\/www.webdo.tn\/fr\/wp-json\/wp\/v2\/tags?post=201456"}],"curies":[{"name":"wp","href":"https:\/\/api.w.org\/{rel}","templated":true}]}}