{"id":201452,"date":"2023-01-03T14:57:00","date_gmt":"2023-01-03T14:57:00","guid":{"rendered":"https:\/\/www.webdo.tn\/fr\/actualite\/blog\/samir-saied-une-nette-hausse-des-prix-des-produits-de-base-en-2023\/201452\/"},"modified":"2025-05-22T11:39:11","modified_gmt":"2025-05-22T11:39:11","slug":"samir-saied-une-nette-hausse-des-prix-des-produits-de-base-en-2023","status":"publish","type":"post","link":"https:\/\/www.webdo.tn\/fr\/actualite\/national\/samir-saied-une-nette-hausse-des-prix-des-produits-de-base-en-2023\/201452\/","title":{"rendered":"Samir Saied : \u00ab Une nette hausse des prix des produits de base en 2023 \u00bb"},"content":{"rendered":"<p>Un ensemble de mesures ont \u00e9t\u00e9 mises en place pour booster l&rsquo;\u00e9conomie nationale, identifier des solutions aux projets publics et priv\u00e9s bloqu\u00e9s et acc\u00e9l\u00e9rer le rythme de production, a affirm\u00e9 le ministre de l&rsquo;\u00e9conomie et de la planification Samir Saied.<\/p>\n<p>Intervenant mardi, lors d&rsquo;une conf\u00e9rence de presse tenue mardi \u00e0 la cit\u00e9 de la culture \u00e0 Tunis pour pr\u00e9senter le plan de d\u00e9veloppement 2023\/2025 en pr\u00e9sence de tous les membres du gouvernement, il a \u00e9galement soulign\u00e9 l&rsquo;imp\u00e9ratif de trouver des solutions au probl\u00e8me du transport des phosphates et l&rsquo;impulsion du secteur du tourisme en plus de mettre en place un ensemble de proc\u00e9dures et d&rsquo;initiatives permettant de cr\u00e9er des conditions propices \u00e0 la reprise de la croissance tout en am\u00e9liorant le climat d&rsquo;affaires.<\/p>\n<p>En ce qui concerne les investissements publics, le ministre a indiqu\u00e9 qu&rsquo;une enveloppe d&rsquo;environ 24 milliards de dinars a \u00e9t\u00e9 allou\u00e9e, estimant, toutefois que ce montant demeure insuffisant.<\/p>\n<p>Le ministre a fait savoir que l&rsquo;accord qui sera conclu entre la Tunisie et le Fonds mon\u00e9taire international (FMI) devra permettre au pays d&rsquo;acc\u00e9der \u00e0 des sources de financement \u00e0 l&rsquo;\u00e9chelle internationale en vue de cr\u00e9er des projets de d\u00e9veloppement lesquels (projets) permettront de garantir la relance de l&rsquo;\u00e9conomie nationale.<\/p>\n<p>Et de poursuivre que l&rsquo;ann\u00e9e 2023 enregistrera une nette hausse des prix des produits de base et p\u00e9troliers, \u00e0 cause de la conjoncture internationale difficile notamment, l&rsquo;absence de toutes perspectives de r\u00e9soudre la crise Russo-ukrainienne.<\/p>\n","protected":false},"excerpt":{"rendered":"<p>Un ensemble de mesures ont \u00e9t\u00e9 mises en place pour booster l&rsquo;\u00e9conomie nationale, identifier des solutions aux projets publics et priv\u00e9s bloqu\u00e9s et acc\u00e9l\u00e9rer le&#8230;<\/p>\n","protected":false},"author":3175,"featured_media":348335,"comment_status":"open","ping_status":"closed","sticky":false,"template":"","format":"standard","meta":{"footnotes":""},"categories":[44],"tags":[2609,7731,2608],"class_list":["post-201452","post","type-post","status-publish","format-standard","has-post-thumbnail","hentry","category-national","tag-prix","tag-produits-de-base","tag-tunisie"],"yoast_head":"<!-- This site is optimized with the Yoast SEO Premium plugin v27.4 (Yoast SEO v27.5) - https:\/\/yoast.com\/product\/yoast-seo-premium-wordpress\/ -->\n<title>Samir Saied : \u00ab Une nette hausse des prix des produits de base en 2023 \u00bb<\/title>\n<meta name=\"description\" content=\"Un ensemble de mesures ont \u00e9t\u00e9 mises en place pour booster l&#039;\u00e9conomie nationale, identifier des solutions aux projets publics et priv\u00e9s bloqu\u00e9s et acc\u00e9l\u00e9rer le...\" \/>\n<link rel=\"canonical\" href=\"https:\/\/www.webdo.tn\/fr\/actualite\/national-45\/samir-saied-une-nette-hausse-des-prix-des-produits-de-base-en-2023\/201452\/\" \/>\n<meta property=\"og:locale\" content=\"fr_FR\" \/>\n<meta property=\"og:type\" content=\"article\" \/>\n<meta property=\"og:title\" content=\"Samir Saied : \u00ab Une nette hausse des prix des produits de base en 2023 \u00bb\" \/>\n<meta property=\"og:description\" content=\"Un ensemble de mesures ont \u00e9t\u00e9 mises en place pour booster l&#039;\u00e9conomie nationale, identifier des solutions aux projets publics et priv\u00e9s bloqu\u00e9s et acc\u00e9l\u00e9rer le...\" \/>\n<meta property=\"og:url\" content=\"https:\/\/www.webdo.tn\/fr\/actualite\/national-45\/samir-saied-une-nette-hausse-des-prix-des-produits-de-base-en-2023\/201452\/\" \/>\n<meta property=\"og:site_name\" content=\"webdo\" \/>\n<meta property=\"article:publisher\" content=\"https:\/\/www.facebook.com\/webdotn\" \/>\n<meta property=\"article:published_time\" content=\"2023-01-03T14:57:00+00:00\" \/>\n<meta property=\"article:modified_time\" content=\"2025-05-22T11:39:11+00:00\" \/>\n<meta property=\"og:image\" content=\"https:\/\/www.webdo.tn\/fr\/wp-content\/uploads\/2023\/01\/9cd4900a408e200074377867dda25213.png\" \/>\n\t<meta property=\"og:image:width\" content=\"750\" \/>\n\t<meta property=\"og:image:height\" content=\"400\" \/>\n\t<meta property=\"og:image:type\" content=\"image\/png\" \/>\n<meta name=\"author\" content=\"CL\" \/>\n<meta name=\"twitter:card\" content=\"summary_large_image\" \/>\n<meta name=\"twitter:creator\" content=\"@webdo_tn\" \/>\n<meta name=\"twitter:site\" content=\"@webdo_tn\" \/>\n<meta name=\"twitter:label1\" content=\"\u00c9crit par\" \/>\n\t<meta name=\"twitter:data1\" content=\"CL\" \/>\n\t<meta name=\"twitter:label2\" content=\"Dur\u00e9e de lecture estim\u00e9e\" \/>\n\t<meta name=\"twitter:data2\" content=\"1 minute\" \/>\n<script type=\"application\/ld+json\" class=\"yoast-schema-graph\">{\"@context\":\"https:\\\/\\\/schema.org\",\"@graph\":[{\"@type\":\"NewsArticle\",\"@id\":\"https:\\\/\\\/www.webdo.tn\\\/fr\\\/actualite\\\/national-45\\\/samir-saied-une-nette-hausse-des-prix-des-produits-de-base-en-2023\\\/201452\\\/#article\",\"isPartOf\":{\"@id\":\"https:\\\/\\\/www.webdo.tn\\\/fr\\\/actualite\\\/national-45\\\/samir-saied-une-nette-hausse-des-prix-des-produits-de-base-en-2023\\\/201452\\\/\"},\"author\":{\"name\":\"CL\",\"@id\":\"https:\\\/\\\/www.webdo.tn\\\/fr\\\/#\\\/schema\\\/person\\\/f35b42a42c5e2511bbd282959d6385cc\"},\"headline\":\"Samir Saied : \u00ab Une nette hausse des prix des produits de base en 2023 \u00bb\",\"datePublished\":\"2023-01-03T14:57:00+00:00\",\"dateModified\":\"2025-05-22T11:39:11+00:00\",\"mainEntityOfPage\":{\"@id\":\"https:\\\/\\\/www.webdo.tn\\\/fr\\\/actualite\\\/national-45\\\/samir-saied-une-nette-hausse-des-prix-des-produits-de-base-en-2023\\\/201452\\\/\"},\"wordCount\":275,\"commentCount\":0,\"publisher\":{\"@id\":\"https:\\\/\\\/www.webdo.tn\\\/fr\\\/#organization\"},\"image\":{\"@id\":\"https:\\\/\\\/www.webdo.tn\\\/fr\\\/actualite\\\/national-45\\\/samir-saied-une-nette-hausse-des-prix-des-produits-de-base-en-2023\\\/201452\\\/#primaryimage\"},\"thumbnailUrl\":\"https:\\\/\\\/www.webdo.tn\\\/fr\\\/wp-content\\\/uploads\\\/2023\\\/01\\\/9cd4900a408e200074377867dda25213.png\",\"keywords\":[\"prix\",\"produits de base\",\"Tunisie\"],\"articleSection\":[\"National\"],\"inLanguage\":\"fr-FR\"},{\"@type\":\"WebPage\",\"@id\":\"https:\\\/\\\/www.webdo.tn\\\/fr\\\/actualite\\\/national-45\\\/samir-saied-une-nette-hausse-des-prix-des-produits-de-base-en-2023\\\/201452\\\/\",\"url\":\"https:\\\/\\\/www.webdo.tn\\\/fr\\\/actualite\\\/national-45\\\/samir-saied-une-nette-hausse-des-prix-des-produits-de-base-en-2023\\\/201452\\\/\",\"name\":\"Samir Saied : \u00ab Une nette hausse des prix des produits de base en 2023 \u00bb\",\"isPartOf\":{\"@id\":\"https:\\\/\\\/www.webdo.tn\\\/fr\\\/#website\"},\"primaryImageOfPage\":{\"@id\":\"https:\\\/\\\/www.webdo.tn\\\/fr\\\/actualite\\\/national-45\\\/samir-saied-une-nette-hausse-des-prix-des-produits-de-base-en-2023\\\/201452\\\/#primaryimage\"},\"image\":{\"@id\":\"https:\\\/\\\/www.webdo.tn\\\/fr\\\/actualite\\\/national-45\\\/samir-saied-une-nette-hausse-des-prix-des-produits-de-base-en-2023\\\/201452\\\/#primaryimage\"},\"thumbnailUrl\":\"https:\\\/\\\/www.webdo.tn\\\/fr\\\/wp-content\\\/uploads\\\/2023\\\/01\\\/9cd4900a408e200074377867dda25213.png\",\"datePublished\":\"2023-01-03T14:57:00+00:00\",\"dateModified\":\"2025-05-22T11:39:11+00:00\",\"description\":\"Un ensemble de mesures ont \u00e9t\u00e9 mises en place pour booster l'\u00e9conomie nationale, identifier des solutions aux projets publics et priv\u00e9s bloqu\u00e9s et acc\u00e9l\u00e9rer le...\",\"breadcrumb\":{\"@id\":\"https:\\\/\\\/www.webdo.tn\\\/fr\\\/actualite\\\/national-45\\\/samir-saied-une-nette-hausse-des-prix-des-produits-de-base-en-2023\\\/201452\\\/#breadcrumb\"},\"inLanguage\":\"fr-FR\",\"potentialAction\":[{\"@type\":\"ReadAction\",\"target\":[\"https:\\\/\\\/www.webdo.tn\\\/fr\\\/actualite\\\/national-45\\\/samir-saied-une-nette-hausse-des-prix-des-produits-de-base-en-2023\\\/201452\\\/\"]}]},{\"@type\":\"ImageObject\",\"inLanguage\":\"fr-FR\",\"@id\":\"https:\\\/\\\/www.webdo.tn\\\/fr\\\/actualite\\\/national-45\\\/samir-saied-une-nette-hausse-des-prix-des-produits-de-base-en-2023\\\/201452\\\/#primaryimage\",\"url\":\"https:\\\/\\\/www.webdo.tn\\\/fr\\\/wp-content\\\/uploads\\\/2023\\\/01\\\/9cd4900a408e200074377867dda25213.png\",\"contentUrl\":\"https:\\\/\\\/www.webdo.tn\\\/fr\\\/wp-content\\\/uploads\\\/2023\\\/01\\\/9cd4900a408e200074377867dda25213.png\",\"width\":750,\"height\":400,\"caption\":\"inflation\"},{\"@type\":\"BreadcrumbList\",\"@id\":\"https:\\\/\\\/www.webdo.tn\\\/fr\\\/actualite\\\/national-45\\\/samir-saied-une-nette-hausse-des-prix-des-produits-de-base-en-2023\\\/201452\\\/#breadcrumb\",\"itemListElement\":[{\"@type\":\"ListItem\",\"position\":1,\"name\":\"Accueil\",\"item\":\"https:\\\/\\\/www.webdo.tn\\\/fr\\\/\"},{\"@type\":\"ListItem\",\"position\":2,\"name\":\"Samir Saied : \u00ab Une nette hausse des prix des produits de base en 2023 \u00bb\"}]},{\"@type\":\"WebSite\",\"@id\":\"https:\\\/\\\/www.webdo.tn\\\/fr\\\/#website\",\"url\":\"https:\\\/\\\/www.webdo.tn\\\/fr\\\/\",\"name\":\"webdo\",\"description\":\"Tunisie - News en Tunisie et \u00e0 l&#039;international sur Webdo.tn\",\"publisher\":{\"@id\":\"https:\\\/\\\/www.webdo.tn\\\/fr\\\/#organization\"},\"potentialAction\":[{\"@type\":\"SearchAction\",\"target\":{\"@type\":\"EntryPoint\",\"urlTemplate\":\"https:\\\/\\\/www.webdo.tn\\\/fr\\\/?s={search_term_string}\"},\"query-input\":{\"@type\":\"PropertyValueSpecification\",\"valueRequired\":true,\"valueName\":\"search_term_string\"}}],\"inLanguage\":\"fr-FR\"},{\"@type\":\"Organization\",\"@id\":\"https:\\\/\\\/www.webdo.tn\\\/fr\\\/#organization\",\"name\":\"Webdo\",\"alternateName\":\"Webdo.tn\",\"url\":\"https:\\\/\\\/www.webdo.tn\\\/fr\\\/\",\"logo\":{\"@type\":\"ImageObject\",\"inLanguage\":\"fr-FR\",\"@id\":\"https:\\\/\\\/www.webdo.tn\\\/fr\\\/#\\\/schema\\\/logo\\\/image\\\/\",\"url\":\"https:\\\/\\\/www.webdo.tn\\\/fr\\\/wp-content\\\/uploads\\\/2025\\\/06\\\/Webdo-Tunisie_168377.jpg\",\"contentUrl\":\"https:\\\/\\\/www.webdo.tn\\\/fr\\\/wp-content\\\/uploads\\\/2025\\\/06\\\/Webdo-Tunisie_168377.jpg\",\"width\":301,\"height\":301,\"caption\":\"Webdo\"},\"image\":{\"@id\":\"https:\\\/\\\/www.webdo.tn\\\/fr\\\/#\\\/schema\\\/logo\\\/image\\\/\"},\"sameAs\":[\"https:\\\/\\\/www.facebook.com\\\/webdotn\",\"https:\\\/\\\/x.com\\\/webdo_tn\"],\"description\":\"Webdo est un m\u00e9dia num\u00e9rique tunisien fond\u00e9 en 2010, sp\u00e9cialis\u00e9 dans l\u2019actualit\u00e9 nationale et internationale, l\u2019\u00e9conomie, la soci\u00e9t\u00e9 et les analyses politiques. Le site s\u2019adresse \u00e0 un large public francophone et couvre l\u2019information tunisienne en temps r\u00e9el.\",\"email\":\"redac@webdo.tn\",\"legalName\":\"YNJ SARL\",\"foundingDate\":\"2010-09-06\",\"numberOfEmployees\":{\"@type\":\"QuantitativeValue\",\"minValue\":\"11\",\"maxValue\":\"50\"}},{\"@type\":\"Person\",\"@id\":\"https:\\\/\\\/www.webdo.tn\\\/fr\\\/#\\\/schema\\\/person\\\/f35b42a42c5e2511bbd282959d6385cc\",\"name\":\"CL\",\"image\":{\"@type\":\"ImageObject\",\"inLanguage\":\"fr-FR\",\"@id\":\"https:\\\/\\\/secure.gravatar.com\\\/avatar\\\/1447a49909b67aa657c488aec6512e1dd6143a480c1ecfee9b5b5cd74eb3b59e?s=96&d=mm&r=g\",\"url\":\"https:\\\/\\\/secure.gravatar.com\\\/avatar\\\/1447a49909b67aa657c488aec6512e1dd6143a480c1ecfee9b5b5cd74eb3b59e?s=96&d=mm&r=g\",\"contentUrl\":\"https:\\\/\\\/secure.gravatar.com\\\/avatar\\\/1447a49909b67aa657c488aec6512e1dd6143a480c1ecfee9b5b5cd74eb3b59e?s=96&d=mm&r=g\",\"caption\":\"CL\"},\"url\":\"https:\\\/\\\/www.webdo.tn\\\/fr\\\/actualite\\\/author\\\/cl\\\/\"}]}<\/script>\n<!-- \/ Yoast SEO Premium plugin. -->","yoast_head_json":{"title":"Samir Saied : \u00ab Une nette hausse des prix des produits de base en 2023 \u00bb","description":"Un ensemble de mesures ont \u00e9t\u00e9 mises en place pour booster l'\u00e9conomie nationale, identifier des solutions aux projets publics et priv\u00e9s bloqu\u00e9s et acc\u00e9l\u00e9rer le...","canonical":"https:\/\/www.webdo.tn\/fr\/actualite\/national-45\/samir-saied-une-nette-hausse-des-prix-des-produits-de-base-en-2023\/201452\/","og_locale":"fr_FR","og_type":"article","og_title":"Samir Saied : \u00ab Une nette hausse des prix des produits de base en 2023 \u00bb","og_description":"Un ensemble de mesures ont \u00e9t\u00e9 mises en place pour booster l'\u00e9conomie nationale, identifier des solutions aux projets publics et priv\u00e9s bloqu\u00e9s et acc\u00e9l\u00e9rer le...","og_url":"https:\/\/www.webdo.tn\/fr\/actualite\/national-45\/samir-saied-une-nette-hausse-des-prix-des-produits-de-base-en-2023\/201452\/","og_site_name":"webdo","article_publisher":"https:\/\/www.facebook.com\/webdotn","article_published_time":"2023-01-03T14:57:00+00:00","article_modified_time":"2025-05-22T11:39:11+00:00","og_image":[{"width":750,"height":400,"url":"https:\/\/www.webdo.tn\/fr\/wp-content\/uploads\/2023\/01\/9cd4900a408e200074377867dda25213.png","type":"image\/png"}],"author":"CL","twitter_card":"summary_large_image","twitter_creator":"@webdo_tn","twitter_site":"@webdo_tn","twitter_misc":{"\u00c9crit par":"CL","Dur\u00e9e de lecture estim\u00e9e":"1 minute"},"schema":{"@context":"https:\/\/schema.org","@graph":[{"@type":"NewsArticle","@id":"https:\/\/www.webdo.tn\/fr\/actualite\/national-45\/samir-saied-une-nette-hausse-des-prix-des-produits-de-base-en-2023\/201452\/#article","isPartOf":{"@id":"https:\/\/www.webdo.tn\/fr\/actualite\/national-45\/samir-saied-une-nette-hausse-des-prix-des-produits-de-base-en-2023\/201452\/"},"author":{"name":"CL","@id":"https:\/\/www.webdo.tn\/fr\/#\/schema\/person\/f35b42a42c5e2511bbd282959d6385cc"},"headline":"Samir Saied : \u00ab Une nette hausse des prix des produits de base en 2023 \u00bb","datePublished":"2023-01-03T14:57:00+00:00","dateModified":"2025-05-22T11:39:11+00:00","mainEntityOfPage":{"@id":"https:\/\/www.webdo.tn\/fr\/actualite\/national-45\/samir-saied-une-nette-hausse-des-prix-des-produits-de-base-en-2023\/201452\/"},"wordCount":275,"commentCount":0,"publisher":{"@id":"https:\/\/www.webdo.tn\/fr\/#organization"},"image":{"@id":"https:\/\/www.webdo.tn\/fr\/actualite\/national-45\/samir-saied-une-nette-hausse-des-prix-des-produits-de-base-en-2023\/201452\/#primaryimage"},"thumbnailUrl":"https:\/\/www.webdo.tn\/fr\/wp-content\/uploads\/2023\/01\/9cd4900a408e200074377867dda25213.png","keywords":["prix","produits de base","Tunisie"],"articleSection":["National"],"inLanguage":"fr-FR"},{"@type":"WebPage","@id":"https:\/\/www.webdo.tn\/fr\/actualite\/national-45\/samir-saied-une-nette-hausse-des-prix-des-produits-de-base-en-2023\/201452\/","url":"https:\/\/www.webdo.tn\/fr\/actualite\/national-45\/samir-saied-une-nette-hausse-des-prix-des-produits-de-base-en-2023\/201452\/","name":"Samir Saied : \u00ab Une nette hausse des prix des produits de base en 2023 \u00bb","isPartOf":{"@id":"https:\/\/www.webdo.tn\/fr\/#website"},"primaryImageOfPage":{"@id":"https:\/\/www.webdo.tn\/fr\/actualite\/national-45\/samir-saied-une-nette-hausse-des-prix-des-produits-de-base-en-2023\/201452\/#primaryimage"},"image":{"@id":"https:\/\/www.webdo.tn\/fr\/actualite\/national-45\/samir-saied-une-nette-hausse-des-prix-des-produits-de-base-en-2023\/201452\/#primaryimage"},"thumbnailUrl":"https:\/\/www.webdo.tn\/fr\/wp-content\/uploads\/2023\/01\/9cd4900a408e200074377867dda25213.png","datePublished":"2023-01-03T14:57:00+00:00","dateModified":"2025-05-22T11:39:11+00:00","description":"Un ensemble de mesures ont \u00e9t\u00e9 mises en place pour booster l'\u00e9conomie nationale, identifier des solutions aux projets publics et priv\u00e9s bloqu\u00e9s et acc\u00e9l\u00e9rer le...","breadcrumb":{"@id":"https:\/\/www.webdo.tn\/fr\/actualite\/national-45\/samir-saied-une-nette-hausse-des-prix-des-produits-de-base-en-2023\/201452\/#breadcrumb"},"inLanguage":"fr-FR","potentialAction":[{"@type":"ReadAction","target":["https:\/\/www.webdo.tn\/fr\/actualite\/national-45\/samir-saied-une-nette-hausse-des-prix-des-produits-de-base-en-2023\/201452\/"]}]},{"@type":"ImageObject","inLanguage":"fr-FR","@id":"https:\/\/www.webdo.tn\/fr\/actualite\/national-45\/samir-saied-une-nette-hausse-des-prix-des-produits-de-base-en-2023\/201452\/#primaryimage","url":"https:\/\/www.webdo.tn\/fr\/wp-content\/uploads\/2023\/01\/9cd4900a408e200074377867dda25213.png","contentUrl":"https:\/\/www.webdo.tn\/fr\/wp-content\/uploads\/2023\/01\/9cd4900a408e200074377867dda25213.png","width":750,"height":400,"caption":"inflation"},{"@type":"BreadcrumbList","@id":"https:\/\/www.webdo.tn\/fr\/actualite\/national-45\/samir-saied-une-nette-hausse-des-prix-des-produits-de-base-en-2023\/201452\/#breadcrumb","itemListElement":[{"@type":"ListItem","position":1,"name":"Accueil","item":"https:\/\/www.webdo.tn\/fr\/"},{"@type":"ListItem","position":2,"name":"Samir Saied : \u00ab Une nette hausse des prix des produits de base en 2023 \u00bb"}]},{"@type":"WebSite","@id":"https:\/\/www.webdo.tn\/fr\/#website","url":"https:\/\/www.webdo.tn\/fr\/","name":"webdo","description":"Tunisie - News en Tunisie et \u00e0 l&#039;international sur Webdo.tn","publisher":{"@id":"https:\/\/www.webdo.tn\/fr\/#organization"},"potentialAction":[{"@type":"SearchAction","target":{"@type":"EntryPoint","urlTemplate":"https:\/\/www.webdo.tn\/fr\/?s={search_term_string}"},"query-input":{"@type":"PropertyValueSpecification","valueRequired":true,"valueName":"search_term_string"}}],"inLanguage":"fr-FR"},{"@type":"Organization","@id":"https:\/\/www.webdo.tn\/fr\/#organization","name":"Webdo","alternateName":"Webdo.tn","url":"https:\/\/www.webdo.tn\/fr\/","logo":{"@type":"ImageObject","inLanguage":"fr-FR","@id":"https:\/\/www.webdo.tn\/fr\/#\/schema\/logo\/image\/","url":"https:\/\/www.webdo.tn\/fr\/wp-content\/uploads\/2025\/06\/Webdo-Tunisie_168377.jpg","contentUrl":"https:\/\/www.webdo.tn\/fr\/wp-content\/uploads\/2025\/06\/Webdo-Tunisie_168377.jpg","width":301,"height":301,"caption":"Webdo"},"image":{"@id":"https:\/\/www.webdo.tn\/fr\/#\/schema\/logo\/image\/"},"sameAs":["https:\/\/www.facebook.com\/webdotn","https:\/\/x.com\/webdo_tn"],"description":"Webdo est un m\u00e9dia num\u00e9rique tunisien fond\u00e9 en 2010, sp\u00e9cialis\u00e9 dans l\u2019actualit\u00e9 nationale et internationale, l\u2019\u00e9conomie, la soci\u00e9t\u00e9 et les analyses politiques. Le site s\u2019adresse \u00e0 un large public francophone et couvre l\u2019information tunisienne en temps r\u00e9el.","email":"redac@webdo.tn","legalName":"YNJ SARL","foundingDate":"2010-09-06","numberOfEmployees":{"@type":"QuantitativeValue","minValue":"11","maxValue":"50"}},{"@type":"Person","@id":"https:\/\/www.webdo.tn\/fr\/#\/schema\/person\/f35b42a42c5e2511bbd282959d6385cc","name":"CL","image":{"@type":"ImageObject","inLanguage":"fr-FR","@id":"https:\/\/secure.gravatar.com\/avatar\/1447a49909b67aa657c488aec6512e1dd6143a480c1ecfee9b5b5cd74eb3b59e?s=96&d=mm&r=g","url":"https:\/\/secure.gravatar.com\/avatar\/1447a49909b67aa657c488aec6512e1dd6143a480c1ecfee9b5b5cd74eb3b59e?s=96&d=mm&r=g","contentUrl":"https:\/\/secure.gravatar.com\/avatar\/1447a49909b67aa657c488aec6512e1dd6143a480c1ecfee9b5b5cd74eb3b59e?s=96&d=mm&r=g","caption":"CL"},"url":"https:\/\/www.webdo.tn\/fr\/actualite\/author\/cl\/"}]}},"_links":{"self":[{"href":"https:\/\/www.webdo.tn\/fr\/wp-json\/wp\/v2\/posts\/201452","targetHints":{"allow":["GET"]}}],"collection":[{"href":"https:\/\/www.webdo.tn\/fr\/wp-json\/wp\/v2\/posts"}],"about":[{"href":"https:\/\/www.webdo.tn\/fr\/wp-json\/wp\/v2\/types\/post"}],"author":[{"embeddable":true,"href":"https:\/\/www.webdo.tn\/fr\/wp-json\/wp\/v2\/users\/3175"}],"replies":[{"embeddable":true,"href":"https:\/\/www.webdo.tn\/fr\/wp-json\/wp\/v2\/comments?post=201452"}],"version-history":[{"count":0,"href":"https:\/\/www.webdo.tn\/fr\/wp-json\/wp\/v2\/posts\/201452\/revisions"}],"wp:featuredmedia":[{"embeddable":true,"href":"https:\/\/www.webdo.tn\/fr\/wp-json\/wp\/v2\/media\/348335"}],"wp:attachment":[{"href":"https:\/\/www.webdo.tn\/fr\/wp-json\/wp\/v2\/media?parent=201452"}],"wp:term":[{"taxonomy":"category","embeddable":true,"href":"https:\/\/www.webdo.tn\/fr\/wp-json\/wp\/v2\/categories?post=201452"},{"taxonomy":"post_tag","embeddable":true,"href":"https:\/\/www.webdo.tn\/fr\/wp-json\/wp\/v2\/tags?post=201452"}],"curies":[{"name":"wp","href":"https:\/\/api.w.org\/{rel}","templated":true}]}}