{"id":201436,"date":"2023-01-03T09:50:00","date_gmt":"2023-01-03T09:50:00","guid":{"rendered":"https:\/\/www.webdo.tn\/fr\/blog\/tunisie-le-stock-strategique-de-lait-epuise\/201436\/"},"modified":"2025-05-20T22:03:35","modified_gmt":"2025-05-20T22:03:35","slug":"tunisie-le-stock-strategique-de-lait-epuise","status":"publish","type":"post","link":"https:\/\/www.webdo.tn\/fr\/actualite\/national\/tunisie-le-stock-strategique-de-lait-epuise\/201436\/","title":{"rendered":"Tunisie : Le stock strat\u00e9gique de lait \u00e9puis\u00e9"},"content":{"rendered":"<p>La sonnette d\u2019alarme avait \u00e9t\u00e9 tir\u00e9e il y a plusieurs semaines lorsque les professionnels du secteur avaient mis en garde contre l\u2019aggravation de la crise du lait. Le stock strat\u00e9gique de lait est d\u00e9sormais \u00e9puis\u00e9 !<\/p>\n<p>\t\t\t\t\t\t\t\t\tC\u2019est ce qu\u2019a r\u00e9v\u00e9l\u00e9, ce mardi 3 janvier 2023 sur les ondes de Shems fm, le pr\u00e9sident du Syndicat des agriculteurs, Midani Dhaoui, soulignant que la crise du lait s\u2019aggrave de jour en jour, surtout apr\u00e8s l&rsquo;augmentation des prix des aliments destin\u00e9s au b\u00e9tail \u00e0 150 dinars en trois semaines.<\/p>\n<p>Il a ajout\u00e9 que la production quotidienne de lait est de 1,3 million de litres alors que la consommation s\u2019\u00e9l\u00e8ve \u00e0 1,8 million de litres par jour, soit une diminution quotidienne d&rsquo;environ 500.000 litres.<\/p>\n<p>Le 12 d\u00e9cembre dernier, le responsable au sein de l\u2019UTAP, Imam Bargougui avait d\u00e9j\u00e0 averti que la crise du lait allait s\u2019aggraver dans les jours \u00e0 venir, pr\u00e9cisant que le stock strat\u00e9gique du lait ne couvrait que six jours de consommation et mettant en garde contre l\u2019effondrement de tout le syst\u00e8me de production.<\/p>\n<p>L&rsquo;UTAP avait \u00e9galement appel\u00e9 \u00e0 une augmentation imm\u00e9diate du prix du litre de lait d&rsquo;au moins 600 millimes\/ le litre.<\/p>\n<p>De son c\u00f4t\u00e9, le pr\u00e9sident de la Chambre Syndicale Nationale des Collecteurs de lait, Hamda Aifi, avait r\u00e9v\u00e9l\u00e9 le 16 d\u00e9cembre dernier, que \u00ab\u00a0le stock de r\u00e9serve strat\u00e9gique a atteint environ 5 millions de litres, contre 40 millions de litres, au cours de la m\u00eame p\u00e9riode de 2021\u00a0\u00bb.<\/p>\n<p>Il a expliqu\u00e9, par ailleurs, que la baisse de production est principalement due \u00e0 l\u2019augmentation des prix des fourrages et que face \u00e0 cette situation les \u00e9leveurs se sont trouv\u00e9s contraints de c\u00e9der leur b\u00e9tail.<\/p>\n","protected":false},"excerpt":{"rendered":"<p>La sonnette d\u2019alarme avait \u00e9t\u00e9 tir\u00e9e il y a plusieurs semaines lorsque les professionnels du secteur avaient mis en garde contre l\u2019aggravation de la crise du la&#8230;<\/p>\n","protected":false},"author":3162,"featured_media":252660,"comment_status":"open","ping_status":"closed","sticky":false,"template":"","format":"standard","meta":{"footnotes":""},"categories":[44],"tags":[3343,5618,5739],"class_list":["post-201436","post","type-post","status-publish","format-standard","has-post-thumbnail","hentry","category-national","tag-crise","tag-lait","tag-stock"],"yoast_head":"<!-- This site is optimized with the Yoast SEO Premium plugin v27.5 (Yoast SEO v27.5) - https:\/\/yoast.com\/product\/yoast-seo-premium-wordpress\/ -->\n<title>Tunisie : Le stock strat\u00e9gique de lait \u00e9puis\u00e9<\/title>\n<meta name=\"description\" content=\"La sonnette d\u2019alarme avait \u00e9t\u00e9 tir\u00e9e il y a plusieurs semaines lorsque les professionnels du secteur avaient mis en garde contre l\u2019aggravation de la crise du la...\" \/>\n<link rel=\"canonical\" href=\"https:\/\/www.webdo.tn\/fr\/actualite\/national\/tunisie-le-stock-strategique-de-lait-epuise\/201436\/\" \/>\n<meta property=\"og:locale\" content=\"fr_FR\" \/>\n<meta property=\"og:type\" content=\"article\" \/>\n<meta property=\"og:title\" content=\"Tunisie : Le stock strat\u00e9gique de lait \u00e9puis\u00e9\" \/>\n<meta property=\"og:description\" content=\"La sonnette d\u2019alarme avait \u00e9t\u00e9 tir\u00e9e il y a plusieurs semaines lorsque les professionnels du secteur avaient mis en garde contre l\u2019aggravation de la crise du la...\" \/>\n<meta property=\"og:url\" content=\"https:\/\/www.webdo.tn\/fr\/actualite\/national\/tunisie-le-stock-strategique-de-lait-epuise\/201436\/\" \/>\n<meta property=\"og:site_name\" content=\"webdo\" \/>\n<meta property=\"article:publisher\" content=\"https:\/\/www.facebook.com\/webdotn\" \/>\n<meta property=\"article:published_time\" content=\"2023-01-03T09:50:00+00:00\" \/>\n<meta property=\"article:modified_time\" content=\"2025-05-20T22:03:35+00:00\" \/>\n<meta property=\"og:image\" content=\"https:\/\/www.webdo.tn\/fr\/wp-content\/uploads\/2023\/01\/c510fb42184e40428ab36c57e2483032.jpg\" \/>\n\t<meta property=\"og:image:width\" content=\"750\" \/>\n\t<meta property=\"og:image:height\" content=\"400\" \/>\n\t<meta property=\"og:image:type\" content=\"image\/jpeg\" \/>\n<meta name=\"author\" content=\"MC\" \/>\n<meta name=\"twitter:card\" content=\"summary_large_image\" \/>\n<meta name=\"twitter:creator\" content=\"@webdo_tn\" \/>\n<meta name=\"twitter:site\" content=\"@webdo_tn\" \/>\n<meta name=\"twitter:label1\" content=\"\u00c9crit par\" \/>\n\t<meta name=\"twitter:data1\" content=\"MC\" \/>\n\t<meta name=\"twitter:label2\" content=\"Dur\u00e9e de lecture estim\u00e9e\" \/>\n\t<meta name=\"twitter:data2\" content=\"1 minute\" \/>\n<script type=\"application\/ld+json\" class=\"yoast-schema-graph\">{\"@context\":\"https:\\\/\\\/schema.org\",\"@graph\":[{\"@type\":\"NewsArticle\",\"@id\":\"https:\\\/\\\/www.webdo.tn\\\/fr\\\/actualite\\\/national\\\/tunisie-le-stock-strategique-de-lait-epuise\\\/201436\\\/#article\",\"isPartOf\":{\"@id\":\"https:\\\/\\\/www.webdo.tn\\\/fr\\\/actualite\\\/national\\\/tunisie-le-stock-strategique-de-lait-epuise\\\/201436\\\/\"},\"author\":{\"name\":\"MC\",\"@id\":\"https:\\\/\\\/www.webdo.tn\\\/fr\\\/#\\\/schema\\\/person\\\/2c4929cbf5a809e3bd38617c6ce150f6\"},\"headline\":\"Tunisie : Le stock strat\u00e9gique de lait \u00e9puis\u00e9\",\"datePublished\":\"2023-01-03T09:50:00+00:00\",\"dateModified\":\"2025-05-20T22:03:35+00:00\",\"mainEntityOfPage\":{\"@id\":\"https:\\\/\\\/www.webdo.tn\\\/fr\\\/actualite\\\/national\\\/tunisie-le-stock-strategique-de-lait-epuise\\\/201436\\\/\"},\"wordCount\":307,\"commentCount\":0,\"publisher\":{\"@id\":\"https:\\\/\\\/www.webdo.tn\\\/fr\\\/#organization\"},\"image\":{\"@id\":\"https:\\\/\\\/www.webdo.tn\\\/fr\\\/actualite\\\/national\\\/tunisie-le-stock-strategique-de-lait-epuise\\\/201436\\\/#primaryimage\"},\"thumbnailUrl\":\"https:\\\/\\\/www.webdo.tn\\\/fr\\\/wp-content\\\/uploads\\\/2023\\\/01\\\/c510fb42184e40428ab36c57e2483032.jpg\",\"keywords\":[\"crise\",\"Lait\",\"stock\"],\"articleSection\":[\"National\"],\"inLanguage\":\"fr-FR\"},{\"@type\":\"WebPage\",\"@id\":\"https:\\\/\\\/www.webdo.tn\\\/fr\\\/actualite\\\/national\\\/tunisie-le-stock-strategique-de-lait-epuise\\\/201436\\\/\",\"url\":\"https:\\\/\\\/www.webdo.tn\\\/fr\\\/actualite\\\/national\\\/tunisie-le-stock-strategique-de-lait-epuise\\\/201436\\\/\",\"name\":\"Tunisie : Le stock strat\u00e9gique de lait \u00e9puis\u00e9\",\"isPartOf\":{\"@id\":\"https:\\\/\\\/www.webdo.tn\\\/fr\\\/#website\"},\"primaryImageOfPage\":{\"@id\":\"https:\\\/\\\/www.webdo.tn\\\/fr\\\/actualite\\\/national\\\/tunisie-le-stock-strategique-de-lait-epuise\\\/201436\\\/#primaryimage\"},\"image\":{\"@id\":\"https:\\\/\\\/www.webdo.tn\\\/fr\\\/actualite\\\/national\\\/tunisie-le-stock-strategique-de-lait-epuise\\\/201436\\\/#primaryimage\"},\"thumbnailUrl\":\"https:\\\/\\\/www.webdo.tn\\\/fr\\\/wp-content\\\/uploads\\\/2023\\\/01\\\/c510fb42184e40428ab36c57e2483032.jpg\",\"datePublished\":\"2023-01-03T09:50:00+00:00\",\"dateModified\":\"2025-05-20T22:03:35+00:00\",\"description\":\"La sonnette d\u2019alarme avait \u00e9t\u00e9 tir\u00e9e il y a plusieurs semaines lorsque les professionnels du secteur avaient mis en garde contre l\u2019aggravation de la crise du la...\",\"breadcrumb\":{\"@id\":\"https:\\\/\\\/www.webdo.tn\\\/fr\\\/actualite\\\/national\\\/tunisie-le-stock-strategique-de-lait-epuise\\\/201436\\\/#breadcrumb\"},\"inLanguage\":\"fr-FR\",\"potentialAction\":[{\"@type\":\"ReadAction\",\"target\":[\"https:\\\/\\\/www.webdo.tn\\\/fr\\\/actualite\\\/national\\\/tunisie-le-stock-strategique-de-lait-epuise\\\/201436\\\/\"]}]},{\"@type\":\"ImageObject\",\"inLanguage\":\"fr-FR\",\"@id\":\"https:\\\/\\\/www.webdo.tn\\\/fr\\\/actualite\\\/national\\\/tunisie-le-stock-strategique-de-lait-epuise\\\/201436\\\/#primaryimage\",\"url\":\"https:\\\/\\\/www.webdo.tn\\\/fr\\\/wp-content\\\/uploads\\\/2023\\\/01\\\/c510fb42184e40428ab36c57e2483032.jpg\",\"contentUrl\":\"https:\\\/\\\/www.webdo.tn\\\/fr\\\/wp-content\\\/uploads\\\/2023\\\/01\\\/c510fb42184e40428ab36c57e2483032.jpg\",\"width\":750,\"height\":400,\"caption\":\"Tunisie : Le stock strat\u00e9gique de lait \u00e9puis\u00e9\"},{\"@type\":\"BreadcrumbList\",\"@id\":\"https:\\\/\\\/www.webdo.tn\\\/fr\\\/actualite\\\/national\\\/tunisie-le-stock-strategique-de-lait-epuise\\\/201436\\\/#breadcrumb\",\"itemListElement\":[{\"@type\":\"ListItem\",\"position\":1,\"name\":\"Accueil\",\"item\":\"https:\\\/\\\/www.webdo.tn\\\/fr\\\/\"},{\"@type\":\"ListItem\",\"position\":2,\"name\":\"Tunisie : Le stock strat\u00e9gique de lait \u00e9puis\u00e9\"}]},{\"@type\":\"WebSite\",\"@id\":\"https:\\\/\\\/www.webdo.tn\\\/fr\\\/#website\",\"url\":\"https:\\\/\\\/www.webdo.tn\\\/fr\\\/\",\"name\":\"webdo\",\"description\":\"Tunisie - News en Tunisie et \u00e0 l&#039;international sur Webdo.tn\",\"publisher\":{\"@id\":\"https:\\\/\\\/www.webdo.tn\\\/fr\\\/#organization\"},\"potentialAction\":[{\"@type\":\"SearchAction\",\"target\":{\"@type\":\"EntryPoint\",\"urlTemplate\":\"https:\\\/\\\/www.webdo.tn\\\/fr\\\/?s={search_term_string}\"},\"query-input\":{\"@type\":\"PropertyValueSpecification\",\"valueRequired\":true,\"valueName\":\"search_term_string\"}}],\"inLanguage\":\"fr-FR\"},{\"@type\":\"Organization\",\"@id\":\"https:\\\/\\\/www.webdo.tn\\\/fr\\\/#organization\",\"name\":\"Webdo\",\"alternateName\":\"Webdo.tn\",\"url\":\"https:\\\/\\\/www.webdo.tn\\\/fr\\\/\",\"logo\":{\"@type\":\"ImageObject\",\"inLanguage\":\"fr-FR\",\"@id\":\"https:\\\/\\\/www.webdo.tn\\\/fr\\\/#\\\/schema\\\/logo\\\/image\\\/\",\"url\":\"https:\\\/\\\/www.webdo.tn\\\/fr\\\/wp-content\\\/uploads\\\/2025\\\/06\\\/Webdo-Tunisie_168377.jpg\",\"contentUrl\":\"https:\\\/\\\/www.webdo.tn\\\/fr\\\/wp-content\\\/uploads\\\/2025\\\/06\\\/Webdo-Tunisie_168377.jpg\",\"width\":301,\"height\":301,\"caption\":\"Webdo\"},\"image\":{\"@id\":\"https:\\\/\\\/www.webdo.tn\\\/fr\\\/#\\\/schema\\\/logo\\\/image\\\/\"},\"sameAs\":[\"https:\\\/\\\/www.facebook.com\\\/webdotn\",\"https:\\\/\\\/x.com\\\/webdo_tn\"],\"description\":\"Webdo est un m\u00e9dia num\u00e9rique tunisien fond\u00e9 en 2010, sp\u00e9cialis\u00e9 dans l\u2019actualit\u00e9 nationale et internationale, l\u2019\u00e9conomie, la soci\u00e9t\u00e9 et les analyses politiques. Le site s\u2019adresse \u00e0 un large public francophone et couvre l\u2019information tunisienne en temps r\u00e9el.\",\"email\":\"redac@webdo.tn\",\"legalName\":\"YNJ SARL\",\"foundingDate\":\"2010-09-06\",\"numberOfEmployees\":{\"@type\":\"QuantitativeValue\",\"minValue\":\"11\",\"maxValue\":\"50\"}},{\"@type\":\"Person\",\"@id\":\"https:\\\/\\\/www.webdo.tn\\\/fr\\\/#\\\/schema\\\/person\\\/2c4929cbf5a809e3bd38617c6ce150f6\",\"name\":\"MC\",\"image\":{\"@type\":\"ImageObject\",\"inLanguage\":\"fr-FR\",\"@id\":\"https:\\\/\\\/secure.gravatar.com\\\/avatar\\\/a545bbb6f84efdd5553dbbc2895e3ca8f1d12c5215e00a041c9670b54aa9b18a?s=96&d=mm&r=g\",\"url\":\"https:\\\/\\\/secure.gravatar.com\\\/avatar\\\/a545bbb6f84efdd5553dbbc2895e3ca8f1d12c5215e00a041c9670b54aa9b18a?s=96&d=mm&r=g\",\"contentUrl\":\"https:\\\/\\\/secure.gravatar.com\\\/avatar\\\/a545bbb6f84efdd5553dbbc2895e3ca8f1d12c5215e00a041c9670b54aa9b18a?s=96&d=mm&r=g\",\"caption\":\"MC\"},\"url\":\"https:\\\/\\\/www.webdo.tn\\\/fr\\\/actualite\\\/author\\\/mc\\\/\"}]}<\/script>\n<!-- \/ Yoast SEO Premium plugin. -->","yoast_head_json":{"title":"Tunisie : Le stock strat\u00e9gique de lait \u00e9puis\u00e9","description":"La sonnette d\u2019alarme avait \u00e9t\u00e9 tir\u00e9e il y a plusieurs semaines lorsque les professionnels du secteur avaient mis en garde contre l\u2019aggravation de la crise du la...","canonical":"https:\/\/www.webdo.tn\/fr\/actualite\/national\/tunisie-le-stock-strategique-de-lait-epuise\/201436\/","og_locale":"fr_FR","og_type":"article","og_title":"Tunisie : Le stock strat\u00e9gique de lait \u00e9puis\u00e9","og_description":"La sonnette d\u2019alarme avait \u00e9t\u00e9 tir\u00e9e il y a plusieurs semaines lorsque les professionnels du secteur avaient mis en garde contre l\u2019aggravation de la crise du la...","og_url":"https:\/\/www.webdo.tn\/fr\/actualite\/national\/tunisie-le-stock-strategique-de-lait-epuise\/201436\/","og_site_name":"webdo","article_publisher":"https:\/\/www.facebook.com\/webdotn","article_published_time":"2023-01-03T09:50:00+00:00","article_modified_time":"2025-05-20T22:03:35+00:00","og_image":[{"width":750,"height":400,"url":"https:\/\/www.webdo.tn\/fr\/wp-content\/uploads\/2023\/01\/c510fb42184e40428ab36c57e2483032.jpg","type":"image\/jpeg"}],"author":"MC","twitter_card":"summary_large_image","twitter_creator":"@webdo_tn","twitter_site":"@webdo_tn","twitter_misc":{"\u00c9crit par":"MC","Dur\u00e9e de lecture estim\u00e9e":"1 minute"},"schema":{"@context":"https:\/\/schema.org","@graph":[{"@type":"NewsArticle","@id":"https:\/\/www.webdo.tn\/fr\/actualite\/national\/tunisie-le-stock-strategique-de-lait-epuise\/201436\/#article","isPartOf":{"@id":"https:\/\/www.webdo.tn\/fr\/actualite\/national\/tunisie-le-stock-strategique-de-lait-epuise\/201436\/"},"author":{"name":"MC","@id":"https:\/\/www.webdo.tn\/fr\/#\/schema\/person\/2c4929cbf5a809e3bd38617c6ce150f6"},"headline":"Tunisie : Le stock strat\u00e9gique de lait \u00e9puis\u00e9","datePublished":"2023-01-03T09:50:00+00:00","dateModified":"2025-05-20T22:03:35+00:00","mainEntityOfPage":{"@id":"https:\/\/www.webdo.tn\/fr\/actualite\/national\/tunisie-le-stock-strategique-de-lait-epuise\/201436\/"},"wordCount":307,"commentCount":0,"publisher":{"@id":"https:\/\/www.webdo.tn\/fr\/#organization"},"image":{"@id":"https:\/\/www.webdo.tn\/fr\/actualite\/national\/tunisie-le-stock-strategique-de-lait-epuise\/201436\/#primaryimage"},"thumbnailUrl":"https:\/\/www.webdo.tn\/fr\/wp-content\/uploads\/2023\/01\/c510fb42184e40428ab36c57e2483032.jpg","keywords":["crise","Lait","stock"],"articleSection":["National"],"inLanguage":"fr-FR"},{"@type":"WebPage","@id":"https:\/\/www.webdo.tn\/fr\/actualite\/national\/tunisie-le-stock-strategique-de-lait-epuise\/201436\/","url":"https:\/\/www.webdo.tn\/fr\/actualite\/national\/tunisie-le-stock-strategique-de-lait-epuise\/201436\/","name":"Tunisie : Le stock strat\u00e9gique de lait \u00e9puis\u00e9","isPartOf":{"@id":"https:\/\/www.webdo.tn\/fr\/#website"},"primaryImageOfPage":{"@id":"https:\/\/www.webdo.tn\/fr\/actualite\/national\/tunisie-le-stock-strategique-de-lait-epuise\/201436\/#primaryimage"},"image":{"@id":"https:\/\/www.webdo.tn\/fr\/actualite\/national\/tunisie-le-stock-strategique-de-lait-epuise\/201436\/#primaryimage"},"thumbnailUrl":"https:\/\/www.webdo.tn\/fr\/wp-content\/uploads\/2023\/01\/c510fb42184e40428ab36c57e2483032.jpg","datePublished":"2023-01-03T09:50:00+00:00","dateModified":"2025-05-20T22:03:35+00:00","description":"La sonnette d\u2019alarme avait \u00e9t\u00e9 tir\u00e9e il y a plusieurs semaines lorsque les professionnels du secteur avaient mis en garde contre l\u2019aggravation de la crise du la...","breadcrumb":{"@id":"https:\/\/www.webdo.tn\/fr\/actualite\/national\/tunisie-le-stock-strategique-de-lait-epuise\/201436\/#breadcrumb"},"inLanguage":"fr-FR","potentialAction":[{"@type":"ReadAction","target":["https:\/\/www.webdo.tn\/fr\/actualite\/national\/tunisie-le-stock-strategique-de-lait-epuise\/201436\/"]}]},{"@type":"ImageObject","inLanguage":"fr-FR","@id":"https:\/\/www.webdo.tn\/fr\/actualite\/national\/tunisie-le-stock-strategique-de-lait-epuise\/201436\/#primaryimage","url":"https:\/\/www.webdo.tn\/fr\/wp-content\/uploads\/2023\/01\/c510fb42184e40428ab36c57e2483032.jpg","contentUrl":"https:\/\/www.webdo.tn\/fr\/wp-content\/uploads\/2023\/01\/c510fb42184e40428ab36c57e2483032.jpg","width":750,"height":400,"caption":"Tunisie : Le stock strat\u00e9gique de lait \u00e9puis\u00e9"},{"@type":"BreadcrumbList","@id":"https:\/\/www.webdo.tn\/fr\/actualite\/national\/tunisie-le-stock-strategique-de-lait-epuise\/201436\/#breadcrumb","itemListElement":[{"@type":"ListItem","position":1,"name":"Accueil","item":"https:\/\/www.webdo.tn\/fr\/"},{"@type":"ListItem","position":2,"name":"Tunisie : Le stock strat\u00e9gique de lait \u00e9puis\u00e9"}]},{"@type":"WebSite","@id":"https:\/\/www.webdo.tn\/fr\/#website","url":"https:\/\/www.webdo.tn\/fr\/","name":"webdo","description":"Tunisie - News en Tunisie et \u00e0 l&#039;international sur Webdo.tn","publisher":{"@id":"https:\/\/www.webdo.tn\/fr\/#organization"},"potentialAction":[{"@type":"SearchAction","target":{"@type":"EntryPoint","urlTemplate":"https:\/\/www.webdo.tn\/fr\/?s={search_term_string}"},"query-input":{"@type":"PropertyValueSpecification","valueRequired":true,"valueName":"search_term_string"}}],"inLanguage":"fr-FR"},{"@type":"Organization","@id":"https:\/\/www.webdo.tn\/fr\/#organization","name":"Webdo","alternateName":"Webdo.tn","url":"https:\/\/www.webdo.tn\/fr\/","logo":{"@type":"ImageObject","inLanguage":"fr-FR","@id":"https:\/\/www.webdo.tn\/fr\/#\/schema\/logo\/image\/","url":"https:\/\/www.webdo.tn\/fr\/wp-content\/uploads\/2025\/06\/Webdo-Tunisie_168377.jpg","contentUrl":"https:\/\/www.webdo.tn\/fr\/wp-content\/uploads\/2025\/06\/Webdo-Tunisie_168377.jpg","width":301,"height":301,"caption":"Webdo"},"image":{"@id":"https:\/\/www.webdo.tn\/fr\/#\/schema\/logo\/image\/"},"sameAs":["https:\/\/www.facebook.com\/webdotn","https:\/\/x.com\/webdo_tn"],"description":"Webdo est un m\u00e9dia num\u00e9rique tunisien fond\u00e9 en 2010, sp\u00e9cialis\u00e9 dans l\u2019actualit\u00e9 nationale et internationale, l\u2019\u00e9conomie, la soci\u00e9t\u00e9 et les analyses politiques. Le site s\u2019adresse \u00e0 un large public francophone et couvre l\u2019information tunisienne en temps r\u00e9el.","email":"redac@webdo.tn","legalName":"YNJ SARL","foundingDate":"2010-09-06","numberOfEmployees":{"@type":"QuantitativeValue","minValue":"11","maxValue":"50"}},{"@type":"Person","@id":"https:\/\/www.webdo.tn\/fr\/#\/schema\/person\/2c4929cbf5a809e3bd38617c6ce150f6","name":"MC","image":{"@type":"ImageObject","inLanguage":"fr-FR","@id":"https:\/\/secure.gravatar.com\/avatar\/a545bbb6f84efdd5553dbbc2895e3ca8f1d12c5215e00a041c9670b54aa9b18a?s=96&d=mm&r=g","url":"https:\/\/secure.gravatar.com\/avatar\/a545bbb6f84efdd5553dbbc2895e3ca8f1d12c5215e00a041c9670b54aa9b18a?s=96&d=mm&r=g","contentUrl":"https:\/\/secure.gravatar.com\/avatar\/a545bbb6f84efdd5553dbbc2895e3ca8f1d12c5215e00a041c9670b54aa9b18a?s=96&d=mm&r=g","caption":"MC"},"url":"https:\/\/www.webdo.tn\/fr\/actualite\/author\/mc\/"}]}},"_links":{"self":[{"href":"https:\/\/www.webdo.tn\/fr\/wp-json\/wp\/v2\/posts\/201436","targetHints":{"allow":["GET"]}}],"collection":[{"href":"https:\/\/www.webdo.tn\/fr\/wp-json\/wp\/v2\/posts"}],"about":[{"href":"https:\/\/www.webdo.tn\/fr\/wp-json\/wp\/v2\/types\/post"}],"author":[{"embeddable":true,"href":"https:\/\/www.webdo.tn\/fr\/wp-json\/wp\/v2\/users\/3162"}],"replies":[{"embeddable":true,"href":"https:\/\/www.webdo.tn\/fr\/wp-json\/wp\/v2\/comments?post=201436"}],"version-history":[{"count":0,"href":"https:\/\/www.webdo.tn\/fr\/wp-json\/wp\/v2\/posts\/201436\/revisions"}],"wp:featuredmedia":[{"embeddable":true,"href":"https:\/\/www.webdo.tn\/fr\/wp-json\/wp\/v2\/media\/252660"}],"wp:attachment":[{"href":"https:\/\/www.webdo.tn\/fr\/wp-json\/wp\/v2\/media?parent=201436"}],"wp:term":[{"taxonomy":"category","embeddable":true,"href":"https:\/\/www.webdo.tn\/fr\/wp-json\/wp\/v2\/categories?post=201436"},{"taxonomy":"post_tag","embeddable":true,"href":"https:\/\/www.webdo.tn\/fr\/wp-json\/wp\/v2\/tags?post=201436"}],"curies":[{"name":"wp","href":"https:\/\/api.w.org\/{rel}","templated":true}]}}