{"id":201430,"date":"2023-01-03T08:42:00","date_gmt":"2023-01-03T08:42:00","guid":{"rendered":"https:\/\/www.webdo.tn\/fr\/blog\/la-greve-des-agents-de-la-transtu-levee\/201430\/"},"modified":"2025-05-20T22:03:34","modified_gmt":"2025-05-20T22:03:34","slug":"la-greve-des-agents-de-la-transtu-levee","status":"publish","type":"post","link":"https:\/\/www.webdo.tn\/fr\/actualite\/national\/la-greve-des-agents-de-la-transtu-levee\/201430\/","title":{"rendered":"La gr\u00e8ve des agents de la TRANSTU lev\u00e9e"},"content":{"rendered":"<p>La gr\u00e8ve dans les transports en commun de Tunis a \u00e9t\u00e9 lev\u00e9e. C\u2019est ce qu\u2019a annonc\u00e9 le minist\u00e8re du Transport, ce mardi 3 janvier 2023, pr\u00e9cisant qu&rsquo;un accord a \u00e9t\u00e9 conclu pour fixer la date de versement de la prime de fin d&rsquo;ann\u00e9es des agents de la la Soci\u00e9t\u00e9 des Transports de Tunis (TRANSTU).<\/p>\n<p>\t\t\t\t\t\t\t\t\tM\u00eame son de cloche du c\u00f4t\u00e9 de la F\u00e9d\u00e9ration g\u00e9n\u00e9rale du transport relevant de l&rsquo;UGTT, qui a, de son c\u00f4t\u00e9, annonc\u00e9 qu&rsquo;un accord a \u00e9t\u00e9 trouv\u00e9 entre les agents de la TRANSTU et le minist\u00e8re du Transport suite \u00e0 une s\u00e9ance de n\u00e9gociations.<\/p>\n<p>Rappelons qu&rsquo;hier, Le secr\u00e9taire g\u00e9n\u00e9ral de la F\u00e9d\u00e9ration g\u00e9n\u00e9rale de Transport, Wajih Zidi a annonc\u00e9 une gr\u00e8ve ouverte des agents de la TRANSTU \u00e0 partir de lundi 2 janvier 2023 jusqu&rsquo;\u00e0 ce que le gouvernement et le minist\u00e8re du Transport respectent leurs engagements, en versant les salaires des agents et leurs primes de fin d&rsquo;ann\u00e9e, avait-il fait savoir.<\/p>\n<p>Dans le m\u00eame temps, le minist\u00e8re du Transport a d\u00e9menti le non-paiement des salaires, assurant que le versement des salaires a \u00e9t\u00e9 effectu\u00e9 \u00e0 partir du 29 d\u00e9cembre, expliquant que les v\u00e9ritables raisons de cette gr\u00e8ve qualifi\u00e9e d'\u00a0\u00bbanarchique\u00a0\u00bb est le versement de primes annuelles pour un total de 16 millions de DT.<\/p>\n<p>Finalement, les agents de la TRANSTU devraient recevoir leurs primes annuelles le 16 janvier prochain.<\/p>\n","protected":false},"excerpt":{"rendered":"<p>La gr\u00e8ve dans les transports en commun de Tunis a \u00e9t\u00e9 lev\u00e9e. C\u2019est ce qu\u2019a annonc\u00e9 le minist\u00e8re du Transport, ce mardi 3 janvier 2023, pr\u00e9cisant qu&rsquo;un accord a&#8230;<\/p>\n","protected":false},"author":3162,"featured_media":252657,"comment_status":"open","ping_status":"closed","sticky":false,"template":"","format":"standard","meta":{"footnotes":""},"categories":[44],"tags":[2782,6749,4045],"class_list":["post-201430","post","type-post","status-publish","format-standard","has-post-thumbnail","hentry","category-national","tag-greve-generale","tag-transport-en-commun","tag-transtu"],"yoast_head":"<!-- This site is optimized with the Yoast SEO Premium plugin v27.4 (Yoast SEO v27.5) - https:\/\/yoast.com\/product\/yoast-seo-premium-wordpress\/ -->\n<title>La gr\u00e8ve des agents de la TRANSTU lev\u00e9e<\/title>\n<meta name=\"description\" content=\"La gr\u00e8ve dans les transports en commun de Tunis a \u00e9t\u00e9 lev\u00e9e. C\u2019est ce qu\u2019a annonc\u00e9 le minist\u00e8re du Transport, ce mardi 3 janvier 2023, pr\u00e9cisant qu&#039;un accord a...\" \/>\n<link rel=\"canonical\" href=\"https:\/\/www.webdo.tn\/fr\/actualite\/national\/la-greve-des-agents-de-la-transtu-levee\/201430\/\" \/>\n<meta property=\"og:locale\" content=\"fr_FR\" \/>\n<meta property=\"og:type\" content=\"article\" \/>\n<meta property=\"og:title\" content=\"La gr\u00e8ve des agents de la TRANSTU lev\u00e9e\" \/>\n<meta property=\"og:description\" content=\"La gr\u00e8ve dans les transports en commun de Tunis a \u00e9t\u00e9 lev\u00e9e. C\u2019est ce qu\u2019a annonc\u00e9 le minist\u00e8re du Transport, ce mardi 3 janvier 2023, pr\u00e9cisant qu&#039;un accord a...\" \/>\n<meta property=\"og:url\" content=\"https:\/\/www.webdo.tn\/fr\/actualite\/national\/la-greve-des-agents-de-la-transtu-levee\/201430\/\" \/>\n<meta property=\"og:site_name\" content=\"webdo\" \/>\n<meta property=\"article:publisher\" content=\"https:\/\/www.facebook.com\/webdotn\" \/>\n<meta property=\"article:published_time\" content=\"2023-01-03T08:42:00+00:00\" \/>\n<meta property=\"article:modified_time\" content=\"2025-05-20T22:03:34+00:00\" \/>\n<meta property=\"og:image\" content=\"https:\/\/www.webdo.tn\/fr\/wp-content\/uploads\/2023\/01\/53f12acc3a5eb58b567bbb93d72499d3.jpg\" \/>\n\t<meta property=\"og:image:width\" content=\"750\" \/>\n\t<meta property=\"og:image:height\" content=\"400\" \/>\n\t<meta property=\"og:image:type\" content=\"image\/jpeg\" \/>\n<meta name=\"author\" content=\"MC\" \/>\n<meta name=\"twitter:card\" content=\"summary_large_image\" \/>\n<meta name=\"twitter:creator\" content=\"@webdo_tn\" \/>\n<meta name=\"twitter:site\" content=\"@webdo_tn\" \/>\n<meta name=\"twitter:label1\" content=\"\u00c9crit par\" \/>\n\t<meta name=\"twitter:data1\" content=\"MC\" \/>\n\t<meta name=\"twitter:label2\" content=\"Dur\u00e9e de lecture estim\u00e9e\" \/>\n\t<meta name=\"twitter:data2\" content=\"1 minute\" \/>\n<script type=\"application\/ld+json\" class=\"yoast-schema-graph\">{\"@context\":\"https:\\\/\\\/schema.org\",\"@graph\":[{\"@type\":\"NewsArticle\",\"@id\":\"https:\\\/\\\/www.webdo.tn\\\/fr\\\/actualite\\\/national\\\/la-greve-des-agents-de-la-transtu-levee\\\/201430\\\/#article\",\"isPartOf\":{\"@id\":\"https:\\\/\\\/www.webdo.tn\\\/fr\\\/actualite\\\/national\\\/la-greve-des-agents-de-la-transtu-levee\\\/201430\\\/\"},\"author\":{\"name\":\"MC\",\"@id\":\"https:\\\/\\\/www.webdo.tn\\\/fr\\\/#\\\/schema\\\/person\\\/2c4929cbf5a809e3bd38617c6ce150f6\"},\"headline\":\"La gr\u00e8ve des agents de la TRANSTU lev\u00e9e\",\"datePublished\":\"2023-01-03T08:42:00+00:00\",\"dateModified\":\"2025-05-20T22:03:34+00:00\",\"mainEntityOfPage\":{\"@id\":\"https:\\\/\\\/www.webdo.tn\\\/fr\\\/actualite\\\/national\\\/la-greve-des-agents-de-la-transtu-levee\\\/201430\\\/\"},\"wordCount\":264,\"commentCount\":0,\"publisher\":{\"@id\":\"https:\\\/\\\/www.webdo.tn\\\/fr\\\/#organization\"},\"image\":{\"@id\":\"https:\\\/\\\/www.webdo.tn\\\/fr\\\/actualite\\\/national\\\/la-greve-des-agents-de-la-transtu-levee\\\/201430\\\/#primaryimage\"},\"thumbnailUrl\":\"https:\\\/\\\/www.webdo.tn\\\/fr\\\/wp-content\\\/uploads\\\/2023\\\/01\\\/53f12acc3a5eb58b567bbb93d72499d3.jpg\",\"keywords\":[\"Gr\u00e8ve g\u00e9n\u00e9rale\",\"transport en commun\",\"TRANSTU\"],\"articleSection\":[\"National\"],\"inLanguage\":\"fr-FR\"},{\"@type\":\"WebPage\",\"@id\":\"https:\\\/\\\/www.webdo.tn\\\/fr\\\/actualite\\\/national\\\/la-greve-des-agents-de-la-transtu-levee\\\/201430\\\/\",\"url\":\"https:\\\/\\\/www.webdo.tn\\\/fr\\\/actualite\\\/national\\\/la-greve-des-agents-de-la-transtu-levee\\\/201430\\\/\",\"name\":\"La gr\u00e8ve des agents de la TRANSTU lev\u00e9e\",\"isPartOf\":{\"@id\":\"https:\\\/\\\/www.webdo.tn\\\/fr\\\/#website\"},\"primaryImageOfPage\":{\"@id\":\"https:\\\/\\\/www.webdo.tn\\\/fr\\\/actualite\\\/national\\\/la-greve-des-agents-de-la-transtu-levee\\\/201430\\\/#primaryimage\"},\"image\":{\"@id\":\"https:\\\/\\\/www.webdo.tn\\\/fr\\\/actualite\\\/national\\\/la-greve-des-agents-de-la-transtu-levee\\\/201430\\\/#primaryimage\"},\"thumbnailUrl\":\"https:\\\/\\\/www.webdo.tn\\\/fr\\\/wp-content\\\/uploads\\\/2023\\\/01\\\/53f12acc3a5eb58b567bbb93d72499d3.jpg\",\"datePublished\":\"2023-01-03T08:42:00+00:00\",\"dateModified\":\"2025-05-20T22:03:34+00:00\",\"description\":\"La gr\u00e8ve dans les transports en commun de Tunis a \u00e9t\u00e9 lev\u00e9e. C\u2019est ce qu\u2019a annonc\u00e9 le minist\u00e8re du Transport, ce mardi 3 janvier 2023, pr\u00e9cisant qu'un accord a...\",\"breadcrumb\":{\"@id\":\"https:\\\/\\\/www.webdo.tn\\\/fr\\\/actualite\\\/national\\\/la-greve-des-agents-de-la-transtu-levee\\\/201430\\\/#breadcrumb\"},\"inLanguage\":\"fr-FR\",\"potentialAction\":[{\"@type\":\"ReadAction\",\"target\":[\"https:\\\/\\\/www.webdo.tn\\\/fr\\\/actualite\\\/national\\\/la-greve-des-agents-de-la-transtu-levee\\\/201430\\\/\"]}]},{\"@type\":\"ImageObject\",\"inLanguage\":\"fr-FR\",\"@id\":\"https:\\\/\\\/www.webdo.tn\\\/fr\\\/actualite\\\/national\\\/la-greve-des-agents-de-la-transtu-levee\\\/201430\\\/#primaryimage\",\"url\":\"https:\\\/\\\/www.webdo.tn\\\/fr\\\/wp-content\\\/uploads\\\/2023\\\/01\\\/53f12acc3a5eb58b567bbb93d72499d3.jpg\",\"contentUrl\":\"https:\\\/\\\/www.webdo.tn\\\/fr\\\/wp-content\\\/uploads\\\/2023\\\/01\\\/53f12acc3a5eb58b567bbb93d72499d3.jpg\",\"width\":750,\"height\":400,\"caption\":\"La gr\u00e8ve des agents de la TRANSTU lev\u00e9e\"},{\"@type\":\"BreadcrumbList\",\"@id\":\"https:\\\/\\\/www.webdo.tn\\\/fr\\\/actualite\\\/national\\\/la-greve-des-agents-de-la-transtu-levee\\\/201430\\\/#breadcrumb\",\"itemListElement\":[{\"@type\":\"ListItem\",\"position\":1,\"name\":\"Accueil\",\"item\":\"https:\\\/\\\/www.webdo.tn\\\/fr\\\/\"},{\"@type\":\"ListItem\",\"position\":2,\"name\":\"La gr\u00e8ve des agents de la TRANSTU lev\u00e9e\"}]},{\"@type\":\"WebSite\",\"@id\":\"https:\\\/\\\/www.webdo.tn\\\/fr\\\/#website\",\"url\":\"https:\\\/\\\/www.webdo.tn\\\/fr\\\/\",\"name\":\"webdo\",\"description\":\"Tunisie - News en Tunisie et \u00e0 l&#039;international sur Webdo.tn\",\"publisher\":{\"@id\":\"https:\\\/\\\/www.webdo.tn\\\/fr\\\/#organization\"},\"potentialAction\":[{\"@type\":\"SearchAction\",\"target\":{\"@type\":\"EntryPoint\",\"urlTemplate\":\"https:\\\/\\\/www.webdo.tn\\\/fr\\\/?s={search_term_string}\"},\"query-input\":{\"@type\":\"PropertyValueSpecification\",\"valueRequired\":true,\"valueName\":\"search_term_string\"}}],\"inLanguage\":\"fr-FR\"},{\"@type\":\"Organization\",\"@id\":\"https:\\\/\\\/www.webdo.tn\\\/fr\\\/#organization\",\"name\":\"Webdo\",\"alternateName\":\"Webdo.tn\",\"url\":\"https:\\\/\\\/www.webdo.tn\\\/fr\\\/\",\"logo\":{\"@type\":\"ImageObject\",\"inLanguage\":\"fr-FR\",\"@id\":\"https:\\\/\\\/www.webdo.tn\\\/fr\\\/#\\\/schema\\\/logo\\\/image\\\/\",\"url\":\"https:\\\/\\\/www.webdo.tn\\\/fr\\\/wp-content\\\/uploads\\\/2025\\\/06\\\/Webdo-Tunisie_168377.jpg\",\"contentUrl\":\"https:\\\/\\\/www.webdo.tn\\\/fr\\\/wp-content\\\/uploads\\\/2025\\\/06\\\/Webdo-Tunisie_168377.jpg\",\"width\":301,\"height\":301,\"caption\":\"Webdo\"},\"image\":{\"@id\":\"https:\\\/\\\/www.webdo.tn\\\/fr\\\/#\\\/schema\\\/logo\\\/image\\\/\"},\"sameAs\":[\"https:\\\/\\\/www.facebook.com\\\/webdotn\",\"https:\\\/\\\/x.com\\\/webdo_tn\"],\"description\":\"Webdo est un m\u00e9dia num\u00e9rique tunisien fond\u00e9 en 2010, sp\u00e9cialis\u00e9 dans l\u2019actualit\u00e9 nationale et internationale, l\u2019\u00e9conomie, la soci\u00e9t\u00e9 et les analyses politiques. Le site s\u2019adresse \u00e0 un large public francophone et couvre l\u2019information tunisienne en temps r\u00e9el.\",\"email\":\"redac@webdo.tn\",\"legalName\":\"YNJ SARL\",\"foundingDate\":\"2010-09-06\",\"numberOfEmployees\":{\"@type\":\"QuantitativeValue\",\"minValue\":\"11\",\"maxValue\":\"50\"}},{\"@type\":\"Person\",\"@id\":\"https:\\\/\\\/www.webdo.tn\\\/fr\\\/#\\\/schema\\\/person\\\/2c4929cbf5a809e3bd38617c6ce150f6\",\"name\":\"MC\",\"image\":{\"@type\":\"ImageObject\",\"inLanguage\":\"fr-FR\",\"@id\":\"https:\\\/\\\/secure.gravatar.com\\\/avatar\\\/a545bbb6f84efdd5553dbbc2895e3ca8f1d12c5215e00a041c9670b54aa9b18a?s=96&d=mm&r=g\",\"url\":\"https:\\\/\\\/secure.gravatar.com\\\/avatar\\\/a545bbb6f84efdd5553dbbc2895e3ca8f1d12c5215e00a041c9670b54aa9b18a?s=96&d=mm&r=g\",\"contentUrl\":\"https:\\\/\\\/secure.gravatar.com\\\/avatar\\\/a545bbb6f84efdd5553dbbc2895e3ca8f1d12c5215e00a041c9670b54aa9b18a?s=96&d=mm&r=g\",\"caption\":\"MC\"},\"url\":\"https:\\\/\\\/www.webdo.tn\\\/fr\\\/actualite\\\/author\\\/mc\\\/\"}]}<\/script>\n<!-- \/ Yoast SEO Premium plugin. -->","yoast_head_json":{"title":"La gr\u00e8ve des agents de la TRANSTU lev\u00e9e","description":"La gr\u00e8ve dans les transports en commun de Tunis a \u00e9t\u00e9 lev\u00e9e. C\u2019est ce qu\u2019a annonc\u00e9 le minist\u00e8re du Transport, ce mardi 3 janvier 2023, pr\u00e9cisant qu'un accord a...","canonical":"https:\/\/www.webdo.tn\/fr\/actualite\/national\/la-greve-des-agents-de-la-transtu-levee\/201430\/","og_locale":"fr_FR","og_type":"article","og_title":"La gr\u00e8ve des agents de la TRANSTU lev\u00e9e","og_description":"La gr\u00e8ve dans les transports en commun de Tunis a \u00e9t\u00e9 lev\u00e9e. C\u2019est ce qu\u2019a annonc\u00e9 le minist\u00e8re du Transport, ce mardi 3 janvier 2023, pr\u00e9cisant qu'un accord a...","og_url":"https:\/\/www.webdo.tn\/fr\/actualite\/national\/la-greve-des-agents-de-la-transtu-levee\/201430\/","og_site_name":"webdo","article_publisher":"https:\/\/www.facebook.com\/webdotn","article_published_time":"2023-01-03T08:42:00+00:00","article_modified_time":"2025-05-20T22:03:34+00:00","og_image":[{"width":750,"height":400,"url":"https:\/\/www.webdo.tn\/fr\/wp-content\/uploads\/2023\/01\/53f12acc3a5eb58b567bbb93d72499d3.jpg","type":"image\/jpeg"}],"author":"MC","twitter_card":"summary_large_image","twitter_creator":"@webdo_tn","twitter_site":"@webdo_tn","twitter_misc":{"\u00c9crit par":"MC","Dur\u00e9e de lecture estim\u00e9e":"1 minute"},"schema":{"@context":"https:\/\/schema.org","@graph":[{"@type":"NewsArticle","@id":"https:\/\/www.webdo.tn\/fr\/actualite\/national\/la-greve-des-agents-de-la-transtu-levee\/201430\/#article","isPartOf":{"@id":"https:\/\/www.webdo.tn\/fr\/actualite\/national\/la-greve-des-agents-de-la-transtu-levee\/201430\/"},"author":{"name":"MC","@id":"https:\/\/www.webdo.tn\/fr\/#\/schema\/person\/2c4929cbf5a809e3bd38617c6ce150f6"},"headline":"La gr\u00e8ve des agents de la TRANSTU lev\u00e9e","datePublished":"2023-01-03T08:42:00+00:00","dateModified":"2025-05-20T22:03:34+00:00","mainEntityOfPage":{"@id":"https:\/\/www.webdo.tn\/fr\/actualite\/national\/la-greve-des-agents-de-la-transtu-levee\/201430\/"},"wordCount":264,"commentCount":0,"publisher":{"@id":"https:\/\/www.webdo.tn\/fr\/#organization"},"image":{"@id":"https:\/\/www.webdo.tn\/fr\/actualite\/national\/la-greve-des-agents-de-la-transtu-levee\/201430\/#primaryimage"},"thumbnailUrl":"https:\/\/www.webdo.tn\/fr\/wp-content\/uploads\/2023\/01\/53f12acc3a5eb58b567bbb93d72499d3.jpg","keywords":["Gr\u00e8ve g\u00e9n\u00e9rale","transport en commun","TRANSTU"],"articleSection":["National"],"inLanguage":"fr-FR"},{"@type":"WebPage","@id":"https:\/\/www.webdo.tn\/fr\/actualite\/national\/la-greve-des-agents-de-la-transtu-levee\/201430\/","url":"https:\/\/www.webdo.tn\/fr\/actualite\/national\/la-greve-des-agents-de-la-transtu-levee\/201430\/","name":"La gr\u00e8ve des agents de la TRANSTU lev\u00e9e","isPartOf":{"@id":"https:\/\/www.webdo.tn\/fr\/#website"},"primaryImageOfPage":{"@id":"https:\/\/www.webdo.tn\/fr\/actualite\/national\/la-greve-des-agents-de-la-transtu-levee\/201430\/#primaryimage"},"image":{"@id":"https:\/\/www.webdo.tn\/fr\/actualite\/national\/la-greve-des-agents-de-la-transtu-levee\/201430\/#primaryimage"},"thumbnailUrl":"https:\/\/www.webdo.tn\/fr\/wp-content\/uploads\/2023\/01\/53f12acc3a5eb58b567bbb93d72499d3.jpg","datePublished":"2023-01-03T08:42:00+00:00","dateModified":"2025-05-20T22:03:34+00:00","description":"La gr\u00e8ve dans les transports en commun de Tunis a \u00e9t\u00e9 lev\u00e9e. C\u2019est ce qu\u2019a annonc\u00e9 le minist\u00e8re du Transport, ce mardi 3 janvier 2023, pr\u00e9cisant qu'un accord a...","breadcrumb":{"@id":"https:\/\/www.webdo.tn\/fr\/actualite\/national\/la-greve-des-agents-de-la-transtu-levee\/201430\/#breadcrumb"},"inLanguage":"fr-FR","potentialAction":[{"@type":"ReadAction","target":["https:\/\/www.webdo.tn\/fr\/actualite\/national\/la-greve-des-agents-de-la-transtu-levee\/201430\/"]}]},{"@type":"ImageObject","inLanguage":"fr-FR","@id":"https:\/\/www.webdo.tn\/fr\/actualite\/national\/la-greve-des-agents-de-la-transtu-levee\/201430\/#primaryimage","url":"https:\/\/www.webdo.tn\/fr\/wp-content\/uploads\/2023\/01\/53f12acc3a5eb58b567bbb93d72499d3.jpg","contentUrl":"https:\/\/www.webdo.tn\/fr\/wp-content\/uploads\/2023\/01\/53f12acc3a5eb58b567bbb93d72499d3.jpg","width":750,"height":400,"caption":"La gr\u00e8ve des agents de la TRANSTU lev\u00e9e"},{"@type":"BreadcrumbList","@id":"https:\/\/www.webdo.tn\/fr\/actualite\/national\/la-greve-des-agents-de-la-transtu-levee\/201430\/#breadcrumb","itemListElement":[{"@type":"ListItem","position":1,"name":"Accueil","item":"https:\/\/www.webdo.tn\/fr\/"},{"@type":"ListItem","position":2,"name":"La gr\u00e8ve des agents de la TRANSTU lev\u00e9e"}]},{"@type":"WebSite","@id":"https:\/\/www.webdo.tn\/fr\/#website","url":"https:\/\/www.webdo.tn\/fr\/","name":"webdo","description":"Tunisie - News en Tunisie et \u00e0 l&#039;international sur Webdo.tn","publisher":{"@id":"https:\/\/www.webdo.tn\/fr\/#organization"},"potentialAction":[{"@type":"SearchAction","target":{"@type":"EntryPoint","urlTemplate":"https:\/\/www.webdo.tn\/fr\/?s={search_term_string}"},"query-input":{"@type":"PropertyValueSpecification","valueRequired":true,"valueName":"search_term_string"}}],"inLanguage":"fr-FR"},{"@type":"Organization","@id":"https:\/\/www.webdo.tn\/fr\/#organization","name":"Webdo","alternateName":"Webdo.tn","url":"https:\/\/www.webdo.tn\/fr\/","logo":{"@type":"ImageObject","inLanguage":"fr-FR","@id":"https:\/\/www.webdo.tn\/fr\/#\/schema\/logo\/image\/","url":"https:\/\/www.webdo.tn\/fr\/wp-content\/uploads\/2025\/06\/Webdo-Tunisie_168377.jpg","contentUrl":"https:\/\/www.webdo.tn\/fr\/wp-content\/uploads\/2025\/06\/Webdo-Tunisie_168377.jpg","width":301,"height":301,"caption":"Webdo"},"image":{"@id":"https:\/\/www.webdo.tn\/fr\/#\/schema\/logo\/image\/"},"sameAs":["https:\/\/www.facebook.com\/webdotn","https:\/\/x.com\/webdo_tn"],"description":"Webdo est un m\u00e9dia num\u00e9rique tunisien fond\u00e9 en 2010, sp\u00e9cialis\u00e9 dans l\u2019actualit\u00e9 nationale et internationale, l\u2019\u00e9conomie, la soci\u00e9t\u00e9 et les analyses politiques. Le site s\u2019adresse \u00e0 un large public francophone et couvre l\u2019information tunisienne en temps r\u00e9el.","email":"redac@webdo.tn","legalName":"YNJ SARL","foundingDate":"2010-09-06","numberOfEmployees":{"@type":"QuantitativeValue","minValue":"11","maxValue":"50"}},{"@type":"Person","@id":"https:\/\/www.webdo.tn\/fr\/#\/schema\/person\/2c4929cbf5a809e3bd38617c6ce150f6","name":"MC","image":{"@type":"ImageObject","inLanguage":"fr-FR","@id":"https:\/\/secure.gravatar.com\/avatar\/a545bbb6f84efdd5553dbbc2895e3ca8f1d12c5215e00a041c9670b54aa9b18a?s=96&d=mm&r=g","url":"https:\/\/secure.gravatar.com\/avatar\/a545bbb6f84efdd5553dbbc2895e3ca8f1d12c5215e00a041c9670b54aa9b18a?s=96&d=mm&r=g","contentUrl":"https:\/\/secure.gravatar.com\/avatar\/a545bbb6f84efdd5553dbbc2895e3ca8f1d12c5215e00a041c9670b54aa9b18a?s=96&d=mm&r=g","caption":"MC"},"url":"https:\/\/www.webdo.tn\/fr\/actualite\/author\/mc\/"}]}},"_links":{"self":[{"href":"https:\/\/www.webdo.tn\/fr\/wp-json\/wp\/v2\/posts\/201430","targetHints":{"allow":["GET"]}}],"collection":[{"href":"https:\/\/www.webdo.tn\/fr\/wp-json\/wp\/v2\/posts"}],"about":[{"href":"https:\/\/www.webdo.tn\/fr\/wp-json\/wp\/v2\/types\/post"}],"author":[{"embeddable":true,"href":"https:\/\/www.webdo.tn\/fr\/wp-json\/wp\/v2\/users\/3162"}],"replies":[{"embeddable":true,"href":"https:\/\/www.webdo.tn\/fr\/wp-json\/wp\/v2\/comments?post=201430"}],"version-history":[{"count":0,"href":"https:\/\/www.webdo.tn\/fr\/wp-json\/wp\/v2\/posts\/201430\/revisions"}],"wp:featuredmedia":[{"embeddable":true,"href":"https:\/\/www.webdo.tn\/fr\/wp-json\/wp\/v2\/media\/252657"}],"wp:attachment":[{"href":"https:\/\/www.webdo.tn\/fr\/wp-json\/wp\/v2\/media?parent=201430"}],"wp:term":[{"taxonomy":"category","embeddable":true,"href":"https:\/\/www.webdo.tn\/fr\/wp-json\/wp\/v2\/categories?post=201430"},{"taxonomy":"post_tag","embeddable":true,"href":"https:\/\/www.webdo.tn\/fr\/wp-json\/wp\/v2\/tags?post=201430"}],"curies":[{"name":"wp","href":"https:\/\/api.w.org\/{rel}","templated":true}]}}