{"id":201413,"date":"2023-01-02T16:00:00","date_gmt":"2023-01-02T16:00:00","guid":{"rendered":"https:\/\/www.webdo.tn\/fr\/blog\/le-lait-vecteur-de-l-economie\/201413\/"},"modified":"2025-05-20T22:59:05","modified_gmt":"2025-05-20T22:59:05","slug":"le-lait-vecteur-de-l-economie","status":"publish","type":"post","link":"https:\/\/www.webdo.tn\/fr\/actualite\/national\/le-lait-vecteur-de-l-economie\/201413\/","title":{"rendered":"Le lait, vecteur de l\u2019\u00e9conomie !"},"content":{"rendered":"<p>C\u2019est un secret de polichinelle. En ces temps o\u00f9 le lait vient \u00e0 manquer terriblement sur le march\u00e9, la vente conditionn\u00e9e est devenue le leitmotiv des industriels et des grossistes.<\/p>\n<p>\t\t\t\t\t\t\t\t\tLisez le t\u00e9moignage de ce petit commer\u00e7ant et vous comprendrez l\u2019ampleur de la pratique :<\/p>\n<p>\u00ab Aujourd\u2019hui, nos fournisseurs sont intransigeants. Ils ne nous livrent des packs de lait que si nous achetons avec, des quantit\u00e9s d\u2019eau, des boissons gazeuses et des produits divers. M\u00eame si cette pratique est ill\u00e9gale, nous n\u2019avons pas le choix, nous devons nous y plier car la fr\u00e9quence de la client\u00e8le est suspendue \u00e0 la pr\u00e9sence du lait dans le commerce \u00bb. Fin de citation.<\/p>\n<p>Le lait, vecteur de l\u2019\u00e9conomie ! L\u2019on ne sait pas si on doit s\u2019en r\u00e9jouir ou au contraire d\u00e9plorer cette situation, toujours est-il que c\u2019est la triste r\u00e9alit\u00e9. Trois fois mill\u00e9naire, la Tunisie conna\u00eet depuis trois mois une p\u00e9nurie de lait que les gens de la fili\u00e8re imputent au co\u00fbt de revient du lait, sup\u00e9rieur, en tout point de vue, d\u2019apr\u00e8s leurs dires, au prix (homologu\u00e9) \u00e0 la consommation.<\/p>\n<p>Un rench\u00e9rissement qui a pouss\u00e9 plusieurs \u00e9leveurs \u00e0 vendre leur cheptel. L\u2019\u00e9rosion du troupeau laitier est telle que le nombre de vaches laiti\u00e8res est pass\u00e9 de 460.000 \u00e0 410.000.<\/p>\n<p>Une chose est s\u00fbre : si la p\u00e9nurie profite \u00e0 des gens, ce sont, assur\u00e9ment, aux industriels et aux grossistes qui posent leurs diktats \u00e0 tout le monde, y compris \u00e0 l\u2019Etat qui semble avoir d\u2019autres vaches \u00e0 fouetter !<\/p>\n","protected":false},"excerpt":{"rendered":"<p>C\u2019est un secret de polichinelle. En ces temps o\u00f9 le lait vient \u00e0 manquer terriblement sur le march\u00e9, la vente conditionn\u00e9e est devenue le leitmotiv des industri&#8230;<\/p>\n","protected":false},"author":3188,"featured_media":277496,"comment_status":"open","ping_status":"closed","sticky":false,"template":"","format":"standard","meta":{"footnotes":""},"categories":[44],"tags":[5618,9241],"class_list":["post-201413","post","type-post","status-publish","format-standard","has-post-thumbnail","hentry","category-national","tag-lait","tag-vente-conditionnee"],"yoast_head":"<!-- This site is optimized with the Yoast SEO Premium plugin v27.5 (Yoast SEO v27.5) - https:\/\/yoast.com\/product\/yoast-seo-premium-wordpress\/ -->\n<title>Le lait, vecteur de l\u2019\u00e9conomie !<\/title>\n<meta name=\"description\" content=\"C\u2019est un secret de polichinelle. En ces temps o\u00f9 le lait vient \u00e0 manquer terriblement sur le march\u00e9, la vente conditionn\u00e9e est devenue le leitmotiv des industri...\" \/>\n<link rel=\"canonical\" href=\"https:\/\/www.webdo.tn\/fr\/actualite\/national\/le-lait-vecteur-de-l-economie\/201413\/\" \/>\n<meta property=\"og:locale\" content=\"fr_FR\" \/>\n<meta property=\"og:type\" content=\"article\" \/>\n<meta property=\"og:title\" content=\"Le lait, vecteur de l\u2019\u00e9conomie !\" \/>\n<meta property=\"og:description\" content=\"C\u2019est un secret de polichinelle. En ces temps o\u00f9 le lait vient \u00e0 manquer terriblement sur le march\u00e9, la vente conditionn\u00e9e est devenue le leitmotiv des industri...\" \/>\n<meta property=\"og:url\" content=\"https:\/\/www.webdo.tn\/fr\/actualite\/national\/le-lait-vecteur-de-l-economie\/201413\/\" \/>\n<meta property=\"og:site_name\" content=\"webdo\" \/>\n<meta property=\"article:publisher\" content=\"https:\/\/www.facebook.com\/webdotn\" \/>\n<meta property=\"article:published_time\" content=\"2023-01-02T16:00:00+00:00\" \/>\n<meta property=\"article:modified_time\" content=\"2025-05-20T22:59:05+00:00\" \/>\n<meta property=\"og:image\" content=\"https:\/\/www.webdo.tn\/fr\/wp-content\/uploads\/2023\/01\/5727e0b96ea9de132ad7d6a89723ddab.jpg\" \/>\n\t<meta property=\"og:image:width\" content=\"680\" \/>\n\t<meta property=\"og:image:height\" content=\"363\" \/>\n\t<meta property=\"og:image:type\" content=\"image\/jpeg\" \/>\n<meta name=\"author\" content=\"Ramzi\" \/>\n<meta name=\"twitter:card\" content=\"summary_large_image\" \/>\n<meta name=\"twitter:creator\" content=\"@webdo_tn\" \/>\n<meta name=\"twitter:site\" content=\"@webdo_tn\" \/>\n<meta name=\"twitter:label1\" content=\"\u00c9crit par\" \/>\n\t<meta name=\"twitter:data1\" content=\"Ramzi\" \/>\n\t<meta name=\"twitter:label2\" content=\"Dur\u00e9e de lecture estim\u00e9e\" \/>\n\t<meta name=\"twitter:data2\" content=\"1 minute\" \/>\n<script type=\"application\/ld+json\" class=\"yoast-schema-graph\">{\"@context\":\"https:\\\/\\\/schema.org\",\"@graph\":[{\"@type\":\"NewsArticle\",\"@id\":\"https:\\\/\\\/www.webdo.tn\\\/fr\\\/actualite\\\/national\\\/le-lait-vecteur-de-l-economie\\\/201413\\\/#article\",\"isPartOf\":{\"@id\":\"https:\\\/\\\/www.webdo.tn\\\/fr\\\/actualite\\\/national\\\/le-lait-vecteur-de-l-economie\\\/201413\\\/\"},\"author\":{\"name\":\"Ramzi\",\"@id\":\"https:\\\/\\\/www.webdo.tn\\\/fr\\\/#\\\/schema\\\/person\\\/590cb5f81adcfde6385530fdbdf468e2\"},\"headline\":\"Le lait, vecteur de l\u2019\u00e9conomie !\",\"datePublished\":\"2023-01-02T16:00:00+00:00\",\"dateModified\":\"2025-05-20T22:59:05+00:00\",\"mainEntityOfPage\":{\"@id\":\"https:\\\/\\\/www.webdo.tn\\\/fr\\\/actualite\\\/national\\\/le-lait-vecteur-de-l-economie\\\/201413\\\/\"},\"wordCount\":274,\"commentCount\":0,\"publisher\":{\"@id\":\"https:\\\/\\\/www.webdo.tn\\\/fr\\\/#organization\"},\"image\":{\"@id\":\"https:\\\/\\\/www.webdo.tn\\\/fr\\\/actualite\\\/national\\\/le-lait-vecteur-de-l-economie\\\/201413\\\/#primaryimage\"},\"thumbnailUrl\":\"https:\\\/\\\/www.webdo.tn\\\/fr\\\/wp-content\\\/uploads\\\/2023\\\/01\\\/5727e0b96ea9de132ad7d6a89723ddab.jpg\",\"keywords\":[\"Lait\",\"vente conditionn\u00e9e\"],\"articleSection\":[\"National\"],\"inLanguage\":\"fr-FR\"},{\"@type\":\"WebPage\",\"@id\":\"https:\\\/\\\/www.webdo.tn\\\/fr\\\/actualite\\\/national\\\/le-lait-vecteur-de-l-economie\\\/201413\\\/\",\"url\":\"https:\\\/\\\/www.webdo.tn\\\/fr\\\/actualite\\\/national\\\/le-lait-vecteur-de-l-economie\\\/201413\\\/\",\"name\":\"Le lait, vecteur de l\u2019\u00e9conomie !\",\"isPartOf\":{\"@id\":\"https:\\\/\\\/www.webdo.tn\\\/fr\\\/#website\"},\"primaryImageOfPage\":{\"@id\":\"https:\\\/\\\/www.webdo.tn\\\/fr\\\/actualite\\\/national\\\/le-lait-vecteur-de-l-economie\\\/201413\\\/#primaryimage\"},\"image\":{\"@id\":\"https:\\\/\\\/www.webdo.tn\\\/fr\\\/actualite\\\/national\\\/le-lait-vecteur-de-l-economie\\\/201413\\\/#primaryimage\"},\"thumbnailUrl\":\"https:\\\/\\\/www.webdo.tn\\\/fr\\\/wp-content\\\/uploads\\\/2023\\\/01\\\/5727e0b96ea9de132ad7d6a89723ddab.jpg\",\"datePublished\":\"2023-01-02T16:00:00+00:00\",\"dateModified\":\"2025-05-20T22:59:05+00:00\",\"description\":\"C\u2019est un secret de polichinelle. En ces temps o\u00f9 le lait vient \u00e0 manquer terriblement sur le march\u00e9, la vente conditionn\u00e9e est devenue le leitmotiv des industri...\",\"breadcrumb\":{\"@id\":\"https:\\\/\\\/www.webdo.tn\\\/fr\\\/actualite\\\/national\\\/le-lait-vecteur-de-l-economie\\\/201413\\\/#breadcrumb\"},\"inLanguage\":\"fr-FR\",\"potentialAction\":[{\"@type\":\"ReadAction\",\"target\":[\"https:\\\/\\\/www.webdo.tn\\\/fr\\\/actualite\\\/national\\\/le-lait-vecteur-de-l-economie\\\/201413\\\/\"]}]},{\"@type\":\"ImageObject\",\"inLanguage\":\"fr-FR\",\"@id\":\"https:\\\/\\\/www.webdo.tn\\\/fr\\\/actualite\\\/national\\\/le-lait-vecteur-de-l-economie\\\/201413\\\/#primaryimage\",\"url\":\"https:\\\/\\\/www.webdo.tn\\\/fr\\\/wp-content\\\/uploads\\\/2023\\\/01\\\/5727e0b96ea9de132ad7d6a89723ddab.jpg\",\"contentUrl\":\"https:\\\/\\\/www.webdo.tn\\\/fr\\\/wp-content\\\/uploads\\\/2023\\\/01\\\/5727e0b96ea9de132ad7d6a89723ddab.jpg\",\"width\":680,\"height\":363,\"caption\":\"Le lait, vecteur de l\u2019\u00e9conomie !\"},{\"@type\":\"BreadcrumbList\",\"@id\":\"https:\\\/\\\/www.webdo.tn\\\/fr\\\/actualite\\\/national\\\/le-lait-vecteur-de-l-economie\\\/201413\\\/#breadcrumb\",\"itemListElement\":[{\"@type\":\"ListItem\",\"position\":1,\"name\":\"Accueil\",\"item\":\"https:\\\/\\\/www.webdo.tn\\\/fr\\\/\"},{\"@type\":\"ListItem\",\"position\":2,\"name\":\"Le lait, vecteur de l\u2019\u00e9conomie !\"}]},{\"@type\":\"WebSite\",\"@id\":\"https:\\\/\\\/www.webdo.tn\\\/fr\\\/#website\",\"url\":\"https:\\\/\\\/www.webdo.tn\\\/fr\\\/\",\"name\":\"webdo\",\"description\":\"Tunisie - News en Tunisie et \u00e0 l&#039;international sur Webdo.tn\",\"publisher\":{\"@id\":\"https:\\\/\\\/www.webdo.tn\\\/fr\\\/#organization\"},\"potentialAction\":[{\"@type\":\"SearchAction\",\"target\":{\"@type\":\"EntryPoint\",\"urlTemplate\":\"https:\\\/\\\/www.webdo.tn\\\/fr\\\/?s={search_term_string}\"},\"query-input\":{\"@type\":\"PropertyValueSpecification\",\"valueRequired\":true,\"valueName\":\"search_term_string\"}}],\"inLanguage\":\"fr-FR\"},{\"@type\":\"Organization\",\"@id\":\"https:\\\/\\\/www.webdo.tn\\\/fr\\\/#organization\",\"name\":\"Webdo\",\"alternateName\":\"Webdo.tn\",\"url\":\"https:\\\/\\\/www.webdo.tn\\\/fr\\\/\",\"logo\":{\"@type\":\"ImageObject\",\"inLanguage\":\"fr-FR\",\"@id\":\"https:\\\/\\\/www.webdo.tn\\\/fr\\\/#\\\/schema\\\/logo\\\/image\\\/\",\"url\":\"https:\\\/\\\/www.webdo.tn\\\/fr\\\/wp-content\\\/uploads\\\/2025\\\/06\\\/Webdo-Tunisie_168377.jpg\",\"contentUrl\":\"https:\\\/\\\/www.webdo.tn\\\/fr\\\/wp-content\\\/uploads\\\/2025\\\/06\\\/Webdo-Tunisie_168377.jpg\",\"width\":301,\"height\":301,\"caption\":\"Webdo\"},\"image\":{\"@id\":\"https:\\\/\\\/www.webdo.tn\\\/fr\\\/#\\\/schema\\\/logo\\\/image\\\/\"},\"sameAs\":[\"https:\\\/\\\/www.facebook.com\\\/webdotn\",\"https:\\\/\\\/x.com\\\/webdo_tn\"],\"description\":\"Webdo est un m\u00e9dia num\u00e9rique tunisien fond\u00e9 en 2010, sp\u00e9cialis\u00e9 dans l\u2019actualit\u00e9 nationale et internationale, l\u2019\u00e9conomie, la soci\u00e9t\u00e9 et les analyses politiques. Le site s\u2019adresse \u00e0 un large public francophone et couvre l\u2019information tunisienne en temps r\u00e9el.\",\"email\":\"redac@webdo.tn\",\"legalName\":\"YNJ SARL\",\"foundingDate\":\"2010-09-06\",\"numberOfEmployees\":{\"@type\":\"QuantitativeValue\",\"minValue\":\"11\",\"maxValue\":\"50\"}},{\"@type\":\"Person\",\"@id\":\"https:\\\/\\\/www.webdo.tn\\\/fr\\\/#\\\/schema\\\/person\\\/590cb5f81adcfde6385530fdbdf468e2\",\"name\":\"Ramzi\",\"image\":{\"@type\":\"ImageObject\",\"inLanguage\":\"fr-FR\",\"@id\":\"https:\\\/\\\/secure.gravatar.com\\\/avatar\\\/48df7d18915e10cf866ba8e27604c81ff9243fd52704a1d210c3e387e1cb8d87?s=96&d=mm&r=g\",\"url\":\"https:\\\/\\\/secure.gravatar.com\\\/avatar\\\/48df7d18915e10cf866ba8e27604c81ff9243fd52704a1d210c3e387e1cb8d87?s=96&d=mm&r=g\",\"contentUrl\":\"https:\\\/\\\/secure.gravatar.com\\\/avatar\\\/48df7d18915e10cf866ba8e27604c81ff9243fd52704a1d210c3e387e1cb8d87?s=96&d=mm&r=g\",\"caption\":\"Ramzi\"},\"url\":\"https:\\\/\\\/www.webdo.tn\\\/fr\\\/actualite\\\/author\\\/ramzi\\\/\"}]}<\/script>\n<!-- \/ Yoast SEO Premium plugin. -->","yoast_head_json":{"title":"Le lait, vecteur de l\u2019\u00e9conomie !","description":"C\u2019est un secret de polichinelle. En ces temps o\u00f9 le lait vient \u00e0 manquer terriblement sur le march\u00e9, la vente conditionn\u00e9e est devenue le leitmotiv des industri...","canonical":"https:\/\/www.webdo.tn\/fr\/actualite\/national\/le-lait-vecteur-de-l-economie\/201413\/","og_locale":"fr_FR","og_type":"article","og_title":"Le lait, vecteur de l\u2019\u00e9conomie !","og_description":"C\u2019est un secret de polichinelle. En ces temps o\u00f9 le lait vient \u00e0 manquer terriblement sur le march\u00e9, la vente conditionn\u00e9e est devenue le leitmotiv des industri...","og_url":"https:\/\/www.webdo.tn\/fr\/actualite\/national\/le-lait-vecteur-de-l-economie\/201413\/","og_site_name":"webdo","article_publisher":"https:\/\/www.facebook.com\/webdotn","article_published_time":"2023-01-02T16:00:00+00:00","article_modified_time":"2025-05-20T22:59:05+00:00","og_image":[{"width":680,"height":363,"url":"https:\/\/www.webdo.tn\/fr\/wp-content\/uploads\/2023\/01\/5727e0b96ea9de132ad7d6a89723ddab.jpg","type":"image\/jpeg"}],"author":"Ramzi","twitter_card":"summary_large_image","twitter_creator":"@webdo_tn","twitter_site":"@webdo_tn","twitter_misc":{"\u00c9crit par":"Ramzi","Dur\u00e9e de lecture estim\u00e9e":"1 minute"},"schema":{"@context":"https:\/\/schema.org","@graph":[{"@type":"NewsArticle","@id":"https:\/\/www.webdo.tn\/fr\/actualite\/national\/le-lait-vecteur-de-l-economie\/201413\/#article","isPartOf":{"@id":"https:\/\/www.webdo.tn\/fr\/actualite\/national\/le-lait-vecteur-de-l-economie\/201413\/"},"author":{"name":"Ramzi","@id":"https:\/\/www.webdo.tn\/fr\/#\/schema\/person\/590cb5f81adcfde6385530fdbdf468e2"},"headline":"Le lait, vecteur de l\u2019\u00e9conomie !","datePublished":"2023-01-02T16:00:00+00:00","dateModified":"2025-05-20T22:59:05+00:00","mainEntityOfPage":{"@id":"https:\/\/www.webdo.tn\/fr\/actualite\/national\/le-lait-vecteur-de-l-economie\/201413\/"},"wordCount":274,"commentCount":0,"publisher":{"@id":"https:\/\/www.webdo.tn\/fr\/#organization"},"image":{"@id":"https:\/\/www.webdo.tn\/fr\/actualite\/national\/le-lait-vecteur-de-l-economie\/201413\/#primaryimage"},"thumbnailUrl":"https:\/\/www.webdo.tn\/fr\/wp-content\/uploads\/2023\/01\/5727e0b96ea9de132ad7d6a89723ddab.jpg","keywords":["Lait","vente conditionn\u00e9e"],"articleSection":["National"],"inLanguage":"fr-FR"},{"@type":"WebPage","@id":"https:\/\/www.webdo.tn\/fr\/actualite\/national\/le-lait-vecteur-de-l-economie\/201413\/","url":"https:\/\/www.webdo.tn\/fr\/actualite\/national\/le-lait-vecteur-de-l-economie\/201413\/","name":"Le lait, vecteur de l\u2019\u00e9conomie !","isPartOf":{"@id":"https:\/\/www.webdo.tn\/fr\/#website"},"primaryImageOfPage":{"@id":"https:\/\/www.webdo.tn\/fr\/actualite\/national\/le-lait-vecteur-de-l-economie\/201413\/#primaryimage"},"image":{"@id":"https:\/\/www.webdo.tn\/fr\/actualite\/national\/le-lait-vecteur-de-l-economie\/201413\/#primaryimage"},"thumbnailUrl":"https:\/\/www.webdo.tn\/fr\/wp-content\/uploads\/2023\/01\/5727e0b96ea9de132ad7d6a89723ddab.jpg","datePublished":"2023-01-02T16:00:00+00:00","dateModified":"2025-05-20T22:59:05+00:00","description":"C\u2019est un secret de polichinelle. En ces temps o\u00f9 le lait vient \u00e0 manquer terriblement sur le march\u00e9, la vente conditionn\u00e9e est devenue le leitmotiv des industri...","breadcrumb":{"@id":"https:\/\/www.webdo.tn\/fr\/actualite\/national\/le-lait-vecteur-de-l-economie\/201413\/#breadcrumb"},"inLanguage":"fr-FR","potentialAction":[{"@type":"ReadAction","target":["https:\/\/www.webdo.tn\/fr\/actualite\/national\/le-lait-vecteur-de-l-economie\/201413\/"]}]},{"@type":"ImageObject","inLanguage":"fr-FR","@id":"https:\/\/www.webdo.tn\/fr\/actualite\/national\/le-lait-vecteur-de-l-economie\/201413\/#primaryimage","url":"https:\/\/www.webdo.tn\/fr\/wp-content\/uploads\/2023\/01\/5727e0b96ea9de132ad7d6a89723ddab.jpg","contentUrl":"https:\/\/www.webdo.tn\/fr\/wp-content\/uploads\/2023\/01\/5727e0b96ea9de132ad7d6a89723ddab.jpg","width":680,"height":363,"caption":"Le lait, vecteur de l\u2019\u00e9conomie !"},{"@type":"BreadcrumbList","@id":"https:\/\/www.webdo.tn\/fr\/actualite\/national\/le-lait-vecteur-de-l-economie\/201413\/#breadcrumb","itemListElement":[{"@type":"ListItem","position":1,"name":"Accueil","item":"https:\/\/www.webdo.tn\/fr\/"},{"@type":"ListItem","position":2,"name":"Le lait, vecteur de l\u2019\u00e9conomie !"}]},{"@type":"WebSite","@id":"https:\/\/www.webdo.tn\/fr\/#website","url":"https:\/\/www.webdo.tn\/fr\/","name":"webdo","description":"Tunisie - News en Tunisie et \u00e0 l&#039;international sur Webdo.tn","publisher":{"@id":"https:\/\/www.webdo.tn\/fr\/#organization"},"potentialAction":[{"@type":"SearchAction","target":{"@type":"EntryPoint","urlTemplate":"https:\/\/www.webdo.tn\/fr\/?s={search_term_string}"},"query-input":{"@type":"PropertyValueSpecification","valueRequired":true,"valueName":"search_term_string"}}],"inLanguage":"fr-FR"},{"@type":"Organization","@id":"https:\/\/www.webdo.tn\/fr\/#organization","name":"Webdo","alternateName":"Webdo.tn","url":"https:\/\/www.webdo.tn\/fr\/","logo":{"@type":"ImageObject","inLanguage":"fr-FR","@id":"https:\/\/www.webdo.tn\/fr\/#\/schema\/logo\/image\/","url":"https:\/\/www.webdo.tn\/fr\/wp-content\/uploads\/2025\/06\/Webdo-Tunisie_168377.jpg","contentUrl":"https:\/\/www.webdo.tn\/fr\/wp-content\/uploads\/2025\/06\/Webdo-Tunisie_168377.jpg","width":301,"height":301,"caption":"Webdo"},"image":{"@id":"https:\/\/www.webdo.tn\/fr\/#\/schema\/logo\/image\/"},"sameAs":["https:\/\/www.facebook.com\/webdotn","https:\/\/x.com\/webdo_tn"],"description":"Webdo est un m\u00e9dia num\u00e9rique tunisien fond\u00e9 en 2010, sp\u00e9cialis\u00e9 dans l\u2019actualit\u00e9 nationale et internationale, l\u2019\u00e9conomie, la soci\u00e9t\u00e9 et les analyses politiques. Le site s\u2019adresse \u00e0 un large public francophone et couvre l\u2019information tunisienne en temps r\u00e9el.","email":"redac@webdo.tn","legalName":"YNJ SARL","foundingDate":"2010-09-06","numberOfEmployees":{"@type":"QuantitativeValue","minValue":"11","maxValue":"50"}},{"@type":"Person","@id":"https:\/\/www.webdo.tn\/fr\/#\/schema\/person\/590cb5f81adcfde6385530fdbdf468e2","name":"Ramzi","image":{"@type":"ImageObject","inLanguage":"fr-FR","@id":"https:\/\/secure.gravatar.com\/avatar\/48df7d18915e10cf866ba8e27604c81ff9243fd52704a1d210c3e387e1cb8d87?s=96&d=mm&r=g","url":"https:\/\/secure.gravatar.com\/avatar\/48df7d18915e10cf866ba8e27604c81ff9243fd52704a1d210c3e387e1cb8d87?s=96&d=mm&r=g","contentUrl":"https:\/\/secure.gravatar.com\/avatar\/48df7d18915e10cf866ba8e27604c81ff9243fd52704a1d210c3e387e1cb8d87?s=96&d=mm&r=g","caption":"Ramzi"},"url":"https:\/\/www.webdo.tn\/fr\/actualite\/author\/ramzi\/"}]}},"_links":{"self":[{"href":"https:\/\/www.webdo.tn\/fr\/wp-json\/wp\/v2\/posts\/201413","targetHints":{"allow":["GET"]}}],"collection":[{"href":"https:\/\/www.webdo.tn\/fr\/wp-json\/wp\/v2\/posts"}],"about":[{"href":"https:\/\/www.webdo.tn\/fr\/wp-json\/wp\/v2\/types\/post"}],"author":[{"embeddable":true,"href":"https:\/\/www.webdo.tn\/fr\/wp-json\/wp\/v2\/users\/3188"}],"replies":[{"embeddable":true,"href":"https:\/\/www.webdo.tn\/fr\/wp-json\/wp\/v2\/comments?post=201413"}],"version-history":[{"count":0,"href":"https:\/\/www.webdo.tn\/fr\/wp-json\/wp\/v2\/posts\/201413\/revisions"}],"wp:featuredmedia":[{"embeddable":true,"href":"https:\/\/www.webdo.tn\/fr\/wp-json\/wp\/v2\/media\/277496"}],"wp:attachment":[{"href":"https:\/\/www.webdo.tn\/fr\/wp-json\/wp\/v2\/media?parent=201413"}],"wp:term":[{"taxonomy":"category","embeddable":true,"href":"https:\/\/www.webdo.tn\/fr\/wp-json\/wp\/v2\/categories?post=201413"},{"taxonomy":"post_tag","embeddable":true,"href":"https:\/\/www.webdo.tn\/fr\/wp-json\/wp\/v2\/tags?post=201413"}],"curies":[{"name":"wp","href":"https:\/\/api.w.org\/{rel}","templated":true}]}}