{"id":201410,"date":"2023-01-02T14:38:00","date_gmt":"2023-01-02T14:38:00","guid":{"rendered":"https:\/\/www.webdo.tn\/fr\/blog\/ayachi-hammami-convoque-devant-la-justice\/201410\/"},"modified":"2025-05-20T22:06:39","modified_gmt":"2025-05-20T22:06:39","slug":"ayachi-hammami-convoque-devant-la-justice","status":"publish","type":"post","link":"https:\/\/www.webdo.tn\/fr\/actualite\/national\/ayachi-hammami-convoque-devant-la-justice\/201410\/","title":{"rendered":"Ayachi Hammami convoqu\u00e9 devant la justice"},"content":{"rendered":"<p>L\u2019avocat et ancien ministre aupr\u00e8s du chef du gouvernement charg\u00e9 des Droits de l&rsquo;homme et de la Relation avec les instances constitutionnelles et la Soci\u00e9t\u00e9 civile, Ayachi Hammami a \u00e9t\u00e9 d\u00e9f\u00e9r\u00e9 \u00e0 l\u2019attention du juge d\u2019instruction du tribunal de premi\u00e8re instance de Tunis par la ministre de la Justice Leila Jaffel.<\/p>\n<p>\t\t\t\t\t\t\t\t\tIl est accus\u00e9 d\u2019avoir utilis\u00e9 d\u00e9lib\u00e9r\u00e9ment les r\u00e9seaux sociaux et les syst\u00e8mes de communication pour r\u00e9pandre de fausses informations, en lien avec une d\u00e9claration dans laquelle il a d\u00e9clar\u00e9 que la ministre avait renvoy\u00e9 les juges au p\u00f4le antiterroriste.<\/p>\n<p>Il est \u00e9galement accus\u00e9 d\u2019avoir tent\u00e9 de nuire \u00e0 la s\u00e9curit\u00e9 publique suite \u00e0 cette d\u00e9claration, a confirm\u00e9 l\u2019int\u00e9ress\u00e9, ce lundi 2 janvier 2023 sur les ondes de Mosaique fm.<\/p>\n","protected":false},"excerpt":{"rendered":"<p>L\u2019avocat et ancien ministre aupr\u00e8s du chef du gouvernement charg\u00e9 des Droits de l&rsquo;homme et de la Relation avec les instances constitutionnelles et la Soci\u00e9t\u00e9 ci&#8230;<\/p>\n","protected":false},"author":3162,"featured_media":277495,"comment_status":"open","ping_status":"closed","sticky":false,"template":"","format":"standard","meta":{"footnotes":""},"categories":[44],"tags":[7766,2619,2836],"class_list":["post-201410","post","type-post","status-publish","format-standard","has-post-thumbnail","hentry","category-national","tag-ayachi-hammami","tag-justice","tag-reseaux-sociaux"],"yoast_head":"<!-- This site is optimized with the Yoast SEO Premium plugin v27.5 (Yoast SEO v27.5) - https:\/\/yoast.com\/product\/yoast-seo-premium-wordpress\/ -->\n<title>Ayachi Hammami convoqu\u00e9 devant la justice<\/title>\n<meta name=\"description\" content=\"L\u2019avocat et ancien ministre aupr\u00e8s du chef du gouvernement charg\u00e9 des Droits de l&#039;homme et de la Relation avec les instances constitutionnelles et la Soci\u00e9t\u00e9 ci...\" \/>\n<link rel=\"canonical\" href=\"https:\/\/www.webdo.tn\/fr\/actualite\/national\/ayachi-hammami-convoque-devant-la-justice\/201410\/\" \/>\n<meta property=\"og:locale\" content=\"fr_FR\" \/>\n<meta property=\"og:type\" content=\"article\" \/>\n<meta property=\"og:title\" content=\"Ayachi Hammami convoqu\u00e9 devant la justice\" \/>\n<meta property=\"og:description\" content=\"L\u2019avocat et ancien ministre aupr\u00e8s du chef du gouvernement charg\u00e9 des Droits de l&#039;homme et de la Relation avec les instances constitutionnelles et la Soci\u00e9t\u00e9 ci...\" \/>\n<meta property=\"og:url\" content=\"https:\/\/www.webdo.tn\/fr\/actualite\/national\/ayachi-hammami-convoque-devant-la-justice\/201410\/\" \/>\n<meta property=\"og:site_name\" content=\"webdo\" \/>\n<meta property=\"article:publisher\" content=\"https:\/\/www.facebook.com\/webdotn\" \/>\n<meta property=\"article:published_time\" content=\"2023-01-02T14:38:00+00:00\" \/>\n<meta property=\"article:modified_time\" content=\"2025-05-20T22:06:39+00:00\" \/>\n<meta property=\"og:image\" content=\"https:\/\/www.webdo.tn\/fr\/wp-content\/uploads\/2023\/01\/1c196493aa7d7015a95af29e7c41ff6f.jpg\" \/>\n\t<meta property=\"og:image:width\" content=\"750\" \/>\n\t<meta property=\"og:image:height\" content=\"400\" \/>\n\t<meta property=\"og:image:type\" content=\"image\/jpeg\" \/>\n<meta name=\"author\" content=\"MC\" \/>\n<meta name=\"twitter:card\" content=\"summary_large_image\" \/>\n<meta name=\"twitter:creator\" content=\"@webdo_tn\" \/>\n<meta name=\"twitter:site\" content=\"@webdo_tn\" \/>\n<meta name=\"twitter:label1\" content=\"\u00c9crit par\" \/>\n\t<meta name=\"twitter:data1\" content=\"MC\" \/>\n\t<meta name=\"twitter:label2\" content=\"Dur\u00e9e de lecture estim\u00e9e\" \/>\n\t<meta name=\"twitter:data2\" content=\"1 minute\" \/>\n<script type=\"application\/ld+json\" class=\"yoast-schema-graph\">{\"@context\":\"https:\\\/\\\/schema.org\",\"@graph\":[{\"@type\":\"NewsArticle\",\"@id\":\"https:\\\/\\\/www.webdo.tn\\\/fr\\\/actualite\\\/national\\\/ayachi-hammami-convoque-devant-la-justice\\\/201410\\\/#article\",\"isPartOf\":{\"@id\":\"https:\\\/\\\/www.webdo.tn\\\/fr\\\/actualite\\\/national\\\/ayachi-hammami-convoque-devant-la-justice\\\/201410\\\/\"},\"author\":{\"name\":\"MC\",\"@id\":\"https:\\\/\\\/www.webdo.tn\\\/fr\\\/#\\\/schema\\\/person\\\/2c4929cbf5a809e3bd38617c6ce150f6\"},\"headline\":\"Ayachi Hammami convoqu\u00e9 devant la justice\",\"datePublished\":\"2023-01-02T14:38:00+00:00\",\"dateModified\":\"2025-05-20T22:06:39+00:00\",\"mainEntityOfPage\":{\"@id\":\"https:\\\/\\\/www.webdo.tn\\\/fr\\\/actualite\\\/national\\\/ayachi-hammami-convoque-devant-la-justice\\\/201410\\\/\"},\"wordCount\":145,\"commentCount\":0,\"publisher\":{\"@id\":\"https:\\\/\\\/www.webdo.tn\\\/fr\\\/#organization\"},\"image\":{\"@id\":\"https:\\\/\\\/www.webdo.tn\\\/fr\\\/actualite\\\/national\\\/ayachi-hammami-convoque-devant-la-justice\\\/201410\\\/#primaryimage\"},\"thumbnailUrl\":\"https:\\\/\\\/www.webdo.tn\\\/fr\\\/wp-content\\\/uploads\\\/2023\\\/01\\\/1c196493aa7d7015a95af29e7c41ff6f.jpg\",\"keywords\":[\"Ayachi Hammami\",\"justice\",\"r\u00e9seaux sociaux\"],\"articleSection\":[\"National\"],\"inLanguage\":\"fr-FR\"},{\"@type\":\"WebPage\",\"@id\":\"https:\\\/\\\/www.webdo.tn\\\/fr\\\/actualite\\\/national\\\/ayachi-hammami-convoque-devant-la-justice\\\/201410\\\/\",\"url\":\"https:\\\/\\\/www.webdo.tn\\\/fr\\\/actualite\\\/national\\\/ayachi-hammami-convoque-devant-la-justice\\\/201410\\\/\",\"name\":\"Ayachi Hammami convoqu\u00e9 devant la justice\",\"isPartOf\":{\"@id\":\"https:\\\/\\\/www.webdo.tn\\\/fr\\\/#website\"},\"primaryImageOfPage\":{\"@id\":\"https:\\\/\\\/www.webdo.tn\\\/fr\\\/actualite\\\/national\\\/ayachi-hammami-convoque-devant-la-justice\\\/201410\\\/#primaryimage\"},\"image\":{\"@id\":\"https:\\\/\\\/www.webdo.tn\\\/fr\\\/actualite\\\/national\\\/ayachi-hammami-convoque-devant-la-justice\\\/201410\\\/#primaryimage\"},\"thumbnailUrl\":\"https:\\\/\\\/www.webdo.tn\\\/fr\\\/wp-content\\\/uploads\\\/2023\\\/01\\\/1c196493aa7d7015a95af29e7c41ff6f.jpg\",\"datePublished\":\"2023-01-02T14:38:00+00:00\",\"dateModified\":\"2025-05-20T22:06:39+00:00\",\"description\":\"L\u2019avocat et ancien ministre aupr\u00e8s du chef du gouvernement charg\u00e9 des Droits de l'homme et de la Relation avec les instances constitutionnelles et la Soci\u00e9t\u00e9 ci...\",\"breadcrumb\":{\"@id\":\"https:\\\/\\\/www.webdo.tn\\\/fr\\\/actualite\\\/national\\\/ayachi-hammami-convoque-devant-la-justice\\\/201410\\\/#breadcrumb\"},\"inLanguage\":\"fr-FR\",\"potentialAction\":[{\"@type\":\"ReadAction\",\"target\":[\"https:\\\/\\\/www.webdo.tn\\\/fr\\\/actualite\\\/national\\\/ayachi-hammami-convoque-devant-la-justice\\\/201410\\\/\"]}]},{\"@type\":\"ImageObject\",\"inLanguage\":\"fr-FR\",\"@id\":\"https:\\\/\\\/www.webdo.tn\\\/fr\\\/actualite\\\/national\\\/ayachi-hammami-convoque-devant-la-justice\\\/201410\\\/#primaryimage\",\"url\":\"https:\\\/\\\/www.webdo.tn\\\/fr\\\/wp-content\\\/uploads\\\/2023\\\/01\\\/1c196493aa7d7015a95af29e7c41ff6f.jpg\",\"contentUrl\":\"https:\\\/\\\/www.webdo.tn\\\/fr\\\/wp-content\\\/uploads\\\/2023\\\/01\\\/1c196493aa7d7015a95af29e7c41ff6f.jpg\",\"width\":750,\"height\":400,\"caption\":\"Ayachi Hammami convoqu\u00e9 devant la justice\"},{\"@type\":\"BreadcrumbList\",\"@id\":\"https:\\\/\\\/www.webdo.tn\\\/fr\\\/actualite\\\/national\\\/ayachi-hammami-convoque-devant-la-justice\\\/201410\\\/#breadcrumb\",\"itemListElement\":[{\"@type\":\"ListItem\",\"position\":1,\"name\":\"Accueil\",\"item\":\"https:\\\/\\\/www.webdo.tn\\\/fr\\\/\"},{\"@type\":\"ListItem\",\"position\":2,\"name\":\"Ayachi Hammami convoqu\u00e9 devant la justice\"}]},{\"@type\":\"WebSite\",\"@id\":\"https:\\\/\\\/www.webdo.tn\\\/fr\\\/#website\",\"url\":\"https:\\\/\\\/www.webdo.tn\\\/fr\\\/\",\"name\":\"webdo\",\"description\":\"Tunisie - News en Tunisie et \u00e0 l&#039;international sur Webdo.tn\",\"publisher\":{\"@id\":\"https:\\\/\\\/www.webdo.tn\\\/fr\\\/#organization\"},\"potentialAction\":[{\"@type\":\"SearchAction\",\"target\":{\"@type\":\"EntryPoint\",\"urlTemplate\":\"https:\\\/\\\/www.webdo.tn\\\/fr\\\/?s={search_term_string}\"},\"query-input\":{\"@type\":\"PropertyValueSpecification\",\"valueRequired\":true,\"valueName\":\"search_term_string\"}}],\"inLanguage\":\"fr-FR\"},{\"@type\":\"Organization\",\"@id\":\"https:\\\/\\\/www.webdo.tn\\\/fr\\\/#organization\",\"name\":\"Webdo\",\"alternateName\":\"Webdo.tn\",\"url\":\"https:\\\/\\\/www.webdo.tn\\\/fr\\\/\",\"logo\":{\"@type\":\"ImageObject\",\"inLanguage\":\"fr-FR\",\"@id\":\"https:\\\/\\\/www.webdo.tn\\\/fr\\\/#\\\/schema\\\/logo\\\/image\\\/\",\"url\":\"https:\\\/\\\/www.webdo.tn\\\/fr\\\/wp-content\\\/uploads\\\/2025\\\/06\\\/Webdo-Tunisie_168377.jpg\",\"contentUrl\":\"https:\\\/\\\/www.webdo.tn\\\/fr\\\/wp-content\\\/uploads\\\/2025\\\/06\\\/Webdo-Tunisie_168377.jpg\",\"width\":301,\"height\":301,\"caption\":\"Webdo\"},\"image\":{\"@id\":\"https:\\\/\\\/www.webdo.tn\\\/fr\\\/#\\\/schema\\\/logo\\\/image\\\/\"},\"sameAs\":[\"https:\\\/\\\/www.facebook.com\\\/webdotn\",\"https:\\\/\\\/x.com\\\/webdo_tn\"],\"description\":\"Webdo est un m\u00e9dia num\u00e9rique tunisien fond\u00e9 en 2010, sp\u00e9cialis\u00e9 dans l\u2019actualit\u00e9 nationale et internationale, l\u2019\u00e9conomie, la soci\u00e9t\u00e9 et les analyses politiques. Le site s\u2019adresse \u00e0 un large public francophone et couvre l\u2019information tunisienne en temps r\u00e9el.\",\"email\":\"redac@webdo.tn\",\"legalName\":\"YNJ SARL\",\"foundingDate\":\"2010-09-06\",\"numberOfEmployees\":{\"@type\":\"QuantitativeValue\",\"minValue\":\"11\",\"maxValue\":\"50\"}},{\"@type\":\"Person\",\"@id\":\"https:\\\/\\\/www.webdo.tn\\\/fr\\\/#\\\/schema\\\/person\\\/2c4929cbf5a809e3bd38617c6ce150f6\",\"name\":\"MC\",\"image\":{\"@type\":\"ImageObject\",\"inLanguage\":\"fr-FR\",\"@id\":\"https:\\\/\\\/secure.gravatar.com\\\/avatar\\\/a545bbb6f84efdd5553dbbc2895e3ca8f1d12c5215e00a041c9670b54aa9b18a?s=96&d=mm&r=g\",\"url\":\"https:\\\/\\\/secure.gravatar.com\\\/avatar\\\/a545bbb6f84efdd5553dbbc2895e3ca8f1d12c5215e00a041c9670b54aa9b18a?s=96&d=mm&r=g\",\"contentUrl\":\"https:\\\/\\\/secure.gravatar.com\\\/avatar\\\/a545bbb6f84efdd5553dbbc2895e3ca8f1d12c5215e00a041c9670b54aa9b18a?s=96&d=mm&r=g\",\"caption\":\"MC\"},\"url\":\"https:\\\/\\\/www.webdo.tn\\\/fr\\\/actualite\\\/author\\\/mc\\\/\"}]}<\/script>\n<!-- \/ Yoast SEO Premium plugin. -->","yoast_head_json":{"title":"Ayachi Hammami convoqu\u00e9 devant la justice","description":"L\u2019avocat et ancien ministre aupr\u00e8s du chef du gouvernement charg\u00e9 des Droits de l'homme et de la Relation avec les instances constitutionnelles et la Soci\u00e9t\u00e9 ci...","canonical":"https:\/\/www.webdo.tn\/fr\/actualite\/national\/ayachi-hammami-convoque-devant-la-justice\/201410\/","og_locale":"fr_FR","og_type":"article","og_title":"Ayachi Hammami convoqu\u00e9 devant la justice","og_description":"L\u2019avocat et ancien ministre aupr\u00e8s du chef du gouvernement charg\u00e9 des Droits de l'homme et de la Relation avec les instances constitutionnelles et la Soci\u00e9t\u00e9 ci...","og_url":"https:\/\/www.webdo.tn\/fr\/actualite\/national\/ayachi-hammami-convoque-devant-la-justice\/201410\/","og_site_name":"webdo","article_publisher":"https:\/\/www.facebook.com\/webdotn","article_published_time":"2023-01-02T14:38:00+00:00","article_modified_time":"2025-05-20T22:06:39+00:00","og_image":[{"width":750,"height":400,"url":"https:\/\/www.webdo.tn\/fr\/wp-content\/uploads\/2023\/01\/1c196493aa7d7015a95af29e7c41ff6f.jpg","type":"image\/jpeg"}],"author":"MC","twitter_card":"summary_large_image","twitter_creator":"@webdo_tn","twitter_site":"@webdo_tn","twitter_misc":{"\u00c9crit par":"MC","Dur\u00e9e de lecture estim\u00e9e":"1 minute"},"schema":{"@context":"https:\/\/schema.org","@graph":[{"@type":"NewsArticle","@id":"https:\/\/www.webdo.tn\/fr\/actualite\/national\/ayachi-hammami-convoque-devant-la-justice\/201410\/#article","isPartOf":{"@id":"https:\/\/www.webdo.tn\/fr\/actualite\/national\/ayachi-hammami-convoque-devant-la-justice\/201410\/"},"author":{"name":"MC","@id":"https:\/\/www.webdo.tn\/fr\/#\/schema\/person\/2c4929cbf5a809e3bd38617c6ce150f6"},"headline":"Ayachi Hammami convoqu\u00e9 devant la justice","datePublished":"2023-01-02T14:38:00+00:00","dateModified":"2025-05-20T22:06:39+00:00","mainEntityOfPage":{"@id":"https:\/\/www.webdo.tn\/fr\/actualite\/national\/ayachi-hammami-convoque-devant-la-justice\/201410\/"},"wordCount":145,"commentCount":0,"publisher":{"@id":"https:\/\/www.webdo.tn\/fr\/#organization"},"image":{"@id":"https:\/\/www.webdo.tn\/fr\/actualite\/national\/ayachi-hammami-convoque-devant-la-justice\/201410\/#primaryimage"},"thumbnailUrl":"https:\/\/www.webdo.tn\/fr\/wp-content\/uploads\/2023\/01\/1c196493aa7d7015a95af29e7c41ff6f.jpg","keywords":["Ayachi Hammami","justice","r\u00e9seaux sociaux"],"articleSection":["National"],"inLanguage":"fr-FR"},{"@type":"WebPage","@id":"https:\/\/www.webdo.tn\/fr\/actualite\/national\/ayachi-hammami-convoque-devant-la-justice\/201410\/","url":"https:\/\/www.webdo.tn\/fr\/actualite\/national\/ayachi-hammami-convoque-devant-la-justice\/201410\/","name":"Ayachi Hammami convoqu\u00e9 devant la justice","isPartOf":{"@id":"https:\/\/www.webdo.tn\/fr\/#website"},"primaryImageOfPage":{"@id":"https:\/\/www.webdo.tn\/fr\/actualite\/national\/ayachi-hammami-convoque-devant-la-justice\/201410\/#primaryimage"},"image":{"@id":"https:\/\/www.webdo.tn\/fr\/actualite\/national\/ayachi-hammami-convoque-devant-la-justice\/201410\/#primaryimage"},"thumbnailUrl":"https:\/\/www.webdo.tn\/fr\/wp-content\/uploads\/2023\/01\/1c196493aa7d7015a95af29e7c41ff6f.jpg","datePublished":"2023-01-02T14:38:00+00:00","dateModified":"2025-05-20T22:06:39+00:00","description":"L\u2019avocat et ancien ministre aupr\u00e8s du chef du gouvernement charg\u00e9 des Droits de l'homme et de la Relation avec les instances constitutionnelles et la Soci\u00e9t\u00e9 ci...","breadcrumb":{"@id":"https:\/\/www.webdo.tn\/fr\/actualite\/national\/ayachi-hammami-convoque-devant-la-justice\/201410\/#breadcrumb"},"inLanguage":"fr-FR","potentialAction":[{"@type":"ReadAction","target":["https:\/\/www.webdo.tn\/fr\/actualite\/national\/ayachi-hammami-convoque-devant-la-justice\/201410\/"]}]},{"@type":"ImageObject","inLanguage":"fr-FR","@id":"https:\/\/www.webdo.tn\/fr\/actualite\/national\/ayachi-hammami-convoque-devant-la-justice\/201410\/#primaryimage","url":"https:\/\/www.webdo.tn\/fr\/wp-content\/uploads\/2023\/01\/1c196493aa7d7015a95af29e7c41ff6f.jpg","contentUrl":"https:\/\/www.webdo.tn\/fr\/wp-content\/uploads\/2023\/01\/1c196493aa7d7015a95af29e7c41ff6f.jpg","width":750,"height":400,"caption":"Ayachi Hammami convoqu\u00e9 devant la justice"},{"@type":"BreadcrumbList","@id":"https:\/\/www.webdo.tn\/fr\/actualite\/national\/ayachi-hammami-convoque-devant-la-justice\/201410\/#breadcrumb","itemListElement":[{"@type":"ListItem","position":1,"name":"Accueil","item":"https:\/\/www.webdo.tn\/fr\/"},{"@type":"ListItem","position":2,"name":"Ayachi Hammami convoqu\u00e9 devant la justice"}]},{"@type":"WebSite","@id":"https:\/\/www.webdo.tn\/fr\/#website","url":"https:\/\/www.webdo.tn\/fr\/","name":"webdo","description":"Tunisie - News en Tunisie et \u00e0 l&#039;international sur Webdo.tn","publisher":{"@id":"https:\/\/www.webdo.tn\/fr\/#organization"},"potentialAction":[{"@type":"SearchAction","target":{"@type":"EntryPoint","urlTemplate":"https:\/\/www.webdo.tn\/fr\/?s={search_term_string}"},"query-input":{"@type":"PropertyValueSpecification","valueRequired":true,"valueName":"search_term_string"}}],"inLanguage":"fr-FR"},{"@type":"Organization","@id":"https:\/\/www.webdo.tn\/fr\/#organization","name":"Webdo","alternateName":"Webdo.tn","url":"https:\/\/www.webdo.tn\/fr\/","logo":{"@type":"ImageObject","inLanguage":"fr-FR","@id":"https:\/\/www.webdo.tn\/fr\/#\/schema\/logo\/image\/","url":"https:\/\/www.webdo.tn\/fr\/wp-content\/uploads\/2025\/06\/Webdo-Tunisie_168377.jpg","contentUrl":"https:\/\/www.webdo.tn\/fr\/wp-content\/uploads\/2025\/06\/Webdo-Tunisie_168377.jpg","width":301,"height":301,"caption":"Webdo"},"image":{"@id":"https:\/\/www.webdo.tn\/fr\/#\/schema\/logo\/image\/"},"sameAs":["https:\/\/www.facebook.com\/webdotn","https:\/\/x.com\/webdo_tn"],"description":"Webdo est un m\u00e9dia num\u00e9rique tunisien fond\u00e9 en 2010, sp\u00e9cialis\u00e9 dans l\u2019actualit\u00e9 nationale et internationale, l\u2019\u00e9conomie, la soci\u00e9t\u00e9 et les analyses politiques. Le site s\u2019adresse \u00e0 un large public francophone et couvre l\u2019information tunisienne en temps r\u00e9el.","email":"redac@webdo.tn","legalName":"YNJ SARL","foundingDate":"2010-09-06","numberOfEmployees":{"@type":"QuantitativeValue","minValue":"11","maxValue":"50"}},{"@type":"Person","@id":"https:\/\/www.webdo.tn\/fr\/#\/schema\/person\/2c4929cbf5a809e3bd38617c6ce150f6","name":"MC","image":{"@type":"ImageObject","inLanguage":"fr-FR","@id":"https:\/\/secure.gravatar.com\/avatar\/a545bbb6f84efdd5553dbbc2895e3ca8f1d12c5215e00a041c9670b54aa9b18a?s=96&d=mm&r=g","url":"https:\/\/secure.gravatar.com\/avatar\/a545bbb6f84efdd5553dbbc2895e3ca8f1d12c5215e00a041c9670b54aa9b18a?s=96&d=mm&r=g","contentUrl":"https:\/\/secure.gravatar.com\/avatar\/a545bbb6f84efdd5553dbbc2895e3ca8f1d12c5215e00a041c9670b54aa9b18a?s=96&d=mm&r=g","caption":"MC"},"url":"https:\/\/www.webdo.tn\/fr\/actualite\/author\/mc\/"}]}},"_links":{"self":[{"href":"https:\/\/www.webdo.tn\/fr\/wp-json\/wp\/v2\/posts\/201410","targetHints":{"allow":["GET"]}}],"collection":[{"href":"https:\/\/www.webdo.tn\/fr\/wp-json\/wp\/v2\/posts"}],"about":[{"href":"https:\/\/www.webdo.tn\/fr\/wp-json\/wp\/v2\/types\/post"}],"author":[{"embeddable":true,"href":"https:\/\/www.webdo.tn\/fr\/wp-json\/wp\/v2\/users\/3162"}],"replies":[{"embeddable":true,"href":"https:\/\/www.webdo.tn\/fr\/wp-json\/wp\/v2\/comments?post=201410"}],"version-history":[{"count":0,"href":"https:\/\/www.webdo.tn\/fr\/wp-json\/wp\/v2\/posts\/201410\/revisions"}],"wp:featuredmedia":[{"embeddable":true,"href":"https:\/\/www.webdo.tn\/fr\/wp-json\/wp\/v2\/media\/277495"}],"wp:attachment":[{"href":"https:\/\/www.webdo.tn\/fr\/wp-json\/wp\/v2\/media?parent=201410"}],"wp:term":[{"taxonomy":"category","embeddable":true,"href":"https:\/\/www.webdo.tn\/fr\/wp-json\/wp\/v2\/categories?post=201410"},{"taxonomy":"post_tag","embeddable":true,"href":"https:\/\/www.webdo.tn\/fr\/wp-json\/wp\/v2\/tags?post=201410"}],"curies":[{"name":"wp","href":"https:\/\/api.w.org\/{rel}","templated":true}]}}