{"id":201404,"date":"2023-01-02T12:07:00","date_gmt":"2023-01-02T12:07:00","guid":{"rendered":"https:\/\/www.webdo.tn\/fr\/blog\/l-ugtt-annonce-une-greve-ouverte-dans-le-secteur-du-transport\/201404\/"},"modified":"2025-05-20T22:06:38","modified_gmt":"2025-05-20T22:06:38","slug":"l-ugtt-annonce-une-greve-ouverte-dans-le-secteur-du-transport","status":"publish","type":"post","link":"https:\/\/www.webdo.tn\/fr\/actualite\/national\/l-ugtt-annonce-une-greve-ouverte-dans-le-secteur-du-transport\/201404\/","title":{"rendered":"L\u2019UGTT annonce une gr\u00e8ve ouverte dans le secteur du transport"},"content":{"rendered":"<p>Le secr\u00e9taire g\u00e9n\u00e9ral de la F\u00e9d\u00e9ration g\u00e9n\u00e9rale de Transport aupr\u00e8s de l&rsquo;UGTT, Wajih Zidi a annonc\u00e9 une gr\u00e8ve ouverte des agents de la Soci\u00e9t\u00e9 des Transports de Tunis (TRANSTU) \u00e0 partir de ce lundi 2 janvier 2023.<\/p>\n<p>\t\t\t\t\t\t\t\t\tUne gr\u00e8ve en vigueur jusqu&rsquo;\u00e0 ce que le gouvernement et le minist\u00e8re du Transport respectent leurs engagements, en versant les salaires des agents et leurs primes de fin d&rsquo;ann\u00e9e.<\/p>\n<p>Les agents et cadres de la TRANSTU affili\u00e9es \u00e0 la F\u00e9d\u00e9ration g\u00e9n\u00e9rale du transport, relevant de l\u2019Union G\u00e9n\u00e9rale Tunisienne du Travail (UGTT) observent, ce lundi 2 janvier 2023, un sit-in de protestation \u00e0 la place du gouvernement de la Kasbah et devant le minist\u00e8re des Finances.<\/p>\n<p>Aujourd\u2019hui, de fortes perturbations ont \u00e9t\u00e9 enregistr\u00e9es au sein des transports en commun dans le Grand-Tunis. Les propri\u00e9taires de taxis individuels observent \u00e9galement une gr\u00e8ve sur le Grand-Tunis, ce lundi.<\/p>\n<p>Par ailleurs, le secr\u00e9taire g\u00e9n\u00e9ral-adjoint de l\u2019Union r\u00e9gionale du transport de Tunis, Neji Hamdi, a indiqu\u00e9, sur les ondes de Mosa\u00efque FM, que le ministre du Transport, Rabie Majidi, a fait savoir \u00e0 la partie syndicale que l\u2019Etat n\u2019est pas en mesure de payer les dus des agents du transport.<\/p>\n<p>\u00ab\u00a0La gr\u00e8ve se poursuivra jusqu\u2019au paiement de nos dus (\u2026) Le probl\u00e8me est que rien ne laisse pr\u00e9sager un \u00e9ventuel d\u00e9nouement\u00a0\u00bb, a-t-il soulign\u00e9.<\/p>\n","protected":false},"excerpt":{"rendered":"<p>Le secr\u00e9taire g\u00e9n\u00e9ral de la F\u00e9d\u00e9ration g\u00e9n\u00e9rale de Transport aupr\u00e8s de l&rsquo;UGTT, Wajih Zidi a annonc\u00e9 une gr\u00e8ve ouverte des agents de la Soci\u00e9t\u00e9 des Transports de&#8230;<\/p>\n","protected":false},"author":3162,"featured_media":277490,"comment_status":"open","ping_status":"closed","sticky":false,"template":"","format":"standard","meta":{"footnotes":""},"categories":[44],"tags":[2647,2818,2640],"class_list":["post-201404","post","type-post","status-publish","format-standard","has-post-thumbnail","hentry","category-national","tag-greve","tag-transport","tag-tunis"],"yoast_head":"<!-- This site is optimized with the Yoast SEO Premium plugin v27.4 (Yoast SEO v27.5) - https:\/\/yoast.com\/product\/yoast-seo-premium-wordpress\/ -->\n<title>L\u2019UGTT annonce une gr\u00e8ve ouverte dans le secteur du transport<\/title>\n<meta name=\"description\" content=\"Le secr\u00e9taire g\u00e9n\u00e9ral de la F\u00e9d\u00e9ration g\u00e9n\u00e9rale de Transport aupr\u00e8s de l&#039;UGTT, Wajih Zidi a annonc\u00e9 une gr\u00e8ve ouverte des agents de la Soci\u00e9t\u00e9 des Transports de...\" \/>\n<link rel=\"canonical\" href=\"https:\/\/www.webdo.tn\/fr\/actualite\/national\/l-ugtt-annonce-une-greve-ouverte-dans-le-secteur-du-transport\/201404\/\" \/>\n<meta property=\"og:locale\" content=\"fr_FR\" \/>\n<meta property=\"og:type\" content=\"article\" \/>\n<meta property=\"og:title\" content=\"L\u2019UGTT annonce une gr\u00e8ve ouverte dans le secteur du transport\" \/>\n<meta property=\"og:description\" content=\"Le secr\u00e9taire g\u00e9n\u00e9ral de la F\u00e9d\u00e9ration g\u00e9n\u00e9rale de Transport aupr\u00e8s de l&#039;UGTT, Wajih Zidi a annonc\u00e9 une gr\u00e8ve ouverte des agents de la Soci\u00e9t\u00e9 des Transports de...\" \/>\n<meta property=\"og:url\" content=\"https:\/\/www.webdo.tn\/fr\/actualite\/national\/l-ugtt-annonce-une-greve-ouverte-dans-le-secteur-du-transport\/201404\/\" \/>\n<meta property=\"og:site_name\" content=\"webdo\" \/>\n<meta property=\"article:publisher\" content=\"https:\/\/www.facebook.com\/webdotn\" \/>\n<meta property=\"article:published_time\" content=\"2023-01-02T12:07:00+00:00\" \/>\n<meta property=\"article:modified_time\" content=\"2025-05-20T22:06:38+00:00\" \/>\n<meta property=\"og:image\" content=\"https:\/\/www.webdo.tn\/fr\/wp-content\/uploads\/2023\/01\/0d0234c2974a7350bbbd3540c3598a87.jpg\" \/>\n\t<meta property=\"og:image:width\" content=\"750\" \/>\n\t<meta property=\"og:image:height\" content=\"400\" \/>\n\t<meta property=\"og:image:type\" content=\"image\/jpeg\" \/>\n<meta name=\"author\" content=\"MC\" \/>\n<meta name=\"twitter:card\" content=\"summary_large_image\" \/>\n<meta name=\"twitter:creator\" content=\"@webdo_tn\" \/>\n<meta name=\"twitter:site\" content=\"@webdo_tn\" \/>\n<meta name=\"twitter:label1\" content=\"\u00c9crit par\" \/>\n\t<meta name=\"twitter:data1\" content=\"MC\" \/>\n\t<meta name=\"twitter:label2\" content=\"Dur\u00e9e de lecture estim\u00e9e\" \/>\n\t<meta name=\"twitter:data2\" content=\"1 minute\" \/>\n<script type=\"application\/ld+json\" class=\"yoast-schema-graph\">{\"@context\":\"https:\\\/\\\/schema.org\",\"@graph\":[{\"@type\":\"NewsArticle\",\"@id\":\"https:\\\/\\\/www.webdo.tn\\\/fr\\\/actualite\\\/national\\\/l-ugtt-annonce-une-greve-ouverte-dans-le-secteur-du-transport\\\/201404\\\/#article\",\"isPartOf\":{\"@id\":\"https:\\\/\\\/www.webdo.tn\\\/fr\\\/actualite\\\/national\\\/l-ugtt-annonce-une-greve-ouverte-dans-le-secteur-du-transport\\\/201404\\\/\"},\"author\":{\"name\":\"MC\",\"@id\":\"https:\\\/\\\/www.webdo.tn\\\/fr\\\/#\\\/schema\\\/person\\\/2c4929cbf5a809e3bd38617c6ce150f6\"},\"headline\":\"L\u2019UGTT annonce une gr\u00e8ve ouverte dans le secteur du transport\",\"datePublished\":\"2023-01-02T12:07:00+00:00\",\"dateModified\":\"2025-05-20T22:06:38+00:00\",\"mainEntityOfPage\":{\"@id\":\"https:\\\/\\\/www.webdo.tn\\\/fr\\\/actualite\\\/national\\\/l-ugtt-annonce-une-greve-ouverte-dans-le-secteur-du-transport\\\/201404\\\/\"},\"wordCount\":259,\"commentCount\":0,\"publisher\":{\"@id\":\"https:\\\/\\\/www.webdo.tn\\\/fr\\\/#organization\"},\"image\":{\"@id\":\"https:\\\/\\\/www.webdo.tn\\\/fr\\\/actualite\\\/national\\\/l-ugtt-annonce-une-greve-ouverte-dans-le-secteur-du-transport\\\/201404\\\/#primaryimage\"},\"thumbnailUrl\":\"https:\\\/\\\/www.webdo.tn\\\/fr\\\/wp-content\\\/uploads\\\/2023\\\/01\\\/0d0234c2974a7350bbbd3540c3598a87.jpg\",\"keywords\":[\"Gr\u00e8ve\",\"Transport\",\"Tunis\"],\"articleSection\":[\"National\"],\"inLanguage\":\"fr-FR\"},{\"@type\":\"WebPage\",\"@id\":\"https:\\\/\\\/www.webdo.tn\\\/fr\\\/actualite\\\/national\\\/l-ugtt-annonce-une-greve-ouverte-dans-le-secteur-du-transport\\\/201404\\\/\",\"url\":\"https:\\\/\\\/www.webdo.tn\\\/fr\\\/actualite\\\/national\\\/l-ugtt-annonce-une-greve-ouverte-dans-le-secteur-du-transport\\\/201404\\\/\",\"name\":\"L\u2019UGTT annonce une gr\u00e8ve ouverte dans le secteur du transport\",\"isPartOf\":{\"@id\":\"https:\\\/\\\/www.webdo.tn\\\/fr\\\/#website\"},\"primaryImageOfPage\":{\"@id\":\"https:\\\/\\\/www.webdo.tn\\\/fr\\\/actualite\\\/national\\\/l-ugtt-annonce-une-greve-ouverte-dans-le-secteur-du-transport\\\/201404\\\/#primaryimage\"},\"image\":{\"@id\":\"https:\\\/\\\/www.webdo.tn\\\/fr\\\/actualite\\\/national\\\/l-ugtt-annonce-une-greve-ouverte-dans-le-secteur-du-transport\\\/201404\\\/#primaryimage\"},\"thumbnailUrl\":\"https:\\\/\\\/www.webdo.tn\\\/fr\\\/wp-content\\\/uploads\\\/2023\\\/01\\\/0d0234c2974a7350bbbd3540c3598a87.jpg\",\"datePublished\":\"2023-01-02T12:07:00+00:00\",\"dateModified\":\"2025-05-20T22:06:38+00:00\",\"description\":\"Le secr\u00e9taire g\u00e9n\u00e9ral de la F\u00e9d\u00e9ration g\u00e9n\u00e9rale de Transport aupr\u00e8s de l'UGTT, Wajih Zidi a annonc\u00e9 une gr\u00e8ve ouverte des agents de la Soci\u00e9t\u00e9 des Transports de...\",\"breadcrumb\":{\"@id\":\"https:\\\/\\\/www.webdo.tn\\\/fr\\\/actualite\\\/national\\\/l-ugtt-annonce-une-greve-ouverte-dans-le-secteur-du-transport\\\/201404\\\/#breadcrumb\"},\"inLanguage\":\"fr-FR\",\"potentialAction\":[{\"@type\":\"ReadAction\",\"target\":[\"https:\\\/\\\/www.webdo.tn\\\/fr\\\/actualite\\\/national\\\/l-ugtt-annonce-une-greve-ouverte-dans-le-secteur-du-transport\\\/201404\\\/\"]}]},{\"@type\":\"ImageObject\",\"inLanguage\":\"fr-FR\",\"@id\":\"https:\\\/\\\/www.webdo.tn\\\/fr\\\/actualite\\\/national\\\/l-ugtt-annonce-une-greve-ouverte-dans-le-secteur-du-transport\\\/201404\\\/#primaryimage\",\"url\":\"https:\\\/\\\/www.webdo.tn\\\/fr\\\/wp-content\\\/uploads\\\/2023\\\/01\\\/0d0234c2974a7350bbbd3540c3598a87.jpg\",\"contentUrl\":\"https:\\\/\\\/www.webdo.tn\\\/fr\\\/wp-content\\\/uploads\\\/2023\\\/01\\\/0d0234c2974a7350bbbd3540c3598a87.jpg\",\"width\":750,\"height\":400,\"caption\":\"L\u2019UGTT annonce une gr\u00e8ve ouverte dans le secteur du transport\"},{\"@type\":\"BreadcrumbList\",\"@id\":\"https:\\\/\\\/www.webdo.tn\\\/fr\\\/actualite\\\/national\\\/l-ugtt-annonce-une-greve-ouverte-dans-le-secteur-du-transport\\\/201404\\\/#breadcrumb\",\"itemListElement\":[{\"@type\":\"ListItem\",\"position\":1,\"name\":\"Accueil\",\"item\":\"https:\\\/\\\/www.webdo.tn\\\/fr\\\/\"},{\"@type\":\"ListItem\",\"position\":2,\"name\":\"L\u2019UGTT annonce une gr\u00e8ve ouverte dans le secteur du transport\"}]},{\"@type\":\"WebSite\",\"@id\":\"https:\\\/\\\/www.webdo.tn\\\/fr\\\/#website\",\"url\":\"https:\\\/\\\/www.webdo.tn\\\/fr\\\/\",\"name\":\"webdo\",\"description\":\"Tunisie - News en Tunisie et \u00e0 l&#039;international sur Webdo.tn\",\"publisher\":{\"@id\":\"https:\\\/\\\/www.webdo.tn\\\/fr\\\/#organization\"},\"potentialAction\":[{\"@type\":\"SearchAction\",\"target\":{\"@type\":\"EntryPoint\",\"urlTemplate\":\"https:\\\/\\\/www.webdo.tn\\\/fr\\\/?s={search_term_string}\"},\"query-input\":{\"@type\":\"PropertyValueSpecification\",\"valueRequired\":true,\"valueName\":\"search_term_string\"}}],\"inLanguage\":\"fr-FR\"},{\"@type\":\"Organization\",\"@id\":\"https:\\\/\\\/www.webdo.tn\\\/fr\\\/#organization\",\"name\":\"Webdo\",\"alternateName\":\"Webdo.tn\",\"url\":\"https:\\\/\\\/www.webdo.tn\\\/fr\\\/\",\"logo\":{\"@type\":\"ImageObject\",\"inLanguage\":\"fr-FR\",\"@id\":\"https:\\\/\\\/www.webdo.tn\\\/fr\\\/#\\\/schema\\\/logo\\\/image\\\/\",\"url\":\"https:\\\/\\\/www.webdo.tn\\\/fr\\\/wp-content\\\/uploads\\\/2025\\\/06\\\/Webdo-Tunisie_168377.jpg\",\"contentUrl\":\"https:\\\/\\\/www.webdo.tn\\\/fr\\\/wp-content\\\/uploads\\\/2025\\\/06\\\/Webdo-Tunisie_168377.jpg\",\"width\":301,\"height\":301,\"caption\":\"Webdo\"},\"image\":{\"@id\":\"https:\\\/\\\/www.webdo.tn\\\/fr\\\/#\\\/schema\\\/logo\\\/image\\\/\"},\"sameAs\":[\"https:\\\/\\\/www.facebook.com\\\/webdotn\",\"https:\\\/\\\/x.com\\\/webdo_tn\"],\"description\":\"Webdo est un m\u00e9dia num\u00e9rique tunisien fond\u00e9 en 2010, sp\u00e9cialis\u00e9 dans l\u2019actualit\u00e9 nationale et internationale, l\u2019\u00e9conomie, la soci\u00e9t\u00e9 et les analyses politiques. Le site s\u2019adresse \u00e0 un large public francophone et couvre l\u2019information tunisienne en temps r\u00e9el.\",\"email\":\"redac@webdo.tn\",\"legalName\":\"YNJ SARL\",\"foundingDate\":\"2010-09-06\",\"numberOfEmployees\":{\"@type\":\"QuantitativeValue\",\"minValue\":\"11\",\"maxValue\":\"50\"}},{\"@type\":\"Person\",\"@id\":\"https:\\\/\\\/www.webdo.tn\\\/fr\\\/#\\\/schema\\\/person\\\/2c4929cbf5a809e3bd38617c6ce150f6\",\"name\":\"MC\",\"image\":{\"@type\":\"ImageObject\",\"inLanguage\":\"fr-FR\",\"@id\":\"https:\\\/\\\/secure.gravatar.com\\\/avatar\\\/a545bbb6f84efdd5553dbbc2895e3ca8f1d12c5215e00a041c9670b54aa9b18a?s=96&d=mm&r=g\",\"url\":\"https:\\\/\\\/secure.gravatar.com\\\/avatar\\\/a545bbb6f84efdd5553dbbc2895e3ca8f1d12c5215e00a041c9670b54aa9b18a?s=96&d=mm&r=g\",\"contentUrl\":\"https:\\\/\\\/secure.gravatar.com\\\/avatar\\\/a545bbb6f84efdd5553dbbc2895e3ca8f1d12c5215e00a041c9670b54aa9b18a?s=96&d=mm&r=g\",\"caption\":\"MC\"},\"url\":\"https:\\\/\\\/www.webdo.tn\\\/fr\\\/actualite\\\/author\\\/mc\\\/\"}]}<\/script>\n<!-- \/ Yoast SEO Premium plugin. -->","yoast_head_json":{"title":"L\u2019UGTT annonce une gr\u00e8ve ouverte dans le secteur du transport","description":"Le secr\u00e9taire g\u00e9n\u00e9ral de la F\u00e9d\u00e9ration g\u00e9n\u00e9rale de Transport aupr\u00e8s de l'UGTT, Wajih Zidi a annonc\u00e9 une gr\u00e8ve ouverte des agents de la Soci\u00e9t\u00e9 des Transports de...","canonical":"https:\/\/www.webdo.tn\/fr\/actualite\/national\/l-ugtt-annonce-une-greve-ouverte-dans-le-secteur-du-transport\/201404\/","og_locale":"fr_FR","og_type":"article","og_title":"L\u2019UGTT annonce une gr\u00e8ve ouverte dans le secteur du transport","og_description":"Le secr\u00e9taire g\u00e9n\u00e9ral de la F\u00e9d\u00e9ration g\u00e9n\u00e9rale de Transport aupr\u00e8s de l'UGTT, Wajih Zidi a annonc\u00e9 une gr\u00e8ve ouverte des agents de la Soci\u00e9t\u00e9 des Transports de...","og_url":"https:\/\/www.webdo.tn\/fr\/actualite\/national\/l-ugtt-annonce-une-greve-ouverte-dans-le-secteur-du-transport\/201404\/","og_site_name":"webdo","article_publisher":"https:\/\/www.facebook.com\/webdotn","article_published_time":"2023-01-02T12:07:00+00:00","article_modified_time":"2025-05-20T22:06:38+00:00","og_image":[{"width":750,"height":400,"url":"https:\/\/www.webdo.tn\/fr\/wp-content\/uploads\/2023\/01\/0d0234c2974a7350bbbd3540c3598a87.jpg","type":"image\/jpeg"}],"author":"MC","twitter_card":"summary_large_image","twitter_creator":"@webdo_tn","twitter_site":"@webdo_tn","twitter_misc":{"\u00c9crit par":"MC","Dur\u00e9e de lecture estim\u00e9e":"1 minute"},"schema":{"@context":"https:\/\/schema.org","@graph":[{"@type":"NewsArticle","@id":"https:\/\/www.webdo.tn\/fr\/actualite\/national\/l-ugtt-annonce-une-greve-ouverte-dans-le-secteur-du-transport\/201404\/#article","isPartOf":{"@id":"https:\/\/www.webdo.tn\/fr\/actualite\/national\/l-ugtt-annonce-une-greve-ouverte-dans-le-secteur-du-transport\/201404\/"},"author":{"name":"MC","@id":"https:\/\/www.webdo.tn\/fr\/#\/schema\/person\/2c4929cbf5a809e3bd38617c6ce150f6"},"headline":"L\u2019UGTT annonce une gr\u00e8ve ouverte dans le secteur du transport","datePublished":"2023-01-02T12:07:00+00:00","dateModified":"2025-05-20T22:06:38+00:00","mainEntityOfPage":{"@id":"https:\/\/www.webdo.tn\/fr\/actualite\/national\/l-ugtt-annonce-une-greve-ouverte-dans-le-secteur-du-transport\/201404\/"},"wordCount":259,"commentCount":0,"publisher":{"@id":"https:\/\/www.webdo.tn\/fr\/#organization"},"image":{"@id":"https:\/\/www.webdo.tn\/fr\/actualite\/national\/l-ugtt-annonce-une-greve-ouverte-dans-le-secteur-du-transport\/201404\/#primaryimage"},"thumbnailUrl":"https:\/\/www.webdo.tn\/fr\/wp-content\/uploads\/2023\/01\/0d0234c2974a7350bbbd3540c3598a87.jpg","keywords":["Gr\u00e8ve","Transport","Tunis"],"articleSection":["National"],"inLanguage":"fr-FR"},{"@type":"WebPage","@id":"https:\/\/www.webdo.tn\/fr\/actualite\/national\/l-ugtt-annonce-une-greve-ouverte-dans-le-secteur-du-transport\/201404\/","url":"https:\/\/www.webdo.tn\/fr\/actualite\/national\/l-ugtt-annonce-une-greve-ouverte-dans-le-secteur-du-transport\/201404\/","name":"L\u2019UGTT annonce une gr\u00e8ve ouverte dans le secteur du transport","isPartOf":{"@id":"https:\/\/www.webdo.tn\/fr\/#website"},"primaryImageOfPage":{"@id":"https:\/\/www.webdo.tn\/fr\/actualite\/national\/l-ugtt-annonce-une-greve-ouverte-dans-le-secteur-du-transport\/201404\/#primaryimage"},"image":{"@id":"https:\/\/www.webdo.tn\/fr\/actualite\/national\/l-ugtt-annonce-une-greve-ouverte-dans-le-secteur-du-transport\/201404\/#primaryimage"},"thumbnailUrl":"https:\/\/www.webdo.tn\/fr\/wp-content\/uploads\/2023\/01\/0d0234c2974a7350bbbd3540c3598a87.jpg","datePublished":"2023-01-02T12:07:00+00:00","dateModified":"2025-05-20T22:06:38+00:00","description":"Le secr\u00e9taire g\u00e9n\u00e9ral de la F\u00e9d\u00e9ration g\u00e9n\u00e9rale de Transport aupr\u00e8s de l'UGTT, Wajih Zidi a annonc\u00e9 une gr\u00e8ve ouverte des agents de la Soci\u00e9t\u00e9 des Transports de...","breadcrumb":{"@id":"https:\/\/www.webdo.tn\/fr\/actualite\/national\/l-ugtt-annonce-une-greve-ouverte-dans-le-secteur-du-transport\/201404\/#breadcrumb"},"inLanguage":"fr-FR","potentialAction":[{"@type":"ReadAction","target":["https:\/\/www.webdo.tn\/fr\/actualite\/national\/l-ugtt-annonce-une-greve-ouverte-dans-le-secteur-du-transport\/201404\/"]}]},{"@type":"ImageObject","inLanguage":"fr-FR","@id":"https:\/\/www.webdo.tn\/fr\/actualite\/national\/l-ugtt-annonce-une-greve-ouverte-dans-le-secteur-du-transport\/201404\/#primaryimage","url":"https:\/\/www.webdo.tn\/fr\/wp-content\/uploads\/2023\/01\/0d0234c2974a7350bbbd3540c3598a87.jpg","contentUrl":"https:\/\/www.webdo.tn\/fr\/wp-content\/uploads\/2023\/01\/0d0234c2974a7350bbbd3540c3598a87.jpg","width":750,"height":400,"caption":"L\u2019UGTT annonce une gr\u00e8ve ouverte dans le secteur du transport"},{"@type":"BreadcrumbList","@id":"https:\/\/www.webdo.tn\/fr\/actualite\/national\/l-ugtt-annonce-une-greve-ouverte-dans-le-secteur-du-transport\/201404\/#breadcrumb","itemListElement":[{"@type":"ListItem","position":1,"name":"Accueil","item":"https:\/\/www.webdo.tn\/fr\/"},{"@type":"ListItem","position":2,"name":"L\u2019UGTT annonce une gr\u00e8ve ouverte dans le secteur du transport"}]},{"@type":"WebSite","@id":"https:\/\/www.webdo.tn\/fr\/#website","url":"https:\/\/www.webdo.tn\/fr\/","name":"webdo","description":"Tunisie - News en Tunisie et \u00e0 l&#039;international sur Webdo.tn","publisher":{"@id":"https:\/\/www.webdo.tn\/fr\/#organization"},"potentialAction":[{"@type":"SearchAction","target":{"@type":"EntryPoint","urlTemplate":"https:\/\/www.webdo.tn\/fr\/?s={search_term_string}"},"query-input":{"@type":"PropertyValueSpecification","valueRequired":true,"valueName":"search_term_string"}}],"inLanguage":"fr-FR"},{"@type":"Organization","@id":"https:\/\/www.webdo.tn\/fr\/#organization","name":"Webdo","alternateName":"Webdo.tn","url":"https:\/\/www.webdo.tn\/fr\/","logo":{"@type":"ImageObject","inLanguage":"fr-FR","@id":"https:\/\/www.webdo.tn\/fr\/#\/schema\/logo\/image\/","url":"https:\/\/www.webdo.tn\/fr\/wp-content\/uploads\/2025\/06\/Webdo-Tunisie_168377.jpg","contentUrl":"https:\/\/www.webdo.tn\/fr\/wp-content\/uploads\/2025\/06\/Webdo-Tunisie_168377.jpg","width":301,"height":301,"caption":"Webdo"},"image":{"@id":"https:\/\/www.webdo.tn\/fr\/#\/schema\/logo\/image\/"},"sameAs":["https:\/\/www.facebook.com\/webdotn","https:\/\/x.com\/webdo_tn"],"description":"Webdo est un m\u00e9dia num\u00e9rique tunisien fond\u00e9 en 2010, sp\u00e9cialis\u00e9 dans l\u2019actualit\u00e9 nationale et internationale, l\u2019\u00e9conomie, la soci\u00e9t\u00e9 et les analyses politiques. Le site s\u2019adresse \u00e0 un large public francophone et couvre l\u2019information tunisienne en temps r\u00e9el.","email":"redac@webdo.tn","legalName":"YNJ SARL","foundingDate":"2010-09-06","numberOfEmployees":{"@type":"QuantitativeValue","minValue":"11","maxValue":"50"}},{"@type":"Person","@id":"https:\/\/www.webdo.tn\/fr\/#\/schema\/person\/2c4929cbf5a809e3bd38617c6ce150f6","name":"MC","image":{"@type":"ImageObject","inLanguage":"fr-FR","@id":"https:\/\/secure.gravatar.com\/avatar\/a545bbb6f84efdd5553dbbc2895e3ca8f1d12c5215e00a041c9670b54aa9b18a?s=96&d=mm&r=g","url":"https:\/\/secure.gravatar.com\/avatar\/a545bbb6f84efdd5553dbbc2895e3ca8f1d12c5215e00a041c9670b54aa9b18a?s=96&d=mm&r=g","contentUrl":"https:\/\/secure.gravatar.com\/avatar\/a545bbb6f84efdd5553dbbc2895e3ca8f1d12c5215e00a041c9670b54aa9b18a?s=96&d=mm&r=g","caption":"MC"},"url":"https:\/\/www.webdo.tn\/fr\/actualite\/author\/mc\/"}]}},"_links":{"self":[{"href":"https:\/\/www.webdo.tn\/fr\/wp-json\/wp\/v2\/posts\/201404","targetHints":{"allow":["GET"]}}],"collection":[{"href":"https:\/\/www.webdo.tn\/fr\/wp-json\/wp\/v2\/posts"}],"about":[{"href":"https:\/\/www.webdo.tn\/fr\/wp-json\/wp\/v2\/types\/post"}],"author":[{"embeddable":true,"href":"https:\/\/www.webdo.tn\/fr\/wp-json\/wp\/v2\/users\/3162"}],"replies":[{"embeddable":true,"href":"https:\/\/www.webdo.tn\/fr\/wp-json\/wp\/v2\/comments?post=201404"}],"version-history":[{"count":0,"href":"https:\/\/www.webdo.tn\/fr\/wp-json\/wp\/v2\/posts\/201404\/revisions"}],"wp:featuredmedia":[{"embeddable":true,"href":"https:\/\/www.webdo.tn\/fr\/wp-json\/wp\/v2\/media\/277490"}],"wp:attachment":[{"href":"https:\/\/www.webdo.tn\/fr\/wp-json\/wp\/v2\/media?parent=201404"}],"wp:term":[{"taxonomy":"category","embeddable":true,"href":"https:\/\/www.webdo.tn\/fr\/wp-json\/wp\/v2\/categories?post=201404"},{"taxonomy":"post_tag","embeddable":true,"href":"https:\/\/www.webdo.tn\/fr\/wp-json\/wp\/v2\/tags?post=201404"}],"curies":[{"name":"wp","href":"https:\/\/api.w.org\/{rel}","templated":true}]}}