{"id":201403,"date":"2023-01-02T11:36:00","date_gmt":"2023-01-02T11:36:00","guid":{"rendered":"https:\/\/www.webdo.tn\/fr\/blog\/zarzouna-une-etudiante-succombe-a-une-fuite-de-gaz\/201403\/"},"modified":"2025-05-20T22:59:04","modified_gmt":"2025-05-20T22:59:04","slug":"zarzouna-une-etudiante-succombe-a-une-fuite-de-gaz","status":"publish","type":"post","link":"https:\/\/www.webdo.tn\/fr\/actualite\/divers\/zarzouna-une-etudiante-succombe-a-une-fuite-de-gaz\/201403\/","title":{"rendered":"Zarzouna : une \u00e9tudiante succombe \u00e0 une fuite de gaz !"},"content":{"rendered":"<p>Une \u00e9tudiante de 33 ans a \u00e9t\u00e9 retrouv\u00e9e morte, aujourd\u2019hui, dans la salle de bain d\u2019un foyer priv\u00e9 o\u00f9 elle \u00e9tait \u00e9tablie. Elle aurait succomb\u00e9, d\u2019apr\u00e8s les premiers \u00e9l\u00e9ments de l\u2019enqu\u00eate, \u00e0 une fuite de gaz.<\/p>\n<p>\t\t\t\t\t\t\t\t\tDes agents de la protection civile se sont rendus sur les lieux et observ\u00e9 la mort de la jeune fille. Le corps de la victime a \u00e9t\u00e9 remis, par la suite, \u00e0 la police, d\u2019apr\u00e8s le porte-parole de la protection civile.<\/p>\n<p>Ce n\u2019est pas la premi\u00e8re fois qu\u2019un tel incident se produit \u00e0 Bizerte. Le 25 d\u00e9cembre 2021, une femme de 34 ans et son enfant de 5 ans, sont d\u00e9c\u00e9d\u00e9s asphyxi\u00e9s au gaz, chez eux \u00e0 la Cit\u00e9 Haddad, dans la d\u00e9l\u00e9gation de Ghezala, gouvernorat de Bizerte.<\/p>\n<p>En novembre 2013, un \u00e9tudiant ivoirien est mort dans les m\u00eames circonstances dans une maison \u00e0 Zarzouna qu\u2019il occupait avec ses compatriotes.<\/p>\n<p>La multiplication de ces incidents vient au moment o\u00f9 des appels incessants appellent \u00e0 l\u2019acc\u00e9l\u00e9ration des travaux de raccordement de Bizerte au gaz naturel.<\/p>\n<p>Le taux d\u2019avancement de la seconde tranche du projet a atteint 60%, en f\u00e9vrier 2022, et concerne le raccordement entre les localit\u00e9s de \u201cMabtouh\u201d et \u201cKarouba\u201d. La seconde tranche du projet s\u2019\u00e9tale sur 40 kilom\u00e8tres et relie les d\u00e9l\u00e9gations de Mateur, Menzel Bourguiba, Bizerte-nord et Bizerte-sud.<\/p>\n<p>A noter que le co\u00fbt total du projet de raccordement du gouvernorat de Bizerte au r\u00e9seau du gaz naturel est estim\u00e9 \u00e0 108 millions de dinars.<\/p>\n","protected":false},"excerpt":{"rendered":"<p>Une \u00e9tudiante de 33 ans a \u00e9t\u00e9 retrouv\u00e9e morte, aujourd\u2019hui, dans la salle de bain d\u2019un foyer priv\u00e9 o\u00f9 elle \u00e9tait \u00e9tablie. Elle aurait succomb\u00e9, d\u2019apr\u00e8s les prem&#8230;<\/p>\n","protected":false},"author":3188,"featured_media":277488,"comment_status":"open","ping_status":"closed","sticky":false,"template":"","format":"standard","meta":{"footnotes":""},"categories":[2839],"tags":[9238,9237],"class_list":["post-201403","post","type-post","status-publish","format-standard","has-post-thumbnail","hentry","category-divers","tag-fuite-de-gaz","tag-zarzouna"],"yoast_head":"<!-- This site is optimized with the Yoast SEO Premium plugin v27.5 (Yoast SEO v27.5) - https:\/\/yoast.com\/product\/yoast-seo-premium-wordpress\/ -->\n<title>Zarzouna : une \u00e9tudiante succombe \u00e0 une fuite de gaz !<\/title>\n<meta name=\"description\" content=\"Une \u00e9tudiante de 33 ans a \u00e9t\u00e9 retrouv\u00e9e morte, aujourd\u2019hui, dans la salle de bain d\u2019un foyer priv\u00e9 o\u00f9 elle \u00e9tait \u00e9tablie. Elle aurait succomb\u00e9, d\u2019apr\u00e8s les prem...\" \/>\n<link rel=\"canonical\" href=\"https:\/\/www.webdo.tn\/fr\/actualite\/divers\/zarzouna-une-etudiante-succombe-a-une-fuite-de-gaz\/201403\/\" \/>\n<meta property=\"og:locale\" content=\"fr_FR\" \/>\n<meta property=\"og:type\" content=\"article\" \/>\n<meta property=\"og:title\" content=\"Zarzouna : une \u00e9tudiante succombe \u00e0 une fuite de gaz !\" \/>\n<meta property=\"og:description\" content=\"Une \u00e9tudiante de 33 ans a \u00e9t\u00e9 retrouv\u00e9e morte, aujourd\u2019hui, dans la salle de bain d\u2019un foyer priv\u00e9 o\u00f9 elle \u00e9tait \u00e9tablie. Elle aurait succomb\u00e9, d\u2019apr\u00e8s les prem...\" \/>\n<meta property=\"og:url\" content=\"https:\/\/www.webdo.tn\/fr\/actualite\/divers\/zarzouna-une-etudiante-succombe-a-une-fuite-de-gaz\/201403\/\" \/>\n<meta property=\"og:site_name\" content=\"webdo\" \/>\n<meta property=\"article:publisher\" content=\"https:\/\/www.facebook.com\/webdotn\" \/>\n<meta property=\"article:published_time\" content=\"2023-01-02T11:36:00+00:00\" \/>\n<meta property=\"article:modified_time\" content=\"2025-05-20T22:59:04+00:00\" \/>\n<meta property=\"og:image\" content=\"https:\/\/www.webdo.tn\/fr\/wp-content\/uploads\/2023\/01\/3215cd5b242334d0bec55223ba04cea7.jpg\" \/>\n\t<meta property=\"og:image:width\" content=\"626\" \/>\n\t<meta property=\"og:image:height\" content=\"334\" \/>\n\t<meta property=\"og:image:type\" content=\"image\/jpeg\" \/>\n<meta name=\"author\" content=\"Ramzi\" \/>\n<meta name=\"twitter:card\" content=\"summary_large_image\" \/>\n<meta name=\"twitter:creator\" content=\"@webdo_tn\" \/>\n<meta name=\"twitter:site\" content=\"@webdo_tn\" \/>\n<meta name=\"twitter:label1\" content=\"\u00c9crit par\" \/>\n\t<meta name=\"twitter:data1\" content=\"Ramzi\" \/>\n\t<meta name=\"twitter:label2\" content=\"Dur\u00e9e de lecture estim\u00e9e\" \/>\n\t<meta name=\"twitter:data2\" content=\"1 minute\" \/>\n<script type=\"application\/ld+json\" class=\"yoast-schema-graph\">{\"@context\":\"https:\\\/\\\/schema.org\",\"@graph\":[{\"@type\":\"NewsArticle\",\"@id\":\"https:\\\/\\\/www.webdo.tn\\\/fr\\\/actualite\\\/divers\\\/zarzouna-une-etudiante-succombe-a-une-fuite-de-gaz\\\/201403\\\/#article\",\"isPartOf\":{\"@id\":\"https:\\\/\\\/www.webdo.tn\\\/fr\\\/actualite\\\/divers\\\/zarzouna-une-etudiante-succombe-a-une-fuite-de-gaz\\\/201403\\\/\"},\"author\":{\"name\":\"Ramzi\",\"@id\":\"https:\\\/\\\/www.webdo.tn\\\/fr\\\/#\\\/schema\\\/person\\\/590cb5f81adcfde6385530fdbdf468e2\"},\"headline\":\"Zarzouna : une \u00e9tudiante succombe \u00e0 une fuite de gaz !\",\"datePublished\":\"2023-01-02T11:36:00+00:00\",\"dateModified\":\"2025-05-20T22:59:04+00:00\",\"mainEntityOfPage\":{\"@id\":\"https:\\\/\\\/www.webdo.tn\\\/fr\\\/actualite\\\/divers\\\/zarzouna-une-etudiante-succombe-a-une-fuite-de-gaz\\\/201403\\\/\"},\"wordCount\":267,\"commentCount\":0,\"publisher\":{\"@id\":\"https:\\\/\\\/www.webdo.tn\\\/fr\\\/#organization\"},\"image\":{\"@id\":\"https:\\\/\\\/www.webdo.tn\\\/fr\\\/actualite\\\/divers\\\/zarzouna-une-etudiante-succombe-a-une-fuite-de-gaz\\\/201403\\\/#primaryimage\"},\"thumbnailUrl\":\"https:\\\/\\\/www.webdo.tn\\\/fr\\\/wp-content\\\/uploads\\\/2023\\\/01\\\/3215cd5b242334d0bec55223ba04cea7.jpg\",\"keywords\":[\"fuite de gaz\",\"zarzouna\"],\"articleSection\":[\"Divers\"],\"inLanguage\":\"fr-FR\"},{\"@type\":\"WebPage\",\"@id\":\"https:\\\/\\\/www.webdo.tn\\\/fr\\\/actualite\\\/divers\\\/zarzouna-une-etudiante-succombe-a-une-fuite-de-gaz\\\/201403\\\/\",\"url\":\"https:\\\/\\\/www.webdo.tn\\\/fr\\\/actualite\\\/divers\\\/zarzouna-une-etudiante-succombe-a-une-fuite-de-gaz\\\/201403\\\/\",\"name\":\"Zarzouna : une \u00e9tudiante succombe \u00e0 une fuite de gaz !\",\"isPartOf\":{\"@id\":\"https:\\\/\\\/www.webdo.tn\\\/fr\\\/#website\"},\"primaryImageOfPage\":{\"@id\":\"https:\\\/\\\/www.webdo.tn\\\/fr\\\/actualite\\\/divers\\\/zarzouna-une-etudiante-succombe-a-une-fuite-de-gaz\\\/201403\\\/#primaryimage\"},\"image\":{\"@id\":\"https:\\\/\\\/www.webdo.tn\\\/fr\\\/actualite\\\/divers\\\/zarzouna-une-etudiante-succombe-a-une-fuite-de-gaz\\\/201403\\\/#primaryimage\"},\"thumbnailUrl\":\"https:\\\/\\\/www.webdo.tn\\\/fr\\\/wp-content\\\/uploads\\\/2023\\\/01\\\/3215cd5b242334d0bec55223ba04cea7.jpg\",\"datePublished\":\"2023-01-02T11:36:00+00:00\",\"dateModified\":\"2025-05-20T22:59:04+00:00\",\"description\":\"Une \u00e9tudiante de 33 ans a \u00e9t\u00e9 retrouv\u00e9e morte, aujourd\u2019hui, dans la salle de bain d\u2019un foyer priv\u00e9 o\u00f9 elle \u00e9tait \u00e9tablie. Elle aurait succomb\u00e9, d\u2019apr\u00e8s les prem...\",\"breadcrumb\":{\"@id\":\"https:\\\/\\\/www.webdo.tn\\\/fr\\\/actualite\\\/divers\\\/zarzouna-une-etudiante-succombe-a-une-fuite-de-gaz\\\/201403\\\/#breadcrumb\"},\"inLanguage\":\"fr-FR\",\"potentialAction\":[{\"@type\":\"ReadAction\",\"target\":[\"https:\\\/\\\/www.webdo.tn\\\/fr\\\/actualite\\\/divers\\\/zarzouna-une-etudiante-succombe-a-une-fuite-de-gaz\\\/201403\\\/\"]}]},{\"@type\":\"ImageObject\",\"inLanguage\":\"fr-FR\",\"@id\":\"https:\\\/\\\/www.webdo.tn\\\/fr\\\/actualite\\\/divers\\\/zarzouna-une-etudiante-succombe-a-une-fuite-de-gaz\\\/201403\\\/#primaryimage\",\"url\":\"https:\\\/\\\/www.webdo.tn\\\/fr\\\/wp-content\\\/uploads\\\/2023\\\/01\\\/3215cd5b242334d0bec55223ba04cea7.jpg\",\"contentUrl\":\"https:\\\/\\\/www.webdo.tn\\\/fr\\\/wp-content\\\/uploads\\\/2023\\\/01\\\/3215cd5b242334d0bec55223ba04cea7.jpg\",\"width\":626,\"height\":334,\"caption\":\"Zarzouna : une \u00e9tudiante succombe \u00e0 une fuite de gaz !\"},{\"@type\":\"BreadcrumbList\",\"@id\":\"https:\\\/\\\/www.webdo.tn\\\/fr\\\/actualite\\\/divers\\\/zarzouna-une-etudiante-succombe-a-une-fuite-de-gaz\\\/201403\\\/#breadcrumb\",\"itemListElement\":[{\"@type\":\"ListItem\",\"position\":1,\"name\":\"Accueil\",\"item\":\"https:\\\/\\\/www.webdo.tn\\\/fr\\\/\"},{\"@type\":\"ListItem\",\"position\":2,\"name\":\"Zarzouna : une \u00e9tudiante succombe \u00e0 une fuite de gaz !\"}]},{\"@type\":\"WebSite\",\"@id\":\"https:\\\/\\\/www.webdo.tn\\\/fr\\\/#website\",\"url\":\"https:\\\/\\\/www.webdo.tn\\\/fr\\\/\",\"name\":\"webdo\",\"description\":\"Tunisie - News en Tunisie et \u00e0 l&#039;international sur Webdo.tn\",\"publisher\":{\"@id\":\"https:\\\/\\\/www.webdo.tn\\\/fr\\\/#organization\"},\"potentialAction\":[{\"@type\":\"SearchAction\",\"target\":{\"@type\":\"EntryPoint\",\"urlTemplate\":\"https:\\\/\\\/www.webdo.tn\\\/fr\\\/?s={search_term_string}\"},\"query-input\":{\"@type\":\"PropertyValueSpecification\",\"valueRequired\":true,\"valueName\":\"search_term_string\"}}],\"inLanguage\":\"fr-FR\"},{\"@type\":\"Organization\",\"@id\":\"https:\\\/\\\/www.webdo.tn\\\/fr\\\/#organization\",\"name\":\"Webdo\",\"alternateName\":\"Webdo.tn\",\"url\":\"https:\\\/\\\/www.webdo.tn\\\/fr\\\/\",\"logo\":{\"@type\":\"ImageObject\",\"inLanguage\":\"fr-FR\",\"@id\":\"https:\\\/\\\/www.webdo.tn\\\/fr\\\/#\\\/schema\\\/logo\\\/image\\\/\",\"url\":\"https:\\\/\\\/www.webdo.tn\\\/fr\\\/wp-content\\\/uploads\\\/2025\\\/06\\\/Webdo-Tunisie_168377.jpg\",\"contentUrl\":\"https:\\\/\\\/www.webdo.tn\\\/fr\\\/wp-content\\\/uploads\\\/2025\\\/06\\\/Webdo-Tunisie_168377.jpg\",\"width\":301,\"height\":301,\"caption\":\"Webdo\"},\"image\":{\"@id\":\"https:\\\/\\\/www.webdo.tn\\\/fr\\\/#\\\/schema\\\/logo\\\/image\\\/\"},\"sameAs\":[\"https:\\\/\\\/www.facebook.com\\\/webdotn\",\"https:\\\/\\\/x.com\\\/webdo_tn\"],\"description\":\"Webdo est un m\u00e9dia num\u00e9rique tunisien fond\u00e9 en 2010, sp\u00e9cialis\u00e9 dans l\u2019actualit\u00e9 nationale et internationale, l\u2019\u00e9conomie, la soci\u00e9t\u00e9 et les analyses politiques. Le site s\u2019adresse \u00e0 un large public francophone et couvre l\u2019information tunisienne en temps r\u00e9el.\",\"email\":\"redac@webdo.tn\",\"legalName\":\"YNJ SARL\",\"foundingDate\":\"2010-09-06\",\"numberOfEmployees\":{\"@type\":\"QuantitativeValue\",\"minValue\":\"11\",\"maxValue\":\"50\"}},{\"@type\":\"Person\",\"@id\":\"https:\\\/\\\/www.webdo.tn\\\/fr\\\/#\\\/schema\\\/person\\\/590cb5f81adcfde6385530fdbdf468e2\",\"name\":\"Ramzi\",\"image\":{\"@type\":\"ImageObject\",\"inLanguage\":\"fr-FR\",\"@id\":\"https:\\\/\\\/secure.gravatar.com\\\/avatar\\\/48df7d18915e10cf866ba8e27604c81ff9243fd52704a1d210c3e387e1cb8d87?s=96&d=mm&r=g\",\"url\":\"https:\\\/\\\/secure.gravatar.com\\\/avatar\\\/48df7d18915e10cf866ba8e27604c81ff9243fd52704a1d210c3e387e1cb8d87?s=96&d=mm&r=g\",\"contentUrl\":\"https:\\\/\\\/secure.gravatar.com\\\/avatar\\\/48df7d18915e10cf866ba8e27604c81ff9243fd52704a1d210c3e387e1cb8d87?s=96&d=mm&r=g\",\"caption\":\"Ramzi\"},\"url\":\"https:\\\/\\\/www.webdo.tn\\\/fr\\\/actualite\\\/author\\\/ramzi\\\/\"}]}<\/script>\n<!-- \/ Yoast SEO Premium plugin. -->","yoast_head_json":{"title":"Zarzouna : une \u00e9tudiante succombe \u00e0 une fuite de gaz !","description":"Une \u00e9tudiante de 33 ans a \u00e9t\u00e9 retrouv\u00e9e morte, aujourd\u2019hui, dans la salle de bain d\u2019un foyer priv\u00e9 o\u00f9 elle \u00e9tait \u00e9tablie. Elle aurait succomb\u00e9, d\u2019apr\u00e8s les prem...","canonical":"https:\/\/www.webdo.tn\/fr\/actualite\/divers\/zarzouna-une-etudiante-succombe-a-une-fuite-de-gaz\/201403\/","og_locale":"fr_FR","og_type":"article","og_title":"Zarzouna : une \u00e9tudiante succombe \u00e0 une fuite de gaz !","og_description":"Une \u00e9tudiante de 33 ans a \u00e9t\u00e9 retrouv\u00e9e morte, aujourd\u2019hui, dans la salle de bain d\u2019un foyer priv\u00e9 o\u00f9 elle \u00e9tait \u00e9tablie. Elle aurait succomb\u00e9, d\u2019apr\u00e8s les prem...","og_url":"https:\/\/www.webdo.tn\/fr\/actualite\/divers\/zarzouna-une-etudiante-succombe-a-une-fuite-de-gaz\/201403\/","og_site_name":"webdo","article_publisher":"https:\/\/www.facebook.com\/webdotn","article_published_time":"2023-01-02T11:36:00+00:00","article_modified_time":"2025-05-20T22:59:04+00:00","og_image":[{"width":626,"height":334,"url":"https:\/\/www.webdo.tn\/fr\/wp-content\/uploads\/2023\/01\/3215cd5b242334d0bec55223ba04cea7.jpg","type":"image\/jpeg"}],"author":"Ramzi","twitter_card":"summary_large_image","twitter_creator":"@webdo_tn","twitter_site":"@webdo_tn","twitter_misc":{"\u00c9crit par":"Ramzi","Dur\u00e9e de lecture estim\u00e9e":"1 minute"},"schema":{"@context":"https:\/\/schema.org","@graph":[{"@type":"NewsArticle","@id":"https:\/\/www.webdo.tn\/fr\/actualite\/divers\/zarzouna-une-etudiante-succombe-a-une-fuite-de-gaz\/201403\/#article","isPartOf":{"@id":"https:\/\/www.webdo.tn\/fr\/actualite\/divers\/zarzouna-une-etudiante-succombe-a-une-fuite-de-gaz\/201403\/"},"author":{"name":"Ramzi","@id":"https:\/\/www.webdo.tn\/fr\/#\/schema\/person\/590cb5f81adcfde6385530fdbdf468e2"},"headline":"Zarzouna : une \u00e9tudiante succombe \u00e0 une fuite de gaz !","datePublished":"2023-01-02T11:36:00+00:00","dateModified":"2025-05-20T22:59:04+00:00","mainEntityOfPage":{"@id":"https:\/\/www.webdo.tn\/fr\/actualite\/divers\/zarzouna-une-etudiante-succombe-a-une-fuite-de-gaz\/201403\/"},"wordCount":267,"commentCount":0,"publisher":{"@id":"https:\/\/www.webdo.tn\/fr\/#organization"},"image":{"@id":"https:\/\/www.webdo.tn\/fr\/actualite\/divers\/zarzouna-une-etudiante-succombe-a-une-fuite-de-gaz\/201403\/#primaryimage"},"thumbnailUrl":"https:\/\/www.webdo.tn\/fr\/wp-content\/uploads\/2023\/01\/3215cd5b242334d0bec55223ba04cea7.jpg","keywords":["fuite de gaz","zarzouna"],"articleSection":["Divers"],"inLanguage":"fr-FR"},{"@type":"WebPage","@id":"https:\/\/www.webdo.tn\/fr\/actualite\/divers\/zarzouna-une-etudiante-succombe-a-une-fuite-de-gaz\/201403\/","url":"https:\/\/www.webdo.tn\/fr\/actualite\/divers\/zarzouna-une-etudiante-succombe-a-une-fuite-de-gaz\/201403\/","name":"Zarzouna : une \u00e9tudiante succombe \u00e0 une fuite de gaz !","isPartOf":{"@id":"https:\/\/www.webdo.tn\/fr\/#website"},"primaryImageOfPage":{"@id":"https:\/\/www.webdo.tn\/fr\/actualite\/divers\/zarzouna-une-etudiante-succombe-a-une-fuite-de-gaz\/201403\/#primaryimage"},"image":{"@id":"https:\/\/www.webdo.tn\/fr\/actualite\/divers\/zarzouna-une-etudiante-succombe-a-une-fuite-de-gaz\/201403\/#primaryimage"},"thumbnailUrl":"https:\/\/www.webdo.tn\/fr\/wp-content\/uploads\/2023\/01\/3215cd5b242334d0bec55223ba04cea7.jpg","datePublished":"2023-01-02T11:36:00+00:00","dateModified":"2025-05-20T22:59:04+00:00","description":"Une \u00e9tudiante de 33 ans a \u00e9t\u00e9 retrouv\u00e9e morte, aujourd\u2019hui, dans la salle de bain d\u2019un foyer priv\u00e9 o\u00f9 elle \u00e9tait \u00e9tablie. Elle aurait succomb\u00e9, d\u2019apr\u00e8s les prem...","breadcrumb":{"@id":"https:\/\/www.webdo.tn\/fr\/actualite\/divers\/zarzouna-une-etudiante-succombe-a-une-fuite-de-gaz\/201403\/#breadcrumb"},"inLanguage":"fr-FR","potentialAction":[{"@type":"ReadAction","target":["https:\/\/www.webdo.tn\/fr\/actualite\/divers\/zarzouna-une-etudiante-succombe-a-une-fuite-de-gaz\/201403\/"]}]},{"@type":"ImageObject","inLanguage":"fr-FR","@id":"https:\/\/www.webdo.tn\/fr\/actualite\/divers\/zarzouna-une-etudiante-succombe-a-une-fuite-de-gaz\/201403\/#primaryimage","url":"https:\/\/www.webdo.tn\/fr\/wp-content\/uploads\/2023\/01\/3215cd5b242334d0bec55223ba04cea7.jpg","contentUrl":"https:\/\/www.webdo.tn\/fr\/wp-content\/uploads\/2023\/01\/3215cd5b242334d0bec55223ba04cea7.jpg","width":626,"height":334,"caption":"Zarzouna : une \u00e9tudiante succombe \u00e0 une fuite de gaz !"},{"@type":"BreadcrumbList","@id":"https:\/\/www.webdo.tn\/fr\/actualite\/divers\/zarzouna-une-etudiante-succombe-a-une-fuite-de-gaz\/201403\/#breadcrumb","itemListElement":[{"@type":"ListItem","position":1,"name":"Accueil","item":"https:\/\/www.webdo.tn\/fr\/"},{"@type":"ListItem","position":2,"name":"Zarzouna : une \u00e9tudiante succombe \u00e0 une fuite de gaz !"}]},{"@type":"WebSite","@id":"https:\/\/www.webdo.tn\/fr\/#website","url":"https:\/\/www.webdo.tn\/fr\/","name":"webdo","description":"Tunisie - News en Tunisie et \u00e0 l&#039;international sur Webdo.tn","publisher":{"@id":"https:\/\/www.webdo.tn\/fr\/#organization"},"potentialAction":[{"@type":"SearchAction","target":{"@type":"EntryPoint","urlTemplate":"https:\/\/www.webdo.tn\/fr\/?s={search_term_string}"},"query-input":{"@type":"PropertyValueSpecification","valueRequired":true,"valueName":"search_term_string"}}],"inLanguage":"fr-FR"},{"@type":"Organization","@id":"https:\/\/www.webdo.tn\/fr\/#organization","name":"Webdo","alternateName":"Webdo.tn","url":"https:\/\/www.webdo.tn\/fr\/","logo":{"@type":"ImageObject","inLanguage":"fr-FR","@id":"https:\/\/www.webdo.tn\/fr\/#\/schema\/logo\/image\/","url":"https:\/\/www.webdo.tn\/fr\/wp-content\/uploads\/2025\/06\/Webdo-Tunisie_168377.jpg","contentUrl":"https:\/\/www.webdo.tn\/fr\/wp-content\/uploads\/2025\/06\/Webdo-Tunisie_168377.jpg","width":301,"height":301,"caption":"Webdo"},"image":{"@id":"https:\/\/www.webdo.tn\/fr\/#\/schema\/logo\/image\/"},"sameAs":["https:\/\/www.facebook.com\/webdotn","https:\/\/x.com\/webdo_tn"],"description":"Webdo est un m\u00e9dia num\u00e9rique tunisien fond\u00e9 en 2010, sp\u00e9cialis\u00e9 dans l\u2019actualit\u00e9 nationale et internationale, l\u2019\u00e9conomie, la soci\u00e9t\u00e9 et les analyses politiques. Le site s\u2019adresse \u00e0 un large public francophone et couvre l\u2019information tunisienne en temps r\u00e9el.","email":"redac@webdo.tn","legalName":"YNJ SARL","foundingDate":"2010-09-06","numberOfEmployees":{"@type":"QuantitativeValue","minValue":"11","maxValue":"50"}},{"@type":"Person","@id":"https:\/\/www.webdo.tn\/fr\/#\/schema\/person\/590cb5f81adcfde6385530fdbdf468e2","name":"Ramzi","image":{"@type":"ImageObject","inLanguage":"fr-FR","@id":"https:\/\/secure.gravatar.com\/avatar\/48df7d18915e10cf866ba8e27604c81ff9243fd52704a1d210c3e387e1cb8d87?s=96&d=mm&r=g","url":"https:\/\/secure.gravatar.com\/avatar\/48df7d18915e10cf866ba8e27604c81ff9243fd52704a1d210c3e387e1cb8d87?s=96&d=mm&r=g","contentUrl":"https:\/\/secure.gravatar.com\/avatar\/48df7d18915e10cf866ba8e27604c81ff9243fd52704a1d210c3e387e1cb8d87?s=96&d=mm&r=g","caption":"Ramzi"},"url":"https:\/\/www.webdo.tn\/fr\/actualite\/author\/ramzi\/"}]}},"_links":{"self":[{"href":"https:\/\/www.webdo.tn\/fr\/wp-json\/wp\/v2\/posts\/201403","targetHints":{"allow":["GET"]}}],"collection":[{"href":"https:\/\/www.webdo.tn\/fr\/wp-json\/wp\/v2\/posts"}],"about":[{"href":"https:\/\/www.webdo.tn\/fr\/wp-json\/wp\/v2\/types\/post"}],"author":[{"embeddable":true,"href":"https:\/\/www.webdo.tn\/fr\/wp-json\/wp\/v2\/users\/3188"}],"replies":[{"embeddable":true,"href":"https:\/\/www.webdo.tn\/fr\/wp-json\/wp\/v2\/comments?post=201403"}],"version-history":[{"count":0,"href":"https:\/\/www.webdo.tn\/fr\/wp-json\/wp\/v2\/posts\/201403\/revisions"}],"wp:featuredmedia":[{"embeddable":true,"href":"https:\/\/www.webdo.tn\/fr\/wp-json\/wp\/v2\/media\/277488"}],"wp:attachment":[{"href":"https:\/\/www.webdo.tn\/fr\/wp-json\/wp\/v2\/media?parent=201403"}],"wp:term":[{"taxonomy":"category","embeddable":true,"href":"https:\/\/www.webdo.tn\/fr\/wp-json\/wp\/v2\/categories?post=201403"},{"taxonomy":"post_tag","embeddable":true,"href":"https:\/\/www.webdo.tn\/fr\/wp-json\/wp\/v2\/tags?post=201403"}],"curies":[{"name":"wp","href":"https:\/\/api.w.org\/{rel}","templated":true}]}}